{"id":6274,"date":"2014-03-27T19:03:20","date_gmt":"2014-03-27T18:03:20","guid":{"rendered":"http:\/\/lyonbondyblog.fr\/LBB\/?p=6274"},"modified":"2014-03-27T20:31:07","modified_gmt":"2014-03-27T19:31:07","slug":"municipales-2014-bron-gauche-eclatee","status":"publish","type":"post","link":"https:\/\/lyonbondyblog.fr\/LBB\/municipales-2014-bron-gauche-eclatee\/","title":{"rendered":"Municipales 2014 : A Bron, la gauche \u00e9clat\u00e9e"},"content":{"rendered":"<p><strong>Le LBB revient sur le premier tour des municipales\u00a0: Alliances, d\u00e9clarations, chances de chacun, tour d\u2019horizon des tenants et aboutissants du scrutin \u00e0 l\u2019approche du deuxi\u00e8me tour des municipales.<\/strong><\/p>\n<p><i>Quadrangulaire pour le 2e tour \u00e0 Bron o\u00f9 la maire sortante Annie Guillemot (PS) est en t\u00eate sans toutefois \u00eatre en situation de force. La faute notamment \u00e0 la candidature dissidente \u00e0 gauche (DVG) de Elisabeth Brissy-Queyranne (femme et fille de) et ses 23,57 %. Yann Compan (UMP) est deuxi\u00e8me (24,93 %) et a une carte \u00e0 jouer du fait de l\u2019\u00e9clatement de la gauche brondillante. Ludovic Ifri (FN) est \u00e0 15,98%. Le parti frontiste perd environ 200 voies par rapport aux l\u00e9gislatives 2012 et ne profite pas de la vague nationale. Il doit se cantonner \u00e0 un r\u00f4le de spectateur. <\/i><\/p>\n<figure id=\"attachment_6281\" aria-describedby=\"caption-attachment-6281\" style=\"width: 600px\" class=\"wp-caption aligncenter\"><a href=\"https:\/\/lyonbondyblog.fr\/LBB\/wp-content\/uploads\/2014\/03\/Bron.jpg\"><img loading=\"lazy\" decoding=\"async\" class=\"size-full wp-image-6281\" alt=\"Bron\" src=\"https:\/\/lyonbondyblog.fr\/LBB\/wp-content\/uploads\/2014\/03\/Bron.jpg\" width=\"600\" height=\"400\" srcset=\"https:\/\/lyonbondyblog.fr\/LBB\/wp-content\/uploads\/2014\/03\/Bron.jpg 600w, https:\/\/lyonbondyblog.fr\/LBB\/wp-content\/uploads\/2014\/03\/Bron-300x200.jpg 300w\" sizes=\"auto, (max-width: 600px) 100vw, 600px\" \/><\/a><figcaption id=\"caption-attachment-6281\" class=\"wp-caption-text\">\u00a9 Quentin Laignel<\/figcaption><\/figure>\n<p style=\"text-align: center;\"><i>\u00a0<\/i><strong><\/strong><\/p>\n<p>Maire sortante, Annie Guillemot est diminu\u00e9e par la candidature dissidente de Mme Brissy-Queyranne et subie les attaques r\u00e9p\u00e9t\u00e9es de tous les candidats. C\u2019est un peu tous contre Guillemot. Cette derni\u00e8re se dit malgr\u00e9 tout sereine: <em>\u00ab\u00a0On a su rassembler \u00e0 gauche, avec EELV et le Parti Communiste. \u00bb<\/em><\/p>\n<p>Il y a bien eu un appel entre les deux opposantes entre les deux tours: <em>\u00ab J\u2019ai appel\u00e9 Mme Brissy Queyrane pour lui demander de se retirer. Chose qu\u2019elle n\u2019a pas accept\u00e9e. \u00bb<\/em> Ce sera donc chacun pour soi au second tour. Elle d\u00e9fend par ailleurs le bilan des socialistes: <em>\u00ab Les maires socialistes ont un tr\u00e8s bon bilan au niveau national. Les maires de gauche sont l\u00e0 pour prot\u00e9ger les habitants de la crise. \u00bb<\/em> Elle conclue par une derni\u00e8re pique contre sa rivale: <em>\u00ab Mme Brissy-Queyranne montre son vrai visage en demandant un rassemblement du Front de Gauche au FN. Elle joue avec le feu. \u00bb<\/em> Ambiance.<\/p>\n<p>Membre de l\u2019\u00e9quipe sortante, <a href=\"http:\/\/www.lyoncapitale.fr\/Journal\/Lyon\/Politique\/Politique\/Exclue-du-PS-Elisabeth-Brissy-Queyranne-persiste-et-signe\">Elisabeth Brissy-Queyranne avait \u00e9t\u00e9 exclue du PS en 2012 pour avoir vot\u00e9 contre le budget<\/a>. Arriv\u00e9e troisi\u00e8me, elle tente de ratisser large, <a href=\"http:\/\/www.liberation.fr\/politiques\/2014\/03\/26\/a-bron-l-epouse-du-president-ps-de-rhone-alpes-veut-rassembler-jusqu-au-fn-mun69500_990450\">du Front de gauche jusqu\u2019au FN<\/a>, pour pouvoir ravir la mairie. Elle met en exergue le danger de la mise \u00e0 l\u2019\u00e9cart de la ville de Bron, et l\u2019absence de proximit\u00e9 avec les habitants quant au projet de la m\u00e9tropole. On a beaucoup parl\u00e9 d\u2019alliances possibles entre les deux tours. Ce ne sera finalement pas non plus le cas avec Yann Compan :\u00a0<i>\u00ab\u00a0Il a refus\u00e9 toutes mes propositions et ne m\u2019en a fait aucune de son c\u00f4t\u00e9. Nos programmes se ressemblaient. Nous \u00e9tions d\u2019accord pour faire sortir la municipalit<b>\u00e9<\/b> Guillemot. Nous pouvions gagner \u00e0 nous deux (49% des votants en cumul\u00e9). \u00bb<\/i><\/p>\n<p>Le son de cloche est \u00e9videmment diff\u00e9rent du c\u00f4t\u00e9 du secr\u00e9taire d\u00e9partemental UMP du Rh\u00f4ne\u00a0: <em>\u00ab\u00a0Elisabeth Brissy-Queyranne m\u2019a fait une proposition. Elle m\u2019a propos\u00e9 de prendre elle une t\u00eate de liste avec moi second et d\u2019int\u00e9grer deux membres de mon \u00e9quipe dans la sienne. Ce n\u2019\u00e9tait pas une proposition acceptable. Je respecte mes \u00e9lecteurs et mes convictions politiques. Mon \u00e9quipe est sur le terrain depuis 6 mois. Mme Queyranne ne m\u2019a pas laiss\u00e9 le temps de r\u00e9fl\u00e9chir et d\u2019\u00e9tudier la proposition.\u00a0\u00bb<\/em><\/p>\n<h2>L\u2019UMP peut-il profiter de la guerre \u00e0 gauche\u00a0?<\/h2>\n<p>Le candidat UMP compte bien profiter de la guerre \u00e0 gauche pour l\u2019emporter. D\u2019autant que contrairement \u00e0 d\u2019autres villes, le FN \u00e0 Bron a perdu des voix par rapport aux l\u00e9gislatives de 2012, o\u00f9 le candidat Boudot avait fait 17,13 % dans la ville de Bron (16,93 % dans la circonscription) contre 15,98 % pour Ludovic Ifri.<\/p>\n<p><em>\u00ab\u00a0Le FN ne joue aucun r\u00f4le dans cette \u00e9lection. Il ne repr\u00e9sente aucun enjeu. Il n\u2019est pas l\u2019arbitre du d\u00e9bat.\u00a0\u00bb<\/em> Lance s\u00e8chement Mme Brissy-Queyranne. Sur ce point, Yann Compan ne dit pas autre chose\u00a0: <em>\u00ab\u00a0Le FN fait un mauvais score \u00e0 Bron. Le candidat avait fait le pari d\u2019\u00eatre devant (Ndlr: l\u2019UMP). Pari rat\u00e9.\u00a0\u00bb<\/em> Il lance une derni\u00e8re attaque \u00e0 la mairie actuelle\u00a0: <em>\u00ab\u00a030 ans que les socialistes sont au pouvoir. Ils ne font rien pour les quartiers populaires. Il faut proposer des portes de sorties, notamment au niveau de l\u2019emploi.\u00a0\u00bb<\/em><\/p>\n<p>Annie Guillemot r\u00e9ussira-t-elle \u00e0 faire oublier les critiques\u00a0? Elisabeth Brissy-Queyranne parviendra-t-elle \u00e0 mobiliser \u00e0 gauche\u00a0? Yann Compan les coiffera-t-il toutes les deux sur le final\u00a0? La r\u00e9ponse dimanche soir.<\/p>\n<!-- AddThis Advanced Settings generic via filter on the_content --><!-- AddThis Share Buttons generic via filter on the_content -->","protected":false},"excerpt":{"rendered":"<p>Le LBB revient sur le premier tour des municipales\u00a0: Alliances, d\u00e9clarations, chances de chacun, tour d\u2019horizon des tenants et aboutissants du scrutin \u00e0 l\u2019approche du &hellip; <!-- AddThis Advanced Settings generic via filter on wp_trim_excerpt --><!-- AddThis Share Buttons generic via filter on wp_trim_excerpt --><\/p>\n","protected":false},"author":33,"featured_media":6281,"comment_status":"open","ping_status":"open","sticky":false,"template":"","format":"standard","meta":{"_FSMCFIC_featured_image_caption":"","_FSMCFIC_featured_image_nocaption":"","_FSMCFIC_featured_image_hide":"","footnotes":""},"categories":[7,6],"tags":[614,657,603,1065,165,818],"class_list":["post-6274","post","type-post","status-publish","format-standard","has-post-thumbnail","hentry","category-municipales2014","category-politique","tag-614","tag-bron","tag-debat","tag-municipales-2014","tag-politique-2","tag-rhone"],"yoast_head":"<!-- This site is optimized with the Yoast SEO plugin v22.8 - https:\/\/yoast.com\/wordpress\/plugins\/seo\/ -->\n<title>Municipales 2014 : A Bron, la gauche \u00e9clat\u00e9e - Lyon Bondy Blog<\/title>\n<meta name=\"robots\" content=\"index, follow, max-snippet:-1, max-image-preview:large, max-video-preview:-1\" \/>\n<link rel=\"canonical\" href=\"https:\/\/lyonbondyblog.fr\/LBB\/municipales-2014-bron-gauche-eclatee\/\" \/>\n<meta property=\"og:locale\" content=\"fr_FR\" \/>\n<meta property=\"og:type\" content=\"article\" \/>\n<meta property=\"og:title\" content=\"Municipales 2014 : A Bron, la gauche \u00e9clat\u00e9e - Lyon Bondy Blog\" \/>\n<meta property=\"og:description\" content=\"Le LBB revient sur le premier tour des municipales\u00a0: Alliances, d\u00e9clarations, chances de chacun, tour d\u2019horizon des tenants et aboutissants du scrutin \u00e0 l\u2019approche du &hellip;\" \/>\n<meta property=\"og:url\" content=\"https:\/\/lyonbondyblog.fr\/LBB\/municipales-2014-bron-gauche-eclatee\/\" \/>\n<meta property=\"og:site_name\" content=\"Lyon Bondy Blog\" \/>\n<meta property=\"article:publisher\" content=\"https:\/\/www.facebook.com\/lyonbondyblog\" \/>\n<meta property=\"article:published_time\" content=\"2014-03-27T18:03:20+00:00\" \/>\n<meta property=\"article:modified_time\" content=\"2014-03-27T19:31:07+00:00\" \/>\n<meta property=\"og:image\" content=\"https:\/\/lyonbondyblog.fr\/LBB\/wp-content\/uploads\/2014\/03\/Bron.jpg\" \/>\n\t<meta property=\"og:image:width\" content=\"600\" \/>\n\t<meta property=\"og:image:height\" content=\"400\" \/>\n\t<meta property=\"og:image:type\" content=\"image\/jpeg\" \/>\n<meta name=\"author\" content=\"Etienne Aazzab\" \/>\n<meta name=\"twitter:card\" content=\"summary_large_image\" \/>\n<meta name=\"twitter:creator\" content=\"@AazzabEtienne\" \/>\n<meta name=\"twitter:site\" content=\"@bondybloglyon\" \/>\n<script type=\"application\/ld+json\" class=\"yoast-schema-graph\">{\"@context\":\"https:\/\/schema.org\",\"@graph\":[{\"@type\":\"Article\",\"@id\":\"https:\/\/lyonbondyblog.fr\/LBB\/municipales-2014-bron-gauche-eclatee\/#article\",\"isPartOf\":{\"@id\":\"https:\/\/lyonbondyblog.fr\/LBB\/municipales-2014-bron-gauche-eclatee\/\"},\"author\":{\"name\":\"Etienne Aazzab\",\"@id\":\"https:\/\/lyonbondyblog.fr\/LBB\/#\/schema\/person\/5e9904261c1f613c8e6ea22045b1353d\"},\"headline\":\"Municipales 2014 : A Bron, la gauche \u00e9clat\u00e9e\",\"datePublished\":\"2014-03-27T18:03:20+00:00\",\"dateModified\":\"2014-03-27T19:31:07+00:00\",\"mainEntityOfPage\":{\"@id\":\"https:\/\/lyonbondyblog.fr\/LBB\/municipales-2014-bron-gauche-eclatee\/\"},\"wordCount\":718,\"commentCount\":0,\"publisher\":{\"@id\":\"https:\/\/lyonbondyblog.fr\/LBB\/#organization\"},\"image\":{\"@id\":\"https:\/\/lyonbondyblog.fr\/LBB\/municipales-2014-bron-gauche-eclatee\/#primaryimage\"},\"thumbnailUrl\":\"https:\/\/lyonbondyblog.fr\/LBB\/wp-content\/uploads\/2014\/03\/Bron.jpg\",\"keywords\":[\"2014\",\"Bron\",\"d\u00e9bat\",\"municipales 2014\",\"politique\",\"rh\u00f4ne\"],\"articleSection\":[\"Municipales 2014\",\"Politique\"],\"inLanguage\":\"fr-FR\",\"potentialAction\":[{\"@type\":\"CommentAction\",\"name\":\"Comment\",\"target\":[\"https:\/\/lyonbondyblog.fr\/LBB\/municipales-2014-bron-gauche-eclatee\/#respond\"]}]},{\"@type\":\"WebPage\",\"@id\":\"https:\/\/lyonbondyblog.fr\/LBB\/municipales-2014-bron-gauche-eclatee\/\",\"url\":\"https:\/\/lyonbondyblog.fr\/LBB\/municipales-2014-bron-gauche-eclatee\/\",\"name\":\"Municipales 2014 : A Bron, la gauche \u00e9clat\u00e9e - Lyon Bondy Blog\",\"isPartOf\":{\"@id\":\"https:\/\/lyonbondyblog.fr\/LBB\/#website\"},\"primaryImageOfPage\":{\"@id\":\"https:\/\/lyonbondyblog.fr\/LBB\/municipales-2014-bron-gauche-eclatee\/#primaryimage\"},\"image\":{\"@id\":\"https:\/\/lyonbondyblog.fr\/LBB\/municipales-2014-bron-gauche-eclatee\/#primaryimage\"},\"thumbnailUrl\":\"https:\/\/lyonbondyblog.fr\/LBB\/wp-content\/uploads\/2014\/03\/Bron.jpg\",\"datePublished\":\"2014-03-27T18:03:20+00:00\",\"dateModified\":\"2014-03-27T19:31:07+00:00\",\"inLanguage\":\"fr-FR\",\"potentialAction\":[{\"@type\":\"ReadAction\",\"target\":[\"https:\/\/lyonbondyblog.fr\/LBB\/municipales-2014-bron-gauche-eclatee\/\"]}]},{\"@type\":\"ImageObject\",\"inLanguage\":\"fr-FR\",\"@id\":\"https:\/\/lyonbondyblog.fr\/LBB\/municipales-2014-bron-gauche-eclatee\/#primaryimage\",\"url\":\"https:\/\/lyonbondyblog.fr\/LBB\/wp-content\/uploads\/2014\/03\/Bron.jpg\",\"contentUrl\":\"https:\/\/lyonbondyblog.fr\/LBB\/wp-content\/uploads\/2014\/03\/Bron.jpg\",\"width\":600,\"height\":400},{\"@type\":\"WebSite\",\"@id\":\"https:\/\/lyonbondyblog.fr\/LBB\/#website\",\"url\":\"https:\/\/lyonbondyblog.fr\/LBB\/\",\"name\":\"Lyon Bondy Blog\",\"description\":\"\",\"publisher\":{\"@id\":\"https:\/\/lyonbondyblog.fr\/LBB\/#organization\"},\"potentialAction\":[{\"@type\":\"SearchAction\",\"target\":{\"@type\":\"EntryPoint\",\"urlTemplate\":\"https:\/\/lyonbondyblog.fr\/LBB\/?s={search_term_string}\"},\"query-input\":\"required name=search_term_string\"}],\"inLanguage\":\"fr-FR\"},{\"@type\":\"Organization\",\"@id\":\"https:\/\/lyonbondyblog.fr\/LBB\/#organization\",\"name\":\"LYON BONDY BLOG\",\"url\":\"https:\/\/lyonbondyblog.fr\/LBB\/\",\"logo\":{\"@type\":\"ImageObject\",\"inLanguage\":\"fr-FR\",\"@id\":\"https:\/\/lyonbondyblog.fr\/LBB\/#\/schema\/logo\/image\/\",\"url\":\"http:\/\/lyonbondyblog.fr\/LBB\/wp-content\/uploads\/2014\/10\/logo-portable-144.png\",\"contentUrl\":\"http:\/\/lyonbondyblog.fr\/LBB\/wp-content\/uploads\/2014\/10\/logo-portable-144.png\",\"width\":144,\"height\":123,\"caption\":\"LYON BONDY BLOG\"},\"image\":{\"@id\":\"https:\/\/lyonbondyblog.fr\/LBB\/#\/schema\/logo\/image\/\"},\"sameAs\":[\"https:\/\/www.facebook.com\/lyonbondyblog\",\"https:\/\/x.com\/bondybloglyon\"]},{\"@type\":\"Person\",\"@id\":\"https:\/\/lyonbondyblog.fr\/LBB\/#\/schema\/person\/5e9904261c1f613c8e6ea22045b1353d\",\"name\":\"Etienne Aazzab\",\"description\":\"Etienne a contribu\u00e9 depuis 2 ans dans le journal satirique FOUTOU\u2019ART. Il a int\u00e9gr\u00e9 l\u2019\u00e9quipe du \u00ab clic 2014 \u00bb : Collectif local d\u2019informations citoyennes \u00e0 partir de novembre 2013. Il rejoint le Lyon Bondy Blog \u00e0 partir de janvier 2014. Twitter : @AazzabEtienne Ses sujets de pr\u00e9dilection : #Politique #Soci\u00e9t\u00e9 #Sport\",\"sameAs\":[\"https:\/\/x.com\/AazzabEtienne\"],\"url\":\"https:\/\/lyonbondyblog.fr\/LBB\/author\/etienne\/\"}]}<\/script>\n<!-- \/ Yoast SEO plugin. -->","yoast_head_json":{"title":"Municipales 2014 : A Bron, la gauche \u00e9clat\u00e9e - Lyon Bondy Blog","robots":{"index":"index","follow":"follow","max-snippet":"max-snippet:-1","max-image-preview":"max-image-preview:large","max-video-preview":"max-video-preview:-1"},"canonical":"https:\/\/lyonbondyblog.fr\/LBB\/municipales-2014-bron-gauche-eclatee\/","og_locale":"fr_FR","og_type":"article","og_title":"Municipales 2014 : A Bron, la gauche \u00e9clat\u00e9e - Lyon Bondy Blog","og_description":"Le LBB revient sur le premier tour des municipales\u00a0: Alliances, d\u00e9clarations, chances de chacun, tour d\u2019horizon des tenants et aboutissants du scrutin \u00e0 l\u2019approche du &hellip;","og_url":"https:\/\/lyonbondyblog.fr\/LBB\/municipales-2014-bron-gauche-eclatee\/","og_site_name":"Lyon Bondy Blog","article_publisher":"https:\/\/www.facebook.com\/lyonbondyblog","article_published_time":"2014-03-27T18:03:20+00:00","article_modified_time":"2014-03-27T19:31:07+00:00","og_image":[{"width":600,"height":400,"url":"https:\/\/lyonbondyblog.fr\/LBB\/wp-content\/uploads\/2014\/03\/Bron.jpg","type":"image\/jpeg"}],"author":"Etienne Aazzab","twitter_card":"summary_large_image","twitter_creator":"@AazzabEtienne","twitter_site":"@bondybloglyon","schema":{"@context":"https:\/\/schema.org","@graph":[{"@type":"Article","@id":"https:\/\/lyonbondyblog.fr\/LBB\/municipales-2014-bron-gauche-eclatee\/#article","isPartOf":{"@id":"https:\/\/lyonbondyblog.fr\/LBB\/municipales-2014-bron-gauche-eclatee\/"},"author":{"name":"Etienne Aazzab","@id":"https:\/\/lyonbondyblog.fr\/LBB\/#\/schema\/person\/5e9904261c1f613c8e6ea22045b1353d"},"headline":"Municipales 2014 : A Bron, la gauche \u00e9clat\u00e9e","datePublished":"2014-03-27T18:03:20+00:00","dateModified":"2014-03-27T19:31:07+00:00","mainEntityOfPage":{"@id":"https:\/\/lyonbondyblog.fr\/LBB\/municipales-2014-bron-gauche-eclatee\/"},"wordCount":718,"commentCount":0,"publisher":{"@id":"https:\/\/lyonbondyblog.fr\/LBB\/#organization"},"image":{"@id":"https:\/\/lyonbondyblog.fr\/LBB\/municipales-2014-bron-gauche-eclatee\/#primaryimage"},"thumbnailUrl":"https:\/\/lyonbondyblog.fr\/LBB\/wp-content\/uploads\/2014\/03\/Bron.jpg","keywords":["2014","Bron","d\u00e9bat","municipales 2014","politique","rh\u00f4ne"],"articleSection":["Municipales 2014","Politique"],"inLanguage":"fr-FR","potentialAction":[{"@type":"CommentAction","name":"Comment","target":["https:\/\/lyonbondyblog.fr\/LBB\/municipales-2014-bron-gauche-eclatee\/#respond"]}]},{"@type":"WebPage","@id":"https:\/\/lyonbondyblog.fr\/LBB\/municipales-2014-bron-gauche-eclatee\/","url":"https:\/\/lyonbondyblog.fr\/LBB\/municipales-2014-bron-gauche-eclatee\/","name":"Municipales 2014 : A Bron, la gauche \u00e9clat\u00e9e - Lyon Bondy Blog","isPartOf":{"@id":"https:\/\/lyonbondyblog.fr\/LBB\/#website"},"primaryImageOfPage":{"@id":"https:\/\/lyonbondyblog.fr\/LBB\/municipales-2014-bron-gauche-eclatee\/#primaryimage"},"image":{"@id":"https:\/\/lyonbondyblog.fr\/LBB\/municipales-2014-bron-gauche-eclatee\/#primaryimage"},"thumbnailUrl":"https:\/\/lyonbondyblog.fr\/LBB\/wp-content\/uploads\/2014\/03\/Bron.jpg","datePublished":"2014-03-27T18:03:20+00:00","dateModified":"2014-03-27T19:31:07+00:00","inLanguage":"fr-FR","potentialAction":[{"@type":"ReadAction","target":["https:\/\/lyonbondyblog.fr\/LBB\/municipales-2014-bron-gauche-eclatee\/"]}]},{"@type":"ImageObject","inLanguage":"fr-FR","@id":"https:\/\/lyonbondyblog.fr\/LBB\/municipales-2014-bron-gauche-eclatee\/#primaryimage","url":"https:\/\/lyonbondyblog.fr\/LBB\/wp-content\/uploads\/2014\/03\/Bron.jpg","contentUrl":"https:\/\/lyonbondyblog.fr\/LBB\/wp-content\/uploads\/2014\/03\/Bron.jpg","width":600,"height":400},{"@type":"WebSite","@id":"https:\/\/lyonbondyblog.fr\/LBB\/#website","url":"https:\/\/lyonbondyblog.fr\/LBB\/","name":"Lyon Bondy Blog","description":"","publisher":{"@id":"https:\/\/lyonbondyblog.fr\/LBB\/#organization"},"potentialAction":[{"@type":"SearchAction","target":{"@type":"EntryPoint","urlTemplate":"https:\/\/lyonbondyblog.fr\/LBB\/?s={search_term_string}"},"query-input":"required name=search_term_string"}],"inLanguage":"fr-FR"},{"@type":"Organization","@id":"https:\/\/lyonbondyblog.fr\/LBB\/#organization","name":"LYON BONDY BLOG","url":"https:\/\/lyonbondyblog.fr\/LBB\/","logo":{"@type":"ImageObject","inLanguage":"fr-FR","@id":"https:\/\/lyonbondyblog.fr\/LBB\/#\/schema\/logo\/image\/","url":"http:\/\/lyonbondyblog.fr\/LBB\/wp-content\/uploads\/2014\/10\/logo-portable-144.png","contentUrl":"http:\/\/lyonbondyblog.fr\/LBB\/wp-content\/uploads\/2014\/10\/logo-portable-144.png","width":144,"height":123,"caption":"LYON BONDY BLOG"},"image":{"@id":"https:\/\/lyonbondyblog.fr\/LBB\/#\/schema\/logo\/image\/"},"sameAs":["https:\/\/www.facebook.com\/lyonbondyblog","https:\/\/x.com\/bondybloglyon"]},{"@type":"Person","@id":"https:\/\/lyonbondyblog.fr\/LBB\/#\/schema\/person\/5e9904261c1f613c8e6ea22045b1353d","name":"Etienne Aazzab","description":"Etienne a contribu\u00e9 depuis 2 ans dans le journal satirique FOUTOU\u2019ART. Il a int\u00e9gr\u00e9 l\u2019\u00e9quipe du \u00ab clic 2014 \u00bb : Collectif local d\u2019informations citoyennes \u00e0 partir de novembre 2013. Il rejoint le Lyon Bondy Blog \u00e0 partir de janvier 2014. Twitter : @AazzabEtienne Ses sujets de pr\u00e9dilection : #Politique #Soci\u00e9t\u00e9 #Sport","sameAs":["https:\/\/x.com\/AazzabEtienne"],"url":"https:\/\/lyonbondyblog.fr\/LBB\/author\/etienne\/"}]}},"_links":{"self":[{"href":"https:\/\/lyonbondyblog.fr\/LBB\/wp-json\/wp\/v2\/posts\/6274","targetHints":{"allow":["GET"]}}],"collection":[{"href":"https:\/\/lyonbondyblog.fr\/LBB\/wp-json\/wp\/v2\/posts"}],"about":[{"href":"https:\/\/lyonbondyblog.fr\/LBB\/wp-json\/wp\/v2\/types\/post"}],"author":[{"embeddable":true,"href":"https:\/\/lyonbondyblog.fr\/LBB\/wp-json\/wp\/v2\/users\/33"}],"replies":[{"embeddable":true,"href":"https:\/\/lyonbondyblog.fr\/LBB\/wp-json\/wp\/v2\/comments?post=6274"}],"version-history":[{"count":0,"href":"https:\/\/lyonbondyblog.fr\/LBB\/wp-json\/wp\/v2\/posts\/6274\/revisions"}],"wp:featuredmedia":[{"embeddable":true,"href":"https:\/\/lyonbondyblog.fr\/LBB\/wp-json\/wp\/v2\/media\/6281"}],"wp:attachment":[{"href":"https:\/\/lyonbondyblog.fr\/LBB\/wp-json\/wp\/v2\/media?parent=6274"}],"wp:term":[{"taxonomy":"category","embeddable":true,"href":"https:\/\/lyonbondyblog.fr\/LBB\/wp-json\/wp\/v2\/categories?post=6274"},{"taxonomy":"post_tag","embeddable":true,"href":"https:\/\/lyonbondyblog.fr\/LBB\/wp-json\/wp\/v2\/tags?post=6274"}],"curies":[{"name":"wp","href":"https:\/\/api.w.org\/{rel}","templated":true}]}}