{"id":6216,"date":"2014-03-21T18:07:12","date_gmt":"2014-03-21T17:07:12","guid":{"rendered":"http:\/\/lyonbondyblog.fr\/LBB\/?p=6216"},"modified":"2014-03-21T18:32:39","modified_gmt":"2014-03-21T17:32:39","slug":"municipales-2014-dans-le-4eme-le-redeploiement-de-la-police-nationale","status":"publish","type":"post","link":"https:\/\/lyonbondyblog.fr\/LBB\/municipales-2014-dans-le-4eme-le-redeploiement-de-la-police-nationale\/","title":{"rendered":"Municipales 2014 : Dans le 4\u00e8me, le red\u00e9ploiement de la police nationale"},"content":{"rendered":"<p><em>Les \u00e9lections municipales \u00e0 Lyon, comme \u00e0 Paris et Marseille, se d\u00e9roulent par arrondissement (par secteur concernant Marseille). \u00c0 Lyon, chaque arrondissement est dot\u00e9 d\u2019un conseil \u00e9lu qui d\u00e9signe un maire. Cette ann\u00e9e, la loi pr\u00e9voit que les conseillers communautaires (repr\u00e9sentant les communes au sein des communaut\u00e9s urbaines) sont \u00e9lus en m\u00eame temps par un vote et pour la m\u00eame dur\u00e9e &#8211; six ans &#8211; que les conseillers municipaux. Concr\u00e8tement, le bulletin de vote contient les deux listes\u00a0: une pour les conseillers communautaires et une pour les candidats \u00e0 la mairie. Les conseillers d\u2019arrondissements si\u00e8gent au conseil municipal selon une r\u00e9partition proportionnelle et en fonction de l\u2019importance d\u00e9mographique de l\u2019arrondissement. C\u2019est le conseil municipal qui \u00e9lit le maire de la ville. Lyon compte 221 conseillers d\u2019arrondissements dont 73 conseillers municipaux. L\u2019enjeu des municipales \u00e0 Lyon n\u2019est donc pas forc\u00e9ment la mairie centrale (que G\u00e9rard Collomb est bien engag\u00e9 \u00e0 remporter pour un troisi\u00e8me mandat cons\u00e9cutif) mais plut\u00f4t la pr\u00e9sidence du Grand Lyon, que la droite esp\u00e8re rafler. Pour cela, il faudra que l\u2019UMP-UDI reprenne certains arrondissements comme par exemple le troisi\u00e8me et le cinqui\u00e8me.<\/em><\/p>\n<p><a href=\"https:\/\/lyonbondyblog.fr\/LBB\/wp-content\/uploads\/2014\/03\/Municipales-2014-Infographie-Politique-4eme.jpg\"><img loading=\"lazy\" decoding=\"async\" width=\"600\" height=\"600\" class=\"aligncenter size-full wp-image-6157\" alt=\"Municipales 2014 Infographie Politique 4eme\" src=\"https:\/\/lyonbondyblog.fr\/LBB\/wp-content\/uploads\/2014\/03\/Municipales-2014-Infographie-Politique-4eme.jpg\" srcset=\"https:\/\/lyonbondyblog.fr\/LBB\/wp-content\/uploads\/2014\/03\/Municipales-2014-Infographie-Politique-4eme.jpg 600w, https:\/\/lyonbondyblog.fr\/LBB\/wp-content\/uploads\/2014\/03\/Municipales-2014-Infographie-Politique-4eme-150x150.jpg 150w, https:\/\/lyonbondyblog.fr\/LBB\/wp-content\/uploads\/2014\/03\/Municipales-2014-Infographie-Politique-4eme-300x300.jpg 300w, https:\/\/lyonbondyblog.fr\/LBB\/wp-content\/uploads\/2014\/03\/Municipales-2014-Infographie-Politique-4eme-50x50.jpg 50w, https:\/\/lyonbondyblog.fr\/LBB\/wp-content\/uploads\/2014\/03\/Municipales-2014-Infographie-Politique-4eme-180x180.jpg 180w, https:\/\/lyonbondyblog.fr\/LBB\/wp-content\/uploads\/2014\/03\/Municipales-2014-Infographie-Politique-4eme-32x32.jpg 32w, https:\/\/lyonbondyblog.fr\/LBB\/wp-content\/uploads\/2014\/03\/Municipales-2014-Infographie-Politique-4eme-64x64.jpg 64w, https:\/\/lyonbondyblog.fr\/LBB\/wp-content\/uploads\/2014\/03\/Municipales-2014-Infographie-Politique-4eme-96x96.jpg 96w, https:\/\/lyonbondyblog.fr\/LBB\/wp-content\/uploads\/2014\/03\/Municipales-2014-Infographie-Politique-4eme-128x128.jpg 128w\" sizes=\"auto, (max-width: 600px) 100vw, 600px\" \/><\/a><\/p>\n<p>Le 4\u00e8me comprend notamment la Croix-Rousse, H\u00e9non et Cuire. C\u2019\u00e9tait le quartier ouvrier des canuts dans le XIXe si\u00e8cle. Les candidats \u00e0 droite aiment bien envoyer des piques \u00e0 ce quartier devenu un peu plus bobo. Des bars ont \u00e9t\u00e9 les cibles d\u2019attaques de groupes d\u2019extr\u00eame droite dans cet arrondissement traditionnellement \u00e0 gauche.<\/p>\n<p><strong>&#8211; Red\u00e9ploiement des forces de police<\/strong><\/p>\n<p>Le commissariat du 4\u00e8me a \u00e9t\u00e9 d\u00e9localis\u00e9 dans le 1er arrondissement. Il n\u2019y a actuellement plus de commissariat dans l\u2019arrondissement. Tous les candidats sont d\u2019accord sur le sujet, il faut red\u00e9ployer un commissariat\u00a0 dans cet arrondissement.<\/p>\n<p>M. Kimfeld (PS) et M. Hamelin (UMP) sont pour une forte augmentation des cam\u00e9ras de vid\u00e9o surveillance, comme dans la grande rue commer\u00e7ante de la croix rousse.<\/p>\n<p><strong>&#8211; Le terrain de l\u2019ancien coll\u00e8ge Maurice Sc\u00e8ve<\/strong><\/p>\n<p>Le coll\u00e8ge va fusionner avec l\u2019ancien coll\u00e8ge Truffaut dans les locaux de feu l\u2019IUFM. L\u2019UMP propose dans ce lieu une ruche pour les artistes. Le PS et le FN veulent y cr\u00e9er une maison des associations. Le Front de Gauche veut y installer une maison des familles.<\/p>\n<!-- AddThis Advanced Settings generic via filter on the_content --><!-- AddThis Share Buttons generic via filter on the_content -->","protected":false},"excerpt":{"rendered":"<p>Les \u00e9lections municipales \u00e0 Lyon, comme \u00e0 Paris et Marseille, se d\u00e9roulent par arrondissement (par secteur concernant Marseille). \u00c0 Lyon, chaque arrondissement est dot\u00e9 d\u2019un &hellip; <!-- AddThis Advanced Settings generic via filter on wp_trim_excerpt --><!-- AddThis Share Buttons generic via filter on wp_trim_excerpt --><\/p>\n","protected":false},"author":1,"featured_media":6221,"comment_status":"open","ping_status":"open","sticky":false,"template":"","format":"standard","meta":{"_FSMCFIC_featured_image_caption":"","_FSMCFIC_featured_image_nocaption":"","_FSMCFIC_featured_image_hide":"","footnotes":""},"categories":[4,7,6],"tags":[],"class_list":["post-6216","post","type-post","status-publish","format-standard","has-post-thumbnail","hentry","category-lyon","category-municipales2014","category-politique"],"yoast_head":"<!-- This site is optimized with the Yoast SEO plugin v22.8 - https:\/\/yoast.com\/wordpress\/plugins\/seo\/ -->\n<title>Municipales 2014 : Dans le 4\u00e8me, le red\u00e9ploiement de la police nationale - Lyon Bondy Blog<\/title>\n<meta name=\"robots\" content=\"index, follow, max-snippet:-1, max-image-preview:large, max-video-preview:-1\" \/>\n<link rel=\"canonical\" href=\"https:\/\/lyonbondyblog.fr\/LBB\/municipales-2014-dans-le-4eme-le-redeploiement-de-la-police-nationale\/\" \/>\n<meta property=\"og:locale\" content=\"fr_FR\" \/>\n<meta property=\"og:type\" content=\"article\" \/>\n<meta property=\"og:title\" content=\"Municipales 2014 : Dans le 4\u00e8me, le red\u00e9ploiement de la police nationale - Lyon Bondy Blog\" \/>\n<meta property=\"og:description\" content=\"Les \u00e9lections municipales \u00e0 Lyon, comme \u00e0 Paris et Marseille, se d\u00e9roulent par arrondissement (par secteur concernant Marseille). \u00c0 Lyon, chaque arrondissement est dot\u00e9 d\u2019un &hellip;\" \/>\n<meta property=\"og:url\" content=\"https:\/\/lyonbondyblog.fr\/LBB\/municipales-2014-dans-le-4eme-le-redeploiement-de-la-police-nationale\/\" \/>\n<meta property=\"og:site_name\" content=\"Lyon Bondy Blog\" \/>\n<meta property=\"article:publisher\" content=\"https:\/\/www.facebook.com\/lyonbondyblog\" \/>\n<meta property=\"article:author\" content=\"https:\/\/www.facebook.com\/lyonbondyblog\" \/>\n<meta property=\"article:published_time\" content=\"2014-03-21T17:07:12+00:00\" \/>\n<meta property=\"article:modified_time\" content=\"2014-03-21T17:32:39+00:00\" \/>\n<meta property=\"og:image\" content=\"https:\/\/lyonbondyblog.fr\/LBB\/wp-content\/uploads\/2014\/03\/une-Municipales-2014-Infographie-Politique-4eme1.jpg\" \/>\n\t<meta property=\"og:image:width\" content=\"600\" \/>\n\t<meta property=\"og:image:height\" content=\"400\" \/>\n\t<meta property=\"og:image:type\" content=\"image\/jpeg\" \/>\n<meta name=\"author\" content=\"La r\u00e9daction\" \/>\n<meta name=\"twitter:card\" content=\"summary_large_image\" \/>\n<meta name=\"twitter:creator\" content=\"@BondyBlogLyon\" \/>\n<meta name=\"twitter:site\" content=\"@bondybloglyon\" \/>\n<script type=\"application\/ld+json\" class=\"yoast-schema-graph\">{\"@context\":\"https:\/\/schema.org\",\"@graph\":[{\"@type\":\"Article\",\"@id\":\"https:\/\/lyonbondyblog.fr\/LBB\/municipales-2014-dans-le-4eme-le-redeploiement-de-la-police-nationale\/#article\",\"isPartOf\":{\"@id\":\"https:\/\/lyonbondyblog.fr\/LBB\/municipales-2014-dans-le-4eme-le-redeploiement-de-la-police-nationale\/\"},\"author\":{\"name\":\"La r\u00e9daction\",\"@id\":\"https:\/\/lyonbondyblog.fr\/LBB\/#\/schema\/person\/e45f8d27baac75072daa0be50c409b25\"},\"headline\":\"Municipales 2014 : Dans le 4\u00e8me, le red\u00e9ploiement de la police nationale\",\"datePublished\":\"2014-03-21T17:07:12+00:00\",\"dateModified\":\"2014-03-21T17:32:39+00:00\",\"mainEntityOfPage\":{\"@id\":\"https:\/\/lyonbondyblog.fr\/LBB\/municipales-2014-dans-le-4eme-le-redeploiement-de-la-police-nationale\/\"},\"wordCount\":416,\"commentCount\":0,\"publisher\":{\"@id\":\"https:\/\/lyonbondyblog.fr\/LBB\/#organization\"},\"image\":{\"@id\":\"https:\/\/lyonbondyblog.fr\/LBB\/municipales-2014-dans-le-4eme-le-redeploiement-de-la-police-nationale\/#primaryimage\"},\"thumbnailUrl\":\"https:\/\/lyonbondyblog.fr\/LBB\/wp-content\/uploads\/2014\/03\/une-Municipales-2014-Infographie-Politique-4eme1.jpg\",\"articleSection\":[\"Lyon\",\"Municipales 2014\",\"Politique\"],\"inLanguage\":\"fr-FR\",\"potentialAction\":[{\"@type\":\"CommentAction\",\"name\":\"Comment\",\"target\":[\"https:\/\/lyonbondyblog.fr\/LBB\/municipales-2014-dans-le-4eme-le-redeploiement-de-la-police-nationale\/#respond\"]}]},{\"@type\":\"WebPage\",\"@id\":\"https:\/\/lyonbondyblog.fr\/LBB\/municipales-2014-dans-le-4eme-le-redeploiement-de-la-police-nationale\/\",\"url\":\"https:\/\/lyonbondyblog.fr\/LBB\/municipales-2014-dans-le-4eme-le-redeploiement-de-la-police-nationale\/\",\"name\":\"Municipales 2014 : Dans le 4\u00e8me, le red\u00e9ploiement de la police nationale - Lyon Bondy Blog\",\"isPartOf\":{\"@id\":\"https:\/\/lyonbondyblog.fr\/LBB\/#website\"},\"primaryImageOfPage\":{\"@id\":\"https:\/\/lyonbondyblog.fr\/LBB\/municipales-2014-dans-le-4eme-le-redeploiement-de-la-police-nationale\/#primaryimage\"},\"image\":{\"@id\":\"https:\/\/lyonbondyblog.fr\/LBB\/municipales-2014-dans-le-4eme-le-redeploiement-de-la-police-nationale\/#primaryimage\"},\"thumbnailUrl\":\"https:\/\/lyonbondyblog.fr\/LBB\/wp-content\/uploads\/2014\/03\/une-Municipales-2014-Infographie-Politique-4eme1.jpg\",\"datePublished\":\"2014-03-21T17:07:12+00:00\",\"dateModified\":\"2014-03-21T17:32:39+00:00\",\"inLanguage\":\"fr-FR\",\"potentialAction\":[{\"@type\":\"ReadAction\",\"target\":[\"https:\/\/lyonbondyblog.fr\/LBB\/municipales-2014-dans-le-4eme-le-redeploiement-de-la-police-nationale\/\"]}]},{\"@type\":\"ImageObject\",\"inLanguage\":\"fr-FR\",\"@id\":\"https:\/\/lyonbondyblog.fr\/LBB\/municipales-2014-dans-le-4eme-le-redeploiement-de-la-police-nationale\/#primaryimage\",\"url\":\"https:\/\/lyonbondyblog.fr\/LBB\/wp-content\/uploads\/2014\/03\/une-Municipales-2014-Infographie-Politique-4eme1.jpg\",\"contentUrl\":\"https:\/\/lyonbondyblog.fr\/LBB\/wp-content\/uploads\/2014\/03\/une-Municipales-2014-Infographie-Politique-4eme1.jpg\",\"width\":600,\"height\":400},{\"@type\":\"WebSite\",\"@id\":\"https:\/\/lyonbondyblog.fr\/LBB\/#website\",\"url\":\"https:\/\/lyonbondyblog.fr\/LBB\/\",\"name\":\"Lyon Bondy Blog\",\"description\":\"\",\"publisher\":{\"@id\":\"https:\/\/lyonbondyblog.fr\/LBB\/#organization\"},\"potentialAction\":[{\"@type\":\"SearchAction\",\"target\":{\"@type\":\"EntryPoint\",\"urlTemplate\":\"https:\/\/lyonbondyblog.fr\/LBB\/?s={search_term_string}\"},\"query-input\":\"required name=search_term_string\"}],\"inLanguage\":\"fr-FR\"},{\"@type\":\"Organization\",\"@id\":\"https:\/\/lyonbondyblog.fr\/LBB\/#organization\",\"name\":\"LYON BONDY BLOG\",\"url\":\"https:\/\/lyonbondyblog.fr\/LBB\/\",\"logo\":{\"@type\":\"ImageObject\",\"inLanguage\":\"fr-FR\",\"@id\":\"https:\/\/lyonbondyblog.fr\/LBB\/#\/schema\/logo\/image\/\",\"url\":\"http:\/\/lyonbondyblog.fr\/LBB\/wp-content\/uploads\/2014\/10\/logo-portable-144.png\",\"contentUrl\":\"http:\/\/lyonbondyblog.fr\/LBB\/wp-content\/uploads\/2014\/10\/logo-portable-144.png\",\"width\":144,\"height\":123,\"caption\":\"LYON BONDY BLOG\"},\"image\":{\"@id\":\"https:\/\/lyonbondyblog.fr\/LBB\/#\/schema\/logo\/image\/\"},\"sameAs\":[\"https:\/\/www.facebook.com\/lyonbondyblog\",\"https:\/\/x.com\/bondybloglyon\"]},{\"@type\":\"Person\",\"@id\":\"https:\/\/lyonbondyblog.fr\/LBB\/#\/schema\/person\/e45f8d27baac75072daa0be50c409b25\",\"name\":\"La r\u00e9daction\",\"description\":\"Cr\u00e9e en 2008, la r\u00e9daction du Lyon Bondy Blog s'applique \u00e0 proposer une information locale diff\u00e9rente et compl\u00e9mentaire des m\u00e9dias traditionnels.\",\"sameAs\":[\"https:\/\/www.facebook.com\/lyonbondyblog\",\"https:\/\/x.com\/BondyBlogLyon\"],\"url\":\"https:\/\/lyonbondyblog.fr\/LBB\/author\/admin\/\"}]}<\/script>\n<!-- \/ Yoast SEO plugin. -->","yoast_head_json":{"title":"Municipales 2014 : Dans le 4\u00e8me, le red\u00e9ploiement de la police nationale - Lyon Bondy Blog","robots":{"index":"index","follow":"follow","max-snippet":"max-snippet:-1","max-image-preview":"max-image-preview:large","max-video-preview":"max-video-preview:-1"},"canonical":"https:\/\/lyonbondyblog.fr\/LBB\/municipales-2014-dans-le-4eme-le-redeploiement-de-la-police-nationale\/","og_locale":"fr_FR","og_type":"article","og_title":"Municipales 2014 : Dans le 4\u00e8me, le red\u00e9ploiement de la police nationale - Lyon Bondy Blog","og_description":"Les \u00e9lections municipales \u00e0 Lyon, comme \u00e0 Paris et Marseille, se d\u00e9roulent par arrondissement (par secteur concernant Marseille). \u00c0 Lyon, chaque arrondissement est dot\u00e9 d\u2019un &hellip;","og_url":"https:\/\/lyonbondyblog.fr\/LBB\/municipales-2014-dans-le-4eme-le-redeploiement-de-la-police-nationale\/","og_site_name":"Lyon Bondy Blog","article_publisher":"https:\/\/www.facebook.com\/lyonbondyblog","article_author":"https:\/\/www.facebook.com\/lyonbondyblog","article_published_time":"2014-03-21T17:07:12+00:00","article_modified_time":"2014-03-21T17:32:39+00:00","og_image":[{"width":600,"height":400,"url":"https:\/\/lyonbondyblog.fr\/LBB\/wp-content\/uploads\/2014\/03\/une-Municipales-2014-Infographie-Politique-4eme1.jpg","type":"image\/jpeg"}],"author":"La r\u00e9daction","twitter_card":"summary_large_image","twitter_creator":"@BondyBlogLyon","twitter_site":"@bondybloglyon","schema":{"@context":"https:\/\/schema.org","@graph":[{"@type":"Article","@id":"https:\/\/lyonbondyblog.fr\/LBB\/municipales-2014-dans-le-4eme-le-redeploiement-de-la-police-nationale\/#article","isPartOf":{"@id":"https:\/\/lyonbondyblog.fr\/LBB\/municipales-2014-dans-le-4eme-le-redeploiement-de-la-police-nationale\/"},"author":{"name":"La r\u00e9daction","@id":"https:\/\/lyonbondyblog.fr\/LBB\/#\/schema\/person\/e45f8d27baac75072daa0be50c409b25"},"headline":"Municipales 2014 : Dans le 4\u00e8me, le red\u00e9ploiement de la police nationale","datePublished":"2014-03-21T17:07:12+00:00","dateModified":"2014-03-21T17:32:39+00:00","mainEntityOfPage":{"@id":"https:\/\/lyonbondyblog.fr\/LBB\/municipales-2014-dans-le-4eme-le-redeploiement-de-la-police-nationale\/"},"wordCount":416,"commentCount":0,"publisher":{"@id":"https:\/\/lyonbondyblog.fr\/LBB\/#organization"},"image":{"@id":"https:\/\/lyonbondyblog.fr\/LBB\/municipales-2014-dans-le-4eme-le-redeploiement-de-la-police-nationale\/#primaryimage"},"thumbnailUrl":"https:\/\/lyonbondyblog.fr\/LBB\/wp-content\/uploads\/2014\/03\/une-Municipales-2014-Infographie-Politique-4eme1.jpg","articleSection":["Lyon","Municipales 2014","Politique"],"inLanguage":"fr-FR","potentialAction":[{"@type":"CommentAction","name":"Comment","target":["https:\/\/lyonbondyblog.fr\/LBB\/municipales-2014-dans-le-4eme-le-redeploiement-de-la-police-nationale\/#respond"]}]},{"@type":"WebPage","@id":"https:\/\/lyonbondyblog.fr\/LBB\/municipales-2014-dans-le-4eme-le-redeploiement-de-la-police-nationale\/","url":"https:\/\/lyonbondyblog.fr\/LBB\/municipales-2014-dans-le-4eme-le-redeploiement-de-la-police-nationale\/","name":"Municipales 2014 : Dans le 4\u00e8me, le red\u00e9ploiement de la police nationale - Lyon Bondy Blog","isPartOf":{"@id":"https:\/\/lyonbondyblog.fr\/LBB\/#website"},"primaryImageOfPage":{"@id":"https:\/\/lyonbondyblog.fr\/LBB\/municipales-2014-dans-le-4eme-le-redeploiement-de-la-police-nationale\/#primaryimage"},"image":{"@id":"https:\/\/lyonbondyblog.fr\/LBB\/municipales-2014-dans-le-4eme-le-redeploiement-de-la-police-nationale\/#primaryimage"},"thumbnailUrl":"https:\/\/lyonbondyblog.fr\/LBB\/wp-content\/uploads\/2014\/03\/une-Municipales-2014-Infographie-Politique-4eme1.jpg","datePublished":"2014-03-21T17:07:12+00:00","dateModified":"2014-03-21T17:32:39+00:00","inLanguage":"fr-FR","potentialAction":[{"@type":"ReadAction","target":["https:\/\/lyonbondyblog.fr\/LBB\/municipales-2014-dans-le-4eme-le-redeploiement-de-la-police-nationale\/"]}]},{"@type":"ImageObject","inLanguage":"fr-FR","@id":"https:\/\/lyonbondyblog.fr\/LBB\/municipales-2014-dans-le-4eme-le-redeploiement-de-la-police-nationale\/#primaryimage","url":"https:\/\/lyonbondyblog.fr\/LBB\/wp-content\/uploads\/2014\/03\/une-Municipales-2014-Infographie-Politique-4eme1.jpg","contentUrl":"https:\/\/lyonbondyblog.fr\/LBB\/wp-content\/uploads\/2014\/03\/une-Municipales-2014-Infographie-Politique-4eme1.jpg","width":600,"height":400},{"@type":"WebSite","@id":"https:\/\/lyonbondyblog.fr\/LBB\/#website","url":"https:\/\/lyonbondyblog.fr\/LBB\/","name":"Lyon Bondy Blog","description":"","publisher":{"@id":"https:\/\/lyonbondyblog.fr\/LBB\/#organization"},"potentialAction":[{"@type":"SearchAction","target":{"@type":"EntryPoint","urlTemplate":"https:\/\/lyonbondyblog.fr\/LBB\/?s={search_term_string}"},"query-input":"required name=search_term_string"}],"inLanguage":"fr-FR"},{"@type":"Organization","@id":"https:\/\/lyonbondyblog.fr\/LBB\/#organization","name":"LYON BONDY BLOG","url":"https:\/\/lyonbondyblog.fr\/LBB\/","logo":{"@type":"ImageObject","inLanguage":"fr-FR","@id":"https:\/\/lyonbondyblog.fr\/LBB\/#\/schema\/logo\/image\/","url":"http:\/\/lyonbondyblog.fr\/LBB\/wp-content\/uploads\/2014\/10\/logo-portable-144.png","contentUrl":"http:\/\/lyonbondyblog.fr\/LBB\/wp-content\/uploads\/2014\/10\/logo-portable-144.png","width":144,"height":123,"caption":"LYON BONDY BLOG"},"image":{"@id":"https:\/\/lyonbondyblog.fr\/LBB\/#\/schema\/logo\/image\/"},"sameAs":["https:\/\/www.facebook.com\/lyonbondyblog","https:\/\/x.com\/bondybloglyon"]},{"@type":"Person","@id":"https:\/\/lyonbondyblog.fr\/LBB\/#\/schema\/person\/e45f8d27baac75072daa0be50c409b25","name":"La r\u00e9daction","description":"Cr\u00e9e en 2008, la r\u00e9daction du Lyon Bondy Blog s'applique \u00e0 proposer une information locale diff\u00e9rente et compl\u00e9mentaire des m\u00e9dias traditionnels.","sameAs":["https:\/\/www.facebook.com\/lyonbondyblog","https:\/\/x.com\/BondyBlogLyon"],"url":"https:\/\/lyonbondyblog.fr\/LBB\/author\/admin\/"}]}},"_links":{"self":[{"href":"https:\/\/lyonbondyblog.fr\/LBB\/wp-json\/wp\/v2\/posts\/6216","targetHints":{"allow":["GET"]}}],"collection":[{"href":"https:\/\/lyonbondyblog.fr\/LBB\/wp-json\/wp\/v2\/posts"}],"about":[{"href":"https:\/\/lyonbondyblog.fr\/LBB\/wp-json\/wp\/v2\/types\/post"}],"author":[{"embeddable":true,"href":"https:\/\/lyonbondyblog.fr\/LBB\/wp-json\/wp\/v2\/users\/1"}],"replies":[{"embeddable":true,"href":"https:\/\/lyonbondyblog.fr\/LBB\/wp-json\/wp\/v2\/comments?post=6216"}],"version-history":[{"count":0,"href":"https:\/\/lyonbondyblog.fr\/LBB\/wp-json\/wp\/v2\/posts\/6216\/revisions"}],"wp:featuredmedia":[{"embeddable":true,"href":"https:\/\/lyonbondyblog.fr\/LBB\/wp-json\/wp\/v2\/media\/6221"}],"wp:attachment":[{"href":"https:\/\/lyonbondyblog.fr\/LBB\/wp-json\/wp\/v2\/media?parent=6216"}],"wp:term":[{"taxonomy":"category","embeddable":true,"href":"https:\/\/lyonbondyblog.fr\/LBB\/wp-json\/wp\/v2\/categories?post=6216"},{"taxonomy":"post_tag","embeddable":true,"href":"https:\/\/lyonbondyblog.fr\/LBB\/wp-json\/wp\/v2\/tags?post=6216"}],"curies":[{"name":"wp","href":"https:\/\/api.w.org\/{rel}","templated":true}]}}