{"id":619,"date":"2013-01-22T16:12:39","date_gmt":"2013-01-22T15:12:39","guid":{"rendered":"http:\/\/lyonbondyblog.fr\/LBB\/?p=619"},"modified":"2013-07-10T18:07:38","modified_gmt":"2013-07-10T16:07:38","slug":"ameliorer-patiemment-letat-de-la-pauvrete-en-france","status":"publish","type":"post","link":"https:\/\/lyonbondyblog.fr\/LBB\/ameliorer-patiemment-letat-de-la-pauvrete-en-france\/","title":{"rendered":"Am\u00e9liorer patiemment l&rsquo;\u00e9tat de la pauvret\u00e9 en France"},"content":{"rendered":"<p><strong>Le th\u00e9\u00e2tre de la Croix Rousse a fait salle comble hier. En cette soir\u00e9e du lundi 21 janvier 2012, ce n&rsquo;\u00e9tait pas une pi\u00e8ce qui s&rsquo;y jouait, mais une rencontre entre Martin Hirsch, cr\u00e9ateur entre autres du RSA, et Nicolas Duroux, sociologue qui a r\u00e9cemment publi\u00e9 Le Nouvel Age de la Solidarit\u00e9.<\/strong><\/p>\n<p><a href=\"https:\/\/lyonbondyblog.fr\/LBB\/wp-content\/uploads\/2013\/07\/Martin_Hirsch.jpg\"><img loading=\"lazy\" decoding=\"async\" width=\"400\" height=\"324\" class=\"aligncenter size-full wp-image-621\" alt=\"Martin_Hirsch\" src=\"https:\/\/lyonbondyblog.fr\/LBB\/wp-content\/uploads\/2013\/07\/Martin_Hirsch.jpg\" srcset=\"https:\/\/lyonbondyblog.fr\/LBB\/wp-content\/uploads\/2013\/07\/Martin_Hirsch.jpg 400w, https:\/\/lyonbondyblog.fr\/LBB\/wp-content\/uploads\/2013\/07\/Martin_Hirsch-300x243.jpg 300w\" sizes=\"auto, (max-width: 400px) 100vw, 400px\" \/><\/a><\/p>\n<p style=\"text-align: center\"><em><span style=\"font-size: 12px\">Photo de David.Monniaux, creative communs<\/span><\/em><\/p>\n<p>Le politique Martin Hirsch et le sociologue Nicolas Duroux\u00a0; tous deux \u00e9taient r\u00e9unis pour traiter de la Solidarit\u00e9 : une valeur \u00e0 red\u00e9finir ? Le d\u00e9bat, temporis\u00e9 par le directeur litt\u00e9raire du Nil Guillaume Allary, a \u00e9t\u00e9 int\u00e9ressant sous de nombreux aspects. D&rsquo;une part, il a m\u00eal\u00e9 la pratique \u00e0 la th\u00e9orie\u00a0; et d&rsquo;autre part, il a mis en \u00e9vidence des points de vue aussi diff\u00e9rents qu\u2019approfondis concernant les politiques d&rsquo;assistance en France. Leurs \u00e9changes ont mis en exergue la complexit\u00e9 du syst\u00e8me dans lequel nous vivons. Ils ont abouti \u00e0 une ou deux propositions concr\u00e8tes, sinon pratiques, pour que ce \u00ab\u00a0principe de solidarit\u00e9\u00a0\u00bb ne reste justement pas un simple \u00ab\u00a0principe\u00a0\u00bb. Cette rencontre s&rsquo;inscrit dans le programme plus vaste des Causes Communes d\u00e9di\u00e9es cette ann\u00e9e \u00e0 la Justice et l\u2019Injustice\u00a0; une co-organisation en partenariat \u00e9galement avec l&rsquo;Op\u00e9ra de Lyon et la Villa Gillet.<br \/>\nLa solidarit\u00e9 est un ph\u00e9nom\u00e8ne intimement li\u00e9 \u00e0 celui de la pauvret\u00e9. Martin Hirsch a jug\u00e9 bon de rappeler que ce probl\u00e8me est r\u00e9apparu galopant dans les ann\u00e9es 80. Depuis cinq ans, dans le contexte difficile que nous connaissons, les probl\u00e8mes sociaux sont encore plus nombreux et n\u00e9cessitent plus de moyens pour les r\u00e9soudre. Et visiblement, les leviers mis en place tels que le Revenu de Solidarit\u00e9 Active (RSA) et plus anciennement le Revenu Minimum d\u2019Insertion (RMI) ne suffisent pas \u00e0 am\u00e9liorer \u00e0 eux seuls la pauvret\u00e9.<br \/>\n<strong>Solidarit\u00e9 publique : des politiques d&rsquo;assistance pragmatiques limitant la mis\u00e8re<\/strong><br \/>\nCr\u00e9e en d\u00e9cembre 1988 sous le gouvernement Rocard, le RMI est intervenu au moment o\u00f9 l&rsquo;Etat s\u2019est rendu compte non seulement que le travail ne suffisait pas \u00e0 subvenir aux besoins de tous. Il y a un certain niveau de productivit\u00e9 dans un pays auquel il faut se soumettre pour esp\u00e9rer vivre convenablement. Mais \u00e9galement, cette d\u00e9cision\u00a0 intervient \u00e0 un moment o\u00f9 l&rsquo;Etat d\u00e9cide d&rsquo;int\u00e9grer la classe la plus pauvre de la soci\u00e9t\u00e9 qui, jusqu&rsquo;alors, vivait principalement de la charit\u00e9, sans possibilit\u00e9 d&rsquo;int\u00e9gration professionnelle et sociale.<br \/>\nD\u00e9j\u00e0 mis en place pour la premi\u00e8re fois en 1968 \u00e0 Besan\u00e7on, le RMI entre en vigueur nationalement pour permettre aux plus pauvres de r\u00e9int\u00e9grer la vie de la soci\u00e9t\u00e9. En th\u00e9orie, cela permet aux b\u00e9n\u00e9ficiaires d\u2019avoir des conditions de vie moins mis\u00e9rables, un peu plus d&rsquo;autonomie, un retour de l&rsquo;espoir et de la confiance en soi\u00a0; en pratique, cela r\u00e9duit la mis\u00e8re mais engendre un \u00e9tiquetage d&rsquo;une partie de la population qui, d\u00e9j\u00e0 d\u00e9munie, se voit rabaiss\u00e9e au rang de \u00ab\u00a0Rmistes\u00a0\u00bb. Le comble, c\u2019est que certaines institutions, les m\u00eames qui \u00e9taient cens\u00e9es les aider, en arrivent parfois \u00e0 \u00e9galement les rejeter. Nombre de Rmistes ont tent\u00e9 de re-rentrer dans le monde du travail mais en ont \u00e9t\u00e9 d\u00e9courag\u00e9s par les centres d&rsquo;insertion \u00e0 l&#8217;emploi qui leur ont fait comprendre qu&rsquo;\u00e9tant Rmistes, ils auraient peu de chances de trouver quelque chose. Le 1er juin 2009, le RSA remplace le RMI pour tenter de palier \u00e0 ces lacunes et faciliter l&rsquo;insertion de cette classe de la population.<br \/>\nL\u2019histoire du RMI et RSA met en \u00e9vidence certaines lacunes de ce que l&rsquo;on appelle commun\u00e9ment \u00ab\u00a0les politiques d&rsquo;assistance\u00a0\u00bb. Si elles contiennent et r\u00e9duisent partiellement la mis\u00e8re, elles ne l&rsquo;\u00e9radiquent pas pour autant. Ces politiques d\u2019assistance provoquent paradoxalement et involontairement des divisons, des jalousies et m\u00e9fiances au sein d&rsquo;une classe qui se tire dans les pattes, alors que sa situation n&rsquo;est pas bien \u00e9loign\u00e9e. \u00ab Ce qui finalement arrange peut-\u00eatre bien l&rsquo;Etat\u00bb, ajoute Martin Hirsch.<br \/>\n<strong>La stigmatisation, un revers qui implose au sein d\u2019une classe toujours victime de la mis\u00e8re<\/strong><br \/>\nLe second invit\u00e9 au d\u00e9bat, Nicolas Duvoux, poss\u00e8de un regard plus distant vis-\u00e0-vis des politiques d&rsquo;assistance. Il fait \u00e9galement preuve d\u2019une connaissance approfondie sur leurs cons\u00e9quences au niveau des relations sociales. De son point de vue de sociologue qui tend \u00e0 la plus grande objectivit\u00e9, il voit dans ces mesures d&rsquo;assistance \u00ab\u00a0<em>des cons\u00e9quences qui vont totalement \u00e0 l&rsquo;encontre de la raison m\u00eame pour laquelle elles ont \u00e9t\u00e9 cr\u00e9\u00e9s : l&rsquo;insertion<\/em>. <em>Loin de faciliter l\u2019int\u00e9gration des individus les plus pauvres, elles cr\u00e9ent de nouvelles tensions au sein des individus<\/em>. <em>Elles entra\u00eenent sans le vouloir une stigmatisation des \u00ab\u00a0assistes\u00a0\u00bb et les exclut davantage du syst\u00e8me\u00a0\u00bb<\/em>. Parfois m\u00eame, ceux qui pourraient b\u00e9n\u00e9ficier de ces mesures ont honte d&rsquo;en faire la demande, sous peine d&rsquo;\u00eatre mal vus et catalogu\u00e9s Rmistes aux yeux de la classe pauvre qui n&rsquo;en b\u00e9n\u00e9ficie pas. Nicolas Duvoux ne souhaite pas s\u2019attarder \u00e0 \u00e9voquer l&rsquo;opinion tr\u00e8s r\u00e9pandue selon laquelle les \u00ab\u00a0pauvres privil\u00e9gi\u00e9s\u00a0\u00bb sont des fain\u00e9ants qui profitent du syst\u00e8me et ne veulent pas travailler.<br \/>\nIl serait tout de m\u00eame mensonger de nier l&rsquo;existence d&rsquo;une telle tranche de la population qui d&rsquo;apr\u00e8s Martin Hirsch reste stable de g\u00e9n\u00e9rations en g\u00e9n\u00e9rations. \u00ab\u00a0<em>Depuis que l&rsquo;humanit\u00e9 existe, il y a toujours une minorit\u00e9 qui profite du syst\u00e8me et ne respecte pas les lois. Il y en a ni plus ni moins aujourd&rsquo;hui, cela semble constant<\/em>\u00a0\u00bb, pr\u00e9cise-t-il.<br \/>\n<strong>Solidarit\u00e9 publique &amp; priv\u00e9e\u00a0:\u00a0 unies pl\u00fbtot que divis\u00e9es ?<\/strong><br \/>\nLe d\u00e9bat met en perspective les cons\u00e9quences sociales des politiques fran\u00e7aise de l&rsquo;assistance, qui d&rsquo;elles-m\u00eames d\u00e9voilent leurs failles et faiblesses : ces politiques divisent les classes entre elles, en m\u00eame temps qu\u2019elles stigmatisent celles qui en b\u00e9n\u00e9ficient et ne r\u00e9duisent pas v\u00e9ritablement la pauvret\u00e9. Martin Hirsch rappelle tout de m\u00eame que \u00ab\u00a0<em>les politiques mises en place sont d&rsquo;une grande complexit\u00e9 et que comme dans tout rouage, il y a une marge d&rsquo;erreur. Comme l&rsquo;humain est humain, nous ne sommes pas \u00e0 l\u2019abri d&rsquo;imperfections, d&rsquo;abus ou autres<\/em>.\u00a0\u00bb<br \/>\nHeureusement, le discours ne s&rsquo;arrete pas l\u00e0. C&rsquo;est l\u00e0 que le point phare de l&rsquo;allocution de Martin Hirsch sur l&rsquo;engagement prend tout son sens. Selon lui, \u00eatre engag\u00e9 s\u2019est s&rsquo;investir dans quelque chose qui d\u00e9passe notre propre individualit\u00e9. En ce sens, nous sommes tous engag\u00e9s de quelconque mani\u00e8re\u00a0: dans notre famille, au travail, dans une association&#8230;C&rsquo;est pourquoi la solidarit\u00e9 publique doit s&rsquo;allier \u00e0 la solidarit\u00e9 priv\u00e9e et non se diviser. \u00ab\u00a0<em>Par exemple<\/em>, dit-il, <em>si nous introduisions des volontaires en Service Civique au sein des administrations d\u00e9bord\u00e9es, nous arrangerions tout le monde. Les jeunes auraient une exp\u00e9rience et un revenu\u00a0; les fonctionnaires seraient soulag\u00e9s de la masse de travail qu&rsquo;ils ne peuvent g\u00e9rer. La qualit\u00e9 du service public en serait am\u00e9lior\u00e9e en m\u00eame temps que la satisfaction des b\u00e9n\u00e9ficiaires qui le plus<\/em> <em>souvent ont \u00e0 faire au discours langue de bois d&#8217;employ\u00e9s\u00a0\u00bb. <\/em><br \/>\nPermettre aux jeunes de s&rsquo;en sortir tout en \u00e9tant utile est important car il semblerait que de nos jours, l&rsquo;un des plus gros probl\u00e8mes qu&rsquo;affronte la solidarit\u00e9 concerne la jeunesse. C&rsquo;est la classe de la population qui a le moins de droits. Martin Hirsch questionne : <em>\u00ab\u00a0faut-il ouvrir des droits \u00e0 partir de 18 ans?<\/em>\u00a0\u00bb Des id\u00e9es certes, mais venant de quelqu&rsquo;un qui a d\u00e9j\u00e0 mis en place plusieurs mesures phares. Quoique l&rsquo;on en dise aujourd&rsquo;hui, elles am\u00e9liorent le sort de plus d&rsquo;un million d&rsquo;individus.<br \/>\nAlors la solidarit\u00e9 : est-ce une notion \u00e0 red\u00e9finir ? Nicolas Devoux rappelle qu&rsquo;il s&rsquo;agit de l&rsquo;interd\u00e9pendance des individus dans la soci\u00e9t\u00e9. Il ajoute que c&rsquo;est la soci\u00e9t\u00e9 qui, par le choix des politiques, d\u00e9cide de la mani\u00e8re dont les membres qui la composent interagissent. En somme, nous avons tous besoin les uns des autres. \u00ab\u00a0<em>Et si l&rsquo;union rendait moins pauvre, \u00e0 commencer par celle de la famille\u00a0?\u00a0<\/em>\u00bb, d\u00e9clare une personne \u00e2g\u00e9e remerciant ses parents pour lui avoir enseign\u00e9 cette valeur fondamentale : la solidarit\u00e9.<\/p>\n<!-- AddThis Advanced Settings generic via filter on the_content --><!-- AddThis Share Buttons generic via filter on the_content -->","protected":false},"excerpt":{"rendered":"<p>Le th\u00e9\u00e2tre de la Croix Rousse a fait salle comble hier. En cette soir\u00e9e du lundi 21 janvier 2012, ce n&rsquo;\u00e9tait pas une pi\u00e8ce qui &hellip; <!-- AddThis Advanced Settings generic via filter on wp_trim_excerpt --><!-- AddThis Share Buttons generic via filter on wp_trim_excerpt --><\/p>\n","protected":false},"author":17,"featured_media":620,"comment_status":"open","ping_status":"open","sticky":false,"template":"","format":"standard","meta":{"_FSMCFIC_featured_image_caption":"","_FSMCFIC_featured_image_nocaption":"","_FSMCFIC_featured_image_hide":"","footnotes":""},"categories":[2],"tags":[11,10,213,214,215,212,24],"class_list":["post-619","post","type-post","status-publish","format-standard","has-post-thumbnail","hentry","category-societe","tag-france-2","tag-lyon-2","tag-martin-hirsch","tag-nicolas-duroux","tag-nil-guillaume-allary","tag-pauvrete","tag-societe-2"],"yoast_head":"<!-- This site is optimized with the Yoast SEO plugin v22.8 - https:\/\/yoast.com\/wordpress\/plugins\/seo\/ -->\n<title>Am\u00e9liorer patiemment l&#039;\u00e9tat de la pauvret\u00e9 en France - Lyon Bondy Blog<\/title>\n<meta name=\"robots\" content=\"index, follow, max-snippet:-1, max-image-preview:large, max-video-preview:-1\" \/>\n<link rel=\"canonical\" href=\"https:\/\/lyonbondyblog.fr\/LBB\/ameliorer-patiemment-letat-de-la-pauvrete-en-france\/\" \/>\n<meta property=\"og:locale\" content=\"fr_FR\" \/>\n<meta property=\"og:type\" content=\"article\" \/>\n<meta property=\"og:title\" content=\"Am\u00e9liorer patiemment l&#039;\u00e9tat de la pauvret\u00e9 en France - Lyon Bondy Blog\" \/>\n<meta property=\"og:description\" content=\"Le th\u00e9\u00e2tre de la Croix Rousse a fait salle comble hier. En cette soir\u00e9e du lundi 21 janvier 2012, ce n&rsquo;\u00e9tait pas une pi\u00e8ce qui &hellip;\" \/>\n<meta property=\"og:url\" content=\"https:\/\/lyonbondyblog.fr\/LBB\/ameliorer-patiemment-letat-de-la-pauvrete-en-france\/\" \/>\n<meta property=\"og:site_name\" content=\"Lyon Bondy Blog\" \/>\n<meta property=\"article:publisher\" content=\"https:\/\/www.facebook.com\/lyonbondyblog\" \/>\n<meta property=\"article:published_time\" content=\"2013-01-22T15:12:39+00:00\" \/>\n<meta property=\"article:modified_time\" content=\"2013-07-10T16:07:38+00:00\" \/>\n<meta property=\"og:image\" content=\"https:\/\/lyonbondyblog.fr\/LBB\/wp-content\/uploads\/2013\/07\/Martin_Hirsch_bandeau.jpg\" \/>\n\t<meta property=\"og:image:width\" content=\"400\" \/>\n\t<meta property=\"og:image:height\" content=\"200\" \/>\n\t<meta property=\"og:image:type\" content=\"image\/jpeg\" \/>\n<meta name=\"author\" content=\"Elsa Laniesse\" \/>\n<meta name=\"twitter:card\" content=\"summary_large_image\" \/>\n<meta name=\"twitter:creator\" content=\"@bondybloglyon\" \/>\n<meta name=\"twitter:site\" content=\"@bondybloglyon\" \/>\n<script type=\"application\/ld+json\" class=\"yoast-schema-graph\">{\"@context\":\"https:\/\/schema.org\",\"@graph\":[{\"@type\":\"Article\",\"@id\":\"https:\/\/lyonbondyblog.fr\/LBB\/ameliorer-patiemment-letat-de-la-pauvrete-en-france\/#article\",\"isPartOf\":{\"@id\":\"https:\/\/lyonbondyblog.fr\/LBB\/ameliorer-patiemment-letat-de-la-pauvrete-en-france\/\"},\"author\":{\"name\":\"Elsa Laniesse\",\"@id\":\"https:\/\/lyonbondyblog.fr\/LBB\/#\/schema\/person\/fa54602a4231b430ed6b9892a791c5ac\"},\"headline\":\"Am\u00e9liorer patiemment l&rsquo;\u00e9tat de la pauvret\u00e9 en France\",\"datePublished\":\"2013-01-22T15:12:39+00:00\",\"dateModified\":\"2013-07-10T16:07:38+00:00\",\"mainEntityOfPage\":{\"@id\":\"https:\/\/lyonbondyblog.fr\/LBB\/ameliorer-patiemment-letat-de-la-pauvrete-en-france\/\"},\"wordCount\":1393,\"commentCount\":0,\"publisher\":{\"@id\":\"https:\/\/lyonbondyblog.fr\/LBB\/#organization\"},\"image\":{\"@id\":\"https:\/\/lyonbondyblog.fr\/LBB\/ameliorer-patiemment-letat-de-la-pauvrete-en-france\/#primaryimage\"},\"thumbnailUrl\":\"https:\/\/lyonbondyblog.fr\/LBB\/wp-content\/uploads\/2013\/07\/Martin_Hirsch_bandeau.jpg\",\"keywords\":[\"france\",\"lyon\",\"Martin Hirsch\",\"Nicolas Duroux\",\"Nil Guillaume Allary\",\"pauvret\u00e9\",\"societe\"],\"articleSection\":[\"Soci\u00e9t\u00e9\"],\"inLanguage\":\"fr-FR\",\"potentialAction\":[{\"@type\":\"CommentAction\",\"name\":\"Comment\",\"target\":[\"https:\/\/lyonbondyblog.fr\/LBB\/ameliorer-patiemment-letat-de-la-pauvrete-en-france\/#respond\"]}]},{\"@type\":\"WebPage\",\"@id\":\"https:\/\/lyonbondyblog.fr\/LBB\/ameliorer-patiemment-letat-de-la-pauvrete-en-france\/\",\"url\":\"https:\/\/lyonbondyblog.fr\/LBB\/ameliorer-patiemment-letat-de-la-pauvrete-en-france\/\",\"name\":\"Am\u00e9liorer patiemment l'\u00e9tat de la pauvret\u00e9 en France - Lyon Bondy Blog\",\"isPartOf\":{\"@id\":\"https:\/\/lyonbondyblog.fr\/LBB\/#website\"},\"primaryImageOfPage\":{\"@id\":\"https:\/\/lyonbondyblog.fr\/LBB\/ameliorer-patiemment-letat-de-la-pauvrete-en-france\/#primaryimage\"},\"image\":{\"@id\":\"https:\/\/lyonbondyblog.fr\/LBB\/ameliorer-patiemment-letat-de-la-pauvrete-en-france\/#primaryimage\"},\"thumbnailUrl\":\"https:\/\/lyonbondyblog.fr\/LBB\/wp-content\/uploads\/2013\/07\/Martin_Hirsch_bandeau.jpg\",\"datePublished\":\"2013-01-22T15:12:39+00:00\",\"dateModified\":\"2013-07-10T16:07:38+00:00\",\"inLanguage\":\"fr-FR\",\"potentialAction\":[{\"@type\":\"ReadAction\",\"target\":[\"https:\/\/lyonbondyblog.fr\/LBB\/ameliorer-patiemment-letat-de-la-pauvrete-en-france\/\"]}]},{\"@type\":\"ImageObject\",\"inLanguage\":\"fr-FR\",\"@id\":\"https:\/\/lyonbondyblog.fr\/LBB\/ameliorer-patiemment-letat-de-la-pauvrete-en-france\/#primaryimage\",\"url\":\"https:\/\/lyonbondyblog.fr\/LBB\/wp-content\/uploads\/2013\/07\/Martin_Hirsch_bandeau.jpg\",\"contentUrl\":\"https:\/\/lyonbondyblog.fr\/LBB\/wp-content\/uploads\/2013\/07\/Martin_Hirsch_bandeau.jpg\",\"width\":400,\"height\":200},{\"@type\":\"WebSite\",\"@id\":\"https:\/\/lyonbondyblog.fr\/LBB\/#website\",\"url\":\"https:\/\/lyonbondyblog.fr\/LBB\/\",\"name\":\"Lyon Bondy Blog\",\"description\":\"\",\"publisher\":{\"@id\":\"https:\/\/lyonbondyblog.fr\/LBB\/#organization\"},\"potentialAction\":[{\"@type\":\"SearchAction\",\"target\":{\"@type\":\"EntryPoint\",\"urlTemplate\":\"https:\/\/lyonbondyblog.fr\/LBB\/?s={search_term_string}\"},\"query-input\":\"required name=search_term_string\"}],\"inLanguage\":\"fr-FR\"},{\"@type\":\"Organization\",\"@id\":\"https:\/\/lyonbondyblog.fr\/LBB\/#organization\",\"name\":\"LYON BONDY BLOG\",\"url\":\"https:\/\/lyonbondyblog.fr\/LBB\/\",\"logo\":{\"@type\":\"ImageObject\",\"inLanguage\":\"fr-FR\",\"@id\":\"https:\/\/lyonbondyblog.fr\/LBB\/#\/schema\/logo\/image\/\",\"url\":\"http:\/\/lyonbondyblog.fr\/LBB\/wp-content\/uploads\/2014\/10\/logo-portable-144.png\",\"contentUrl\":\"http:\/\/lyonbondyblog.fr\/LBB\/wp-content\/uploads\/2014\/10\/logo-portable-144.png\",\"width\":144,\"height\":123,\"caption\":\"LYON BONDY BLOG\"},\"image\":{\"@id\":\"https:\/\/lyonbondyblog.fr\/LBB\/#\/schema\/logo\/image\/\"},\"sameAs\":[\"https:\/\/www.facebook.com\/lyonbondyblog\",\"https:\/\/x.com\/bondybloglyon\"]},{\"@type\":\"Person\",\"@id\":\"https:\/\/lyonbondyblog.fr\/LBB\/#\/schema\/person\/fa54602a4231b430ed6b9892a791c5ac\",\"name\":\"Elsa Laniesse\",\"url\":\"https:\/\/lyonbondyblog.fr\/LBB\/author\/elsa\/\"}]}<\/script>\n<!-- \/ Yoast SEO plugin. -->","yoast_head_json":{"title":"Am\u00e9liorer patiemment l'\u00e9tat de la pauvret\u00e9 en France - Lyon Bondy Blog","robots":{"index":"index","follow":"follow","max-snippet":"max-snippet:-1","max-image-preview":"max-image-preview:large","max-video-preview":"max-video-preview:-1"},"canonical":"https:\/\/lyonbondyblog.fr\/LBB\/ameliorer-patiemment-letat-de-la-pauvrete-en-france\/","og_locale":"fr_FR","og_type":"article","og_title":"Am\u00e9liorer patiemment l'\u00e9tat de la pauvret\u00e9 en France - Lyon Bondy Blog","og_description":"Le th\u00e9\u00e2tre de la Croix Rousse a fait salle comble hier. En cette soir\u00e9e du lundi 21 janvier 2012, ce n&rsquo;\u00e9tait pas une pi\u00e8ce qui &hellip;","og_url":"https:\/\/lyonbondyblog.fr\/LBB\/ameliorer-patiemment-letat-de-la-pauvrete-en-france\/","og_site_name":"Lyon Bondy Blog","article_publisher":"https:\/\/www.facebook.com\/lyonbondyblog","article_published_time":"2013-01-22T15:12:39+00:00","article_modified_time":"2013-07-10T16:07:38+00:00","og_image":[{"width":400,"height":200,"url":"https:\/\/lyonbondyblog.fr\/LBB\/wp-content\/uploads\/2013\/07\/Martin_Hirsch_bandeau.jpg","type":"image\/jpeg"}],"author":"Elsa Laniesse","twitter_card":"summary_large_image","twitter_creator":"@bondybloglyon","twitter_site":"@bondybloglyon","schema":{"@context":"https:\/\/schema.org","@graph":[{"@type":"Article","@id":"https:\/\/lyonbondyblog.fr\/LBB\/ameliorer-patiemment-letat-de-la-pauvrete-en-france\/#article","isPartOf":{"@id":"https:\/\/lyonbondyblog.fr\/LBB\/ameliorer-patiemment-letat-de-la-pauvrete-en-france\/"},"author":{"name":"Elsa Laniesse","@id":"https:\/\/lyonbondyblog.fr\/LBB\/#\/schema\/person\/fa54602a4231b430ed6b9892a791c5ac"},"headline":"Am\u00e9liorer patiemment l&rsquo;\u00e9tat de la pauvret\u00e9 en France","datePublished":"2013-01-22T15:12:39+00:00","dateModified":"2013-07-10T16:07:38+00:00","mainEntityOfPage":{"@id":"https:\/\/lyonbondyblog.fr\/LBB\/ameliorer-patiemment-letat-de-la-pauvrete-en-france\/"},"wordCount":1393,"commentCount":0,"publisher":{"@id":"https:\/\/lyonbondyblog.fr\/LBB\/#organization"},"image":{"@id":"https:\/\/lyonbondyblog.fr\/LBB\/ameliorer-patiemment-letat-de-la-pauvrete-en-france\/#primaryimage"},"thumbnailUrl":"https:\/\/lyonbondyblog.fr\/LBB\/wp-content\/uploads\/2013\/07\/Martin_Hirsch_bandeau.jpg","keywords":["france","lyon","Martin Hirsch","Nicolas Duroux","Nil Guillaume Allary","pauvret\u00e9","societe"],"articleSection":["Soci\u00e9t\u00e9"],"inLanguage":"fr-FR","potentialAction":[{"@type":"CommentAction","name":"Comment","target":["https:\/\/lyonbondyblog.fr\/LBB\/ameliorer-patiemment-letat-de-la-pauvrete-en-france\/#respond"]}]},{"@type":"WebPage","@id":"https:\/\/lyonbondyblog.fr\/LBB\/ameliorer-patiemment-letat-de-la-pauvrete-en-france\/","url":"https:\/\/lyonbondyblog.fr\/LBB\/ameliorer-patiemment-letat-de-la-pauvrete-en-france\/","name":"Am\u00e9liorer patiemment l'\u00e9tat de la pauvret\u00e9 en France - Lyon Bondy Blog","isPartOf":{"@id":"https:\/\/lyonbondyblog.fr\/LBB\/#website"},"primaryImageOfPage":{"@id":"https:\/\/lyonbondyblog.fr\/LBB\/ameliorer-patiemment-letat-de-la-pauvrete-en-france\/#primaryimage"},"image":{"@id":"https:\/\/lyonbondyblog.fr\/LBB\/ameliorer-patiemment-letat-de-la-pauvrete-en-france\/#primaryimage"},"thumbnailUrl":"https:\/\/lyonbondyblog.fr\/LBB\/wp-content\/uploads\/2013\/07\/Martin_Hirsch_bandeau.jpg","datePublished":"2013-01-22T15:12:39+00:00","dateModified":"2013-07-10T16:07:38+00:00","inLanguage":"fr-FR","potentialAction":[{"@type":"ReadAction","target":["https:\/\/lyonbondyblog.fr\/LBB\/ameliorer-patiemment-letat-de-la-pauvrete-en-france\/"]}]},{"@type":"ImageObject","inLanguage":"fr-FR","@id":"https:\/\/lyonbondyblog.fr\/LBB\/ameliorer-patiemment-letat-de-la-pauvrete-en-france\/#primaryimage","url":"https:\/\/lyonbondyblog.fr\/LBB\/wp-content\/uploads\/2013\/07\/Martin_Hirsch_bandeau.jpg","contentUrl":"https:\/\/lyonbondyblog.fr\/LBB\/wp-content\/uploads\/2013\/07\/Martin_Hirsch_bandeau.jpg","width":400,"height":200},{"@type":"WebSite","@id":"https:\/\/lyonbondyblog.fr\/LBB\/#website","url":"https:\/\/lyonbondyblog.fr\/LBB\/","name":"Lyon Bondy Blog","description":"","publisher":{"@id":"https:\/\/lyonbondyblog.fr\/LBB\/#organization"},"potentialAction":[{"@type":"SearchAction","target":{"@type":"EntryPoint","urlTemplate":"https:\/\/lyonbondyblog.fr\/LBB\/?s={search_term_string}"},"query-input":"required name=search_term_string"}],"inLanguage":"fr-FR"},{"@type":"Organization","@id":"https:\/\/lyonbondyblog.fr\/LBB\/#organization","name":"LYON BONDY BLOG","url":"https:\/\/lyonbondyblog.fr\/LBB\/","logo":{"@type":"ImageObject","inLanguage":"fr-FR","@id":"https:\/\/lyonbondyblog.fr\/LBB\/#\/schema\/logo\/image\/","url":"http:\/\/lyonbondyblog.fr\/LBB\/wp-content\/uploads\/2014\/10\/logo-portable-144.png","contentUrl":"http:\/\/lyonbondyblog.fr\/LBB\/wp-content\/uploads\/2014\/10\/logo-portable-144.png","width":144,"height":123,"caption":"LYON BONDY BLOG"},"image":{"@id":"https:\/\/lyonbondyblog.fr\/LBB\/#\/schema\/logo\/image\/"},"sameAs":["https:\/\/www.facebook.com\/lyonbondyblog","https:\/\/x.com\/bondybloglyon"]},{"@type":"Person","@id":"https:\/\/lyonbondyblog.fr\/LBB\/#\/schema\/person\/fa54602a4231b430ed6b9892a791c5ac","name":"Elsa Laniesse","url":"https:\/\/lyonbondyblog.fr\/LBB\/author\/elsa\/"}]}},"_links":{"self":[{"href":"https:\/\/lyonbondyblog.fr\/LBB\/wp-json\/wp\/v2\/posts\/619","targetHints":{"allow":["GET"]}}],"collection":[{"href":"https:\/\/lyonbondyblog.fr\/LBB\/wp-json\/wp\/v2\/posts"}],"about":[{"href":"https:\/\/lyonbondyblog.fr\/LBB\/wp-json\/wp\/v2\/types\/post"}],"author":[{"embeddable":true,"href":"https:\/\/lyonbondyblog.fr\/LBB\/wp-json\/wp\/v2\/users\/17"}],"replies":[{"embeddable":true,"href":"https:\/\/lyonbondyblog.fr\/LBB\/wp-json\/wp\/v2\/comments?post=619"}],"version-history":[{"count":0,"href":"https:\/\/lyonbondyblog.fr\/LBB\/wp-json\/wp\/v2\/posts\/619\/revisions"}],"wp:featuredmedia":[{"embeddable":true,"href":"https:\/\/lyonbondyblog.fr\/LBB\/wp-json\/wp\/v2\/media\/620"}],"wp:attachment":[{"href":"https:\/\/lyonbondyblog.fr\/LBB\/wp-json\/wp\/v2\/media?parent=619"}],"wp:term":[{"taxonomy":"category","embeddable":true,"href":"https:\/\/lyonbondyblog.fr\/LBB\/wp-json\/wp\/v2\/categories?post=619"},{"taxonomy":"post_tag","embeddable":true,"href":"https:\/\/lyonbondyblog.fr\/LBB\/wp-json\/wp\/v2\/tags?post=619"}],"curies":[{"name":"wp","href":"https:\/\/api.w.org\/{rel}","templated":true}]}}