{"id":6120,"date":"2014-03-18T11:53:02","date_gmt":"2014-03-18T10:53:02","guid":{"rendered":"http:\/\/lyonbondyblog.fr\/LBB\/?p=6120"},"modified":"2014-03-18T11:57:48","modified_gmt":"2014-03-18T10:57:48","slug":"elections-municipales-venissieux-le-maire-face-ses-anciens-coequipiers","status":"publish","type":"post","link":"https:\/\/lyonbondyblog.fr\/LBB\/elections-municipales-venissieux-le-maire-face-ses-anciens-coequipiers\/","title":{"rendered":"Elections municipales \u00e0 V\u00e9nissieux : Le maire face \u00e0 ses anciens co\u00e9quipiers"},"content":{"rendered":"<p><strong>A quelques jours des \u00e9lections, les candidats engag\u00e9s abordent la derni\u00e8re ligne droite de leur campagne. A V\u00e9nissieux, le communisme est dans la ligne de mire de pr\u00e9tendants revendiquant un changement radical. <a href=\"http:\/\/lotfi-benkhelifa.over-blog.fr\/\">Lotfi Ben Khelifa (PS<\/a>) et <a href=\"http:\/\/christophegirard-venissieux2014.fr\/\">Christophe Girard (Divers Droite)<\/a>, se rebellent et s\u2019expriment. Tour d\u2019Horizon. \u00a0\u00a0\u00a0\u00a0\u00a0\u00a0\u00a0\u00a0<\/strong><\/p>\n<p><img loading=\"lazy\" decoding=\"async\" width=\"600\" height=\"450\" class=\"aligncenter size-full wp-image-6121\" alt=\"DSCF3004\" src=\"https:\/\/lyonbondyblog.fr\/LBB\/wp-content\/uploads\/2014\/03\/DSCF3004.jpg\" srcset=\"https:\/\/lyonbondyblog.fr\/LBB\/wp-content\/uploads\/2014\/03\/DSCF3004.jpg 600w, https:\/\/lyonbondyblog.fr\/LBB\/wp-content\/uploads\/2014\/03\/DSCF3004-300x225.jpg 300w\" sizes=\"auto, (max-width: 600px) 100vw, 600px\" \/><\/p>\n<p>Pour beaucoup, la prise de la citadelle v\u00e9nissianne est un mirage dans un nuage de brume. Un r\u00eave rendu al\u00e9atoire par soixante quinze ans de communisme. <a href=\"http:\/\/www.linternaute.com\/elections-municipales\/resultats\/venissieux\/ville-69259\">Ils sont dix \u00e0 glaner le si\u00e8ge remport\u00e9<\/a> en <a href=\"http:\/\/elections.lefigaro.fr\/resultats\/elections-municipales-2008\/2eme-tour\/rhone\/69200\/venissieux\/\">2008 par Andr\u00e9 G\u00e9rin d\u00e8s le premier tour avec 52% des voix. <\/a><\/p>\n<p>A V\u00e9nissieux, on se forme souvent \u00e0 l\u2019AS Minguettes ou au Lyc\u00e9e Jacques Brel, comme Lotfi Ben Khelifa (43 ans) candidat PS n\u00e9 dans le Sud de la Tunisie. C\u2019est donc sur le plateau, berceau de <a href=\"https:\/\/lyonbondyblog.fr\/LBB\/category\/la-marche\/\" target=\"_blank\">La marche de l\u2019\u00e9galit\u00e9 en 1983<\/a> et qui compte vingt mille \u00e2mes, que l\u2019ancien cantonnier a grandi.<\/p>\n<p>Adjoint \u00e0 l\u2019Etat civil et aux formalit\u00e9s administratives depuis 2008, il arbore une voix militante qui porte loin dans les quartiers de la commune.<\/p>\n<blockquote><p>\u00ab\u00a0Je me suis engag\u00e9 pour faire vivre le milieu politique \u00e0 V\u00e9nissieux. Les communistes ont la main mise sur la vie associative ou les r\u00e9gies. Il fallait faire en sorte qu\u2019il y ait le choix. C\u2019est le cas aujourd\u2019hui\u00a0: un paradoxe malheureux au vu de la multiplicit\u00e9 des choix qui se pr\u00e9sentent aux \u00e9lecteurs\u00a0!\u00a0\u00bb<\/p><\/blockquote>\n<p>&nbsp;<\/p>\n<h1>Ben Khelifa-Picard\u00a0: le derby de la gauche v\u00e9nissianne<\/h1>\n<p>Ardemment oppos\u00e9 \u00e0 Andr\u00e9 G\u00e9rin, l\u2019ancien syndicaliste n\u2019h\u00e9site pas \u00e0 le comparer \u00e0 un gourou tirant encore sur les ficelles en d\u00e9plorant un manque de discernement de l\u2019\u00e9quipe actuelle. Pour lui:<\/p>\n<blockquote><p>\u00ab\u00a0Les gens ont leur mot \u00e0 dire, les conseils de quartiers ne doivent pas servir de chambre de r\u00e9clamation pour le Grand Lyon. Les \u00e9lus actuels g\u00e8rent les dossiers \u00e0 trois dans un bureau. Les gens ont le choix entre une gauche stalinienne avec Madame Picard et une droite villieriste avec Christophe Girard. Avec la liste Ensemble pour V\u00e9nissieux je propose de nouvelles alternatives avec toutes les sensibilit\u00e9s de la gauche au centre gauche. \u00bb<\/p><\/blockquote>\n<p><img loading=\"lazy\" decoding=\"async\" width=\"150\" height=\"113\" class=\"alignright size-full wp-image-6124\" alt=\"images\" src=\"https:\/\/lyonbondyblog.fr\/LBB\/wp-content\/uploads\/2014\/03\/images.jpg\" \/>Egalement issue des Minguettes, le maire sortant Mich\u00e8le Picard, amen\u00e9e \u00e0 remplacer Andr\u00e9 G\u00e9rin en 2009, s\u2019invective et monte au cr\u00e9neau face \u00e0 son ancien adjoint\u00a0en rappelant:<\/p>\n<blockquote><p>\u00ab\u00a0Mr Ben Khelifa a fait partie pendant six ans de l\u2019\u00e9quipe municipale sortante donc il fait parti du bilan. Il a vot\u00e9 toutes les d\u00e9cisions aux conseils municipales. Toutes ces ann\u00e9es de pr\u00e9sence du PC \u00e0 V\u00e9nissieux, c\u2019est la cr\u00e9ation d\u2019associations, des relais restaurants d\u2019enfants, la cantine scolaire qui a \u00e9t\u00e9 cr\u00e9\u00e9e apr\u00e8s guerre pour que tous les enfants puissent manger. En 2000, nous avons eu les premiers services de m\u00e9diation cr\u00e9\u00e9s au niveau national et une m\u00e9diath\u00e8que reconnue.\u00a0\u00bb<\/p><\/blockquote>\n<p>Elle d\u00e9fend une politique de proximit\u00e9 pourtant ironis\u00e9e par les repr\u00e9sentants du PS ou de l\u2019UMP.\u00a0 <em>\u00ab\u00a0Nous avons toujours travaill\u00e9 en proximit\u00e9, assure \u2013t-elle, que \u00e7a soit dans les conseils ou les assembl\u00e9es de quartiers avec des d\u00e9l\u00e9gu\u00e9s \u00e9lus par les habitants. Nous voulons \u00e9largir les d\u00e9bats avec des diff\u00e9rents th\u00e8mes. M\u00eame si on parle du quotidien des gens dans nos permanences, nous \u00e9voquons aussi les budgets, les PLUH (plan climat Grand Lyon). \u00bb<\/em><\/p>\n<h1>Le Grand Lyon\u00a0: un enjeu du d\u00e9bat politique<\/h1>\n<p><a href=\"http:\/\/www.rue89lyon.fr\/2013\/06\/07\/la-creation-de-la-metropole-de-lyon-en-2015-validee-par-le-senat\/\">Restrictive quand \u00e0 l\u2019id\u00e9e d\u2019une rentr\u00e9e de V\u00e9nissieux dans Le Grand Lyon en 2015<\/a>, elle n\u2019exclue pas l\u2019id\u00e9e de travailler avec la communaut\u00e9 urbaine.<\/p>\n<blockquote><p>\u00ab\u00a0Nous sommes contre les m\u00e9tropoles et cette r\u00e9organisation du territoire national faite sans aucune concertation des \u00e9lus ou de la population. C\u2019est la mise en concurrence des territoires et c\u2019est donc de la non \u00e9quit\u00e9. Nous avons toujours \u00e9t\u00e9 oppos\u00e9 au Grand Lyon depuis les ann\u00e9es soixante et cela ne nous a pas emp\u00each\u00e9 de travailler avec eux.\u00a0\u00bb<\/p><\/blockquote>\n<p>Soutenu par G\u00e9rard Collomb, Lotfi Ben Khelifa se f\u00e9licite d\u2019\u00eatre en phase avec le s\u00e9nateur maire sur le th\u00e8me de La M\u00e9tropole\u00a0:<\/p>\n<blockquote><p>\u00ab Ce serait une bouff\u00e9e d\u2019air pour la commune de V\u00e9nissieux notamment au niveau de l\u2019emploi qui demeure notre premier objectif. Un jeune sur trois est au ch\u00f4mage. La mission locale ne r\u00e9pond actuellement pas aux besoins de nos jeunes. Nous voulons mettre en place une Maison de l\u2019emploi pour l\u2019accompagnement dans la recherche et les formations professionnalisantes. Faire en sorte qu\u2019il y ait une interactivit\u00e9 entre toutes les institutions et cr\u00e9er une p\u00e9pini\u00e8re d\u2019entreprises. \u00bb<\/p><\/blockquote>\n<p>D\u00e9plorant \u00ab\u00a0le dogmatisme des communistes demeur\u00e9 trop dictatorial\u00a0\u00bb \u00e0 ce sujet, il veut redonner son statut de troisi\u00e8me ville du Rh\u00f4ne \u00e0 la commune avec l\u2019aide \u00e9galement de son colistier <a href=\"http:\/\/www.lyonmag.com\/article\/62021\/avec-la-metropole-de-lyon-le-sytral-pourrait-prendre-en-charge-les-transports-du-departement\">Bernard Rivalta, pr\u00e9sident du SYTRAL.<\/a><\/p>\n<h1>Christophe Girard, le perturbateur<img loading=\"lazy\" decoding=\"async\" width=\"150\" height=\"83\" class=\"alignright size-full wp-image-6123\" alt=\"girard\" src=\"https:\/\/lyonbondyblog.fr\/LBB\/wp-content\/uploads\/2014\/03\/girard.jpg\" \/><\/h1>\n<p>D\u00e9j\u00e0 candidat en 2008 et ancien conseiller municipal, le chef de liste Divers droite Christophe Girard (47 ans) fait parler de lui avec sa d\u00e9termination \u00e0 faire vaciller la gauche r\u00e9gnante.<\/p>\n<blockquote><p>\u00ab Les jeunes comprennent vraiment qu\u2019on les a instrumentalis\u00e9s et les choses sont en train de changer. La victoire viendra par les quartiers populaires contrairement \u00e0 ce que l\u2019on peut croire. Il faut mettre un terme \u00e0 cette souffrance. On maintient la mis\u00e8re pour qu\u2019on y reste et pour maintenir un vote r\u00e9volutionnaire donc un vote communiste. \u00bb<\/p><\/blockquote>\n<p>Il pr\u00e9sente sa candidature comme celle d\u2019une liste\u00a0<em>\u00ab\u00a0qui rassemble cinq membres de l\u2019UMP, deux membres de l\u2019UDI et 80% de gens qui sont sans \u00e9tiquettes. C\u2019est une liste qui n\u2019oppose pas les gens mais qui les rassemble. \u00bb<\/em><\/p>\n<p>Egalement tr\u00e8s critique \u00e0 l\u2019\u00e9gard de la politique \u00e0 laquelle il a particip\u00e9, il propose <em>\u00ab d\u2019am\u00e9liorer l\u2019efficacit\u00e9 de l\u2019\u00e9quipe municipale ayant une tendance \u00e0 diviser pour mieux r\u00e9gner. Je ne veux pas de la politique de Bernard Rivalta ou G\u00e9rard Collomb, mais une politique de proximit\u00e9. Il faut un \u00e9lan positif \u00e0 V\u00e9nissieux.\u00bb<\/em><\/p>\n<h1>Tous d\u2019accords sur l\u2019extr\u00eame droite<\/h1>\n<p><img loading=\"lazy\" decoding=\"async\" width=\"131\" height=\"90\" class=\"alignright size-full wp-image-6125\" alt=\"Salle1\" src=\"https:\/\/lyonbondyblog.fr\/LBB\/wp-content\/uploads\/2014\/03\/Salle1.jpg\" \/>L\u2019extr\u00e9misme et la discrimination sont des th\u00e8mes qui inqui\u00e8tent dans cette ville comptant pr\u00e8s de soixante dix nationalit\u00e9s. Le liste du FN \u00ab\u00a0V\u00e9nissieux fait front\u00a0\u00bb men\u00e9e par Yvan Benedetti avait termin\u00e9 troisi\u00e8me en 2008, r\u00e9alisant 11,16% des voix.<\/p>\n<p>La campagne du chef de liste PS Lotfi Ben Khelifa s\u2019est trouv\u00e9e parfois confront\u00e9e \u00e0 de nombreuses intimidations, notamment avec des affiches tagu\u00e9es.<\/p>\n<blockquote><p><a href=\"http:\/\/www.lyonmag.com\/article\/62773\/liste-benedetti-gabriac-les-candidats-etaient-ils-conscients-de-s-engager-sur-une-liste-nationaliste\">\u00ab\u00a0Les candidats Mr Gabriac et Mr Benedetti<\/a> n\u2019ont aucun de programme et sont dangereux pour leurs propres votants, dit Lotfi Ben Khalifa. A V\u00e9nissieux, il n\u2019y a pas de place pour le nazisme ou le fascisme. C\u2019est une terre de gauche et de d\u00e9mocratie. \u00bb<\/p><\/blockquote>\n<p>Christophe Girard pr\u00e9vient :<\/p>\n<blockquote><p>\u00ab\u00a0Moins on en parle mieux on se porte\u00a0! On fait de la pub pour ces gens-l\u00e0 sans jamais les voir sur le terrain. Ils sont l\u00e0 pour r\u00e9colter les voix des gens exasp\u00e9r\u00e9s, et cela ne servira qu\u2019\u00e0 maintenir le syst\u00e8me en place. \u00bb<\/p><\/blockquote>\n<p>Pour combattre l\u2019extr\u00e9misme grandissant, il pr\u00e9conise\u00a0<em>\u00ab\u00a0d\u2019\u00e9couter plus attentivement les v\u00e9nissians, arr\u00eater de les rejeter perp\u00e9tuellement et leur proposer plus de solutions sur l\u2019avenir. Enlever ce carcan communiste \u00e0 V\u00e9nissieux qui nourrit les extr\u00eames. \u00bb<\/em><\/p>\n<p>Madame Picard ne per\u00e7oit pas la liste FN comme un buzz. Elle rappelle qu\u2019Yvan Benedetti a \u00e9t\u00e9 aussi \u00e9lu en 2008 au conseil municipal puis exclu par la suite pour des propos racistes et x\u00e9nophobes.<\/p>\n<blockquote><p>\u00ab Yvan Benedetti et Alexandre Gabriac ont le droit de se pr\u00e9senter dans le syst\u00e8me r\u00e9publicain m\u00eame si leur mouvement <a href=\"http:\/\/fr.wikipedia.org\/wiki\/Jeunesses_nationalistes\">Jeunesse nationalistes<\/a> a fait l\u2019objet d\u2019un d\u00e9cret d\u2019interdiction en juillet 2013 par Manuel Valls. \u00bb<\/p><\/blockquote>\n<p>Avant de souligner\u00a0: <em>\u00ab\u00a0<a href=\"http:\/\/rhone-alpes.france3.fr\/info\/lyon-rassemblements-improvises-et-sauvages-74641178.html\">Par contre la candidature des nationalistes est un pied de nez \u00e0 Andr\u00e9 Gerin qui s\u2019est oppos\u00e9 aux manifestations hitl\u00e9rienne de La Part-Dieu le 23 Juin 2012.<\/a> C\u2019est une offense et une insulte \u00e0 toute l\u2019histoire v\u00e9nissiane. La ville s\u2019est lib\u00e9r\u00e9e d\u2019elle-m\u00eame des nazis, suite a un mouvement d\u2019insurrection des ouvriers. Voir des affiches \u00ab\u00a0la France aux fran\u00e7ais\u00a0\u00bb, je trouve cela insultant.\u00a0\u00bb<\/em><\/p>\n<h1>D\u2019autres \u00e9lus sortants en lice<\/h1>\n<p>D\u2019autres candidats sont issus de l\u2019\u00e9quipe municipale sortante\u00a0: El\u00e9azar Bafounta (Liste Divers) ancien adjoint aux d\u00e9placements urbains, Maurice Iacovella (Liste Union D\u00e9mocrates et ind\u00e9pendants) conseiller municipal et Samia Hamkidem Le Desert (Divers gauche) en tant que conseill\u00e8re communautaire. L\u2019exp\u00e9rience du contexte politique sera-t-elle un atout\u00a0?<\/p>\n<p>Marie Christine Seeman (Liste Extr\u00eame gauche) et Mounir Grami (Liste Divers) qui n\u2019ont pas cette \u00e9tiquette tenteront de ne pas \u00eatre que des observateurs dans cette comp\u00e9tition de gauche.<\/p>\n<!-- AddThis Advanced Settings generic via filter on the_content --><!-- AddThis Share Buttons generic via filter on the_content -->","protected":false},"excerpt":{"rendered":"<p>A quelques jours des \u00e9lections, les candidats engag\u00e9s abordent la derni\u00e8re ligne droite de leur campagne. A V\u00e9nissieux, le communisme est dans la ligne de &hellip; <!-- AddThis Advanced Settings generic via filter on wp_trim_excerpt --><!-- AddThis Share Buttons generic via filter on wp_trim_excerpt --><\/p>\n","protected":false},"author":28,"featured_media":6129,"comment_status":"open","ping_status":"open","sticky":false,"template":"","format":"standard","meta":{"_FSMCFIC_featured_image_caption":"","_FSMCFIC_featured_image_nocaption":"","_FSMCFIC_featured_image_hide":"","footnotes":""},"categories":[4,7,6],"tags":[614,602,432,11,961,135,10,380,262,165,42],"class_list":["post-6120","post","type-post","status-publish","format-standard","has-post-thumbnail","hentry","category-lyon","category-municipales2014","category-politique","tag-614","tag-democratie","tag-election","tag-france-2","tag-la-marche-2","tag-lbb","tag-lyon-2","tag-maire","tag-municipales","tag-politique-2","tag-venissieux"],"yoast_head":"<!-- This site is optimized with the Yoast SEO plugin v22.8 - https:\/\/yoast.com\/wordpress\/plugins\/seo\/ -->\n<title>Elections municipales \u00e0 V\u00e9nissieux : Le maire face \u00e0 ses anciens co\u00e9quipiers - Lyon Bondy Blog<\/title>\n<meta name=\"robots\" content=\"index, follow, max-snippet:-1, max-image-preview:large, max-video-preview:-1\" \/>\n<link rel=\"canonical\" href=\"https:\/\/lyonbondyblog.fr\/LBB\/elections-municipales-venissieux-le-maire-face-ses-anciens-coequipiers\/\" \/>\n<meta property=\"og:locale\" content=\"fr_FR\" \/>\n<meta property=\"og:type\" content=\"article\" \/>\n<meta property=\"og:title\" content=\"Elections municipales \u00e0 V\u00e9nissieux : Le maire face \u00e0 ses anciens co\u00e9quipiers - Lyon Bondy Blog\" \/>\n<meta property=\"og:description\" content=\"A quelques jours des \u00e9lections, les candidats engag\u00e9s abordent la derni\u00e8re ligne droite de leur campagne. A V\u00e9nissieux, le communisme est dans la ligne de &hellip;\" \/>\n<meta property=\"og:url\" content=\"https:\/\/lyonbondyblog.fr\/LBB\/elections-municipales-venissieux-le-maire-face-ses-anciens-coequipiers\/\" \/>\n<meta property=\"og:site_name\" content=\"Lyon Bondy Blog\" \/>\n<meta property=\"article:publisher\" content=\"https:\/\/www.facebook.com\/lyonbondyblog\" \/>\n<meta property=\"article:published_time\" content=\"2014-03-18T10:53:02+00:00\" \/>\n<meta property=\"article:modified_time\" content=\"2014-03-18T10:57:48+00:00\" \/>\n<meta property=\"og:image\" content=\"https:\/\/lyonbondyblog.fr\/LBB\/wp-content\/uploads\/2014\/03\/lotfi-Une.jpg\" \/>\n\t<meta property=\"og:image:width\" content=\"600\" \/>\n\t<meta property=\"og:image:height\" content=\"400\" \/>\n\t<meta property=\"og:image:type\" content=\"image\/jpeg\" \/>\n<meta name=\"author\" content=\"Mohamed Braiki\" \/>\n<meta name=\"twitter:card\" content=\"summary_large_image\" \/>\n<meta name=\"twitter:creator\" content=\"@bondybloglyon\" \/>\n<meta name=\"twitter:site\" content=\"@bondybloglyon\" \/>\n<script type=\"application\/ld+json\" class=\"yoast-schema-graph\">{\"@context\":\"https:\/\/schema.org\",\"@graph\":[{\"@type\":\"Article\",\"@id\":\"https:\/\/lyonbondyblog.fr\/LBB\/elections-municipales-venissieux-le-maire-face-ses-anciens-coequipiers\/#article\",\"isPartOf\":{\"@id\":\"https:\/\/lyonbondyblog.fr\/LBB\/elections-municipales-venissieux-le-maire-face-ses-anciens-coequipiers\/\"},\"author\":{\"name\":\"Mohamed Braiki\",\"@id\":\"https:\/\/lyonbondyblog.fr\/LBB\/#\/schema\/person\/558339ea4e67b07f7a2df48e9605b75c\"},\"headline\":\"Elections municipales \u00e0 V\u00e9nissieux : Le maire face \u00e0 ses anciens co\u00e9quipiers\",\"datePublished\":\"2014-03-18T10:53:02+00:00\",\"dateModified\":\"2014-03-18T10:57:48+00:00\",\"mainEntityOfPage\":{\"@id\":\"https:\/\/lyonbondyblog.fr\/LBB\/elections-municipales-venissieux-le-maire-face-ses-anciens-coequipiers\/\"},\"wordCount\":1497,\"commentCount\":1,\"publisher\":{\"@id\":\"https:\/\/lyonbondyblog.fr\/LBB\/#organization\"},\"image\":{\"@id\":\"https:\/\/lyonbondyblog.fr\/LBB\/elections-municipales-venissieux-le-maire-face-ses-anciens-coequipiers\/#primaryimage\"},\"thumbnailUrl\":\"https:\/\/lyonbondyblog.fr\/LBB\/wp-content\/uploads\/2014\/03\/lotfi-Une.jpg\",\"keywords\":[\"2014\",\"d\u00e9mocratie\",\"election\",\"france\",\"la marche\",\"LBB\",\"lyon\",\"maire\",\"municipales\",\"politique\",\"venissieux\"],\"articleSection\":[\"Lyon\",\"Municipales 2014\",\"Politique\"],\"inLanguage\":\"fr-FR\",\"potentialAction\":[{\"@type\":\"CommentAction\",\"name\":\"Comment\",\"target\":[\"https:\/\/lyonbondyblog.fr\/LBB\/elections-municipales-venissieux-le-maire-face-ses-anciens-coequipiers\/#respond\"]}]},{\"@type\":\"WebPage\",\"@id\":\"https:\/\/lyonbondyblog.fr\/LBB\/elections-municipales-venissieux-le-maire-face-ses-anciens-coequipiers\/\",\"url\":\"https:\/\/lyonbondyblog.fr\/LBB\/elections-municipales-venissieux-le-maire-face-ses-anciens-coequipiers\/\",\"name\":\"Elections municipales \u00e0 V\u00e9nissieux : Le maire face \u00e0 ses anciens co\u00e9quipiers - Lyon Bondy Blog\",\"isPartOf\":{\"@id\":\"https:\/\/lyonbondyblog.fr\/LBB\/#website\"},\"primaryImageOfPage\":{\"@id\":\"https:\/\/lyonbondyblog.fr\/LBB\/elections-municipales-venissieux-le-maire-face-ses-anciens-coequipiers\/#primaryimage\"},\"image\":{\"@id\":\"https:\/\/lyonbondyblog.fr\/LBB\/elections-municipales-venissieux-le-maire-face-ses-anciens-coequipiers\/#primaryimage\"},\"thumbnailUrl\":\"https:\/\/lyonbondyblog.fr\/LBB\/wp-content\/uploads\/2014\/03\/lotfi-Une.jpg\",\"datePublished\":\"2014-03-18T10:53:02+00:00\",\"dateModified\":\"2014-03-18T10:57:48+00:00\",\"inLanguage\":\"fr-FR\",\"potentialAction\":[{\"@type\":\"ReadAction\",\"target\":[\"https:\/\/lyonbondyblog.fr\/LBB\/elections-municipales-venissieux-le-maire-face-ses-anciens-coequipiers\/\"]}]},{\"@type\":\"ImageObject\",\"inLanguage\":\"fr-FR\",\"@id\":\"https:\/\/lyonbondyblog.fr\/LBB\/elections-municipales-venissieux-le-maire-face-ses-anciens-coequipiers\/#primaryimage\",\"url\":\"https:\/\/lyonbondyblog.fr\/LBB\/wp-content\/uploads\/2014\/03\/lotfi-Une.jpg\",\"contentUrl\":\"https:\/\/lyonbondyblog.fr\/LBB\/wp-content\/uploads\/2014\/03\/lotfi-Une.jpg\",\"width\":600,\"height\":400},{\"@type\":\"WebSite\",\"@id\":\"https:\/\/lyonbondyblog.fr\/LBB\/#website\",\"url\":\"https:\/\/lyonbondyblog.fr\/LBB\/\",\"name\":\"Lyon Bondy Blog\",\"description\":\"\",\"publisher\":{\"@id\":\"https:\/\/lyonbondyblog.fr\/LBB\/#organization\"},\"potentialAction\":[{\"@type\":\"SearchAction\",\"target\":{\"@type\":\"EntryPoint\",\"urlTemplate\":\"https:\/\/lyonbondyblog.fr\/LBB\/?s={search_term_string}\"},\"query-input\":\"required name=search_term_string\"}],\"inLanguage\":\"fr-FR\"},{\"@type\":\"Organization\",\"@id\":\"https:\/\/lyonbondyblog.fr\/LBB\/#organization\",\"name\":\"LYON BONDY BLOG\",\"url\":\"https:\/\/lyonbondyblog.fr\/LBB\/\",\"logo\":{\"@type\":\"ImageObject\",\"inLanguage\":\"fr-FR\",\"@id\":\"https:\/\/lyonbondyblog.fr\/LBB\/#\/schema\/logo\/image\/\",\"url\":\"http:\/\/lyonbondyblog.fr\/LBB\/wp-content\/uploads\/2014\/10\/logo-portable-144.png\",\"contentUrl\":\"http:\/\/lyonbondyblog.fr\/LBB\/wp-content\/uploads\/2014\/10\/logo-portable-144.png\",\"width\":144,\"height\":123,\"caption\":\"LYON BONDY BLOG\"},\"image\":{\"@id\":\"https:\/\/lyonbondyblog.fr\/LBB\/#\/schema\/logo\/image\/\"},\"sameAs\":[\"https:\/\/www.facebook.com\/lyonbondyblog\",\"https:\/\/x.com\/bondybloglyon\"]},{\"@type\":\"Person\",\"@id\":\"https:\/\/lyonbondyblog.fr\/LBB\/#\/schema\/person\/558339ea4e67b07f7a2df48e9605b75c\",\"name\":\"Mohamed Braiki\",\"description\":\"Natif de Lyon et enfant des Minguettes, je suis dipl\u00f4m\u00e9 de Lettres de la Fac de Lyon 2 et l\u2019EFAP Rh\u00f4ne Alpes. J\u2019ai roul\u00e9 ma bosse dans des r\u00e9dactions lyonnaises comme la radio Lyon Sport 98.4, Le Progr\u00e8s, Foot 69.fr, Tribune de Lyon et Lyon Capitale. braikimohamed@yahoo.fr\",\"url\":\"https:\/\/lyonbondyblog.fr\/LBB\/author\/mohamed\/\"}]}<\/script>\n<!-- \/ Yoast SEO plugin. -->","yoast_head_json":{"title":"Elections municipales \u00e0 V\u00e9nissieux : Le maire face \u00e0 ses anciens co\u00e9quipiers - Lyon Bondy Blog","robots":{"index":"index","follow":"follow","max-snippet":"max-snippet:-1","max-image-preview":"max-image-preview:large","max-video-preview":"max-video-preview:-1"},"canonical":"https:\/\/lyonbondyblog.fr\/LBB\/elections-municipales-venissieux-le-maire-face-ses-anciens-coequipiers\/","og_locale":"fr_FR","og_type":"article","og_title":"Elections municipales \u00e0 V\u00e9nissieux : Le maire face \u00e0 ses anciens co\u00e9quipiers - Lyon Bondy Blog","og_description":"A quelques jours des \u00e9lections, les candidats engag\u00e9s abordent la derni\u00e8re ligne droite de leur campagne. A V\u00e9nissieux, le communisme est dans la ligne de &hellip;","og_url":"https:\/\/lyonbondyblog.fr\/LBB\/elections-municipales-venissieux-le-maire-face-ses-anciens-coequipiers\/","og_site_name":"Lyon Bondy Blog","article_publisher":"https:\/\/www.facebook.com\/lyonbondyblog","article_published_time":"2014-03-18T10:53:02+00:00","article_modified_time":"2014-03-18T10:57:48+00:00","og_image":[{"width":600,"height":400,"url":"https:\/\/lyonbondyblog.fr\/LBB\/wp-content\/uploads\/2014\/03\/lotfi-Une.jpg","type":"image\/jpeg"}],"author":"Mohamed Braiki","twitter_card":"summary_large_image","twitter_creator":"@bondybloglyon","twitter_site":"@bondybloglyon","schema":{"@context":"https:\/\/schema.org","@graph":[{"@type":"Article","@id":"https:\/\/lyonbondyblog.fr\/LBB\/elections-municipales-venissieux-le-maire-face-ses-anciens-coequipiers\/#article","isPartOf":{"@id":"https:\/\/lyonbondyblog.fr\/LBB\/elections-municipales-venissieux-le-maire-face-ses-anciens-coequipiers\/"},"author":{"name":"Mohamed Braiki","@id":"https:\/\/lyonbondyblog.fr\/LBB\/#\/schema\/person\/558339ea4e67b07f7a2df48e9605b75c"},"headline":"Elections municipales \u00e0 V\u00e9nissieux : Le maire face \u00e0 ses anciens co\u00e9quipiers","datePublished":"2014-03-18T10:53:02+00:00","dateModified":"2014-03-18T10:57:48+00:00","mainEntityOfPage":{"@id":"https:\/\/lyonbondyblog.fr\/LBB\/elections-municipales-venissieux-le-maire-face-ses-anciens-coequipiers\/"},"wordCount":1497,"commentCount":1,"publisher":{"@id":"https:\/\/lyonbondyblog.fr\/LBB\/#organization"},"image":{"@id":"https:\/\/lyonbondyblog.fr\/LBB\/elections-municipales-venissieux-le-maire-face-ses-anciens-coequipiers\/#primaryimage"},"thumbnailUrl":"https:\/\/lyonbondyblog.fr\/LBB\/wp-content\/uploads\/2014\/03\/lotfi-Une.jpg","keywords":["2014","d\u00e9mocratie","election","france","la marche","LBB","lyon","maire","municipales","politique","venissieux"],"articleSection":["Lyon","Municipales 2014","Politique"],"inLanguage":"fr-FR","potentialAction":[{"@type":"CommentAction","name":"Comment","target":["https:\/\/lyonbondyblog.fr\/LBB\/elections-municipales-venissieux-le-maire-face-ses-anciens-coequipiers\/#respond"]}]},{"@type":"WebPage","@id":"https:\/\/lyonbondyblog.fr\/LBB\/elections-municipales-venissieux-le-maire-face-ses-anciens-coequipiers\/","url":"https:\/\/lyonbondyblog.fr\/LBB\/elections-municipales-venissieux-le-maire-face-ses-anciens-coequipiers\/","name":"Elections municipales \u00e0 V\u00e9nissieux : Le maire face \u00e0 ses anciens co\u00e9quipiers - Lyon Bondy Blog","isPartOf":{"@id":"https:\/\/lyonbondyblog.fr\/LBB\/#website"},"primaryImageOfPage":{"@id":"https:\/\/lyonbondyblog.fr\/LBB\/elections-municipales-venissieux-le-maire-face-ses-anciens-coequipiers\/#primaryimage"},"image":{"@id":"https:\/\/lyonbondyblog.fr\/LBB\/elections-municipales-venissieux-le-maire-face-ses-anciens-coequipiers\/#primaryimage"},"thumbnailUrl":"https:\/\/lyonbondyblog.fr\/LBB\/wp-content\/uploads\/2014\/03\/lotfi-Une.jpg","datePublished":"2014-03-18T10:53:02+00:00","dateModified":"2014-03-18T10:57:48+00:00","inLanguage":"fr-FR","potentialAction":[{"@type":"ReadAction","target":["https:\/\/lyonbondyblog.fr\/LBB\/elections-municipales-venissieux-le-maire-face-ses-anciens-coequipiers\/"]}]},{"@type":"ImageObject","inLanguage":"fr-FR","@id":"https:\/\/lyonbondyblog.fr\/LBB\/elections-municipales-venissieux-le-maire-face-ses-anciens-coequipiers\/#primaryimage","url":"https:\/\/lyonbondyblog.fr\/LBB\/wp-content\/uploads\/2014\/03\/lotfi-Une.jpg","contentUrl":"https:\/\/lyonbondyblog.fr\/LBB\/wp-content\/uploads\/2014\/03\/lotfi-Une.jpg","width":600,"height":400},{"@type":"WebSite","@id":"https:\/\/lyonbondyblog.fr\/LBB\/#website","url":"https:\/\/lyonbondyblog.fr\/LBB\/","name":"Lyon Bondy Blog","description":"","publisher":{"@id":"https:\/\/lyonbondyblog.fr\/LBB\/#organization"},"potentialAction":[{"@type":"SearchAction","target":{"@type":"EntryPoint","urlTemplate":"https:\/\/lyonbondyblog.fr\/LBB\/?s={search_term_string}"},"query-input":"required name=search_term_string"}],"inLanguage":"fr-FR"},{"@type":"Organization","@id":"https:\/\/lyonbondyblog.fr\/LBB\/#organization","name":"LYON BONDY BLOG","url":"https:\/\/lyonbondyblog.fr\/LBB\/","logo":{"@type":"ImageObject","inLanguage":"fr-FR","@id":"https:\/\/lyonbondyblog.fr\/LBB\/#\/schema\/logo\/image\/","url":"http:\/\/lyonbondyblog.fr\/LBB\/wp-content\/uploads\/2014\/10\/logo-portable-144.png","contentUrl":"http:\/\/lyonbondyblog.fr\/LBB\/wp-content\/uploads\/2014\/10\/logo-portable-144.png","width":144,"height":123,"caption":"LYON BONDY BLOG"},"image":{"@id":"https:\/\/lyonbondyblog.fr\/LBB\/#\/schema\/logo\/image\/"},"sameAs":["https:\/\/www.facebook.com\/lyonbondyblog","https:\/\/x.com\/bondybloglyon"]},{"@type":"Person","@id":"https:\/\/lyonbondyblog.fr\/LBB\/#\/schema\/person\/558339ea4e67b07f7a2df48e9605b75c","name":"Mohamed Braiki","description":"Natif de Lyon et enfant des Minguettes, je suis dipl\u00f4m\u00e9 de Lettres de la Fac de Lyon 2 et l\u2019EFAP Rh\u00f4ne Alpes. J\u2019ai roul\u00e9 ma bosse dans des r\u00e9dactions lyonnaises comme la radio Lyon Sport 98.4, Le Progr\u00e8s, Foot 69.fr, Tribune de Lyon et Lyon Capitale. braikimohamed@yahoo.fr","url":"https:\/\/lyonbondyblog.fr\/LBB\/author\/mohamed\/"}]}},"_links":{"self":[{"href":"https:\/\/lyonbondyblog.fr\/LBB\/wp-json\/wp\/v2\/posts\/6120","targetHints":{"allow":["GET"]}}],"collection":[{"href":"https:\/\/lyonbondyblog.fr\/LBB\/wp-json\/wp\/v2\/posts"}],"about":[{"href":"https:\/\/lyonbondyblog.fr\/LBB\/wp-json\/wp\/v2\/types\/post"}],"author":[{"embeddable":true,"href":"https:\/\/lyonbondyblog.fr\/LBB\/wp-json\/wp\/v2\/users\/28"}],"replies":[{"embeddable":true,"href":"https:\/\/lyonbondyblog.fr\/LBB\/wp-json\/wp\/v2\/comments?post=6120"}],"version-history":[{"count":0,"href":"https:\/\/lyonbondyblog.fr\/LBB\/wp-json\/wp\/v2\/posts\/6120\/revisions"}],"wp:featuredmedia":[{"embeddable":true,"href":"https:\/\/lyonbondyblog.fr\/LBB\/wp-json\/wp\/v2\/media\/6129"}],"wp:attachment":[{"href":"https:\/\/lyonbondyblog.fr\/LBB\/wp-json\/wp\/v2\/media?parent=6120"}],"wp:term":[{"taxonomy":"category","embeddable":true,"href":"https:\/\/lyonbondyblog.fr\/LBB\/wp-json\/wp\/v2\/categories?post=6120"},{"taxonomy":"post_tag","embeddable":true,"href":"https:\/\/lyonbondyblog.fr\/LBB\/wp-json\/wp\/v2\/tags?post=6120"}],"curies":[{"name":"wp","href":"https:\/\/api.w.org\/{rel}","templated":true}]}}