{"id":6098,"date":"2014-03-14T17:15:41","date_gmt":"2014-03-14T16:15:41","guid":{"rendered":"http:\/\/lyonbondyblog.fr\/LBB\/?p=6098"},"modified":"2014-03-28T15:13:00","modified_gmt":"2014-03-28T14:13:00","slug":"musees-numerique-mac-lyon-episode-2","status":"publish","type":"post","link":"https:\/\/lyonbondyblog.fr\/LBB\/musees-numerique-mac-lyon-episode-2\/","title":{"rendered":"Mus\u00e9es et Num\u00e9rique : Mac Lyon \u00e9pisode 2"},"content":{"rendered":"<p><strong>On le voit, les mus\u00e9es sont pr\u00e9sents sur le web et tissent des liens avec les internautes. Je reprendrai les termes de Laurence Lessing, fondateur de Creative Commons, qui dit que nous sommes en train de passer de la \u00ab read-only \u00bb culture \u00e0 la \u00ab read-write \u00bb culture. Voyons comment le Mac Lyon communique avec les publics.\u00a0<\/strong><\/p>\n<p><img loading=\"lazy\" decoding=\"async\" width=\"600\" height=\"347\" class=\"aligncenter size-full wp-image-6054\" alt=\"combas-billet-final-2\" src=\"https:\/\/lyonbondyblog.fr\/LBB\/wp-content\/uploads\/2014\/03\/combas-billet-final-2.jpg\" srcset=\"https:\/\/lyonbondyblog.fr\/LBB\/wp-content\/uploads\/2014\/03\/combas-billet-final-2.jpg 600w, https:\/\/lyonbondyblog.fr\/LBB\/wp-content\/uploads\/2014\/03\/combas-billet-final-2-300x173.jpg 300w\" sizes=\"auto, (max-width: 600px) 100vw, 600px\" \/><\/p>\n<p><strong>Pour commencer, comment proposez-vous d\u2019interagir avant la visite du mus\u00e9e ?<\/strong><br \/>\n<strong>Muriel Jaby<\/strong>\u00a0:<strong>\u00a0<\/strong>\u00a0Tout d\u2019abord, j\u2019aimerais dire que l\u2019interaction avec les publics est assez logique. Nous faisons d\u00e9j\u00e0 de la m\u00e9diation aupr\u00e8s du public durant des visites comment\u00e9es. Il n\u2019y a donc aucune raison pour qu\u2019il n\u2019y ait pas de parall\u00e8le \u00e9tabli avec le monde num\u00e9rique en dehors de la visite physique.<br \/>\nAu final, interagir avec les publics sur les r\u00e9seaux sociaux n\u2019est pas une r\u00e9volution mais, \u00e0 mon sens, il s\u2019agit plus d\u2019une mutation des pratiques num\u00e9riques. Au sein du Mus\u00e9e nous le vivons comme tel.<br \/>\n<strong>Karel Cioffi<\/strong>\u00a0: Tout \u00e0 fait. Avant de venir voir une exposition, le public peut d\u00e9couvrir des textes et photographies de l\u2019installation. Nous proposons aussi de faire des visites \u00e0 360 degr\u00e9s des espaces d\u2019exposition.<\/p>\n<p><strong>Faut-il tout montrer, avant une visite ?<\/strong><br \/>\n<strong>M.J.<\/strong>\u00a0: Ces visites virtuelles sont d\u00e9j\u00e0 propos\u00e9es depuis 7-8 ans.<br \/>\n<strong>K.C.<\/strong>\u00a0: La vraie question est : \u00ab qu\u2019est-ce qu\u2019on donne \u00e0 voir et jusqu\u2019o\u00f9 ?\u00bb.<br \/>\n<strong>M.J.<\/strong>\u00a0: Il arrive que nous d\u00e9cidions avec notre partenaire,\u00a0<a title=\" http:\/\/www.visiterlyon.com\/-musee-d-art-contemporain-de-lyon-190-.html\" href=\"http:\/\/www.visiterlyon.com\/-musee-d-art-contemporain-de-lyon-190-.html\" target=\"_blank\">VISITER LYON<\/a>\u00a0de ne pas montrer l\u2019ensemble des espaces. Quand on a une grande exposition de type r\u00e9trospective, nous allons s\u00e9lectionner des salles repr\u00e9sentatives. Il faut garder une part de myst\u00e8re pour la visite sur place. Il faut garder \u00e0 l\u2019esprit que nous exposons des artistes internationaux pas forc\u00e9ment connus du grand public comme\u00a0<a title=\"http:\/\/www.mac-lyon.com\/mac\/sections\/fr\/expositions\/2013\/latifa_echakhch\" href=\"http:\/\/www.mac-lyon.com\/mac\/sections\/fr\/expositions\/2013\/latifa_echakhch\" target=\"_blank\">Latifa Echakhch<\/a>\u00a0 ou\u00a0<a title=\"http:\/\/www.mac-lyon.com\/mac\/sections\/fr\/expositions\/2013\/huang_yong_ping\" href=\"http:\/\/www.mac-lyon.com\/mac\/sections\/fr\/expositions\/2013\/huang_yong_ping\" target=\"_blank\">Huang Yong Ping<\/a>\u00a0. C\u2019est pourquoi, il est important d\u2019illustrer le propos de l\u2019exposition avec des images qui montrent au public ce qu\u2019il va voir, sans pour autant tout d\u00e9voiler\u2026 Nous faisons souvent le choix de ne pas d\u00e9voiler 100% d\u2019une exposition.<\/p>\n<p><strong>Concernant la collection du MAC Lyon, que montrez-vous ?<\/strong><br \/>\n<strong>M.J.<\/strong>\u00a0: Nous avons une contrainte physique du lieu. La surface d\u2019exposition est de 2700 m2 alors que la\u00a0<a title=\" http:\/\/artdesigntendance.com\/les-dessous-dune-collection\/\" href=\"http:\/\/artdesigntendance.com\/les-dessous-dune-collection\/\" target=\"_blank\">collection\u00a0<\/a>contient plus de 1000 \u0153uvres repr\u00e9sentant une superficie sup\u00e9rieure \u00e0 40 000 m2. On ne peut donc pas la pr\u00e9senter en m\u00eame temps que les expositions temporaires. Le choix qui \u00e9t\u00e9 fait est le renouvellement permanent de nos espaces, et de s\u2019appuyer sur les expositions temporaires pour notre politique d\u2019acquisition. Cela engendre une frustration de ne pas pouvoir montrer toutes les \u0153uvres de la collection. Nous r\u00e9fl\u00e9chissons sur ce probl\u00e8me mais nous sommes confront\u00e9s \u00e0 un cruel manque de moyens financiers. N\u00e9anmoins, toute la collection est en ligne mais nous aimerions en am\u00e9liorer la forme pour la valoriser au mieux.<\/p>\n<p><strong>Quels sont vos souhaits pour montrer cette collection ?<\/strong><br \/>\n<strong>K.C.<\/strong>\u00a0: Nous r\u00eaverions d\u2019avoir un espace d\u00e9di\u00e9 sur place et \u00e9quip\u00e9 d\u2019un mur multim\u00e9dia ou de tablettes num\u00e9riques. Nous pourrions alors faire d\u00e9couvrir la collection.<br \/>\n<strong>M.J.<\/strong>\u00a0: Et de pouvoir montrer les liens avec entre artistes. Je pense au\u00a0<a title=\"http:\/\/www.clevelandart.org\/art\/collections\" href=\"http:\/\/www.clevelandart.org\/art\/collections\" target=\"_blank\">Cleveland Museum of Art<\/a>, qui a mis en place un \u00e9cran g\u00e9ant tactile qui permet de visionner et t\u00e9l\u00e9charger les \u0153uvres de sa collection.<\/p>\n<p><strong>Est-ce que le mus\u00e9e a d\u00e9velopp\u00e9 des applications pour tablettes num\u00e9riques ?<\/strong><br \/>\n<strong>K.C. :<\/strong>\u00a0Oui, nous avons par exemple produit une application pour syst\u00e8mes IOS et Android lors de la derni\u00e8re exposition\u00a0<a title=\"http:\/\/www.buzzeum.com\/2012\/03\/29\/guide-multimedia-musee-dart-contemporain-de-lyon\/\" href=\"http:\/\/www.buzzeum.com\/2012\/03\/29\/guide-multimedia-musee-dart-contemporain-de-lyon\/\" target=\"_blank\">Combas<\/a>. Soit plus d\u2019une heure trente de contenus audio et vid\u00e9o t\u00e9l\u00e9chargeables gratuitement. C\u2019est quelque chose que nous essayons de faire pour chaque exposition monographique. Cela n\u00e9cessite un gros travail d\u2019\u00e9quipe avec le service des publics et l\u2019\u00e9quipe technique. Il y a eu pr\u00e8s de 250 t\u00e9l\u00e9chargements sur Android et 2.000 sur IOS pour l\u2019application d\u00e9di\u00e9e \u00e0 l\u2019exposition Combas, un beau succ\u00e8s.<br \/>\n<strong>M.J.<\/strong>\u00a0: Pour l\u2019anecdote, on nous avait demand\u00e9 pourquoi nous tenions absolument \u00e0 proposer cette application sur Android \u00e9galement. Bien nous a pris d\u2019avoir voulu toucher une vari\u00e9t\u00e9 d\u2019\u00e9quipements num\u00e9riques plus large ! Un tel dispositif ne peut \u00eatre syst\u00e9matis\u00e9 pour chaque exposition -car le rythme de renouvellement des expositions \u2013 tous les 2-3 mois,-ne nous le permet pas. Mais c\u2019est quelque chose que nous souhaitons poursuivre pour chaque grande r\u00e9trospective ou monographie.<\/p>\n<p><strong>Comment cela s\u2019est-il pass\u00e9 avec Robert Combas pour cr\u00e9er le contenu de l\u2019application ?<\/strong><br \/>\n<strong>K.C. :<\/strong>\u00a0Chaque artiste s\u2019implique diff\u00e9remment. Le projet plaisait \u00e0 Robert Combas, il a donc particip\u00e9 activement aux interviews pour enregistrer des s\u00e9quences audio sur l\u2019appli.<br \/>\n<strong>M.J.<\/strong>\u00a0:<a title=\"http:\/\/www.ben-vautier.com\/\" href=\"http:\/\/www.ben-vautier.com\/\" target=\"_blank\">\u00a0Ben<\/a>\u00a0s\u2019\u00e9tait aussi beaucoup pr\u00eat\u00e9 au jeu. Notre chance est de travailler avec beaucoup d\u2019artistes vivants, les interactions sont donc possibles et nombreuses, surtout en amont de l\u2019exposition.<br \/>\n<strong>K.C. :<\/strong>\u00a0\u00a0Latifa Echakhch par exemple, nous a propos\u00e9 des s\u00e9quences audio et vid\u00e9o que nous avons mises en code QR dans les salles d\u2019exposition.<\/p>\n<p><strong>Est-ce que l\u2019audioguide a toujours lieu d\u2019exister ?<\/strong><br \/>\n<strong>M.J.<\/strong>\u00a0: (Rires), nous n\u2019en avons jamais eu en fait !<br \/>\n<strong>K.C.<\/strong>\u00a0: Cela rejoint notre probl\u00e9matique de la collection difficile \u00e0 montrer. Il faudrait un audioguide qui change \u00e0 chaque exposition.<br \/>\n<strong>M.J.<\/strong>\u00a0: \u00a0Au-del\u00e0 de \u00e7a, je pense que l\u2019audioguide ne correspond pas \u00e0 la proposition du Mus\u00e9e d\u2019Art Contemporain de Lyon. Nous sommes, depuis le d\u00e9but, un mus\u00e9e mouvant, tr\u00e8s \u00e0 l\u2019\u00e9coute des besoins et des envies des artistes. L\u2019art contemporain se pr\u00eate moins \u00e9galement \u00e0 un discours format\u00e9. La relation spectateur-\u0153uvre peut s\u2019\u00e9tablir directement. Nous privil\u00e9gions le domaine de l\u2019exp\u00e9rience \u00e0 un contenu tr\u00e8s didactique.<\/p>\n<p><strong>Apr\u00e8s une visite, comment maintenir la relation engag\u00e9e avec le visiteur ?<\/strong><br \/>\n<strong>K.C.<\/strong>\u00a0: \u00a0Tout d\u2019abord, chacune de nos propositions num\u00e9riques est r\u00e9alis\u00e9e en fonction de l\u2019artiste et de son exposition. Concernant Combas par exemple, nous avons mis en ligne sur\u00a0<a title=\"http:\/\/www.mac-lyon.com\/mac\/sections\/fr\/expositions\/2012\/robert_combas\/sur_le_net\" href=\"http:\/\/www.mac-lyon.com\/mac\/sections\/fr\/expositions\/2012\/robert_combas\/sur_le_net\" target=\"_blank\">Deezer<\/a>\u00a0des playlists de l\u2019artiste et de l\u2019exposition. Nous avons aussi propos\u00e9 une \u00ab\u00a0<a title=\"http:\/\/imagebattle.tumblr.com\/\" href=\"http:\/\/imagebattle.tumblr.com\/\" target=\"_blank\">Image Battle<\/a>\u00a0\u00bb sur Tumblr. Chaque participant \u00e9tant invit\u00e9 \u00e0 poster des images, des vid\u00e9os et des sons que lui inspirait une \u0153uvre de Combas. Au final, on obtenait une sorte de cadavre exquis .\u00a0Avant la visite, nous avons aussi organis\u00e9 une sorte de chasse au tr\u00e9sor num\u00e9rique, avec des cordonn\u00e9es GPS, permettant aux participants de gagner des places pour l\u2019exposition. L\u00e0, il s\u2019agissait plus de toucher un public qui n\u2019est pas le n\u00f4tre habituellement et qui n\u2019est pas encore venu. En l\u2019occurrence il pouvait s\u2019agir de passionn\u00e9s de nature, des randonneurs par exemple.<br \/>\n<strong>M.J.<\/strong>\u00a0: On peut consid\u00e9rer que nos supports num\u00e9riques conviennent aussi bien \u00e0 l\u2019avant qu\u2019\u00e0 l\u2019apr\u00e8s-visite. Nous ne produisons pas diff\u00e9remment pour les deux.<br \/>\nPour nous, l\u2019important est aussi de collecter les cordonn\u00e9es des personnes qui sont venues au mus\u00e9e et de les engager avec d\u2019autres propositions. Nous avons une carte de fid\u00e9lit\u00e9, la carte Mus\u00e9e, propos\u00e9e par la Ville de Lyon. N\u2019oublions pas que nous nous adressons aussi \u00e0 des publics qui ne se d\u00e9placent pas et qui nous contactent via le site. Ils sont demandeurs d\u2019informations sur les expositions : dossiers de presse, ressources th\u00e9matiques, etc.<\/p>\n<p><strong>Avez-vous per\u00e7u des changements dans la mani\u00e8re de visiter le MAC LYON ?<\/strong><br \/>\n<strong>K.C.<\/strong>\u00a0: Le mus\u00e9e refl\u00e8te le mode de vie de notre soci\u00e9t\u00e9, tout simplement. On voit les gens \u00e9changer sur les r\u00e9seaux sociaux pendant leurs visites. Certains live-tweetent par exemple.<br \/>\n<strong>M.J.<\/strong>\u00a0: Notre souci va consister \u00e0 voir comment faire partie de ce quotidien des pratiques num\u00e9riques. Quelles propositions culturelles faire ? Comment s\u2019ins\u00e9rer dans ces pratiques devenues banales ?<\/p>\n<p><iframe loading=\"lazy\" src=\"http:\/\/www.youtube.com\/embed\/xzC8nROJ29k#t=31?wmode=transparent\" height=\"360\" width=\"640\" allowfullscreen=\"\" frameborder=\"0\"><\/iframe><\/p>\n<p><a href=\"http:\/\/artdesigntendance.com\/musees-numerique-mac-lyon-episode-1\" target=\"_blank\">Cet article a \u00e9t\u00e9 diffus\u00e9 en premier sur Art Design Tendance<\/a>\u00a0:\u00a0http:\/\/artdesigntendance.com\/mac-lyon-partie-2\/<\/p>\n<!-- AddThis Advanced Settings generic via filter on the_content --><!-- AddThis Share Buttons generic via filter on the_content -->","protected":false},"excerpt":{"rendered":"<p>On le voit, les mus\u00e9es sont pr\u00e9sents sur le web et tissent des liens avec les internautes. Je reprendrai les termes de Laurence Lessing, fondateur &hellip; <!-- AddThis Advanced Settings generic via filter on wp_trim_excerpt --><!-- AddThis Share Buttons generic via filter on wp_trim_excerpt --><\/p>\n","protected":false},"author":1,"featured_media":6054,"comment_status":"open","ping_status":"open","sticky":false,"template":"","format":"standard","meta":{"_FSMCFIC_featured_image_caption":"","_FSMCFIC_featured_image_nocaption":"","_FSMCFIC_featured_image_hide":"","footnotes":""},"categories":[3,4],"tags":[1016,1952,224,25,10,1062,589],"class_list":["post-6098","post","type-post","status-publish","format-standard","has-post-thumbnail","hentry","category-culture","category-lyon","tag-art","tag-culture","tag-exposition","tag-featuredpost","tag-lyon-2","tag-mac","tag-numerique"],"yoast_head":"<!-- This site is optimized with the Yoast SEO plugin v22.8 - https:\/\/yoast.com\/wordpress\/plugins\/seo\/ -->\n<title>Mus\u00e9es et Num\u00e9rique : Mac Lyon \u00e9pisode 2 - Lyon Bondy Blog<\/title>\n<meta name=\"robots\" content=\"index, follow, max-snippet:-1, max-image-preview:large, max-video-preview:-1\" \/>\n<link rel=\"canonical\" href=\"https:\/\/lyonbondyblog.fr\/LBB\/musees-numerique-mac-lyon-episode-2\/\" \/>\n<meta property=\"og:locale\" content=\"fr_FR\" \/>\n<meta property=\"og:type\" content=\"article\" \/>\n<meta property=\"og:title\" content=\"Mus\u00e9es et Num\u00e9rique : Mac Lyon \u00e9pisode 2 - Lyon Bondy Blog\" \/>\n<meta property=\"og:description\" content=\"On le voit, les mus\u00e9es sont pr\u00e9sents sur le web et tissent des liens avec les internautes. Je reprendrai les termes de Laurence Lessing, fondateur &hellip;\" \/>\n<meta property=\"og:url\" content=\"https:\/\/lyonbondyblog.fr\/LBB\/musees-numerique-mac-lyon-episode-2\/\" \/>\n<meta property=\"og:site_name\" content=\"Lyon Bondy Blog\" \/>\n<meta property=\"article:publisher\" content=\"https:\/\/www.facebook.com\/lyonbondyblog\" \/>\n<meta property=\"article:author\" content=\"https:\/\/www.facebook.com\/lyonbondyblog\" \/>\n<meta property=\"article:published_time\" content=\"2014-03-14T16:15:41+00:00\" \/>\n<meta property=\"article:modified_time\" content=\"2014-03-28T14:13:00+00:00\" \/>\n<meta property=\"og:image\" content=\"https:\/\/lyonbondyblog.fr\/LBB\/wp-content\/uploads\/2014\/03\/combas-billet-final-2.jpg\" \/>\n\t<meta property=\"og:image:width\" content=\"600\" \/>\n\t<meta property=\"og:image:height\" content=\"347\" \/>\n\t<meta property=\"og:image:type\" content=\"image\/jpeg\" \/>\n<meta name=\"author\" content=\"La r\u00e9daction\" \/>\n<meta name=\"twitter:card\" content=\"summary_large_image\" \/>\n<meta name=\"twitter:creator\" content=\"@BondyBlogLyon\" \/>\n<meta name=\"twitter:site\" content=\"@bondybloglyon\" \/>\n<script type=\"application\/ld+json\" class=\"yoast-schema-graph\">{\"@context\":\"https:\/\/schema.org\",\"@graph\":[{\"@type\":\"Article\",\"@id\":\"https:\/\/lyonbondyblog.fr\/LBB\/musees-numerique-mac-lyon-episode-2\/#article\",\"isPartOf\":{\"@id\":\"https:\/\/lyonbondyblog.fr\/LBB\/musees-numerique-mac-lyon-episode-2\/\"},\"author\":{\"name\":\"La r\u00e9daction\",\"@id\":\"https:\/\/lyonbondyblog.fr\/LBB\/#\/schema\/person\/e45f8d27baac75072daa0be50c409b25\"},\"headline\":\"Mus\u00e9es et Num\u00e9rique : Mac Lyon \u00e9pisode 2\",\"datePublished\":\"2014-03-14T16:15:41+00:00\",\"dateModified\":\"2014-03-28T14:13:00+00:00\",\"mainEntityOfPage\":{\"@id\":\"https:\/\/lyonbondyblog.fr\/LBB\/musees-numerique-mac-lyon-episode-2\/\"},\"wordCount\":1371,\"commentCount\":0,\"publisher\":{\"@id\":\"https:\/\/lyonbondyblog.fr\/LBB\/#organization\"},\"image\":{\"@id\":\"https:\/\/lyonbondyblog.fr\/LBB\/musees-numerique-mac-lyon-episode-2\/#primaryimage\"},\"thumbnailUrl\":\"https:\/\/lyonbondyblog.fr\/LBB\/wp-content\/uploads\/2014\/03\/combas-billet-final-2.jpg\",\"keywords\":[\"Art\",\"Culture\",\"exposition\",\"featuredpost\",\"lyon\",\"MAC\",\"num\u00e9rique\"],\"articleSection\":[\"Culture\",\"Lyon\"],\"inLanguage\":\"fr-FR\",\"potentialAction\":[{\"@type\":\"CommentAction\",\"name\":\"Comment\",\"target\":[\"https:\/\/lyonbondyblog.fr\/LBB\/musees-numerique-mac-lyon-episode-2\/#respond\"]}]},{\"@type\":\"WebPage\",\"@id\":\"https:\/\/lyonbondyblog.fr\/LBB\/musees-numerique-mac-lyon-episode-2\/\",\"url\":\"https:\/\/lyonbondyblog.fr\/LBB\/musees-numerique-mac-lyon-episode-2\/\",\"name\":\"Mus\u00e9es et Num\u00e9rique : Mac Lyon \u00e9pisode 2 - Lyon Bondy Blog\",\"isPartOf\":{\"@id\":\"https:\/\/lyonbondyblog.fr\/LBB\/#website\"},\"primaryImageOfPage\":{\"@id\":\"https:\/\/lyonbondyblog.fr\/LBB\/musees-numerique-mac-lyon-episode-2\/#primaryimage\"},\"image\":{\"@id\":\"https:\/\/lyonbondyblog.fr\/LBB\/musees-numerique-mac-lyon-episode-2\/#primaryimage\"},\"thumbnailUrl\":\"https:\/\/lyonbondyblog.fr\/LBB\/wp-content\/uploads\/2014\/03\/combas-billet-final-2.jpg\",\"datePublished\":\"2014-03-14T16:15:41+00:00\",\"dateModified\":\"2014-03-28T14:13:00+00:00\",\"inLanguage\":\"fr-FR\",\"potentialAction\":[{\"@type\":\"ReadAction\",\"target\":[\"https:\/\/lyonbondyblog.fr\/LBB\/musees-numerique-mac-lyon-episode-2\/\"]}]},{\"@type\":\"ImageObject\",\"inLanguage\":\"fr-FR\",\"@id\":\"https:\/\/lyonbondyblog.fr\/LBB\/musees-numerique-mac-lyon-episode-2\/#primaryimage\",\"url\":\"https:\/\/lyonbondyblog.fr\/LBB\/wp-content\/uploads\/2014\/03\/combas-billet-final-2.jpg\",\"contentUrl\":\"https:\/\/lyonbondyblog.fr\/LBB\/wp-content\/uploads\/2014\/03\/combas-billet-final-2.jpg\",\"width\":600,\"height\":347},{\"@type\":\"WebSite\",\"@id\":\"https:\/\/lyonbondyblog.fr\/LBB\/#website\",\"url\":\"https:\/\/lyonbondyblog.fr\/LBB\/\",\"name\":\"Lyon Bondy Blog\",\"description\":\"\",\"publisher\":{\"@id\":\"https:\/\/lyonbondyblog.fr\/LBB\/#organization\"},\"potentialAction\":[{\"@type\":\"SearchAction\",\"target\":{\"@type\":\"EntryPoint\",\"urlTemplate\":\"https:\/\/lyonbondyblog.fr\/LBB\/?s={search_term_string}\"},\"query-input\":\"required name=search_term_string\"}],\"inLanguage\":\"fr-FR\"},{\"@type\":\"Organization\",\"@id\":\"https:\/\/lyonbondyblog.fr\/LBB\/#organization\",\"name\":\"LYON BONDY BLOG\",\"url\":\"https:\/\/lyonbondyblog.fr\/LBB\/\",\"logo\":{\"@type\":\"ImageObject\",\"inLanguage\":\"fr-FR\",\"@id\":\"https:\/\/lyonbondyblog.fr\/LBB\/#\/schema\/logo\/image\/\",\"url\":\"http:\/\/lyonbondyblog.fr\/LBB\/wp-content\/uploads\/2014\/10\/logo-portable-144.png\",\"contentUrl\":\"http:\/\/lyonbondyblog.fr\/LBB\/wp-content\/uploads\/2014\/10\/logo-portable-144.png\",\"width\":144,\"height\":123,\"caption\":\"LYON BONDY BLOG\"},\"image\":{\"@id\":\"https:\/\/lyonbondyblog.fr\/LBB\/#\/schema\/logo\/image\/\"},\"sameAs\":[\"https:\/\/www.facebook.com\/lyonbondyblog\",\"https:\/\/x.com\/bondybloglyon\"]},{\"@type\":\"Person\",\"@id\":\"https:\/\/lyonbondyblog.fr\/LBB\/#\/schema\/person\/e45f8d27baac75072daa0be50c409b25\",\"name\":\"La r\u00e9daction\",\"description\":\"Cr\u00e9e en 2008, la r\u00e9daction du Lyon Bondy Blog s'applique \u00e0 proposer une information locale diff\u00e9rente et compl\u00e9mentaire des m\u00e9dias traditionnels.\",\"sameAs\":[\"https:\/\/www.facebook.com\/lyonbondyblog\",\"https:\/\/x.com\/BondyBlogLyon\"],\"url\":\"https:\/\/lyonbondyblog.fr\/LBB\/author\/admin\/\"}]}<\/script>\n<!-- \/ Yoast SEO plugin. -->","yoast_head_json":{"title":"Mus\u00e9es et Num\u00e9rique : Mac Lyon \u00e9pisode 2 - Lyon Bondy Blog","robots":{"index":"index","follow":"follow","max-snippet":"max-snippet:-1","max-image-preview":"max-image-preview:large","max-video-preview":"max-video-preview:-1"},"canonical":"https:\/\/lyonbondyblog.fr\/LBB\/musees-numerique-mac-lyon-episode-2\/","og_locale":"fr_FR","og_type":"article","og_title":"Mus\u00e9es et Num\u00e9rique : Mac Lyon \u00e9pisode 2 - Lyon Bondy Blog","og_description":"On le voit, les mus\u00e9es sont pr\u00e9sents sur le web et tissent des liens avec les internautes. Je reprendrai les termes de Laurence Lessing, fondateur &hellip;","og_url":"https:\/\/lyonbondyblog.fr\/LBB\/musees-numerique-mac-lyon-episode-2\/","og_site_name":"Lyon Bondy Blog","article_publisher":"https:\/\/www.facebook.com\/lyonbondyblog","article_author":"https:\/\/www.facebook.com\/lyonbondyblog","article_published_time":"2014-03-14T16:15:41+00:00","article_modified_time":"2014-03-28T14:13:00+00:00","og_image":[{"width":600,"height":347,"url":"https:\/\/lyonbondyblog.fr\/LBB\/wp-content\/uploads\/2014\/03\/combas-billet-final-2.jpg","type":"image\/jpeg"}],"author":"La r\u00e9daction","twitter_card":"summary_large_image","twitter_creator":"@BondyBlogLyon","twitter_site":"@bondybloglyon","schema":{"@context":"https:\/\/schema.org","@graph":[{"@type":"Article","@id":"https:\/\/lyonbondyblog.fr\/LBB\/musees-numerique-mac-lyon-episode-2\/#article","isPartOf":{"@id":"https:\/\/lyonbondyblog.fr\/LBB\/musees-numerique-mac-lyon-episode-2\/"},"author":{"name":"La r\u00e9daction","@id":"https:\/\/lyonbondyblog.fr\/LBB\/#\/schema\/person\/e45f8d27baac75072daa0be50c409b25"},"headline":"Mus\u00e9es et Num\u00e9rique : Mac Lyon \u00e9pisode 2","datePublished":"2014-03-14T16:15:41+00:00","dateModified":"2014-03-28T14:13:00+00:00","mainEntityOfPage":{"@id":"https:\/\/lyonbondyblog.fr\/LBB\/musees-numerique-mac-lyon-episode-2\/"},"wordCount":1371,"commentCount":0,"publisher":{"@id":"https:\/\/lyonbondyblog.fr\/LBB\/#organization"},"image":{"@id":"https:\/\/lyonbondyblog.fr\/LBB\/musees-numerique-mac-lyon-episode-2\/#primaryimage"},"thumbnailUrl":"https:\/\/lyonbondyblog.fr\/LBB\/wp-content\/uploads\/2014\/03\/combas-billet-final-2.jpg","keywords":["Art","Culture","exposition","featuredpost","lyon","MAC","num\u00e9rique"],"articleSection":["Culture","Lyon"],"inLanguage":"fr-FR","potentialAction":[{"@type":"CommentAction","name":"Comment","target":["https:\/\/lyonbondyblog.fr\/LBB\/musees-numerique-mac-lyon-episode-2\/#respond"]}]},{"@type":"WebPage","@id":"https:\/\/lyonbondyblog.fr\/LBB\/musees-numerique-mac-lyon-episode-2\/","url":"https:\/\/lyonbondyblog.fr\/LBB\/musees-numerique-mac-lyon-episode-2\/","name":"Mus\u00e9es et Num\u00e9rique : Mac Lyon \u00e9pisode 2 - Lyon Bondy Blog","isPartOf":{"@id":"https:\/\/lyonbondyblog.fr\/LBB\/#website"},"primaryImageOfPage":{"@id":"https:\/\/lyonbondyblog.fr\/LBB\/musees-numerique-mac-lyon-episode-2\/#primaryimage"},"image":{"@id":"https:\/\/lyonbondyblog.fr\/LBB\/musees-numerique-mac-lyon-episode-2\/#primaryimage"},"thumbnailUrl":"https:\/\/lyonbondyblog.fr\/LBB\/wp-content\/uploads\/2014\/03\/combas-billet-final-2.jpg","datePublished":"2014-03-14T16:15:41+00:00","dateModified":"2014-03-28T14:13:00+00:00","inLanguage":"fr-FR","potentialAction":[{"@type":"ReadAction","target":["https:\/\/lyonbondyblog.fr\/LBB\/musees-numerique-mac-lyon-episode-2\/"]}]},{"@type":"ImageObject","inLanguage":"fr-FR","@id":"https:\/\/lyonbondyblog.fr\/LBB\/musees-numerique-mac-lyon-episode-2\/#primaryimage","url":"https:\/\/lyonbondyblog.fr\/LBB\/wp-content\/uploads\/2014\/03\/combas-billet-final-2.jpg","contentUrl":"https:\/\/lyonbondyblog.fr\/LBB\/wp-content\/uploads\/2014\/03\/combas-billet-final-2.jpg","width":600,"height":347},{"@type":"WebSite","@id":"https:\/\/lyonbondyblog.fr\/LBB\/#website","url":"https:\/\/lyonbondyblog.fr\/LBB\/","name":"Lyon Bondy Blog","description":"","publisher":{"@id":"https:\/\/lyonbondyblog.fr\/LBB\/#organization"},"potentialAction":[{"@type":"SearchAction","target":{"@type":"EntryPoint","urlTemplate":"https:\/\/lyonbondyblog.fr\/LBB\/?s={search_term_string}"},"query-input":"required name=search_term_string"}],"inLanguage":"fr-FR"},{"@type":"Organization","@id":"https:\/\/lyonbondyblog.fr\/LBB\/#organization","name":"LYON BONDY BLOG","url":"https:\/\/lyonbondyblog.fr\/LBB\/","logo":{"@type":"ImageObject","inLanguage":"fr-FR","@id":"https:\/\/lyonbondyblog.fr\/LBB\/#\/schema\/logo\/image\/","url":"http:\/\/lyonbondyblog.fr\/LBB\/wp-content\/uploads\/2014\/10\/logo-portable-144.png","contentUrl":"http:\/\/lyonbondyblog.fr\/LBB\/wp-content\/uploads\/2014\/10\/logo-portable-144.png","width":144,"height":123,"caption":"LYON BONDY BLOG"},"image":{"@id":"https:\/\/lyonbondyblog.fr\/LBB\/#\/schema\/logo\/image\/"},"sameAs":["https:\/\/www.facebook.com\/lyonbondyblog","https:\/\/x.com\/bondybloglyon"]},{"@type":"Person","@id":"https:\/\/lyonbondyblog.fr\/LBB\/#\/schema\/person\/e45f8d27baac75072daa0be50c409b25","name":"La r\u00e9daction","description":"Cr\u00e9e en 2008, la r\u00e9daction du Lyon Bondy Blog s'applique \u00e0 proposer une information locale diff\u00e9rente et compl\u00e9mentaire des m\u00e9dias traditionnels.","sameAs":["https:\/\/www.facebook.com\/lyonbondyblog","https:\/\/x.com\/BondyBlogLyon"],"url":"https:\/\/lyonbondyblog.fr\/LBB\/author\/admin\/"}]}},"_links":{"self":[{"href":"https:\/\/lyonbondyblog.fr\/LBB\/wp-json\/wp\/v2\/posts\/6098","targetHints":{"allow":["GET"]}}],"collection":[{"href":"https:\/\/lyonbondyblog.fr\/LBB\/wp-json\/wp\/v2\/posts"}],"about":[{"href":"https:\/\/lyonbondyblog.fr\/LBB\/wp-json\/wp\/v2\/types\/post"}],"author":[{"embeddable":true,"href":"https:\/\/lyonbondyblog.fr\/LBB\/wp-json\/wp\/v2\/users\/1"}],"replies":[{"embeddable":true,"href":"https:\/\/lyonbondyblog.fr\/LBB\/wp-json\/wp\/v2\/comments?post=6098"}],"version-history":[{"count":0,"href":"https:\/\/lyonbondyblog.fr\/LBB\/wp-json\/wp\/v2\/posts\/6098\/revisions"}],"wp:featuredmedia":[{"embeddable":true,"href":"https:\/\/lyonbondyblog.fr\/LBB\/wp-json\/wp\/v2\/media\/6054"}],"wp:attachment":[{"href":"https:\/\/lyonbondyblog.fr\/LBB\/wp-json\/wp\/v2\/media?parent=6098"}],"wp:term":[{"taxonomy":"category","embeddable":true,"href":"https:\/\/lyonbondyblog.fr\/LBB\/wp-json\/wp\/v2\/categories?post=6098"},{"taxonomy":"post_tag","embeddable":true,"href":"https:\/\/lyonbondyblog.fr\/LBB\/wp-json\/wp\/v2\/tags?post=6098"}],"curies":[{"name":"wp","href":"https:\/\/api.w.org\/{rel}","templated":true}]}}