{"id":6013,"date":"2014-03-03T18:51:40","date_gmt":"2014-03-03T17:51:40","guid":{"rendered":"http:\/\/lyonbondyblog.fr\/LBB\/?p=6013"},"modified":"2014-03-11T19:40:05","modified_gmt":"2014-03-11T18:40:05","slug":"vide-dressing-fripes-creations-brunch","status":"publish","type":"post","link":"https:\/\/lyonbondyblog.fr\/LBB\/vide-dressing-fripes-creations-brunch\/","title":{"rendered":"La boulangerie du Prado : un H&#038;M solidaire"},"content":{"rendered":"<p><strong>Pour la premi\u00e8re \u00e9dition du vide-dressing de la boulangerie du Prado, le LBB est all\u00e9 \u00e0 la rencontre de Loreline Bon, l\u2019initiatrice de l\u2019\u00e9v\u00e9nement. L&rsquo;occasion de revenir sur la gen\u00e8se du projet et sur les \u00e9volutions \u00e0 venir.<\/strong><\/p>\n<p><img loading=\"lazy\" decoding=\"async\" width=\"600\" height=\"450\" class=\"aligncenter size-full wp-image-6018\" alt=\"DSCN1876\" src=\"https:\/\/lyonbondyblog.fr\/LBB\/wp-content\/uploads\/2014\/03\/DSCN1876.jpg\" srcset=\"https:\/\/lyonbondyblog.fr\/LBB\/wp-content\/uploads\/2014\/03\/DSCN1876.jpg 600w, https:\/\/lyonbondyblog.fr\/LBB\/wp-content\/uploads\/2014\/03\/DSCN1876-300x225.jpg 300w\" sizes=\"auto, (max-width: 600px) 100vw, 600px\" \/><\/p>\n<p>Dimanche apr\u00e8s-midi \u00e0 la boulangerie du Prado, beaucoup de jeunes femmes vendent leurs friperies \u00e0 des prix moindres. Les hommes se pr\u00e9sentent avec leurs amies pour une \u00ab journ\u00e9e shopping\u00a0\u00bb. Une cabine d\u2019essayage a \u00e9t\u00e9 mise \u00e0 disposition dans l\u2019arri\u00e8re-cour. On pourrait \u00a0comparer cet \u00e9v\u00e9nement \u00e0 H&amp;M solidaire. Tout est l\u00e0 pour passer une bonne journ\u00e9e: assiettes de crudit\u00e9s \u00e0 3 euros, muffins, tartes au caramel, chocolat \u00e0 1 euro, pour d\u00e9gager un peu de tr\u00e9sorerie, sous un fond de musique alternative. C&rsquo;est l&rsquo;heure de rencontrer\u00a0Loreline Bon, membre du C.A et b\u00e9n\u00e9vole depuis deux ans \u00e0 la\u00a0\u00ab Boulangerie du Prado\u00a0\u00bb, situ\u00e9e 69 rue S\u00e9bastien Gryphe, dans le 7\u00e8me\u00a0arrondissement.<\/p>\n<p><strong><span style=\"font-size: medium;\">Explique-nous le fonctionnement de la boulangerie du Prado\u00a0?<\/span><\/strong><\/p>\n<p><span style=\"font-size: medium;\"><strong>Loreline Bon<\/strong>\u00a0: C\u2019est un lieu pluridisciplinaire, ouvert au public du jeudi au samedi et un dimanche par mois pour les enfants.<\/span><\/p>\n<p><strong><span style=\"font-size: medium;\">Pourquoi as-tu cr\u00e9\u00e9 cet \u00e9v\u00e8nement ?<\/span><\/strong><\/p>\n<p><span style=\"font-size: medium;\">Comme je suis amatrice de vide-dressing, je voulais en cr\u00e9er un \u00e0 la Boulangerie du Prado. Je trouvais que c\u2019\u00e9tait le bon endroit pour l\u2019organiser. De plus, l&rsquo;hiver est le bon moment pour vendre des \u00ab\u00a0fringues\u00a0\u00bb \u00e0 un prix moindre avant le printemps.<\/span><\/p>\n<p><strong><span style=\"font-size: medium;\">Est-ce-que les membres de la Boulangerie du Prado \u00e9taient enthousiastes \u00e0 l&rsquo;id\u00e9e de recevoir ce \u00ab\u00a0vide dressing\u00a0\u00bb\u00a0?<\/span><\/strong><\/p>\n<p><span style=\"font-size: medium;\">Les gens \u00e9taient un peu r\u00e9ticents \u00e0 l\u2019id\u00e9e du \u00ab\u00a0vide dressing\u00a0\u00bb. Il ne fallait pas que le boulangerie fasse des b\u00e9n\u00e9fices, donc j\u2019ai du n\u00e9gocier. Le C.A a admis en contrepartie que l\u2019on fasse payer une adh\u00e9sion qui est de deux euros, que les gens affichent des prix libres et que ce soit accessible \u00e0 tous.<\/span><\/p>\n<p><strong><span style=\"font-size: medium;\">Vas-tu recommencer cette exp\u00e9rience\u00a0?<\/span><\/strong><\/p>\n<p><span style=\"font-size: medium;\">C&rsquo;est un bon concept. Le probl\u00e8me est qu&rsquo;il n&rsquo;y a eu que des v\u00eatements de \u00ab\u00a0nanas\u00a0\u00bb. J\u2019aimerais que la prochaine fois, il y ait des v\u00eatements pour hommes et enfants et une meilleure communication, que \u00e7a touche plus de public. J\u2019aimerai en faire une fois par mois.<\/span><\/p>\n<p><img loading=\"lazy\" decoding=\"async\" width=\"600\" height=\"450\" class=\"aligncenter size-full wp-image-6019\" alt=\"DSCN1899\" src=\"https:\/\/lyonbondyblog.fr\/LBB\/wp-content\/uploads\/2014\/03\/DSCN1899.jpg\" srcset=\"https:\/\/lyonbondyblog.fr\/LBB\/wp-content\/uploads\/2014\/03\/DSCN1899.jpg 600w, https:\/\/lyonbondyblog.fr\/LBB\/wp-content\/uploads\/2014\/03\/DSCN1899-300x225.jpg 300w\" sizes=\"auto, (max-width: 600px) 100vw, 600px\" \/><\/p>\n<!-- AddThis Advanced Settings generic via filter on the_content --><!-- AddThis Share Buttons generic via filter on the_content -->","protected":false},"excerpt":{"rendered":"<p>Pour la premi\u00e8re \u00e9dition du vide-dressing de la boulangerie du Prado, le LBB est all\u00e9 \u00e0 la rencontre de Loreline Bon, l\u2019initiatrice de l\u2019\u00e9v\u00e9nement. L&rsquo;occasion &hellip; <!-- AddThis Advanced Settings generic via filter on wp_trim_excerpt --><!-- AddThis Share Buttons generic via filter on wp_trim_excerpt --><\/p>\n","protected":false},"author":33,"featured_media":6026,"comment_status":"open","ping_status":"open","sticky":false,"template":"","format":"standard","meta":{"_FSMCFIC_featured_image_caption":"","_FSMCFIC_featured_image_nocaption":"","_FSMCFIC_featured_image_hide":"","footnotes":""},"categories":[4],"tags":[1058,1059,1060,152,216,135,10],"class_list":["post-6013","post","type-post","status-publish","format-standard","has-post-thumbnail","hentry","category-lyon","tag-boulangerie-du-prado","tag-creations","tag-fripes","tag-interview","tag-jeunes","tag-lbb","tag-lyon-2"],"yoast_head":"<!-- This site is optimized with the Yoast SEO plugin v22.8 - https:\/\/yoast.com\/wordpress\/plugins\/seo\/ -->\n<title>La boulangerie du Prado : un H&amp;M solidaire - Lyon Bondy Blog<\/title>\n<meta name=\"robots\" content=\"index, follow, max-snippet:-1, max-image-preview:large, max-video-preview:-1\" \/>\n<link rel=\"canonical\" href=\"https:\/\/lyonbondyblog.fr\/LBB\/vide-dressing-fripes-creations-brunch\/\" \/>\n<meta property=\"og:locale\" content=\"fr_FR\" \/>\n<meta property=\"og:type\" content=\"article\" \/>\n<meta property=\"og:title\" content=\"La boulangerie du Prado : un H&amp;M solidaire - Lyon Bondy Blog\" \/>\n<meta property=\"og:description\" content=\"Pour la premi\u00e8re \u00e9dition du vide-dressing de la boulangerie du Prado, le LBB est all\u00e9 \u00e0 la rencontre de Loreline Bon, l\u2019initiatrice de l\u2019\u00e9v\u00e9nement. L&rsquo;occasion &hellip;\" \/>\n<meta property=\"og:url\" content=\"https:\/\/lyonbondyblog.fr\/LBB\/vide-dressing-fripes-creations-brunch\/\" \/>\n<meta property=\"og:site_name\" content=\"Lyon Bondy Blog\" \/>\n<meta property=\"article:publisher\" content=\"https:\/\/www.facebook.com\/lyonbondyblog\" \/>\n<meta property=\"article:published_time\" content=\"2014-03-03T17:51:40+00:00\" \/>\n<meta property=\"article:modified_time\" content=\"2014-03-11T18:40:05+00:00\" \/>\n<meta property=\"og:image\" content=\"https:\/\/lyonbondyblog.fr\/LBB\/wp-content\/uploads\/2014\/03\/bijoux-une.jpg\" \/>\n\t<meta property=\"og:image:width\" content=\"600\" \/>\n\t<meta property=\"og:image:height\" content=\"400\" \/>\n\t<meta property=\"og:image:type\" content=\"image\/jpeg\" \/>\n<meta name=\"author\" content=\"Etienne Aazzab\" \/>\n<meta name=\"twitter:card\" content=\"summary_large_image\" \/>\n<meta name=\"twitter:creator\" content=\"@AazzabEtienne\" \/>\n<meta name=\"twitter:site\" content=\"@bondybloglyon\" \/>\n<script type=\"application\/ld+json\" class=\"yoast-schema-graph\">{\"@context\":\"https:\/\/schema.org\",\"@graph\":[{\"@type\":\"Article\",\"@id\":\"https:\/\/lyonbondyblog.fr\/LBB\/vide-dressing-fripes-creations-brunch\/#article\",\"isPartOf\":{\"@id\":\"https:\/\/lyonbondyblog.fr\/LBB\/vide-dressing-fripes-creations-brunch\/\"},\"author\":{\"name\":\"Etienne Aazzab\",\"@id\":\"https:\/\/lyonbondyblog.fr\/LBB\/#\/schema\/person\/5e9904261c1f613c8e6ea22045b1353d\"},\"headline\":\"La boulangerie du Prado : un H&#038;M solidaire\",\"datePublished\":\"2014-03-03T17:51:40+00:00\",\"dateModified\":\"2014-03-11T18:40:05+00:00\",\"mainEntityOfPage\":{\"@id\":\"https:\/\/lyonbondyblog.fr\/LBB\/vide-dressing-fripes-creations-brunch\/\"},\"wordCount\":384,\"commentCount\":0,\"publisher\":{\"@id\":\"https:\/\/lyonbondyblog.fr\/LBB\/#organization\"},\"image\":{\"@id\":\"https:\/\/lyonbondyblog.fr\/LBB\/vide-dressing-fripes-creations-brunch\/#primaryimage\"},\"thumbnailUrl\":\"https:\/\/lyonbondyblog.fr\/LBB\/wp-content\/uploads\/2014\/03\/bijoux-une.jpg\",\"keywords\":[\"boulangerie du prado\",\"cr\u00e9ations\",\"fripes\",\"interview\",\"jeunes\",\"LBB\",\"lyon\"],\"articleSection\":[\"Lyon\"],\"inLanguage\":\"fr-FR\",\"potentialAction\":[{\"@type\":\"CommentAction\",\"name\":\"Comment\",\"target\":[\"https:\/\/lyonbondyblog.fr\/LBB\/vide-dressing-fripes-creations-brunch\/#respond\"]}]},{\"@type\":\"WebPage\",\"@id\":\"https:\/\/lyonbondyblog.fr\/LBB\/vide-dressing-fripes-creations-brunch\/\",\"url\":\"https:\/\/lyonbondyblog.fr\/LBB\/vide-dressing-fripes-creations-brunch\/\",\"name\":\"La boulangerie du Prado : un H&M solidaire - Lyon Bondy Blog\",\"isPartOf\":{\"@id\":\"https:\/\/lyonbondyblog.fr\/LBB\/#website\"},\"primaryImageOfPage\":{\"@id\":\"https:\/\/lyonbondyblog.fr\/LBB\/vide-dressing-fripes-creations-brunch\/#primaryimage\"},\"image\":{\"@id\":\"https:\/\/lyonbondyblog.fr\/LBB\/vide-dressing-fripes-creations-brunch\/#primaryimage\"},\"thumbnailUrl\":\"https:\/\/lyonbondyblog.fr\/LBB\/wp-content\/uploads\/2014\/03\/bijoux-une.jpg\",\"datePublished\":\"2014-03-03T17:51:40+00:00\",\"dateModified\":\"2014-03-11T18:40:05+00:00\",\"inLanguage\":\"fr-FR\",\"potentialAction\":[{\"@type\":\"ReadAction\",\"target\":[\"https:\/\/lyonbondyblog.fr\/LBB\/vide-dressing-fripes-creations-brunch\/\"]}]},{\"@type\":\"ImageObject\",\"inLanguage\":\"fr-FR\",\"@id\":\"https:\/\/lyonbondyblog.fr\/LBB\/vide-dressing-fripes-creations-brunch\/#primaryimage\",\"url\":\"https:\/\/lyonbondyblog.fr\/LBB\/wp-content\/uploads\/2014\/03\/bijoux-une.jpg\",\"contentUrl\":\"https:\/\/lyonbondyblog.fr\/LBB\/wp-content\/uploads\/2014\/03\/bijoux-une.jpg\",\"width\":600,\"height\":400},{\"@type\":\"WebSite\",\"@id\":\"https:\/\/lyonbondyblog.fr\/LBB\/#website\",\"url\":\"https:\/\/lyonbondyblog.fr\/LBB\/\",\"name\":\"Lyon Bondy Blog\",\"description\":\"\",\"publisher\":{\"@id\":\"https:\/\/lyonbondyblog.fr\/LBB\/#organization\"},\"potentialAction\":[{\"@type\":\"SearchAction\",\"target\":{\"@type\":\"EntryPoint\",\"urlTemplate\":\"https:\/\/lyonbondyblog.fr\/LBB\/?s={search_term_string}\"},\"query-input\":\"required name=search_term_string\"}],\"inLanguage\":\"fr-FR\"},{\"@type\":\"Organization\",\"@id\":\"https:\/\/lyonbondyblog.fr\/LBB\/#organization\",\"name\":\"LYON BONDY BLOG\",\"url\":\"https:\/\/lyonbondyblog.fr\/LBB\/\",\"logo\":{\"@type\":\"ImageObject\",\"inLanguage\":\"fr-FR\",\"@id\":\"https:\/\/lyonbondyblog.fr\/LBB\/#\/schema\/logo\/image\/\",\"url\":\"http:\/\/lyonbondyblog.fr\/LBB\/wp-content\/uploads\/2014\/10\/logo-portable-144.png\",\"contentUrl\":\"http:\/\/lyonbondyblog.fr\/LBB\/wp-content\/uploads\/2014\/10\/logo-portable-144.png\",\"width\":144,\"height\":123,\"caption\":\"LYON BONDY BLOG\"},\"image\":{\"@id\":\"https:\/\/lyonbondyblog.fr\/LBB\/#\/schema\/logo\/image\/\"},\"sameAs\":[\"https:\/\/www.facebook.com\/lyonbondyblog\",\"https:\/\/x.com\/bondybloglyon\"]},{\"@type\":\"Person\",\"@id\":\"https:\/\/lyonbondyblog.fr\/LBB\/#\/schema\/person\/5e9904261c1f613c8e6ea22045b1353d\",\"name\":\"Etienne Aazzab\",\"description\":\"Etienne a contribu\u00e9 depuis 2 ans dans le journal satirique FOUTOU\u2019ART. Il a int\u00e9gr\u00e9 l\u2019\u00e9quipe du \u00ab clic 2014 \u00bb : Collectif local d\u2019informations citoyennes \u00e0 partir de novembre 2013. Il rejoint le Lyon Bondy Blog \u00e0 partir de janvier 2014. Twitter : @AazzabEtienne Ses sujets de pr\u00e9dilection : #Politique #Soci\u00e9t\u00e9 #Sport\",\"sameAs\":[\"https:\/\/x.com\/AazzabEtienne\"],\"url\":\"https:\/\/lyonbondyblog.fr\/LBB\/author\/etienne\/\"}]}<\/script>\n<!-- \/ Yoast SEO plugin. -->","yoast_head_json":{"title":"La boulangerie du Prado : un H&M solidaire - Lyon Bondy Blog","robots":{"index":"index","follow":"follow","max-snippet":"max-snippet:-1","max-image-preview":"max-image-preview:large","max-video-preview":"max-video-preview:-1"},"canonical":"https:\/\/lyonbondyblog.fr\/LBB\/vide-dressing-fripes-creations-brunch\/","og_locale":"fr_FR","og_type":"article","og_title":"La boulangerie du Prado : un H&M solidaire - Lyon Bondy Blog","og_description":"Pour la premi\u00e8re \u00e9dition du vide-dressing de la boulangerie du Prado, le LBB est all\u00e9 \u00e0 la rencontre de Loreline Bon, l\u2019initiatrice de l\u2019\u00e9v\u00e9nement. L&rsquo;occasion &hellip;","og_url":"https:\/\/lyonbondyblog.fr\/LBB\/vide-dressing-fripes-creations-brunch\/","og_site_name":"Lyon Bondy Blog","article_publisher":"https:\/\/www.facebook.com\/lyonbondyblog","article_published_time":"2014-03-03T17:51:40+00:00","article_modified_time":"2014-03-11T18:40:05+00:00","og_image":[{"width":600,"height":400,"url":"https:\/\/lyonbondyblog.fr\/LBB\/wp-content\/uploads\/2014\/03\/bijoux-une.jpg","type":"image\/jpeg"}],"author":"Etienne Aazzab","twitter_card":"summary_large_image","twitter_creator":"@AazzabEtienne","twitter_site":"@bondybloglyon","schema":{"@context":"https:\/\/schema.org","@graph":[{"@type":"Article","@id":"https:\/\/lyonbondyblog.fr\/LBB\/vide-dressing-fripes-creations-brunch\/#article","isPartOf":{"@id":"https:\/\/lyonbondyblog.fr\/LBB\/vide-dressing-fripes-creations-brunch\/"},"author":{"name":"Etienne Aazzab","@id":"https:\/\/lyonbondyblog.fr\/LBB\/#\/schema\/person\/5e9904261c1f613c8e6ea22045b1353d"},"headline":"La boulangerie du Prado : un H&#038;M solidaire","datePublished":"2014-03-03T17:51:40+00:00","dateModified":"2014-03-11T18:40:05+00:00","mainEntityOfPage":{"@id":"https:\/\/lyonbondyblog.fr\/LBB\/vide-dressing-fripes-creations-brunch\/"},"wordCount":384,"commentCount":0,"publisher":{"@id":"https:\/\/lyonbondyblog.fr\/LBB\/#organization"},"image":{"@id":"https:\/\/lyonbondyblog.fr\/LBB\/vide-dressing-fripes-creations-brunch\/#primaryimage"},"thumbnailUrl":"https:\/\/lyonbondyblog.fr\/LBB\/wp-content\/uploads\/2014\/03\/bijoux-une.jpg","keywords":["boulangerie du prado","cr\u00e9ations","fripes","interview","jeunes","LBB","lyon"],"articleSection":["Lyon"],"inLanguage":"fr-FR","potentialAction":[{"@type":"CommentAction","name":"Comment","target":["https:\/\/lyonbondyblog.fr\/LBB\/vide-dressing-fripes-creations-brunch\/#respond"]}]},{"@type":"WebPage","@id":"https:\/\/lyonbondyblog.fr\/LBB\/vide-dressing-fripes-creations-brunch\/","url":"https:\/\/lyonbondyblog.fr\/LBB\/vide-dressing-fripes-creations-brunch\/","name":"La boulangerie du Prado : un H&M solidaire - Lyon Bondy Blog","isPartOf":{"@id":"https:\/\/lyonbondyblog.fr\/LBB\/#website"},"primaryImageOfPage":{"@id":"https:\/\/lyonbondyblog.fr\/LBB\/vide-dressing-fripes-creations-brunch\/#primaryimage"},"image":{"@id":"https:\/\/lyonbondyblog.fr\/LBB\/vide-dressing-fripes-creations-brunch\/#primaryimage"},"thumbnailUrl":"https:\/\/lyonbondyblog.fr\/LBB\/wp-content\/uploads\/2014\/03\/bijoux-une.jpg","datePublished":"2014-03-03T17:51:40+00:00","dateModified":"2014-03-11T18:40:05+00:00","inLanguage":"fr-FR","potentialAction":[{"@type":"ReadAction","target":["https:\/\/lyonbondyblog.fr\/LBB\/vide-dressing-fripes-creations-brunch\/"]}]},{"@type":"ImageObject","inLanguage":"fr-FR","@id":"https:\/\/lyonbondyblog.fr\/LBB\/vide-dressing-fripes-creations-brunch\/#primaryimage","url":"https:\/\/lyonbondyblog.fr\/LBB\/wp-content\/uploads\/2014\/03\/bijoux-une.jpg","contentUrl":"https:\/\/lyonbondyblog.fr\/LBB\/wp-content\/uploads\/2014\/03\/bijoux-une.jpg","width":600,"height":400},{"@type":"WebSite","@id":"https:\/\/lyonbondyblog.fr\/LBB\/#website","url":"https:\/\/lyonbondyblog.fr\/LBB\/","name":"Lyon Bondy Blog","description":"","publisher":{"@id":"https:\/\/lyonbondyblog.fr\/LBB\/#organization"},"potentialAction":[{"@type":"SearchAction","target":{"@type":"EntryPoint","urlTemplate":"https:\/\/lyonbondyblog.fr\/LBB\/?s={search_term_string}"},"query-input":"required name=search_term_string"}],"inLanguage":"fr-FR"},{"@type":"Organization","@id":"https:\/\/lyonbondyblog.fr\/LBB\/#organization","name":"LYON BONDY BLOG","url":"https:\/\/lyonbondyblog.fr\/LBB\/","logo":{"@type":"ImageObject","inLanguage":"fr-FR","@id":"https:\/\/lyonbondyblog.fr\/LBB\/#\/schema\/logo\/image\/","url":"http:\/\/lyonbondyblog.fr\/LBB\/wp-content\/uploads\/2014\/10\/logo-portable-144.png","contentUrl":"http:\/\/lyonbondyblog.fr\/LBB\/wp-content\/uploads\/2014\/10\/logo-portable-144.png","width":144,"height":123,"caption":"LYON BONDY BLOG"},"image":{"@id":"https:\/\/lyonbondyblog.fr\/LBB\/#\/schema\/logo\/image\/"},"sameAs":["https:\/\/www.facebook.com\/lyonbondyblog","https:\/\/x.com\/bondybloglyon"]},{"@type":"Person","@id":"https:\/\/lyonbondyblog.fr\/LBB\/#\/schema\/person\/5e9904261c1f613c8e6ea22045b1353d","name":"Etienne Aazzab","description":"Etienne a contribu\u00e9 depuis 2 ans dans le journal satirique FOUTOU\u2019ART. Il a int\u00e9gr\u00e9 l\u2019\u00e9quipe du \u00ab clic 2014 \u00bb : Collectif local d\u2019informations citoyennes \u00e0 partir de novembre 2013. Il rejoint le Lyon Bondy Blog \u00e0 partir de janvier 2014. Twitter : @AazzabEtienne Ses sujets de pr\u00e9dilection : #Politique #Soci\u00e9t\u00e9 #Sport","sameAs":["https:\/\/x.com\/AazzabEtienne"],"url":"https:\/\/lyonbondyblog.fr\/LBB\/author\/etienne\/"}]}},"_links":{"self":[{"href":"https:\/\/lyonbondyblog.fr\/LBB\/wp-json\/wp\/v2\/posts\/6013","targetHints":{"allow":["GET"]}}],"collection":[{"href":"https:\/\/lyonbondyblog.fr\/LBB\/wp-json\/wp\/v2\/posts"}],"about":[{"href":"https:\/\/lyonbondyblog.fr\/LBB\/wp-json\/wp\/v2\/types\/post"}],"author":[{"embeddable":true,"href":"https:\/\/lyonbondyblog.fr\/LBB\/wp-json\/wp\/v2\/users\/33"}],"replies":[{"embeddable":true,"href":"https:\/\/lyonbondyblog.fr\/LBB\/wp-json\/wp\/v2\/comments?post=6013"}],"version-history":[{"count":0,"href":"https:\/\/lyonbondyblog.fr\/LBB\/wp-json\/wp\/v2\/posts\/6013\/revisions"}],"wp:featuredmedia":[{"embeddable":true,"href":"https:\/\/lyonbondyblog.fr\/LBB\/wp-json\/wp\/v2\/media\/6026"}],"wp:attachment":[{"href":"https:\/\/lyonbondyblog.fr\/LBB\/wp-json\/wp\/v2\/media?parent=6013"}],"wp:term":[{"taxonomy":"category","embeddable":true,"href":"https:\/\/lyonbondyblog.fr\/LBB\/wp-json\/wp\/v2\/categories?post=6013"},{"taxonomy":"post_tag","embeddable":true,"href":"https:\/\/lyonbondyblog.fr\/LBB\/wp-json\/wp\/v2\/tags?post=6013"}],"curies":[{"name":"wp","href":"https:\/\/api.w.org\/{rel}","templated":true}]}}