{"id":5972,"date":"2014-02-26T19:00:17","date_gmt":"2014-02-26T18:00:17","guid":{"rendered":"http:\/\/lyonbondyblog.fr\/LBB\/?p=5972"},"modified":"2014-03-07T17:34:34","modified_gmt":"2014-03-07T16:34:34","slug":"municipales-2014-les-mairies-sont-les-remparts-lausterite-interview-daline-guitard-candidate-front-de-gauche","status":"publish","type":"post","link":"https:\/\/lyonbondyblog.fr\/LBB\/municipales-2014-les-mairies-sont-les-remparts-lausterite-interview-daline-guitard-candidate-front-de-gauche\/","title":{"rendered":"Municipales 2014 \u00ab Les mairies sont les remparts contre l\u2019aust\u00e9rit\u00e9 \u00bb : interview d\u2019Aline Guitard, candidate Front de gauche"},"content":{"rendered":"<p><strong>Les \u00e9lections s\u2019approchent et nous recevons aujourd\u2019hui\u00a0 dans le cadre de CLIC pour 2014 Mme Guitard,\u00a0t\u00eate de liste Front de gauche aux municipales de 2014 \u00e0 Lyon. Pour l\u2019interroger il y avait S\u00e9bastien Gonzalvez, Maxime Hanssen et \u00c9tienne Aazzab du Lyon Bondy Blog, Sylvain M\u00e9tafiot et Jean-Philippe Bonan de Forum de Lyon et Patrice Berger de Radio Pluriel.<\/strong><\/p>\n<p><img loading=\"lazy\" decoding=\"async\" width=\"600\" height=\"338\" class=\"aligncenter size-full wp-image-5978\" alt=\"DSC07397\" src=\"https:\/\/lyonbondyblog.fr\/LBB\/wp-content\/uploads\/2014\/02\/DSC07397.jpg\" srcset=\"https:\/\/lyonbondyblog.fr\/LBB\/wp-content\/uploads\/2014\/02\/DSC07397.jpg 600w, https:\/\/lyonbondyblog.fr\/LBB\/wp-content\/uploads\/2014\/02\/DSC07397-300x169.jpg 300w\" sizes=\"auto, (max-width: 600px) 100vw, 600px\" \/><\/p>\n<p>Vous pouvez \u00e9couter l\u2019int\u00e9gralit\u00e9 de l\u2019entretien\u00a0<div id=\"mp3jWrap_0\" class=\"mjp-s-wrapper s-graphic unsel-mjp \" style=\"font-size:18px;\"><span id=\"playpause_wrap_mp3j_0\" class=\"wrap_inline_mp3j\" style=\"font-weight:700;\"><span class=\"gfxbutton_mp3j play-mjp\" id=\"playpause_mp3j_0\" style=\"font-size:18px;\">&nbsp;&nbsp;&nbsp;&nbsp;&nbsp;<\/span>&nbsp;<span class=\"group_wrap\"><span class=\"bars_mp3j\"><span class=\"loadB_mp3j\" id=\"load_mp3j_0\"><\/span><span class=\"posbarB_mp3j\" id=\"posbar_mp3j_0\"><\/span><\/span><span class=\"T_mp3j\" id=\"T_mp3j_0\" style=\"font-size:18px;\">ici<\/span><span class=\"indi_mp3j\" style=\"font-size:12.6px;\" id=\"statusMI_0\"><\/span><\/span><span class=\"vol_mp3j flipped\" id=\"vol_mp3j_0\"><\/span><\/span><\/div><span class=\"s-nosolution\" id=\"mp3j_nosolution_0\" style=\"display:none;\"><\/span><script>\nMP3jPLAYLISTS.inline_0 = [\n\t{ name: \"ici\", formats: [\"mp3\"], mp3: \"aHR0cDovL3d3dy5jcmFuY3JhLm9yZy9lbWlzc2lvbnMvcmFkaW8tcGx1cmllbC9hbGluZWd1aXRhcmQtbXVuaWNpcGFsZXMyMDE0Lm1wMw==\", counterpart:\"\", artist: \"\", image: \"\", imgurl: \"\" }\n];\n<\/script>\n\n<script>MP3jPLAYERS[0] = { list: MP3jPLAYLISTS.inline_0, tr:0, type:'single', lstate:'', loop:false, play_txt:'&nbsp;&nbsp;&nbsp;&nbsp;&nbsp;', pause_txt:'&nbsp;&nbsp;&nbsp;&nbsp;&nbsp;', pp_title:'', autoplay:false, download:false, vol:85, height:'' };<\/script><\/p>\n<p>Sommaire<br \/>\nPartie 1 : Pr\u00e9sentation (Gram, NPA, \u00e9colos, entre deux tours, PC)<br \/>\n<a href=\"https:\/\/lyonbondyblog.fr\/LBB\/municipales-2014-les-mairies-sont-les-remparts-lausterite-interview-daline-guitard-candidate-front-de-gauche\/2\/\" target=\"_blank\"> Partie 2 : G\u00e9rard Collomb<\/a><br \/>\n<a href=\"https:\/\/lyonbondyblog.fr\/LBB\/municipales-2014-les-mairies-sont-les-remparts-lausterite-interview-daline-guitard-candidate-front-de-gauche\/3\/\" target=\"_blank\"> Partie 3 : La m\u00e9tropole<\/a><br \/>\n<a href=\"https:\/\/lyonbondyblog.fr\/LBB\/municipales-2014-les-mairies-sont-les-remparts-lausterite-interview-daline-guitard-candidate-front-de-gauche\/4\/\" target=\"_blank\"> Partie 4 : Education<\/a><br \/>\n<a href=\"https:\/\/lyonbondyblog.fr\/LBB\/municipales-2014-les-mairies-sont-les-remparts-lausterite-interview-daline-guitard-candidate-front-de-gauche\/5\/\" target=\"_blank\"> Partie 5 : Social (SDF, Roms, personnes \u00e2g\u00e9es)<\/a><br \/>\n<a href=\"https:\/\/lyonbondyblog.fr\/LBB\/municipales-2014-les-mairies-sont-les-remparts-lausterite-interview-daline-guitard-candidate-front-de-gauche\/6\/\" target=\"_blank\"> Partie 6 : Grands travaux<\/a><br \/>\n<a href=\"https:\/\/lyonbondyblog.fr\/LBB\/municipales-2014-les-mairies-sont-les-remparts-lausterite-interview-daline-guitard-candidate-front-de-gauche\/7\/\" target=\"_blank\"> Partie 7 : Gestion de l&rsquo;eau<\/a><br \/>\n<a href=\"https:\/\/lyonbondyblog.fr\/LBB\/municipales-2014-les-mairies-sont-les-remparts-lausterite-interview-daline-guitard-candidate-front-de-gauche\/8\/\" target=\"_blank\"> Partie 8 : Transports urbains<\/a><br \/>\n<a href=\"https:\/\/lyonbondyblog.fr\/LBB\/municipales-2014-les-mairies-sont-les-remparts-lausterite-interview-daline-guitard-candidate-front-de-gauche\/9\/\" target=\"_blank\"> Partie 9 : Budget<\/a><br \/>\n<a href=\"https:\/\/lyonbondyblog.fr\/LBB\/municipales-2014-les-mairies-sont-les-remparts-lausterite-interview-daline-guitard-candidate-front-de-gauche\/10\/\" target=\"_blank\"> Partie 10 : Culture<\/a><br \/>\n<a href=\"https:\/\/lyonbondyblog.fr\/LBB\/municipales-2014-les-mairies-sont-les-remparts-lausterite-interview-daline-guitard-candidate-front-de-gauche\/11\/\" target=\"_blank\"> Partie 11 : S\u00e9curit\u00e9 (vid\u00e9osurveillance, prison)<\/a><\/p>\n<p align=\"JUSTIFY\"><strong>Mme Guitard vous \u00eates t\u00eate de liste Front de gauche aux municipales de 2014 \u00e0 Lyon. Pouvez-vous nous pr\u00e9senter les diff\u00e9rents groupes politiques qui composent cette liste\u00a0?<\/strong><\/p>\n<p align=\"JUSTIFY\">En fait, je suis candidate sur\u00a0<a href=\"http:\/\/armandcreus.wordpress.com\/2013\/09\/18\/municipales-lyon-declaration-de-6-composantes-du-front-de-gauche-69-pour-une-liste-de-front-de-gauche-elargie-a-lyon-au-1er-tour\/\" target=\"_blank\">une liste de rassemblement<\/a>\u00a0plus large que le Front de gauche puisqu\u2019elle est le fruit du rassemblement du Front de gauche et du\u00a0<a href=\"http:\/\/www.gram-lyon.fr\/\" target=\"_blank\">Gram<\/a>\u00a0de Nathalie Perrin-Gilbert. Le Front de gauche \u00e0 Lyon est compos\u00e9 du\u00a0<a href=\"http:\/\/69.pcf.fr\/\" target=\"_blank\">Parti communiste<\/a>\u00a0dont je suis issu, du\u00a0<a href=\"http:\/\/69.lepartidegauche.fr\/\" target=\"_blank\">Parti de gauche<\/a>\u00a0ayant comme porte-parole\u00a0<a href=\"http:\/\/www.dailymotion.com\/video\/xq9k88_portrait-d-un-jeune-militant-fdg-lyon_news\" target=\"_blank\">Andrea Kotarac<\/a>, et du groupe Ensemble repr\u00e9sent\u00e9 par\u00a0<a href=\"http:\/\/armandcreus.wordpress.com\/\" target=\"_blank\">Armand Creus<\/a>. En dehors de ces groupes politiques il y a, sur notre liste, des citoyens non encart\u00e9s issus de la soci\u00e9t\u00e9 civile.<\/p>\n<p align=\"JUSTIFY\"><strong>Sur quelle base vous \u00eates vous rassembl\u00e9 avec le Gram de Mme Perrin-Gilbert\u00a0?<\/strong><\/p>\n<p align=\"JUSTIFY\">On s\u2019est rencontr\u00e9 sur des projets. Un des premiers points de convergence a \u00e9t\u00e9 les questions autour de la m\u00e9tropole. C\u2019est m\u00eame une des raisons de la cr\u00e9ation du Gram\u00a0: r\u00e9fl\u00e9chir autour de la m\u00e9tropole. Nous sommes en d\u00e9saccord avec l\u2019esprit port\u00e9 par le<a href=\"http:\/\/www.assemblee-nationale.fr\/14\/dossiers\/action_publique_territoriale_metropoles.asp\" target=\"_blank\">texte de loi vot\u00e9 \u00e0 l\u2019Assembl\u00e9<\/a>. Il nous semble qu\u2019il y a un besoin de travailler \u00e0 une autre conception de la m\u00e9tropole. En ayant suffisamment de conseillers communautaires on peut peser pour tourner la m\u00e9tropole vers une coop\u00e9ration entre les territoires et la d\u00e9mocratie plut\u00f4t que de supporter une esp\u00e8ce de monstre qui englobe une grande partie du d\u00e9partement (sauf la partie rurale car les campagnes n\u2019int\u00e9ressent personne) et qui a pour but de d\u00e9poss\u00e9der les citoyens du pouvoir de d\u00e9cisions au profit de gens dont ont ne sait pas comment ils seront \u00e9lus \u00e0 partir de 2020.<\/p>\n<p align=\"JUSTIFY\">Il y en a d\u2019autres points d\u2019accord entre le Gram et nous\u00a0: la conception d\u2019une ville avec des services publics de qualit\u00e9, par exemple, mais je pense que nous en parlerons par la suite.<\/p>\n<p align=\"JUSTIFY\"><strong>\u00a0Pour quelles raisons les n\u00e9gociations avec le NPA<a href=\"http:\/\/www.lyoncapitale.fr\/Journal\/Lyon\/Politique\/Elections\/Municipales-2014\/Pas-d-entente-entre-NPA-et-Front-de-Gauche\" target=\"_blank\">\u00a0n\u2019ont pas abouties<\/a>\u00a0?<\/strong><\/p>\n<p align=\"JUSTIFY\">Sur les projets nous \u00e9tions plut\u00f4t proche \u00e9videment. Mais le NPA avait un pr\u00e9alable \u00e0 tout accord\u00a0: le fait de ne pas participer \u00e0 l\u2019ex\u00e9cutif quoi qu\u2019il arrive. Or, il nous semblait que d\u00e9cider a priori \u2013 c\u2019est-\u00e0-dire d\u00e9cider avant m\u00eame de savoir quelle serait notre score au premier tour et donc notre poids pour n\u00e9gocier \u2013 n\u2019\u00e9tait pas la bonne attitude. Cela nous donnait plus le sentiment de faire une candidature de t\u00e9moignage que de se battre pour \u00eatre utile. Il y a deux tours et si \u00e0 un moment on p\u00e8se assez fort pour influencer des projets importants via la mairie on pourra alors discuter d\u2019aller dans un ex\u00e9cutif ou non. Et sans le d\u00e9cider \u00e0 priori comme le NPA le pr\u00e9conisait. De plus, chacune des organisations composant la liste aura \u00e0 mener ult\u00e9rieurement des discussions au sein de sa propre structure pour savoir si elle participe ou non \u00e0 l\u2019ex\u00e9cutif. On a donc act\u00e9 qu\u2019il nous \u00e9tait impossible de nous rassembler avec le NPA et on le regrette. Ce n\u2019est pas un clivage de fond, on aurait pu construire ensemble une liste encore plus large que celle qu\u2019on propose pour rassembler davantage les citoyens qui ont envie de voir une offre alternative qui soit constructive et dynamique.<\/p>\n<p align=\"JUSTIFY\"><!--nextpage--><\/p>\n<p align=\"JUSTIFY\"><strong>On va donc essayer de se projeter dans l\u2019entre deux tour. Qui n\u00e9gociera en direct avec G\u00e9rard Collomb au second tour\u00a0? La liste de rassemblement ou chaque composante\u00a0?<\/strong><\/p>\n<p align=\"JUSTIFY\">On est une liste on y va donc unis. La question de l\u2019ex\u00e9cutif sera la seule ou chacun se d\u00e9terminera sur le fait d\u2019y aller ou pas car nos adh\u00e9rents ont leurs mots \u00e0 dire.<\/p>\n<p align=\"JUSTIFY\"><strong>Mais n\u2019est-ce pas compliqu\u00e9 d\u2019imaginer une liste avec l\u2019\u00e9ventualit\u00e9 de voir certaines organisations dans l\u2019ex\u00e9cutif et d\u2019autres pas\u00a0?<\/strong><\/p>\n<p align=\"JUSTIFY\">Non. On a d\u00e9j\u00e0 cette exp\u00e9rience au sein du Conseil r\u00e9gional o\u00f9 il y a un groupe Front de gauche avec des communistes qui participent \u00e0 l\u2019ex\u00e9cutif, et le reste du groupe qui n\u2019y sont pas. Cela ne nous emp\u00eache pas de travailler en commun, de monter des projets ensemble et de proposer des amendements communs.<\/p>\n<p align=\"JUSTIFY\"><strong>Quels rapports entretenez-vous avec la liste \u00e9cologiste\u00a0?<\/strong><\/p>\n<p align=\"JUSTIFY\">L\u00e0 aussi on a pris acte du fait que les \u00e9cologistes avec leur liste \u00ab\u00a0<a href=\"http:\/\/lyonnouveausouffle.fr\/\" target=\"_blank\">Nouveau souffle<\/a>\u00a0\u00bb avaient \u00e0 un moment d\u00e9cider de<a href=\"http:\/\/www.rue89lyon.fr\/2014\/01\/08\/municipales-2014-les-ecolos-lyonnais-abandonnent-leur-strategie-anti-collomb\/\" target=\"_blank\">\u00a0rompre le dialogue avec nous.<\/a>\u00a0Pourtant il y a eu de nombreux \u00e9changes entre les Verts et chacune des organisations de notre liste. \u00c0 la suite du vote interne du Parti communiste d\u00e9cidant de se joindre au Front de gauche, une r\u00e9union \u00e9tait pr\u00e9vu le 13 novembre dernier avec les Verts pour discuter d\u2019une possible association mais ils ont annonc\u00e9 qu\u2019ils n\u2019y participeraient pas et, dans la foul\u00e9e, ont pr\u00e9sent\u00e9s leurs neuf bin\u00f4mes de listes sur la ville. Nous avons pris acte de cette d\u00e9cision. Concomitamment au vote des communistes, les Verts ont d\u00e9cid\u00e9 de partir seul pour cette \u00e9lection. On le regrette car il y avait des points de convergence. Bien s\u00fbr, on a des diff\u00e9rences avec eux mais il y en a aussi entres les composantes du Front de gauche. Ils ont fait un autre choix et aujourd\u2019hui il n\u2019y a plus r\u00e9ellement d\u2019\u00e9change mis \u00e0 part les saillies d\u2019\u00c9tienne T\u00eate dans la presse pour parler d\u2019URSS en parlant de nous.<\/p>\n<p align=\"JUSTIFY\"><strong>Vous avez parl\u00e9 du vote interne des membres du Parti Communiste en faveur d\u2019une liste autonome. Ce vote n\u2019a pas \u00e9t\u00e9 simple, il y a m\u00eame eu huit \u00e9lus communistes qui se sont officiellement oppos\u00e9s \u00e0 la cr\u00e9ation de cette liste. Vu de l\u2019int\u00e9rieur comment cela s\u2019est-il pass\u00e9\u00a0?<\/strong><\/p>\n<p align=\"JUSTIFY\">Tout d\u2019abord ce n\u2019est pas une liste autonome, parce qu\u2019autonomes les communistes le sont tout le temps. Nous avions le choix entre deux rassemblements. Le rassemblement classique pratiqu\u00e9 depuis les ann\u00e9es 60 avec le PS ou le rassemblement avec le Front de gauche et d\u2019autres forces.<\/p>\n<p align=\"JUSTIFY\"><strong>Il faut pr\u00e9ciser qu\u2019\u00e0 Lyon, depuis 1969, le PC \u00e9tait d\u00e8s le premier tour sur la m\u00eame liste que le PS.<\/strong><\/p>\n<p align=\"JUSTIFY\">En effet, mais cette fois on est parti avec une d\u00e9marche nouvelle au sein du PC lyonnais. On a d\u2019abord travaill\u00e9 pendant neuf mois autour d\u2019un projet et a partir de ce projet on a rencontr\u00e9 tout le monde, les Verts, le Gram, le PS, etc. et on a eu des \u00e9changes avec chacun. Puis\u00a0<a href=\"http:\/\/www.lyoncapitale.fr\/Journal\/Lyon\/Politique\/Ville-de-lyon\/Municipales-les-communistes-votent-l-autonomie-a-52-9\" target=\"_blank\">les communistes se sont prononc\u00e9s<\/a>\u00a0pour savoir quel rassemblement \u00e9tait le plus utile pour porter notre projet. \u00c7a \u00e9t\u00e9 serr\u00e9 mais la d\u00e9mocratie c\u2019est souvent serr\u00e9 et il a \u00e9t\u00e9 d\u00e9cid\u00e9 que nous partirions en Front de gauche. C\u2019est vrai qu\u2019il y a eu un petit nombre d\u2019\u00e9lus, huit, qui ont fait savoir dans diff\u00e9rentes d\u00e9clarations de presse<a href=\"http:\/\/www.liberation.fr\/politiques\/2013\/10\/29\/a-lyon-des-elus-communistes-pas-prets-a-lacher-gerard-collomb_943285\" target=\"_blank\">\u00a0qu\u2019ils \u00e9taient en d\u00e9saccord avec cette d\u00e9cision<\/a>\u00a0et auraient souhait\u00e9 un nouveau vote. Notre r\u00e9ponse est tr\u00e8s simple\u00a0: pour qu\u2019il y ait un nouveau vote il faut une situation nouvelle et \u00e0 l\u2019heure actuelle il n\u2019y a aucune de raisons de faire revoter les communistes. Deux d\u2019entre eux \u00e9taient issus de la soci\u00e9t\u00e9 civile donc pas engag\u00e9s par les choix du PC et les six autres se sont mis en cong\u00e9s du PC et si certain d\u2019entre eux partent sur autre liste que la notre ils le feront en tant que soci\u00e9t\u00e9 civile, ils ne peuvent pas parl\u00e9 au nom du PC qui est rassembl\u00e9 sur une seule liste, la notre.<\/p>\n<p align=\"JUSTIFY\"><strong>Pourquoi cette volont\u00e9 de se d\u00e9gager de la majorit\u00e9 locale\u00a0? Que reprochez-vous au PS en g\u00e9n\u00e9ral et \u00e0 G\u00e9rard Collomb en particulier\u00a0?<\/strong><\/p>\n<p align=\"JUSTIFY\">Ce n\u2019est pas une liste anti-socialiste ou anti G\u00e9rard Collomb. On ne veut pas que cette ville repasse \u00e0 droite. Mais il y a plusieurs niveaux dans le d\u00e9bat. Tout d\u2019abord sur notre projet, il y a eu le sentiment dans les n\u00e9gociations faites avec le PS, avant le vote interne des communistes, que sur des choses tr\u00e8s importantes, comme les services publiques et notamment la r\u00e9gie publique de l\u2019eau, nos positions n\u2019\u00e9taient pas prise en consid\u00e9ration et on n\u2019obtiendrait aucune avanc\u00e9es en partant au premier tour avec le PS.<\/p>\n<p align=\"JUSTIFY\">Dans le m\u00eame temps il y a aussi des questions nationales, m\u00eame si les municipales sont des \u00e9lections locales on n\u2019est pas dans un monde parall\u00e8le et ce qui se passe nationalement a un impact sur la mairie. Les choix d\u2019aust\u00e9rit\u00e9s budg\u00e9taire faits au niveau national, les coupes sombres faites dans les budgets des collectivit\u00e9s territoriales rejaillissent sur la politique municipale. Et la politique men\u00e9e depuis l\u2019\u00e9lection de Fran\u00e7ois Hollande par le gouvernement Ayrault ne donne pas l\u2019impression qu\u2019on \u00e9coute les couches populaires de la soci\u00e9t\u00e9, qu\u2019on n\u2019entend pas le vote qui s\u2019est exprim\u00e9 en 2012. Retraite repouss\u00e9e \u00e0 65 voir 66 ans, pas de soutiens au plus bas salaires, d\u00e9structuration du code du travail, etc. les communistes ont le sentiment qu\u2019on a un gouvernement qui se pr\u00e9tend de gauche et qui fait une politique de droite. Or, pour partir avec le PS au premier tour \u00e0 Lyon on avait besoin d\u2019un signal fort de la part des partenaires locaux d\u2019affirmer qu\u2019ils ferront diff\u00e9remment qu\u2019au plan national mais cela n\u2019a pas \u00e9t\u00e9 le cas.<\/p>\n<p align=\"JUSTIFY\">Les deux choses se sont li\u00e9es\u00a0: les questions locales et nationales. On attendait des propositions locales qui contrebalancent la politique nationale car les mairies sont les remparts contre l\u2019aust\u00e9rit\u00e9\u00a0: d\u2019une mani\u00e8re g\u00e9n\u00e9rale, la fa\u00e7on dont on g\u00e8re une mairie r\u00e9duit l\u2019impact de la violence des in\u00e9galit\u00e9s sociales qui viennent des politiques men\u00e9es nationalement. Mais \u00e7a ne suffit pas, il faudrait aussi un changement de politique national. Le r\u00f4le d\u2019une mairie c\u2019est \u00eatre un espace de protection pour les citoyens si on n\u2019a pas de garanti que la ville le soit r\u00e9ellement on ne peut pas travailler ensemble tout de suite. Si on arrive \u00e0 porter cette exigence l\u00e0 et que \u00e7a correspond \u00e0 ce que veulent les Lyonnais alors ensuite on pourra peser r\u00e9ellement.<\/p>\n<p align=\"JUSTIFY\"><strong>Selon vous G\u00e9rard Collomb est il un maire de gauche\u00a0?<\/strong><\/p>\n<p align=\"JUSTIFY\">Sa politique ressemble beaucoup \u00e0 celle du gouvernement, notamment sur la question du budget.\u00a0<a href=\"http:\/\/www.journaldunet.com\/business\/budget-ville\/lyon\/ville-69123\" target=\"_blank\">On a une ville tr\u00e8s peu endett\u00e9e<\/a>\u00a0(deux fois mois que Paris ou Marseille, trois fois moins que Lille) c\u2019est un choix d\u2019aust\u00e9rit\u00e9 li\u00e9 \u00e0 un objectif de r\u00e9duire la d\u00e9pense publique or il y a des d\u00e9penses publiques qui sont saines car destin\u00e9es au service du citoyen et au d\u00e9veloppement des services publics. D\u00e9cider qu\u2019il faut faire des \u00e9conomies budg\u00e9taire co\u00fbte que co\u00fbte n\u2019est pas la meilleure solution. \u00c0 Lyon on a de nouveaux services mais \u00e0 personnel constant. C\u2019est un probl\u00e8me pour les conditions de travail de ces salaries mais aussi pour la qualit\u00e9 de ces service public. \u00c0 personnel constant on ne rend pas un meilleur service aux citoyens m\u00eame si on en cr\u00e9e des nouveaux. La ville pourrait \u00eatre vraiment plus \u00e0 gauche. Aujourd\u2019hui on a une ville vitrine. On voudrait une ville pour tous avec plus de solidarit\u00e9s.<\/p>\n<p align=\"JUSTIFY\"><strong>Dans ce cas l\u00e0, n\u2019est-il pas opportuniste que le Front de gauche rejoigne la liste socialiste au deuxi\u00e8me tour ?<\/strong><\/p>\n<p align=\"JUSTIFY\">Il y a une discipline r\u00e9publicaine\u00a0: la liste de gauche arriv\u00e9e en t\u00eate devra \u00eatre soutenue par les autres candidats de gauche. Nous esp\u00e9rons que cette liste ce sera la n\u00f4tre et que les autres candidats appelleront \u00e0 voter pour nous.<\/p>\n<p align=\"JUSTIFY\">Pour ce qui est de rejoindre les listes, cela d\u00e9pendra de ce qui va se d\u00e9cider en termes de projets, de nombre d\u2019\u00e9lus, etc. Notre objectif est que les id\u00e9es que l\u2019on porte trouvent un \u00e9cho dans la population car il nous semble qu\u2019elles r\u00e9pondent \u00e0 un besoin. Un besoin d\u2019une politique plus \u00e0 gauche. Si c\u2019est le cas il faudra compter avec nous en termes de projet. Donc la question de \u00ab\u00a0fusion ou pas fusion\u00a0\u00bb va se baser sur les termes de projets et non de personnes.<\/p>\n<p align=\"JUSTIFY\"><strong>Donc, si la liste socialiste ne vous propose rien entre les deux tours\u2026<\/strong><\/p>\n<p align=\"JUSTIFY\">On avisera. Nous ne sommes pas favorables aux triangulaires. Nous ne souhaitons pas que cette ville bascule \u00e0 droite et on esp\u00e8re que les autres candidats de gauche ne le souhaitent pas non plus.<\/p>\n<p align=\"JUSTIFY\"><!--nextpage--><\/p>\n<p lang=\"zxx\" align=\"JUSTIFY\"><strong>Revenons sur les reproches que vous adressez au projet de la m\u00e9tropole. Selon-vous quelles sont les alternatives \u00e0 ce projet\u00a0?<\/strong><\/p>\n<p lang=\"zxx\" align=\"JUSTIFY\">Il y a une n\u00e9cessit\u00e9 de rappeler que, bien qu\u2019on cr\u00e9e une structure au-dessus, le texte de loi permet de maintenir le pouvoir aux communes et de maintenir une certaine autonomie dans de nombreux domaines comme le logement, donc de cr\u00e9er une vraie d\u00e9mocratie locale participative. Il est possible de d\u00e9cider de ne pas d\u00e9l\u00e9guer toutes les comp\u00e9tences \u00e0 la m\u00e9tropole. C\u2019est un choix. Nous, ce que nous souhaitons, c\u2019est de ne pas les d\u00e9l\u00e9guer. Nous voulons permettre aux communes de continuer \u00e0 exercer leurs pouvoirs. La m\u00e9tropole doit devenir un outil pour les communes. Nous ne sommes donc pas compl\u00e8tement contre. L\u2019id\u00e9e est qu\u2019elle soit au service des territoires car il existe des d\u00e9s\u00e9quilibres entre les territoires. Il y a des villes plus riches que d\u2019autres, plus urbaines, de diff\u00e9rentes tailles, etc. La question est de savoir comment on cr\u00e9e du lien entre les villes, comment ont les \u00e9quilibres, comment les mettre au service du d\u00e9veloppement des transports afin de couvrir toute la zone. Aujourd\u2019hui, avec le d\u00e9coupage, il y a des zones qui vont se retrouver dans la partie d\u00e9partement. On ne sait toujours pas comment ces endroits vont \u00eatre desservis.<\/p>\n<p lang=\"zxx\" align=\"JUSTIFY\">Il y a d\u00e9j\u00e0 des signes\u00a0: le Conseil g\u00e9n\u00e9ral s\u2019est d\u00e9sengag\u00e9 dans la perspective de la m\u00e9tropole. On sent que dans de nombreux domaines, la m\u00e9tropole ne se met pas au service des citoyens. Nous pouvons d\u00e9cider mais pour cela, il faut une force et une majorit\u00e9 de gens qui veulent travailler dans ce sens au sein du futur conseil m\u00e9tropolitain. On peut d\u00e9cider que les citoyens aient leurs mots \u00e0 dire, que la d\u00e9mocratie participative n\u2019est pas quelque chose l\u00e0 pour faire jolie, que les communes gardent leurs pouvoirs et qu\u2019au niveau de la m\u00e9tropole, celle-ci met en lien, \u00e0 l\u2019image de ce que faisait d\u00e9j\u00e0 le Grand Lyon. L\u2019id\u00e9e est de cr\u00e9er une alternative. Ce n\u2019est pas simplement de dire \u00ab\u00a0 la m\u00e9tropole c\u2019est vilain\u00a0\u00bb mais r\u00e9fl\u00e9chir \u00e0 comment la mettre au service des citoyens.<\/p>\n<p lang=\"zxx\" align=\"JUSTIFY\"><strong>Quelle est votre position vis-\u00e0-vis du cumul des mandats\u00a0? Si vous \u00eates \u00e9lue maire de Lyon et \u00e9ventuellement pr\u00e9sidente de la future m\u00e9tropole, comment allez vous agir\u00a0?<\/strong><\/p>\n<p lang=\"zxx\" align=\"JUSTIFY\">Je suis contre le cumul, y compris dans le temps. Je ne suis pas pour faire plus de deux mandats successifs au m\u00eame poste. Le premier mandat, on apprend. Le second, on transmet son exp\u00e9rience aux autres puis on s\u2019en va faire autre chose. J\u2019estime que la politique ne devrait pas \u00eatre un m\u00e9tier, mais ceci soul\u00e8ve des questions au plan nationale sur le statut de l\u2019\u00e9lu. Lorsqu\u2019on est fonctionnaire, c\u2019est plus facile de se mettre en disponibilit\u00e9 et de retrouver son poste apr\u00e8s le mandat. Cela est plus compliqu\u00e9 dans la sph\u00e8re \u00e9conomique priv\u00e9e. Il faudrait r\u00e9fl\u00e9chir \u00e0 une \u00e9ventuelle loi qui permet aux gens d\u2019\u00eatre \u00e9lu un moment avec une garantie de pouvoir retravailler par la suite. Cela permettra \u00e0 plus de gens de prendre des initiatives politiques. Ainsi on n\u2019enchainera pas les mandats jusqu\u2019au-del\u00e0 de la retraite. Etre \u00e9lu \u00e0 70 ans, ce n\u2019est pas une bonne id\u00e9e. Une chose de s\u00fbr c\u2019est que si je suis \u00e9lue maire de Lyon, je ne serais pas pr\u00e9sidente de la m\u00e9tropole.<\/p>\n<p lang=\"zxx\" align=\"JUSTIFY\"><!--nextpage--><\/p>\n<p lang=\"zxx\" align=\"JUSTIFY\"><strong>Une des questions qui pr\u00e9occupe le plus les Lyonnais est celle li\u00e9e \u00e0 la petite enfance, notamment celle des places dans les cr\u00e8ches. Que pr\u00e9conisez-vous pour am\u00e9liorer l\u2019accueil dans ces \u00e9tablissements\u00a0?<\/strong><\/p>\n<p lang=\"zxx\" align=\"JUSTIFY\">D\u2019abord, il faut en cr\u00e9er. J\u2019ai une s\u0153ur qui travail en cr\u00e8che depuis longtemps. Elle voit les conditions se d\u00e9grader. Quelles que soit les structures \u2013 associatives, publiques ou priv\u00e9es \u2013 il y a un manque de places. Les directives de la CAF \u00e9tant de faire du remplissage, la qualit\u00e9 d\u2019accueil des enfants se d\u00e9grade. Il faut donc cr\u00e9er des cr\u00e8ches car tout ne peut pas passer par des assistances maternelles. De plus elles sont plus ch\u00e8res. Or c\u2019est aujourd\u2019hui la solution la plus utilis\u00e9e pour pallier au manque de cr\u00e8ches. Ensuite, pour un certain nombre d\u2019enfants, cela pose la question du vivre en collectivit\u00e9. Par exemple pour les enfants uniques, c\u2019est important qu\u2019ils soient en groupe d\u00e8s le plus jeune \u00e2ge, car c\u2019est un apprentissage. Il faut cr\u00e9er des cr\u00e8ches et surtout endiguer ce qui se d\u00e9veloppe \u00e0 Lyon et ailleurs, c\u2019est-\u00e0-dire\u00a0<a href=\"http:\/\/acepp-rhone.fr\/les-creches-et-micro-creches\/\" target=\"_blank\">le d\u00e9veloppement des micro-cr\u00e8ches<\/a>\u00a0: des \u00e9tablissements privatis\u00e9s qui sont tr\u00e8s chers et donc r\u00e9serv\u00e9s \u00e0 des gens ais\u00e9s.<\/p>\n<p lang=\"zxx\" align=\"JUSTIFY\">C\u2019est vital. Le taux de natalit\u00e9 en France est convenable, \u00e0 Lyon et ailleurs dans notre pays. Il faut permettre aux familles qui ont des enfants de ne pas obliger les femmes \u00e0 abandonner leur travail, ce qui se fait souvent pour des questions de niveaux de salaires. Il faut cr\u00e9er des cr\u00e8ches, les mettre en relation et que les assistances maternelles aient acc\u00e8s \u00e0 des relais\u00a0: c\u2019est-\u00e0-dire des temps ou elles se retrouvent, se regroupent pour faire des activit\u00e9s collectives.<\/p>\n<p align=\"JUSTIFY\"><strong>Que pensez-vous de la semaine de quatre jours\u00a0? Si vous \u00eates \u00e9lue, l\u2019appliqueriez-vous\u00a0?<\/strong><\/p>\n<p lang=\"zxx\" align=\"JUSTIFY\">En tant que professeur, j\u2019ai un avis professionnel sur la semaine de quatre jours. Je trouve d\u00e9j\u00e0 saugrenue de modifier le temps de travail des gens concern\u00e9s sans consultation pr\u00e9alable. Tout comme le fait de d\u00e9cider de modifier le rythme des gens sans les concerter. Je ne suis pas forc\u00e9ment contre le fait que les enfants aient moins d\u2019heures de cours par jour et que ceux-ci soient plus \u00e9tendus dans la dur\u00e9e. Je suis d\u2019une g\u00e9n\u00e9ration o\u00f9 on allait \u00e0 l\u2019\u00e9cole le samedi, et puis \u00e0 partir du coll\u00e8ge, le mercredi et le samedi. Ceci dit, la soci\u00e9t\u00e9 a chang\u00e9, notamment par la diminution du temps de travail. Les parents ont d\u00e9sormais plus de temps \u00e0 partager avec leurs enfants. Et le temps en famille est important pour les enfants et pour les parents.<\/p>\n<p lang=\"zxx\" align=\"JUSTIFY\">La question est comment on structure le rythme scolaire. Rajouter une demi-journ\u00e9e d\u2019\u00e9cole pour all\u00e9ger la journ\u00e9e afin de permettre aux enfants d\u2019\u00eatre moins fatigu\u00e9s, plus d\u00e9tendu, \u00e9taler le temps de travail sur la semaine, oui c\u2019est une bonne id\u00e9e. Mais qu\u2019est-ce qu\u2019on met en place autour, pour le p\u00e9riscolaire\u00a0? Quels sont les moyens\u00a0? Est-ce qu\u2019on met simplement un ballon dans la cour\u00a0? Je n\u2019en vois pas l\u2019int\u00e9r\u00eat. Autant aller en centre a\u00e9r\u00e9 faire des vraies activit\u00e9s culturelles, manuelles ou sportives le mercredi. Ou alors, est-ce qu\u2019on leur propose des ouvertures culturelles, artistiques, des d\u00e9couvertes d\u2019instruments de musiques, etc. En bref, quelle qualit\u00e9 du p\u00e9riscolaire\u00a0?<\/p>\n<p lang=\"zxx\" align=\"JUSTIFY\">Et puis, cela pose la question de la fatigue. On veut r\u00e9duire le nombre d\u2019\u00e9cole par jour mais cela ne r\u00e9duit pas la longueur de la journ\u00e9e pour les enfants. Leurs parents continuent d\u2019avoir un travail o\u00f9 ils commencent \u00e0 8h pour terminer \u00e0 17h, 18h, ou 19h. Donc les enfants ne sont pas moins fatigu\u00e9s. Il faut prendre le temps de poser les questions suivantes\u00a0: celle des moyens, des conditions de travail des enseignants \u00e0 qui ont va demander de travailler diff\u00e9remment et la question des intervenants du p\u00e9riscolaire\u00a0: qui sont-ils et quelles sont leurs conditions de travail\u00a0( dipl\u00f4me, qualification\u2026). Pour l\u2019instant, dans les textes qui sont pondus nationalement, il n\u2019y a rien. On nous annonce simplement qu\u2019il faut travailler une demi-journ\u00e9e de plus et \u00e0 charge \u00e0 chaque ville de g\u00e9rer les choses. \u00c0 l\u2019heure actuelle, il ne me semble pas qu\u2019\u00e0 Lyon, il y ait une v\u00e9ritable concertation de fond, organis\u00e9e et d\u00e9mocratique. Il n\u2019y a pas de vraie d\u00e9mocratie participative o\u00f9 on demande aux usagers de donner leur avis et de r\u00e9fl\u00e9chir \u00e0 comment on met en \u0153uvre cela, alors que c\u2019est cens\u00e9 \u00eatre mis en place \u00e0 partir de septembre prochain.<\/p>\n<p lang=\"zxx\" align=\"JUSTIFY\">Il me semble qu\u2019il faut prendre le temps de r\u00e9unir tous les acteurs sur cette question-l\u00e0. Et peut-\u00eatre ne pas le faire d\u00e8s la rentr\u00e9e prochaine.<\/p>\n<p lang=\"zxx\" align=\"JUSTIFY\"><!--nextpage--><\/p>\n<p lang=\"zxx\" align=\"JUSTIFY\"><strong>Vous proposez une extension du programme d\u2019insertion\u00a0<a href=\"http:\/\/www.rue89lyon.fr\/2013\/05\/03\/andatu-lopaque-programme-dintegration-des-roms\/\" target=\"_blank\">Andatu<\/a>\u00a0pour les familles Roms. Pendant ce temps-l\u00e0, l\u2019\u00e9quipe municipale actuelle continue de dire que l\u2019avenir des Roms est en Roumanie\u2026<\/strong><\/p>\n<p lang=\"zxx\" align=\"JUSTIFY\">Si nous \u00e9tions dans un monde merveilleux, les gens ne seraient pas oblig\u00e9s de fuir leur pays. Des gens qui se contraignent volontairement \u00e0 partir c\u2019est assez rare. Il y a des gens qui choisissent la mobilit\u00e9 par plaisir de voyager, pour rencontrer du monde, etc. Mais la majorit\u00e9 des gens qui quittent leur pays, et notamment pour venir vivre dans ces conditions, ce n\u2019est pas par choix. C\u2019est que les conditions dans leur pays d\u2019origine ne leur permettent pas de vivre. Si nationalement, les Etats travaillent \u00e0 mettre en place des collaborations pour assurer un d\u00e9veloppement harmonieux entre les diff\u00e9rents Etats, il y aura effectivement moins de gens qui viennent s\u2019installer dans les pays les plus riches d\u2019Europe. En attendant, il y a des gens qui sont ici, et ils m\u00e9ritent de vivre d\u00e9cemment, dans de bonnes conditions. Ils m\u00e9ritent d\u2019avoir des logements, de ne pas dormir sous des ponts, leurs enfants m\u00e9ritent d\u2019aller \u00e0 l\u2019\u00e9cole. Nous sommes dans un pays o\u00f9 le droit \u00e0 l\u2019\u00e9cole n\u2019est pas conditionn\u00e9 au fait d\u2019avoir la nationalit\u00e9 ou d\u2019avoir des papiers, fort heureusement. On doit donc d\u00e9velopper les programmes d\u2019insertions\u00a0: au niveau du logement, de l\u2019\u00e9cole, au niveau de la langue et de l\u2019emploi. Nous sommes dans une ville riche, nous ne devons pas avoir peur d\u2019int\u00e9grer les gens qui sont l\u00e0. D\u2019autant plus qu\u2019ils ne sont pas des milliards. Nous ne sommes pas dans une invasion de Roms qui prendrait d\u2019assaut Lyon. On est en capacit\u00e9 d\u2019accueillir les gens, notamment en p\u00e9riode d\u2019urgence actuellement. Nous sommes dans la tr\u00eave hivernale, il y a des Roms qui dorment dehors et cela n\u2019est pas normal. Il y a des b\u00e2timents vides qui appartiennent \u00e0 la ville, au d\u00e9partement, au Grand Lyon, aux HCL, ce n\u2019est pas normal que ces b\u00e2timents restent vides quand des gens dorment dans la rue.<\/p>\n<p lang=\"zxx\" align=\"JUSTIFY\"><strong>Sur la question des sans-abris, vous mettez en avant, au sein du Front de Gauche, votre volont\u00e9 de solidarit\u00e9 avec cette population. Concr\u00e8tement, que cela signifie\u00a0?<\/strong><\/p>\n<p align=\"JUSTIFY\">Il y a plusieurs propositions\u00a0: l\u2019h\u00e9bergement d\u2019urgence dans les b\u00e2timents publics vides. Sur le 1er\u00a0arrondissement, on a beaucoup parl\u00e9 de\u00a0<a href=\"http:\/\/rebellyon.info\/?Lettre-ouverte-un-mois-apres-l\" target=\"_blank\">l\u2019ancien coll\u00e8ge Truffau<\/a>t, mais si on monte sur le haut du plateau, il y a aussi Maurice Sc\u00e8ve qui est dans la m\u00eame situation que Truffaut pour les m\u00eames raisons car les deux \u00e9tablissements ont \u00e9t\u00e9 ferm\u00e9s. Si on fait le tour des arrondissements, on va en trouver beaucoup\u2026 \u00c0 quoi servent ces b\u00e2timents vides\u00a0? J\u2019entends qu\u2019il y a des projets. Mais un projet ne se monte pas en une semaine. Pendant ce temps, ne pourrions-nous pas utiliser ces endroits\u00a0? Il y a aussi des logements vides car les propri\u00e9taires, pour diff\u00e9rentes raisons, ont du mal \u00e0 louer. Et il y a des associations d\u2019aide au logement, qui sont en capacit\u00e9 d\u2019aider. On propose donc un contrat locatif \u00e0 dur\u00e9e d\u00e9termin\u00e9e, qui permet au propri\u00e9taire de louer, en partenariat avec une association, qui aide les familles ou les personnes seules \u00e0 se restructurer, \u00e0 reprendre pied dans la vie, de trouver un emploi afin d\u2019\u00eatre de nouveau capable de prendre un logement \u00ab\u00a0normal\u00a0\u00bb. Ce n\u2019est pas acceptable que des gens dorment dehors dans une ville riche et dans un pays riche comme le n\u00f4tre. Nous pensons qu\u2019il existe les moyens pour loger les gens et qu\u2019au fond, ce n\u2019est qu\u2019une question de volont\u00e9 politique.<\/p>\n<p lang=\"zxx\" align=\"JUSTIFY\"><strong>Faut-il repenser les centres d\u2019accueil d\u2019urgence\u00a0? Certains sans-abris ne d\u00e9sirent pas s\u2019y rendre. Par ailleurs, ne faut-il pas avoir une vision plus globale et sortir de la logique d\u2019urgence\u00a0?<\/strong><\/p>\n<p lang=\"zxx\" align=\"JUSTIFY\">Je suis d\u2019accord avec vos questions. Oui, il le faut. Les h\u00e9bergements d\u2019urgence, c\u2019est la gestion de l\u2019urgence et le bon sentiment de dire qu\u2019on ne peut pas laisser des gens dehors. Apr\u00e8s, ce sont des nuits en collectivit\u00e9, avec des gens qu\u2019on ne veut pas obligatoirement cotoyer, dans des conditions difficiles. On peut comprendre que ce soit insupportable. Certes, \u00e7a ne l\u2019est pas moins de dormir dans la rue. Il ne s\u2019agit pas de dire qu\u2019il ne faut plus d\u2019h\u00e9bergement d\u2019urgence. Il s\u2019agit de poser les questions autrement et de s\u2019attaquer \u00e0 la question du logement dans cette ville.<a href=\"http:\/\/www.inegalites.fr\/spip.php?article508\" target=\"_blank\">\u00a0Il y a 23\u00a0000 demandes de logement social chaque ann\u00e9e qui ne sont pas satisfaites<\/a>. Bien qu\u2019il y ait des efforts depuis 2001 dans la construction de logements sociaux, ce n\u2019est toujours pas suffisant. Il faut acc\u00e9l\u00e9rer. Il faut aller plus loin de fa\u00e7on \u00e0 que les gens ait acc\u00e8s \u00e0 un toit. Personne ne choisit de dormir dans la rue.<\/p>\n<p lang=\"zxx\" align=\"JUSTIFY\">La proposition d\u2019un contrat locatif \u00e0 dur\u00e9e d\u00e9termin\u00e9e permet aux gens, non pas d\u2019\u00eatre dans un foyer d\u2019urgence o\u00f9 il faut rappeler tous les soirs le 115, ce qui prend beaucoup de temps et ne permet pas de se remettre \u00e0 flot dans sa vie personnelle et professionnelle. \u00c0 un moment, il faut travailler avec les associations afin que tout le monde ait un toit, et non pas seulement survivre en logement collectif. Il faut quelque chose qui soit adapt\u00e9 \u00e0 chacun et \u00e0 son intimit\u00e9. Les foyers manquent d\u2019intimit\u00e9. Il faut donc travailler la question du logement d\u2019urgence en m\u00eame temps que la question globale du logement. Nous proposons d\u2019aller plus loin que\u00a0<a href=\"http:\/\/www.opacdurhone.fr\/cms\/lang\/fr\/accueil\/je-suis-elu-ou-partenaire\/obligation-loi-sru\" target=\"_blank\">les obligations de la loi SRU<\/a>. On veut atteindre les 25% de logements sociaux d\u00e8s 2020 et non pas en 2025. Aller au 30% de logements sociaux en 2030. Pour y arriver, il faut exiger que, sur toutes les nouvelles constructions, 50% soient sociaux. Et dans ces 50% il faut exiger qu\u2019une tr\u00e8s grosse part soit tourn\u00e9e vers les cat\u00e9gories les plus d\u00e9favoris\u00e9es, ce qui n\u2019est pas tout \u00e0 fait le cas aujourd\u2019hui, o\u00f9 nous avons du logement social \u00ab\u00a0plus\u00a0\u00bb.<\/p>\n<p lang=\"zxx\" align=\"JUSTIFY\"><strong>Ces derni\u00e8res ann\u00e9es, la ville a mis en place une politique du mobilier urbain qui vise \u00e0 exclure les sans-abris du centre-ville. Concr\u00e8tement, reviendriez-vous sur cette tendance\u00a0?<\/strong><\/p>\n<p lang=\"zxx\" align=\"JUSTIFY\">La volont\u00e9 qui est d\u2019emp\u00eacher les sans-abris de s\u2019allonger sur un banc rejaillit aussi sur la mamie ou le papi qui ne peuvent plus s\u2019assoir nulle part. Ce sont des choix qui sont effectivement \u00e0 destination des sans-abris, \u00e0 l\u2019instar de ce qui se passe dans le m\u00e9tro, o\u00f9 il y a des si\u00e8ges individuelles et pas des bancs. Il faut retrouver de la convivialit\u00e9.<\/p>\n<p lang=\"zxx\" align=\"JUSTIFY\"><strong>C\u2019est tout de m\u00eame quelque chose de fort et de symbolique dans la politique de la ville\u2026<\/strong><\/p>\n<p lang=\"zxx\" align=\"JUSTIFY\">Oui, dans certains endroits, \u00e7a sera vital de les enlever. Et dans les endroits o\u00f9 il n\u2019y en a pas, on mettrait que du mobilier normale.<\/p>\n<p lang=\"zxx\" align=\"JUSTIFY\"><strong>Que pr\u00e9conisez-vous pour les personnes \u00e2g\u00e9es, notamment au niveau de l\u2019accompagnement ? Avez-vous une politique sp\u00e9cifique d\u00e9di\u00e9e \u00e0 cette tranche d\u2019\u00e2ge\u00a0?<\/strong><\/p>\n<p lang=\"zxx\" align=\"JUSTIFY\">Il y a deux choses\u00a0: d\u2019abord il y a un manque de place en maison de retraire. \u00c0 un moment, pour un tas de raisons, les gens ne peuvent plus garder les anciens \u00e0 la maison. J\u2019ai \u00e9t\u00e9 confront\u00e9 \u00e0 cela. Mon p\u00e8re avait Alzheimer. Ma s\u0153ur et moi travaillions \u00e0 temps pleins. De fait, nous n\u2019avions plus le temps et la pr\u00e9sence de nous occuper de lui. \u00c0 Lyon, il y a beaucoup d\u2019\u00e9tablissement \u00e0 but lucratif, tr\u00e8s ch\u00e8res, et donc pas forc\u00e9ment accessibles au plus grand nombre. Il faut d\u00e9velopper davantage de maison de retraite intramuros. Nous, nous avons fini\u00a0<a href=\"http:\/\/www.ch-montdor.fr\/hospitalisation-chmontdor.asp\" target=\"_blank\">\u00e0 Albigny sur saone<\/a>\u00a0: soit une heure et demie pour aller voir notre p\u00e8re en transport en commun.<\/p>\n<p lang=\"zxx\" align=\"JUSTIFY\">Il faut donc r\u00e9pondre \u00e0 ce besoin. Et puis, il y a ceux qui sont capables de continuer \u00e0 vivre chez eux mais qui ont besoin d\u2019aide. On ne finit pas tous dans un \u00e9tat o\u00f9 la sant\u00e9 ne nous permet plus de vivre chez nous. Il faut cr\u00e9er des logements plus petits, adapt\u00e9s, afin que les personnes \u00e2g\u00e9es puissent rester vivre dans leur quartier, les m\u00e9nages dans un b\u00e2timent plus adapt\u00e9, avec par exemple un ascenseur.<\/p>\n<p lang=\"zxx\" align=\"JUSTIFY\">Il y aussi l\u2019id\u00e9e d\u2019habitat coop\u00e9ratif. Dans l\u2019id\u00e9e,<a href=\"http:\/\/www.rue89lyon.fr\/2011\/11\/22\/cooperative-habitant-mode-emploi-utopie-urbaine\/\" target=\"_blank\">\u00a0c\u2019est ce qui s\u2019est fait \u00e0 Villeurbanne<\/a>\u00a0avec le village vertical. L\u2019habitat coop\u00e9ratif, \u00e7a existe beaucoup en Allemagne, y compris dans les petites villes. Des \u00e9tudiants vivent dans le m\u00eame immeuble que des personnes \u00e2g\u00e9es o\u00f9 il y a un vrai \u00e9change de services. Les \u00e9tudiants ont un loyer moins cher en \u00e9change de quoi ils aident \u00e0 faire les courses ou d\u2019autres choses. Cela cr\u00e9\u00e9 du lien social, \u00e7a \u00e9vite l\u2019isolement, \u00e7a am\u00e9liore les rapports entre les uns et les autres, et surtout, \u00e7a permet aux personnes \u00e2g\u00e9es de rester dans leur quartier. C\u2019est difficile d\u2019\u00eatre \u00ab\u00a0arracher\u00a0\u00bb du quartier ou l\u2019on a v\u00e9cu toute sa vie, m\u00eame si c\u2019est la meilleure solution pour vivre bien. On doit travailler pour que les gens puissent rester dans leurs quartiers et puissent avoir des liens avec les plus jeunes.<\/p>\n<p lang=\"zxx\" align=\"JUSTIFY\"><!--nextpage--><\/p>\n<p lang=\"zxx\" align=\"JUSTIFY\"><strong>La politique de grands travaux a \u00e9t\u00e9 particuli\u00e8rement active sous les deux mandats de G\u00e9rard Collomb. Quelle est votre opinion sur cette politique\u00a0?<\/strong><\/p>\n<p lang=\"zxx\" align=\"JUSTIFY\">Il y a des choses tr\u00e8s biens\u00a0: l\u2019am\u00e9nagement des berges du Rh\u00f4ne, notamment. Cependant, j\u2019ai un probl\u00e8me sur le chantier de l\u2019H\u00f4tel-Dieu. Faire disparaitre un h\u00f4pital public pour en faire un espace vou\u00e9 au luxe, c\u2019est surr\u00e9aliste. Je suis en complet d\u00e9saccord avec \u00e7a. Nous avons r\u00e9clam\u00e9 le maintien de centres de soins au sein de l\u2019H\u00f4tel-Dieu, ou au moins la pr\u00e9sence d\u2019un centre de d\u00e9pistage du Sida et d\u2019un centre d\u2019accueil pour les IVG.<\/p>\n<p lang=\"zxx\" align=\"JUSTIFY\">Sur le Grand stade, je ne vous \u00e9tonnerais pas en vous disant que je suis \u00e9galement en complet d\u00e9saccord. C\u2019est beaucoup d\u2019argent public mis \u00e0 disposition d\u2019une entreprise priv\u00e9e alors que le service public a bien besoin de cet argent. Il faut arr\u00eater avec ce genre de chose, \u00e0 l\u2019image de la Confluence ou du Mus\u00e9e. Avec la M\u00e9tropole, nous allons r\u00e9cup\u00e9rer les dettes. On a ferm\u00e9 le mus\u00e9e Guimet sans que celui de la Confluence soit ouvert. Combien d\u2019enfants n\u2019ont pas pu visiter ce mus\u00e9e en attendant autre chose ? Il faut arr\u00eater avec ce genre de chose. Il faut d\u00e9velopper des projets \u00e0 \u00e9chelle humaine. Aujourd\u2019hui, la logique c\u2019est la \u00ab\u00a0ville vitrine, la m\u00e9tropole mondiale\u00a0\u00bb. Ainsi, dans cette logique il faut mieux \u00eatre riche et bien portant que pauvre et malade. La concurrence avec les autres m\u00e9tropoles poussent \u00e0 d\u00e9velopper de tels projets. \u00c0 mon sens, il faut revenir sur le local et l\u2019humain.<\/p>\n<p lang=\"zxx\" align=\"JUSTIFY\"><!--nextpage--><\/p>\n<p lang=\"zxx\" align=\"JUSTIFY\"><strong>Vous militez pour une gestion de l\u2019eau, des traitements des d\u00e9chets et de la restauration scolaire en r\u00e9gie, alors que la politique de Collomb d\u00e9fend le mod\u00e8le de la d\u00e9l\u00e9gation de service publique. Quelles seraient les avantages, selon vous, d\u2019une d\u00e9l\u00e9gation en r\u00e9gie ? Et pourquoi G\u00e9rard Collomb s\u2019obstine-t-il dans la voix de la d\u00e9l\u00e9gation de service publique\u00a0?<\/strong><\/p>\n<p lang=\"zxx\" align=\"JUSTIFY\">Pour la deuxi\u00e8me partie de la question, je suis tent\u00e9e de dire que c\u2019est \u00e0 lui qu\u2019il faut poser la question. Je pr\u00e9f\u00e8re vous parler de la r\u00e9gie publique. Cela permet aux citoyens d\u2019avoir la main sur les choses. Dans une r\u00e9gie publique, il y a forc\u00e9ment l\u2019implication des citoyens, sinon \u00e7a ne fonctionne pas. De plus, c\u2019est la certitude d\u2019avoir un service aux services des habitants, ce qui ne veut pas dire qu\u2019il n\u2019y ait pas de b\u00e9n\u00e9fices. Il faut faire un peu de b\u00e9n\u00e9fices pour pouvoir r\u00e9investir, entretenir et d\u00e9velopper. Mais l\u2019objectif premier n\u2019est pas une rentabilit\u00e9 financi\u00e8re vou\u00e9e \u00e0 ench\u00e9rir des actionnaires. Ce n\u2019est pas tout \u00e0 fait la m\u00eame chose. Pour nous, une r\u00e9gie publique garantit la ma\u00eetrise du service en question. Dans le cas de l\u2019eau, il s\u2019agit d\u2019avoir la ma\u00eetrise de la collecte jusqu\u2019\u00e0 la distribution, \u00e9vitant aussi le gaspillage, notamment par le manque d\u2019entretien des canalisations. Et c\u2019est surtout la ma\u00eetrise sur le prix.\u00a0<a href=\"http:\/\/www.lesechos.fr\/entreprises-secteurs\/energie-environnement\/actu\/0203241536697-veolia-remporte-le-marche-de-l-eau-du-grand-lyon-642752.php\" target=\"_blank\">Dans la d\u00e9l\u00e9gation de service publique (DSP) de l\u2019eau qui vient d\u2019\u00eatre vot\u00e9e<\/a>, on nous promet une baisse du prix de l\u2019eau de 23%. Etant donn\u00e9 que pendant les ann\u00e9es de la pr\u00e9c\u00e9dente DSP, le prix de l\u2019eau a augment\u00e9, faisant de Lyon l\u2019une des villes les plus ch\u00e8res de France en terme d\u2019eau. C\u2019\u00e9tait la moindre des choses que V\u00e9olia rebaisse les prix. Il me semble que la r\u00e9gie, c\u2019est plus d\u00e9mocratique et que c\u2019est une meilleure garantie d\u2019un service publique.<\/p>\n<p lang=\"zxx\" align=\"JUSTIFY\">Et c\u2019est faisable, d\u2019autant plus que sur la question de l\u2019eau, nous sommes d\u00e9j\u00e0 propri\u00e9taire des choses. Les comp\u00e9tences qui existent chez V\u00e9olia pourraient tr\u00e8s bien \u00eatre embauch\u00e9es au profit d\u2019une r\u00e9gie publique. On ne se retrouverait pas sans personnes pour faire fonctionner le service de l\u2019eau. C\u2019est une des choses qui fut object\u00e9 durant le d\u00e9bat. Toutes les villes qui sont revenus en r\u00e9gie publique ne se sont pas retrouv\u00e9es sans personnes. Pour r\u00e9sumer, cela garantit la stabilit\u00e9 du prix voire une baisse et cela garantit une vraie gestion en faveur des citoyens et non pas des actionnaires\u2026<\/p>\n<p lang=\"zxx\" align=\"JUSTIFY\"><strong>Vous savez qu\u2019on va vous r\u00e9pondre que la gestion en service publique co\u00fbte plus cher\u2026<\/strong><\/p>\n<p align=\"JUSTIFY\">C\u2019est faux. Dans les \u00e9tudes faites en 2012, qui \u00e9taient orient\u00e9es tr\u00e8s clairement en faveur de la DSP. Alors que les points concernant la r\u00e9gie publique \u00e9taient tr\u00e8s vite \u00e9cart\u00e9s. On a sorti des chiffres incroyables\u00a0: il aurait soi-disant fallu deux fois de personnel pour faire fonctionner l\u2019eau en r\u00e9gie. Au nom de quoi\u00a0? C\u2019est vraiment une mauvaise image que que certains veulent donner de la r\u00e9gie publique. On aurait pu accepter de r\u00e9aliser une mixit\u00e9 fonctionnelle dans un premier temps, pour sortir de la DSP, et la fois suivante on va en r\u00e9gie. Les citoyens \u00e9taient plut\u00f4t favorables au service public lorsque nous faisions des rencontres et des \u00e9v\u00e9nements autour de cette question.<\/p>\n<p align=\"JUSTIFY\"><!--nextpage--><\/p>\n<p lang=\"zxx\" align=\"JUSTIFY\"><strong>Au niveau des transports urbains, vous pr\u00e9conisez la gratuit\u00e9 pour tous. Pouvez-vous expliquer ce choix\u00a0?<\/strong><\/p>\n<p align=\"JUSTIFY\">Nous n\u2019employons pas le terme de gratuit\u00e9 mais celui de libre-acc\u00e8s. Il y a bien quelqu\u2019un qui paye, ce n\u2019est pas gratuit car il faut bien financer cela. C\u2019est en r\u00e9alit\u00e9 le libre acc\u00e8s pour l\u2019usager, car avant qu\u2019il paye son ticket de bus, il a d\u00e9j\u00e0 pay\u00e9 son transport par ses imp\u00f4ts. Une grande partie du r\u00e9seau de transports en communs est financ\u00e9e par une premi\u00e8re fois par les imp\u00f4ts, puis une seconde fois par le ticket ou par l\u2019abonnement. Pour arriver \u00e0 un libre acc\u00e8s \u00e0 tous, il faut d\u00e9velopper une meilleure participation des entreprises qui, pour l\u2019instant, remboursent la moiti\u00e9 des abonnements. Il faut faire des choix et r\u00e9orienter certaines choses. Par exemple, l\u2019argent destin\u00e9 aux agents de contr\u00f4le pourrait \u00eatre utilis\u00e9 diff\u00e9remment. On sait aussi que l\u2019\u00e9tat de sant\u00e9 de K\u00e9olis ne permettra pas d\u2019y arriver demain matin. Notre r\u00e9seau de transport sert de vitrine internationale donc il est n\u2019est pas financi\u00e8rement en tr\u00e8s bonne \u00e9tat. Il va falloir un travail de fond pour revenir \u00e0 une r\u00e9gie. Dans un premier temps, nous pouvons obtenir la gratuit\u00e9 pour les plus pr\u00e9caires, pour ceux qui sont au RSA socale par exemple. Ils payent actuellement 8,10\u20ac. On nous explique que c\u2019est un tarif social. Certes, mais quand on a des revenus \u00e0 500\u20ac par mois, 8,10\u20ac, ce n\u2019est pas rien. Le r\u00e9seau, dans l\u2019\u00e9tat actuel des choses, m\u00eame en DSP, est capable de le faire. Puis la gratuit\u00e9 pour les \u00e9tudiants, etc.<\/p>\n<p lang=\"zxx\" align=\"JUSTIFY\">Cela dit, le libre-acc\u00e8s total est une question qui fait d\u00e9bat au sein de la liste puisque c\u2019est une proposition du Front de Gauche mais ce n\u2019est pas forc\u00e9ment un point d\u2019accord avec le Gram qui pense qu\u2019il faut maintenir une participation symbolique.<\/p>\n<p align=\"JUSTIFY\"><strong>Vous proposez la cr\u00e9ation d\u2019un Parlement \u00e9cologique. Pouvez-vous d\u00e9tailler cette proposition\u00a0?<\/strong><\/p>\n<p align=\"JUSTIFY\">La question de l\u2019\u00e9cologie doit se poser partout. On culpabilise beaucoup le citoyen, tous les jours, sur sa consommation d\u2019eau, sur la fa\u00e7on dont il jette ses d\u00e9chets. On pose beaucoup moins la question de l\u2019\u00e9cologie aux entreprises. On leur donne m\u00eame le droit de polluer si elles ont assez d\u2019argent pour payer le droit \u00e0 polluer, ce qui est un souci. On doit cr\u00e9er une structure dans laquelle on trouverait les partenaires \u00e9conomiques, les partenaires institutionnels (villes et m\u00e9tropole), les entreprises, les citoyens et les associations qui font de l\u2019expertise \u00e9cologique, pour travailler \u00e0 la r\u00e9duction de la pollution par les entreprises, celle des transports, celle du traitement des d\u00e9chets, etc. Cela ne peut se faire que dans une coop\u00e9ration dans laquelle les citoyens sont associ\u00e9s pour prendre des d\u00e9cisions, et o\u00f9 les entreprises s\u2019engagent \u00e0 mettre en \u0153uvre des modes de production moins polluants (voire totalement propres), des modes de transports doux (notamment en utilisant l\u2019\u00e9nergie fluviale), une r\u00e9utilisation du r\u00e9seau ferroviaire avec le fret pour diminuer le transport routier, etc. En somme, la mise en relation de tous les acteurs \u00e9conomiques, citoyens, etc. pour travailler \u00e0 la diminution de la pollution et \u00e0 l\u2019instauration d\u2019une \u00e9conomie durable.<\/p>\n<p align=\"JUSTIFY\"><!--nextpage--><\/p>\n<p align=\"JUSTIFY\"><strong>N\u2019\u00e9tant pas favorable \u00e0 l\u2019aust\u00e9rit\u00e9 en termes de d\u00e9penses publiques, sur quels secteurs budg\u00e9taires vous accentuerez vos efforts\u00a0? Et quelle politique fiscale appliqueriez-vous\u00a0?<\/strong><\/p>\n<p align=\"JUSTIFY\">Lyon est une ville tr\u00e8s peu endett\u00e9e et il nous semble que l\u2019on peut avoir un \u00e9talement diff\u00e9rent de la dette, \u00e0 sept ou huit ans comme tel est le cas pour la plupart des villes qui sont g\u00e9r\u00e9es correctement. Avec l\u2019\u00e9talement ces villes d\u00e9gagent des investissements suppl\u00e9mentaires pour le logement, l\u2019am\u00e9nagement urbain, de services publics. Il faut r\u00e9orienter le budget en d\u00e9cidant de fonctionnement diff\u00e9remment, c\u2019est-\u00e0-dire\u00a0: travailler sur des dettes utiles \u00e0 la collectivit\u00e9, en \u00e9vitant les dettes toxiques. On ne mettrait pas en p\u00e9ril le budget de Lyon en mettant un taux d\u2019endettement \u00e0 sept ou huit ans plut\u00f4t qu\u2019\u00e0 quatre ans. Il ne s\u2019agit pas de retirer la manche du blouson \u00e0 Paul pour aller habiller Pierre parce que cela ne r\u00e9glerait aucun probl\u00e8me.<\/p>\n<p align=\"JUSTIFY\">Il ne s\u2019agit pas non plus de d\u00e9cider d\u2019augmenter les imp\u00f4ts. Il s\u2019agit aussi d\u2019avoir une meilleure justice fiscale nationale. La pression est sur les citoyens. Il faudrait un imp\u00f4t sur le revenu plus juste, avec plus de tranches pour d\u00e9gager de l\u2019argent pour le citoyen. L\u2019imp\u00f4t local doit \u00e9galement prendre en compte les diff\u00e9rentes situations locales\u00a0: concernant la taxe d\u2019habitation il vaut parfois mieux habiter \u00e0 la Croix-Rousse qu\u2019\u00e0 V\u00e9nissieux. Le remembrement n\u2019a pas \u00e9t\u00e9 fait depuis des si\u00e8cles. L\u2019\u00c9tat doit refaire l\u2019\u00e9tude de tous les logements, ce qui n\u00e9cessite un investissement pour retrouver l\u2019\u00e9quilibre.<\/p>\n<p align=\"JUSTIFY\"><strong>Pas d\u2019augmentation des imp\u00f4ts locaux et pas de baisse non plus\u00a0?<\/strong><\/p>\n<p align=\"JUSTIFY\">Il faudra regarder au plus pr\u00e8s si l\u2019on peut les r\u00e9duire mais pas d\u2019augmentation dans un premier temps.<\/p>\n<p align=\"JUSTIFY\"><!--nextpage--><\/p>\n<p align=\"JUSTIFY\"><strong>Lyon a connu l\u2019\u00e9mergence de plusieurs grands \u00e9v\u00e9nements culturels (Festival Lumi\u00e8re, Biennale d\u2019art contemporain, etc.). Les prolongeriez-vous ou appliqueriez-vous une politique diff\u00e9rente\u00a0? Et si oui, laquelle\u00a0?<\/strong><\/p>\n<p align=\"JUSTIFY\">Il y a des choses extr\u00eamement int\u00e9ressantes dans cette politique culturelle et il me semble qu\u2019il ne faut pas la jeter \u00e0 la poubelle. Car pour chacun de ces grands \u00e9v\u00e9nements il y a l\u2019obligation pour les structures de travailler avec les associations locales. C\u2019est l\u00e0 que le bat blesse car si certaines structures le font tr\u00e8s bien, comme le service arch\u00e9ologique de la ville ou l\u2019op\u00e9ra, d\u2019autres le font beaucoup moins. Par exemple, dans le cadre de la biennale de la danse, le d\u00e9fil\u00e9 s\u2019organise sur un budget suppl\u00e9mentaire. Il faut rappeler l\u2019engagement de la charte culturelle. Les grands \u00e9v\u00e9nements sont r\u00e9ussis, ils attirent des Lyonnais, des touristes, des habitants des communes de la m\u00e9tropole. Ils ont acc\u00e8s \u00e0 l\u2019art contemporain qui n\u2019est pas \u00e9vident \u00e0 la base. La pratique doit aller vers les citoyens, dans les quartiers. Il faut recommencer des partenariats pour le th\u00e9\u00e2tre et la musique avec des petites compagnies.<\/p>\n<p align=\"JUSTIFY\"><strong>Pour vous, les petites associations sont n\u00e9cessaires afin de maintenir l\u2019\u00e9quilibre dans la soci\u00e9t\u00e9\u00a0?<\/strong><\/p>\n<p align=\"JUSTIFY\">Oui, bien s\u00fbr. Les associations c\u2019est l\u00e0 o\u00f9 on d\u00e9couvre, l\u00e0 o\u00f9 on se construit, o\u00f9 on cr\u00e9e du lien. Sur la culture on a quand m\u00eame quelques soucis\u00a0: on n\u2019a pas de vraie \u00e9cole de musique dans cette ville.<\/p>\n<p align=\"JUSTIFY\"><strong>Il y en a une quai Pierre Scize.<\/strong><\/p>\n<p align=\"JUSTIFY\">Oui mais je peux vous citer des villes avec le m\u00eame nombre d\u2019habitants o\u00f9 il y a plus d\u2019une \u00e9cole de musique. Comment on fait pour que la pratique musicale soit plus pr\u00e8s des citoyens\u00a0? On doit passer par les associations car elles existent, celles qui proposent des pratiques culturelles. Il faut les aider \u00e0 se d\u00e9velopper. Car le conservatoire n\u2019accueille pas tout le monde.<\/p>\n<p align=\"JUSTIFY\"><strong>En somme, c\u2019est encore une \u00e9lite qui a acc\u00e8s aux pratiques culturelles.<\/strong><\/p>\n<p align=\"JUSTIFY\">D\u2019une certaine fa\u00e7on oui. Pour la pratique musicale certainement.<\/p>\n<p align=\"JUSTIFY\"><strong>Vous souhaitez ouvrir la pratique musicale \u00e0 tous\u00a0?<\/strong><\/p>\n<p align=\"JUSTIFY\">Oui, cela fait partie de la construction de chacun de pouvoir acc\u00e9der \u00e0 cela. On n\u2019est pas tous oblig\u00e9 de jouer d\u2019un instrument mais tous devraient avoir la possibilit\u00e9 d\u2019acc\u00e9der \u00e0 la pratique s\u2019ils le souhaitent. Ce n\u2019est pas le cas aujourd\u2019hui.<\/p>\n<p align=\"JUSTIFY\"><strong>Aideriez-vous une pratique ou une initiative culturelle plut\u00f4t qu\u2019une autre\u00a0?<\/strong><\/p>\n<p align=\"JUSTIFY\">\u00c0 un moment il convient de faire des choix car les budgets ne sont pas illimit\u00e9s. Les habitants arrivent avec des projets et les choix vont se faire sur l\u2019implication du plus grand nombre de citoyens d\u2019un quartier, sur l\u2019implication des d\u00e9favoris\u00e9s pour permettre un acc\u00e8s pour tous et pas seulement \u00e0 une \u00e9lite, sur le degr\u00e9 de mixit\u00e9 sociale, etc. On ne pourra pas dire oui \u00e0 tout.<\/p>\n<p align=\"JUSTIFY\"><strong>Faut-il sauver le soldat Guignol\u00a0?<\/strong><\/p>\n<p align=\"JUSTIFY\">Guignol c\u2019est la culture lyonnaise. Il me semble que cela ne doit pas dispara\u00eetre. De la m\u00eame fa\u00e7on qu\u2019il faut un v\u00e9ritable espace pour les Canuts. Ce sont des choses sur lesquelles on travaille pour pas que cela disparaisse. Avec tout ce que repr\u00e9sente Guignol \u00e0 la base (la satire, la critique) la ville doit s\u2019en pr\u00e9occuper.<\/p>\n<p align=\"JUSTIFY\"><strong>Guignol a 250 ans mais n\u2019est pas prot\u00e9g\u00e9.<\/strong><\/p>\n<p align=\"JUSTIFY\">Il faudrait qu\u2019il le soit. On pourrait m\u00eame demander son inscription au patrimoine mondial de l\u2019UNESCO. On peut bien inscrire de la nourriture et des plats typiques\u2026<\/p>\n<p align=\"JUSTIFY\"><strong>Continuerez-vous \u00e0 allouer un budget \u00e0 l\u2019Olympique lyonnais\u00a0? Ou mettriez-vous davantage l\u2019accent sur des clubs amateurs\u00a0?<\/strong><\/p>\n<p align=\"JUSTIFY\">Ce dont on a besoin aujourd\u2019hui c\u2019est une pratique locale du sport, un acc\u00e8s pour tous, un d\u00e9veloppement des terrains de proximit\u00e9 (il n\u2019y en pas suffisamment), aider les clubs sportifs et les associations locales. Et le foot n\u2019est pas le seul sport existant. Je n\u2019ai rien contre mais toutes les pratiques sportives doivent s\u2019exprimer. On a donn\u00e9 beaucoup d\u2019argent \u00e0 l\u2019OL ces derni\u00e8res ann\u00e9es. Ils ne peuvent pas se plaindre de ce que la collectivit\u00e9 leur a fourni.<\/p>\n<p align=\"JUSTIFY\"><strong>Que pensez-vous de la politique de G\u00e9rard Collomb consistant \u00e0\u00a0<a href=\"http:\/\/www.rue89lyon.fr\/2013\/09\/09\/videosurveillance-152-cameras-videosurveillance-campagne\/\" target=\"_blank\">augmenter la vid\u00e9osurveillance en ville\u00a0<\/a>? Il y a eu 152 cam\u00e9ras en plus des 262 existantes.<\/strong><\/p>\n<p align=\"JUSTIFY\">On nous vend les cam\u00e9ras comme une meilleure fa\u00e7on de prot\u00e9ger les citoyens. Il devait y avoir une \u00e9valuation de leur efficacit\u00e9 qui n\u2019a pas eu lieu. Personnellement, je ne suis pas pour le d\u00e9veloppement des cam\u00e9ras. Il me semble que ce dont on a besoin c\u2019est plus de pr\u00e9sence humaine. Il y a les cons\u00e9quences des politiques nationales qui ont \u00e9t\u00e9 men\u00e9es concernant la diminution du nombre de policiers un peu partout. La police municipale est surtout l\u00e0 pour mettre des PV quand on n\u2019est pas bien stationn\u00e9. Je suis favorable \u00e0 la cr\u00e9ation de m\u00e9diateurs dans tous les quartiers pour cr\u00e9er du lien, des rapports humains, pour qu\u2019on ait moins besoin de surveiller les gens. La vid\u00e9osurveillance est une politique \u00e0 Lyon mais ailleurs aussi\u00a0: la r\u00e9ponse toute faite de la pr\u00e9fecture en mati\u00e8re d\u2019ins\u00e9curit\u00e9 c\u2019est la vid\u00e9osurveillance. Mais on n\u2019alloue jamais un budget pour des m\u00e9diateurs, plus de police municipale ou plus de pr\u00e9vention. On alloue un budget pour la surveillance. Je trouve cela bien malheureux car on r\u00e9sout surtout le probl\u00e8me du sentiment d\u2019ins\u00e9curit\u00e9 alors que le probl\u00e8me d\u2019ins\u00e9curit\u00e9 se r\u00e9sout par davantage de pr\u00e9sence humaine.<\/p>\n<p align=\"JUSTIFY\"><!--nextpage--><\/p>\n<p align=\"JUSTIFY\"><strong>Que pensez-vous de l\u2019\u00e9tat des prisons en France et de la r\u00e9forme p\u00e9nitentiaire promise par Mme Taubira\u00a0: r\u00e9duction de la surpopulation carc\u00e9rale, suppression des peines plancher\u2026<\/strong><\/p>\n<p align=\"JUSTIFY\"><a href=\"http:\/\/fr.myeurop.info\/2012\/12\/13\/prisons-la-france-est-la-honte-de-l-europe-6743\" target=\"_blank\">L\u2019\u00e9tat des prisons en France est catastrophique<\/a>\u00a0que ce soit pour les adultes et encore plus pour les mineurs. La prison c\u2019est d\u00e9j\u00e0 un constat d\u2019\u00e9chec. Il y a de nombreux cas de personnes qui n\u2019ont rien \u00e0 faire en prison et qui ont besoin d\u2019autre chose\u00a0: d\u2019aide, d\u2019accompagnement. Donc travailler \u00e0 diminuer la surpopulation des prisons me semble une bonne chose, tout comme la suppression des peines plancher.<\/p>\n<p align=\"JUSTIFY\">Il me semble, d\u2019une fa\u00e7on globale, que l\u2019on doit davantage travailler avec les jeunes d\u00e9linquants \u00e0 l\u2019insertion, au suivi, avec des assistants sociaux, des m\u00e9diateurs, des \u00e9ducateurs qui permettent d\u2019\u00e9viter la r\u00e9cidive et de retrouver le chemin de l\u2019\u00e9cole et le sens de la vie dans la soci\u00e9t\u00e9. Cela passe par une meilleure politique dans la ville et, plus g\u00e9n\u00e9ralement, dans le pays. Quand les gens auront le sentiment que le seul moyen de s\u2019en sortir ce n\u2019est pas la d\u00e9linquance ils auront plut\u00f4t envie de vivre \u00e0 l\u2019ext\u00e9rieur qu\u2019en prison. Personne ne r\u00eave de finir ses jours en prison.<\/p>\n<p align=\"JUSTIFY\"><strong>Si nos lecteurs veulent en savoir plus sur votre programme que doivent-ils faire\u00a0?<\/strong><\/p>\n<p align=\"JUSTIFY\">Ils peuvent se rendre sur\u00a0<a href=\"https:\/\/www.facebook.com\/guitard.lyon2014?fref=ts\">la page Facebook.<\/a>\u00a0Ils peuvent aussi m\u2019\u00e9crire \u00e0 <a href=\"mailto:guitard.lyon2014@gmail.com\">guitard.lyon2014@gmail.com<\/a><\/p>\n<p align=\"JUSTIFY\">vid\u00e9o : 3 questions \u00e0\u00a0 Aline Guitard<\/p>\n<p align=\"JUSTIFY\"><iframe loading=\"lazy\" src=\"http:\/\/www.youtube.com\/embed\/03rmvPZ6DXk?wmode=transparent\" height=\"315\" width=\"560\" allowfullscreen=\"\" frameborder=\"0\"><\/iframe><\/p>\n<p align=\"JUSTIFY\">Lancement campagne Front de Gauche<\/p>\n<p align=\"JUSTIFY\"><iframe loading=\"lazy\" src=\"http:\/\/www.youtube.com\/embed\/obE92Bubuu8?wmode=transparent\" height=\"315\" width=\"560\" allowfullscreen=\"\" frameborder=\"0\"><\/iframe><\/p>\n<!-- AddThis Advanced Settings generic via filter on the_content --><!-- AddThis Share Buttons generic via filter on the_content -->","protected":false},"excerpt":{"rendered":"<p>Les \u00e9lections s\u2019approchent et nous recevons aujourd\u2019hui\u00a0 dans le cadre de CLIC pour 2014 Mme Guitard,\u00a0t\u00eate de liste Front de gauche aux municipales de 2014 &hellip; <!-- AddThis Advanced Settings generic via filter on wp_trim_excerpt --><!-- AddThis Share Buttons generic via filter on wp_trim_excerpt --><\/p>\n","protected":false},"author":1,"featured_media":5979,"comment_status":"open","ping_status":"open","sticky":false,"template":"","format":"standard","meta":{"_FSMCFIC_featured_image_caption":"","_FSMCFIC_featured_image_nocaption":"","_FSMCFIC_featured_image_hide":"","footnotes":""},"categories":[4],"tags":[614,347,872,1054,112,262,784],"class_list":["post-5972","post","type-post","status-publish","format-standard","has-post-thumbnail","hentry","category-lyon","tag-614","tag-candidat","tag-forum-de-lyon","tag-front-de-gauche","tag-lyon-bondy-blog","tag-municipales","tag-nathalie-perrin-gilbert"],"yoast_head":"<!-- This site is optimized with the Yoast SEO plugin v22.8 - https:\/\/yoast.com\/wordpress\/plugins\/seo\/ -->\n<title>Municipales 2014 \u00ab Les mairies sont les remparts contre l\u2019aust\u00e9rit\u00e9 \u00bb : interview d\u2019Aline Guitard, candidate Front de gauche - Lyon Bondy Blog<\/title>\n<meta name=\"robots\" content=\"index, follow, max-snippet:-1, max-image-preview:large, max-video-preview:-1\" \/>\n<link rel=\"canonical\" href=\"https:\/\/lyonbondyblog.fr\/LBB\/municipales-2014-les-mairies-sont-les-remparts-lausterite-interview-daline-guitard-candidate-front-de-gauche\/\" \/>\n<link rel=\"next\" href=\"https:\/\/lyonbondyblog.fr\/LBB\/municipales-2014-les-mairies-sont-les-remparts-lausterite-interview-daline-guitard-candidate-front-de-gauche\/2\/\" \/>\n<meta property=\"og:locale\" content=\"fr_FR\" \/>\n<meta property=\"og:type\" content=\"article\" \/>\n<meta property=\"og:title\" content=\"Municipales 2014 \u00ab Les mairies sont les remparts contre l\u2019aust\u00e9rit\u00e9 \u00bb : interview d\u2019Aline Guitard, candidate Front de gauche - Lyon Bondy Blog\" \/>\n<meta property=\"og:description\" content=\"Les \u00e9lections s\u2019approchent et nous recevons aujourd\u2019hui\u00a0 dans le cadre de CLIC pour 2014 Mme Guitard,\u00a0t\u00eate de liste Front de gauche aux municipales de 2014 &hellip;\" \/>\n<meta property=\"og:url\" content=\"https:\/\/lyonbondyblog.fr\/LBB\/municipales-2014-les-mairies-sont-les-remparts-lausterite-interview-daline-guitard-candidate-front-de-gauche\/\" \/>\n<meta property=\"og:site_name\" content=\"Lyon Bondy Blog\" \/>\n<meta property=\"article:publisher\" content=\"https:\/\/www.facebook.com\/lyonbondyblog\" \/>\n<meta property=\"article:author\" content=\"https:\/\/www.facebook.com\/lyonbondyblog\" \/>\n<meta property=\"article:published_time\" content=\"2014-02-26T18:00:17+00:00\" \/>\n<meta property=\"article:modified_time\" content=\"2014-03-07T16:34:34+00:00\" \/>\n<meta property=\"og:image\" content=\"https:\/\/lyonbondyblog.fr\/LBB\/wp-content\/uploads\/2014\/02\/DSC07413.jpg\" \/>\n\t<meta property=\"og:image:width\" content=\"600\" \/>\n\t<meta property=\"og:image:height\" content=\"338\" \/>\n\t<meta property=\"og:image:type\" content=\"image\/jpeg\" \/>\n<meta name=\"author\" content=\"La r\u00e9daction\" \/>\n<meta name=\"twitter:card\" content=\"summary_large_image\" \/>\n<meta name=\"twitter:creator\" content=\"@BondyBlogLyon\" \/>\n<meta name=\"twitter:site\" content=\"@bondybloglyon\" \/>\n<script type=\"application\/ld+json\" class=\"yoast-schema-graph\">{\"@context\":\"https:\/\/schema.org\",\"@graph\":[{\"@type\":\"Article\",\"@id\":\"https:\/\/lyonbondyblog.fr\/LBB\/municipales-2014-les-mairies-sont-les-remparts-lausterite-interview-daline-guitard-candidate-front-de-gauche\/#article\",\"isPartOf\":{\"@id\":\"https:\/\/lyonbondyblog.fr\/LBB\/municipales-2014-les-mairies-sont-les-remparts-lausterite-interview-daline-guitard-candidate-front-de-gauche\/\"},\"author\":{\"name\":\"La r\u00e9daction\",\"@id\":\"https:\/\/lyonbondyblog.fr\/LBB\/#\/schema\/person\/e45f8d27baac75072daa0be50c409b25\"},\"headline\":\"Municipales 2014 \u00ab Les mairies sont les remparts contre l\u2019aust\u00e9rit\u00e9 \u00bb : interview d\u2019Aline Guitard, candidate Front de gauche\",\"datePublished\":\"2014-02-26T18:00:17+00:00\",\"dateModified\":\"2014-03-07T16:34:34+00:00\",\"mainEntityOfPage\":{\"@id\":\"https:\/\/lyonbondyblog.fr\/LBB\/municipales-2014-les-mairies-sont-les-remparts-lausterite-interview-daline-guitard-candidate-front-de-gauche\/\"},\"wordCount\":8416,\"commentCount\":0,\"publisher\":{\"@id\":\"https:\/\/lyonbondyblog.fr\/LBB\/#organization\"},\"image\":{\"@id\":\"https:\/\/lyonbondyblog.fr\/LBB\/municipales-2014-les-mairies-sont-les-remparts-lausterite-interview-daline-guitard-candidate-front-de-gauche\/#primaryimage\"},\"thumbnailUrl\":\"https:\/\/lyonbondyblog.fr\/LBB\/wp-content\/uploads\/2014\/02\/DSC07413.jpg\",\"keywords\":[\"2014\",\"candidat\",\"forum de Lyon\",\"Front de Gauche\",\"Lyon Bondy Blog\",\"municipales\",\"Nathalie PERRIN-GILBERT\"],\"articleSection\":[\"Lyon\"],\"inLanguage\":\"fr-FR\",\"potentialAction\":[{\"@type\":\"CommentAction\",\"name\":\"Comment\",\"target\":[\"https:\/\/lyonbondyblog.fr\/LBB\/municipales-2014-les-mairies-sont-les-remparts-lausterite-interview-daline-guitard-candidate-front-de-gauche\/#respond\"]}]},{\"@type\":\"WebPage\",\"@id\":\"https:\/\/lyonbondyblog.fr\/LBB\/municipales-2014-les-mairies-sont-les-remparts-lausterite-interview-daline-guitard-candidate-front-de-gauche\/\",\"url\":\"https:\/\/lyonbondyblog.fr\/LBB\/municipales-2014-les-mairies-sont-les-remparts-lausterite-interview-daline-guitard-candidate-front-de-gauche\/\",\"name\":\"Municipales 2014 \u00ab Les mairies sont les remparts contre l\u2019aust\u00e9rit\u00e9 \u00bb : interview d\u2019Aline Guitard, candidate Front de gauche - Lyon Bondy Blog\",\"isPartOf\":{\"@id\":\"https:\/\/lyonbondyblog.fr\/LBB\/#website\"},\"primaryImageOfPage\":{\"@id\":\"https:\/\/lyonbondyblog.fr\/LBB\/municipales-2014-les-mairies-sont-les-remparts-lausterite-interview-daline-guitard-candidate-front-de-gauche\/#primaryimage\"},\"image\":{\"@id\":\"https:\/\/lyonbondyblog.fr\/LBB\/municipales-2014-les-mairies-sont-les-remparts-lausterite-interview-daline-guitard-candidate-front-de-gauche\/#primaryimage\"},\"thumbnailUrl\":\"https:\/\/lyonbondyblog.fr\/LBB\/wp-content\/uploads\/2014\/02\/DSC07413.jpg\",\"datePublished\":\"2014-02-26T18:00:17+00:00\",\"dateModified\":\"2014-03-07T16:34:34+00:00\",\"inLanguage\":\"fr-FR\",\"potentialAction\":[{\"@type\":\"ReadAction\",\"target\":[\"https:\/\/lyonbondyblog.fr\/LBB\/municipales-2014-les-mairies-sont-les-remparts-lausterite-interview-daline-guitard-candidate-front-de-gauche\/\"]}]},{\"@type\":\"ImageObject\",\"inLanguage\":\"fr-FR\",\"@id\":\"https:\/\/lyonbondyblog.fr\/LBB\/municipales-2014-les-mairies-sont-les-remparts-lausterite-interview-daline-guitard-candidate-front-de-gauche\/#primaryimage\",\"url\":\"https:\/\/lyonbondyblog.fr\/LBB\/wp-content\/uploads\/2014\/02\/DSC07413.jpg\",\"contentUrl\":\"https:\/\/lyonbondyblog.fr\/LBB\/wp-content\/uploads\/2014\/02\/DSC07413.jpg\",\"width\":600,\"height\":338},{\"@type\":\"WebSite\",\"@id\":\"https:\/\/lyonbondyblog.fr\/LBB\/#website\",\"url\":\"https:\/\/lyonbondyblog.fr\/LBB\/\",\"name\":\"Lyon Bondy Blog\",\"description\":\"\",\"publisher\":{\"@id\":\"https:\/\/lyonbondyblog.fr\/LBB\/#organization\"},\"potentialAction\":[{\"@type\":\"SearchAction\",\"target\":{\"@type\":\"EntryPoint\",\"urlTemplate\":\"https:\/\/lyonbondyblog.fr\/LBB\/?s={search_term_string}\"},\"query-input\":\"required name=search_term_string\"}],\"inLanguage\":\"fr-FR\"},{\"@type\":\"Organization\",\"@id\":\"https:\/\/lyonbondyblog.fr\/LBB\/#organization\",\"name\":\"LYON BONDY BLOG\",\"url\":\"https:\/\/lyonbondyblog.fr\/LBB\/\",\"logo\":{\"@type\":\"ImageObject\",\"inLanguage\":\"fr-FR\",\"@id\":\"https:\/\/lyonbondyblog.fr\/LBB\/#\/schema\/logo\/image\/\",\"url\":\"http:\/\/lyonbondyblog.fr\/LBB\/wp-content\/uploads\/2014\/10\/logo-portable-144.png\",\"contentUrl\":\"http:\/\/lyonbondyblog.fr\/LBB\/wp-content\/uploads\/2014\/10\/logo-portable-144.png\",\"width\":144,\"height\":123,\"caption\":\"LYON BONDY BLOG\"},\"image\":{\"@id\":\"https:\/\/lyonbondyblog.fr\/LBB\/#\/schema\/logo\/image\/\"},\"sameAs\":[\"https:\/\/www.facebook.com\/lyonbondyblog\",\"https:\/\/x.com\/bondybloglyon\"]},{\"@type\":\"Person\",\"@id\":\"https:\/\/lyonbondyblog.fr\/LBB\/#\/schema\/person\/e45f8d27baac75072daa0be50c409b25\",\"name\":\"La r\u00e9daction\",\"description\":\"Cr\u00e9e en 2008, la r\u00e9daction du Lyon Bondy Blog s'applique \u00e0 proposer une information locale diff\u00e9rente et compl\u00e9mentaire des m\u00e9dias traditionnels.\",\"sameAs\":[\"https:\/\/www.facebook.com\/lyonbondyblog\",\"https:\/\/x.com\/BondyBlogLyon\"],\"url\":\"https:\/\/lyonbondyblog.fr\/LBB\/author\/admin\/\"}]}<\/script>\n<!-- \/ Yoast SEO plugin. -->","yoast_head_json":{"title":"Municipales 2014 \u00ab Les mairies sont les remparts contre l\u2019aust\u00e9rit\u00e9 \u00bb : interview d\u2019Aline Guitard, candidate Front de gauche - Lyon Bondy Blog","robots":{"index":"index","follow":"follow","max-snippet":"max-snippet:-1","max-image-preview":"max-image-preview:large","max-video-preview":"max-video-preview:-1"},"canonical":"https:\/\/lyonbondyblog.fr\/LBB\/municipales-2014-les-mairies-sont-les-remparts-lausterite-interview-daline-guitard-candidate-front-de-gauche\/","next":"https:\/\/lyonbondyblog.fr\/LBB\/municipales-2014-les-mairies-sont-les-remparts-lausterite-interview-daline-guitard-candidate-front-de-gauche\/2\/","og_locale":"fr_FR","og_type":"article","og_title":"Municipales 2014 \u00ab Les mairies sont les remparts contre l\u2019aust\u00e9rit\u00e9 \u00bb : interview d\u2019Aline Guitard, candidate Front de gauche - Lyon Bondy Blog","og_description":"Les \u00e9lections s\u2019approchent et nous recevons aujourd\u2019hui\u00a0 dans le cadre de CLIC pour 2014 Mme Guitard,\u00a0t\u00eate de liste Front de gauche aux municipales de 2014 &hellip;","og_url":"https:\/\/lyonbondyblog.fr\/LBB\/municipales-2014-les-mairies-sont-les-remparts-lausterite-interview-daline-guitard-candidate-front-de-gauche\/","og_site_name":"Lyon Bondy Blog","article_publisher":"https:\/\/www.facebook.com\/lyonbondyblog","article_author":"https:\/\/www.facebook.com\/lyonbondyblog","article_published_time":"2014-02-26T18:00:17+00:00","article_modified_time":"2014-03-07T16:34:34+00:00","og_image":[{"width":600,"height":338,"url":"https:\/\/lyonbondyblog.fr\/LBB\/wp-content\/uploads\/2014\/02\/DSC07413.jpg","type":"image\/jpeg"}],"author":"La r\u00e9daction","twitter_card":"summary_large_image","twitter_creator":"@BondyBlogLyon","twitter_site":"@bondybloglyon","schema":{"@context":"https:\/\/schema.org","@graph":[{"@type":"Article","@id":"https:\/\/lyonbondyblog.fr\/LBB\/municipales-2014-les-mairies-sont-les-remparts-lausterite-interview-daline-guitard-candidate-front-de-gauche\/#article","isPartOf":{"@id":"https:\/\/lyonbondyblog.fr\/LBB\/municipales-2014-les-mairies-sont-les-remparts-lausterite-interview-daline-guitard-candidate-front-de-gauche\/"},"author":{"name":"La r\u00e9daction","@id":"https:\/\/lyonbondyblog.fr\/LBB\/#\/schema\/person\/e45f8d27baac75072daa0be50c409b25"},"headline":"Municipales 2014 \u00ab Les mairies sont les remparts contre l\u2019aust\u00e9rit\u00e9 \u00bb : interview d\u2019Aline Guitard, candidate Front de gauche","datePublished":"2014-02-26T18:00:17+00:00","dateModified":"2014-03-07T16:34:34+00:00","mainEntityOfPage":{"@id":"https:\/\/lyonbondyblog.fr\/LBB\/municipales-2014-les-mairies-sont-les-remparts-lausterite-interview-daline-guitard-candidate-front-de-gauche\/"},"wordCount":8416,"commentCount":0,"publisher":{"@id":"https:\/\/lyonbondyblog.fr\/LBB\/#organization"},"image":{"@id":"https:\/\/lyonbondyblog.fr\/LBB\/municipales-2014-les-mairies-sont-les-remparts-lausterite-interview-daline-guitard-candidate-front-de-gauche\/#primaryimage"},"thumbnailUrl":"https:\/\/lyonbondyblog.fr\/LBB\/wp-content\/uploads\/2014\/02\/DSC07413.jpg","keywords":["2014","candidat","forum de Lyon","Front de Gauche","Lyon Bondy Blog","municipales","Nathalie PERRIN-GILBERT"],"articleSection":["Lyon"],"inLanguage":"fr-FR","potentialAction":[{"@type":"CommentAction","name":"Comment","target":["https:\/\/lyonbondyblog.fr\/LBB\/municipales-2014-les-mairies-sont-les-remparts-lausterite-interview-daline-guitard-candidate-front-de-gauche\/#respond"]}]},{"@type":"WebPage","@id":"https:\/\/lyonbondyblog.fr\/LBB\/municipales-2014-les-mairies-sont-les-remparts-lausterite-interview-daline-guitard-candidate-front-de-gauche\/","url":"https:\/\/lyonbondyblog.fr\/LBB\/municipales-2014-les-mairies-sont-les-remparts-lausterite-interview-daline-guitard-candidate-front-de-gauche\/","name":"Municipales 2014 \u00ab Les mairies sont les remparts contre l\u2019aust\u00e9rit\u00e9 \u00bb : interview d\u2019Aline Guitard, candidate Front de gauche - Lyon Bondy Blog","isPartOf":{"@id":"https:\/\/lyonbondyblog.fr\/LBB\/#website"},"primaryImageOfPage":{"@id":"https:\/\/lyonbondyblog.fr\/LBB\/municipales-2014-les-mairies-sont-les-remparts-lausterite-interview-daline-guitard-candidate-front-de-gauche\/#primaryimage"},"image":{"@id":"https:\/\/lyonbondyblog.fr\/LBB\/municipales-2014-les-mairies-sont-les-remparts-lausterite-interview-daline-guitard-candidate-front-de-gauche\/#primaryimage"},"thumbnailUrl":"https:\/\/lyonbondyblog.fr\/LBB\/wp-content\/uploads\/2014\/02\/DSC07413.jpg","datePublished":"2014-02-26T18:00:17+00:00","dateModified":"2014-03-07T16:34:34+00:00","inLanguage":"fr-FR","potentialAction":[{"@type":"ReadAction","target":["https:\/\/lyonbondyblog.fr\/LBB\/municipales-2014-les-mairies-sont-les-remparts-lausterite-interview-daline-guitard-candidate-front-de-gauche\/"]}]},{"@type":"ImageObject","inLanguage":"fr-FR","@id":"https:\/\/lyonbondyblog.fr\/LBB\/municipales-2014-les-mairies-sont-les-remparts-lausterite-interview-daline-guitard-candidate-front-de-gauche\/#primaryimage","url":"https:\/\/lyonbondyblog.fr\/LBB\/wp-content\/uploads\/2014\/02\/DSC07413.jpg","contentUrl":"https:\/\/lyonbondyblog.fr\/LBB\/wp-content\/uploads\/2014\/02\/DSC07413.jpg","width":600,"height":338},{"@type":"WebSite","@id":"https:\/\/lyonbondyblog.fr\/LBB\/#website","url":"https:\/\/lyonbondyblog.fr\/LBB\/","name":"Lyon Bondy Blog","description":"","publisher":{"@id":"https:\/\/lyonbondyblog.fr\/LBB\/#organization"},"potentialAction":[{"@type":"SearchAction","target":{"@type":"EntryPoint","urlTemplate":"https:\/\/lyonbondyblog.fr\/LBB\/?s={search_term_string}"},"query-input":"required name=search_term_string"}],"inLanguage":"fr-FR"},{"@type":"Organization","@id":"https:\/\/lyonbondyblog.fr\/LBB\/#organization","name":"LYON BONDY BLOG","url":"https:\/\/lyonbondyblog.fr\/LBB\/","logo":{"@type":"ImageObject","inLanguage":"fr-FR","@id":"https:\/\/lyonbondyblog.fr\/LBB\/#\/schema\/logo\/image\/","url":"http:\/\/lyonbondyblog.fr\/LBB\/wp-content\/uploads\/2014\/10\/logo-portable-144.png","contentUrl":"http:\/\/lyonbondyblog.fr\/LBB\/wp-content\/uploads\/2014\/10\/logo-portable-144.png","width":144,"height":123,"caption":"LYON BONDY BLOG"},"image":{"@id":"https:\/\/lyonbondyblog.fr\/LBB\/#\/schema\/logo\/image\/"},"sameAs":["https:\/\/www.facebook.com\/lyonbondyblog","https:\/\/x.com\/bondybloglyon"]},{"@type":"Person","@id":"https:\/\/lyonbondyblog.fr\/LBB\/#\/schema\/person\/e45f8d27baac75072daa0be50c409b25","name":"La r\u00e9daction","description":"Cr\u00e9e en 2008, la r\u00e9daction du Lyon Bondy Blog s'applique \u00e0 proposer une information locale diff\u00e9rente et compl\u00e9mentaire des m\u00e9dias traditionnels.","sameAs":["https:\/\/www.facebook.com\/lyonbondyblog","https:\/\/x.com\/BondyBlogLyon"],"url":"https:\/\/lyonbondyblog.fr\/LBB\/author\/admin\/"}]}},"_links":{"self":[{"href":"https:\/\/lyonbondyblog.fr\/LBB\/wp-json\/wp\/v2\/posts\/5972","targetHints":{"allow":["GET"]}}],"collection":[{"href":"https:\/\/lyonbondyblog.fr\/LBB\/wp-json\/wp\/v2\/posts"}],"about":[{"href":"https:\/\/lyonbondyblog.fr\/LBB\/wp-json\/wp\/v2\/types\/post"}],"author":[{"embeddable":true,"href":"https:\/\/lyonbondyblog.fr\/LBB\/wp-json\/wp\/v2\/users\/1"}],"replies":[{"embeddable":true,"href":"https:\/\/lyonbondyblog.fr\/LBB\/wp-json\/wp\/v2\/comments?post=5972"}],"version-history":[{"count":0,"href":"https:\/\/lyonbondyblog.fr\/LBB\/wp-json\/wp\/v2\/posts\/5972\/revisions"}],"wp:featuredmedia":[{"embeddable":true,"href":"https:\/\/lyonbondyblog.fr\/LBB\/wp-json\/wp\/v2\/media\/5979"}],"wp:attachment":[{"href":"https:\/\/lyonbondyblog.fr\/LBB\/wp-json\/wp\/v2\/media?parent=5972"}],"wp:term":[{"taxonomy":"category","embeddable":true,"href":"https:\/\/lyonbondyblog.fr\/LBB\/wp-json\/wp\/v2\/categories?post=5972"},{"taxonomy":"post_tag","embeddable":true,"href":"https:\/\/lyonbondyblog.fr\/LBB\/wp-json\/wp\/v2\/tags?post=5972"}],"curies":[{"name":"wp","href":"https:\/\/api.w.org\/{rel}","templated":true}]}}