{"id":5937,"date":"2014-02-25T16:37:11","date_gmt":"2014-02-25T15:37:11","guid":{"rendered":"http:\/\/lyonbondyblog.fr\/LBB\/?p=5937"},"modified":"2014-05-23T16:06:05","modified_gmt":"2014-05-23T14:06:05","slug":"portraits-de-jeunes-militants-tas-le-look-coco","status":"publish","type":"post","link":"https:\/\/lyonbondyblog.fr\/LBB\/portraits-de-jeunes-militants-tas-le-look-coco\/","title":{"rendered":"Portraits de jeunes militants : T&rsquo;as le look coco !"},"content":{"rendered":"<p style=\"text-align: left;\" align=\"CENTER\"><strong>A l\u2019aube des \u00e9lections Municipales, le Lyon Bondy Blog a souhait\u00e9 partir \u00e0 la rencontre de certains visages cach\u00e9s qui \u0153uvrent en sous-terrain pour l\u2019\u00e9lection d\u2019un candidat.\u00a0Ils tractent sur les march\u00e9s, s\u2019affairent \u00e0 la communication de la campagne, sont responsables d\u2019une\u00a0cellule,\u00a0ils sont jeunes, passionn\u00e9s de politique et\u00a0consacrent\u00a0la majeure\u00a0partie de leur temps libre \u00e0 militer\u00a0au sein d\u2019un parti.\u00a0Le LBB est all\u00e9 \u00e0 la rencontre de plusieurs jeunes militants et les a questionn\u00e9s sur les raisons et le sens de leur engagement, en voici les portraits.<\/strong><\/p>\n<p style=\"text-align: left;\" align=\"CENTER\"><img loading=\"lazy\" decoding=\"async\" width=\"600\" height=\"350\" class=\"aligncenter size-full wp-image-5944\" src=\"https:\/\/lyonbondyblog.fr\/LBB\/wp-content\/uploads\/2014\/02\/5-1.jpg\" alt=\"5 (1)\" srcset=\"https:\/\/lyonbondyblog.fr\/LBB\/wp-content\/uploads\/2014\/02\/5-1.jpg 600w, https:\/\/lyonbondyblog.fr\/LBB\/wp-content\/uploads\/2014\/02\/5-1-300x175.jpg 300w\" sizes=\"auto, (max-width: 600px) 100vw, 600px\" \/><\/p>\n<p>Pierre Beaufaron est militant au Parti Communiste Fran\u00e7ais \u00e0 Lyon. Graphiste \u00e0 V\u00e9nissieux, il r\u00e9alise les tracts et les affiches pour la campagne que les communistes m\u00e8nent conjointement avec le Front de Gauche pour les Municipales. A\u00a029 ans, il respire, pense et parle &#8211; beaucoup &#8211; PCF depuis mars 2012.<\/p>\n<p>Depuis son adolescence, Pierre Beaufaron a op\u00e9r\u00e9 quelques changements. Il a abandonn\u00e9 son \u00ab\u00a0<i>look de hippie<\/i>\u00a0\u00bb, s&rsquo;est coup\u00e9 les cheveux, a troqu\u00e9 ses pulls multicolores contre des couleurs sobres. Il porte des Clarks grises et m\u00eame des pulls torsad\u00e9s. Seuls quelques tee-shirts de Batman et son \u00e9ternelle cigarette roul\u00e9e semblent lui faire remonter le temps. D&rsquo;adolescent d\u00e9sengag\u00e9, militant opportuniste (\u00ab\u00a0c<i>omme tout le monde j&rsquo;ai fait des manif de lyc\u00e9ens<\/i>\u00a0\u00bb, dit-il) il est devenu, \u00e0 29 ans, un militant tr\u00e8s impliqu\u00e9 dans la vie du Parti Communiste. Et vice-versa.<\/p>\n<h1>\u00ab\u00a0Ca existe encore le PCF ?\u00a0\u00bb<\/h1>\n<p><img loading=\"lazy\" decoding=\"async\" width=\"300\" height=\"175\" class=\"alignleft size-medium wp-image-5943\" src=\"https:\/\/lyonbondyblog.fr\/LBB\/wp-content\/uploads\/2014\/02\/1-300x175.jpg\" alt=\"1\" srcset=\"https:\/\/lyonbondyblog.fr\/LBB\/wp-content\/uploads\/2014\/02\/1-300x175.jpg 300w, https:\/\/lyonbondyblog.fr\/LBB\/wp-content\/uploads\/2014\/02\/1.jpg 600w\" sizes=\"auto, (max-width: 300px) 100vw, 300px\" \/>Install\u00e9 dans le salon de son appartement dans le quartier de Guilloti\u00e8re, Pierre d\u00e9roule son parcours de militant. \u00c0 partir de 2008, il suit de pr\u00e8s l&rsquo;actualit\u00e9 \u00e9conomique. La politique de l&rsquo;UE et du FMI pour r\u00e9pondre \u00e0 la crise et la situation en Gr\u00e8ce le mettent \u00ab\u00a0<i>tr\u00e8s en col\u00e8re<\/i>\u00a0\u00bb et il d\u00e9cide de s&rsquo;encarter en mars 2012. Il choisit le PCF, parce qu&rsquo;il porte \u00ab\u00a0<i>l&rsquo;id\u00e9ologie marxiste<\/i>\u00a0\u00bb et pour ne pas \u00eatre dans \u00ab\u00a0<i>un parti exclusivement d&rsquo;opposition et qui ne veut pas avoir le pouvoir<\/i>\u00a0\u00bb comme le NPA ou FO. \u00ab<i>\u00a0On est dans un syst\u00e8me qui devient \u00ab\u00a0\u00e0 l&rsquo;am\u00e9ricaine\u00a0\u00bb avec deux partis (PS et UMP) tr\u00e8s lib\u00e9raux qui n&rsquo;essaient plus de travailler pour les peuples. L&rsquo;\u00e9lectorat du PS, c&rsquo;est les classes moyennes. Il n&rsquo;essaie m\u00eame plus de se faire \u00e9lire par les classes populaires, c&rsquo;est un \u00e9lectorat qu&rsquo;il a compl\u00e8tement laiss\u00e9 tomber et \u00e7a se voit dans les politiques qui sont men\u00e9es. De mon point de vue, en \u00e9tant vraiment de gauche aujourd&rsquo;hui, on ne peut pas prendre sa carte au PS\u00a0\u00bb,<\/i> dit-il pour expliquer son choix. Dans son entourage, la nouvelle de son adh\u00e9sion au PCF a \u00e9t\u00e9 bien accueillie et surtout sans surprise. Issu d&rsquo;un milieu familial ancr\u00e9 \u00e0 l&rsquo;extr\u00eame gauche, son p\u00e8re, travailleur social et pompier volontaire en retraite, est syndiqu\u00e9 depuis plusieurs ann\u00e9es. Sa m\u00e8re est assistante maternelle \u00e0 domicile et tous deux se sont impliqu\u00e9s dans les \u00e9lections municipales de leur village de Sa\u00f4ne-et-Loire. D&rsquo;autres personnes autour de lui se sont \u00e9tonn\u00e9es que le PCF existe encore ou trouvent son engagement \u00ab\u00a0<i>rigolo<\/i>\u00a0\u00bb, ce qui ne l&rsquo;amuse que mod\u00e9r\u00e9ment.<\/p>\n<h1>\u00ab\u00a0Des camarades\u00a0\u00bb<\/h1>\n<p>Un grand-p\u00e8re r\u00e9sistant, l&rsquo;autre encart\u00e9 au RPR, mais plus que les opinions politiques, c&rsquo;est un engagement citoyen que Pierre revendique\u00a0: \u00ab <i>J&rsquo;ai du mal \u00e0 comprendre que l&rsquo;on soit compl\u00e8tement d\u00e9sengag\u00e9. Au moins que l&rsquo;on s&rsquo;int\u00e9resse, qu&rsquo;on milite \u00e0 sa fa\u00e7on dans une association par exemple ou en changeant sa fa\u00e7on de consommer&#8230; Mais \u00eatre totalement d\u00e9sengag\u00e9 et regarder le monde filer devant soit, \u00e7a j&rsquo;ai du mal \u00e0 comprendre. On nous a donn\u00e9 les m\u00eames droits de citoyens, les exercer me para\u00eet plus un devoir qu&rsquo;un droit.<\/i>\u00a0\u00bb, dit-il. Pierre est entr\u00e9 dans le militantisme comme on entre en religion. Depuis sa d\u00e9cision de s&rsquo;encarter, ce jeune graphiste a investit une majeure partie de son temps libre \u00e0 la \u00ab\u00a0<i>f\u00e9d\u00e9<\/i>\u00a0\u00bb de son parti. \u00ab\u00a0<i>Il faut que je participe au moins \u00e0 un \u00e9v\u00e9nement hebdomadaire pour consid\u00e9rer que je fais quelque chose et que je me sente bien avec \u00e7a<\/i>\u00a0\u00bb, explique-t-il. Mais cette implication n&rsquo;a pas assagi sa col\u00e8re, celle-ci semble m\u00eame nourrir son d\u00e9vouement pour la cause\u00a0: \u00ab\u00a0<i>M\u00eame si dans 200 ans, on n&rsquo;a toujours rien fait pour faire \u00e9voluer la soci\u00e9t\u00e9, que c&rsquo;est toujours aussi lib\u00e9ral&#8230; Je refuse de finir ma vie en me disant que j&rsquo;y ai particip\u00e9 et que j&rsquo;ai jou\u00e9 le jeu des gens \u00e0 qui cela convient tr\u00e8s bien<\/i>\u00a0\u00bb, dit-il avec ferveur. En adh\u00e9rant au Parti Communiste, c&rsquo;est \u00e0 un \u00e9tat d&rsquo;esprit qu&rsquo;il a \u00e9galement adh\u00e9r\u00e9. Cette \u00ab\u00a0<i>camaraderie<\/i>\u00a0\u00bb, cet esprit de groupe, semblent li\u00e9s \u00e0 l&rsquo;Histoire du parti et conviennent bien \u00e0 \u00ab\u00a0<i>l&rsquo;esprit gr\u00e9gaire<\/i>\u00a0\u00bb de Pierre\u00a0: \u00ab\u00a0<i>c&rsquo;est tr\u00e8s agr\u00e9able car ce parti a une dimension romantique. Il y a une histoire, une ferveur, on se met \u00e0 dire \u00ab\u00a0on\u00a0\u00bb au bout de quelques mois. Le parti a \u00e9t\u00e9 cr\u00e9\u00e9 par des ouvriers qui se sont regroup\u00e9s pour se d\u00e9fendre contre des forces qui les asservissaient et cela se ressent, m\u00eame si \u00e7a a plus de cent ans<\/i>\u00a0\u00bb. En attendant un vent de r\u00e9volte, il continuera \u00e0 militer, penser, parler &#8211; beaucoup &#8211; PCF, pendant un long moment encore. Sans aucun doute.<\/p>\n<!-- AddThis Advanced Settings generic via filter on the_content --><!-- AddThis Share Buttons generic via filter on the_content -->","protected":false},"excerpt":{"rendered":"<p>A l\u2019aube des \u00e9lections Municipales, le Lyon Bondy Blog a souhait\u00e9 partir \u00e0 la rencontre de certains visages cach\u00e9s qui \u0153uvrent en sous-terrain pour l\u2019\u00e9lection &hellip; <!-- AddThis Advanced Settings generic via filter on wp_trim_excerpt --><!-- AddThis Share Buttons generic via filter on wp_trim_excerpt --><\/p>\n","protected":false},"author":34,"featured_media":5942,"comment_status":"open","ping_status":"open","sticky":false,"template":"","format":"standard","meta":{"_FSMCFIC_featured_image_caption":"","_FSMCFIC_featured_image_nocaption":"","_FSMCFIC_featured_image_hide":"","footnotes":""},"categories":[4,7],"tags":[614,599,502,297,262,1954,556],"class_list":["post-5937","post","type-post","status-publish","format-standard","has-post-thumbnail","hentry","category-lyon","category-municipales2014","tag-614","tag-citoyen","tag-engagement","tag-jeune","tag-municipales","tag-portraits","tag-quartier"],"yoast_head":"<!-- This site is optimized with the Yoast SEO plugin v22.8 - https:\/\/yoast.com\/wordpress\/plugins\/seo\/ -->\n<title>Portraits de jeunes militants : T&#039;as le look coco ! - Lyon Bondy Blog<\/title>\n<meta name=\"robots\" content=\"index, follow, max-snippet:-1, max-image-preview:large, max-video-preview:-1\" \/>\n<link rel=\"canonical\" href=\"https:\/\/lyonbondyblog.fr\/LBB\/portraits-de-jeunes-militants-tas-le-look-coco\/\" \/>\n<meta property=\"og:locale\" content=\"fr_FR\" \/>\n<meta property=\"og:type\" content=\"article\" \/>\n<meta property=\"og:title\" content=\"Portraits de jeunes militants : T&#039;as le look coco ! - Lyon Bondy Blog\" \/>\n<meta property=\"og:description\" content=\"A l\u2019aube des \u00e9lections Municipales, le Lyon Bondy Blog a souhait\u00e9 partir \u00e0 la rencontre de certains visages cach\u00e9s qui \u0153uvrent en sous-terrain pour l\u2019\u00e9lection &hellip;\" \/>\n<meta property=\"og:url\" content=\"https:\/\/lyonbondyblog.fr\/LBB\/portraits-de-jeunes-militants-tas-le-look-coco\/\" \/>\n<meta property=\"og:site_name\" content=\"Lyon Bondy Blog\" \/>\n<meta property=\"article:publisher\" content=\"https:\/\/www.facebook.com\/lyonbondyblog\" \/>\n<meta property=\"article:published_time\" content=\"2014-02-25T15:37:11+00:00\" \/>\n<meta property=\"article:modified_time\" content=\"2014-05-23T14:06:05+00:00\" \/>\n<meta property=\"og:image\" content=\"https:\/\/lyonbondyblog.fr\/LBB\/wp-content\/uploads\/2014\/02\/2.jpg\" \/>\n\t<meta property=\"og:image:width\" content=\"600\" \/>\n\t<meta property=\"og:image:height\" content=\"350\" \/>\n\t<meta property=\"og:image:type\" content=\"image\/jpeg\" \/>\n<meta name=\"author\" content=\"Marie Albessard\" \/>\n<meta name=\"twitter:card\" content=\"summary_large_image\" \/>\n<meta name=\"twitter:creator\" content=\"@bondybloglyon\" \/>\n<meta name=\"twitter:site\" content=\"@bondybloglyon\" \/>\n<script type=\"application\/ld+json\" class=\"yoast-schema-graph\">{\"@context\":\"https:\/\/schema.org\",\"@graph\":[{\"@type\":\"Article\",\"@id\":\"https:\/\/lyonbondyblog.fr\/LBB\/portraits-de-jeunes-militants-tas-le-look-coco\/#article\",\"isPartOf\":{\"@id\":\"https:\/\/lyonbondyblog.fr\/LBB\/portraits-de-jeunes-militants-tas-le-look-coco\/\"},\"author\":{\"name\":\"Marie Albessard\",\"@id\":\"https:\/\/lyonbondyblog.fr\/LBB\/#\/schema\/person\/4266d3166f51a2641a91e2978f606d73\"},\"headline\":\"Portraits de jeunes militants : T&rsquo;as le look coco !\",\"datePublished\":\"2014-02-25T15:37:11+00:00\",\"dateModified\":\"2014-05-23T14:06:05+00:00\",\"mainEntityOfPage\":{\"@id\":\"https:\/\/lyonbondyblog.fr\/LBB\/portraits-de-jeunes-militants-tas-le-look-coco\/\"},\"wordCount\":894,\"commentCount\":0,\"publisher\":{\"@id\":\"https:\/\/lyonbondyblog.fr\/LBB\/#organization\"},\"image\":{\"@id\":\"https:\/\/lyonbondyblog.fr\/LBB\/portraits-de-jeunes-militants-tas-le-look-coco\/#primaryimage\"},\"thumbnailUrl\":\"https:\/\/lyonbondyblog.fr\/LBB\/wp-content\/uploads\/2014\/02\/2.jpg\",\"keywords\":[\"2014\",\"citoyen\",\"engagement\",\"jeune\",\"municipales\",\"portraits\",\"quartier\"],\"articleSection\":[\"Lyon\",\"Municipales 2014\"],\"inLanguage\":\"fr-FR\",\"potentialAction\":[{\"@type\":\"CommentAction\",\"name\":\"Comment\",\"target\":[\"https:\/\/lyonbondyblog.fr\/LBB\/portraits-de-jeunes-militants-tas-le-look-coco\/#respond\"]}]},{\"@type\":\"WebPage\",\"@id\":\"https:\/\/lyonbondyblog.fr\/LBB\/portraits-de-jeunes-militants-tas-le-look-coco\/\",\"url\":\"https:\/\/lyonbondyblog.fr\/LBB\/portraits-de-jeunes-militants-tas-le-look-coco\/\",\"name\":\"Portraits de jeunes militants : T'as le look coco ! - Lyon Bondy Blog\",\"isPartOf\":{\"@id\":\"https:\/\/lyonbondyblog.fr\/LBB\/#website\"},\"primaryImageOfPage\":{\"@id\":\"https:\/\/lyonbondyblog.fr\/LBB\/portraits-de-jeunes-militants-tas-le-look-coco\/#primaryimage\"},\"image\":{\"@id\":\"https:\/\/lyonbondyblog.fr\/LBB\/portraits-de-jeunes-militants-tas-le-look-coco\/#primaryimage\"},\"thumbnailUrl\":\"https:\/\/lyonbondyblog.fr\/LBB\/wp-content\/uploads\/2014\/02\/2.jpg\",\"datePublished\":\"2014-02-25T15:37:11+00:00\",\"dateModified\":\"2014-05-23T14:06:05+00:00\",\"inLanguage\":\"fr-FR\",\"potentialAction\":[{\"@type\":\"ReadAction\",\"target\":[\"https:\/\/lyonbondyblog.fr\/LBB\/portraits-de-jeunes-militants-tas-le-look-coco\/\"]}]},{\"@type\":\"ImageObject\",\"inLanguage\":\"fr-FR\",\"@id\":\"https:\/\/lyonbondyblog.fr\/LBB\/portraits-de-jeunes-militants-tas-le-look-coco\/#primaryimage\",\"url\":\"https:\/\/lyonbondyblog.fr\/LBB\/wp-content\/uploads\/2014\/02\/2.jpg\",\"contentUrl\":\"https:\/\/lyonbondyblog.fr\/LBB\/wp-content\/uploads\/2014\/02\/2.jpg\",\"width\":600,\"height\":350},{\"@type\":\"WebSite\",\"@id\":\"https:\/\/lyonbondyblog.fr\/LBB\/#website\",\"url\":\"https:\/\/lyonbondyblog.fr\/LBB\/\",\"name\":\"Lyon Bondy Blog\",\"description\":\"\",\"publisher\":{\"@id\":\"https:\/\/lyonbondyblog.fr\/LBB\/#organization\"},\"potentialAction\":[{\"@type\":\"SearchAction\",\"target\":{\"@type\":\"EntryPoint\",\"urlTemplate\":\"https:\/\/lyonbondyblog.fr\/LBB\/?s={search_term_string}\"},\"query-input\":\"required name=search_term_string\"}],\"inLanguage\":\"fr-FR\"},{\"@type\":\"Organization\",\"@id\":\"https:\/\/lyonbondyblog.fr\/LBB\/#organization\",\"name\":\"LYON BONDY BLOG\",\"url\":\"https:\/\/lyonbondyblog.fr\/LBB\/\",\"logo\":{\"@type\":\"ImageObject\",\"inLanguage\":\"fr-FR\",\"@id\":\"https:\/\/lyonbondyblog.fr\/LBB\/#\/schema\/logo\/image\/\",\"url\":\"http:\/\/lyonbondyblog.fr\/LBB\/wp-content\/uploads\/2014\/10\/logo-portable-144.png\",\"contentUrl\":\"http:\/\/lyonbondyblog.fr\/LBB\/wp-content\/uploads\/2014\/10\/logo-portable-144.png\",\"width\":144,\"height\":123,\"caption\":\"LYON BONDY BLOG\"},\"image\":{\"@id\":\"https:\/\/lyonbondyblog.fr\/LBB\/#\/schema\/logo\/image\/\"},\"sameAs\":[\"https:\/\/www.facebook.com\/lyonbondyblog\",\"https:\/\/x.com\/bondybloglyon\"]},{\"@type\":\"Person\",\"@id\":\"https:\/\/lyonbondyblog.fr\/LBB\/#\/schema\/person\/4266d3166f51a2641a91e2978f606d73\",\"name\":\"Marie Albessard\",\"description\":\"mariealbessard@yahoo.fr\",\"url\":\"https:\/\/lyonbondyblog.fr\/LBB\/author\/marie\/\"}]}<\/script>\n<!-- \/ Yoast SEO plugin. -->","yoast_head_json":{"title":"Portraits de jeunes militants : T'as le look coco ! - Lyon Bondy Blog","robots":{"index":"index","follow":"follow","max-snippet":"max-snippet:-1","max-image-preview":"max-image-preview:large","max-video-preview":"max-video-preview:-1"},"canonical":"https:\/\/lyonbondyblog.fr\/LBB\/portraits-de-jeunes-militants-tas-le-look-coco\/","og_locale":"fr_FR","og_type":"article","og_title":"Portraits de jeunes militants : T'as le look coco ! - Lyon Bondy Blog","og_description":"A l\u2019aube des \u00e9lections Municipales, le Lyon Bondy Blog a souhait\u00e9 partir \u00e0 la rencontre de certains visages cach\u00e9s qui \u0153uvrent en sous-terrain pour l\u2019\u00e9lection &hellip;","og_url":"https:\/\/lyonbondyblog.fr\/LBB\/portraits-de-jeunes-militants-tas-le-look-coco\/","og_site_name":"Lyon Bondy Blog","article_publisher":"https:\/\/www.facebook.com\/lyonbondyblog","article_published_time":"2014-02-25T15:37:11+00:00","article_modified_time":"2014-05-23T14:06:05+00:00","og_image":[{"width":600,"height":350,"url":"https:\/\/lyonbondyblog.fr\/LBB\/wp-content\/uploads\/2014\/02\/2.jpg","type":"image\/jpeg"}],"author":"Marie Albessard","twitter_card":"summary_large_image","twitter_creator":"@bondybloglyon","twitter_site":"@bondybloglyon","schema":{"@context":"https:\/\/schema.org","@graph":[{"@type":"Article","@id":"https:\/\/lyonbondyblog.fr\/LBB\/portraits-de-jeunes-militants-tas-le-look-coco\/#article","isPartOf":{"@id":"https:\/\/lyonbondyblog.fr\/LBB\/portraits-de-jeunes-militants-tas-le-look-coco\/"},"author":{"name":"Marie Albessard","@id":"https:\/\/lyonbondyblog.fr\/LBB\/#\/schema\/person\/4266d3166f51a2641a91e2978f606d73"},"headline":"Portraits de jeunes militants : T&rsquo;as le look coco !","datePublished":"2014-02-25T15:37:11+00:00","dateModified":"2014-05-23T14:06:05+00:00","mainEntityOfPage":{"@id":"https:\/\/lyonbondyblog.fr\/LBB\/portraits-de-jeunes-militants-tas-le-look-coco\/"},"wordCount":894,"commentCount":0,"publisher":{"@id":"https:\/\/lyonbondyblog.fr\/LBB\/#organization"},"image":{"@id":"https:\/\/lyonbondyblog.fr\/LBB\/portraits-de-jeunes-militants-tas-le-look-coco\/#primaryimage"},"thumbnailUrl":"https:\/\/lyonbondyblog.fr\/LBB\/wp-content\/uploads\/2014\/02\/2.jpg","keywords":["2014","citoyen","engagement","jeune","municipales","portraits","quartier"],"articleSection":["Lyon","Municipales 2014"],"inLanguage":"fr-FR","potentialAction":[{"@type":"CommentAction","name":"Comment","target":["https:\/\/lyonbondyblog.fr\/LBB\/portraits-de-jeunes-militants-tas-le-look-coco\/#respond"]}]},{"@type":"WebPage","@id":"https:\/\/lyonbondyblog.fr\/LBB\/portraits-de-jeunes-militants-tas-le-look-coco\/","url":"https:\/\/lyonbondyblog.fr\/LBB\/portraits-de-jeunes-militants-tas-le-look-coco\/","name":"Portraits de jeunes militants : T'as le look coco ! - Lyon Bondy Blog","isPartOf":{"@id":"https:\/\/lyonbondyblog.fr\/LBB\/#website"},"primaryImageOfPage":{"@id":"https:\/\/lyonbondyblog.fr\/LBB\/portraits-de-jeunes-militants-tas-le-look-coco\/#primaryimage"},"image":{"@id":"https:\/\/lyonbondyblog.fr\/LBB\/portraits-de-jeunes-militants-tas-le-look-coco\/#primaryimage"},"thumbnailUrl":"https:\/\/lyonbondyblog.fr\/LBB\/wp-content\/uploads\/2014\/02\/2.jpg","datePublished":"2014-02-25T15:37:11+00:00","dateModified":"2014-05-23T14:06:05+00:00","inLanguage":"fr-FR","potentialAction":[{"@type":"ReadAction","target":["https:\/\/lyonbondyblog.fr\/LBB\/portraits-de-jeunes-militants-tas-le-look-coco\/"]}]},{"@type":"ImageObject","inLanguage":"fr-FR","@id":"https:\/\/lyonbondyblog.fr\/LBB\/portraits-de-jeunes-militants-tas-le-look-coco\/#primaryimage","url":"https:\/\/lyonbondyblog.fr\/LBB\/wp-content\/uploads\/2014\/02\/2.jpg","contentUrl":"https:\/\/lyonbondyblog.fr\/LBB\/wp-content\/uploads\/2014\/02\/2.jpg","width":600,"height":350},{"@type":"WebSite","@id":"https:\/\/lyonbondyblog.fr\/LBB\/#website","url":"https:\/\/lyonbondyblog.fr\/LBB\/","name":"Lyon Bondy Blog","description":"","publisher":{"@id":"https:\/\/lyonbondyblog.fr\/LBB\/#organization"},"potentialAction":[{"@type":"SearchAction","target":{"@type":"EntryPoint","urlTemplate":"https:\/\/lyonbondyblog.fr\/LBB\/?s={search_term_string}"},"query-input":"required name=search_term_string"}],"inLanguage":"fr-FR"},{"@type":"Organization","@id":"https:\/\/lyonbondyblog.fr\/LBB\/#organization","name":"LYON BONDY BLOG","url":"https:\/\/lyonbondyblog.fr\/LBB\/","logo":{"@type":"ImageObject","inLanguage":"fr-FR","@id":"https:\/\/lyonbondyblog.fr\/LBB\/#\/schema\/logo\/image\/","url":"http:\/\/lyonbondyblog.fr\/LBB\/wp-content\/uploads\/2014\/10\/logo-portable-144.png","contentUrl":"http:\/\/lyonbondyblog.fr\/LBB\/wp-content\/uploads\/2014\/10\/logo-portable-144.png","width":144,"height":123,"caption":"LYON BONDY BLOG"},"image":{"@id":"https:\/\/lyonbondyblog.fr\/LBB\/#\/schema\/logo\/image\/"},"sameAs":["https:\/\/www.facebook.com\/lyonbondyblog","https:\/\/x.com\/bondybloglyon"]},{"@type":"Person","@id":"https:\/\/lyonbondyblog.fr\/LBB\/#\/schema\/person\/4266d3166f51a2641a91e2978f606d73","name":"Marie Albessard","description":"mariealbessard@yahoo.fr","url":"https:\/\/lyonbondyblog.fr\/LBB\/author\/marie\/"}]}},"_links":{"self":[{"href":"https:\/\/lyonbondyblog.fr\/LBB\/wp-json\/wp\/v2\/posts\/5937","targetHints":{"allow":["GET"]}}],"collection":[{"href":"https:\/\/lyonbondyblog.fr\/LBB\/wp-json\/wp\/v2\/posts"}],"about":[{"href":"https:\/\/lyonbondyblog.fr\/LBB\/wp-json\/wp\/v2\/types\/post"}],"author":[{"embeddable":true,"href":"https:\/\/lyonbondyblog.fr\/LBB\/wp-json\/wp\/v2\/users\/34"}],"replies":[{"embeddable":true,"href":"https:\/\/lyonbondyblog.fr\/LBB\/wp-json\/wp\/v2\/comments?post=5937"}],"version-history":[{"count":0,"href":"https:\/\/lyonbondyblog.fr\/LBB\/wp-json\/wp\/v2\/posts\/5937\/revisions"}],"wp:featuredmedia":[{"embeddable":true,"href":"https:\/\/lyonbondyblog.fr\/LBB\/wp-json\/wp\/v2\/media\/5942"}],"wp:attachment":[{"href":"https:\/\/lyonbondyblog.fr\/LBB\/wp-json\/wp\/v2\/media?parent=5937"}],"wp:term":[{"taxonomy":"category","embeddable":true,"href":"https:\/\/lyonbondyblog.fr\/LBB\/wp-json\/wp\/v2\/categories?post=5937"},{"taxonomy":"post_tag","embeddable":true,"href":"https:\/\/lyonbondyblog.fr\/LBB\/wp-json\/wp\/v2\/tags?post=5937"}],"curies":[{"name":"wp","href":"https:\/\/api.w.org\/{rel}","templated":true}]}}