{"id":5921,"date":"2014-02-22T09:49:42","date_gmt":"2014-02-22T08:49:42","guid":{"rendered":"http:\/\/lyonbondyblog.fr\/LBB\/?p=5921"},"modified":"2014-02-22T09:49:42","modified_gmt":"2014-02-22T08:49:42","slug":"cine-conference-au-zola-25-fevrier-sur-les-toits-de-nicolas-drolc","status":"publish","type":"post","link":"https:\/\/lyonbondyblog.fr\/LBB\/cine-conference-au-zola-25-fevrier-sur-les-toits-de-nicolas-drolc\/","title":{"rendered":"Cin\u00e9-conf\u00e9rence au Zola (25 f\u00e9vrier) : Sur les toits, de Nicolas Drolc"},"content":{"rendered":"<p style=\"text-align: left;\"><strong>Mardi 25 f\u00e9vrier prochain, le cin\u00e9ma le Zola de Villeurbanne et le LBB organisent une cin\u00e9-conf\u00e9rence avec la diffusion du documentaire Sur les toits, par Nicolas Drolc, sur les mutineries dans les prisons fran\u00e7aises en 1972.<\/strong><\/p>\n<p style=\"text-align: left;\">La projection sera suivie d&rsquo;un d\u00e9bat avec le r\u00e9alisateur et le G\u00e9n\u00e9pi.<\/p>\n<p style=\"text-align: left;\">Tarif unique de 5,70 euros.<\/p>\n<p style=\"text-align: left;\"><a href=\"http:\/\/www.lezola.com\/\" target=\"_blank\">Toutes les infos pratiques sur le site du Zola<\/a><\/p>\n<p style=\"text-align: left;\"><img loading=\"lazy\" decoding=\"async\" class=\"aligncenter  wp-image-5922\" alt=\"Affiche cine\u0301 confe\u0301rence sur les toits\" src=\"https:\/\/lyonbondyblog.fr\/LBB\/wp-content\/uploads\/2014\/02\/Affiche-cine\u0301-confe\u0301rence-sur-les-toits-1024x724.jpg\" width=\"614\" height=\"434\" srcset=\"https:\/\/lyonbondyblog.fr\/LBB\/wp-content\/uploads\/2014\/02\/Affiche-cine\u0301-confe\u0301rence-sur-les-toits-1024x724.jpg 1024w, https:\/\/lyonbondyblog.fr\/LBB\/wp-content\/uploads\/2014\/02\/Affiche-cine\u0301-confe\u0301rence-sur-les-toits-300x212.jpg 300w, https:\/\/lyonbondyblog.fr\/LBB\/wp-content\/uploads\/2014\/02\/Affiche-cine\u0301-confe\u0301rence-sur-les-toits-940x664.jpg 940w, https:\/\/lyonbondyblog.fr\/LBB\/wp-content\/uploads\/2014\/02\/Affiche-cine\u0301-confe\u0301rence-sur-les-toits.jpg 1753w\" sizes=\"auto, (max-width: 614px) 100vw, 614px\" \/><\/p>\n<p style=\"text-align: center;\">Sur les toits<br \/>\nDe Nicolas Drolc<br \/>\nDocumentaire<br \/>\nFrance, 2013, 1h30<\/p>\n<p style=\"text-align: left;\">\nSynopsis<br \/>\nD\u00e9but des ann\u00e9es 70 : une s\u00e9rie d\u2019\u00e9v\u00e8nements fait monter la tension dans les prisons fran\u00e7aises. En r\u00e9ponse au traitement inhumain que leur fait subir l\u2019administration p\u00e9nitentiaire, les prisonniers de la centrale de Ney \u00e0 Toul (Lorraine) ouvrent le bal et se mutinent au d\u00e9but du mois de d\u00e9cembre 1971. Les d\u00e9tenus de la maison d\u2019arr\u00eat Charles III \u00e0 Nancy leur emboitent le pas le 15 janvier 1972 : \u00ab\u00a0Au caf\u00e9\u00a0\u00bb, les mutins prennent le contr\u00f4le de la prison, situ\u00e9e en plein centre-ville, montent sur les toits, depuis lesquels ils interpellent les badauds, communiquent leurs revendications, et r\u00e9sistent \u00e0 l\u2019assaut des CRS.<br \/>\nDans les mois qui suivent les r\u00e9voltes de Toul et de Nancy, plus d\u2019une trentaine de mutineries vont embraser les prisons fran\u00e7aises, qui n\u2019avaient jamais connu une telle vague de r\u00e9voltes. Malgr\u00e9 la r\u00e9pression muscl\u00e9e orchestr\u00e9e par le gouvernement et le discours de la grande presse qui d\u00e9cr\u00e9dibilise syst\u00e9matiquement les r\u00e9voltes, le tour de force des prisonniers n\u2019est pas vain. Relay\u00e9es et d\u00e9fendues par une \u00e9lite intellectuelle engag\u00e9e, dans un contexte id\u00e9ologiquement tendu, les mutineries des ann\u00e9es 71\/72 vont poser pour la premi\u00e8re fois les probl\u00e8me des conditions de d\u00e9tention, de la fonction de la prison et du syst\u00e8me p\u00e9nitentiaire fran\u00e7ais.<br \/>\nAu c\u0153ur d\u2019une actualit\u00e9 toujours br\u00fblante autour de l\u2019univers carc\u00e9ral, d\u2019o\u00f9 ressurgit l\u2019in\u00e9vitable constat d\u2019\u00e9chec de la fonction prison, le film d\u00e9poussi\u00e8re cette premi\u00e8re grande p\u00e9riode de lutte.<\/p>\n<!-- AddThis Advanced Settings generic via filter on the_content --><!-- AddThis Share Buttons generic via filter on the_content -->","protected":false},"excerpt":{"rendered":"<p>Mardi 25 f\u00e9vrier prochain, le cin\u00e9ma le Zola de Villeurbanne et le LBB organisent une cin\u00e9-conf\u00e9rence avec la diffusion du documentaire Sur les toits, par &hellip; <!-- AddThis Advanced Settings generic via filter on wp_trim_excerpt --><!-- AddThis Share Buttons generic via filter on wp_trim_excerpt --><\/p>\n","protected":false},"author":1,"featured_media":5922,"comment_status":"open","ping_status":"open","sticky":false,"template":"","format":"standard","meta":{"_FSMCFIC_featured_image_caption":"","_FSMCFIC_featured_image_nocaption":"","_FSMCFIC_featured_image_hide":"","footnotes":""},"categories":[3],"tags":[97,927,645,135,10,65,128],"class_list":["post-5921","post","type-post","status-publish","format-standard","has-post-thumbnail","hentry","category-culture","tag-cinema","tag-documentaire","tag-genepi","tag-lbb","tag-lyon-2","tag-prisons-2","tag-villeurbanne"],"yoast_head":"<!-- This site is optimized with the Yoast SEO plugin v22.8 - https:\/\/yoast.com\/wordpress\/plugins\/seo\/ -->\n<title>Cin\u00e9-conf\u00e9rence au Zola (25 f\u00e9vrier) : Sur les toits, de Nicolas Drolc - Lyon Bondy Blog<\/title>\n<meta name=\"robots\" content=\"index, follow, max-snippet:-1, max-image-preview:large, max-video-preview:-1\" \/>\n<link rel=\"canonical\" href=\"https:\/\/lyonbondyblog.fr\/LBB\/cine-conference-au-zola-25-fevrier-sur-les-toits-de-nicolas-drolc\/\" \/>\n<meta property=\"og:locale\" content=\"fr_FR\" \/>\n<meta property=\"og:type\" content=\"article\" \/>\n<meta property=\"og:title\" content=\"Cin\u00e9-conf\u00e9rence au Zola (25 f\u00e9vrier) : Sur les toits, de Nicolas Drolc - Lyon Bondy Blog\" \/>\n<meta property=\"og:description\" content=\"Mardi 25 f\u00e9vrier prochain, le cin\u00e9ma le Zola de Villeurbanne et le LBB organisent une cin\u00e9-conf\u00e9rence avec la diffusion du documentaire Sur les toits, par &hellip;\" \/>\n<meta property=\"og:url\" content=\"https:\/\/lyonbondyblog.fr\/LBB\/cine-conference-au-zola-25-fevrier-sur-les-toits-de-nicolas-drolc\/\" \/>\n<meta property=\"og:site_name\" content=\"Lyon Bondy Blog\" \/>\n<meta property=\"article:publisher\" content=\"https:\/\/www.facebook.com\/lyonbondyblog\" \/>\n<meta property=\"article:author\" content=\"https:\/\/www.facebook.com\/lyonbondyblog\" \/>\n<meta property=\"article:published_time\" content=\"2014-02-22T08:49:42+00:00\" \/>\n<meta property=\"og:image\" content=\"https:\/\/lyonbondyblog.fr\/LBB\/wp-content\/uploads\/2014\/02\/Affiche-cine\u0301-confe\u0301rence-sur-les-toits.jpg\" \/>\n\t<meta property=\"og:image:width\" content=\"1753\" \/>\n\t<meta property=\"og:image:height\" content=\"1240\" \/>\n\t<meta property=\"og:image:type\" content=\"image\/jpeg\" \/>\n<meta name=\"author\" content=\"La r\u00e9daction\" \/>\n<meta name=\"twitter:card\" content=\"summary_large_image\" \/>\n<meta name=\"twitter:creator\" content=\"@BondyBlogLyon\" \/>\n<meta name=\"twitter:site\" content=\"@bondybloglyon\" \/>\n<script type=\"application\/ld+json\" class=\"yoast-schema-graph\">{\"@context\":\"https:\/\/schema.org\",\"@graph\":[{\"@type\":\"Article\",\"@id\":\"https:\/\/lyonbondyblog.fr\/LBB\/cine-conference-au-zola-25-fevrier-sur-les-toits-de-nicolas-drolc\/#article\",\"isPartOf\":{\"@id\":\"https:\/\/lyonbondyblog.fr\/LBB\/cine-conference-au-zola-25-fevrier-sur-les-toits-de-nicolas-drolc\/\"},\"author\":{\"name\":\"La r\u00e9daction\",\"@id\":\"https:\/\/lyonbondyblog.fr\/LBB\/#\/schema\/person\/e45f8d27baac75072daa0be50c409b25\"},\"headline\":\"Cin\u00e9-conf\u00e9rence au Zola (25 f\u00e9vrier) : Sur les toits, de Nicolas Drolc\",\"datePublished\":\"2014-02-22T08:49:42+00:00\",\"dateModified\":\"2014-02-22T08:49:42+00:00\",\"mainEntityOfPage\":{\"@id\":\"https:\/\/lyonbondyblog.fr\/LBB\/cine-conference-au-zola-25-fevrier-sur-les-toits-de-nicolas-drolc\/\"},\"wordCount\":367,\"commentCount\":0,\"publisher\":{\"@id\":\"https:\/\/lyonbondyblog.fr\/LBB\/#organization\"},\"image\":{\"@id\":\"https:\/\/lyonbondyblog.fr\/LBB\/cine-conference-au-zola-25-fevrier-sur-les-toits-de-nicolas-drolc\/#primaryimage\"},\"thumbnailUrl\":\"https:\/\/lyonbondyblog.fr\/LBB\/wp-content\/uploads\/2014\/02\/Affiche-cine\u0301-confe\u0301rence-sur-les-toits.jpg\",\"keywords\":[\"Cin\u00e9ma\",\"documentaire\",\"G\u00e9n\u00e9pi\",\"LBB\",\"lyon\",\"prisons\",\"Villeurbanne\"],\"articleSection\":[\"Culture\"],\"inLanguage\":\"fr-FR\",\"potentialAction\":[{\"@type\":\"CommentAction\",\"name\":\"Comment\",\"target\":[\"https:\/\/lyonbondyblog.fr\/LBB\/cine-conference-au-zola-25-fevrier-sur-les-toits-de-nicolas-drolc\/#respond\"]}]},{\"@type\":\"WebPage\",\"@id\":\"https:\/\/lyonbondyblog.fr\/LBB\/cine-conference-au-zola-25-fevrier-sur-les-toits-de-nicolas-drolc\/\",\"url\":\"https:\/\/lyonbondyblog.fr\/LBB\/cine-conference-au-zola-25-fevrier-sur-les-toits-de-nicolas-drolc\/\",\"name\":\"Cin\u00e9-conf\u00e9rence au Zola (25 f\u00e9vrier) : Sur les toits, de Nicolas Drolc - Lyon Bondy Blog\",\"isPartOf\":{\"@id\":\"https:\/\/lyonbondyblog.fr\/LBB\/#website\"},\"primaryImageOfPage\":{\"@id\":\"https:\/\/lyonbondyblog.fr\/LBB\/cine-conference-au-zola-25-fevrier-sur-les-toits-de-nicolas-drolc\/#primaryimage\"},\"image\":{\"@id\":\"https:\/\/lyonbondyblog.fr\/LBB\/cine-conference-au-zola-25-fevrier-sur-les-toits-de-nicolas-drolc\/#primaryimage\"},\"thumbnailUrl\":\"https:\/\/lyonbondyblog.fr\/LBB\/wp-content\/uploads\/2014\/02\/Affiche-cine\u0301-confe\u0301rence-sur-les-toits.jpg\",\"datePublished\":\"2014-02-22T08:49:42+00:00\",\"dateModified\":\"2014-02-22T08:49:42+00:00\",\"inLanguage\":\"fr-FR\",\"potentialAction\":[{\"@type\":\"ReadAction\",\"target\":[\"https:\/\/lyonbondyblog.fr\/LBB\/cine-conference-au-zola-25-fevrier-sur-les-toits-de-nicolas-drolc\/\"]}]},{\"@type\":\"ImageObject\",\"inLanguage\":\"fr-FR\",\"@id\":\"https:\/\/lyonbondyblog.fr\/LBB\/cine-conference-au-zola-25-fevrier-sur-les-toits-de-nicolas-drolc\/#primaryimage\",\"url\":\"https:\/\/lyonbondyblog.fr\/LBB\/wp-content\/uploads\/2014\/02\/Affiche-cine\u0301-confe\u0301rence-sur-les-toits.jpg\",\"contentUrl\":\"https:\/\/lyonbondyblog.fr\/LBB\/wp-content\/uploads\/2014\/02\/Affiche-cine\u0301-confe\u0301rence-sur-les-toits.jpg\",\"width\":1753,\"height\":1240},{\"@type\":\"WebSite\",\"@id\":\"https:\/\/lyonbondyblog.fr\/LBB\/#website\",\"url\":\"https:\/\/lyonbondyblog.fr\/LBB\/\",\"name\":\"Lyon Bondy Blog\",\"description\":\"\",\"publisher\":{\"@id\":\"https:\/\/lyonbondyblog.fr\/LBB\/#organization\"},\"potentialAction\":[{\"@type\":\"SearchAction\",\"target\":{\"@type\":\"EntryPoint\",\"urlTemplate\":\"https:\/\/lyonbondyblog.fr\/LBB\/?s={search_term_string}\"},\"query-input\":\"required name=search_term_string\"}],\"inLanguage\":\"fr-FR\"},{\"@type\":\"Organization\",\"@id\":\"https:\/\/lyonbondyblog.fr\/LBB\/#organization\",\"name\":\"LYON BONDY BLOG\",\"url\":\"https:\/\/lyonbondyblog.fr\/LBB\/\",\"logo\":{\"@type\":\"ImageObject\",\"inLanguage\":\"fr-FR\",\"@id\":\"https:\/\/lyonbondyblog.fr\/LBB\/#\/schema\/logo\/image\/\",\"url\":\"http:\/\/lyonbondyblog.fr\/LBB\/wp-content\/uploads\/2014\/10\/logo-portable-144.png\",\"contentUrl\":\"http:\/\/lyonbondyblog.fr\/LBB\/wp-content\/uploads\/2014\/10\/logo-portable-144.png\",\"width\":144,\"height\":123,\"caption\":\"LYON BONDY BLOG\"},\"image\":{\"@id\":\"https:\/\/lyonbondyblog.fr\/LBB\/#\/schema\/logo\/image\/\"},\"sameAs\":[\"https:\/\/www.facebook.com\/lyonbondyblog\",\"https:\/\/x.com\/bondybloglyon\"]},{\"@type\":\"Person\",\"@id\":\"https:\/\/lyonbondyblog.fr\/LBB\/#\/schema\/person\/e45f8d27baac75072daa0be50c409b25\",\"name\":\"La r\u00e9daction\",\"description\":\"Cr\u00e9e en 2008, la r\u00e9daction du Lyon Bondy Blog s'applique \u00e0 proposer une information locale diff\u00e9rente et compl\u00e9mentaire des m\u00e9dias traditionnels.\",\"sameAs\":[\"https:\/\/www.facebook.com\/lyonbondyblog\",\"https:\/\/x.com\/BondyBlogLyon\"],\"url\":\"https:\/\/lyonbondyblog.fr\/LBB\/author\/admin\/\"}]}<\/script>\n<!-- \/ Yoast SEO plugin. -->","yoast_head_json":{"title":"Cin\u00e9-conf\u00e9rence au Zola (25 f\u00e9vrier) : Sur les toits, de Nicolas Drolc - Lyon Bondy Blog","robots":{"index":"index","follow":"follow","max-snippet":"max-snippet:-1","max-image-preview":"max-image-preview:large","max-video-preview":"max-video-preview:-1"},"canonical":"https:\/\/lyonbondyblog.fr\/LBB\/cine-conference-au-zola-25-fevrier-sur-les-toits-de-nicolas-drolc\/","og_locale":"fr_FR","og_type":"article","og_title":"Cin\u00e9-conf\u00e9rence au Zola (25 f\u00e9vrier) : Sur les toits, de Nicolas Drolc - Lyon Bondy Blog","og_description":"Mardi 25 f\u00e9vrier prochain, le cin\u00e9ma le Zola de Villeurbanne et le LBB organisent une cin\u00e9-conf\u00e9rence avec la diffusion du documentaire Sur les toits, par &hellip;","og_url":"https:\/\/lyonbondyblog.fr\/LBB\/cine-conference-au-zola-25-fevrier-sur-les-toits-de-nicolas-drolc\/","og_site_name":"Lyon Bondy Blog","article_publisher":"https:\/\/www.facebook.com\/lyonbondyblog","article_author":"https:\/\/www.facebook.com\/lyonbondyblog","article_published_time":"2014-02-22T08:49:42+00:00","og_image":[{"width":1753,"height":1240,"url":"https:\/\/lyonbondyblog.fr\/LBB\/wp-content\/uploads\/2014\/02\/Affiche-cine\u0301-confe\u0301rence-sur-les-toits.jpg","type":"image\/jpeg"}],"author":"La r\u00e9daction","twitter_card":"summary_large_image","twitter_creator":"@BondyBlogLyon","twitter_site":"@bondybloglyon","schema":{"@context":"https:\/\/schema.org","@graph":[{"@type":"Article","@id":"https:\/\/lyonbondyblog.fr\/LBB\/cine-conference-au-zola-25-fevrier-sur-les-toits-de-nicolas-drolc\/#article","isPartOf":{"@id":"https:\/\/lyonbondyblog.fr\/LBB\/cine-conference-au-zola-25-fevrier-sur-les-toits-de-nicolas-drolc\/"},"author":{"name":"La r\u00e9daction","@id":"https:\/\/lyonbondyblog.fr\/LBB\/#\/schema\/person\/e45f8d27baac75072daa0be50c409b25"},"headline":"Cin\u00e9-conf\u00e9rence au Zola (25 f\u00e9vrier) : Sur les toits, de Nicolas Drolc","datePublished":"2014-02-22T08:49:42+00:00","dateModified":"2014-02-22T08:49:42+00:00","mainEntityOfPage":{"@id":"https:\/\/lyonbondyblog.fr\/LBB\/cine-conference-au-zola-25-fevrier-sur-les-toits-de-nicolas-drolc\/"},"wordCount":367,"commentCount":0,"publisher":{"@id":"https:\/\/lyonbondyblog.fr\/LBB\/#organization"},"image":{"@id":"https:\/\/lyonbondyblog.fr\/LBB\/cine-conference-au-zola-25-fevrier-sur-les-toits-de-nicolas-drolc\/#primaryimage"},"thumbnailUrl":"https:\/\/lyonbondyblog.fr\/LBB\/wp-content\/uploads\/2014\/02\/Affiche-cine\u0301-confe\u0301rence-sur-les-toits.jpg","keywords":["Cin\u00e9ma","documentaire","G\u00e9n\u00e9pi","LBB","lyon","prisons","Villeurbanne"],"articleSection":["Culture"],"inLanguage":"fr-FR","potentialAction":[{"@type":"CommentAction","name":"Comment","target":["https:\/\/lyonbondyblog.fr\/LBB\/cine-conference-au-zola-25-fevrier-sur-les-toits-de-nicolas-drolc\/#respond"]}]},{"@type":"WebPage","@id":"https:\/\/lyonbondyblog.fr\/LBB\/cine-conference-au-zola-25-fevrier-sur-les-toits-de-nicolas-drolc\/","url":"https:\/\/lyonbondyblog.fr\/LBB\/cine-conference-au-zola-25-fevrier-sur-les-toits-de-nicolas-drolc\/","name":"Cin\u00e9-conf\u00e9rence au Zola (25 f\u00e9vrier) : Sur les toits, de Nicolas Drolc - Lyon Bondy Blog","isPartOf":{"@id":"https:\/\/lyonbondyblog.fr\/LBB\/#website"},"primaryImageOfPage":{"@id":"https:\/\/lyonbondyblog.fr\/LBB\/cine-conference-au-zola-25-fevrier-sur-les-toits-de-nicolas-drolc\/#primaryimage"},"image":{"@id":"https:\/\/lyonbondyblog.fr\/LBB\/cine-conference-au-zola-25-fevrier-sur-les-toits-de-nicolas-drolc\/#primaryimage"},"thumbnailUrl":"https:\/\/lyonbondyblog.fr\/LBB\/wp-content\/uploads\/2014\/02\/Affiche-cine\u0301-confe\u0301rence-sur-les-toits.jpg","datePublished":"2014-02-22T08:49:42+00:00","dateModified":"2014-02-22T08:49:42+00:00","inLanguage":"fr-FR","potentialAction":[{"@type":"ReadAction","target":["https:\/\/lyonbondyblog.fr\/LBB\/cine-conference-au-zola-25-fevrier-sur-les-toits-de-nicolas-drolc\/"]}]},{"@type":"ImageObject","inLanguage":"fr-FR","@id":"https:\/\/lyonbondyblog.fr\/LBB\/cine-conference-au-zola-25-fevrier-sur-les-toits-de-nicolas-drolc\/#primaryimage","url":"https:\/\/lyonbondyblog.fr\/LBB\/wp-content\/uploads\/2014\/02\/Affiche-cine\u0301-confe\u0301rence-sur-les-toits.jpg","contentUrl":"https:\/\/lyonbondyblog.fr\/LBB\/wp-content\/uploads\/2014\/02\/Affiche-cine\u0301-confe\u0301rence-sur-les-toits.jpg","width":1753,"height":1240},{"@type":"WebSite","@id":"https:\/\/lyonbondyblog.fr\/LBB\/#website","url":"https:\/\/lyonbondyblog.fr\/LBB\/","name":"Lyon Bondy Blog","description":"","publisher":{"@id":"https:\/\/lyonbondyblog.fr\/LBB\/#organization"},"potentialAction":[{"@type":"SearchAction","target":{"@type":"EntryPoint","urlTemplate":"https:\/\/lyonbondyblog.fr\/LBB\/?s={search_term_string}"},"query-input":"required name=search_term_string"}],"inLanguage":"fr-FR"},{"@type":"Organization","@id":"https:\/\/lyonbondyblog.fr\/LBB\/#organization","name":"LYON BONDY BLOG","url":"https:\/\/lyonbondyblog.fr\/LBB\/","logo":{"@type":"ImageObject","inLanguage":"fr-FR","@id":"https:\/\/lyonbondyblog.fr\/LBB\/#\/schema\/logo\/image\/","url":"http:\/\/lyonbondyblog.fr\/LBB\/wp-content\/uploads\/2014\/10\/logo-portable-144.png","contentUrl":"http:\/\/lyonbondyblog.fr\/LBB\/wp-content\/uploads\/2014\/10\/logo-portable-144.png","width":144,"height":123,"caption":"LYON BONDY BLOG"},"image":{"@id":"https:\/\/lyonbondyblog.fr\/LBB\/#\/schema\/logo\/image\/"},"sameAs":["https:\/\/www.facebook.com\/lyonbondyblog","https:\/\/x.com\/bondybloglyon"]},{"@type":"Person","@id":"https:\/\/lyonbondyblog.fr\/LBB\/#\/schema\/person\/e45f8d27baac75072daa0be50c409b25","name":"La r\u00e9daction","description":"Cr\u00e9e en 2008, la r\u00e9daction du Lyon Bondy Blog s'applique \u00e0 proposer une information locale diff\u00e9rente et compl\u00e9mentaire des m\u00e9dias traditionnels.","sameAs":["https:\/\/www.facebook.com\/lyonbondyblog","https:\/\/x.com\/BondyBlogLyon"],"url":"https:\/\/lyonbondyblog.fr\/LBB\/author\/admin\/"}]}},"_links":{"self":[{"href":"https:\/\/lyonbondyblog.fr\/LBB\/wp-json\/wp\/v2\/posts\/5921","targetHints":{"allow":["GET"]}}],"collection":[{"href":"https:\/\/lyonbondyblog.fr\/LBB\/wp-json\/wp\/v2\/posts"}],"about":[{"href":"https:\/\/lyonbondyblog.fr\/LBB\/wp-json\/wp\/v2\/types\/post"}],"author":[{"embeddable":true,"href":"https:\/\/lyonbondyblog.fr\/LBB\/wp-json\/wp\/v2\/users\/1"}],"replies":[{"embeddable":true,"href":"https:\/\/lyonbondyblog.fr\/LBB\/wp-json\/wp\/v2\/comments?post=5921"}],"version-history":[{"count":0,"href":"https:\/\/lyonbondyblog.fr\/LBB\/wp-json\/wp\/v2\/posts\/5921\/revisions"}],"wp:featuredmedia":[{"embeddable":true,"href":"https:\/\/lyonbondyblog.fr\/LBB\/wp-json\/wp\/v2\/media\/5922"}],"wp:attachment":[{"href":"https:\/\/lyonbondyblog.fr\/LBB\/wp-json\/wp\/v2\/media?parent=5921"}],"wp:term":[{"taxonomy":"category","embeddable":true,"href":"https:\/\/lyonbondyblog.fr\/LBB\/wp-json\/wp\/v2\/categories?post=5921"},{"taxonomy":"post_tag","embeddable":true,"href":"https:\/\/lyonbondyblog.fr\/LBB\/wp-json\/wp\/v2\/tags?post=5921"}],"curies":[{"name":"wp","href":"https:\/\/api.w.org\/{rel}","templated":true}]}}