{"id":592,"date":"2012-06-11T18:05:25","date_gmt":"2012-06-11T16:05:25","guid":{"rendered":"http:\/\/lyonbondyblog.fr\/LBB\/?p=592"},"modified":"2013-07-09T18:07:26","modified_gmt":"2013-07-09T16:07:26","slug":"veme-republique-lelection-presidentielle-fait-figure-de-mere-de-toute-les-batailles","status":"publish","type":"post","link":"https:\/\/lyonbondyblog.fr\/LBB\/veme-republique-lelection-presidentielle-fait-figure-de-mere-de-toute-les-batailles\/","title":{"rendered":"V\u00e8me R\u00e9publique, l\u2019\u00e9lection pr\u00e9sidentielle fait figure de \u00ab m\u00e8re de toute les batailles \u00bb"},"content":{"rendered":"<p><strong>Des mois durant, les puissantes formations et celles de moindre importance ont jet\u00e9 toutes leurs forces dans le combat. Favoris, outsiders et \u00ab Petit Poucet \u00bb n\u2019ont bien \u00e9videment pas les m\u00eames objectifs. Pour les uns il s\u2019agit de prendre ou de conserver l\u2019Elys\u00e9e, pour les autres de promouvoir leurs id\u00e9es, leur candidat, \u00e0 l\u2019occasion de ce rendez vous citoyen. L\u2019\u00e9lection l\u00e9gislative constitue un v\u00e9ritable second \u00ab round \u00bb. La tendance du nouveau Pr\u00e9sident doit ravir, ou conserver la majorit\u00e9 parlementaire dont sera issu le chef du gouvernement.<\/strong><\/p>\n<p><a href=\"https:\/\/lyonbondyblog.fr\/LBB\/wp-content\/uploads\/2013\/07\/hamelin.jpg\"><img loading=\"lazy\" decoding=\"async\" width=\"300\" height=\"199\" class=\"alignnone size-medium wp-image-593\" alt=\"hamelin\" src=\"https:\/\/lyonbondyblog.fr\/LBB\/wp-content\/uploads\/2013\/07\/hamelin-300x199.jpg\" srcset=\"https:\/\/lyonbondyblog.fr\/LBB\/wp-content\/uploads\/2013\/07\/hamelin-300x199.jpg 300w, https:\/\/lyonbondyblog.fr\/LBB\/wp-content\/uploads\/2013\/07\/hamelin.jpg 400w\" sizes=\"auto, (max-width: 300px) 100vw, 300px\" \/><\/a><\/p>\n<p>L\u2019enjeu est de taille. A Lyon, la lutte est engag\u00e9e. Dans la seconde circonscription, rien ne semble encore jou\u00e9. Le candidat sortant, Pierre Alain Muet (Ps) compte bien profiter de l\u2019enthousiasme suscit\u00e9 par la victoire de Fran\u00e7ois Hollande (57% au second tour de la pr\u00e9sidentielle, 43 pour Sarkozy). Sa tache ne sera pas ais\u00e9e face au candidat UMP Emanuel Hamelin. En effet, le candidat de droite, qui se revendique du gaullisme social, pourrait bien surprendre les observateurs, et au-del\u00e0 de ce scrutin inspirer un courant \u00e0 m\u00eame de f\u00e9d\u00e9rer un parti en d\u00e9route et menac\u00e9 par le Front national.<\/p>\n<p><strong>Limiter l\u2019avanc\u00e9e de la gauche.<\/strong><\/p>\n<p>La victoire socialiste aux derni\u00e8res pr\u00e9sidentielles est venue r\u00e9compenser une offensive d\u00e9clench\u00e9e en 2007. L\u2019opposition d\u2019alors avait vol\u00e9 de victoire en victoire jusqu\u2019au soir du 6 mai 2012. En remportant les \u00e9lections municipales, cantonales et r\u00e9gionales, le Ps et ses partenaires avaient confirm\u00e9 leur excellente sant\u00e9 sur le plan local. La conqu\u00eate du S\u00e9nat fut sans doute le plus gros choc.\u00a0 A l\u2019issue des l\u00e9gislatives, toutes les institutions pourraient passer \u00e0 Gauche. Une configuration voyant un parti concentrer tant de pouvoir est quasiment in\u00e9dite. Cette inqui\u00e9tude ne traduit pas un rejet de l\u2019alternance mais la crainte d\u2019un d\u00e9s\u00e9quilibre d\u00e9mocratique. Le pouvoir actuel tiendra t\u2019il compte des couches de la population qui n\u2019ont pas vot\u00e9 pour lui ? La fameuse \u00ab ouverture \u00e0 Gauche \u00bb de 2007 r\u00e9pondait autant aux besoins de la communication pr\u00e9sidentielle qu\u2019\u00e0 un souci d\u2019associer les perdants au gouvernement.<\/p>\n<p><strong>Le neogaullisme<\/strong><\/p>\n<p>Les \u00e9lections pr\u00e9sidentielles de 1995 consacrent le retour d\u2019un neogaullisme. Proche du gaullisme originel et de sa volont\u00e9 de rassemblement, ce courant entend combattre les d\u00e9rives du capitalisme tout en proposant un nouveau pacte social. Souvenons nous en effet de la fameuse \u00ab fracture sociale \u00bb conceptualis\u00e9e par Philipe S\u00e9guin \u00e0 l\u2019occasion de la campagne de Jacques Chirac.\u00a0 Le gaullisme social est une recherche permanente d\u2019un \u00e9quilibre entre Etat fort et flexibilit\u00e9. La redistribution n\u2019est pas exclue, bien au contraire, mais pour partager la richesse, il faut pr\u00e9alablement la cr\u00e9er. Concernant la politique \u00e9trang\u00e8re, les neogaullistes ont du tenir compte des changements intervenus depuis la fin de la Guerre froide. Les fondamentaux sont rest\u00e9s les m\u00eames : \u0153uvrer au renforcement de l\u2019ind\u00e9pendance, de la grandeur d\u2019une France qui fait entendre sa voix dans le monde.<br \/>\nLa dimension sociale du gaullisme se concr\u00e9tise enfin par un engagement sur le terrain, \u00e0 l\u2019\u00e9coute d\u2019une population fr\u00e9quemment consult\u00e9e.<\/p>\n<p><strong>Un \u00e9lu exp\u00e9riment\u00e9<\/strong><\/p>\n<p>Avec le temps, les \u00e9lus socialistes se sont r\u00e9v\u00e9l\u00e9s \u00eatre d\u2019excellents gestionnaires. Ils ont pu ainsi appr\u00e9hender les \u00e9ch\u00e9ances \u00e9lectorales interm\u00e9diaires avec une s\u00e9r\u00e9nit\u00e9 certaine. La Droite compte \u00e9galement\u00a0 des figures locales fortes capables d\u2019affronter la gauche dans ses fiefs. C\u2019est le cas d\u2019Emmanuel Hamelin aujourd\u2019hui en mesure de bousculer l\u2019ordre \u00e9tabli dans la seconde circonscription. Le candidat de Droite a de solides arguments \u00e0 faire valoir. Outre une exp\u00e9rience institutionnelle locale et nationale, le conseiller municipal Ump peut se targuer d\u2019\u00eatre un homme de terrain respect\u00e9. Pour s\u2019en convaincre, il suffit d\u2019arpenter le march\u00e9 de Balmont, le samedi matin. Les habitants du quartier, jeunes et moins\u00a0 jeunes, sont nombreux \u00e0 venir le saluer. Ph\u00e9nom\u00e8ne \u00e9trange dans un secteur acquis traditionnellement au Ps\u00a0 et o\u00f9 les klaxons ont accompagn\u00e9 la victoire de Fran\u00e7ois Hollande, ou la d\u00e9faite de Nicolas Sarkozy\u2026<\/p>\n<p>En allant interroger ces passants, nous avons obtenus des r\u00e9ponses plut\u00f4t diverses.\u00a0 Les plus \u00e2g\u00e9s se retrouvaient dans les id\u00e9es gaullistes du candidat. Les jeunes, venaient en revanche saluer un \u00e9lu \u00ab disponible \u00bbrencontr\u00e9 dans les centres sociaux ou dans un cadre associatif.<\/p>\n<p>Quatre ans avant le mouvement D\u00e9sir d\u2019avenir de S\u00e9gol\u00e8ne Royal, le d\u00e9put\u00e9 Hamelin introduisait dans son mode de fonctionnement des \u00e9l\u00e9ments de d\u00e9mocratie participative. A travers des groupes de travail, les administr\u00e9s qui le souhaitaient pouvaient influencer les d\u00e9bats de l\u2019Assembl\u00e9e.<\/p>\n<p>La lutte s\u2019annonce passionnante dans la seconde circonscription de Lyon. Les sondages Sondage CSA pour BFM TV-RMC -20 Minutes -CSC\u00a0 du 11 mai donnaient d\u2019ailleurs l\u2019Ump en t\u00eate au premier tour.Cela devrait remobiliser tous les partis en course.<\/p>\n<p><strong>Liste des candidats dans la deuxi\u00e8me circonscription du Rh\u00f4ne<\/strong><\/p>\n<p>Arlette Couzon : LO<br \/>\nFabrice Cros : NPA<br \/>\nVincent Cheynet : EPOC<br \/>\nNicolas Guyard : PP<br \/>\nAnne Charmasson-Cr\u00e9us : FG (GU)<br \/>\n\u00c9meline Baume EELV<br \/>\nPierre-Alain Muet : PS<br \/>\nCl\u00e9mence Flusin : SP<br \/>\nLuc Landrot : PFE<br \/>\nFabienne L\u00e9vy : PRV<br \/>\nDenis Broliquier : Lyon-DVD<br \/>\nEmmanuel Hamelin : UMP<br \/>\nMaud Geldreich : DLR<br \/>\nBrigitte de Sereys : PCD<br \/>\nPatricia Margant : AR<br \/>\nChristophe Limousin : MPF<br \/>\nBlanche Chaussad : FN<br \/>\nMarianne Jue : Sans \u00e9tiquette<\/p>\n<!-- AddThis Advanced Settings generic via filter on the_content --><!-- AddThis Share Buttons generic via filter on the_content -->","protected":false},"excerpt":{"rendered":"<p>Des mois durant, les puissantes formations et celles de moindre importance ont jet\u00e9 toutes leurs forces dans le combat. Favoris, outsiders et \u00ab Petit Poucet &hellip; <!-- AddThis Advanced Settings generic via filter on wp_trim_excerpt --><!-- AddThis Share Buttons generic via filter on wp_trim_excerpt --><\/p>\n","protected":false},"author":8,"featured_media":595,"comment_status":"open","ping_status":"open","sticky":false,"template":"","format":"standard","meta":{"_FSMCFIC_featured_image_caption":"","_FSMCFIC_featured_image_nocaption":"","_FSMCFIC_featured_image_hide":"","footnotes":""},"categories":[4,7,6],"tags":[10,112,165,56],"class_list":["post-592","post","type-post","status-publish","format-standard","has-post-thumbnail","hentry","category-lyon","category-municipales2014","category-politique","tag-lyon-2","tag-lyon-bondy-blog","tag-politique-2","tag-ump"],"yoast_head":"<!-- This site is optimized with the Yoast SEO plugin v22.8 - https:\/\/yoast.com\/wordpress\/plugins\/seo\/ -->\n<title>V\u00e8me R\u00e9publique, l\u2019\u00e9lection pr\u00e9sidentielle fait figure de \u00ab m\u00e8re de toute les batailles \u00bb - Lyon Bondy Blog<\/title>\n<meta name=\"robots\" content=\"index, follow, max-snippet:-1, max-image-preview:large, max-video-preview:-1\" \/>\n<link rel=\"canonical\" href=\"https:\/\/lyonbondyblog.fr\/LBB\/veme-republique-lelection-presidentielle-fait-figure-de-mere-de-toute-les-batailles\/\" \/>\n<meta property=\"og:locale\" content=\"fr_FR\" \/>\n<meta property=\"og:type\" content=\"article\" \/>\n<meta property=\"og:title\" content=\"V\u00e8me R\u00e9publique, l\u2019\u00e9lection pr\u00e9sidentielle fait figure de \u00ab m\u00e8re de toute les batailles \u00bb - Lyon Bondy Blog\" \/>\n<meta property=\"og:description\" content=\"Des mois durant, les puissantes formations et celles de moindre importance ont jet\u00e9 toutes leurs forces dans le combat. Favoris, outsiders et \u00ab Petit Poucet &hellip;\" \/>\n<meta property=\"og:url\" content=\"https:\/\/lyonbondyblog.fr\/LBB\/veme-republique-lelection-presidentielle-fait-figure-de-mere-de-toute-les-batailles\/\" \/>\n<meta property=\"og:site_name\" content=\"Lyon Bondy Blog\" \/>\n<meta property=\"article:publisher\" content=\"https:\/\/www.facebook.com\/lyonbondyblog\" \/>\n<meta property=\"article:published_time\" content=\"2012-06-11T16:05:25+00:00\" \/>\n<meta property=\"article:modified_time\" content=\"2013-07-09T16:07:26+00:00\" \/>\n<meta property=\"og:image\" content=\"https:\/\/lyonbondyblog.fr\/LBB\/wp-content\/uploads\/2013\/07\/hamelin-Copie.jpg\" \/>\n\t<meta property=\"og:image:width\" content=\"400\" \/>\n\t<meta property=\"og:image:height\" content=\"200\" \/>\n\t<meta property=\"og:image:type\" content=\"image\/jpeg\" \/>\n<meta name=\"author\" content=\"Marianne Skorpis\" \/>\n<meta name=\"twitter:card\" content=\"summary_large_image\" \/>\n<meta name=\"twitter:creator\" content=\"@bondybloglyon\" \/>\n<meta name=\"twitter:site\" content=\"@bondybloglyon\" \/>\n<script type=\"application\/ld+json\" class=\"yoast-schema-graph\">{\"@context\":\"https:\/\/schema.org\",\"@graph\":[{\"@type\":\"Article\",\"@id\":\"https:\/\/lyonbondyblog.fr\/LBB\/veme-republique-lelection-presidentielle-fait-figure-de-mere-de-toute-les-batailles\/#article\",\"isPartOf\":{\"@id\":\"https:\/\/lyonbondyblog.fr\/LBB\/veme-republique-lelection-presidentielle-fait-figure-de-mere-de-toute-les-batailles\/\"},\"author\":{\"name\":\"Marianne Skorpis\",\"@id\":\"https:\/\/lyonbondyblog.fr\/LBB\/#\/schema\/person\/4147da8152937afee76671e3599dd36c\"},\"headline\":\"V\u00e8me R\u00e9publique, l\u2019\u00e9lection pr\u00e9sidentielle fait figure de \u00ab m\u00e8re de toute les batailles \u00bb\",\"datePublished\":\"2012-06-11T16:05:25+00:00\",\"dateModified\":\"2013-07-09T16:07:26+00:00\",\"mainEntityOfPage\":{\"@id\":\"https:\/\/lyonbondyblog.fr\/LBB\/veme-republique-lelection-presidentielle-fait-figure-de-mere-de-toute-les-batailles\/\"},\"wordCount\":929,\"commentCount\":0,\"publisher\":{\"@id\":\"https:\/\/lyonbondyblog.fr\/LBB\/#organization\"},\"image\":{\"@id\":\"https:\/\/lyonbondyblog.fr\/LBB\/veme-republique-lelection-presidentielle-fait-figure-de-mere-de-toute-les-batailles\/#primaryimage\"},\"thumbnailUrl\":\"https:\/\/lyonbondyblog.fr\/LBB\/wp-content\/uploads\/2013\/07\/hamelin-Copie.jpg\",\"keywords\":[\"lyon\",\"Lyon Bondy Blog\",\"politique\",\"ump\"],\"articleSection\":[\"Lyon\",\"Municipales 2014\",\"Politique\"],\"inLanguage\":\"fr-FR\",\"potentialAction\":[{\"@type\":\"CommentAction\",\"name\":\"Comment\",\"target\":[\"https:\/\/lyonbondyblog.fr\/LBB\/veme-republique-lelection-presidentielle-fait-figure-de-mere-de-toute-les-batailles\/#respond\"]}]},{\"@type\":\"WebPage\",\"@id\":\"https:\/\/lyonbondyblog.fr\/LBB\/veme-republique-lelection-presidentielle-fait-figure-de-mere-de-toute-les-batailles\/\",\"url\":\"https:\/\/lyonbondyblog.fr\/LBB\/veme-republique-lelection-presidentielle-fait-figure-de-mere-de-toute-les-batailles\/\",\"name\":\"V\u00e8me R\u00e9publique, l\u2019\u00e9lection pr\u00e9sidentielle fait figure de \u00ab m\u00e8re de toute les batailles \u00bb - Lyon Bondy Blog\",\"isPartOf\":{\"@id\":\"https:\/\/lyonbondyblog.fr\/LBB\/#website\"},\"primaryImageOfPage\":{\"@id\":\"https:\/\/lyonbondyblog.fr\/LBB\/veme-republique-lelection-presidentielle-fait-figure-de-mere-de-toute-les-batailles\/#primaryimage\"},\"image\":{\"@id\":\"https:\/\/lyonbondyblog.fr\/LBB\/veme-republique-lelection-presidentielle-fait-figure-de-mere-de-toute-les-batailles\/#primaryimage\"},\"thumbnailUrl\":\"https:\/\/lyonbondyblog.fr\/LBB\/wp-content\/uploads\/2013\/07\/hamelin-Copie.jpg\",\"datePublished\":\"2012-06-11T16:05:25+00:00\",\"dateModified\":\"2013-07-09T16:07:26+00:00\",\"inLanguage\":\"fr-FR\",\"potentialAction\":[{\"@type\":\"ReadAction\",\"target\":[\"https:\/\/lyonbondyblog.fr\/LBB\/veme-republique-lelection-presidentielle-fait-figure-de-mere-de-toute-les-batailles\/\"]}]},{\"@type\":\"ImageObject\",\"inLanguage\":\"fr-FR\",\"@id\":\"https:\/\/lyonbondyblog.fr\/LBB\/veme-republique-lelection-presidentielle-fait-figure-de-mere-de-toute-les-batailles\/#primaryimage\",\"url\":\"https:\/\/lyonbondyblog.fr\/LBB\/wp-content\/uploads\/2013\/07\/hamelin-Copie.jpg\",\"contentUrl\":\"https:\/\/lyonbondyblog.fr\/LBB\/wp-content\/uploads\/2013\/07\/hamelin-Copie.jpg\",\"width\":400,\"height\":200},{\"@type\":\"WebSite\",\"@id\":\"https:\/\/lyonbondyblog.fr\/LBB\/#website\",\"url\":\"https:\/\/lyonbondyblog.fr\/LBB\/\",\"name\":\"Lyon Bondy Blog\",\"description\":\"\",\"publisher\":{\"@id\":\"https:\/\/lyonbondyblog.fr\/LBB\/#organization\"},\"potentialAction\":[{\"@type\":\"SearchAction\",\"target\":{\"@type\":\"EntryPoint\",\"urlTemplate\":\"https:\/\/lyonbondyblog.fr\/LBB\/?s={search_term_string}\"},\"query-input\":\"required name=search_term_string\"}],\"inLanguage\":\"fr-FR\"},{\"@type\":\"Organization\",\"@id\":\"https:\/\/lyonbondyblog.fr\/LBB\/#organization\",\"name\":\"LYON BONDY BLOG\",\"url\":\"https:\/\/lyonbondyblog.fr\/LBB\/\",\"logo\":{\"@type\":\"ImageObject\",\"inLanguage\":\"fr-FR\",\"@id\":\"https:\/\/lyonbondyblog.fr\/LBB\/#\/schema\/logo\/image\/\",\"url\":\"http:\/\/lyonbondyblog.fr\/LBB\/wp-content\/uploads\/2014\/10\/logo-portable-144.png\",\"contentUrl\":\"http:\/\/lyonbondyblog.fr\/LBB\/wp-content\/uploads\/2014\/10\/logo-portable-144.png\",\"width\":144,\"height\":123,\"caption\":\"LYON BONDY BLOG\"},\"image\":{\"@id\":\"https:\/\/lyonbondyblog.fr\/LBB\/#\/schema\/logo\/image\/\"},\"sameAs\":[\"https:\/\/www.facebook.com\/lyonbondyblog\",\"https:\/\/x.com\/bondybloglyon\"]},{\"@type\":\"Person\",\"@id\":\"https:\/\/lyonbondyblog.fr\/LBB\/#\/schema\/person\/4147da8152937afee76671e3599dd36c\",\"name\":\"Marianne Skorpis\",\"url\":\"https:\/\/lyonbondyblog.fr\/LBB\/author\/marianne\/\"}]}<\/script>\n<!-- \/ Yoast SEO plugin. -->","yoast_head_json":{"title":"V\u00e8me R\u00e9publique, l\u2019\u00e9lection pr\u00e9sidentielle fait figure de \u00ab m\u00e8re de toute les batailles \u00bb - Lyon Bondy Blog","robots":{"index":"index","follow":"follow","max-snippet":"max-snippet:-1","max-image-preview":"max-image-preview:large","max-video-preview":"max-video-preview:-1"},"canonical":"https:\/\/lyonbondyblog.fr\/LBB\/veme-republique-lelection-presidentielle-fait-figure-de-mere-de-toute-les-batailles\/","og_locale":"fr_FR","og_type":"article","og_title":"V\u00e8me R\u00e9publique, l\u2019\u00e9lection pr\u00e9sidentielle fait figure de \u00ab m\u00e8re de toute les batailles \u00bb - Lyon Bondy Blog","og_description":"Des mois durant, les puissantes formations et celles de moindre importance ont jet\u00e9 toutes leurs forces dans le combat. Favoris, outsiders et \u00ab Petit Poucet &hellip;","og_url":"https:\/\/lyonbondyblog.fr\/LBB\/veme-republique-lelection-presidentielle-fait-figure-de-mere-de-toute-les-batailles\/","og_site_name":"Lyon Bondy Blog","article_publisher":"https:\/\/www.facebook.com\/lyonbondyblog","article_published_time":"2012-06-11T16:05:25+00:00","article_modified_time":"2013-07-09T16:07:26+00:00","og_image":[{"width":400,"height":200,"url":"https:\/\/lyonbondyblog.fr\/LBB\/wp-content\/uploads\/2013\/07\/hamelin-Copie.jpg","type":"image\/jpeg"}],"author":"Marianne Skorpis","twitter_card":"summary_large_image","twitter_creator":"@bondybloglyon","twitter_site":"@bondybloglyon","schema":{"@context":"https:\/\/schema.org","@graph":[{"@type":"Article","@id":"https:\/\/lyonbondyblog.fr\/LBB\/veme-republique-lelection-presidentielle-fait-figure-de-mere-de-toute-les-batailles\/#article","isPartOf":{"@id":"https:\/\/lyonbondyblog.fr\/LBB\/veme-republique-lelection-presidentielle-fait-figure-de-mere-de-toute-les-batailles\/"},"author":{"name":"Marianne Skorpis","@id":"https:\/\/lyonbondyblog.fr\/LBB\/#\/schema\/person\/4147da8152937afee76671e3599dd36c"},"headline":"V\u00e8me R\u00e9publique, l\u2019\u00e9lection pr\u00e9sidentielle fait figure de \u00ab m\u00e8re de toute les batailles \u00bb","datePublished":"2012-06-11T16:05:25+00:00","dateModified":"2013-07-09T16:07:26+00:00","mainEntityOfPage":{"@id":"https:\/\/lyonbondyblog.fr\/LBB\/veme-republique-lelection-presidentielle-fait-figure-de-mere-de-toute-les-batailles\/"},"wordCount":929,"commentCount":0,"publisher":{"@id":"https:\/\/lyonbondyblog.fr\/LBB\/#organization"},"image":{"@id":"https:\/\/lyonbondyblog.fr\/LBB\/veme-republique-lelection-presidentielle-fait-figure-de-mere-de-toute-les-batailles\/#primaryimage"},"thumbnailUrl":"https:\/\/lyonbondyblog.fr\/LBB\/wp-content\/uploads\/2013\/07\/hamelin-Copie.jpg","keywords":["lyon","Lyon Bondy Blog","politique","ump"],"articleSection":["Lyon","Municipales 2014","Politique"],"inLanguage":"fr-FR","potentialAction":[{"@type":"CommentAction","name":"Comment","target":["https:\/\/lyonbondyblog.fr\/LBB\/veme-republique-lelection-presidentielle-fait-figure-de-mere-de-toute-les-batailles\/#respond"]}]},{"@type":"WebPage","@id":"https:\/\/lyonbondyblog.fr\/LBB\/veme-republique-lelection-presidentielle-fait-figure-de-mere-de-toute-les-batailles\/","url":"https:\/\/lyonbondyblog.fr\/LBB\/veme-republique-lelection-presidentielle-fait-figure-de-mere-de-toute-les-batailles\/","name":"V\u00e8me R\u00e9publique, l\u2019\u00e9lection pr\u00e9sidentielle fait figure de \u00ab m\u00e8re de toute les batailles \u00bb - Lyon Bondy Blog","isPartOf":{"@id":"https:\/\/lyonbondyblog.fr\/LBB\/#website"},"primaryImageOfPage":{"@id":"https:\/\/lyonbondyblog.fr\/LBB\/veme-republique-lelection-presidentielle-fait-figure-de-mere-de-toute-les-batailles\/#primaryimage"},"image":{"@id":"https:\/\/lyonbondyblog.fr\/LBB\/veme-republique-lelection-presidentielle-fait-figure-de-mere-de-toute-les-batailles\/#primaryimage"},"thumbnailUrl":"https:\/\/lyonbondyblog.fr\/LBB\/wp-content\/uploads\/2013\/07\/hamelin-Copie.jpg","datePublished":"2012-06-11T16:05:25+00:00","dateModified":"2013-07-09T16:07:26+00:00","inLanguage":"fr-FR","potentialAction":[{"@type":"ReadAction","target":["https:\/\/lyonbondyblog.fr\/LBB\/veme-republique-lelection-presidentielle-fait-figure-de-mere-de-toute-les-batailles\/"]}]},{"@type":"ImageObject","inLanguage":"fr-FR","@id":"https:\/\/lyonbondyblog.fr\/LBB\/veme-republique-lelection-presidentielle-fait-figure-de-mere-de-toute-les-batailles\/#primaryimage","url":"https:\/\/lyonbondyblog.fr\/LBB\/wp-content\/uploads\/2013\/07\/hamelin-Copie.jpg","contentUrl":"https:\/\/lyonbondyblog.fr\/LBB\/wp-content\/uploads\/2013\/07\/hamelin-Copie.jpg","width":400,"height":200},{"@type":"WebSite","@id":"https:\/\/lyonbondyblog.fr\/LBB\/#website","url":"https:\/\/lyonbondyblog.fr\/LBB\/","name":"Lyon Bondy Blog","description":"","publisher":{"@id":"https:\/\/lyonbondyblog.fr\/LBB\/#organization"},"potentialAction":[{"@type":"SearchAction","target":{"@type":"EntryPoint","urlTemplate":"https:\/\/lyonbondyblog.fr\/LBB\/?s={search_term_string}"},"query-input":"required name=search_term_string"}],"inLanguage":"fr-FR"},{"@type":"Organization","@id":"https:\/\/lyonbondyblog.fr\/LBB\/#organization","name":"LYON BONDY BLOG","url":"https:\/\/lyonbondyblog.fr\/LBB\/","logo":{"@type":"ImageObject","inLanguage":"fr-FR","@id":"https:\/\/lyonbondyblog.fr\/LBB\/#\/schema\/logo\/image\/","url":"http:\/\/lyonbondyblog.fr\/LBB\/wp-content\/uploads\/2014\/10\/logo-portable-144.png","contentUrl":"http:\/\/lyonbondyblog.fr\/LBB\/wp-content\/uploads\/2014\/10\/logo-portable-144.png","width":144,"height":123,"caption":"LYON BONDY BLOG"},"image":{"@id":"https:\/\/lyonbondyblog.fr\/LBB\/#\/schema\/logo\/image\/"},"sameAs":["https:\/\/www.facebook.com\/lyonbondyblog","https:\/\/x.com\/bondybloglyon"]},{"@type":"Person","@id":"https:\/\/lyonbondyblog.fr\/LBB\/#\/schema\/person\/4147da8152937afee76671e3599dd36c","name":"Marianne Skorpis","url":"https:\/\/lyonbondyblog.fr\/LBB\/author\/marianne\/"}]}},"_links":{"self":[{"href":"https:\/\/lyonbondyblog.fr\/LBB\/wp-json\/wp\/v2\/posts\/592","targetHints":{"allow":["GET"]}}],"collection":[{"href":"https:\/\/lyonbondyblog.fr\/LBB\/wp-json\/wp\/v2\/posts"}],"about":[{"href":"https:\/\/lyonbondyblog.fr\/LBB\/wp-json\/wp\/v2\/types\/post"}],"author":[{"embeddable":true,"href":"https:\/\/lyonbondyblog.fr\/LBB\/wp-json\/wp\/v2\/users\/8"}],"replies":[{"embeddable":true,"href":"https:\/\/lyonbondyblog.fr\/LBB\/wp-json\/wp\/v2\/comments?post=592"}],"version-history":[{"count":0,"href":"https:\/\/lyonbondyblog.fr\/LBB\/wp-json\/wp\/v2\/posts\/592\/revisions"}],"wp:featuredmedia":[{"embeddable":true,"href":"https:\/\/lyonbondyblog.fr\/LBB\/wp-json\/wp\/v2\/media\/595"}],"wp:attachment":[{"href":"https:\/\/lyonbondyblog.fr\/LBB\/wp-json\/wp\/v2\/media?parent=592"}],"wp:term":[{"taxonomy":"category","embeddable":true,"href":"https:\/\/lyonbondyblog.fr\/LBB\/wp-json\/wp\/v2\/categories?post=592"},{"taxonomy":"post_tag","embeddable":true,"href":"https:\/\/lyonbondyblog.fr\/LBB\/wp-json\/wp\/v2\/tags?post=592"}],"curies":[{"name":"wp","href":"https:\/\/api.w.org\/{rel}","templated":true}]}}