{"id":5901,"date":"2014-02-20T16:59:52","date_gmt":"2014-02-20T15:59:52","guid":{"rendered":"http:\/\/lyonbondyblog.fr\/LBB\/?p=5901"},"modified":"2014-03-01T16:59:48","modified_gmt":"2014-03-01T15:59:48","slug":"niels-dalery-traceur-philosophe","status":"publish","type":"post","link":"https:\/\/lyonbondyblog.fr\/LBB\/niels-dalery-traceur-philosophe\/","title":{"rendered":"Niels Dalery, traceur philosophe"},"content":{"rendered":"<p><b>A 25 ans, le jeune sportif lyonnais s\u2019\u00e9panouit dans le Parkour\/Free Running, alliant la vitesse du d\u00e9placement et la beaut\u00e9 visuelle des figures.<a href=\"http:\/\/www.meltyxtrem.fr\/xtreme-gravity-championnat-de-france-de-parkour-les-espoirs-a177647.html\"> Le champion de France de Parkour <\/a>nous livre sa vision de son sport et des pol\u00e9miques qui le p\u00e9nalise. Rencontre acrobatique avec ce jeune homme en qu\u00eate de libert\u00e9.<\/b><\/p>\n<figure id=\"attachment_5905\" aria-describedby=\"caption-attachment-5905\" style=\"width: 600px\" class=\"wp-caption aligncenter\"><img loading=\"lazy\" decoding=\"async\" class=\"size-full wp-image-5905\" alt=\"Niels\" src=\"https:\/\/lyonbondyblog.fr\/LBB\/wp-content\/uploads\/2014\/02\/Niels.jpg\" width=\"600\" height=\"399\" srcset=\"https:\/\/lyonbondyblog.fr\/LBB\/wp-content\/uploads\/2014\/02\/Niels.jpg 600w, https:\/\/lyonbondyblog.fr\/LBB\/wp-content\/uploads\/2014\/02\/Niels-300x199.jpg 300w\" sizes=\"auto, (max-width: 600px) 100vw, 600px\" \/><figcaption id=\"caption-attachment-5905\" class=\"wp-caption-text\">Cr\u00e9dit photo : association Jump&rsquo;In city<\/figcaption><\/figure>\n<p>&nbsp;<\/p>\n<p>Si vous ne visualisez pas cette discipline, (re)pensez au film culte <em><a href=\"http:\/\/www.allocine.fr\/film\/fichefilm_gen_cfilm=29366.html\">Yamakasi<\/a>. <\/em>Mais plus pr\u00e9cis\u00e9ment, c&rsquo;est quoi\u00a0le Parkour, Niels ? \u00ab\u00a0<i>C\u2019est se d\u00e9placer d\u2019un point A \u00e0 un point B de la mani\u00e8re la plus efficace possible, la plus efficiente, c\u2019est-\u00e0-dire en consommant le minimum d\u2019\u00e9nergie.\u00a0\u00bb <\/i>Quant au Free Running, c\u2019est \u00ab\u00a0<i>une \u00e9volution du Parkour qui se caract\u00e9rise par un d\u00e9placement cr\u00e9atif et acrobatique. Il ne s\u2019agit pas forc\u00e9ment d\u2019aller vite mais il s\u2019agit surtout de faire en sorte que ce soit beau, visuel.\u00a0\u00bb<\/i>\u00a0Celui qui pratique cette discipline est appel\u00e9 \u00ab\u00a0traceur\u00a0\u00bb. Avec l\u2019\u0153il vif et brillant d\u2019un passionn\u00e9, le jeune homme n\u2019h\u00e9site pas \u00e0 comparer cela avec de l\u2019art\u00a0: \u00ab\u00a0<i>A partir du moment o\u00f9 il y a de la cr\u00e9ation, il y a de l\u2019art.\u00a0\u00bb\u00a0<\/i>L&rsquo;art du d\u00e9placement, plus exactement.<\/p>\n<p><iframe loading=\"lazy\" src=\"http:\/\/www.youtube.com\/embed\/U2jj1t-w70A?wmode=transparent\" height=\"315\" width=\"560\" allowfullscreen=\"\" frameborder=\"0\"><\/iframe><\/p>\n<h2>Sortir des conventions<\/h2>\n<p>Loin du <i>star system<\/i> et du sensationnalisme, le coureur trace sa route et sa philosophie avec une \u00e2me d\u2019enfant. D\u00e8s son plus jeune \u00e2ge, Niels est attir\u00e9 par le sport et le go\u00fbt de l\u2019effort physique. Un an de basket puis c\u2019est la gymnastique qui attire son attention. \u00ab\u00a0<i>A 5-6 ans, j\u2019\u00e9tais d\u00e9j\u00e0 un vrai casse-cou. J\u2019aimais bien bouger, grimper, sauter. La gym me permettait de faire \u00e7a&#8230;\u00a0\u00bb<\/i> Explique-t-il. Malgr\u00e9 de bons r\u00e9sultats en comp\u00e9tition,\u00a0 dont un titre de Champion de France en 1998, Niels se sent \u00e0 l\u2019\u00e9troit dans cette discipline trop encadr\u00e9e\u00a0: \u00ab\u00a0<i> La gymnastique impose trop de contraintes. C\u2019est trop ferm\u00e9. Il n\u2019y a pas assez d\u2019ouverture artistique.\u00bb<\/i><\/p>\n<p>Pour nourrir son d\u00e9sir d\u2019expression, Niels se laisse tenter par des sports plus forts en \u00e9motions. Il s\u2019adonne alors au BMX, \u00ab\u00a0<i>un sport un peu plus extr\u00eame et plus libre\u00a0\u00bb <\/i>qu\u2019il abandonne assez rapidement. Il se tourne alors vers le skate o\u00f9 la marge de progression <i>\u00ab\u00a0est plus rapide que le BMX, les figures plus faciles \u00e0 r\u00e9aliser\u00a0\u00bb. <\/i>En m\u00eame temps, il commence \u00e0 pratiquer ce qu\u2019il appelle le \u00ab\u00a0<i>Street gym\u00a0\u00bb<\/i>, une activit\u00e9 o\u00f9 il reproduit certaines figures de la gym classique dans un environnement urbain. Niels se cherche encore. \u00a0Son dynamisme va \u00eatre brutalement arr\u00eat\u00e9 par une rupture des ligaments \u00a0crois\u00e9s du genou droit. Il a alors 15 ans et sa vie va basculer par la d\u00e9couverte du Parkour et du Free Running.<\/p>\n<h2>\u00ab\u00a0Ma philosophie, c\u2019est \u00eatre et durer\u00a0\u00bb<\/h2>\n<p style=\"text-align: left;\">\u00ab\u00a0<i>J\u2019ai d\u00e9couvert cette pratique, en troisi\u00e8me, un soir \u00e0 la sortie du coll\u00e8ge. Deux amis m\u2019ont propos\u00e9 d\u2019aller faire du parkour. J\u2019ai imm\u00e9diatement compris que c\u2019\u00e9tait ce que j\u2019ai toujours voulu faire. \u00bb\u00a0 <\/i>Un v\u00e9ritable coup de foudre qui le pousse \u00e0\u00a0 pratiquer cette discipline deux \u00e0 trois heures par jour, mettant en p\u00e9ril ses \u00e9tudes\u00a0: <i>\u00ab\u00a0Je me butais \u00e0 \u00e7a, je pensais \u00e0 \u00e7a matin, midi et soir.\u00a0\u00bb <\/i>\u00a0Lui qui r\u00eavait de devenir ing\u00e9nieur doit se r\u00e9orienter vers un BEP \u00e9lectronique qu\u2019il n\u2019arrive pas \u00e0 suivre. La faute notamment \u00e0 des absences r\u00e9p\u00e9t\u00e9es \u00e0 cause de son genou. De ces \u00ab\u00a0\u00e9checs\u00a0\u00bb, il va en tirer une force et un avenir. D\u00e9sormais, il sait o\u00f9 il veut aller et ce qu\u2019il veut faire. Niels passe alors son BAFA puis encha\u00eene avec le BPJEPS pendant lequel il projette de cr\u00e9er sa propre association de Parkour, nous sommes alors en 2010.\u00a0\u00ab\u00a0<i>Tout le monde me disait que \u00e7a ne marcherait jamais, que mon activit\u00e9 n\u2019existait pas. \u00bb<\/i> Quatre ans apr\u00e8s, <a href=\"http:\/\/www.jumpincity.com\/\">son association <\/a>dispense des cours dans plusieurs communes du d\u00e9partement. La demande est telle qu\u2019il n\u2019est pas en mesure de r\u00e9pondre \u00e0 toutes les requ\u00eates. Un succ\u00e8s d\u00fb au travail, \u00e0 la d\u00e9termination et surtout \u00e0 la passion.<\/p>\n<figure id=\"attachment_5907\" aria-describedby=\"caption-attachment-5907\" style=\"width: 576px\" class=\"wp-caption aligncenter\"><img loading=\"lazy\" decoding=\"async\" class=\" wp-image-5907\" alt=\"Cr\u00e9dit : association Jump'IN city\" src=\"https:\/\/lyonbondyblog.fr\/LBB\/wp-content\/uploads\/2014\/02\/niels3.jpg\" width=\"576\" height=\"324\" srcset=\"https:\/\/lyonbondyblog.fr\/LBB\/wp-content\/uploads\/2014\/02\/niels3.jpg 720w, https:\/\/lyonbondyblog.fr\/LBB\/wp-content\/uploads\/2014\/02\/niels3-300x168.jpg 300w\" sizes=\"auto, (max-width: 576px) 100vw, 576px\" \/><figcaption id=\"caption-attachment-5907\" class=\"wp-caption-text\">Cr\u00e9dit : association Jump&rsquo;IN city<\/figcaption><\/figure>\n<p>Alors que le monde du Parkour et du Free running est tr\u00e8s ax\u00e9 sur la culture internet, et que celle-ci favorise la surench\u00e8re, Niels prend le temps de tisser sa propre conception des choses\u00a0: \u00ab\u00a0<i>Certains vont trop loin. Certains veulent plus prouver aux autres qu\u2019\u00e0 eux-m\u00eames. Moi, j\u2019ai une motivation intrins\u00e8que. Ma philosophie, c\u2019est \u00eatre et durer.\u00a0\u00bb<\/i> Et de r\u00e9sumer\u00a0: \u00ab\u00a0<i>Je m\u2019\u00e9panouie totalement dans ma discipline sans avoir besoin de me mettre en danger\u00a0\u00bb.\u00a0 <\/i>Le jeune traceur lyonnais n\u2019est pas un adepte du jump \u00ab\u00a0<i>one shot\u00a0\u00bb, <\/i>c\u2019est-\u00e0-dire le saut qui \u00ab\u00a0<i>passe ou qui casse<\/i>\u00a0\u00bb. Pos\u00e9 et r\u00e9fl\u00e9chi, Niels ne cache pas qu\u2019il y a certainement de la peur derri\u00e8re sa sagesse, mais aussi et surtout de la conscience.\u00a0 Il pousse chacun \u00e0 trouver sa propre philosophie, loin du \u00ab\u00a0qu&rsquo;en-dira-t-on\u00a0\u00bb\u00a0: \u00ab\u00a0<i>C\u2019est ce que je dis \u00e0 mes jeunes\u00a0: Prenez les bons trucs \u00e0 droite et \u00e0 gauche mais ne vous enfermez pas dans une religion qui ne vous correspond pas\u00a0\u00bb.<\/i><\/p>\n<h2>Une discipline peu organis\u00e9e et divis\u00e9e<\/h2>\n<figure id=\"attachment_5909\" aria-describedby=\"caption-attachment-5909\" style=\"width: 300px\" class=\"wp-caption alignright\"><img loading=\"lazy\" decoding=\"async\" class=\"size-medium wp-image-5909\" alt=\"Niels Dalery Cr\u00e9dit : association Jump'IN city\" src=\"https:\/\/lyonbondyblog.fr\/LBB\/wp-content\/uploads\/2014\/02\/niels2-300x200.jpg\" width=\"300\" height=\"200\" srcset=\"https:\/\/lyonbondyblog.fr\/LBB\/wp-content\/uploads\/2014\/02\/niels2-300x200.jpg 300w, https:\/\/lyonbondyblog.fr\/LBB\/wp-content\/uploads\/2014\/02\/niels2.jpg 720w\" sizes=\"auto, (max-width: 300px) 100vw, 300px\" \/><figcaption id=\"caption-attachment-5909\" class=\"wp-caption-text\">Niels Dalery Cr\u00e9dit : association Jump&rsquo;IN city<\/figcaption><\/figure>\n<p>Contrairement \u00e0 d\u2019autres pays o\u00f9 cette pratique est tr\u00e8s d\u00e9velopp\u00e9e, \u00e0 l\u2019instar des Etats-Unis et du Royaume-Uni, le Parkour fran\u00e7ais n\u2019est que tr\u00e8s peu structur\u00e9. Il n\u2019y a pas d\u2019interlocuteur d\u00e9fini rattach\u00e9 au Minist\u00e8re des Sports et de la Jeunesse, \u00e0 l\u2019image de la f\u00e9d\u00e9ration fran\u00e7aise de football ou de handball. La reconnaissance de l\u2019Etat vis-\u00e0-vis de ce sport est tr\u00e8s limit\u00e9\u00a0: \u00ab\u00a0 <i>A leurs yeux, c\u2019est limite une activit\u00e9 culturelle et non pas sportive.\u00a0\u00bb <\/i>Et d\u2019ajouter\u00a0: \u00ab\u00a0<i>C\u2019est compliqu\u00e9 de ne pas \u00eatre reconnu. Ca bloque l\u2019\u00e9volution du sport.\u00a0\u00bb<\/i><\/p>\n<p>Le traceur d\u00e9plore \u00e9galement une mauvaise \u00a0atmosph\u00e8re au sein de la communaut\u00e9, notamment g\u00e9n\u00e9r\u00e9e par \u00ab\u00a0<i>les puristes, ceux qui veulent absolument diviser clairement le free Run et le Parkour. Ils estiment qu\u2019\u00e0 partir du moment o\u00f9 il y a une figure acrobatique, ce n\u2019est plus du Parkour. C\u2019est trop.\u00a0\u00bb\u00a0<\/i> Cette attitude est principalement tenue par des petits nouveaux dans le circuit. Niels estime lui que \u00ab\u00a0<i>les deux versants de [sa] discipline forment un tout. \u00bb<\/i> M\u00eame son de cloche chez les fondateurs, \u00e0 l\u2019image de <a href=\"http:\/\/fr.wikipedia.org\/wiki\/David_Belle\">David Belle<\/a>,\u00a0<a href=\"http:\/\/fr.wikipedia.org\/wiki\/S%C3%A9bastien_Foucan\">S\u00e9bastien Foucan<\/a>\u00a0ou Malik Diouf.<\/p>\n<p>Niels s\u2019\u00e9vade de ces pol\u00e9miques pour se rapprocher de \u00ab\u00a0sa v\u00e9rit\u00e9\u00a0\u00bb:<cite>\u00a0\u00ab\u00a0Le Parkour, c\u2019est un retour aux sources. \u00c7a nous permet de nous r\u00e9approprier ce que la civilisation nous a enlev\u00e9 [\u2026] Et de donner de la ga\u00eet\u00e9 dans le quotidien par l\u2019amusement et le mouvement\u00a0\u00bb.<\/cite><\/p>\n<p>O\u00f9 la r\u00e9incarnation de l\u2019incantation latine \u00ab\u00a0un esprit sain dans un corps sain\u2026\u00a0\u00bb<\/p>\n<!-- AddThis Advanced Settings generic via filter on the_content --><!-- AddThis Share Buttons generic via filter on the_content -->","protected":false},"excerpt":{"rendered":"<p>A 25 ans, le jeune sportif lyonnais s\u2019\u00e9panouit dans le Parkour\/Free Running, alliant la vitesse du d\u00e9placement et la beaut\u00e9 visuelle des figures. Le champion &hellip; <!-- AddThis Advanced Settings generic via filter on wp_trim_excerpt --><!-- AddThis Share Buttons generic via filter on wp_trim_excerpt --><\/p>\n","protected":false},"author":11,"featured_media":5920,"comment_status":"open","ping_status":"open","sticky":false,"template":"","format":"standard","meta":{"_FSMCFIC_featured_image_caption":"","_FSMCFIC_featured_image_nocaption":"","_FSMCFIC_featured_image_hide":"","footnotes":""},"categories":[5,3,4],"tags":[25,1047,10,1046,1048],"class_list":["post-5901","post","type-post","status-publish","format-standard","has-post-thumbnail","hentry","category-ambiance","category-culture","category-lyon","tag-featuredpost","tag-free-running","tag-lyon-2","tag-parkour","tag-xtrem-sport"],"yoast_head":"<!-- This site is optimized with the Yoast SEO plugin v22.8 - https:\/\/yoast.com\/wordpress\/plugins\/seo\/ -->\n<title>Niels Dalery, traceur philosophe  - Lyon Bondy Blog<\/title>\n<meta name=\"robots\" content=\"index, follow, max-snippet:-1, max-image-preview:large, max-video-preview:-1\" \/>\n<link rel=\"canonical\" href=\"https:\/\/lyonbondyblog.fr\/LBB\/niels-dalery-traceur-philosophe\/\" \/>\n<meta property=\"og:locale\" content=\"fr_FR\" \/>\n<meta property=\"og:type\" content=\"article\" \/>\n<meta property=\"og:title\" content=\"Niels Dalery, traceur philosophe  - Lyon Bondy Blog\" \/>\n<meta property=\"og:description\" content=\"A 25 ans, le jeune sportif lyonnais s\u2019\u00e9panouit dans le Parkour\/Free Running, alliant la vitesse du d\u00e9placement et la beaut\u00e9 visuelle des figures. Le champion &hellip;\" \/>\n<meta property=\"og:url\" content=\"https:\/\/lyonbondyblog.fr\/LBB\/niels-dalery-traceur-philosophe\/\" \/>\n<meta property=\"og:site_name\" content=\"Lyon Bondy Blog\" \/>\n<meta property=\"article:publisher\" content=\"https:\/\/www.facebook.com\/lyonbondyblog\" \/>\n<meta property=\"article:published_time\" content=\"2014-02-20T15:59:52+00:00\" \/>\n<meta property=\"article:modified_time\" content=\"2014-03-01T15:59:48+00:00\" \/>\n<meta property=\"og:image\" content=\"https:\/\/lyonbondyblog.fr\/LBB\/wp-content\/uploads\/2014\/02\/niels3-1.jpg\" \/>\n\t<meta property=\"og:image:width\" content=\"600\" \/>\n\t<meta property=\"og:image:height\" content=\"400\" \/>\n\t<meta property=\"og:image:type\" content=\"image\/jpeg\" \/>\n<meta name=\"author\" content=\"Maxime Hanssen\" \/>\n<meta name=\"twitter:card\" content=\"summary_large_image\" \/>\n<meta name=\"twitter:creator\" content=\"@HanssenMaxime\" \/>\n<meta name=\"twitter:site\" content=\"@bondybloglyon\" \/>\n<script type=\"application\/ld+json\" class=\"yoast-schema-graph\">{\"@context\":\"https:\/\/schema.org\",\"@graph\":[{\"@type\":\"Article\",\"@id\":\"https:\/\/lyonbondyblog.fr\/LBB\/niels-dalery-traceur-philosophe\/#article\",\"isPartOf\":{\"@id\":\"https:\/\/lyonbondyblog.fr\/LBB\/niels-dalery-traceur-philosophe\/\"},\"author\":{\"name\":\"Maxime Hanssen\",\"@id\":\"https:\/\/lyonbondyblog.fr\/LBB\/#\/schema\/person\/cc7d2de10d3ff4c29231fcdd3dc720c8\"},\"headline\":\"Niels Dalery, traceur philosophe\",\"datePublished\":\"2014-02-20T15:59:52+00:00\",\"dateModified\":\"2014-03-01T15:59:48+00:00\",\"mainEntityOfPage\":{\"@id\":\"https:\/\/lyonbondyblog.fr\/LBB\/niels-dalery-traceur-philosophe\/\"},\"wordCount\":1200,\"commentCount\":0,\"publisher\":{\"@id\":\"https:\/\/lyonbondyblog.fr\/LBB\/#organization\"},\"image\":{\"@id\":\"https:\/\/lyonbondyblog.fr\/LBB\/niels-dalery-traceur-philosophe\/#primaryimage\"},\"thumbnailUrl\":\"https:\/\/lyonbondyblog.fr\/LBB\/wp-content\/uploads\/2014\/02\/niels3-1.jpg\",\"keywords\":[\"featuredpost\",\"Free running\",\"lyon\",\"Parkour\",\"Xtrem Sport\"],\"articleSection\":[\"Ambiance\",\"Culture\",\"Lyon\"],\"inLanguage\":\"fr-FR\",\"potentialAction\":[{\"@type\":\"CommentAction\",\"name\":\"Comment\",\"target\":[\"https:\/\/lyonbondyblog.fr\/LBB\/niels-dalery-traceur-philosophe\/#respond\"]}]},{\"@type\":\"WebPage\",\"@id\":\"https:\/\/lyonbondyblog.fr\/LBB\/niels-dalery-traceur-philosophe\/\",\"url\":\"https:\/\/lyonbondyblog.fr\/LBB\/niels-dalery-traceur-philosophe\/\",\"name\":\"Niels Dalery, traceur philosophe - Lyon Bondy Blog\",\"isPartOf\":{\"@id\":\"https:\/\/lyonbondyblog.fr\/LBB\/#website\"},\"primaryImageOfPage\":{\"@id\":\"https:\/\/lyonbondyblog.fr\/LBB\/niels-dalery-traceur-philosophe\/#primaryimage\"},\"image\":{\"@id\":\"https:\/\/lyonbondyblog.fr\/LBB\/niels-dalery-traceur-philosophe\/#primaryimage\"},\"thumbnailUrl\":\"https:\/\/lyonbondyblog.fr\/LBB\/wp-content\/uploads\/2014\/02\/niels3-1.jpg\",\"datePublished\":\"2014-02-20T15:59:52+00:00\",\"dateModified\":\"2014-03-01T15:59:48+00:00\",\"inLanguage\":\"fr-FR\",\"potentialAction\":[{\"@type\":\"ReadAction\",\"target\":[\"https:\/\/lyonbondyblog.fr\/LBB\/niels-dalery-traceur-philosophe\/\"]}]},{\"@type\":\"ImageObject\",\"inLanguage\":\"fr-FR\",\"@id\":\"https:\/\/lyonbondyblog.fr\/LBB\/niels-dalery-traceur-philosophe\/#primaryimage\",\"url\":\"https:\/\/lyonbondyblog.fr\/LBB\/wp-content\/uploads\/2014\/02\/niels3-1.jpg\",\"contentUrl\":\"https:\/\/lyonbondyblog.fr\/LBB\/wp-content\/uploads\/2014\/02\/niels3-1.jpg\",\"width\":600,\"height\":400},{\"@type\":\"WebSite\",\"@id\":\"https:\/\/lyonbondyblog.fr\/LBB\/#website\",\"url\":\"https:\/\/lyonbondyblog.fr\/LBB\/\",\"name\":\"Lyon Bondy Blog\",\"description\":\"\",\"publisher\":{\"@id\":\"https:\/\/lyonbondyblog.fr\/LBB\/#organization\"},\"potentialAction\":[{\"@type\":\"SearchAction\",\"target\":{\"@type\":\"EntryPoint\",\"urlTemplate\":\"https:\/\/lyonbondyblog.fr\/LBB\/?s={search_term_string}\"},\"query-input\":\"required name=search_term_string\"}],\"inLanguage\":\"fr-FR\"},{\"@type\":\"Organization\",\"@id\":\"https:\/\/lyonbondyblog.fr\/LBB\/#organization\",\"name\":\"LYON BONDY BLOG\",\"url\":\"https:\/\/lyonbondyblog.fr\/LBB\/\",\"logo\":{\"@type\":\"ImageObject\",\"inLanguage\":\"fr-FR\",\"@id\":\"https:\/\/lyonbondyblog.fr\/LBB\/#\/schema\/logo\/image\/\",\"url\":\"http:\/\/lyonbondyblog.fr\/LBB\/wp-content\/uploads\/2014\/10\/logo-portable-144.png\",\"contentUrl\":\"http:\/\/lyonbondyblog.fr\/LBB\/wp-content\/uploads\/2014\/10\/logo-portable-144.png\",\"width\":144,\"height\":123,\"caption\":\"LYON BONDY BLOG\"},\"image\":{\"@id\":\"https:\/\/lyonbondyblog.fr\/LBB\/#\/schema\/logo\/image\/\"},\"sameAs\":[\"https:\/\/www.facebook.com\/lyonbondyblog\",\"https:\/\/x.com\/bondybloglyon\"]},{\"@type\":\"Person\",\"@id\":\"https:\/\/lyonbondyblog.fr\/LBB\/#\/schema\/person\/cc7d2de10d3ff4c29231fcdd3dc720c8\",\"name\":\"Maxime Hanssen\",\"description\":\"Ex Service civique au #LBB. Dipl\u00f4m\u00e9 d'une ma\u00eetrise d'Histoire apr\u00e8s un m\u00e9moire de recherche sur l'histoire politique de la Hongrie. Journaliste \u00e0 Acteurs de l'\u00e9conomie - La Tribune. En formation professionnelle \u00e0 l'ESJ Lille Pro. Contributeur \u00e9ternel au LBB et citoyen europ\u00e9en.\",\"sameAs\":[\"https:\/\/x.com\/HanssenMaxime\"],\"url\":\"https:\/\/lyonbondyblog.fr\/LBB\/author\/maxime\/\"}]}<\/script>\n<!-- \/ Yoast SEO plugin. -->","yoast_head_json":{"title":"Niels Dalery, traceur philosophe  - Lyon Bondy Blog","robots":{"index":"index","follow":"follow","max-snippet":"max-snippet:-1","max-image-preview":"max-image-preview:large","max-video-preview":"max-video-preview:-1"},"canonical":"https:\/\/lyonbondyblog.fr\/LBB\/niels-dalery-traceur-philosophe\/","og_locale":"fr_FR","og_type":"article","og_title":"Niels Dalery, traceur philosophe  - Lyon Bondy Blog","og_description":"A 25 ans, le jeune sportif lyonnais s\u2019\u00e9panouit dans le Parkour\/Free Running, alliant la vitesse du d\u00e9placement et la beaut\u00e9 visuelle des figures. Le champion &hellip;","og_url":"https:\/\/lyonbondyblog.fr\/LBB\/niels-dalery-traceur-philosophe\/","og_site_name":"Lyon Bondy Blog","article_publisher":"https:\/\/www.facebook.com\/lyonbondyblog","article_published_time":"2014-02-20T15:59:52+00:00","article_modified_time":"2014-03-01T15:59:48+00:00","og_image":[{"width":600,"height":400,"url":"https:\/\/lyonbondyblog.fr\/LBB\/wp-content\/uploads\/2014\/02\/niels3-1.jpg","type":"image\/jpeg"}],"author":"Maxime Hanssen","twitter_card":"summary_large_image","twitter_creator":"@HanssenMaxime","twitter_site":"@bondybloglyon","schema":{"@context":"https:\/\/schema.org","@graph":[{"@type":"Article","@id":"https:\/\/lyonbondyblog.fr\/LBB\/niels-dalery-traceur-philosophe\/#article","isPartOf":{"@id":"https:\/\/lyonbondyblog.fr\/LBB\/niels-dalery-traceur-philosophe\/"},"author":{"name":"Maxime Hanssen","@id":"https:\/\/lyonbondyblog.fr\/LBB\/#\/schema\/person\/cc7d2de10d3ff4c29231fcdd3dc720c8"},"headline":"Niels Dalery, traceur philosophe","datePublished":"2014-02-20T15:59:52+00:00","dateModified":"2014-03-01T15:59:48+00:00","mainEntityOfPage":{"@id":"https:\/\/lyonbondyblog.fr\/LBB\/niels-dalery-traceur-philosophe\/"},"wordCount":1200,"commentCount":0,"publisher":{"@id":"https:\/\/lyonbondyblog.fr\/LBB\/#organization"},"image":{"@id":"https:\/\/lyonbondyblog.fr\/LBB\/niels-dalery-traceur-philosophe\/#primaryimage"},"thumbnailUrl":"https:\/\/lyonbondyblog.fr\/LBB\/wp-content\/uploads\/2014\/02\/niels3-1.jpg","keywords":["featuredpost","Free running","lyon","Parkour","Xtrem Sport"],"articleSection":["Ambiance","Culture","Lyon"],"inLanguage":"fr-FR","potentialAction":[{"@type":"CommentAction","name":"Comment","target":["https:\/\/lyonbondyblog.fr\/LBB\/niels-dalery-traceur-philosophe\/#respond"]}]},{"@type":"WebPage","@id":"https:\/\/lyonbondyblog.fr\/LBB\/niels-dalery-traceur-philosophe\/","url":"https:\/\/lyonbondyblog.fr\/LBB\/niels-dalery-traceur-philosophe\/","name":"Niels Dalery, traceur philosophe - Lyon Bondy Blog","isPartOf":{"@id":"https:\/\/lyonbondyblog.fr\/LBB\/#website"},"primaryImageOfPage":{"@id":"https:\/\/lyonbondyblog.fr\/LBB\/niels-dalery-traceur-philosophe\/#primaryimage"},"image":{"@id":"https:\/\/lyonbondyblog.fr\/LBB\/niels-dalery-traceur-philosophe\/#primaryimage"},"thumbnailUrl":"https:\/\/lyonbondyblog.fr\/LBB\/wp-content\/uploads\/2014\/02\/niels3-1.jpg","datePublished":"2014-02-20T15:59:52+00:00","dateModified":"2014-03-01T15:59:48+00:00","inLanguage":"fr-FR","potentialAction":[{"@type":"ReadAction","target":["https:\/\/lyonbondyblog.fr\/LBB\/niels-dalery-traceur-philosophe\/"]}]},{"@type":"ImageObject","inLanguage":"fr-FR","@id":"https:\/\/lyonbondyblog.fr\/LBB\/niels-dalery-traceur-philosophe\/#primaryimage","url":"https:\/\/lyonbondyblog.fr\/LBB\/wp-content\/uploads\/2014\/02\/niels3-1.jpg","contentUrl":"https:\/\/lyonbondyblog.fr\/LBB\/wp-content\/uploads\/2014\/02\/niels3-1.jpg","width":600,"height":400},{"@type":"WebSite","@id":"https:\/\/lyonbondyblog.fr\/LBB\/#website","url":"https:\/\/lyonbondyblog.fr\/LBB\/","name":"Lyon Bondy Blog","description":"","publisher":{"@id":"https:\/\/lyonbondyblog.fr\/LBB\/#organization"},"potentialAction":[{"@type":"SearchAction","target":{"@type":"EntryPoint","urlTemplate":"https:\/\/lyonbondyblog.fr\/LBB\/?s={search_term_string}"},"query-input":"required name=search_term_string"}],"inLanguage":"fr-FR"},{"@type":"Organization","@id":"https:\/\/lyonbondyblog.fr\/LBB\/#organization","name":"LYON BONDY BLOG","url":"https:\/\/lyonbondyblog.fr\/LBB\/","logo":{"@type":"ImageObject","inLanguage":"fr-FR","@id":"https:\/\/lyonbondyblog.fr\/LBB\/#\/schema\/logo\/image\/","url":"http:\/\/lyonbondyblog.fr\/LBB\/wp-content\/uploads\/2014\/10\/logo-portable-144.png","contentUrl":"http:\/\/lyonbondyblog.fr\/LBB\/wp-content\/uploads\/2014\/10\/logo-portable-144.png","width":144,"height":123,"caption":"LYON BONDY BLOG"},"image":{"@id":"https:\/\/lyonbondyblog.fr\/LBB\/#\/schema\/logo\/image\/"},"sameAs":["https:\/\/www.facebook.com\/lyonbondyblog","https:\/\/x.com\/bondybloglyon"]},{"@type":"Person","@id":"https:\/\/lyonbondyblog.fr\/LBB\/#\/schema\/person\/cc7d2de10d3ff4c29231fcdd3dc720c8","name":"Maxime Hanssen","description":"Ex Service civique au #LBB. Dipl\u00f4m\u00e9 d'une ma\u00eetrise d'Histoire apr\u00e8s un m\u00e9moire de recherche sur l'histoire politique de la Hongrie. Journaliste \u00e0 Acteurs de l'\u00e9conomie - La Tribune. En formation professionnelle \u00e0 l'ESJ Lille Pro. Contributeur \u00e9ternel au LBB et citoyen europ\u00e9en.","sameAs":["https:\/\/x.com\/HanssenMaxime"],"url":"https:\/\/lyonbondyblog.fr\/LBB\/author\/maxime\/"}]}},"_links":{"self":[{"href":"https:\/\/lyonbondyblog.fr\/LBB\/wp-json\/wp\/v2\/posts\/5901","targetHints":{"allow":["GET"]}}],"collection":[{"href":"https:\/\/lyonbondyblog.fr\/LBB\/wp-json\/wp\/v2\/posts"}],"about":[{"href":"https:\/\/lyonbondyblog.fr\/LBB\/wp-json\/wp\/v2\/types\/post"}],"author":[{"embeddable":true,"href":"https:\/\/lyonbondyblog.fr\/LBB\/wp-json\/wp\/v2\/users\/11"}],"replies":[{"embeddable":true,"href":"https:\/\/lyonbondyblog.fr\/LBB\/wp-json\/wp\/v2\/comments?post=5901"}],"version-history":[{"count":0,"href":"https:\/\/lyonbondyblog.fr\/LBB\/wp-json\/wp\/v2\/posts\/5901\/revisions"}],"wp:featuredmedia":[{"embeddable":true,"href":"https:\/\/lyonbondyblog.fr\/LBB\/wp-json\/wp\/v2\/media\/5920"}],"wp:attachment":[{"href":"https:\/\/lyonbondyblog.fr\/LBB\/wp-json\/wp\/v2\/media?parent=5901"}],"wp:term":[{"taxonomy":"category","embeddable":true,"href":"https:\/\/lyonbondyblog.fr\/LBB\/wp-json\/wp\/v2\/categories?post=5901"},{"taxonomy":"post_tag","embeddable":true,"href":"https:\/\/lyonbondyblog.fr\/LBB\/wp-json\/wp\/v2\/tags?post=5901"}],"curies":[{"name":"wp","href":"https:\/\/api.w.org\/{rel}","templated":true}]}}