{"id":5854,"date":"2014-02-18T16:12:42","date_gmt":"2014-02-18T15:12:42","guid":{"rendered":"http:\/\/lyonbondyblog.fr\/LBB\/?p=5854"},"modified":"2014-02-20T15:37:30","modified_gmt":"2014-02-20T14:37:30","slug":"quel-antimilitarisme-et-quel-pacifisme-aujourdhui","status":"publish","type":"post","link":"https:\/\/lyonbondyblog.fr\/LBB\/quel-antimilitarisme-et-quel-pacifisme-aujourdhui\/","title":{"rendered":"Quel antimilitarisme et quel pacifisme aujourd&rsquo;hui ?"},"content":{"rendered":"<p><strong>Dans le cadre du Cycle l\u2019Archipel des R\u00e9sistances, co-organis\u00e9 par La Maison des Passages, Mediapart, Camedia (l\u2019association des lecteurs de Mediapart) et le Lyon Bondy Blog, nous accueillions le CEDRATS et l\u2019Observatoire des armements sur le th\u00e8me\u00a0: \u00ab\u00a0Les 50 ans du statut des objecteurs de conscience en France\u00a0: quel antimilitarisme et quel pacifisme aujourd\u2019hui\u00a0?<\/strong><\/p>\n<p style=\"text-align: left;\"><img loading=\"lazy\" decoding=\"async\" class=\"aligncenter size-full wp-image-5856\" alt=\"pacifisme antimilitarisme\" src=\"https:\/\/lyonbondyblog.fr\/LBB\/wp-content\/uploads\/2014\/02\/pacifisme-antimilitarisme.jpg\" width=\"600\" height=\"400\" srcset=\"https:\/\/lyonbondyblog.fr\/LBB\/wp-content\/uploads\/2014\/02\/pacifisme-antimilitarisme.jpg 600w, https:\/\/lyonbondyblog.fr\/LBB\/wp-content\/uploads\/2014\/02\/pacifisme-antimilitarisme-300x200.jpg 300w\" sizes=\"auto, (max-width: 600px) 100vw, 600px\" \/><\/p>\n<p>La reconnaissance du statut d&rsquo;objecteur de conscience a \u00e9t\u00e9 un combat politique intense. D\u00e8s 1957,\u00a0Louis Lecoin, libertaire pacifiste et figure de proue du mouvement entame une lutte contre l&rsquo;Etat. Il m\u00e8ne alors une campagne d&rsquo;opinion, s&rsquo;appuyant sur son journal \u00ab\u00a0Libert\u00e9\u00a0\u00bb. D&rsquo;autres associations et personnalit\u00e9s se joignent \u00e0 la cause : L&rsquo;Union pacifiste de France (UPF), la Ligue d&rsquo;action pacifiste (LAP), Albert Camus, L&rsquo;Abb\u00e9 Pierre&#8230;<br \/>\nLa guerre d&rsquo;Alg\u00e9rie fait acc\u00e9l\u00e9rer les choses. A 74 ans, Louis Lecoin entame une gr\u00e8ve de la faim qui l&#8217;emm\u00e8nera \u00e0 l&rsquo;h\u00f4pital. Devant <img loading=\"lazy\" decoding=\"async\" width=\"239\" height=\"300\" class=\"alignright size-medium wp-image-5846\" alt=\"cr\u00e9dit : Denis Lafontaine\" src=\"https:\/\/lyonbondyblog.fr\/LBB\/wp-content\/uploads\/2014\/02\/5-Rencontre-B.-Stora-16.5.13-13-239x300.jpeg\" srcset=\"https:\/\/lyonbondyblog.fr\/LBB\/wp-content\/uploads\/2014\/02\/5-Rencontre-B.-Stora-16.5.13-13-239x300.jpeg 239w, https:\/\/lyonbondyblog.fr\/LBB\/wp-content\/uploads\/2014\/02\/5-Rencontre-B.-Stora-16.5.13-13-818x1024.jpeg 818w, https:\/\/lyonbondyblog.fr\/LBB\/wp-content\/uploads\/2014\/02\/5-Rencontre-B.-Stora-16.5.13-13-940x1175.jpeg 940w, https:\/\/lyonbondyblog.fr\/LBB\/wp-content\/uploads\/2014\/02\/5-Rencontre-B.-Stora-16.5.13-13.jpeg 960w\" sizes=\"auto, (max-width: 239px) 100vw, 239px\" \/>l&rsquo;\u00e9tablissement, des nombreuses manifestations de soutien se succ\u00e8dent, obligeant le g\u00e9n\u00e9ral De Gaulle \u00e0 promettre la reconnaissance du statut d&rsquo;objecteur de conscience. Le 21 d\u00e9cembre 1963, le gouvernement fran\u00e7ais adopte le texte. Triomphaliste, Louis Lecoin d\u00e9clare \u00a0\u00bb Je suis le seul homme \u00e0 avoir fait plier le G\u00e9n\u00e9ral.\u00a0\u00bb En France, la fin de la conscription obligatoire, en 2001, marque une victoire pour le mouvement antimilitariste.<\/p>\n<p>\u00ab\u00a0<em>L\u2019objection de conscience 1963\/2013 en France et en Europe.<\/em>\u00a0\u00bb\u00a0Intervention de Maurice Montet, secr\u00e9taire national de l&rsquo;Union Pacifiste de France ( 19.00&Prime;)<\/p>\n<div id=\"mp3jWrap_0\" class=\"mjp-s-wrapper s-graphic unsel-mjp \" style=\"font-size:18px;\"><span id=\"playpause_wrap_mp3j_0\" class=\"wrap_inline_mp3j\" style=\"font-weight:700;\"><span class=\"gfxbutton_mp3j play-mjp\" id=\"playpause_mp3j_0\" style=\"font-size:18px;\">&nbsp;&nbsp;&nbsp;&nbsp;&nbsp;<\/span>&nbsp;<span class=\"group_wrap\"><span class=\"bars_mp3j\"><span class=\"loadB_mp3j\" id=\"load_mp3j_0\"><\/span><span class=\"posbarB_mp3j\" id=\"posbar_mp3j_0\"><\/span><\/span><span class=\"T_mp3j\" id=\"T_mp3j_0\" style=\"font-size:18px;\">Intervention-deMaurice-Montet-secr\u00e9taire-national-de-l\u2019Union-Pacifiste-de-France<\/span><span class=\"indi_mp3j\" style=\"font-size:12.6px;\" id=\"statusMI_0\"><\/span><\/span><span class=\"vol_mp3j flipped\" id=\"vol_mp3j_0\"><\/span><\/span><\/div><span class=\"s-nosolution\" id=\"mp3j_nosolution_0\" style=\"display:none;\"><\/span><script>\nMP3jPLAYLISTS.inline_0 = [\n\t{ name: \"Intervention-deMaurice-Montet-secr\u00e9taire-national-de-l\u2019Union-Pacifiste-de-France\", formats: [\"mp3\"], mp3: \"aHR0cHM6Ly9seW9uYm9uZHlibG9nLmZyL0xCQi93cC1jb250ZW50L3VwbG9hZHMvMjAxNC8wMi9JbnRlcnZlbnRpb24tZGVNYXVyaWNlLU1vbnRldC1zZWNyw6l0YWlyZS1uYXRpb25hbC1kZS1s4oCZVW5pb24tUGFjaWZpc3RlLWRlLUZyYW5jZS5tcDM=\", counterpart:\"\", artist: \"\", image: \"\", imgurl: \"\" }\n];\n<\/script>\n\n<script>MP3jPLAYERS[0] = { list: MP3jPLAYLISTS.inline_0, tr:0, type:'single', lstate:'', loop:false, play_txt:'&nbsp;&nbsp;&nbsp;&nbsp;&nbsp;', pause_txt:'&nbsp;&nbsp;&nbsp;&nbsp;&nbsp;', pp_title:'', autoplay:false, download:false, vol:85, height:'' };<\/script>\n<p>Le combat des objecteurs de conscience n&rsquo;est pas franco-fran\u00e7ais et \u00e0 une vocation internationale. Avant la France, des pays ont reconnus les objecteurs, \u00e0 l&rsquo;instar de la Grande-Bretagne d\u00e8s 1917.<br \/>\nLe Parlement europ\u00e9en vote une r\u00e9solution en 1983 tandis, que le 10 mars 1987, l&rsquo;ONU adopte un texte reconnaissant les objecteurs de conscience.<br \/>\nCes dispositifs l\u00e9gislatifs internationaux permettent aux comit\u00e9s de soutien de lutter pour faire lib\u00e9rer les r\u00e9fractaires. Car, encore aujourd&rsquo;hui, le combat continu dans de nombreux pays, comme en Colombie, Erythr\u00e9, Isra\u00ebl&#8230;<br \/>\nPour conclure son intervention, Maurice Montet d\u00e9clare : \u00a0\u00bb Tant qu&rsquo;il y aura un insoumis ou un objecteur en prison dans le monde, nous serons mobilis\u00e9s.<\/p>\n<p>Dans la deuxi\u00e8me partie,\u00a0 Patrice Bouveret revient sur l&rsquo;origine du terme objecteur de conscience, \u00a0\u00bb d&rsquo;origine anglaise, utilis\u00e9 pour la premi\u00e8re fois en Afrique du Sud au d\u00e9but XX si\u00e8cle, par un g\u00e9n\u00e9ral britannique pour d\u00e9signer Gandhi et ses partisans qui luttaient pour le droit des immigr\u00e9s Indiens dans les colonies anglaises\u00a0\u00bb.<\/p>\n<p><em>\u00ab\u00a0Quelle r\u00e9sistance \u00e0 la militarisation en 2014\u00a0?\u00a0\u00bb\u00a0Intervention de Patrice Bouveret, directeur de l&rsquo;observatoire des armements. 9,50&Prime;<\/em><\/p>\n<div id=\"mp3jWrap_1\" class=\"mjp-s-wrapper s-graphic unsel-mjp \" style=\"font-size:18px;\"><span id=\"playpause_wrap_mp3j_1\" class=\"wrap_inline_mp3j\" style=\"font-weight:700;\"><span class=\"gfxbutton_mp3j play-mjp\" id=\"playpause_mp3j_1\" style=\"font-size:18px;\">&nbsp;&nbsp;&nbsp;&nbsp;&nbsp;<\/span>&nbsp;<span class=\"group_wrap\"><span class=\"bars_mp3j\"><span class=\"loadB_mp3j\" id=\"load_mp3j_1\"><\/span><span class=\"posbarB_mp3j\" id=\"posbar_mp3j_1\"><\/span><\/span><span class=\"T_mp3j\" id=\"T_mp3j_1\" style=\"font-size:18px;\">Patrice-Bouveret-directeur-de-l\u2019observatoire-des-armements-objecteur9.50\uf020<\/span><span class=\"indi_mp3j\" style=\"font-size:12.6px;\" id=\"statusMI_1\"><\/span><\/span><span class=\"vol_mp3j flipped\" id=\"vol_mp3j_1\"><\/span><\/span><\/div><span class=\"s-nosolution\" id=\"mp3j_nosolution_1\" style=\"display:none;\"><\/span><script>\nMP3jPLAYLISTS.inline_1 = [\n\t{ name: \"Patrice-Bouveret-directeur-de-l\u2019observatoire-des-armements-objecteur9.50\uf020\", formats: [\"mp3\"], mp3: \"aHR0cHM6Ly9seW9uYm9uZHlibG9nLmZyL0xCQi93cC1jb250ZW50L3VwbG9hZHMvMjAxNC8wMi9QYXRyaWNlLUJvdXZlcmV0LWRpcmVjdGV1ci1kZS1s4oCZb2JzZXJ2YXRvaXJlLWRlcy1hcm1lbWVudHMtb2JqZWN0ZXVyOS41MO+AoC5tcDM=\", counterpart:\"\", artist: \"\", image: \"\", imgurl: \"\" }\n];\n<\/script>\n\n<script>MP3jPLAYERS[1] = { list: MP3jPLAYLISTS.inline_1, tr:0, type:'single', lstate:'', loop:false, play_txt:'&nbsp;&nbsp;&nbsp;&nbsp;&nbsp;', pause_txt:'&nbsp;&nbsp;&nbsp;&nbsp;&nbsp;', pp_title:'', autoplay:false, download:false, vol:85, height:'' };<\/script>\n<p>Le directeur de l&rsquo;Observatoire des armements met en avant le caract\u00e8re collectif de la lutte. Il s&rsquo;interroge aussi sur \u00ab\u00a0quelle r\u00e9sistance en 2014&Prime;. Il juge la fin de la conscription comme une victoire au go\u00fbt am\u00e8re : \u00a0\u00bb Les citoyens sont\u00a0d\u00e9sormais moins impliqu\u00e9s, se posent moins de questions, comme sur l&rsquo;exportation d&rsquo;armes, le budget militaire ou la politique nucl\u00e9aire militaire fran\u00e7aise \u00ab\u00a0. In fine, il se questionne sur comment faire pour, aujourd&rsquo;hui, remettre la question militaire au coeur du d\u00e9bat.<\/p>\n<!-- AddThis Advanced Settings generic via filter on the_content --><!-- AddThis Share Buttons generic via filter on the_content -->","protected":false},"excerpt":{"rendered":"<p>Dans le cadre du Cycle l\u2019Archipel des R\u00e9sistances, co-organis\u00e9 par La Maison des Passages, Mediapart, Camedia (l\u2019association des lecteurs de Mediapart) et le Lyon Bondy &hellip; <!-- AddThis Advanced Settings generic via filter on wp_trim_excerpt --><!-- AddThis Share Buttons generic via filter on wp_trim_excerpt --><\/p>\n","protected":false},"author":11,"featured_media":5856,"comment_status":"open","ping_status":"open","sticky":false,"template":"","format":"standard","meta":{"_FSMCFIC_featured_image_caption":"","_FSMCFIC_featured_image_nocaption":"","_FSMCFIC_featured_image_hide":"","footnotes":""},"categories":[2],"tags":[1042,1022,435,1043,410,840,575,112,23],"class_list":["post-5854","post","type-post","status-publish","format-standard","has-post-thumbnail","hentry","category-societe","tag-albert-camus","tag-antimilitarisme","tag-association","tag-guerre-dalgerie","tag-international-2","tag-israel","tag-la-maison-des-passages","tag-lyon-bondy-blog","tag-mediapart"],"yoast_head":"<!-- This site is optimized with the Yoast SEO plugin v22.8 - https:\/\/yoast.com\/wordpress\/plugins\/seo\/ -->\n<title>Quel antimilitarisme et quel pacifisme aujourd&#039;hui ? - Lyon Bondy Blog<\/title>\n<meta name=\"robots\" content=\"index, follow, max-snippet:-1, max-image-preview:large, max-video-preview:-1\" \/>\n<link rel=\"canonical\" href=\"https:\/\/lyonbondyblog.fr\/LBB\/quel-antimilitarisme-et-quel-pacifisme-aujourdhui\/\" \/>\n<meta property=\"og:locale\" content=\"fr_FR\" \/>\n<meta property=\"og:type\" content=\"article\" \/>\n<meta property=\"og:title\" content=\"Quel antimilitarisme et quel pacifisme aujourd&#039;hui ? - Lyon Bondy Blog\" \/>\n<meta property=\"og:description\" content=\"Dans le cadre du Cycle l\u2019Archipel des R\u00e9sistances, co-organis\u00e9 par La Maison des Passages, Mediapart, Camedia (l\u2019association des lecteurs de Mediapart) et le Lyon Bondy &hellip;\" \/>\n<meta property=\"og:url\" content=\"https:\/\/lyonbondyblog.fr\/LBB\/quel-antimilitarisme-et-quel-pacifisme-aujourdhui\/\" \/>\n<meta property=\"og:site_name\" content=\"Lyon Bondy Blog\" \/>\n<meta property=\"article:publisher\" content=\"https:\/\/www.facebook.com\/lyonbondyblog\" \/>\n<meta property=\"article:published_time\" content=\"2014-02-18T15:12:42+00:00\" \/>\n<meta property=\"article:modified_time\" content=\"2014-02-20T14:37:30+00:00\" \/>\n<meta property=\"og:image\" content=\"https:\/\/lyonbondyblog.fr\/LBB\/wp-content\/uploads\/2014\/02\/pacifisme-antimilitarisme.jpg\" \/>\n\t<meta property=\"og:image:width\" content=\"600\" \/>\n\t<meta property=\"og:image:height\" content=\"400\" \/>\n\t<meta property=\"og:image:type\" content=\"image\/jpeg\" \/>\n<meta name=\"author\" content=\"Maxime Hanssen\" \/>\n<meta name=\"twitter:card\" content=\"summary_large_image\" \/>\n<meta name=\"twitter:creator\" content=\"@HanssenMaxime\" \/>\n<meta name=\"twitter:site\" content=\"@bondybloglyon\" \/>\n<script type=\"application\/ld+json\" class=\"yoast-schema-graph\">{\"@context\":\"https:\/\/schema.org\",\"@graph\":[{\"@type\":\"Article\",\"@id\":\"https:\/\/lyonbondyblog.fr\/LBB\/quel-antimilitarisme-et-quel-pacifisme-aujourdhui\/#article\",\"isPartOf\":{\"@id\":\"https:\/\/lyonbondyblog.fr\/LBB\/quel-antimilitarisme-et-quel-pacifisme-aujourdhui\/\"},\"author\":{\"name\":\"Maxime Hanssen\",\"@id\":\"https:\/\/lyonbondyblog.fr\/LBB\/#\/schema\/person\/cc7d2de10d3ff4c29231fcdd3dc720c8\"},\"headline\":\"Quel antimilitarisme et quel pacifisme aujourd&rsquo;hui ?\",\"datePublished\":\"2014-02-18T15:12:42+00:00\",\"dateModified\":\"2014-02-20T14:37:30+00:00\",\"mainEntityOfPage\":{\"@id\":\"https:\/\/lyonbondyblog.fr\/LBB\/quel-antimilitarisme-et-quel-pacifisme-aujourdhui\/\"},\"wordCount\":544,\"commentCount\":0,\"publisher\":{\"@id\":\"https:\/\/lyonbondyblog.fr\/LBB\/#organization\"},\"image\":{\"@id\":\"https:\/\/lyonbondyblog.fr\/LBB\/quel-antimilitarisme-et-quel-pacifisme-aujourdhui\/#primaryimage\"},\"thumbnailUrl\":\"https:\/\/lyonbondyblog.fr\/LBB\/wp-content\/uploads\/2014\/02\/pacifisme-antimilitarisme.jpg\",\"keywords\":[\"Albert Camus\",\"antimilitarisme\",\"association\",\"guerre d'Alg\u00e9rie\",\"international\",\"Isra\u00ebl\",\"La maison des passages\",\"Lyon Bondy Blog\",\"mediapart\"],\"articleSection\":[\"Soci\u00e9t\u00e9\"],\"inLanguage\":\"fr-FR\",\"potentialAction\":[{\"@type\":\"CommentAction\",\"name\":\"Comment\",\"target\":[\"https:\/\/lyonbondyblog.fr\/LBB\/quel-antimilitarisme-et-quel-pacifisme-aujourdhui\/#respond\"]}]},{\"@type\":\"WebPage\",\"@id\":\"https:\/\/lyonbondyblog.fr\/LBB\/quel-antimilitarisme-et-quel-pacifisme-aujourdhui\/\",\"url\":\"https:\/\/lyonbondyblog.fr\/LBB\/quel-antimilitarisme-et-quel-pacifisme-aujourdhui\/\",\"name\":\"Quel antimilitarisme et quel pacifisme aujourd'hui ? - Lyon Bondy Blog\",\"isPartOf\":{\"@id\":\"https:\/\/lyonbondyblog.fr\/LBB\/#website\"},\"primaryImageOfPage\":{\"@id\":\"https:\/\/lyonbondyblog.fr\/LBB\/quel-antimilitarisme-et-quel-pacifisme-aujourdhui\/#primaryimage\"},\"image\":{\"@id\":\"https:\/\/lyonbondyblog.fr\/LBB\/quel-antimilitarisme-et-quel-pacifisme-aujourdhui\/#primaryimage\"},\"thumbnailUrl\":\"https:\/\/lyonbondyblog.fr\/LBB\/wp-content\/uploads\/2014\/02\/pacifisme-antimilitarisme.jpg\",\"datePublished\":\"2014-02-18T15:12:42+00:00\",\"dateModified\":\"2014-02-20T14:37:30+00:00\",\"inLanguage\":\"fr-FR\",\"potentialAction\":[{\"@type\":\"ReadAction\",\"target\":[\"https:\/\/lyonbondyblog.fr\/LBB\/quel-antimilitarisme-et-quel-pacifisme-aujourdhui\/\"]}]},{\"@type\":\"ImageObject\",\"inLanguage\":\"fr-FR\",\"@id\":\"https:\/\/lyonbondyblog.fr\/LBB\/quel-antimilitarisme-et-quel-pacifisme-aujourdhui\/#primaryimage\",\"url\":\"https:\/\/lyonbondyblog.fr\/LBB\/wp-content\/uploads\/2014\/02\/pacifisme-antimilitarisme.jpg\",\"contentUrl\":\"https:\/\/lyonbondyblog.fr\/LBB\/wp-content\/uploads\/2014\/02\/pacifisme-antimilitarisme.jpg\",\"width\":600,\"height\":400},{\"@type\":\"WebSite\",\"@id\":\"https:\/\/lyonbondyblog.fr\/LBB\/#website\",\"url\":\"https:\/\/lyonbondyblog.fr\/LBB\/\",\"name\":\"Lyon Bondy Blog\",\"description\":\"\",\"publisher\":{\"@id\":\"https:\/\/lyonbondyblog.fr\/LBB\/#organization\"},\"potentialAction\":[{\"@type\":\"SearchAction\",\"target\":{\"@type\":\"EntryPoint\",\"urlTemplate\":\"https:\/\/lyonbondyblog.fr\/LBB\/?s={search_term_string}\"},\"query-input\":\"required name=search_term_string\"}],\"inLanguage\":\"fr-FR\"},{\"@type\":\"Organization\",\"@id\":\"https:\/\/lyonbondyblog.fr\/LBB\/#organization\",\"name\":\"LYON BONDY BLOG\",\"url\":\"https:\/\/lyonbondyblog.fr\/LBB\/\",\"logo\":{\"@type\":\"ImageObject\",\"inLanguage\":\"fr-FR\",\"@id\":\"https:\/\/lyonbondyblog.fr\/LBB\/#\/schema\/logo\/image\/\",\"url\":\"http:\/\/lyonbondyblog.fr\/LBB\/wp-content\/uploads\/2014\/10\/logo-portable-144.png\",\"contentUrl\":\"http:\/\/lyonbondyblog.fr\/LBB\/wp-content\/uploads\/2014\/10\/logo-portable-144.png\",\"width\":144,\"height\":123,\"caption\":\"LYON BONDY BLOG\"},\"image\":{\"@id\":\"https:\/\/lyonbondyblog.fr\/LBB\/#\/schema\/logo\/image\/\"},\"sameAs\":[\"https:\/\/www.facebook.com\/lyonbondyblog\",\"https:\/\/x.com\/bondybloglyon\"]},{\"@type\":\"Person\",\"@id\":\"https:\/\/lyonbondyblog.fr\/LBB\/#\/schema\/person\/cc7d2de10d3ff4c29231fcdd3dc720c8\",\"name\":\"Maxime Hanssen\",\"description\":\"Ex Service civique au #LBB. Dipl\u00f4m\u00e9 d'une ma\u00eetrise d'Histoire apr\u00e8s un m\u00e9moire de recherche sur l'histoire politique de la Hongrie. Journaliste \u00e0 Acteurs de l'\u00e9conomie - La Tribune. En formation professionnelle \u00e0 l'ESJ Lille Pro. Contributeur \u00e9ternel au LBB et citoyen europ\u00e9en.\",\"sameAs\":[\"https:\/\/x.com\/HanssenMaxime\"],\"url\":\"https:\/\/lyonbondyblog.fr\/LBB\/author\/maxime\/\"}]}<\/script>\n<!-- \/ Yoast SEO plugin. -->","yoast_head_json":{"title":"Quel antimilitarisme et quel pacifisme aujourd'hui ? - Lyon Bondy Blog","robots":{"index":"index","follow":"follow","max-snippet":"max-snippet:-1","max-image-preview":"max-image-preview:large","max-video-preview":"max-video-preview:-1"},"canonical":"https:\/\/lyonbondyblog.fr\/LBB\/quel-antimilitarisme-et-quel-pacifisme-aujourdhui\/","og_locale":"fr_FR","og_type":"article","og_title":"Quel antimilitarisme et quel pacifisme aujourd'hui ? - Lyon Bondy Blog","og_description":"Dans le cadre du Cycle l\u2019Archipel des R\u00e9sistances, co-organis\u00e9 par La Maison des Passages, Mediapart, Camedia (l\u2019association des lecteurs de Mediapart) et le Lyon Bondy &hellip;","og_url":"https:\/\/lyonbondyblog.fr\/LBB\/quel-antimilitarisme-et-quel-pacifisme-aujourdhui\/","og_site_name":"Lyon Bondy Blog","article_publisher":"https:\/\/www.facebook.com\/lyonbondyblog","article_published_time":"2014-02-18T15:12:42+00:00","article_modified_time":"2014-02-20T14:37:30+00:00","og_image":[{"width":600,"height":400,"url":"https:\/\/lyonbondyblog.fr\/LBB\/wp-content\/uploads\/2014\/02\/pacifisme-antimilitarisme.jpg","type":"image\/jpeg"}],"author":"Maxime Hanssen","twitter_card":"summary_large_image","twitter_creator":"@HanssenMaxime","twitter_site":"@bondybloglyon","schema":{"@context":"https:\/\/schema.org","@graph":[{"@type":"Article","@id":"https:\/\/lyonbondyblog.fr\/LBB\/quel-antimilitarisme-et-quel-pacifisme-aujourdhui\/#article","isPartOf":{"@id":"https:\/\/lyonbondyblog.fr\/LBB\/quel-antimilitarisme-et-quel-pacifisme-aujourdhui\/"},"author":{"name":"Maxime Hanssen","@id":"https:\/\/lyonbondyblog.fr\/LBB\/#\/schema\/person\/cc7d2de10d3ff4c29231fcdd3dc720c8"},"headline":"Quel antimilitarisme et quel pacifisme aujourd&rsquo;hui ?","datePublished":"2014-02-18T15:12:42+00:00","dateModified":"2014-02-20T14:37:30+00:00","mainEntityOfPage":{"@id":"https:\/\/lyonbondyblog.fr\/LBB\/quel-antimilitarisme-et-quel-pacifisme-aujourdhui\/"},"wordCount":544,"commentCount":0,"publisher":{"@id":"https:\/\/lyonbondyblog.fr\/LBB\/#organization"},"image":{"@id":"https:\/\/lyonbondyblog.fr\/LBB\/quel-antimilitarisme-et-quel-pacifisme-aujourdhui\/#primaryimage"},"thumbnailUrl":"https:\/\/lyonbondyblog.fr\/LBB\/wp-content\/uploads\/2014\/02\/pacifisme-antimilitarisme.jpg","keywords":["Albert Camus","antimilitarisme","association","guerre d'Alg\u00e9rie","international","Isra\u00ebl","La maison des passages","Lyon Bondy Blog","mediapart"],"articleSection":["Soci\u00e9t\u00e9"],"inLanguage":"fr-FR","potentialAction":[{"@type":"CommentAction","name":"Comment","target":["https:\/\/lyonbondyblog.fr\/LBB\/quel-antimilitarisme-et-quel-pacifisme-aujourdhui\/#respond"]}]},{"@type":"WebPage","@id":"https:\/\/lyonbondyblog.fr\/LBB\/quel-antimilitarisme-et-quel-pacifisme-aujourdhui\/","url":"https:\/\/lyonbondyblog.fr\/LBB\/quel-antimilitarisme-et-quel-pacifisme-aujourdhui\/","name":"Quel antimilitarisme et quel pacifisme aujourd'hui ? - Lyon Bondy Blog","isPartOf":{"@id":"https:\/\/lyonbondyblog.fr\/LBB\/#website"},"primaryImageOfPage":{"@id":"https:\/\/lyonbondyblog.fr\/LBB\/quel-antimilitarisme-et-quel-pacifisme-aujourdhui\/#primaryimage"},"image":{"@id":"https:\/\/lyonbondyblog.fr\/LBB\/quel-antimilitarisme-et-quel-pacifisme-aujourdhui\/#primaryimage"},"thumbnailUrl":"https:\/\/lyonbondyblog.fr\/LBB\/wp-content\/uploads\/2014\/02\/pacifisme-antimilitarisme.jpg","datePublished":"2014-02-18T15:12:42+00:00","dateModified":"2014-02-20T14:37:30+00:00","inLanguage":"fr-FR","potentialAction":[{"@type":"ReadAction","target":["https:\/\/lyonbondyblog.fr\/LBB\/quel-antimilitarisme-et-quel-pacifisme-aujourdhui\/"]}]},{"@type":"ImageObject","inLanguage":"fr-FR","@id":"https:\/\/lyonbondyblog.fr\/LBB\/quel-antimilitarisme-et-quel-pacifisme-aujourdhui\/#primaryimage","url":"https:\/\/lyonbondyblog.fr\/LBB\/wp-content\/uploads\/2014\/02\/pacifisme-antimilitarisme.jpg","contentUrl":"https:\/\/lyonbondyblog.fr\/LBB\/wp-content\/uploads\/2014\/02\/pacifisme-antimilitarisme.jpg","width":600,"height":400},{"@type":"WebSite","@id":"https:\/\/lyonbondyblog.fr\/LBB\/#website","url":"https:\/\/lyonbondyblog.fr\/LBB\/","name":"Lyon Bondy Blog","description":"","publisher":{"@id":"https:\/\/lyonbondyblog.fr\/LBB\/#organization"},"potentialAction":[{"@type":"SearchAction","target":{"@type":"EntryPoint","urlTemplate":"https:\/\/lyonbondyblog.fr\/LBB\/?s={search_term_string}"},"query-input":"required name=search_term_string"}],"inLanguage":"fr-FR"},{"@type":"Organization","@id":"https:\/\/lyonbondyblog.fr\/LBB\/#organization","name":"LYON BONDY BLOG","url":"https:\/\/lyonbondyblog.fr\/LBB\/","logo":{"@type":"ImageObject","inLanguage":"fr-FR","@id":"https:\/\/lyonbondyblog.fr\/LBB\/#\/schema\/logo\/image\/","url":"http:\/\/lyonbondyblog.fr\/LBB\/wp-content\/uploads\/2014\/10\/logo-portable-144.png","contentUrl":"http:\/\/lyonbondyblog.fr\/LBB\/wp-content\/uploads\/2014\/10\/logo-portable-144.png","width":144,"height":123,"caption":"LYON BONDY BLOG"},"image":{"@id":"https:\/\/lyonbondyblog.fr\/LBB\/#\/schema\/logo\/image\/"},"sameAs":["https:\/\/www.facebook.com\/lyonbondyblog","https:\/\/x.com\/bondybloglyon"]},{"@type":"Person","@id":"https:\/\/lyonbondyblog.fr\/LBB\/#\/schema\/person\/cc7d2de10d3ff4c29231fcdd3dc720c8","name":"Maxime Hanssen","description":"Ex Service civique au #LBB. Dipl\u00f4m\u00e9 d'une ma\u00eetrise d'Histoire apr\u00e8s un m\u00e9moire de recherche sur l'histoire politique de la Hongrie. Journaliste \u00e0 Acteurs de l'\u00e9conomie - La Tribune. En formation professionnelle \u00e0 l'ESJ Lille Pro. Contributeur \u00e9ternel au LBB et citoyen europ\u00e9en.","sameAs":["https:\/\/x.com\/HanssenMaxime"],"url":"https:\/\/lyonbondyblog.fr\/LBB\/author\/maxime\/"}]}},"_links":{"self":[{"href":"https:\/\/lyonbondyblog.fr\/LBB\/wp-json\/wp\/v2\/posts\/5854","targetHints":{"allow":["GET"]}}],"collection":[{"href":"https:\/\/lyonbondyblog.fr\/LBB\/wp-json\/wp\/v2\/posts"}],"about":[{"href":"https:\/\/lyonbondyblog.fr\/LBB\/wp-json\/wp\/v2\/types\/post"}],"author":[{"embeddable":true,"href":"https:\/\/lyonbondyblog.fr\/LBB\/wp-json\/wp\/v2\/users\/11"}],"replies":[{"embeddable":true,"href":"https:\/\/lyonbondyblog.fr\/LBB\/wp-json\/wp\/v2\/comments?post=5854"}],"version-history":[{"count":0,"href":"https:\/\/lyonbondyblog.fr\/LBB\/wp-json\/wp\/v2\/posts\/5854\/revisions"}],"wp:featuredmedia":[{"embeddable":true,"href":"https:\/\/lyonbondyblog.fr\/LBB\/wp-json\/wp\/v2\/media\/5856"}],"wp:attachment":[{"href":"https:\/\/lyonbondyblog.fr\/LBB\/wp-json\/wp\/v2\/media?parent=5854"}],"wp:term":[{"taxonomy":"category","embeddable":true,"href":"https:\/\/lyonbondyblog.fr\/LBB\/wp-json\/wp\/v2\/categories?post=5854"},{"taxonomy":"post_tag","embeddable":true,"href":"https:\/\/lyonbondyblog.fr\/LBB\/wp-json\/wp\/v2\/tags?post=5854"}],"curies":[{"name":"wp","href":"https:\/\/api.w.org\/{rel}","templated":true}]}}