{"id":5841,"date":"2014-02-17T19:46:55","date_gmt":"2014-02-17T18:46:55","guid":{"rendered":"http:\/\/lyonbondyblog.fr\/LBB\/?p=5841"},"modified":"2014-02-17T19:46:55","modified_gmt":"2014-02-17T18:46:55","slug":"albert-camus-notre-contemporain-rencontre-avec-benjamin-stora","status":"publish","type":"post","link":"https:\/\/lyonbondyblog.fr\/LBB\/albert-camus-notre-contemporain-rencontre-avec-benjamin-stora\/","title":{"rendered":"Albert Camus, notre contemporain. Rencontre avec Benjamin Stora"},"content":{"rendered":"<p><strong>Benjamin Stora \u00e9tait pr\u00e9sent \u00e0 la Maison des Passages, le 16 mai 2013, pour un temps d\u2019\u00e9changes et de d\u00e9bat sur le th\u00e8me\u00a0: \u00ab\u00a0R\u00e9sister, c\u2019est cr\u00e9er\u00a0\u00bb. Retour en vid\u00e9o sur l\u2019\u00e9v\u00e9nement.<\/strong><\/p>\n<figure id=\"attachment_5847\" aria-describedby=\"caption-attachment-5847\" style=\"width: 300px\" class=\"wp-caption alignleft\"><img loading=\"lazy\" decoding=\"async\" class=\"size-medium wp-image-5847 \" title=\"3 Rencontre B. Stora 16.5.13-6\" alt=\"\" src=\"https:\/\/lyonbondyblog.fr\/LBB\/wp-content\/uploads\/2014\/02\/3-Rencontre-B.-Stora-16.5.13-6-300x200.jpeg\" width=\"300\" height=\"200\" srcset=\"https:\/\/lyonbondyblog.fr\/LBB\/wp-content\/uploads\/2014\/02\/3-Rencontre-B.-Stora-16.5.13-6-300x200.jpeg 300w, https:\/\/lyonbondyblog.fr\/LBB\/wp-content\/uploads\/2014\/02\/3-Rencontre-B.-Stora-16.5.13-6-1024x684.jpeg 1024w, https:\/\/lyonbondyblog.fr\/LBB\/wp-content\/uploads\/2014\/02\/3-Rencontre-B.-Stora-16.5.13-6-940x628.jpeg 940w, https:\/\/lyonbondyblog.fr\/LBB\/wp-content\/uploads\/2014\/02\/3-Rencontre-B.-Stora-16.5.13-6.jpeg 1280w\" sizes=\"auto, (max-width: 300px) 100vw, 300px\" \/><figcaption id=\"caption-attachment-5847\" class=\"wp-caption-text\">cr\u00e9dit : Denis Lafontaine<\/figcaption><\/figure>\n<p><b>Benjamin Stora<\/b>, n\u00e9 \u00e0 <a title=\"Constantine (Alg\u00e9rie)\" href=\"http:\/\/fr.wikipedia.org\/wiki\/Constantine_%28Alg%C3%A9rie%29\">Constantine<\/a> en <a title=\"Alg\u00e9rie fran\u00e7aise\" href=\"http:\/\/fr.wikipedia.org\/wiki\/Alg%C3%A9rie_fran%C3%A7aise\">Alg\u00e9rie<\/a> est un historien fran\u00e7ais et Professeur des universit\u00e9s. Il enseigne notamment l\u2019histoire du Maghreb contemporain (XIXe et XXe si\u00e8cles), les guerres de d\u00e9colonisations, et l\u2019histoire de l\u2019immigration maghr\u00e9bine en Europe, \u00e0 l\u2019Universit\u00e9 Paris 13 et \u00e0 l\u2019INALCO (Langues Orientales, Paris). Docteur en sociologie (1978), et Docteur d\u2019Etat en Histoire (1991), il est \u00e9galement fondateur et le responsable scientifique de l\u2019Institut Maghreb-Europe.<\/p>\n<p>Parmi la trentaine d\u2019ouvrages qu\u2019il a publi\u00e9, on retient particuli\u00e8rement : <strong><i>La gangr\u00e8ne et l\u2019oubli<\/i><\/strong><strong>, <\/strong><em><b>la m\u00e9moire de la guerre d\u2019Alg\u00e9rie<\/b><\/em> (La D\u00e9couverte, 1991) ; <strong><i>Appel\u00e9s en guerre d\u2019Alg\u00e9rie<\/i><\/strong><em> <\/em>(Gallimard, 1997) ; <strong><i>Alg\u00e9rie, la guerre invisible<\/i><\/strong><strong>,<\/strong> Ed Presses de Sciences Po (2000).<\/p>\n<p>Benjamin Stora aborde l\u2019enfance d\u2019Albert Camus. Une enfance pass\u00e9e dans un \u00ab\u00a0<i>milieu de femmes<\/i>\u00a0\u00bb, puisqu\u2019il perd son p\u00e8re jeune et grandi avec sa m\u00e8re et sa grand-m\u00e8re dans des conditions sociales difficiles. Selon l\u2019historien, \u00ab\u00a0la question de la pauvret\u00e9 et de la mis\u00e8re sociale va marquer profond\u00e9ment toute la trajectoire d\u2019Albert Camus. Il revendique m\u00eame cette origine sociale et appr\u00e9hende la question de l\u2019Alg\u00e9rie par la mis\u00e8re sociale\u00a0\u00bb.<\/p>\n<h2>La rencontre \u00ab\u00a0extraordinaire\u00a0\u00bb avec Louis Germain, son instituteur<\/h2>\n<p>Louis Germain d\u00e9c\u00e8le rapidement les qualit\u00e9s intellectuelles de son \u00e9l\u00e8ve et pousse Albert Camus \u00e0 poursuivre ses \u00e9tudes malgr\u00e9 son milieu extr\u00eamement pauvre. Gr\u00e2ce \u00e0 cet instituteur, Albert Camus entre au lyc\u00e9e, passe son baccalaur\u00e9at. La tuberculose qui le frappe jeune l\u2019emp\u00eachera pourtant de passer certains concours comme l\u2019agr\u00e9gation et de s\u2019enr\u00f4ler pour la seconde guerre mondiale.<\/p>\n<figure id=\"attachment_5846\" aria-describedby=\"caption-attachment-5846\" style=\"width: 239px\" class=\"wp-caption alignright\"><img loading=\"lazy\" decoding=\"async\" class=\"size-medium wp-image-5846\" alt=\"\" src=\"https:\/\/lyonbondyblog.fr\/LBB\/wp-content\/uploads\/2014\/02\/5-Rencontre-B.-Stora-16.5.13-13-239x300.jpeg\" width=\"239\" height=\"300\" srcset=\"https:\/\/lyonbondyblog.fr\/LBB\/wp-content\/uploads\/2014\/02\/5-Rencontre-B.-Stora-16.5.13-13-239x300.jpeg 239w, https:\/\/lyonbondyblog.fr\/LBB\/wp-content\/uploads\/2014\/02\/5-Rencontre-B.-Stora-16.5.13-13-818x1024.jpeg 818w, https:\/\/lyonbondyblog.fr\/LBB\/wp-content\/uploads\/2014\/02\/5-Rencontre-B.-Stora-16.5.13-13-940x1175.jpeg 940w, https:\/\/lyonbondyblog.fr\/LBB\/wp-content\/uploads\/2014\/02\/5-Rencontre-B.-Stora-16.5.13-13.jpeg 960w\" sizes=\"auto, (max-width: 239px) 100vw, 239px\" \/><figcaption id=\"caption-attachment-5846\" class=\"wp-caption-text\">cr\u00e9dit : Denis Lafontaine<\/figcaption><\/figure>\n<h2>L\u2019engagement d\u2019Albert Camus\u00a0: justice sociale ou<\/h2>\n<h2>nationalisme alg\u00e9rien\u00a0?<\/h2>\n<p>L\u2019importance que Camus donne \u00e0 la justice sociale le conduira \u00e0 s\u2019engager au parti communiste alg\u00e9rien qui repr\u00e9sente \u00e0 l\u2019\u00e9poque le mieux ce combat. Dans ce mouvement, il peut ainsi combattre l\u2019injustice sociale mais aussi l\u2019enfant de la r\u00e9publique fran\u00e7aise. En effet, ce parti comprenait une majorit\u00e9 d\u2019Alg\u00e9riens fran\u00e7ais et une minorit\u00e9 d\u2019Alg\u00e9riens musulmans, selon l\u2019expression de l\u2019\u00e9poque.<\/p>\n<h2>\u00ab\u00a0Ma premi\u00e8re rencontre avec Camus fut politique\u00a0\u00bb<\/h2>\n<p>Benjamin Stora avoue avoir connu Albert Camus par l\u2019engagement politique dans les ann\u00e9es 70, en travaillant avec des militants Trotskistes. Dans ces ann\u00e9es-l\u00e0, la question alg\u00e9rienne semblait d\u00e9pass\u00e9e et, en tant que jeune militant, Benjamin Stora a eu la chance de rencontrer la fille de Messali Hadj, fondateur du nationalisme alg\u00e9rien, et qui poss\u00e9dait les archives de son p\u00e8re. Gr\u00e2ce \u00e0 ces m\u00e9moires, Benjamin Stora devient familier avec les opposants ou soutiens de Messali. Le jeune historien de 25 ans apprend \u00e9galement qu\u2019Albert Camus avait soutenu Messali dans son combat autour de l\u2019ann\u00e9e 1956. Ce milieu de militant trotskiste, anarcho-syndicaliste se r\u00e9v\u00e8le petit. Un long d\u00e9tour pour expliquer la premi\u00e8re fois que Benjamin Stora a entendu parler de Camus autrement que comme l\u2019\u00e9crivain qu\u2019on conna\u00eet tous, lorsqu\u2019il \u00e9tait jeune militant.<\/p>\n<p><strong>\u00a0<iframe loading=\"lazy\" src=\"http:\/\/www.youtube.com\/embed\/fHBNwpDMem4?wmode=transparent\" height=\"315\" width=\"560\" allowfullscreen=\"\" frameborder=\"0\"><\/iframe><\/strong><\/p>\n<p><strong>Vid\u00e9o\u00a0: Na\u00efma Arroussi<\/strong><\/p>\n<!-- AddThis Advanced Settings generic via filter on the_content --><!-- AddThis Share Buttons generic via filter on the_content -->","protected":false},"excerpt":{"rendered":"<p>Benjamin Stora \u00e9tait pr\u00e9sent \u00e0 la Maison des Passages, le 16 mai 2013, pour un temps d\u2019\u00e9changes et de d\u00e9bat sur le th\u00e8me\u00a0: \u00ab\u00a0R\u00e9sister, c\u2019est &hellip; <!-- AddThis Advanced Settings generic via filter on wp_trim_excerpt --><!-- AddThis Share Buttons generic via filter on wp_trim_excerpt --><\/p>\n","protected":false},"author":3,"featured_media":5845,"comment_status":"open","ping_status":"open","sticky":false,"template":"","format":"standard","meta":{"_FSMCFIC_featured_image_caption":"","_FSMCFIC_featured_image_nocaption":"","_FSMCFIC_featured_image_hide":"","footnotes":""},"categories":[2],"tags":[1042,755,1041,928,1043,677,575],"class_list":["post-5841","post","type-post","status-publish","format-standard","has-post-thumbnail","hentry","category-societe","tag-albert-camus","tag-algerie","tag-benjamin-stora","tag-guerre","tag-guerre-dalgerie","tag-immigration","tag-la-maison-des-passages"],"yoast_head":"<!-- This site is optimized with the Yoast SEO plugin v22.8 - https:\/\/yoast.com\/wordpress\/plugins\/seo\/ -->\n<title>Albert Camus, notre contemporain. Rencontre avec Benjamin Stora - Lyon Bondy Blog<\/title>\n<meta name=\"robots\" content=\"index, follow, max-snippet:-1, max-image-preview:large, max-video-preview:-1\" \/>\n<link rel=\"canonical\" href=\"https:\/\/lyonbondyblog.fr\/LBB\/albert-camus-notre-contemporain-rencontre-avec-benjamin-stora\/\" \/>\n<meta property=\"og:locale\" content=\"fr_FR\" \/>\n<meta property=\"og:type\" content=\"article\" \/>\n<meta property=\"og:title\" content=\"Albert Camus, notre contemporain. Rencontre avec Benjamin Stora - Lyon Bondy Blog\" \/>\n<meta property=\"og:description\" content=\"Benjamin Stora \u00e9tait pr\u00e9sent \u00e0 la Maison des Passages, le 16 mai 2013, pour un temps d\u2019\u00e9changes et de d\u00e9bat sur le th\u00e8me\u00a0: \u00ab\u00a0R\u00e9sister, c\u2019est &hellip;\" \/>\n<meta property=\"og:url\" content=\"https:\/\/lyonbondyblog.fr\/LBB\/albert-camus-notre-contemporain-rencontre-avec-benjamin-stora\/\" \/>\n<meta property=\"og:site_name\" content=\"Lyon Bondy Blog\" \/>\n<meta property=\"article:publisher\" content=\"https:\/\/www.facebook.com\/lyonbondyblog\" \/>\n<meta property=\"article:author\" content=\"admin\" \/>\n<meta property=\"article:published_time\" content=\"2014-02-17T18:46:55+00:00\" \/>\n<meta property=\"og:image\" content=\"https:\/\/lyonbondyblog.fr\/LBB\/wp-content\/uploads\/2014\/02\/image-une-livres.jpg\" \/>\n\t<meta property=\"og:image:width\" content=\"600\" \/>\n\t<meta property=\"og:image:height\" content=\"400\" \/>\n\t<meta property=\"og:image:type\" content=\"image\/jpeg\" \/>\n<meta name=\"author\" content=\"Na\u00efma Arroussi\" \/>\n<meta name=\"twitter:card\" content=\"summary_large_image\" \/>\n<meta name=\"twitter:creator\" content=\"@bondybloglyon\" \/>\n<meta name=\"twitter:site\" content=\"@bondybloglyon\" \/>\n<script type=\"application\/ld+json\" class=\"yoast-schema-graph\">{\"@context\":\"https:\/\/schema.org\",\"@graph\":[{\"@type\":\"Article\",\"@id\":\"https:\/\/lyonbondyblog.fr\/LBB\/albert-camus-notre-contemporain-rencontre-avec-benjamin-stora\/#article\",\"isPartOf\":{\"@id\":\"https:\/\/lyonbondyblog.fr\/LBB\/albert-camus-notre-contemporain-rencontre-avec-benjamin-stora\/\"},\"author\":{\"name\":\"Na\u00efma Arroussi\",\"@id\":\"https:\/\/lyonbondyblog.fr\/LBB\/#\/schema\/person\/30588a5d219783f08c6cf2e496dc14c0\"},\"headline\":\"Albert Camus, notre contemporain. Rencontre avec Benjamin Stora\",\"datePublished\":\"2014-02-17T18:46:55+00:00\",\"dateModified\":\"2014-02-17T18:46:55+00:00\",\"mainEntityOfPage\":{\"@id\":\"https:\/\/lyonbondyblog.fr\/LBB\/albert-camus-notre-contemporain-rencontre-avec-benjamin-stora\/\"},\"wordCount\":596,\"commentCount\":0,\"publisher\":{\"@id\":\"https:\/\/lyonbondyblog.fr\/LBB\/#organization\"},\"image\":{\"@id\":\"https:\/\/lyonbondyblog.fr\/LBB\/albert-camus-notre-contemporain-rencontre-avec-benjamin-stora\/#primaryimage\"},\"thumbnailUrl\":\"https:\/\/lyonbondyblog.fr\/LBB\/wp-content\/uploads\/2014\/02\/image-une-livres.jpg\",\"keywords\":[\"Albert Camus\",\"algerie\",\"Benjamin Stora\",\"guerre\",\"guerre d'Alg\u00e9rie\",\"immigration\",\"La maison des passages\"],\"articleSection\":[\"Soci\u00e9t\u00e9\"],\"inLanguage\":\"fr-FR\",\"potentialAction\":[{\"@type\":\"CommentAction\",\"name\":\"Comment\",\"target\":[\"https:\/\/lyonbondyblog.fr\/LBB\/albert-camus-notre-contemporain-rencontre-avec-benjamin-stora\/#respond\"]}]},{\"@type\":\"WebPage\",\"@id\":\"https:\/\/lyonbondyblog.fr\/LBB\/albert-camus-notre-contemporain-rencontre-avec-benjamin-stora\/\",\"url\":\"https:\/\/lyonbondyblog.fr\/LBB\/albert-camus-notre-contemporain-rencontre-avec-benjamin-stora\/\",\"name\":\"Albert Camus, notre contemporain. Rencontre avec Benjamin Stora - Lyon Bondy Blog\",\"isPartOf\":{\"@id\":\"https:\/\/lyonbondyblog.fr\/LBB\/#website\"},\"primaryImageOfPage\":{\"@id\":\"https:\/\/lyonbondyblog.fr\/LBB\/albert-camus-notre-contemporain-rencontre-avec-benjamin-stora\/#primaryimage\"},\"image\":{\"@id\":\"https:\/\/lyonbondyblog.fr\/LBB\/albert-camus-notre-contemporain-rencontre-avec-benjamin-stora\/#primaryimage\"},\"thumbnailUrl\":\"https:\/\/lyonbondyblog.fr\/LBB\/wp-content\/uploads\/2014\/02\/image-une-livres.jpg\",\"datePublished\":\"2014-02-17T18:46:55+00:00\",\"dateModified\":\"2014-02-17T18:46:55+00:00\",\"inLanguage\":\"fr-FR\",\"potentialAction\":[{\"@type\":\"ReadAction\",\"target\":[\"https:\/\/lyonbondyblog.fr\/LBB\/albert-camus-notre-contemporain-rencontre-avec-benjamin-stora\/\"]}]},{\"@type\":\"ImageObject\",\"inLanguage\":\"fr-FR\",\"@id\":\"https:\/\/lyonbondyblog.fr\/LBB\/albert-camus-notre-contemporain-rencontre-avec-benjamin-stora\/#primaryimage\",\"url\":\"https:\/\/lyonbondyblog.fr\/LBB\/wp-content\/uploads\/2014\/02\/image-une-livres.jpg\",\"contentUrl\":\"https:\/\/lyonbondyblog.fr\/LBB\/wp-content\/uploads\/2014\/02\/image-une-livres.jpg\",\"width\":600,\"height\":400,\"caption\":\"cr\u00e9dit : Denis Lafontaine\"},{\"@type\":\"WebSite\",\"@id\":\"https:\/\/lyonbondyblog.fr\/LBB\/#website\",\"url\":\"https:\/\/lyonbondyblog.fr\/LBB\/\",\"name\":\"Lyon Bondy Blog\",\"description\":\"\",\"publisher\":{\"@id\":\"https:\/\/lyonbondyblog.fr\/LBB\/#organization\"},\"potentialAction\":[{\"@type\":\"SearchAction\",\"target\":{\"@type\":\"EntryPoint\",\"urlTemplate\":\"https:\/\/lyonbondyblog.fr\/LBB\/?s={search_term_string}\"},\"query-input\":\"required name=search_term_string\"}],\"inLanguage\":\"fr-FR\"},{\"@type\":\"Organization\",\"@id\":\"https:\/\/lyonbondyblog.fr\/LBB\/#organization\",\"name\":\"LYON BONDY BLOG\",\"url\":\"https:\/\/lyonbondyblog.fr\/LBB\/\",\"logo\":{\"@type\":\"ImageObject\",\"inLanguage\":\"fr-FR\",\"@id\":\"https:\/\/lyonbondyblog.fr\/LBB\/#\/schema\/logo\/image\/\",\"url\":\"http:\/\/lyonbondyblog.fr\/LBB\/wp-content\/uploads\/2014\/10\/logo-portable-144.png\",\"contentUrl\":\"http:\/\/lyonbondyblog.fr\/LBB\/wp-content\/uploads\/2014\/10\/logo-portable-144.png\",\"width\":144,\"height\":123,\"caption\":\"LYON BONDY BLOG\"},\"image\":{\"@id\":\"https:\/\/lyonbondyblog.fr\/LBB\/#\/schema\/logo\/image\/\"},\"sameAs\":[\"https:\/\/www.facebook.com\/lyonbondyblog\",\"https:\/\/x.com\/bondybloglyon\"]},{\"@type\":\"Person\",\"@id\":\"https:\/\/lyonbondyblog.fr\/LBB\/#\/schema\/person\/30588a5d219783f08c6cf2e496dc14c0\",\"name\":\"Na\u00efma Arroussi\",\"sameAs\":[\"admin\"],\"url\":\"https:\/\/lyonbondyblog.fr\/LBB\/author\/naima\/\"}]}<\/script>\n<!-- \/ Yoast SEO plugin. -->","yoast_head_json":{"title":"Albert Camus, notre contemporain. Rencontre avec Benjamin Stora - Lyon Bondy Blog","robots":{"index":"index","follow":"follow","max-snippet":"max-snippet:-1","max-image-preview":"max-image-preview:large","max-video-preview":"max-video-preview:-1"},"canonical":"https:\/\/lyonbondyblog.fr\/LBB\/albert-camus-notre-contemporain-rencontre-avec-benjamin-stora\/","og_locale":"fr_FR","og_type":"article","og_title":"Albert Camus, notre contemporain. Rencontre avec Benjamin Stora - Lyon Bondy Blog","og_description":"Benjamin Stora \u00e9tait pr\u00e9sent \u00e0 la Maison des Passages, le 16 mai 2013, pour un temps d\u2019\u00e9changes et de d\u00e9bat sur le th\u00e8me\u00a0: \u00ab\u00a0R\u00e9sister, c\u2019est &hellip;","og_url":"https:\/\/lyonbondyblog.fr\/LBB\/albert-camus-notre-contemporain-rencontre-avec-benjamin-stora\/","og_site_name":"Lyon Bondy Blog","article_publisher":"https:\/\/www.facebook.com\/lyonbondyblog","article_author":"admin","article_published_time":"2014-02-17T18:46:55+00:00","og_image":[{"width":600,"height":400,"url":"https:\/\/lyonbondyblog.fr\/LBB\/wp-content\/uploads\/2014\/02\/image-une-livres.jpg","type":"image\/jpeg"}],"author":"Na\u00efma Arroussi","twitter_card":"summary_large_image","twitter_creator":"@bondybloglyon","twitter_site":"@bondybloglyon","schema":{"@context":"https:\/\/schema.org","@graph":[{"@type":"Article","@id":"https:\/\/lyonbondyblog.fr\/LBB\/albert-camus-notre-contemporain-rencontre-avec-benjamin-stora\/#article","isPartOf":{"@id":"https:\/\/lyonbondyblog.fr\/LBB\/albert-camus-notre-contemporain-rencontre-avec-benjamin-stora\/"},"author":{"name":"Na\u00efma Arroussi","@id":"https:\/\/lyonbondyblog.fr\/LBB\/#\/schema\/person\/30588a5d219783f08c6cf2e496dc14c0"},"headline":"Albert Camus, notre contemporain. Rencontre avec Benjamin Stora","datePublished":"2014-02-17T18:46:55+00:00","dateModified":"2014-02-17T18:46:55+00:00","mainEntityOfPage":{"@id":"https:\/\/lyonbondyblog.fr\/LBB\/albert-camus-notre-contemporain-rencontre-avec-benjamin-stora\/"},"wordCount":596,"commentCount":0,"publisher":{"@id":"https:\/\/lyonbondyblog.fr\/LBB\/#organization"},"image":{"@id":"https:\/\/lyonbondyblog.fr\/LBB\/albert-camus-notre-contemporain-rencontre-avec-benjamin-stora\/#primaryimage"},"thumbnailUrl":"https:\/\/lyonbondyblog.fr\/LBB\/wp-content\/uploads\/2014\/02\/image-une-livres.jpg","keywords":["Albert Camus","algerie","Benjamin Stora","guerre","guerre d'Alg\u00e9rie","immigration","La maison des passages"],"articleSection":["Soci\u00e9t\u00e9"],"inLanguage":"fr-FR","potentialAction":[{"@type":"CommentAction","name":"Comment","target":["https:\/\/lyonbondyblog.fr\/LBB\/albert-camus-notre-contemporain-rencontre-avec-benjamin-stora\/#respond"]}]},{"@type":"WebPage","@id":"https:\/\/lyonbondyblog.fr\/LBB\/albert-camus-notre-contemporain-rencontre-avec-benjamin-stora\/","url":"https:\/\/lyonbondyblog.fr\/LBB\/albert-camus-notre-contemporain-rencontre-avec-benjamin-stora\/","name":"Albert Camus, notre contemporain. Rencontre avec Benjamin Stora - Lyon Bondy Blog","isPartOf":{"@id":"https:\/\/lyonbondyblog.fr\/LBB\/#website"},"primaryImageOfPage":{"@id":"https:\/\/lyonbondyblog.fr\/LBB\/albert-camus-notre-contemporain-rencontre-avec-benjamin-stora\/#primaryimage"},"image":{"@id":"https:\/\/lyonbondyblog.fr\/LBB\/albert-camus-notre-contemporain-rencontre-avec-benjamin-stora\/#primaryimage"},"thumbnailUrl":"https:\/\/lyonbondyblog.fr\/LBB\/wp-content\/uploads\/2014\/02\/image-une-livres.jpg","datePublished":"2014-02-17T18:46:55+00:00","dateModified":"2014-02-17T18:46:55+00:00","inLanguage":"fr-FR","potentialAction":[{"@type":"ReadAction","target":["https:\/\/lyonbondyblog.fr\/LBB\/albert-camus-notre-contemporain-rencontre-avec-benjamin-stora\/"]}]},{"@type":"ImageObject","inLanguage":"fr-FR","@id":"https:\/\/lyonbondyblog.fr\/LBB\/albert-camus-notre-contemporain-rencontre-avec-benjamin-stora\/#primaryimage","url":"https:\/\/lyonbondyblog.fr\/LBB\/wp-content\/uploads\/2014\/02\/image-une-livres.jpg","contentUrl":"https:\/\/lyonbondyblog.fr\/LBB\/wp-content\/uploads\/2014\/02\/image-une-livres.jpg","width":600,"height":400,"caption":"cr\u00e9dit : Denis Lafontaine"},{"@type":"WebSite","@id":"https:\/\/lyonbondyblog.fr\/LBB\/#website","url":"https:\/\/lyonbondyblog.fr\/LBB\/","name":"Lyon Bondy Blog","description":"","publisher":{"@id":"https:\/\/lyonbondyblog.fr\/LBB\/#organization"},"potentialAction":[{"@type":"SearchAction","target":{"@type":"EntryPoint","urlTemplate":"https:\/\/lyonbondyblog.fr\/LBB\/?s={search_term_string}"},"query-input":"required name=search_term_string"}],"inLanguage":"fr-FR"},{"@type":"Organization","@id":"https:\/\/lyonbondyblog.fr\/LBB\/#organization","name":"LYON BONDY BLOG","url":"https:\/\/lyonbondyblog.fr\/LBB\/","logo":{"@type":"ImageObject","inLanguage":"fr-FR","@id":"https:\/\/lyonbondyblog.fr\/LBB\/#\/schema\/logo\/image\/","url":"http:\/\/lyonbondyblog.fr\/LBB\/wp-content\/uploads\/2014\/10\/logo-portable-144.png","contentUrl":"http:\/\/lyonbondyblog.fr\/LBB\/wp-content\/uploads\/2014\/10\/logo-portable-144.png","width":144,"height":123,"caption":"LYON BONDY BLOG"},"image":{"@id":"https:\/\/lyonbondyblog.fr\/LBB\/#\/schema\/logo\/image\/"},"sameAs":["https:\/\/www.facebook.com\/lyonbondyblog","https:\/\/x.com\/bondybloglyon"]},{"@type":"Person","@id":"https:\/\/lyonbondyblog.fr\/LBB\/#\/schema\/person\/30588a5d219783f08c6cf2e496dc14c0","name":"Na\u00efma Arroussi","sameAs":["admin"],"url":"https:\/\/lyonbondyblog.fr\/LBB\/author\/naima\/"}]}},"_links":{"self":[{"href":"https:\/\/lyonbondyblog.fr\/LBB\/wp-json\/wp\/v2\/posts\/5841","targetHints":{"allow":["GET"]}}],"collection":[{"href":"https:\/\/lyonbondyblog.fr\/LBB\/wp-json\/wp\/v2\/posts"}],"about":[{"href":"https:\/\/lyonbondyblog.fr\/LBB\/wp-json\/wp\/v2\/types\/post"}],"author":[{"embeddable":true,"href":"https:\/\/lyonbondyblog.fr\/LBB\/wp-json\/wp\/v2\/users\/3"}],"replies":[{"embeddable":true,"href":"https:\/\/lyonbondyblog.fr\/LBB\/wp-json\/wp\/v2\/comments?post=5841"}],"version-history":[{"count":0,"href":"https:\/\/lyonbondyblog.fr\/LBB\/wp-json\/wp\/v2\/posts\/5841\/revisions"}],"wp:featuredmedia":[{"embeddable":true,"href":"https:\/\/lyonbondyblog.fr\/LBB\/wp-json\/wp\/v2\/media\/5845"}],"wp:attachment":[{"href":"https:\/\/lyonbondyblog.fr\/LBB\/wp-json\/wp\/v2\/media?parent=5841"}],"wp:term":[{"taxonomy":"category","embeddable":true,"href":"https:\/\/lyonbondyblog.fr\/LBB\/wp-json\/wp\/v2\/categories?post=5841"},{"taxonomy":"post_tag","embeddable":true,"href":"https:\/\/lyonbondyblog.fr\/LBB\/wp-json\/wp\/v2\/tags?post=5841"}],"curies":[{"name":"wp","href":"https:\/\/api.w.org\/{rel}","templated":true}]}}