{"id":584,"date":"2013-04-02T17:56:46","date_gmt":"2013-04-02T15:56:46","guid":{"rendered":"http:\/\/lyonbondyblog.fr\/LBB\/?p=584"},"modified":"2013-07-09T18:05:39","modified_gmt":"2013-07-09T16:05:39","slug":"show-1-du-festival-loriginal-une-belle-bande-de-poetes-2","status":"publish","type":"post","link":"https:\/\/lyonbondyblog.fr\/LBB\/show-1-du-festival-loriginal-une-belle-bande-de-poetes-2\/","title":{"rendered":"Show 1 du Festival l\u2019Original : Une belle bande de po\u00e8tes"},"content":{"rendered":"<p><strong>On l\u2019attendait depuis des mois et des mois. Pour ceux qui avaient r\u00e9ussi \u00e0 investir les 30 euros demand\u00e9s dans une place, l\u2019excitation \u00e9tait \u00e0 son paroxysme. Pour les autres, il y avait les rediffs\u2019 Des Anges de la T\u00e9l\u00e9r\u00e9alit\u00e9 et pour moi et mes coll\u00e8gues du LBB, une jolie accr\u00e9ditation sous forme de bracelet.<\/strong><\/p>\n<p><a href=\"https:\/\/lyonbondyblog.fr\/LBB\/wp-content\/uploads\/2013\/07\/original-festival-vignette_0.jpg\"><img loading=\"lazy\" decoding=\"async\" width=\"300\" height=\"148\" class=\"aligncenter size-medium wp-image-381\" alt=\"original festival vignette_0\" src=\"https:\/\/lyonbondyblog.fr\/LBB\/wp-content\/uploads\/2013\/07\/original-festival-vignette_0-300x148.jpg\" srcset=\"https:\/\/lyonbondyblog.fr\/LBB\/wp-content\/uploads\/2013\/07\/original-festival-vignette_0-300x148.jpg 300w, https:\/\/lyonbondyblog.fr\/LBB\/wp-content\/uploads\/2013\/07\/original-festival-vignette_0.jpg 392w\" sizes=\"auto, (max-width: 300px) 100vw, 300px\" \/><\/a><\/p>\n<div>\n<p>Cette ann\u00e9e on pouvait avoir l\u2019occasion d\u2019assister entre autre au concert pr\u00e9-retraite de Public Enemy, pr\u00e9-has-been d\u20191995 et aux retours combin\u00e9s de Disiz, des Sages Po\u2019, de Kery James ou de la Scred Connexion. En somme, que du beau monde. Vous l\u2019aurez donc compris, ce <a href=\"http:\/\/www.loriginal-festival.com\/\">10\u00e8me anniversaire du Festival l\u2019Original<\/a> \u00e9tait \u00ab THE place to be \u00bb. Et, \u00e7a commen\u00e7ait d\u00e8s le show d\u2019ouverture au Transbordeur le 28 mars avec Oxmo Puccino, Cody ChesnuTT, Kacem Wapalek et Akua Naru.<\/p>\n<p><img decoding=\"async\" alt=\"\" src=\"http:\/\/lyonbondyblog.fr\/sites\/default\/files\/AKUA%20NARU%20festival%20original_0.jpg\" \/><\/p>\n<p>Pour pr\u00e9chauffer une salle du Transbo \u00e0 moiti\u00e9 pleine, \u00e0 moiti\u00e9 vide, les organisateurs du festival ont fait appel \u00e0 Rman, l\u2019homme dr\u00f4le de chez Be Cool et de <a href=\"http:\/\/www.ptitdelire.com\/\">Ptitd\u00e9lire.com<\/a>. Une aide appr\u00e9ci\u00e9e, car, il faut dire que quelques minutes avant le d\u00e9but du show, on pouvait entendre les mouches voler. A 19h30, apr\u00e8s quelques boutades et autres \u00ab <em>Rman, ferme ta gueule !<\/em> \u00bb, la m\u00e9connue et pourtant excellente <a href=\"http:\/\/www.akuanaru.com\/\">Akua Naru<\/a> faisait son entr\u00e9e sur sc\u00e8ne accompagn\u00e9e de ses musiciens. Chapeau sur la t\u00eate et les orteils en \u00e9ventail, la MC am\u00e9ricano-germano-ghan\u00e9enne avait la lourde t\u00e2che de d\u00e9buter. Pas de soucis pour cette habitu\u00e9e de la sc\u00e8ne souvent compar\u00e9e par les connaisseurs \u00e0 Lauryn Hill et \u00e0 Queen Latifah. Les amateurs, eux, ont pu d\u00e9couvrir une show-girl de talent \u00e0 travers les chansons de son album \u00ab The Journey Aflame \u00bb et via quelques autres reprises dont \u00ab Unity \u00bb de\u2026 Queen Latifah ; comme par hasard. A noter \u00e9galement, la pr\u00e9sence de la douce et jolie Mariama sur le dernier titre de mademoiselle Naru, histoire de quitter le public lyonnais sur une bonne note.<br \/>\nApr\u00e8s son show, elle a accept\u00e9 de r\u00e9pondre \u00e0 mes questions et \u00e0 celle d\u2019Herv\u00e9 Laurent, pr\u00e9sident de <a href=\"http:\/\/www.radiopluriel.fr\/\">Radio Pluriel<\/a>. \/\/ Bon niveau d\u2019anglais exig\u00e9.<\/p>\n<p>&nbsp;<\/p>\n<address><img decoding=\"async\" alt=\"\" src=\"http:\/\/lyonbondyblog.fr\/sites\/default\/files\/festival%20original.jpg\" \/><br \/>\n<em><span style=\"font-size: 12px\">Photo : Sylvain Ortega<\/span><\/em><\/address>\n<p>&nbsp;<\/p>\n<p>Le deuxi\u00e8me artiste \u00e0 inaugurer cette 10\u00e8me \u00e9dition n\u2019est autre que le po\u00e8te, l\u2019esth\u00e8te, celui qui manie les mots avec beaut\u00e9 et subtilit\u00e9, le d\u00e9nomm\u00e9 <a href=\"https:\/\/soundcloud.com\/kacem-wapalek\">Kacem Wapalek<\/a>. Oui, les superlatifs et les compliments, c\u2019est cool. Malheureusement, \u00e9tant en interview avec Akua Naru, je n\u2019ai pas pu assister \u00e0 son passage. N\u00e9anmoins, en professionnel que je suis, <a href=\"http:\/\/www.lyonbondyblog.fr\/article\/kacem-wapalek-%C2%AB-m%C3%AAme-un-mauvais-rappeur-c%E2%80%99est-un-bon-prof-%C2%BB\">vous pourrez retrouver son interview d\u00e8s demain.<\/a><\/p>\n<p><img decoding=\"async\" alt=\"\" src=\"http:\/\/lyonbondyblog.fr\/sites\/default\/files\/CODY%20CHESNUTT%20festival%20original.jpg\" \/><\/p>\n<p>Peu avant 22h, c\u2019est au tour de la r\u00e9v\u00e9lation soul 2012 de faire son apparition sur sc\u00e8ne. Arm\u00e9 d\u2019un casque militaire marqu\u00e9 d\u2019un drapeau de la Belgique sur le c\u00f4t\u00e9, <a href=\"https:\/\/soundcloud.com\/cody-chesnutt-1\">Cody ChesnuTT<\/a>, le guerrier de l\u2019amour, met imm\u00e9diatement \u00e0 l\u2019aise le public. Durant pr\u00e8s d\u2019une heure, il reprendra les morceaux (am\u00e9lior\u00e9s car nettement plus longs) de son dernier album \u00ab Landing On A Hundred \u00bb, tout en les expliquant \u00e0 ce dernier car il aime les gens et l\u2019inverse \u00e9galement. Un moment tr\u00e8s appr\u00e9ciable, d\u2019autant plus qu\u2019il n\u2019a pas h\u00e9sit\u00e9 \u00e0 descendre serrer des mains dans la foule avant de nous quitter. Quel gentleman ce Cody.<\/p>\n<address>\u00a0<img decoding=\"async\" alt=\"\" src=\"http:\/\/lyonbondyblog.fr\/sites\/default\/files\/OXMO%20festival%20original.jpg\" \/><br \/>\n<em><span style=\"font-size: 12px\">Photo : Sylvain Ortega<\/span><\/em><br \/>\n<\/address>\n<p>Le bouquet final avait lieu \u00e0 une heure o\u00f9 les petits enfants doivent aller dormir. Tous tr\u00e9pignaient d\u2019impatience en attendant l\u2019arriv\u00e9e du Black Jacques Brel, immense autant par le talent que par la taille. Il \u00e9tait l\u00e0, install\u00e9 dans un grand si\u00e8ge \u00e0 nous observer ; rien de plus normal pour un roi sans carrosse. Le spectacle pouvait enfin commencer. Sont jou\u00e9s pour commencer les morceaux tir\u00e9s de son dernier projet. On sentait alors le public plut\u00f4t partag\u00e9, ce qui s\u2019explique notamment par le succ\u00e8s en demi-teinte de cet album. Mais <a href=\"http:\/\/www.oxmo.net\/#\/tag\/OxmoParisPaname\">Oxmo Puccino<\/a> est un grand, un vieux de la vieille, un sage. Il sait ce que veut le public et aligne alors quelqu\u2019un de ses grands titres, se mettant m\u00eame \u00e0 kicker sur des prods telles que \u00ab Bad Boy For Life \u00bb ou \u00ab 8 Mile \u00bb. C\u2019est \u00e7a le Hip-hop.<\/p>\n<p>On ne pouvait donc pas mieux commencer l\u2019anniversaire de la premi\u00e8re d\u00e9cennie du Festival l\u2019Original avec un show 1 qui faisait part belle aux po\u00e8tes en alliant \u00e0 la fois jazz, soul et rap. La suite dans les prochains articles, toujours sur le Lyon Bondy Blog.<\/p>\n<p><a href=\"http:\/\/www.lyonbondyblog.fr\/article\/l%E2%80%99original-festival-passe-la-deuxi%C3%A8me\">D\u00e9couvrez toute l&rsquo;ambiance survolt\u00e9e du show 2 avec les Psy4 de la Rime et le \u00ab\u00a0harlem shake\u00a0\u00bb de N\u00e9mir.<\/a><\/p>\n<\/div>\n<!-- AddThis Advanced Settings generic via filter on the_content --><!-- AddThis Share Buttons generic via filter on the_content -->","protected":false},"excerpt":{"rendered":"<p>On l\u2019attendait depuis des mois et des mois. Pour ceux qui avaient r\u00e9ussi \u00e0 investir les 30 euros demand\u00e9s dans une place, l\u2019excitation \u00e9tait \u00e0 &hellip; <!-- AddThis Advanced Settings generic via filter on wp_trim_excerpt --><!-- AddThis Share Buttons generic via filter on wp_trim_excerpt --><\/p>\n","protected":false},"author":1,"featured_media":381,"comment_status":"open","ping_status":"open","sticky":false,"template":"","format":"standard","meta":{"_FSMCFIC_featured_image_caption":"","_FSMCFIC_featured_image_nocaption":"","_FSMCFIC_featured_image_hide":"","footnotes":""},"categories":[3,4],"tags":[192,193,191,194,195,196,197,198],"class_list":["post-584","post","type-post","status-publish","format-standard","has-post-thumbnail","hentry","category-culture","category-lyon","tag-akua-naru","tag-cody-chesnutt","tag-kacem-wapalek","tag-lauryn-hill","tag-oxmo-puccino","tag-public-enemy","tag-queen-latifah","tag-sylvain-ortega"],"yoast_head":"<!-- This site is optimized with the Yoast SEO plugin v22.8 - https:\/\/yoast.com\/wordpress\/plugins\/seo\/ -->\n<title>Show 1 du Festival l\u2019Original : Une belle bande de po\u00e8tes - Lyon Bondy Blog<\/title>\n<meta name=\"robots\" content=\"index, follow, max-snippet:-1, max-image-preview:large, max-video-preview:-1\" \/>\n<link rel=\"canonical\" href=\"https:\/\/lyonbondyblog.fr\/LBB\/show-1-du-festival-loriginal-une-belle-bande-de-poetes-2\/\" \/>\n<meta property=\"og:locale\" content=\"fr_FR\" \/>\n<meta property=\"og:type\" content=\"article\" \/>\n<meta property=\"og:title\" content=\"Show 1 du Festival l\u2019Original : Une belle bande de po\u00e8tes - Lyon Bondy Blog\" \/>\n<meta property=\"og:description\" content=\"On l\u2019attendait depuis des mois et des mois. Pour ceux qui avaient r\u00e9ussi \u00e0 investir les 30 euros demand\u00e9s dans une place, l\u2019excitation \u00e9tait \u00e0 &hellip;\" \/>\n<meta property=\"og:url\" content=\"https:\/\/lyonbondyblog.fr\/LBB\/show-1-du-festival-loriginal-une-belle-bande-de-poetes-2\/\" \/>\n<meta property=\"og:site_name\" content=\"Lyon Bondy Blog\" \/>\n<meta property=\"article:publisher\" content=\"https:\/\/www.facebook.com\/lyonbondyblog\" \/>\n<meta property=\"article:author\" content=\"https:\/\/www.facebook.com\/lyonbondyblog\" \/>\n<meta property=\"article:published_time\" content=\"2013-04-02T15:56:46+00:00\" \/>\n<meta property=\"article:modified_time\" content=\"2013-07-09T16:05:39+00:00\" \/>\n<meta property=\"og:image\" content=\"https:\/\/lyonbondyblog.fr\/LBB\/wp-content\/uploads\/2013\/07\/original-festival-vignette_0.jpg\" \/>\n\t<meta property=\"og:image:width\" content=\"392\" \/>\n\t<meta property=\"og:image:height\" content=\"194\" \/>\n\t<meta property=\"og:image:type\" content=\"image\/jpeg\" \/>\n<meta name=\"author\" content=\"La r\u00e9daction\" \/>\n<meta name=\"twitter:card\" content=\"summary_large_image\" \/>\n<meta name=\"twitter:creator\" content=\"@BondyBlogLyon\" \/>\n<meta name=\"twitter:site\" content=\"@bondybloglyon\" \/>\n<script type=\"application\/ld+json\" class=\"yoast-schema-graph\">{\"@context\":\"https:\/\/schema.org\",\"@graph\":[{\"@type\":\"Article\",\"@id\":\"https:\/\/lyonbondyblog.fr\/LBB\/show-1-du-festival-loriginal-une-belle-bande-de-poetes-2\/#article\",\"isPartOf\":{\"@id\":\"https:\/\/lyonbondyblog.fr\/LBB\/show-1-du-festival-loriginal-une-belle-bande-de-poetes-2\/\"},\"author\":{\"name\":\"La r\u00e9daction\",\"@id\":\"https:\/\/lyonbondyblog.fr\/LBB\/#\/schema\/person\/e45f8d27baac75072daa0be50c409b25\"},\"headline\":\"Show 1 du Festival l\u2019Original : Une belle bande de po\u00e8tes\",\"datePublished\":\"2013-04-02T15:56:46+00:00\",\"dateModified\":\"2013-07-09T16:05:39+00:00\",\"mainEntityOfPage\":{\"@id\":\"https:\/\/lyonbondyblog.fr\/LBB\/show-1-du-festival-loriginal-une-belle-bande-de-poetes-2\/\"},\"wordCount\":798,\"commentCount\":0,\"publisher\":{\"@id\":\"https:\/\/lyonbondyblog.fr\/LBB\/#organization\"},\"image\":{\"@id\":\"https:\/\/lyonbondyblog.fr\/LBB\/show-1-du-festival-loriginal-une-belle-bande-de-poetes-2\/#primaryimage\"},\"thumbnailUrl\":\"https:\/\/lyonbondyblog.fr\/LBB\/wp-content\/uploads\/2013\/07\/original-festival-vignette_0.jpg\",\"keywords\":[\"Akua Naru\",\"Cody ChesnuTT\",\"Kacem Wapalek\",\"Lauryn Hill\",\"Oxmo Puccino\",\"Public Enemy\",\"Queen Latifah\",\"Sylvain Ortega\"],\"articleSection\":[\"Culture\",\"Lyon\"],\"inLanguage\":\"fr-FR\",\"potentialAction\":[{\"@type\":\"CommentAction\",\"name\":\"Comment\",\"target\":[\"https:\/\/lyonbondyblog.fr\/LBB\/show-1-du-festival-loriginal-une-belle-bande-de-poetes-2\/#respond\"]}]},{\"@type\":\"WebPage\",\"@id\":\"https:\/\/lyonbondyblog.fr\/LBB\/show-1-du-festival-loriginal-une-belle-bande-de-poetes-2\/\",\"url\":\"https:\/\/lyonbondyblog.fr\/LBB\/show-1-du-festival-loriginal-une-belle-bande-de-poetes-2\/\",\"name\":\"Show 1 du Festival l\u2019Original : Une belle bande de po\u00e8tes - Lyon Bondy Blog\",\"isPartOf\":{\"@id\":\"https:\/\/lyonbondyblog.fr\/LBB\/#website\"},\"primaryImageOfPage\":{\"@id\":\"https:\/\/lyonbondyblog.fr\/LBB\/show-1-du-festival-loriginal-une-belle-bande-de-poetes-2\/#primaryimage\"},\"image\":{\"@id\":\"https:\/\/lyonbondyblog.fr\/LBB\/show-1-du-festival-loriginal-une-belle-bande-de-poetes-2\/#primaryimage\"},\"thumbnailUrl\":\"https:\/\/lyonbondyblog.fr\/LBB\/wp-content\/uploads\/2013\/07\/original-festival-vignette_0.jpg\",\"datePublished\":\"2013-04-02T15:56:46+00:00\",\"dateModified\":\"2013-07-09T16:05:39+00:00\",\"inLanguage\":\"fr-FR\",\"potentialAction\":[{\"@type\":\"ReadAction\",\"target\":[\"https:\/\/lyonbondyblog.fr\/LBB\/show-1-du-festival-loriginal-une-belle-bande-de-poetes-2\/\"]}]},{\"@type\":\"ImageObject\",\"inLanguage\":\"fr-FR\",\"@id\":\"https:\/\/lyonbondyblog.fr\/LBB\/show-1-du-festival-loriginal-une-belle-bande-de-poetes-2\/#primaryimage\",\"url\":\"https:\/\/lyonbondyblog.fr\/LBB\/wp-content\/uploads\/2013\/07\/original-festival-vignette_0.jpg\",\"contentUrl\":\"https:\/\/lyonbondyblog.fr\/LBB\/wp-content\/uploads\/2013\/07\/original-festival-vignette_0.jpg\",\"width\":392,\"height\":194},{\"@type\":\"WebSite\",\"@id\":\"https:\/\/lyonbondyblog.fr\/LBB\/#website\",\"url\":\"https:\/\/lyonbondyblog.fr\/LBB\/\",\"name\":\"Lyon Bondy Blog\",\"description\":\"\",\"publisher\":{\"@id\":\"https:\/\/lyonbondyblog.fr\/LBB\/#organization\"},\"potentialAction\":[{\"@type\":\"SearchAction\",\"target\":{\"@type\":\"EntryPoint\",\"urlTemplate\":\"https:\/\/lyonbondyblog.fr\/LBB\/?s={search_term_string}\"},\"query-input\":\"required name=search_term_string\"}],\"inLanguage\":\"fr-FR\"},{\"@type\":\"Organization\",\"@id\":\"https:\/\/lyonbondyblog.fr\/LBB\/#organization\",\"name\":\"LYON BONDY BLOG\",\"url\":\"https:\/\/lyonbondyblog.fr\/LBB\/\",\"logo\":{\"@type\":\"ImageObject\",\"inLanguage\":\"fr-FR\",\"@id\":\"https:\/\/lyonbondyblog.fr\/LBB\/#\/schema\/logo\/image\/\",\"url\":\"http:\/\/lyonbondyblog.fr\/LBB\/wp-content\/uploads\/2014\/10\/logo-portable-144.png\",\"contentUrl\":\"http:\/\/lyonbondyblog.fr\/LBB\/wp-content\/uploads\/2014\/10\/logo-portable-144.png\",\"width\":144,\"height\":123,\"caption\":\"LYON BONDY BLOG\"},\"image\":{\"@id\":\"https:\/\/lyonbondyblog.fr\/LBB\/#\/schema\/logo\/image\/\"},\"sameAs\":[\"https:\/\/www.facebook.com\/lyonbondyblog\",\"https:\/\/x.com\/bondybloglyon\"]},{\"@type\":\"Person\",\"@id\":\"https:\/\/lyonbondyblog.fr\/LBB\/#\/schema\/person\/e45f8d27baac75072daa0be50c409b25\",\"name\":\"La r\u00e9daction\",\"description\":\"Cr\u00e9e en 2008, la r\u00e9daction du Lyon Bondy Blog s'applique \u00e0 proposer une information locale diff\u00e9rente et compl\u00e9mentaire des m\u00e9dias traditionnels.\",\"sameAs\":[\"https:\/\/www.facebook.com\/lyonbondyblog\",\"https:\/\/x.com\/BondyBlogLyon\"],\"url\":\"https:\/\/lyonbondyblog.fr\/LBB\/author\/admin\/\"}]}<\/script>\n<!-- \/ Yoast SEO plugin. -->","yoast_head_json":{"title":"Show 1 du Festival l\u2019Original : Une belle bande de po\u00e8tes - Lyon Bondy Blog","robots":{"index":"index","follow":"follow","max-snippet":"max-snippet:-1","max-image-preview":"max-image-preview:large","max-video-preview":"max-video-preview:-1"},"canonical":"https:\/\/lyonbondyblog.fr\/LBB\/show-1-du-festival-loriginal-une-belle-bande-de-poetes-2\/","og_locale":"fr_FR","og_type":"article","og_title":"Show 1 du Festival l\u2019Original : Une belle bande de po\u00e8tes - Lyon Bondy Blog","og_description":"On l\u2019attendait depuis des mois et des mois. Pour ceux qui avaient r\u00e9ussi \u00e0 investir les 30 euros demand\u00e9s dans une place, l\u2019excitation \u00e9tait \u00e0 &hellip;","og_url":"https:\/\/lyonbondyblog.fr\/LBB\/show-1-du-festival-loriginal-une-belle-bande-de-poetes-2\/","og_site_name":"Lyon Bondy Blog","article_publisher":"https:\/\/www.facebook.com\/lyonbondyblog","article_author":"https:\/\/www.facebook.com\/lyonbondyblog","article_published_time":"2013-04-02T15:56:46+00:00","article_modified_time":"2013-07-09T16:05:39+00:00","og_image":[{"width":392,"height":194,"url":"https:\/\/lyonbondyblog.fr\/LBB\/wp-content\/uploads\/2013\/07\/original-festival-vignette_0.jpg","type":"image\/jpeg"}],"author":"La r\u00e9daction","twitter_card":"summary_large_image","twitter_creator":"@BondyBlogLyon","twitter_site":"@bondybloglyon","schema":{"@context":"https:\/\/schema.org","@graph":[{"@type":"Article","@id":"https:\/\/lyonbondyblog.fr\/LBB\/show-1-du-festival-loriginal-une-belle-bande-de-poetes-2\/#article","isPartOf":{"@id":"https:\/\/lyonbondyblog.fr\/LBB\/show-1-du-festival-loriginal-une-belle-bande-de-poetes-2\/"},"author":{"name":"La r\u00e9daction","@id":"https:\/\/lyonbondyblog.fr\/LBB\/#\/schema\/person\/e45f8d27baac75072daa0be50c409b25"},"headline":"Show 1 du Festival l\u2019Original : Une belle bande de po\u00e8tes","datePublished":"2013-04-02T15:56:46+00:00","dateModified":"2013-07-09T16:05:39+00:00","mainEntityOfPage":{"@id":"https:\/\/lyonbondyblog.fr\/LBB\/show-1-du-festival-loriginal-une-belle-bande-de-poetes-2\/"},"wordCount":798,"commentCount":0,"publisher":{"@id":"https:\/\/lyonbondyblog.fr\/LBB\/#organization"},"image":{"@id":"https:\/\/lyonbondyblog.fr\/LBB\/show-1-du-festival-loriginal-une-belle-bande-de-poetes-2\/#primaryimage"},"thumbnailUrl":"https:\/\/lyonbondyblog.fr\/LBB\/wp-content\/uploads\/2013\/07\/original-festival-vignette_0.jpg","keywords":["Akua Naru","Cody ChesnuTT","Kacem Wapalek","Lauryn Hill","Oxmo Puccino","Public Enemy","Queen Latifah","Sylvain Ortega"],"articleSection":["Culture","Lyon"],"inLanguage":"fr-FR","potentialAction":[{"@type":"CommentAction","name":"Comment","target":["https:\/\/lyonbondyblog.fr\/LBB\/show-1-du-festival-loriginal-une-belle-bande-de-poetes-2\/#respond"]}]},{"@type":"WebPage","@id":"https:\/\/lyonbondyblog.fr\/LBB\/show-1-du-festival-loriginal-une-belle-bande-de-poetes-2\/","url":"https:\/\/lyonbondyblog.fr\/LBB\/show-1-du-festival-loriginal-une-belle-bande-de-poetes-2\/","name":"Show 1 du Festival l\u2019Original : Une belle bande de po\u00e8tes - Lyon Bondy Blog","isPartOf":{"@id":"https:\/\/lyonbondyblog.fr\/LBB\/#website"},"primaryImageOfPage":{"@id":"https:\/\/lyonbondyblog.fr\/LBB\/show-1-du-festival-loriginal-une-belle-bande-de-poetes-2\/#primaryimage"},"image":{"@id":"https:\/\/lyonbondyblog.fr\/LBB\/show-1-du-festival-loriginal-une-belle-bande-de-poetes-2\/#primaryimage"},"thumbnailUrl":"https:\/\/lyonbondyblog.fr\/LBB\/wp-content\/uploads\/2013\/07\/original-festival-vignette_0.jpg","datePublished":"2013-04-02T15:56:46+00:00","dateModified":"2013-07-09T16:05:39+00:00","inLanguage":"fr-FR","potentialAction":[{"@type":"ReadAction","target":["https:\/\/lyonbondyblog.fr\/LBB\/show-1-du-festival-loriginal-une-belle-bande-de-poetes-2\/"]}]},{"@type":"ImageObject","inLanguage":"fr-FR","@id":"https:\/\/lyonbondyblog.fr\/LBB\/show-1-du-festival-loriginal-une-belle-bande-de-poetes-2\/#primaryimage","url":"https:\/\/lyonbondyblog.fr\/LBB\/wp-content\/uploads\/2013\/07\/original-festival-vignette_0.jpg","contentUrl":"https:\/\/lyonbondyblog.fr\/LBB\/wp-content\/uploads\/2013\/07\/original-festival-vignette_0.jpg","width":392,"height":194},{"@type":"WebSite","@id":"https:\/\/lyonbondyblog.fr\/LBB\/#website","url":"https:\/\/lyonbondyblog.fr\/LBB\/","name":"Lyon Bondy Blog","description":"","publisher":{"@id":"https:\/\/lyonbondyblog.fr\/LBB\/#organization"},"potentialAction":[{"@type":"SearchAction","target":{"@type":"EntryPoint","urlTemplate":"https:\/\/lyonbondyblog.fr\/LBB\/?s={search_term_string}"},"query-input":"required name=search_term_string"}],"inLanguage":"fr-FR"},{"@type":"Organization","@id":"https:\/\/lyonbondyblog.fr\/LBB\/#organization","name":"LYON BONDY BLOG","url":"https:\/\/lyonbondyblog.fr\/LBB\/","logo":{"@type":"ImageObject","inLanguage":"fr-FR","@id":"https:\/\/lyonbondyblog.fr\/LBB\/#\/schema\/logo\/image\/","url":"http:\/\/lyonbondyblog.fr\/LBB\/wp-content\/uploads\/2014\/10\/logo-portable-144.png","contentUrl":"http:\/\/lyonbondyblog.fr\/LBB\/wp-content\/uploads\/2014\/10\/logo-portable-144.png","width":144,"height":123,"caption":"LYON BONDY BLOG"},"image":{"@id":"https:\/\/lyonbondyblog.fr\/LBB\/#\/schema\/logo\/image\/"},"sameAs":["https:\/\/www.facebook.com\/lyonbondyblog","https:\/\/x.com\/bondybloglyon"]},{"@type":"Person","@id":"https:\/\/lyonbondyblog.fr\/LBB\/#\/schema\/person\/e45f8d27baac75072daa0be50c409b25","name":"La r\u00e9daction","description":"Cr\u00e9e en 2008, la r\u00e9daction du Lyon Bondy Blog s'applique \u00e0 proposer une information locale diff\u00e9rente et compl\u00e9mentaire des m\u00e9dias traditionnels.","sameAs":["https:\/\/www.facebook.com\/lyonbondyblog","https:\/\/x.com\/BondyBlogLyon"],"url":"https:\/\/lyonbondyblog.fr\/LBB\/author\/admin\/"}]}},"_links":{"self":[{"href":"https:\/\/lyonbondyblog.fr\/LBB\/wp-json\/wp\/v2\/posts\/584","targetHints":{"allow":["GET"]}}],"collection":[{"href":"https:\/\/lyonbondyblog.fr\/LBB\/wp-json\/wp\/v2\/posts"}],"about":[{"href":"https:\/\/lyonbondyblog.fr\/LBB\/wp-json\/wp\/v2\/types\/post"}],"author":[{"embeddable":true,"href":"https:\/\/lyonbondyblog.fr\/LBB\/wp-json\/wp\/v2\/users\/1"}],"replies":[{"embeddable":true,"href":"https:\/\/lyonbondyblog.fr\/LBB\/wp-json\/wp\/v2\/comments?post=584"}],"version-history":[{"count":0,"href":"https:\/\/lyonbondyblog.fr\/LBB\/wp-json\/wp\/v2\/posts\/584\/revisions"}],"wp:featuredmedia":[{"embeddable":true,"href":"https:\/\/lyonbondyblog.fr\/LBB\/wp-json\/wp\/v2\/media\/381"}],"wp:attachment":[{"href":"https:\/\/lyonbondyblog.fr\/LBB\/wp-json\/wp\/v2\/media?parent=584"}],"wp:term":[{"taxonomy":"category","embeddable":true,"href":"https:\/\/lyonbondyblog.fr\/LBB\/wp-json\/wp\/v2\/categories?post=584"},{"taxonomy":"post_tag","embeddable":true,"href":"https:\/\/lyonbondyblog.fr\/LBB\/wp-json\/wp\/v2\/tags?post=584"}],"curies":[{"name":"wp","href":"https:\/\/api.w.org\/{rel}","templated":true}]}}