{"id":5611,"date":"2014-01-27T17:56:07","date_gmt":"2014-01-27T16:56:07","guid":{"rendered":"http:\/\/lyonbondyblog.fr\/LBB\/?p=5611"},"modified":"2014-02-03T18:16:09","modified_gmt":"2014-02-03T17:16:09","slug":"marechal-combattant-du-rap-lyonnais","status":"publish","type":"post","link":"https:\/\/lyonbondyblog.fr\/LBB\/marechal-combattant-du-rap-lyonnais\/","title":{"rendered":"Marechal, combattant du rap lyonnais"},"content":{"rendered":"<p><b>Ancien boxeur et garde du corps, les chapitres de la vie du rappeur des Minguettes s\u2019\u00e9crivent au fil des morceaux, dans un vrai roman urbain. Ami des plus grands qu\u2019il a invit\u00e9 en avril dernier dans la compilation B II \u00ab\u00a0Star versus RebeLyon\u00a0\u00bb, il reste tr\u00e8s attach\u00e9 \u00e0 ses valeurs. Marechal s\u2019est confi\u00e9 sans concessions au #<b>LBB<\/b>.<\/b><\/p>\n<figure id=\"attachment_5547\" aria-describedby=\"caption-attachment-5547\" style=\"width: 546px\" class=\"wp-caption aligncenter\"><a href=\"https:\/\/lyonbondyblog.fr\/LBB\/wp-content\/uploads\/2014\/01\/312863_103164076454604_3270372_n.jpg\"><img loading=\"lazy\" decoding=\"async\" class=\" wp-image-5547 \" title=\"Cr\u00e9dit : Mar\u00e9chal Aim\u00e9\" alt=\"312863_103164076454604_3270372_n\" src=\"https:\/\/lyonbondyblog.fr\/LBB\/wp-content\/uploads\/2014\/01\/312863_103164076454604_3270372_n.jpg\" width=\"546\" height=\"365\" srcset=\"https:\/\/lyonbondyblog.fr\/LBB\/wp-content\/uploads\/2014\/01\/312863_103164076454604_3270372_n.jpg 600w, https:\/\/lyonbondyblog.fr\/LBB\/wp-content\/uploads\/2014\/01\/312863_103164076454604_3270372_n-300x200.jpg 300w\" sizes=\"auto, (max-width: 546px) 100vw, 546px\" \/><\/a><figcaption id=\"caption-attachment-5547\" class=\"wp-caption-text\">Cr\u00e9dit : Mar\u00e9chal Aim\u00e9<\/figcaption><\/figure>\n<p>&nbsp;<\/p>\n<p><b>LBB\u00a0: Quelle est la diff\u00e9rence entre la boxe et le rap\u00a0?\u00a0<\/b><\/p>\n<table style=\"border-color: #000000; border-width: 4px; ; width: 240px;\" border=\"4\" align=\"right\">\n<tbody>\n<tr>\n<td><strong><\/strong>\u00a0 \u00a0<strong>Biographie<\/strong><\/td>\n<\/tr>\n<tr>\n<td>Aim\u00e9 Bafounta38 ansN\u00e9 \u00e0 Lyon (2\u00e8me)R\u00e9sidence : V\u00e9nissieuxM\u00e9tier : Consultant sportif (football)Carri\u00e8re d\u00e9but\u00e9e en 1995Albums :Barbare (2008)BII Star versus RebeLyon (2013)Label : Independent Harmony<\/p>\n<p><em>Boxe professionnelle :<\/em><\/p>\n<p>Vainqueur du tournoi de France en 2001<\/p>\n<p>18 combats (10 victoires, 7 d\u00e9faites, 1 nul)<\/td>\n<\/tr>\n<\/tbody>\n<\/table>\n<p>Mar\u00e9chal\u00a0: Il y a quelques similitudes mais c\u2019est diff\u00e9rent dans le sens o\u00f9 la carri\u00e8re de boxeur est quelque chose de vrai. Soit tu gagnes, soit tu perds. Le meilleur reste. Dans le rap, la r\u00e9ussite d\u00e9pend de plusieurs facteurs : la g\u00e9olocalisation, les relations, la chance. Mais dans les deux cas, c\u2019est long\u2026<\/p>\n<p style=\"text-align: left;\">\u00a0<b>Quel genre de rappeur es-tu\u00a0? \u00a0 \u00a0 \u00a0 \u00a0 \u00a0 \u00a0 \u00a0 \u00a0 \u00a0 \u00a0 \u00a0 \u00a0 \u00a0 \u00a0<\/b><\/p>\n<p>Ni West ou East Coast, ni \u00ab\u00a0bling bling\u00a0\u00bb. Je ne suis pas ghetto ou hardcore car demain je vais pouvoir chanter un morceau super doux\u00a0; ou lancer un coup de gueule avec des mots vulgaires comme le faisaient Jacques Brel ou Gainsbourg. Je n\u2019ai pas de courant musical particulier.<\/p>\n<p><b>Quelle est ta vision du rap international\u00a0?<\/b><\/p>\n<p>Les anglos-saxons sont toujours en train d\u2019explorer de nouveaux univers. J\u2019ai voyag\u00e9 en Angleterre cet \u00e9t\u00e9 pendant un mois et demi. \u00c7a m\u2019a permis de d\u00e9couvrir leur style musical. Dans la station de m\u00e9tro <i>Tooting Bec<\/i> \u00e0 Londres, il y a beaucoup de Nig\u00e9rians et de Pakistanais. J&rsquo;ai pu y d\u00e9couvrir ce son afro-anglais. Oui, ailleurs, \u00e7a respire le son et la musique. On sent les mouvances qui s\u2019affirment de partout\u00a0!<\/p>\n<h2><b>\u00ab\u00a0IAM et NTM m\u2019ont convaincu\u00a0\u00bb<\/b><\/h2>\n<p><b>Et en ce qui concerne la France\u00a0?<\/b><\/p>\n<p>Dans les ann\u00e9es quatre-vingt-dix, je n\u2019aimais pas trop le rap fran\u00e7ais. Deux chansons m&rsquo;ont convaincu\u00a0: \u00ab\u00a0Je danse le Mia\u00a0\u00bb de IAM et \u00ab\u00a0La Fi\u00e8vre\u00a0\u00bb de NTM. Quand j&rsquo;ai \u00e9cout\u00e9 ces deux titres, j\u2019ai compris que les choses avaient chang\u00e9. Et au niveau textuel\u00a0: Arsenik, Secteur A, East, Menelik, Alliance Ethnik ou les Sages Po\u00e8tes de La Rue.<\/p>\n<p>Les gens disent que le rap, c\u2019est toujours la m\u00eame chose. Il faut comprendre que la France en est toujours au m\u00eame point. Elle n\u2019a pas boug\u00e9e. Les rappeurs sont un peu des garants de la soci\u00e9t\u00e9, des pr\u00e9curseurs.<\/p>\n<p><b>Selon toi, qui a repris la flamme?<\/b><\/p>\n<p>Booba a pris l\u2019h\u00e9ritage avec le nombre d\u2019albums vendus et le merchandising. Kerry James et M\u00e9dine l\u2019ont fait au niveau des textes.<\/p>\n<p>On pourrait comparer Booba \u00e0 un Puff Daddy\u00a0 ou un\u00a0 Jay Z du rap fran\u00e7ais mais ce n\u2019est pas encore \u00e7a. Ces derniers ont mit sur orbite des\u00a0 centaines de rappeurs. Booba a lanc\u00e9 Kaaris dont on parle beaucoup mais pour moi son style est trop basique.<\/p>\n<p>Mes enfants kiffent mais la premi\u00e8re fois que je l\u2019ai entendu j\u2019ai cru que c\u2019\u00e9tait Orelsan sans \u00eatre moqueur ou sarcastique. J\u2019avais l\u2019impression que ses refrains s\u2019approchaient de la vari\u00e9t\u00e9.<\/p>\n<p>Il a une certaine distance sur les choses de par son \u00e2ge (33 ans) et c\u2019est pour cela qu\u2019il s\u2019est attel\u00e9 \u00e0 tout faire simplement. Mais ca prouve que pour cartonner il faut s\u2019adonner \u00e0 la vari\u00e9t\u00e9. On est inond\u00e9 par des rappeurs que certains producteurs nous servent \u00e0 toutes les sauces et \u00e0 grande \u00e9chelle. Il n\u2019y a aucun m\u00e9rite.<\/p>\n<p>&nbsp;<\/p>\n<figure id=\"attachment_5620\" aria-describedby=\"caption-attachment-5620\" style=\"width: 538px\" class=\"wp-caption aligncenter\"><a href=\"https:\/\/lyonbondyblog.fr\/LBB\/wp-content\/uploads\/2014\/01\/935637_367981586639517_557445498_n.jpg\"><img loading=\"lazy\" decoding=\"async\" class=\" wp-image-5620\" alt=\"935637_367981586639517_557445498_n\" src=\"https:\/\/lyonbondyblog.fr\/LBB\/wp-content\/uploads\/2014\/01\/935637_367981586639517_557445498_n.jpg\" width=\"538\" height=\"403\" srcset=\"https:\/\/lyonbondyblog.fr\/LBB\/wp-content\/uploads\/2014\/01\/935637_367981586639517_557445498_n.jpg 960w, https:\/\/lyonbondyblog.fr\/LBB\/wp-content\/uploads\/2014\/01\/935637_367981586639517_557445498_n-300x225.jpg 300w, https:\/\/lyonbondyblog.fr\/LBB\/wp-content\/uploads\/2014\/01\/935637_367981586639517_557445498_n-940x705.jpg 940w\" sizes=\"auto, (max-width: 538px) 100vw, 538px\" \/><\/a><figcaption id=\"caption-attachment-5620\" class=\"wp-caption-text\">Mar\u00e9chal avec Kerry James. Cr\u00e9dit : Mar\u00e9chal Aim\u00e9<\/figcaption><\/figure>\n<p><b>Qu\u2019as-tu pens\u00e9 du clash impliquant le trio Rohff-Booba-La Fouine\u00a0?<\/b><\/p>\n<p>Cela n\u2019\u00e9l\u00e8ve pas le d\u00e9bat et \u00e7a n&rsquo;apporte rien. Si demain quelqu\u2019un me critique et que c\u2019est entendu par des milliers de personnes, je ne vais pas m\u2019amuser \u00e0 faire des clashs. Je le prends entre quatre yeux, c\u2019est tout. Je suis croyant et je sais qu\u2019il n\u2019y a rien de bon dans la passion. C\u2019est juste de la musique. En tout cas, ils ont eu tort.<\/p>\n<h2><b>\u00ab\u00a0Un groupe lyonnais va bient\u00f4t se r\u00e9v\u00e9ler\u00a0\u00bb<\/b><\/h2>\n<p><b>Le rap a\u2013t-il un r\u00f4le politique \u00e0 jouer\u00a0? <\/b><\/p>\n<p>Il y a des sujets \u00e0 d\u00e9velopper pour faire prendre conscience de certaines choses. Mais le rappeur n\u2019est plus un vecteur de valeur. Notre style doit \u00eatre contestataire mais il ne faut pas contester pour contester. Il faut \u00eatre constructif. Je reviens alors sur la citation de Calbo d\u2019Arsenik\u00a0: \u00ab<i> Qui pr\u00e9tend faire du rap sans prendre position\u00a0? \u00bb<\/i>.<\/p>\n<p>Quand on rappe et qu\u2019on ne d\u00e9nonce pas ce qui se passe, ce n\u2019est pas la peine d\u2019essayer.<\/p>\n<p><b>Lyon a-t-il une chance dans le rap fran\u00e7ais\u00a0?<\/b><\/p>\n<p>Tu peux avoir autant de moyens que possible mais tu ne peux pas obliger le public \u00e0 te pl\u00e9bisciter. A Lyon, on ne sera jamais entour\u00e9.\u00a0Nous les Lyonnais, nous devons nous prendre en charge tout seul. Les maisons de disque parisiennes, c\u2019est l\u2019Everest \u00e0 conqu\u00e9rir.<\/p>\n<p>Lyon est performant dans le rap\u00a0: Gerri Madani ou Casus Belli sont plus forts que 85% des rappeurs parisiens qui passent \u00e0 la radio. Un groupe lyonnais sortira bient\u00f4t du lot car on ne peut pas toujours nier le talent. Je pense notamment \u00e0 Nanoo de Vaulx en Velin (Vainqueur du Buzzbuster Rh\u00f4ne Alpes en 2011) dont le texte \u00ab\u00a0Sahbi\u00a0\u00bb est d\u2019une grande profondeur. Ce morceau m\u2019a vraiment fait quelque chose.<\/p>\n<p><b>Parles-nous de ton premier album Barbare sorti en 2008\u00a0? Quelle est son histoire\u00a0?<\/b><\/p>\n<p>A ce moment pr\u00e9cis, je voulais sortir tout ce qui me passait par la t\u00eate. Passi m&rsquo;a pr\u00eat\u00e9 son studio \u00e0 Alfortville (94). C\u2019est la seule fois que je voyais un rappeur parisien faire ce geste. J\u2019avais comme ing\u00e9nieur du son Toops. J\u2019avais d\u00e9j\u00e0 \u00e9crit mes textes, j\u2019avais mes connexions avec Arsenik ou les Neg Marrons.\u00a0La collaboration la plus marquante a \u00e9t\u00e9 le <i>featuring <\/i>avec Lino du groupe Arsenik sur le morceau \u00ab\u00a0Lardu\u00a0\u00bb.<\/p>\n<p>Niveau ventes, il ne fallait pas esp\u00e9rer des monts et des merveilles. Entre 1 000 et 3 000 \u00a0exemplaires en ind\u00e9pendant, c\u2019\u00e9tait pas mal. Il y a encore des gens qui d\u00e9couvrent des titres sur internet comme \u00ab\u00a0Mon combat\u00a0\u00bb qui a \u00e9t\u00e9 clipp\u00e9. On y voit voit Eric Tudor (Eric et Ramzy). J\u2019ai b\u00e9n\u00e9fici\u00e9 aussi d\u2019une bonne promotion, avec des gens qui m\u2019ont pos\u00e9 des affiches partout. Ma photo \u00e9tait \u00e0 l\u2019arri\u00e8re des bus des TCL\u00a0!<\/p>\n<p><iframe loading=\"lazy\" src=\"http:\/\/www.youtube.com\/embed\/2Fc7EzZC6gA?wmode=transparent\" height=\"315\" width=\"560\" allowfullscreen=\"\" frameborder=\"0\"><\/iframe><\/p>\n<p><b>Apr\u00e8s il y a eu la compile BII \u00ab\u00a0Star Versus RebeLyon\u00a0\u00bb en Avril 2013\u2026<\/b><\/p>\n<p>J\u2019ai pu faire venir La Fouine, Medine, les Neg Marrons. Kerry James ou Seith Geiko entre autres. C\u2019est un peu mon r\u00e9seau. Je n\u2019ai pas eu Rohff et Booba malheureusement. Cela m\u2019a permis de passer vraiment \u00e0 la production. Je ne suis pas m\u00e9content du rendu.<\/p>\n<p><b>Il para\u00eet que tu as \u00e9t\u00e9 le garde du corps de Dieudonn\u00e9. C\u2019est surprenant vu l\u2019actualit\u00e9 !<\/b><\/p>\n<p>C\u2019est vrai, j\u2019ai fait sa s\u00e9curit\u00e9 en 2005 sur son spectacle \u00ab\u00a01905\u00a0\u00bb. Il avait eu des difficult\u00e9s un an auparavant avec des manifestations. Alors je lui ai propos\u00e9 mes services. Il \u00e9tait normal, sympa.<\/p>\n<p><b>Tu n\u2019as jamais quitt\u00e9 les Minguettes, le fief de La Marche <b>pour l&rsquo;\u00e9galit\u00e9 et contre le r<b>acisme<\/b><\/b>\u2026<\/b><\/p>\n<p>Pour certains, s\u2019en sortir, c\u2019est quitter le ghetto et partir au soleil. Quand tu vis heureux l\u00e0 o\u00f9 tu es, tu ne peux pas quitter ton coin comme \u00e7a. Il faut penser \u00e0 tes enfants.\u00a0Pour ce qui est de La Marche, les gens ne savent pas tous que, gr\u00e2ce aux marcheurs comme Toumi Djaidja et les autres, ils ont obtenu la carte de s\u00e9jour. Elle \u00e9tait aussi destin\u00e9e aux Espagnols et aux Portugais. La plupart des beurs \u00e9taient eux-m\u00eame d\u00e9j\u00e0 Fran\u00e7ais !<\/p>\n<p>Des gens comme Harlem D\u00e9sir ont utilis\u00e9 ce mouvement et ont fait de la r\u00e9cup\u00e9ration pour faire leur business avec SOS racisme. Lorsqu\u2019on voit la mani\u00e8re dont sont trait\u00e9s les d\u00e9put\u00e9s d\u2019origine maghr\u00e9bine au PS, \u00e7a laisse \u00e0 r\u00e9fl\u00e9chir. La Marche des beurs \u00e9tait aussi la marche des blancs. Mais comme ces derniers avaient la confession religieuse ou la m\u00eame couleur que les fran\u00e7ais de souche, les choses sont vite pass\u00e9es. Ils se sont \u00e9cart\u00e9s du d\u00e9bat.<\/p>\n<p><iframe loading=\"lazy\" src=\"http:\/\/www.youtube.com\/embed\/u4f_Unxn1PU?wmode=transparent\" height=\"360\" width=\"640\" allowfullscreen=\"\" frameborder=\"0\"><\/iframe><\/p>\n<!-- AddThis Advanced Settings generic via filter on the_content --><!-- AddThis Share Buttons generic via filter on the_content -->","protected":false},"excerpt":{"rendered":"<p>Ancien boxeur et garde du corps, les chapitres de la vie du rappeur des Minguettes s\u2019\u00e9crivent au fil des morceaux, dans un vrai roman urbain. &hellip; <!-- AddThis Advanced Settings generic via filter on wp_trim_excerpt --><!-- AddThis Share Buttons generic via filter on wp_trim_excerpt --><\/p>\n","protected":false},"author":28,"featured_media":5615,"comment_status":"open","ping_status":"open","sticky":false,"template":"","format":"standard","meta":{"_FSMCFIC_featured_image_caption":"","_FSMCFIC_featured_image_nocaption":"","_FSMCFIC_featured_image_hide":"","footnotes":""},"categories":[3,4],"tags":[772,824,973,974,135,10,1028,770,350,825,205,913,822],"class_list":["post-5611","post","type-post","status-publish","format-standard","has-post-thumbnail","hentry","category-culture","category-lyon","tag-dieudonne","tag-egalite","tag-iam","tag-la-fouine","tag-lbb","tag-lyon-2","tag-marechal","tag-minguettes","tag-ps","tag-racisme","tag-rap","tag-rohff","tag-toumi-djaidja"],"yoast_head":"<!-- This site is optimized with the Yoast SEO plugin v22.8 - https:\/\/yoast.com\/wordpress\/plugins\/seo\/ -->\n<title>Marechal, combattant du rap lyonnais - Lyon Bondy Blog<\/title>\n<meta name=\"robots\" content=\"index, follow, max-snippet:-1, max-image-preview:large, max-video-preview:-1\" \/>\n<link rel=\"canonical\" href=\"https:\/\/lyonbondyblog.fr\/LBB\/marechal-combattant-du-rap-lyonnais\/\" \/>\n<meta property=\"og:locale\" content=\"fr_FR\" \/>\n<meta property=\"og:type\" content=\"article\" \/>\n<meta property=\"og:title\" content=\"Marechal, combattant du rap lyonnais - Lyon Bondy Blog\" \/>\n<meta property=\"og:description\" content=\"Ancien boxeur et garde du corps, les chapitres de la vie du rappeur des Minguettes s\u2019\u00e9crivent au fil des morceaux, dans un vrai roman urbain. &hellip;\" \/>\n<meta property=\"og:url\" content=\"https:\/\/lyonbondyblog.fr\/LBB\/marechal-combattant-du-rap-lyonnais\/\" \/>\n<meta property=\"og:site_name\" content=\"Lyon Bondy Blog\" \/>\n<meta property=\"article:publisher\" content=\"https:\/\/www.facebook.com\/lyonbondyblog\" \/>\n<meta property=\"article:published_time\" content=\"2014-01-27T16:56:07+00:00\" \/>\n<meta property=\"article:modified_time\" content=\"2014-02-03T17:16:09+00:00\" \/>\n<meta property=\"og:image\" content=\"https:\/\/lyonbondyblog.fr\/LBB\/wp-content\/uploads\/2014\/01\/383918_273567656080911_976195891_n-1.jpg\" \/>\n\t<meta property=\"og:image:width\" content=\"525\" \/>\n\t<meta property=\"og:image:height\" content=\"350\" \/>\n\t<meta property=\"og:image:type\" content=\"image\/jpeg\" \/>\n<meta name=\"author\" content=\"Mohamed Braiki\" \/>\n<meta name=\"twitter:card\" content=\"summary_large_image\" \/>\n<meta name=\"twitter:creator\" content=\"@bondybloglyon\" \/>\n<meta name=\"twitter:site\" content=\"@bondybloglyon\" \/>\n<script type=\"application\/ld+json\" class=\"yoast-schema-graph\">{\"@context\":\"https:\/\/schema.org\",\"@graph\":[{\"@type\":\"Article\",\"@id\":\"https:\/\/lyonbondyblog.fr\/LBB\/marechal-combattant-du-rap-lyonnais\/#article\",\"isPartOf\":{\"@id\":\"https:\/\/lyonbondyblog.fr\/LBB\/marechal-combattant-du-rap-lyonnais\/\"},\"author\":{\"name\":\"Mohamed Braiki\",\"@id\":\"https:\/\/lyonbondyblog.fr\/LBB\/#\/schema\/person\/558339ea4e67b07f7a2df48e9605b75c\"},\"headline\":\"Marechal, combattant du rap lyonnais\",\"datePublished\":\"2014-01-27T16:56:07+00:00\",\"dateModified\":\"2014-02-03T17:16:09+00:00\",\"mainEntityOfPage\":{\"@id\":\"https:\/\/lyonbondyblog.fr\/LBB\/marechal-combattant-du-rap-lyonnais\/\"},\"wordCount\":1467,\"commentCount\":0,\"publisher\":{\"@id\":\"https:\/\/lyonbondyblog.fr\/LBB\/#organization\"},\"image\":{\"@id\":\"https:\/\/lyonbondyblog.fr\/LBB\/marechal-combattant-du-rap-lyonnais\/#primaryimage\"},\"thumbnailUrl\":\"https:\/\/lyonbondyblog.fr\/LBB\/wp-content\/uploads\/2014\/01\/383918_273567656080911_976195891_n-1.jpg\",\"keywords\":[\"Dieudonn\u00e9\",\"\u00e9galit\u00e9\",\"IAM\",\"La Fouine\",\"LBB\",\"lyon\",\"Marechal\",\"Minguettes\",\"PS\",\"racisme\",\"rap\",\"rohff\",\"Toumi Djaidja\"],\"articleSection\":[\"Culture\",\"Lyon\"],\"inLanguage\":\"fr-FR\",\"potentialAction\":[{\"@type\":\"CommentAction\",\"name\":\"Comment\",\"target\":[\"https:\/\/lyonbondyblog.fr\/LBB\/marechal-combattant-du-rap-lyonnais\/#respond\"]}]},{\"@type\":\"WebPage\",\"@id\":\"https:\/\/lyonbondyblog.fr\/LBB\/marechal-combattant-du-rap-lyonnais\/\",\"url\":\"https:\/\/lyonbondyblog.fr\/LBB\/marechal-combattant-du-rap-lyonnais\/\",\"name\":\"Marechal, combattant du rap lyonnais - Lyon Bondy Blog\",\"isPartOf\":{\"@id\":\"https:\/\/lyonbondyblog.fr\/LBB\/#website\"},\"primaryImageOfPage\":{\"@id\":\"https:\/\/lyonbondyblog.fr\/LBB\/marechal-combattant-du-rap-lyonnais\/#primaryimage\"},\"image\":{\"@id\":\"https:\/\/lyonbondyblog.fr\/LBB\/marechal-combattant-du-rap-lyonnais\/#primaryimage\"},\"thumbnailUrl\":\"https:\/\/lyonbondyblog.fr\/LBB\/wp-content\/uploads\/2014\/01\/383918_273567656080911_976195891_n-1.jpg\",\"datePublished\":\"2014-01-27T16:56:07+00:00\",\"dateModified\":\"2014-02-03T17:16:09+00:00\",\"inLanguage\":\"fr-FR\",\"potentialAction\":[{\"@type\":\"ReadAction\",\"target\":[\"https:\/\/lyonbondyblog.fr\/LBB\/marechal-combattant-du-rap-lyonnais\/\"]}]},{\"@type\":\"ImageObject\",\"inLanguage\":\"fr-FR\",\"@id\":\"https:\/\/lyonbondyblog.fr\/LBB\/marechal-combattant-du-rap-lyonnais\/#primaryimage\",\"url\":\"https:\/\/lyonbondyblog.fr\/LBB\/wp-content\/uploads\/2014\/01\/383918_273567656080911_976195891_n-1.jpg\",\"contentUrl\":\"https:\/\/lyonbondyblog.fr\/LBB\/wp-content\/uploads\/2014\/01\/383918_273567656080911_976195891_n-1.jpg\",\"width\":525,\"height\":350},{\"@type\":\"WebSite\",\"@id\":\"https:\/\/lyonbondyblog.fr\/LBB\/#website\",\"url\":\"https:\/\/lyonbondyblog.fr\/LBB\/\",\"name\":\"Lyon Bondy Blog\",\"description\":\"\",\"publisher\":{\"@id\":\"https:\/\/lyonbondyblog.fr\/LBB\/#organization\"},\"potentialAction\":[{\"@type\":\"SearchAction\",\"target\":{\"@type\":\"EntryPoint\",\"urlTemplate\":\"https:\/\/lyonbondyblog.fr\/LBB\/?s={search_term_string}\"},\"query-input\":\"required name=search_term_string\"}],\"inLanguage\":\"fr-FR\"},{\"@type\":\"Organization\",\"@id\":\"https:\/\/lyonbondyblog.fr\/LBB\/#organization\",\"name\":\"LYON BONDY BLOG\",\"url\":\"https:\/\/lyonbondyblog.fr\/LBB\/\",\"logo\":{\"@type\":\"ImageObject\",\"inLanguage\":\"fr-FR\",\"@id\":\"https:\/\/lyonbondyblog.fr\/LBB\/#\/schema\/logo\/image\/\",\"url\":\"http:\/\/lyonbondyblog.fr\/LBB\/wp-content\/uploads\/2014\/10\/logo-portable-144.png\",\"contentUrl\":\"http:\/\/lyonbondyblog.fr\/LBB\/wp-content\/uploads\/2014\/10\/logo-portable-144.png\",\"width\":144,\"height\":123,\"caption\":\"LYON BONDY BLOG\"},\"image\":{\"@id\":\"https:\/\/lyonbondyblog.fr\/LBB\/#\/schema\/logo\/image\/\"},\"sameAs\":[\"https:\/\/www.facebook.com\/lyonbondyblog\",\"https:\/\/x.com\/bondybloglyon\"]},{\"@type\":\"Person\",\"@id\":\"https:\/\/lyonbondyblog.fr\/LBB\/#\/schema\/person\/558339ea4e67b07f7a2df48e9605b75c\",\"name\":\"Mohamed Braiki\",\"description\":\"Natif de Lyon et enfant des Minguettes, je suis dipl\u00f4m\u00e9 de Lettres de la Fac de Lyon 2 et l\u2019EFAP Rh\u00f4ne Alpes. J\u2019ai roul\u00e9 ma bosse dans des r\u00e9dactions lyonnaises comme la radio Lyon Sport 98.4, Le Progr\u00e8s, Foot 69.fr, Tribune de Lyon et Lyon Capitale. braikimohamed@yahoo.fr\",\"url\":\"https:\/\/lyonbondyblog.fr\/LBB\/author\/mohamed\/\"}]}<\/script>\n<!-- \/ Yoast SEO plugin. -->","yoast_head_json":{"title":"Marechal, combattant du rap lyonnais - Lyon Bondy Blog","robots":{"index":"index","follow":"follow","max-snippet":"max-snippet:-1","max-image-preview":"max-image-preview:large","max-video-preview":"max-video-preview:-1"},"canonical":"https:\/\/lyonbondyblog.fr\/LBB\/marechal-combattant-du-rap-lyonnais\/","og_locale":"fr_FR","og_type":"article","og_title":"Marechal, combattant du rap lyonnais - Lyon Bondy Blog","og_description":"Ancien boxeur et garde du corps, les chapitres de la vie du rappeur des Minguettes s\u2019\u00e9crivent au fil des morceaux, dans un vrai roman urbain. &hellip;","og_url":"https:\/\/lyonbondyblog.fr\/LBB\/marechal-combattant-du-rap-lyonnais\/","og_site_name":"Lyon Bondy Blog","article_publisher":"https:\/\/www.facebook.com\/lyonbondyblog","article_published_time":"2014-01-27T16:56:07+00:00","article_modified_time":"2014-02-03T17:16:09+00:00","og_image":[{"width":525,"height":350,"url":"https:\/\/lyonbondyblog.fr\/LBB\/wp-content\/uploads\/2014\/01\/383918_273567656080911_976195891_n-1.jpg","type":"image\/jpeg"}],"author":"Mohamed Braiki","twitter_card":"summary_large_image","twitter_creator":"@bondybloglyon","twitter_site":"@bondybloglyon","schema":{"@context":"https:\/\/schema.org","@graph":[{"@type":"Article","@id":"https:\/\/lyonbondyblog.fr\/LBB\/marechal-combattant-du-rap-lyonnais\/#article","isPartOf":{"@id":"https:\/\/lyonbondyblog.fr\/LBB\/marechal-combattant-du-rap-lyonnais\/"},"author":{"name":"Mohamed Braiki","@id":"https:\/\/lyonbondyblog.fr\/LBB\/#\/schema\/person\/558339ea4e67b07f7a2df48e9605b75c"},"headline":"Marechal, combattant du rap lyonnais","datePublished":"2014-01-27T16:56:07+00:00","dateModified":"2014-02-03T17:16:09+00:00","mainEntityOfPage":{"@id":"https:\/\/lyonbondyblog.fr\/LBB\/marechal-combattant-du-rap-lyonnais\/"},"wordCount":1467,"commentCount":0,"publisher":{"@id":"https:\/\/lyonbondyblog.fr\/LBB\/#organization"},"image":{"@id":"https:\/\/lyonbondyblog.fr\/LBB\/marechal-combattant-du-rap-lyonnais\/#primaryimage"},"thumbnailUrl":"https:\/\/lyonbondyblog.fr\/LBB\/wp-content\/uploads\/2014\/01\/383918_273567656080911_976195891_n-1.jpg","keywords":["Dieudonn\u00e9","\u00e9galit\u00e9","IAM","La Fouine","LBB","lyon","Marechal","Minguettes","PS","racisme","rap","rohff","Toumi Djaidja"],"articleSection":["Culture","Lyon"],"inLanguage":"fr-FR","potentialAction":[{"@type":"CommentAction","name":"Comment","target":["https:\/\/lyonbondyblog.fr\/LBB\/marechal-combattant-du-rap-lyonnais\/#respond"]}]},{"@type":"WebPage","@id":"https:\/\/lyonbondyblog.fr\/LBB\/marechal-combattant-du-rap-lyonnais\/","url":"https:\/\/lyonbondyblog.fr\/LBB\/marechal-combattant-du-rap-lyonnais\/","name":"Marechal, combattant du rap lyonnais - Lyon Bondy Blog","isPartOf":{"@id":"https:\/\/lyonbondyblog.fr\/LBB\/#website"},"primaryImageOfPage":{"@id":"https:\/\/lyonbondyblog.fr\/LBB\/marechal-combattant-du-rap-lyonnais\/#primaryimage"},"image":{"@id":"https:\/\/lyonbondyblog.fr\/LBB\/marechal-combattant-du-rap-lyonnais\/#primaryimage"},"thumbnailUrl":"https:\/\/lyonbondyblog.fr\/LBB\/wp-content\/uploads\/2014\/01\/383918_273567656080911_976195891_n-1.jpg","datePublished":"2014-01-27T16:56:07+00:00","dateModified":"2014-02-03T17:16:09+00:00","inLanguage":"fr-FR","potentialAction":[{"@type":"ReadAction","target":["https:\/\/lyonbondyblog.fr\/LBB\/marechal-combattant-du-rap-lyonnais\/"]}]},{"@type":"ImageObject","inLanguage":"fr-FR","@id":"https:\/\/lyonbondyblog.fr\/LBB\/marechal-combattant-du-rap-lyonnais\/#primaryimage","url":"https:\/\/lyonbondyblog.fr\/LBB\/wp-content\/uploads\/2014\/01\/383918_273567656080911_976195891_n-1.jpg","contentUrl":"https:\/\/lyonbondyblog.fr\/LBB\/wp-content\/uploads\/2014\/01\/383918_273567656080911_976195891_n-1.jpg","width":525,"height":350},{"@type":"WebSite","@id":"https:\/\/lyonbondyblog.fr\/LBB\/#website","url":"https:\/\/lyonbondyblog.fr\/LBB\/","name":"Lyon Bondy Blog","description":"","publisher":{"@id":"https:\/\/lyonbondyblog.fr\/LBB\/#organization"},"potentialAction":[{"@type":"SearchAction","target":{"@type":"EntryPoint","urlTemplate":"https:\/\/lyonbondyblog.fr\/LBB\/?s={search_term_string}"},"query-input":"required name=search_term_string"}],"inLanguage":"fr-FR"},{"@type":"Organization","@id":"https:\/\/lyonbondyblog.fr\/LBB\/#organization","name":"LYON BONDY BLOG","url":"https:\/\/lyonbondyblog.fr\/LBB\/","logo":{"@type":"ImageObject","inLanguage":"fr-FR","@id":"https:\/\/lyonbondyblog.fr\/LBB\/#\/schema\/logo\/image\/","url":"http:\/\/lyonbondyblog.fr\/LBB\/wp-content\/uploads\/2014\/10\/logo-portable-144.png","contentUrl":"http:\/\/lyonbondyblog.fr\/LBB\/wp-content\/uploads\/2014\/10\/logo-portable-144.png","width":144,"height":123,"caption":"LYON BONDY BLOG"},"image":{"@id":"https:\/\/lyonbondyblog.fr\/LBB\/#\/schema\/logo\/image\/"},"sameAs":["https:\/\/www.facebook.com\/lyonbondyblog","https:\/\/x.com\/bondybloglyon"]},{"@type":"Person","@id":"https:\/\/lyonbondyblog.fr\/LBB\/#\/schema\/person\/558339ea4e67b07f7a2df48e9605b75c","name":"Mohamed Braiki","description":"Natif de Lyon et enfant des Minguettes, je suis dipl\u00f4m\u00e9 de Lettres de la Fac de Lyon 2 et l\u2019EFAP Rh\u00f4ne Alpes. J\u2019ai roul\u00e9 ma bosse dans des r\u00e9dactions lyonnaises comme la radio Lyon Sport 98.4, Le Progr\u00e8s, Foot 69.fr, Tribune de Lyon et Lyon Capitale. braikimohamed@yahoo.fr","url":"https:\/\/lyonbondyblog.fr\/LBB\/author\/mohamed\/"}]}},"_links":{"self":[{"href":"https:\/\/lyonbondyblog.fr\/LBB\/wp-json\/wp\/v2\/posts\/5611","targetHints":{"allow":["GET"]}}],"collection":[{"href":"https:\/\/lyonbondyblog.fr\/LBB\/wp-json\/wp\/v2\/posts"}],"about":[{"href":"https:\/\/lyonbondyblog.fr\/LBB\/wp-json\/wp\/v2\/types\/post"}],"author":[{"embeddable":true,"href":"https:\/\/lyonbondyblog.fr\/LBB\/wp-json\/wp\/v2\/users\/28"}],"replies":[{"embeddable":true,"href":"https:\/\/lyonbondyblog.fr\/LBB\/wp-json\/wp\/v2\/comments?post=5611"}],"version-history":[{"count":0,"href":"https:\/\/lyonbondyblog.fr\/LBB\/wp-json\/wp\/v2\/posts\/5611\/revisions"}],"wp:featuredmedia":[{"embeddable":true,"href":"https:\/\/lyonbondyblog.fr\/LBB\/wp-json\/wp\/v2\/media\/5615"}],"wp:attachment":[{"href":"https:\/\/lyonbondyblog.fr\/LBB\/wp-json\/wp\/v2\/media?parent=5611"}],"wp:term":[{"taxonomy":"category","embeddable":true,"href":"https:\/\/lyonbondyblog.fr\/LBB\/wp-json\/wp\/v2\/categories?post=5611"},{"taxonomy":"post_tag","embeddable":true,"href":"https:\/\/lyonbondyblog.fr\/LBB\/wp-json\/wp\/v2\/tags?post=5611"}],"curies":[{"name":"wp","href":"https:\/\/api.w.org\/{rel}","templated":true}]}}