{"id":5571,"date":"2014-01-23T18:36:34","date_gmt":"2014-01-23T17:36:34","guid":{"rendered":"http:\/\/lyonbondyblog.fr\/LBB\/?p=5571"},"modified":"2014-01-23T18:50:25","modified_gmt":"2014-01-23T17:50:25","slug":"larchipel-des-resistances-quel-antimilitarisme-quel-pacifisme-aujourdhui","status":"publish","type":"post","link":"https:\/\/lyonbondyblog.fr\/LBB\/larchipel-des-resistances-quel-antimilitarisme-quel-pacifisme-aujourdhui\/","title":{"rendered":"LIVEBLOGGING : L&rsquo;archipel des resistances : Quel antimilitarisme et quel pacifisme aujourd&rsquo;hui ?"},"content":{"rendered":"<p><strong>Dans le cadre du Cycle l\u2019Archipel des R\u00e9sistances co-organis\u00e9 par La Maison des Passages, Mediapart, Camedia (l\u2019association des lecteurs de Mediapart) et le Lyon Bondy blog nous accueillons le CEDRATS et l\u2019observatoire des armements sur le th\u00e8me\u00a0: \u00ab\u00a0Les 50 ans du statut des objecteurs de conscience en France\u00a0: quel antimilitarisme et quel pacifisme aujourd\u2019hui\u00a0?<\/strong><\/p>\n<p>Si les r\u00e9fractaires \u00e0 la guerre et \u00e0 l\u2019arm\u00e9e existent depuis toujours en France sous des formes vari\u00e9es (insoumission \u2013 d\u00e9sertion &#8211; etc.), l\u2019objection de conscience sera l\u00e9galis\u00e9e en 1963 apr\u00e8s \u2013notamment- une campagne d\u2019opinion organis\u00e9e par Louis Lecoin, libertaire pacifiste, en particulier dans son journal \u00ab\u00a0Libert\u00e9\u00a0\u00bb et apr\u00e8s sa gr\u00e8ve de la faim de 22 jours en 1962\u00a0: il avait alors 74 ans\u00a0! Bataille relanc\u00e9e par le refus de participer \u00e0 la guerre d\u2019Alg\u00e9rie.<br \/>\nDe nombreuses personnalit\u00e9s, (Camus -Abb\u00e9 Pierre -) interviendront d\u00e8s la fin des ann\u00e9es 1940, par lettres, par p\u00e9titions, par propositions de projets de statut, par manifestations artistiques ou autres, afin d\u2019obtenir la lib\u00e9ration des objecteurs de conscience et la l\u00e9galisation de l\u2019objection.<br \/>\nEn effet, depuis la fin de la seconde guerre mondiale les objecteurs de conscience \u00e9taient syst\u00e9matiquement incarc\u00e9r\u00e9s, certains l\u2019ont \u00e9t\u00e9 pendant une dizaine d\u2019ann\u00e9es.<br \/>\nAujourd\u2019hui, apr\u00e8s la suspension du service militaire obligatoire en 2001, pourquoi et comment poursuivre la lutte contre la militarisation de la soci\u00e9t\u00e9 et favoriser des solutions non arm\u00e9es aux conflits\u00a0?<\/p>\n<p><strong>Intervenants\u00a0:<\/strong><\/p>\n<p><img loading=\"lazy\" decoding=\"async\" alt=\"-\" src=\"http:\/\/www.maisondespassages.org\/squelettes-dist\/puce.gif\" width=\"8\" height=\"11\" \/>\u00a0<strong>Maurice Montet, secr\u00e9taire national de l\u2019Union Pacifiste de France\u00a0:<\/strong><br \/>\n<i>\u00ab\u00a0L\u2019objection de conscience 1963\/2013 en France et en Europe.\u00a0\u00bb<\/i><\/p>\n<p><img loading=\"lazy\" decoding=\"async\" alt=\"-\" src=\"http:\/\/www.maisondespassages.org\/squelettes-dist\/puce.gif\" width=\"8\" height=\"11\" \/>\u00a0<strong>Patrice Bouveret, directeur de l\u2019observatoire des armements, objecteur\u00a0:<\/strong><br \/>\n<i>\u00ab\u00a0Quelle r\u00e9sistance \u00e0 la militarisation en 2014\u00a0?\u00a0\u00bb<\/i><\/p>\n<p><iframe loading=\"lazy\" src=\"http:\/\/www.coveritlive.com\/index2.php\/option=com_altcaster\/task=viewaltcast\/altcast_code=7843186f2a\/width=470\/height=550\/entryLoc=bottom\/titlePage=off\" height=\"550px\" width=\"470px\" frameborder=\"0\" scrolling=\"no\"><\/iframe><\/p>\n<!-- AddThis Advanced Settings generic via filter on the_content --><!-- AddThis Share Buttons generic via filter on the_content -->","protected":false},"excerpt":{"rendered":"<p>Dans le cadre du Cycle l\u2019Archipel des R\u00e9sistances co-organis\u00e9 par La Maison des Passages, Mediapart, Camedia (l\u2019association des lecteurs de Mediapart) et le Lyon Bondy &hellip; <!-- AddThis Advanced Settings generic via filter on wp_trim_excerpt --><!-- AddThis Share Buttons generic via filter on wp_trim_excerpt --><\/p>\n","protected":false},"author":1,"featured_media":5575,"comment_status":"open","ping_status":"open","sticky":false,"template":"","format":"standard","meta":{"_FSMCFIC_featured_image_caption":"","_FSMCFIC_featured_image_nocaption":"","_FSMCFIC_featured_image_hide":"","footnotes":""},"categories":[3,4,2],"tags":[1022,574,575,112,23,1021,1023],"class_list":["post-5571","post","type-post","status-publish","format-standard","has-post-thumbnail","hentry","category-culture","category-lyon","category-societe","tag-antimilitarisme","tag-camedia","tag-la-maison-des-passages","tag-lyon-bondy-blog","tag-mediapart","tag-pacifisme","tag-resistance"],"yoast_head":"<!-- This site is optimized with the Yoast SEO plugin v22.8 - https:\/\/yoast.com\/wordpress\/plugins\/seo\/ -->\n<title>LIVEBLOGGING : L&#039;archipel des resistances : Quel antimilitarisme et quel pacifisme aujourd&#039;hui ? - Lyon Bondy Blog<\/title>\n<meta name=\"robots\" content=\"index, follow, max-snippet:-1, max-image-preview:large, max-video-preview:-1\" \/>\n<link rel=\"canonical\" href=\"https:\/\/lyonbondyblog.fr\/LBB\/larchipel-des-resistances-quel-antimilitarisme-quel-pacifisme-aujourdhui\/\" \/>\n<meta property=\"og:locale\" content=\"fr_FR\" \/>\n<meta property=\"og:type\" content=\"article\" \/>\n<meta property=\"og:title\" content=\"LIVEBLOGGING : L&#039;archipel des resistances : Quel antimilitarisme et quel pacifisme aujourd&#039;hui ? - Lyon Bondy Blog\" \/>\n<meta property=\"og:description\" content=\"Dans le cadre du Cycle l\u2019Archipel des R\u00e9sistances co-organis\u00e9 par La Maison des Passages, Mediapart, Camedia (l\u2019association des lecteurs de Mediapart) et le Lyon Bondy &hellip;\" \/>\n<meta property=\"og:url\" content=\"https:\/\/lyonbondyblog.fr\/LBB\/larchipel-des-resistances-quel-antimilitarisme-quel-pacifisme-aujourdhui\/\" \/>\n<meta property=\"og:site_name\" content=\"Lyon Bondy Blog\" \/>\n<meta property=\"article:publisher\" content=\"https:\/\/www.facebook.com\/lyonbondyblog\" \/>\n<meta property=\"article:author\" content=\"https:\/\/www.facebook.com\/lyonbondyblog\" \/>\n<meta property=\"article:published_time\" content=\"2014-01-23T17:36:34+00:00\" \/>\n<meta property=\"article:modified_time\" content=\"2014-01-23T17:50:25+00:00\" \/>\n<meta property=\"og:image\" content=\"https:\/\/lyonbondyblog.fr\/LBB\/wp-content\/uploads\/2014\/01\/Capture-d\u2019e\u0301cran-2014-01-23-a\u0300-18.47.03.png\" \/>\n\t<meta property=\"og:image:width\" content=\"581\" \/>\n\t<meta property=\"og:image:height\" content=\"256\" \/>\n\t<meta property=\"og:image:type\" content=\"image\/png\" \/>\n<meta name=\"author\" content=\"La r\u00e9daction\" \/>\n<meta name=\"twitter:card\" content=\"summary_large_image\" \/>\n<meta name=\"twitter:creator\" content=\"@BondyBlogLyon\" \/>\n<meta name=\"twitter:site\" content=\"@bondybloglyon\" \/>\n<script type=\"application\/ld+json\" class=\"yoast-schema-graph\">{\"@context\":\"https:\/\/schema.org\",\"@graph\":[{\"@type\":\"Article\",\"@id\":\"https:\/\/lyonbondyblog.fr\/LBB\/larchipel-des-resistances-quel-antimilitarisme-quel-pacifisme-aujourdhui\/#article\",\"isPartOf\":{\"@id\":\"https:\/\/lyonbondyblog.fr\/LBB\/larchipel-des-resistances-quel-antimilitarisme-quel-pacifisme-aujourdhui\/\"},\"author\":{\"name\":\"La r\u00e9daction\",\"@id\":\"https:\/\/lyonbondyblog.fr\/LBB\/#\/schema\/person\/e45f8d27baac75072daa0be50c409b25\"},\"headline\":\"LIVEBLOGGING : L&rsquo;archipel des resistances : Quel antimilitarisme et quel pacifisme aujourd&rsquo;hui ?\",\"datePublished\":\"2014-01-23T17:36:34+00:00\",\"dateModified\":\"2014-01-23T17:50:25+00:00\",\"mainEntityOfPage\":{\"@id\":\"https:\/\/lyonbondyblog.fr\/LBB\/larchipel-des-resistances-quel-antimilitarisme-quel-pacifisme-aujourdhui\/\"},\"wordCount\":300,\"commentCount\":0,\"publisher\":{\"@id\":\"https:\/\/lyonbondyblog.fr\/LBB\/#organization\"},\"image\":{\"@id\":\"https:\/\/lyonbondyblog.fr\/LBB\/larchipel-des-resistances-quel-antimilitarisme-quel-pacifisme-aujourdhui\/#primaryimage\"},\"thumbnailUrl\":\"https:\/\/lyonbondyblog.fr\/LBB\/wp-content\/uploads\/2014\/01\/Capture-d\u2019e\u0301cran-2014-01-23-a\u0300-18.47.03.png\",\"keywords\":[\"antimilitarisme\",\"Cam\u00e9dia\",\"La maison des passages\",\"Lyon Bondy Blog\",\"mediapart\",\"pacifisme\",\"resistance\"],\"articleSection\":[\"Culture\",\"Lyon\",\"Soci\u00e9t\u00e9\"],\"inLanguage\":\"fr-FR\",\"potentialAction\":[{\"@type\":\"CommentAction\",\"name\":\"Comment\",\"target\":[\"https:\/\/lyonbondyblog.fr\/LBB\/larchipel-des-resistances-quel-antimilitarisme-quel-pacifisme-aujourdhui\/#respond\"]}]},{\"@type\":\"WebPage\",\"@id\":\"https:\/\/lyonbondyblog.fr\/LBB\/larchipel-des-resistances-quel-antimilitarisme-quel-pacifisme-aujourdhui\/\",\"url\":\"https:\/\/lyonbondyblog.fr\/LBB\/larchipel-des-resistances-quel-antimilitarisme-quel-pacifisme-aujourdhui\/\",\"name\":\"LIVEBLOGGING : L'archipel des resistances : Quel antimilitarisme et quel pacifisme aujourd'hui ? - Lyon Bondy Blog\",\"isPartOf\":{\"@id\":\"https:\/\/lyonbondyblog.fr\/LBB\/#website\"},\"primaryImageOfPage\":{\"@id\":\"https:\/\/lyonbondyblog.fr\/LBB\/larchipel-des-resistances-quel-antimilitarisme-quel-pacifisme-aujourdhui\/#primaryimage\"},\"image\":{\"@id\":\"https:\/\/lyonbondyblog.fr\/LBB\/larchipel-des-resistances-quel-antimilitarisme-quel-pacifisme-aujourdhui\/#primaryimage\"},\"thumbnailUrl\":\"https:\/\/lyonbondyblog.fr\/LBB\/wp-content\/uploads\/2014\/01\/Capture-d\u2019e\u0301cran-2014-01-23-a\u0300-18.47.03.png\",\"datePublished\":\"2014-01-23T17:36:34+00:00\",\"dateModified\":\"2014-01-23T17:50:25+00:00\",\"inLanguage\":\"fr-FR\",\"potentialAction\":[{\"@type\":\"ReadAction\",\"target\":[\"https:\/\/lyonbondyblog.fr\/LBB\/larchipel-des-resistances-quel-antimilitarisme-quel-pacifisme-aujourdhui\/\"]}]},{\"@type\":\"ImageObject\",\"inLanguage\":\"fr-FR\",\"@id\":\"https:\/\/lyonbondyblog.fr\/LBB\/larchipel-des-resistances-quel-antimilitarisme-quel-pacifisme-aujourdhui\/#primaryimage\",\"url\":\"https:\/\/lyonbondyblog.fr\/LBB\/wp-content\/uploads\/2014\/01\/Capture-d\u2019e\u0301cran-2014-01-23-a\u0300-18.47.03.png\",\"contentUrl\":\"https:\/\/lyonbondyblog.fr\/LBB\/wp-content\/uploads\/2014\/01\/Capture-d\u2019e\u0301cran-2014-01-23-a\u0300-18.47.03.png\",\"width\":581,\"height\":256},{\"@type\":\"WebSite\",\"@id\":\"https:\/\/lyonbondyblog.fr\/LBB\/#website\",\"url\":\"https:\/\/lyonbondyblog.fr\/LBB\/\",\"name\":\"Lyon Bondy Blog\",\"description\":\"\",\"publisher\":{\"@id\":\"https:\/\/lyonbondyblog.fr\/LBB\/#organization\"},\"potentialAction\":[{\"@type\":\"SearchAction\",\"target\":{\"@type\":\"EntryPoint\",\"urlTemplate\":\"https:\/\/lyonbondyblog.fr\/LBB\/?s={search_term_string}\"},\"query-input\":\"required name=search_term_string\"}],\"inLanguage\":\"fr-FR\"},{\"@type\":\"Organization\",\"@id\":\"https:\/\/lyonbondyblog.fr\/LBB\/#organization\",\"name\":\"LYON BONDY BLOG\",\"url\":\"https:\/\/lyonbondyblog.fr\/LBB\/\",\"logo\":{\"@type\":\"ImageObject\",\"inLanguage\":\"fr-FR\",\"@id\":\"https:\/\/lyonbondyblog.fr\/LBB\/#\/schema\/logo\/image\/\",\"url\":\"http:\/\/lyonbondyblog.fr\/LBB\/wp-content\/uploads\/2014\/10\/logo-portable-144.png\",\"contentUrl\":\"http:\/\/lyonbondyblog.fr\/LBB\/wp-content\/uploads\/2014\/10\/logo-portable-144.png\",\"width\":144,\"height\":123,\"caption\":\"LYON BONDY BLOG\"},\"image\":{\"@id\":\"https:\/\/lyonbondyblog.fr\/LBB\/#\/schema\/logo\/image\/\"},\"sameAs\":[\"https:\/\/www.facebook.com\/lyonbondyblog\",\"https:\/\/x.com\/bondybloglyon\"]},{\"@type\":\"Person\",\"@id\":\"https:\/\/lyonbondyblog.fr\/LBB\/#\/schema\/person\/e45f8d27baac75072daa0be50c409b25\",\"name\":\"La r\u00e9daction\",\"description\":\"Cr\u00e9e en 2008, la r\u00e9daction du Lyon Bondy Blog s'applique \u00e0 proposer une information locale diff\u00e9rente et compl\u00e9mentaire des m\u00e9dias traditionnels.\",\"sameAs\":[\"https:\/\/www.facebook.com\/lyonbondyblog\",\"https:\/\/x.com\/BondyBlogLyon\"],\"url\":\"https:\/\/lyonbondyblog.fr\/LBB\/author\/admin\/\"}]}<\/script>\n<!-- \/ Yoast SEO plugin. -->","yoast_head_json":{"title":"LIVEBLOGGING : L'archipel des resistances : Quel antimilitarisme et quel pacifisme aujourd'hui ? - Lyon Bondy Blog","robots":{"index":"index","follow":"follow","max-snippet":"max-snippet:-1","max-image-preview":"max-image-preview:large","max-video-preview":"max-video-preview:-1"},"canonical":"https:\/\/lyonbondyblog.fr\/LBB\/larchipel-des-resistances-quel-antimilitarisme-quel-pacifisme-aujourdhui\/","og_locale":"fr_FR","og_type":"article","og_title":"LIVEBLOGGING : L'archipel des resistances : Quel antimilitarisme et quel pacifisme aujourd'hui ? - Lyon Bondy Blog","og_description":"Dans le cadre du Cycle l\u2019Archipel des R\u00e9sistances co-organis\u00e9 par La Maison des Passages, Mediapart, Camedia (l\u2019association des lecteurs de Mediapart) et le Lyon Bondy &hellip;","og_url":"https:\/\/lyonbondyblog.fr\/LBB\/larchipel-des-resistances-quel-antimilitarisme-quel-pacifisme-aujourdhui\/","og_site_name":"Lyon Bondy Blog","article_publisher":"https:\/\/www.facebook.com\/lyonbondyblog","article_author":"https:\/\/www.facebook.com\/lyonbondyblog","article_published_time":"2014-01-23T17:36:34+00:00","article_modified_time":"2014-01-23T17:50:25+00:00","og_image":[{"width":581,"height":256,"url":"https:\/\/lyonbondyblog.fr\/LBB\/wp-content\/uploads\/2014\/01\/Capture-d\u2019e\u0301cran-2014-01-23-a\u0300-18.47.03.png","type":"image\/png"}],"author":"La r\u00e9daction","twitter_card":"summary_large_image","twitter_creator":"@BondyBlogLyon","twitter_site":"@bondybloglyon","schema":{"@context":"https:\/\/schema.org","@graph":[{"@type":"Article","@id":"https:\/\/lyonbondyblog.fr\/LBB\/larchipel-des-resistances-quel-antimilitarisme-quel-pacifisme-aujourdhui\/#article","isPartOf":{"@id":"https:\/\/lyonbondyblog.fr\/LBB\/larchipel-des-resistances-quel-antimilitarisme-quel-pacifisme-aujourdhui\/"},"author":{"name":"La r\u00e9daction","@id":"https:\/\/lyonbondyblog.fr\/LBB\/#\/schema\/person\/e45f8d27baac75072daa0be50c409b25"},"headline":"LIVEBLOGGING : L&rsquo;archipel des resistances : Quel antimilitarisme et quel pacifisme aujourd&rsquo;hui ?","datePublished":"2014-01-23T17:36:34+00:00","dateModified":"2014-01-23T17:50:25+00:00","mainEntityOfPage":{"@id":"https:\/\/lyonbondyblog.fr\/LBB\/larchipel-des-resistances-quel-antimilitarisme-quel-pacifisme-aujourdhui\/"},"wordCount":300,"commentCount":0,"publisher":{"@id":"https:\/\/lyonbondyblog.fr\/LBB\/#organization"},"image":{"@id":"https:\/\/lyonbondyblog.fr\/LBB\/larchipel-des-resistances-quel-antimilitarisme-quel-pacifisme-aujourdhui\/#primaryimage"},"thumbnailUrl":"https:\/\/lyonbondyblog.fr\/LBB\/wp-content\/uploads\/2014\/01\/Capture-d\u2019e\u0301cran-2014-01-23-a\u0300-18.47.03.png","keywords":["antimilitarisme","Cam\u00e9dia","La maison des passages","Lyon Bondy Blog","mediapart","pacifisme","resistance"],"articleSection":["Culture","Lyon","Soci\u00e9t\u00e9"],"inLanguage":"fr-FR","potentialAction":[{"@type":"CommentAction","name":"Comment","target":["https:\/\/lyonbondyblog.fr\/LBB\/larchipel-des-resistances-quel-antimilitarisme-quel-pacifisme-aujourdhui\/#respond"]}]},{"@type":"WebPage","@id":"https:\/\/lyonbondyblog.fr\/LBB\/larchipel-des-resistances-quel-antimilitarisme-quel-pacifisme-aujourdhui\/","url":"https:\/\/lyonbondyblog.fr\/LBB\/larchipel-des-resistances-quel-antimilitarisme-quel-pacifisme-aujourdhui\/","name":"LIVEBLOGGING : L'archipel des resistances : Quel antimilitarisme et quel pacifisme aujourd'hui ? - Lyon Bondy Blog","isPartOf":{"@id":"https:\/\/lyonbondyblog.fr\/LBB\/#website"},"primaryImageOfPage":{"@id":"https:\/\/lyonbondyblog.fr\/LBB\/larchipel-des-resistances-quel-antimilitarisme-quel-pacifisme-aujourdhui\/#primaryimage"},"image":{"@id":"https:\/\/lyonbondyblog.fr\/LBB\/larchipel-des-resistances-quel-antimilitarisme-quel-pacifisme-aujourdhui\/#primaryimage"},"thumbnailUrl":"https:\/\/lyonbondyblog.fr\/LBB\/wp-content\/uploads\/2014\/01\/Capture-d\u2019e\u0301cran-2014-01-23-a\u0300-18.47.03.png","datePublished":"2014-01-23T17:36:34+00:00","dateModified":"2014-01-23T17:50:25+00:00","inLanguage":"fr-FR","potentialAction":[{"@type":"ReadAction","target":["https:\/\/lyonbondyblog.fr\/LBB\/larchipel-des-resistances-quel-antimilitarisme-quel-pacifisme-aujourdhui\/"]}]},{"@type":"ImageObject","inLanguage":"fr-FR","@id":"https:\/\/lyonbondyblog.fr\/LBB\/larchipel-des-resistances-quel-antimilitarisme-quel-pacifisme-aujourdhui\/#primaryimage","url":"https:\/\/lyonbondyblog.fr\/LBB\/wp-content\/uploads\/2014\/01\/Capture-d\u2019e\u0301cran-2014-01-23-a\u0300-18.47.03.png","contentUrl":"https:\/\/lyonbondyblog.fr\/LBB\/wp-content\/uploads\/2014\/01\/Capture-d\u2019e\u0301cran-2014-01-23-a\u0300-18.47.03.png","width":581,"height":256},{"@type":"WebSite","@id":"https:\/\/lyonbondyblog.fr\/LBB\/#website","url":"https:\/\/lyonbondyblog.fr\/LBB\/","name":"Lyon Bondy Blog","description":"","publisher":{"@id":"https:\/\/lyonbondyblog.fr\/LBB\/#organization"},"potentialAction":[{"@type":"SearchAction","target":{"@type":"EntryPoint","urlTemplate":"https:\/\/lyonbondyblog.fr\/LBB\/?s={search_term_string}"},"query-input":"required name=search_term_string"}],"inLanguage":"fr-FR"},{"@type":"Organization","@id":"https:\/\/lyonbondyblog.fr\/LBB\/#organization","name":"LYON BONDY BLOG","url":"https:\/\/lyonbondyblog.fr\/LBB\/","logo":{"@type":"ImageObject","inLanguage":"fr-FR","@id":"https:\/\/lyonbondyblog.fr\/LBB\/#\/schema\/logo\/image\/","url":"http:\/\/lyonbondyblog.fr\/LBB\/wp-content\/uploads\/2014\/10\/logo-portable-144.png","contentUrl":"http:\/\/lyonbondyblog.fr\/LBB\/wp-content\/uploads\/2014\/10\/logo-portable-144.png","width":144,"height":123,"caption":"LYON BONDY BLOG"},"image":{"@id":"https:\/\/lyonbondyblog.fr\/LBB\/#\/schema\/logo\/image\/"},"sameAs":["https:\/\/www.facebook.com\/lyonbondyblog","https:\/\/x.com\/bondybloglyon"]},{"@type":"Person","@id":"https:\/\/lyonbondyblog.fr\/LBB\/#\/schema\/person\/e45f8d27baac75072daa0be50c409b25","name":"La r\u00e9daction","description":"Cr\u00e9e en 2008, la r\u00e9daction du Lyon Bondy Blog s'applique \u00e0 proposer une information locale diff\u00e9rente et compl\u00e9mentaire des m\u00e9dias traditionnels.","sameAs":["https:\/\/www.facebook.com\/lyonbondyblog","https:\/\/x.com\/BondyBlogLyon"],"url":"https:\/\/lyonbondyblog.fr\/LBB\/author\/admin\/"}]}},"_links":{"self":[{"href":"https:\/\/lyonbondyblog.fr\/LBB\/wp-json\/wp\/v2\/posts\/5571","targetHints":{"allow":["GET"]}}],"collection":[{"href":"https:\/\/lyonbondyblog.fr\/LBB\/wp-json\/wp\/v2\/posts"}],"about":[{"href":"https:\/\/lyonbondyblog.fr\/LBB\/wp-json\/wp\/v2\/types\/post"}],"author":[{"embeddable":true,"href":"https:\/\/lyonbondyblog.fr\/LBB\/wp-json\/wp\/v2\/users\/1"}],"replies":[{"embeddable":true,"href":"https:\/\/lyonbondyblog.fr\/LBB\/wp-json\/wp\/v2\/comments?post=5571"}],"version-history":[{"count":0,"href":"https:\/\/lyonbondyblog.fr\/LBB\/wp-json\/wp\/v2\/posts\/5571\/revisions"}],"wp:featuredmedia":[{"embeddable":true,"href":"https:\/\/lyonbondyblog.fr\/LBB\/wp-json\/wp\/v2\/media\/5575"}],"wp:attachment":[{"href":"https:\/\/lyonbondyblog.fr\/LBB\/wp-json\/wp\/v2\/media?parent=5571"}],"wp:term":[{"taxonomy":"category","embeddable":true,"href":"https:\/\/lyonbondyblog.fr\/LBB\/wp-json\/wp\/v2\/categories?post=5571"},{"taxonomy":"post_tag","embeddable":true,"href":"https:\/\/lyonbondyblog.fr\/LBB\/wp-json\/wp\/v2\/tags?post=5571"}],"curies":[{"name":"wp","href":"https:\/\/api.w.org\/{rel}","templated":true}]}}