{"id":5515,"date":"2014-01-09T16:02:35","date_gmt":"2014-01-09T15:02:35","guid":{"rendered":"http:\/\/lyonbondyblog.fr\/LBB\/?p=5515"},"modified":"2014-01-09T17:07:18","modified_gmt":"2014-01-09T16:07:18","slug":"lyon-bondy-live-s03e9-bienvenue-en-2014-2","status":"publish","type":"post","link":"https:\/\/lyonbondyblog.fr\/LBB\/lyon-bondy-live-s03e9-bienvenue-en-2014-2\/","title":{"rendered":"Lyon Bondy Live S03E9, Bienvenue en 2014 !"},"content":{"rendered":"<p>Pour cette premi\u00e8re \u00e9mission de l&rsquo;ann\u00e9e 2014 le LBL fait le bilan avec s\u00e9rieux et humour sur la premi\u00e8re partie de saison.<\/p>\n<p><iframe loading=\"lazy\" src=\"https:\/\/w.soundcloud.com\/player\/?url=https%3A\/\/api.soundcloud.com\/tracks\/128151886&amp;color=ff6600&amp;auto_play=false&amp;show_artwork=true\" height=\"166\" width=\"100%\" frameborder=\"no\" scrolling=\"no\"><\/iframe><\/p>\n<p><strong>Sommaire\u00a0:<\/strong><\/p>\n<p>Pr\u00e9sentation de l&rsquo;\u00e9mission: D\u00e9but \u00e0 00:54<br \/>\nLe meilleur de l&rsquo;AOD Festival: 00:55 \u00e0 10:11<br \/>\nLe meilleur de REAL: 10:12 \u00e0 23:10<br \/>\nLe meilleur de la Marche pour l&rsquo;\u00e9galit\u00e9 et contre le racisme\u00a0: 23:11 \u00e0 34:04<br \/>\nLe Lyon Bondy Live des sujets s\u00e9rieux mais aussi du rire avec le Best-of du Professeur Loufok: 34:05 \u00e0 36:35<br \/>\nLe Coup de c\u0153ur musical de l&rsquo;ann\u00e9e de Sydney, Si j&rsquo;avais 20 d&rsquo;IAM: 36:36 \u00e0 41:08<br \/>\nLe Coup de c\u0153ur du Lyon Bondy Live, Sylvain Lyon Bondy Blogueur et membre de 69Flow nous parle du festival Graff ik art : 41:09 \u00e0 43:31<br \/>\nLe Coup de c\u0153ur musical de l&rsquo;ann\u00e9e de Lopez, Corbeau Blanc de Julien Dor\u00e9 : 43:32 \u00e0 49:26<br \/>\nLe Quizz du Lyon Bondy Live, Sydney teste les connaissances de Lopez : 49:27 \u00e0\u00a0 53:56<br \/>\nAu Lyon Bondy Live on \u00e0 du c\u0153ur, voici un autre coup de c\u0153ur du LBL, cette fois sur le groupe de rap Villeurbanne Street Connection: 53:57 \u00e0 56:36<br \/>\nFin de l&rsquo;\u00e9mission : 56:37 \u00e0 la fin<\/p>\n<p><a href=\"https:\/\/lyonbondyblog.fr\/LBB\/wp-content\/uploads\/2014\/01\/Syd-1.jpg\"><img loading=\"lazy\" decoding=\"async\" width=\"600\" height=\"450\" class=\"alignleft size-full wp-image-5522\" alt=\"Syd\" src=\"https:\/\/lyonbondyblog.fr\/LBB\/wp-content\/uploads\/2014\/01\/Syd-1.jpg\" srcset=\"https:\/\/lyonbondyblog.fr\/LBB\/wp-content\/uploads\/2014\/01\/Syd-1.jpg 600w, https:\/\/lyonbondyblog.fr\/LBB\/wp-content\/uploads\/2014\/01\/Syd-1-300x225.jpg 300w\" sizes=\"auto, (max-width: 600px) 100vw, 600px\" \/><\/a><\/p>\n<p>En 2014 le Lyon Bondy Live se rallonge, rendez-vous dans deux semaines \u00e0 19H02 pour une nouvelle \u00e9mission du LBL.<br \/>\nEn attendant vous pouvez \u00e0 suivre l&rsquo;actualit\u00e9 du Lyon Bondy Live sur Twitter (https:\/\/twitter.com\/LyonBondyLive) et sur Facebook (https:\/\/www.facebook.com\/LyonBondyLive)<\/p>\n<!-- AddThis Advanced Settings generic via filter on the_content --><!-- AddThis Share Buttons generic via filter on the_content -->","protected":false},"excerpt":{"rendered":"<p>Pour cette premi\u00e8re \u00e9mission de l&rsquo;ann\u00e9e 2014 le LBL fait le bilan avec s\u00e9rieux et humour sur la premi\u00e8re partie de saison. Sommaire\u00a0: Pr\u00e9sentation de &hellip; <!-- AddThis Advanced Settings generic via filter on wp_trim_excerpt --><!-- AddThis Share Buttons generic via filter on wp_trim_excerpt --><\/p>\n","protected":false},"author":1,"featured_media":5524,"comment_status":"open","ping_status":"open","sticky":false,"template":"","format":"standard","meta":{"_FSMCFIC_featured_image_caption":"","_FSMCFIC_featured_image_nocaption":"","_FSMCFIC_featured_image_hide":"","footnotes":""},"categories":[4,900],"tags":[614,949,973,960,857,112,336,910,128],"class_list":["post-5515","post","type-post","status-publish","format-standard","has-post-thumbnail","hentry","category-lyon","category-radio-2","tag-614","tag-aod-festival","tag-iam","tag-la-marche-pour-legalite-et-contre-le-racisme","tag-lbl","tag-lyon-bondy-blog","tag-lyon-bondy-live","tag-professeur-loufok","tag-villeurbanne"],"yoast_head":"<!-- This site is optimized with the Yoast SEO plugin v22.8 - https:\/\/yoast.com\/wordpress\/plugins\/seo\/ -->\n<title>Lyon Bondy Live S03E9, Bienvenue en 2014 ! - Lyon Bondy Blog<\/title>\n<meta name=\"robots\" content=\"index, follow, max-snippet:-1, max-image-preview:large, max-video-preview:-1\" \/>\n<link rel=\"canonical\" href=\"https:\/\/lyonbondyblog.fr\/LBB\/lyon-bondy-live-s03e9-bienvenue-en-2014-2\/\" \/>\n<meta property=\"og:locale\" content=\"fr_FR\" \/>\n<meta property=\"og:type\" content=\"article\" \/>\n<meta property=\"og:title\" content=\"Lyon Bondy Live S03E9, Bienvenue en 2014 ! - Lyon Bondy Blog\" \/>\n<meta property=\"og:description\" content=\"Pour cette premi\u00e8re \u00e9mission de l&rsquo;ann\u00e9e 2014 le LBL fait le bilan avec s\u00e9rieux et humour sur la premi\u00e8re partie de saison. Sommaire\u00a0: Pr\u00e9sentation de &hellip;\" \/>\n<meta property=\"og:url\" content=\"https:\/\/lyonbondyblog.fr\/LBB\/lyon-bondy-live-s03e9-bienvenue-en-2014-2\/\" \/>\n<meta property=\"og:site_name\" content=\"Lyon Bondy Blog\" \/>\n<meta property=\"article:publisher\" content=\"https:\/\/www.facebook.com\/lyonbondyblog\" \/>\n<meta property=\"article:author\" content=\"https:\/\/www.facebook.com\/lyonbondyblog\" \/>\n<meta property=\"article:published_time\" content=\"2014-01-09T15:02:35+00:00\" \/>\n<meta property=\"article:modified_time\" content=\"2014-01-09T16:07:18+00:00\" \/>\n<meta property=\"og:image\" content=\"https:\/\/lyonbondyblog.fr\/LBB\/wp-content\/uploads\/2014\/01\/radio-pluriel.jpg\" \/>\n\t<meta property=\"og:image:width\" content=\"600\" \/>\n\t<meta property=\"og:image:height\" content=\"350\" \/>\n\t<meta property=\"og:image:type\" content=\"image\/jpeg\" \/>\n<meta name=\"author\" content=\"La r\u00e9daction\" \/>\n<meta name=\"twitter:card\" content=\"summary_large_image\" \/>\n<meta name=\"twitter:creator\" content=\"@BondyBlogLyon\" \/>\n<meta name=\"twitter:site\" content=\"@bondybloglyon\" \/>\n<script type=\"application\/ld+json\" class=\"yoast-schema-graph\">{\"@context\":\"https:\/\/schema.org\",\"@graph\":[{\"@type\":\"Article\",\"@id\":\"https:\/\/lyonbondyblog.fr\/LBB\/lyon-bondy-live-s03e9-bienvenue-en-2014-2\/#article\",\"isPartOf\":{\"@id\":\"https:\/\/lyonbondyblog.fr\/LBB\/lyon-bondy-live-s03e9-bienvenue-en-2014-2\/\"},\"author\":{\"name\":\"La r\u00e9daction\",\"@id\":\"https:\/\/lyonbondyblog.fr\/LBB\/#\/schema\/person\/e45f8d27baac75072daa0be50c409b25\"},\"headline\":\"Lyon Bondy Live S03E9, Bienvenue en 2014 !\",\"datePublished\":\"2014-01-09T15:02:35+00:00\",\"dateModified\":\"2014-01-09T16:07:18+00:00\",\"mainEntityOfPage\":{\"@id\":\"https:\/\/lyonbondyblog.fr\/LBB\/lyon-bondy-live-s03e9-bienvenue-en-2014-2\/\"},\"wordCount\":220,\"commentCount\":0,\"publisher\":{\"@id\":\"https:\/\/lyonbondyblog.fr\/LBB\/#organization\"},\"image\":{\"@id\":\"https:\/\/lyonbondyblog.fr\/LBB\/lyon-bondy-live-s03e9-bienvenue-en-2014-2\/#primaryimage\"},\"thumbnailUrl\":\"https:\/\/lyonbondyblog.fr\/LBB\/wp-content\/uploads\/2014\/01\/radio-pluriel.jpg\",\"keywords\":[\"2014\",\"AOD festival\",\"IAM\",\"La Marche pour l'\u00e9galit\u00e9 et contre le racisme\",\"LBL\",\"Lyon Bondy Blog\",\"Lyon Bondy Live\",\"professeur Loufok\",\"Villeurbanne\"],\"articleSection\":[\"Lyon\",\"Radio\"],\"inLanguage\":\"fr-FR\",\"potentialAction\":[{\"@type\":\"CommentAction\",\"name\":\"Comment\",\"target\":[\"https:\/\/lyonbondyblog.fr\/LBB\/lyon-bondy-live-s03e9-bienvenue-en-2014-2\/#respond\"]}]},{\"@type\":\"WebPage\",\"@id\":\"https:\/\/lyonbondyblog.fr\/LBB\/lyon-bondy-live-s03e9-bienvenue-en-2014-2\/\",\"url\":\"https:\/\/lyonbondyblog.fr\/LBB\/lyon-bondy-live-s03e9-bienvenue-en-2014-2\/\",\"name\":\"Lyon Bondy Live S03E9, Bienvenue en 2014 ! - Lyon Bondy Blog\",\"isPartOf\":{\"@id\":\"https:\/\/lyonbondyblog.fr\/LBB\/#website\"},\"primaryImageOfPage\":{\"@id\":\"https:\/\/lyonbondyblog.fr\/LBB\/lyon-bondy-live-s03e9-bienvenue-en-2014-2\/#primaryimage\"},\"image\":{\"@id\":\"https:\/\/lyonbondyblog.fr\/LBB\/lyon-bondy-live-s03e9-bienvenue-en-2014-2\/#primaryimage\"},\"thumbnailUrl\":\"https:\/\/lyonbondyblog.fr\/LBB\/wp-content\/uploads\/2014\/01\/radio-pluriel.jpg\",\"datePublished\":\"2014-01-09T15:02:35+00:00\",\"dateModified\":\"2014-01-09T16:07:18+00:00\",\"inLanguage\":\"fr-FR\",\"potentialAction\":[{\"@type\":\"ReadAction\",\"target\":[\"https:\/\/lyonbondyblog.fr\/LBB\/lyon-bondy-live-s03e9-bienvenue-en-2014-2\/\"]}]},{\"@type\":\"ImageObject\",\"inLanguage\":\"fr-FR\",\"@id\":\"https:\/\/lyonbondyblog.fr\/LBB\/lyon-bondy-live-s03e9-bienvenue-en-2014-2\/#primaryimage\",\"url\":\"https:\/\/lyonbondyblog.fr\/LBB\/wp-content\/uploads\/2014\/01\/radio-pluriel.jpg\",\"contentUrl\":\"https:\/\/lyonbondyblog.fr\/LBB\/wp-content\/uploads\/2014\/01\/radio-pluriel.jpg\",\"width\":600,\"height\":350},{\"@type\":\"WebSite\",\"@id\":\"https:\/\/lyonbondyblog.fr\/LBB\/#website\",\"url\":\"https:\/\/lyonbondyblog.fr\/LBB\/\",\"name\":\"Lyon Bondy Blog\",\"description\":\"\",\"publisher\":{\"@id\":\"https:\/\/lyonbondyblog.fr\/LBB\/#organization\"},\"potentialAction\":[{\"@type\":\"SearchAction\",\"target\":{\"@type\":\"EntryPoint\",\"urlTemplate\":\"https:\/\/lyonbondyblog.fr\/LBB\/?s={search_term_string}\"},\"query-input\":\"required name=search_term_string\"}],\"inLanguage\":\"fr-FR\"},{\"@type\":\"Organization\",\"@id\":\"https:\/\/lyonbondyblog.fr\/LBB\/#organization\",\"name\":\"LYON BONDY BLOG\",\"url\":\"https:\/\/lyonbondyblog.fr\/LBB\/\",\"logo\":{\"@type\":\"ImageObject\",\"inLanguage\":\"fr-FR\",\"@id\":\"https:\/\/lyonbondyblog.fr\/LBB\/#\/schema\/logo\/image\/\",\"url\":\"http:\/\/lyonbondyblog.fr\/LBB\/wp-content\/uploads\/2014\/10\/logo-portable-144.png\",\"contentUrl\":\"http:\/\/lyonbondyblog.fr\/LBB\/wp-content\/uploads\/2014\/10\/logo-portable-144.png\",\"width\":144,\"height\":123,\"caption\":\"LYON BONDY BLOG\"},\"image\":{\"@id\":\"https:\/\/lyonbondyblog.fr\/LBB\/#\/schema\/logo\/image\/\"},\"sameAs\":[\"https:\/\/www.facebook.com\/lyonbondyblog\",\"https:\/\/x.com\/bondybloglyon\"]},{\"@type\":\"Person\",\"@id\":\"https:\/\/lyonbondyblog.fr\/LBB\/#\/schema\/person\/e45f8d27baac75072daa0be50c409b25\",\"name\":\"La r\u00e9daction\",\"description\":\"Cr\u00e9e en 2008, la r\u00e9daction du Lyon Bondy Blog s'applique \u00e0 proposer une information locale diff\u00e9rente et compl\u00e9mentaire des m\u00e9dias traditionnels.\",\"sameAs\":[\"https:\/\/www.facebook.com\/lyonbondyblog\",\"https:\/\/x.com\/BondyBlogLyon\"],\"url\":\"https:\/\/lyonbondyblog.fr\/LBB\/author\/admin\/\"}]}<\/script>\n<!-- \/ Yoast SEO plugin. -->","yoast_head_json":{"title":"Lyon Bondy Live S03E9, Bienvenue en 2014 ! - Lyon Bondy Blog","robots":{"index":"index","follow":"follow","max-snippet":"max-snippet:-1","max-image-preview":"max-image-preview:large","max-video-preview":"max-video-preview:-1"},"canonical":"https:\/\/lyonbondyblog.fr\/LBB\/lyon-bondy-live-s03e9-bienvenue-en-2014-2\/","og_locale":"fr_FR","og_type":"article","og_title":"Lyon Bondy Live S03E9, Bienvenue en 2014 ! - Lyon Bondy Blog","og_description":"Pour cette premi\u00e8re \u00e9mission de l&rsquo;ann\u00e9e 2014 le LBL fait le bilan avec s\u00e9rieux et humour sur la premi\u00e8re partie de saison. Sommaire\u00a0: Pr\u00e9sentation de &hellip;","og_url":"https:\/\/lyonbondyblog.fr\/LBB\/lyon-bondy-live-s03e9-bienvenue-en-2014-2\/","og_site_name":"Lyon Bondy Blog","article_publisher":"https:\/\/www.facebook.com\/lyonbondyblog","article_author":"https:\/\/www.facebook.com\/lyonbondyblog","article_published_time":"2014-01-09T15:02:35+00:00","article_modified_time":"2014-01-09T16:07:18+00:00","og_image":[{"width":600,"height":350,"url":"https:\/\/lyonbondyblog.fr\/LBB\/wp-content\/uploads\/2014\/01\/radio-pluriel.jpg","type":"image\/jpeg"}],"author":"La r\u00e9daction","twitter_card":"summary_large_image","twitter_creator":"@BondyBlogLyon","twitter_site":"@bondybloglyon","schema":{"@context":"https:\/\/schema.org","@graph":[{"@type":"Article","@id":"https:\/\/lyonbondyblog.fr\/LBB\/lyon-bondy-live-s03e9-bienvenue-en-2014-2\/#article","isPartOf":{"@id":"https:\/\/lyonbondyblog.fr\/LBB\/lyon-bondy-live-s03e9-bienvenue-en-2014-2\/"},"author":{"name":"La r\u00e9daction","@id":"https:\/\/lyonbondyblog.fr\/LBB\/#\/schema\/person\/e45f8d27baac75072daa0be50c409b25"},"headline":"Lyon Bondy Live S03E9, Bienvenue en 2014 !","datePublished":"2014-01-09T15:02:35+00:00","dateModified":"2014-01-09T16:07:18+00:00","mainEntityOfPage":{"@id":"https:\/\/lyonbondyblog.fr\/LBB\/lyon-bondy-live-s03e9-bienvenue-en-2014-2\/"},"wordCount":220,"commentCount":0,"publisher":{"@id":"https:\/\/lyonbondyblog.fr\/LBB\/#organization"},"image":{"@id":"https:\/\/lyonbondyblog.fr\/LBB\/lyon-bondy-live-s03e9-bienvenue-en-2014-2\/#primaryimage"},"thumbnailUrl":"https:\/\/lyonbondyblog.fr\/LBB\/wp-content\/uploads\/2014\/01\/radio-pluriel.jpg","keywords":["2014","AOD festival","IAM","La Marche pour l'\u00e9galit\u00e9 et contre le racisme","LBL","Lyon Bondy Blog","Lyon Bondy Live","professeur Loufok","Villeurbanne"],"articleSection":["Lyon","Radio"],"inLanguage":"fr-FR","potentialAction":[{"@type":"CommentAction","name":"Comment","target":["https:\/\/lyonbondyblog.fr\/LBB\/lyon-bondy-live-s03e9-bienvenue-en-2014-2\/#respond"]}]},{"@type":"WebPage","@id":"https:\/\/lyonbondyblog.fr\/LBB\/lyon-bondy-live-s03e9-bienvenue-en-2014-2\/","url":"https:\/\/lyonbondyblog.fr\/LBB\/lyon-bondy-live-s03e9-bienvenue-en-2014-2\/","name":"Lyon Bondy Live S03E9, Bienvenue en 2014 ! - Lyon Bondy Blog","isPartOf":{"@id":"https:\/\/lyonbondyblog.fr\/LBB\/#website"},"primaryImageOfPage":{"@id":"https:\/\/lyonbondyblog.fr\/LBB\/lyon-bondy-live-s03e9-bienvenue-en-2014-2\/#primaryimage"},"image":{"@id":"https:\/\/lyonbondyblog.fr\/LBB\/lyon-bondy-live-s03e9-bienvenue-en-2014-2\/#primaryimage"},"thumbnailUrl":"https:\/\/lyonbondyblog.fr\/LBB\/wp-content\/uploads\/2014\/01\/radio-pluriel.jpg","datePublished":"2014-01-09T15:02:35+00:00","dateModified":"2014-01-09T16:07:18+00:00","inLanguage":"fr-FR","potentialAction":[{"@type":"ReadAction","target":["https:\/\/lyonbondyblog.fr\/LBB\/lyon-bondy-live-s03e9-bienvenue-en-2014-2\/"]}]},{"@type":"ImageObject","inLanguage":"fr-FR","@id":"https:\/\/lyonbondyblog.fr\/LBB\/lyon-bondy-live-s03e9-bienvenue-en-2014-2\/#primaryimage","url":"https:\/\/lyonbondyblog.fr\/LBB\/wp-content\/uploads\/2014\/01\/radio-pluriel.jpg","contentUrl":"https:\/\/lyonbondyblog.fr\/LBB\/wp-content\/uploads\/2014\/01\/radio-pluriel.jpg","width":600,"height":350},{"@type":"WebSite","@id":"https:\/\/lyonbondyblog.fr\/LBB\/#website","url":"https:\/\/lyonbondyblog.fr\/LBB\/","name":"Lyon Bondy Blog","description":"","publisher":{"@id":"https:\/\/lyonbondyblog.fr\/LBB\/#organization"},"potentialAction":[{"@type":"SearchAction","target":{"@type":"EntryPoint","urlTemplate":"https:\/\/lyonbondyblog.fr\/LBB\/?s={search_term_string}"},"query-input":"required name=search_term_string"}],"inLanguage":"fr-FR"},{"@type":"Organization","@id":"https:\/\/lyonbondyblog.fr\/LBB\/#organization","name":"LYON BONDY BLOG","url":"https:\/\/lyonbondyblog.fr\/LBB\/","logo":{"@type":"ImageObject","inLanguage":"fr-FR","@id":"https:\/\/lyonbondyblog.fr\/LBB\/#\/schema\/logo\/image\/","url":"http:\/\/lyonbondyblog.fr\/LBB\/wp-content\/uploads\/2014\/10\/logo-portable-144.png","contentUrl":"http:\/\/lyonbondyblog.fr\/LBB\/wp-content\/uploads\/2014\/10\/logo-portable-144.png","width":144,"height":123,"caption":"LYON BONDY BLOG"},"image":{"@id":"https:\/\/lyonbondyblog.fr\/LBB\/#\/schema\/logo\/image\/"},"sameAs":["https:\/\/www.facebook.com\/lyonbondyblog","https:\/\/x.com\/bondybloglyon"]},{"@type":"Person","@id":"https:\/\/lyonbondyblog.fr\/LBB\/#\/schema\/person\/e45f8d27baac75072daa0be50c409b25","name":"La r\u00e9daction","description":"Cr\u00e9e en 2008, la r\u00e9daction du Lyon Bondy Blog s'applique \u00e0 proposer une information locale diff\u00e9rente et compl\u00e9mentaire des m\u00e9dias traditionnels.","sameAs":["https:\/\/www.facebook.com\/lyonbondyblog","https:\/\/x.com\/BondyBlogLyon"],"url":"https:\/\/lyonbondyblog.fr\/LBB\/author\/admin\/"}]}},"_links":{"self":[{"href":"https:\/\/lyonbondyblog.fr\/LBB\/wp-json\/wp\/v2\/posts\/5515","targetHints":{"allow":["GET"]}}],"collection":[{"href":"https:\/\/lyonbondyblog.fr\/LBB\/wp-json\/wp\/v2\/posts"}],"about":[{"href":"https:\/\/lyonbondyblog.fr\/LBB\/wp-json\/wp\/v2\/types\/post"}],"author":[{"embeddable":true,"href":"https:\/\/lyonbondyblog.fr\/LBB\/wp-json\/wp\/v2\/users\/1"}],"replies":[{"embeddable":true,"href":"https:\/\/lyonbondyblog.fr\/LBB\/wp-json\/wp\/v2\/comments?post=5515"}],"version-history":[{"count":0,"href":"https:\/\/lyonbondyblog.fr\/LBB\/wp-json\/wp\/v2\/posts\/5515\/revisions"}],"wp:featuredmedia":[{"embeddable":true,"href":"https:\/\/lyonbondyblog.fr\/LBB\/wp-json\/wp\/v2\/media\/5524"}],"wp:attachment":[{"href":"https:\/\/lyonbondyblog.fr\/LBB\/wp-json\/wp\/v2\/media?parent=5515"}],"wp:term":[{"taxonomy":"category","embeddable":true,"href":"https:\/\/lyonbondyblog.fr\/LBB\/wp-json\/wp\/v2\/categories?post=5515"},{"taxonomy":"post_tag","embeddable":true,"href":"https:\/\/lyonbondyblog.fr\/LBB\/wp-json\/wp\/v2\/tags?post=5515"}],"curies":[{"name":"wp","href":"https:\/\/api.w.org\/{rel}","templated":true}]}}