{"id":5251,"date":"2013-12-10T14:37:27","date_gmt":"2013-12-10T13:37:27","guid":{"rendered":"http:\/\/lyonbondyblog.fr\/LBB\/?p=5251"},"modified":"2013-12-14T03:00:57","modified_gmt":"2013-12-14T02:00:57","slug":"lyon-bondy-live-s03e07-r-e-a-l-iam-et-la-fouine","status":"publish","type":"post","link":"https:\/\/lyonbondyblog.fr\/LBB\/lyon-bondy-live-s03e07-r-e-a-l-iam-et-la-fouine\/","title":{"rendered":"Lyon Bondy Live S03E07 : R.E.A.L, IAM et La Fouine"},"content":{"rendered":"<p><strong>Cette semaine l&rsquo;\u00e9quipe du Lyon Bondy Live re\u00e7oit Maxime, Chrispo, Cassandra et Constant, les quatre fondateurs de R.E.A.L, une association pour la promotion de l&rsquo;Art. <a href=\"https:\/\/lyonbondyblog.fr\/LBB\/une-r-e-a-l-association-pour-lart\/\" target=\"_blank\">Vous pouvez retrouver notre article sur ce groupe. <\/a>Ensuite, Amine et Mohamed vous parlent de Rap avec les concerts \u00e0 Lyon de La Fouine et IAM. Et comme \u00e0 chaque \u00e9mission on retrouve la chronique du professeur Loufok qui cette semaine est venu accompagner de son cousin Ukrainien.<\/strong><\/p>\n<p><img loading=\"lazy\" decoding=\"async\" width=\"600\" height=\"390\" class=\"aligncenter size-full wp-image-5256\" alt=\"REAL\" src=\"https:\/\/lyonbondyblog.fr\/LBB\/wp-content\/uploads\/2013\/12\/REAL.jpg\" srcset=\"https:\/\/lyonbondyblog.fr\/LBB\/wp-content\/uploads\/2013\/12\/REAL.jpg 600w, https:\/\/lyonbondyblog.fr\/LBB\/wp-content\/uploads\/2013\/12\/REAL-300x195.jpg 300w\" sizes=\"auto, (max-width: 600px) 100vw, 600px\" \/><\/p>\n<p>Vous pouvez consulter l&rsquo;int\u00e9gralit\u00e9 de l&rsquo;\u00e9mission (58 minutes)<\/p>\n<div id=\"mp3jWrap_0\" class=\"mjp-s-wrapper s-graphic unsel-mjp \" style=\"font-size:18px;\"><span id=\"playpause_wrap_mp3j_0\" class=\"wrap_inline_mp3j\" style=\"font-weight:700;\"><span class=\"gfxbutton_mp3j play-mjp\" id=\"playpause_mp3j_0\" style=\"font-size:18px;\">&nbsp;&nbsp;&nbsp;&nbsp;&nbsp;<\/span>&nbsp;<span class=\"group_wrap\"><span class=\"bars_mp3j\"><span class=\"loadB_mp3j\" id=\"load_mp3j_0\"><\/span><span class=\"posbarB_mp3j\" id=\"posbar_mp3j_0\"><\/span><\/span><span class=\"T_mp3j\" id=\"T_mp3j_0\" style=\"font-size:18px;\">Lyon Bondy Live final<\/span><span class=\"indi_mp3j\" style=\"font-size:12.6px;\" id=\"statusMI_0\"><\/span><\/span><span class=\"vol_mp3j flipped\" id=\"vol_mp3j_0\"><\/span><\/span><\/div><span class=\"s-nosolution\" id=\"mp3j_nosolution_0\" style=\"display:none;\"><\/span><script>\nMP3jPLAYLISTS.inline_0 = [\n\t{ name: \"Lyon Bondy Live final\", formats: [\"mp3\"], mp3: \"aHR0cHM6Ly9seW9uYm9uZHlibG9nLmZyL0xCQi93cC1jb250ZW50L3VwbG9hZHMvMjAxMy8xMi9MeW9uLUJvbmR5LUxpdmUtZmluYWwubXAz\", counterpart:\"\", artist: \"\", image: \"\", imgurl: \"\" }\n];\n<\/script>\n\n<script>MP3jPLAYERS[0] = { list: MP3jPLAYLISTS.inline_0, tr:0, type:'single', lstate:'', loop:false, play_txt:'&nbsp;&nbsp;&nbsp;&nbsp;&nbsp;', pause_txt:'&nbsp;&nbsp;&nbsp;&nbsp;&nbsp;', pp_title:'', autoplay:false, download:false, vol:85, height:'' };<\/script>\n\n<p>&nbsp;<\/p>\n<p>Premi\u00e8re partie de l&rsquo;\u00e9mission sur l&rsquo;association REAL. Avec les quatre fondateurs, Lopez revient sur la gen\u00e8se, le principe et le futur de l&rsquo;association.<\/p>\n<p><strong>1\u00e8re partie sur R.E.A.L (17&rsquo;30\u00a0\u00bb)<\/strong><br \/>\n<div id=\"mp3jWrap_1\" class=\"mjp-s-wrapper s-graphic unsel-mjp \" style=\"font-size:18px;\"><span id=\"playpause_wrap_mp3j_1\" class=\"wrap_inline_mp3j\" style=\"font-weight:700;\"><span class=\"gfxbutton_mp3j play-mjp\" id=\"playpause_mp3j_1\" style=\"font-size:18px;\">&nbsp;&nbsp;&nbsp;&nbsp;&nbsp;<\/span>&nbsp;<span class=\"group_wrap\"><span class=\"bars_mp3j\"><span class=\"loadB_mp3j\" id=\"load_mp3j_1\"><\/span><span class=\"posbarB_mp3j\" id=\"posbar_mp3j_1\"><\/span><\/span><span class=\"T_mp3j\" id=\"T_mp3j_1\" style=\"font-size:18px;\">LBL-5-de\u0301cembre-1e\u0300re-partie1<\/span><span class=\"indi_mp3j\" style=\"font-size:12.6px;\" id=\"statusMI_1\"><\/span><\/span><span class=\"vol_mp3j flipped\" id=\"vol_mp3j_1\"><\/span><\/span><\/div><span class=\"s-nosolution\" id=\"mp3j_nosolution_1\" style=\"display:none;\"><\/span><script>\nMP3jPLAYLISTS.inline_1 = [\n\t{ name: \"LBL-5-de\u0301cembre-1e\u0300re-partie1\", formats: [\"mp3\"], mp3: \"aHR0cHM6Ly9seW9uYm9uZHlibG9nLmZyL0xCQi93cC1jb250ZW50L3VwbG9hZHMvMjAxMy8xMi9MQkwtNS1kZcyBY2VtYnJlLTFlzIByZS1wYXJ0aWUxLm1wMw==\", counterpart:\"\", artist: \"\", image: \"\", imgurl: \"\" }\n];\n<\/script>\n\n<script>MP3jPLAYERS[1] = { list: MP3jPLAYLISTS.inline_1, tr:0, type:'single', lstate:'', loop:false, play_txt:'&nbsp;&nbsp;&nbsp;&nbsp;&nbsp;', pause_txt:'&nbsp;&nbsp;&nbsp;&nbsp;&nbsp;', pp_title:'', autoplay:false, download:false, vol:85, height:'' };<\/script><\/p>\n<p><img loading=\"lazy\" decoding=\"async\" width=\"600\" height=\"401\" class=\"aligncenter size-full wp-image-5255\" alt=\"REAL live\" src=\"https:\/\/lyonbondyblog.fr\/LBB\/wp-content\/uploads\/2013\/12\/REAL-live.jpg\" srcset=\"https:\/\/lyonbondyblog.fr\/LBB\/wp-content\/uploads\/2013\/12\/REAL-live.jpg 600w, https:\/\/lyonbondyblog.fr\/LBB\/wp-content\/uploads\/2013\/12\/REAL-live-300x200.jpg 300w\" sizes=\"auto, (max-width: 600px) 100vw, 600px\" \/><\/p>\n<p>Apr\u00e8s le coup de c\u0153ur musical de Sydney on retrouve la tr\u00e8s attendue chronique du professeur Loukof et la d\u00e9couverte du professeur Bestov. (1&rsquo;40\u00a0\u00bb)<br \/>\n<div id=\"mp3jWrap_2\" class=\"mjp-s-wrapper s-graphic unsel-mjp \" style=\"font-size:18px;\"><span id=\"playpause_wrap_mp3j_2\" class=\"wrap_inline_mp3j\" style=\"font-weight:700;\"><span class=\"gfxbutton_mp3j play-mjp\" id=\"playpause_mp3j_2\" style=\"font-size:18px;\">&nbsp;&nbsp;&nbsp;&nbsp;&nbsp;<\/span>&nbsp;<span class=\"group_wrap\"><span class=\"bars_mp3j\"><span class=\"loadB_mp3j\" id=\"load_mp3j_2\"><\/span><span class=\"posbarB_mp3j\" id=\"posbar_mp3j_2\"><\/span><\/span><span class=\"T_mp3j\" id=\"T_mp3j_2\" style=\"font-size:18px;\">LBL-5-de\u0301cembre-Chronique-du-Professeur-Loufok1<\/span><span class=\"indi_mp3j\" style=\"font-size:12.6px;\" id=\"statusMI_2\"><\/span><\/span><span class=\"vol_mp3j flipped\" id=\"vol_mp3j_2\"><\/span><\/span><\/div><span class=\"s-nosolution\" id=\"mp3j_nosolution_2\" style=\"display:none;\"><\/span><script>\nMP3jPLAYLISTS.inline_2 = [\n\t{ name: \"LBL-5-de\u0301cembre-Chronique-du-Professeur-Loufok1\", formats: [\"mp3\"], mp3: \"aHR0cHM6Ly9seW9uYm9uZHlibG9nLmZyL0xCQi93cC1jb250ZW50L3VwbG9hZHMvMjAxMy8xMi9MQkwtNS1kZcyBY2VtYnJlLUNocm9uaXF1ZS1kdS1Qcm9mZXNzZXVyLUxvdWZvazEubXAz\", counterpart:\"\", artist: \"\", image: \"\", imgurl: \"\" }\n];\n<\/script>\n\n<script>MP3jPLAYERS[2] = { list: MP3jPLAYLISTS.inline_2, tr:0, type:'single', lstate:'', loop:false, play_txt:'&nbsp;&nbsp;&nbsp;&nbsp;&nbsp;', pause_txt:'&nbsp;&nbsp;&nbsp;&nbsp;&nbsp;', pp_title:'', autoplay:false, download:false, vol:85, height:'' };<\/script><\/p>\n<p><img loading=\"lazy\" decoding=\"async\" width=\"600\" height=\"394\" class=\"aligncenter size-full wp-image-5253\" alt=\"Crew\" src=\"https:\/\/lyonbondyblog.fr\/LBB\/wp-content\/uploads\/2013\/12\/Crew.jpg\" srcset=\"https:\/\/lyonbondyblog.fr\/LBB\/wp-content\/uploads\/2013\/12\/Crew.jpg 600w, https:\/\/lyonbondyblog.fr\/LBB\/wp-content\/uploads\/2013\/12\/Crew-300x197.jpg 300w\" sizes=\"auto, (max-width: 600px) 100vw, 600px\" \/><\/p>\n<p>Pour parler de Rap l&rsquo;\u00e9quipe du Lyon Bondy Live recevait Amine et Mohamed, c&rsquo;est l&rsquo;occasion pour Lopez de tester leu<a href=\"https:\/\/lyonbondyblog.fr\/LBB\/lyon-bondy-live-s03e07-r-e-a-l-iam-et-la-fouine\/moha\/\" rel=\"attachment wp-att-5254\"><img loading=\"lazy\" decoding=\"async\" width=\"225\" height=\"300\" class=\"alignright size-medium wp-image-5254\" alt=\"Moha\" src=\"https:\/\/lyonbondyblog.fr\/LBB\/wp-content\/uploads\/2013\/12\/Moha-225x300.jpg\" srcset=\"https:\/\/lyonbondyblog.fr\/LBB\/wp-content\/uploads\/2013\/12\/Moha-225x300.jpg 225w, https:\/\/lyonbondyblog.fr\/LBB\/wp-content\/uploads\/2013\/12\/Moha.jpg 450w\" sizes=\"auto, (max-width: 225px) 100vw, 225px\" \/><\/a>rs connaissances sur IAM et La Fouine avec un petit quizz. (2&rsquo;27\u00a0\u00bb)<\/p>\n<div id=\"mp3jWrap_3\" class=\"mjp-s-wrapper s-graphic unsel-mjp \" style=\"font-size:18px;\"><span id=\"playpause_wrap_mp3j_3\" class=\"wrap_inline_mp3j\" style=\"font-weight:700;\"><span class=\"gfxbutton_mp3j play-mjp\" id=\"playpause_mp3j_3\" style=\"font-size:18px;\">&nbsp;&nbsp;&nbsp;&nbsp;&nbsp;<\/span>&nbsp;<span class=\"group_wrap\"><span class=\"bars_mp3j\"><span class=\"loadB_mp3j\" id=\"load_mp3j_3\"><\/span><span class=\"posbarB_mp3j\" id=\"posbar_mp3j_3\"><\/span><\/span><span class=\"T_mp3j\" id=\"T_mp3j_3\" style=\"font-size:18px;\">LBL-5-de\u0301cembre-Quizz1<\/span><span class=\"indi_mp3j\" style=\"font-size:12.6px;\" id=\"statusMI_3\"><\/span><\/span><span class=\"vol_mp3j flipped\" id=\"vol_mp3j_3\"><\/span><\/span><\/div><span class=\"s-nosolution\" id=\"mp3j_nosolution_3\" style=\"display:none;\"><\/span><script>\nMP3jPLAYLISTS.inline_3 = [\n\t{ name: \"LBL-5-de\u0301cembre-Quizz1\", formats: [\"mp3\"], mp3: \"aHR0cHM6Ly9seW9uYm9uZHlibG9nLmZyL0xCQi93cC1jb250ZW50L3VwbG9hZHMvMjAxMy8xMi9MQkwtNS1kZcyBY2VtYnJlLVF1aXp6MS5tcDM=\", counterpart:\"\", artist: \"\", image: \"\", imgurl: \"\" }\n];\n<\/script>\n\n<script>MP3jPLAYERS[3] = { list: MP3jPLAYLISTS.inline_3, tr:0, type:'single', lstate:'', loop:false, play_txt:'&nbsp;&nbsp;&nbsp;&nbsp;&nbsp;', pause_txt:'&nbsp;&nbsp;&nbsp;&nbsp;&nbsp;', pp_title:'', autoplay:false, download:false, vol:85, height:'' };<\/script>\n<p>En seconde partie retour sur les concerts d&rsquo;IAM et de La Fouine. Puis la place du Rap \u00e0 Lyon. (17&prime;)<\/p>\n<div id=\"mp3jWrap_4\" class=\"mjp-s-wrapper s-graphic unsel-mjp \" style=\"font-size:18px;\"><span id=\"playpause_wrap_mp3j_4\" class=\"wrap_inline_mp3j\" style=\"font-weight:700;\"><span class=\"gfxbutton_mp3j play-mjp\" id=\"playpause_mp3j_4\" style=\"font-size:18px;\">&nbsp;&nbsp;&nbsp;&nbsp;&nbsp;<\/span>&nbsp;<span class=\"group_wrap\"><span class=\"bars_mp3j\"><span class=\"loadB_mp3j\" id=\"load_mp3j_4\"><\/span><span class=\"posbarB_mp3j\" id=\"posbar_mp3j_4\"><\/span><\/span><span class=\"T_mp3j\" id=\"T_mp3j_4\" style=\"font-size:18px;\">LBL-5-de\u0301cembre-2e\u0300me-partie1<\/span><span class=\"indi_mp3j\" style=\"font-size:12.6px;\" id=\"statusMI_4\"><\/span><\/span><span class=\"vol_mp3j flipped\" id=\"vol_mp3j_4\"><\/span><\/span><\/div><span class=\"s-nosolution\" id=\"mp3j_nosolution_4\" style=\"display:none;\"><\/span><script>\nMP3jPLAYLISTS.inline_4 = [\n\t{ name: \"LBL-5-de\u0301cembre-2e\u0300me-partie1\", formats: [\"mp3\"], mp3: \"aHR0cHM6Ly9seW9uYm9uZHlibG9nLmZyL0xCQi93cC1jb250ZW50L3VwbG9hZHMvMjAxMy8xMi9MQkwtNS1kZcyBY2VtYnJlLTJlzIBtZS1wYXJ0aWUxLm1wMw==\", counterpart:\"\", artist: \"\", image: \"\", imgurl: \"\" }\n];\n<\/script>\n\n<script>MP3jPLAYERS[4] = { list: MP3jPLAYLISTS.inline_4, tr:0, type:'single', lstate:'', loop:false, play_txt:'&nbsp;&nbsp;&nbsp;&nbsp;&nbsp;', pause_txt:'&nbsp;&nbsp;&nbsp;&nbsp;&nbsp;', pp_title:'', autoplay:false, download:false, vol:85, height:'' };<\/script>\n<p>Rendez-vous dans deux semaines pour une nouvelle \u00e9mission du Lyon Bondy Live en attendant, <a href=\"https:\/\/twitter.com\/LyonBondyLive\" target=\"_blank\">n&rsquo;h\u00e9sitez pas \u00e0 suivre l&rsquo;actualit\u00e9 du Lyon Bondy Live sur Twitter<\/a> et sur <a href=\"https:\/\/www.facebook.com\/LyonBondyLive\" target=\"_blank\">Facebook<\/a>.<\/p>\n<!-- AddThis Advanced Settings generic via filter on the_content --><!-- AddThis Share Buttons generic via filter on the_content -->","protected":false},"excerpt":{"rendered":"<p>Cette semaine l&rsquo;\u00e9quipe du Lyon Bondy Live re\u00e7oit Maxime, Chrispo, Cassandra et Constant, les quatre fondateurs de R.E.A.L, une association pour la promotion de l&rsquo;Art. &hellip; <!-- AddThis Advanced Settings generic via filter on wp_trim_excerpt --><!-- AddThis Share Buttons generic via filter on wp_trim_excerpt --><\/p>\n","protected":false},"author":1,"featured_media":5255,"comment_status":"open","ping_status":"open","sticky":false,"template":"","format":"standard","meta":{"_FSMCFIC_featured_image_caption":"","_FSMCFIC_featured_image_nocaption":"","_FSMCFIC_featured_image_hide":"","footnotes":""},"categories":[3,4,900],"tags":[12,101,973,974,135,857,10,336,358,205,438],"class_list":["post-5251","post","type-post","status-publish","format-standard","has-post-thumbnail","hentry","category-culture","category-lyon","category-radio-2","tag-chronique","tag-hip-hop","tag-iam","tag-la-fouine","tag-lbb","tag-lbl","tag-lyon-2","tag-lyon-bondy-live","tag-musique","tag-rap","tag-real"],"yoast_head":"<!-- This site is optimized with the Yoast SEO plugin v22.8 - https:\/\/yoast.com\/wordpress\/plugins\/seo\/ -->\n<title>Lyon Bondy Live S03E07 : R.E.A.L, IAM et La Fouine - Lyon Bondy Blog<\/title>\n<meta name=\"robots\" content=\"index, follow, max-snippet:-1, max-image-preview:large, max-video-preview:-1\" \/>\n<link rel=\"canonical\" href=\"https:\/\/lyonbondyblog.fr\/LBB\/lyon-bondy-live-s03e07-r-e-a-l-iam-et-la-fouine\/\" \/>\n<meta property=\"og:locale\" content=\"fr_FR\" \/>\n<meta property=\"og:type\" content=\"article\" \/>\n<meta property=\"og:title\" content=\"Lyon Bondy Live S03E07 : R.E.A.L, IAM et La Fouine - Lyon Bondy Blog\" \/>\n<meta property=\"og:description\" content=\"Cette semaine l&rsquo;\u00e9quipe du Lyon Bondy Live re\u00e7oit Maxime, Chrispo, Cassandra et Constant, les quatre fondateurs de R.E.A.L, une association pour la promotion de l&rsquo;Art. &hellip;\" \/>\n<meta property=\"og:url\" content=\"https:\/\/lyonbondyblog.fr\/LBB\/lyon-bondy-live-s03e07-r-e-a-l-iam-et-la-fouine\/\" \/>\n<meta property=\"og:site_name\" content=\"Lyon Bondy Blog\" \/>\n<meta property=\"article:publisher\" content=\"https:\/\/www.facebook.com\/lyonbondyblog\" \/>\n<meta property=\"article:author\" content=\"https:\/\/www.facebook.com\/lyonbondyblog\" \/>\n<meta property=\"article:published_time\" content=\"2013-12-10T13:37:27+00:00\" \/>\n<meta property=\"article:modified_time\" content=\"2013-12-14T02:00:57+00:00\" \/>\n<meta property=\"og:image\" content=\"https:\/\/lyonbondyblog.fr\/LBB\/wp-content\/uploads\/2013\/12\/REAL-live.jpg\" \/>\n\t<meta property=\"og:image:width\" content=\"600\" \/>\n\t<meta property=\"og:image:height\" content=\"401\" \/>\n\t<meta property=\"og:image:type\" content=\"image\/jpeg\" \/>\n<meta name=\"author\" content=\"La r\u00e9daction\" \/>\n<meta name=\"twitter:card\" content=\"summary_large_image\" \/>\n<meta name=\"twitter:creator\" content=\"@BondyBlogLyon\" \/>\n<meta name=\"twitter:site\" content=\"@bondybloglyon\" \/>\n<script type=\"application\/ld+json\" class=\"yoast-schema-graph\">{\"@context\":\"https:\/\/schema.org\",\"@graph\":[{\"@type\":\"Article\",\"@id\":\"https:\/\/lyonbondyblog.fr\/LBB\/lyon-bondy-live-s03e07-r-e-a-l-iam-et-la-fouine\/#article\",\"isPartOf\":{\"@id\":\"https:\/\/lyonbondyblog.fr\/LBB\/lyon-bondy-live-s03e07-r-e-a-l-iam-et-la-fouine\/\"},\"author\":{\"name\":\"La r\u00e9daction\",\"@id\":\"https:\/\/lyonbondyblog.fr\/LBB\/#\/schema\/person\/e45f8d27baac75072daa0be50c409b25\"},\"headline\":\"Lyon Bondy Live S03E07 : R.E.A.L, IAM et La Fouine\",\"datePublished\":\"2013-12-10T13:37:27+00:00\",\"dateModified\":\"2013-12-14T02:00:57+00:00\",\"mainEntityOfPage\":{\"@id\":\"https:\/\/lyonbondyblog.fr\/LBB\/lyon-bondy-live-s03e07-r-e-a-l-iam-et-la-fouine\/\"},\"wordCount\":328,\"commentCount\":0,\"publisher\":{\"@id\":\"https:\/\/lyonbondyblog.fr\/LBB\/#organization\"},\"image\":{\"@id\":\"https:\/\/lyonbondyblog.fr\/LBB\/lyon-bondy-live-s03e07-r-e-a-l-iam-et-la-fouine\/#primaryimage\"},\"thumbnailUrl\":\"https:\/\/lyonbondyblog.fr\/LBB\/wp-content\/uploads\/2013\/12\/REAL-live.jpg\",\"keywords\":[\"chronique\",\"hip-hop\",\"IAM\",\"La Fouine\",\"LBB\",\"LBL\",\"lyon\",\"Lyon Bondy Live\",\"musique\",\"rap\",\"REAL\"],\"articleSection\":[\"Culture\",\"Lyon\",\"Radio\"],\"inLanguage\":\"fr-FR\",\"potentialAction\":[{\"@type\":\"CommentAction\",\"name\":\"Comment\",\"target\":[\"https:\/\/lyonbondyblog.fr\/LBB\/lyon-bondy-live-s03e07-r-e-a-l-iam-et-la-fouine\/#respond\"]}]},{\"@type\":\"WebPage\",\"@id\":\"https:\/\/lyonbondyblog.fr\/LBB\/lyon-bondy-live-s03e07-r-e-a-l-iam-et-la-fouine\/\",\"url\":\"https:\/\/lyonbondyblog.fr\/LBB\/lyon-bondy-live-s03e07-r-e-a-l-iam-et-la-fouine\/\",\"name\":\"Lyon Bondy Live S03E07 : R.E.A.L, IAM et La Fouine - Lyon Bondy Blog\",\"isPartOf\":{\"@id\":\"https:\/\/lyonbondyblog.fr\/LBB\/#website\"},\"primaryImageOfPage\":{\"@id\":\"https:\/\/lyonbondyblog.fr\/LBB\/lyon-bondy-live-s03e07-r-e-a-l-iam-et-la-fouine\/#primaryimage\"},\"image\":{\"@id\":\"https:\/\/lyonbondyblog.fr\/LBB\/lyon-bondy-live-s03e07-r-e-a-l-iam-et-la-fouine\/#primaryimage\"},\"thumbnailUrl\":\"https:\/\/lyonbondyblog.fr\/LBB\/wp-content\/uploads\/2013\/12\/REAL-live.jpg\",\"datePublished\":\"2013-12-10T13:37:27+00:00\",\"dateModified\":\"2013-12-14T02:00:57+00:00\",\"inLanguage\":\"fr-FR\",\"potentialAction\":[{\"@type\":\"ReadAction\",\"target\":[\"https:\/\/lyonbondyblog.fr\/LBB\/lyon-bondy-live-s03e07-r-e-a-l-iam-et-la-fouine\/\"]}]},{\"@type\":\"ImageObject\",\"inLanguage\":\"fr-FR\",\"@id\":\"https:\/\/lyonbondyblog.fr\/LBB\/lyon-bondy-live-s03e07-r-e-a-l-iam-et-la-fouine\/#primaryimage\",\"url\":\"https:\/\/lyonbondyblog.fr\/LBB\/wp-content\/uploads\/2013\/12\/REAL-live.jpg\",\"contentUrl\":\"https:\/\/lyonbondyblog.fr\/LBB\/wp-content\/uploads\/2013\/12\/REAL-live.jpg\",\"width\":600,\"height\":401},{\"@type\":\"WebSite\",\"@id\":\"https:\/\/lyonbondyblog.fr\/LBB\/#website\",\"url\":\"https:\/\/lyonbondyblog.fr\/LBB\/\",\"name\":\"Lyon Bondy Blog\",\"description\":\"\",\"publisher\":{\"@id\":\"https:\/\/lyonbondyblog.fr\/LBB\/#organization\"},\"potentialAction\":[{\"@type\":\"SearchAction\",\"target\":{\"@type\":\"EntryPoint\",\"urlTemplate\":\"https:\/\/lyonbondyblog.fr\/LBB\/?s={search_term_string}\"},\"query-input\":\"required name=search_term_string\"}],\"inLanguage\":\"fr-FR\"},{\"@type\":\"Organization\",\"@id\":\"https:\/\/lyonbondyblog.fr\/LBB\/#organization\",\"name\":\"LYON BONDY BLOG\",\"url\":\"https:\/\/lyonbondyblog.fr\/LBB\/\",\"logo\":{\"@type\":\"ImageObject\",\"inLanguage\":\"fr-FR\",\"@id\":\"https:\/\/lyonbondyblog.fr\/LBB\/#\/schema\/logo\/image\/\",\"url\":\"http:\/\/lyonbondyblog.fr\/LBB\/wp-content\/uploads\/2014\/10\/logo-portable-144.png\",\"contentUrl\":\"http:\/\/lyonbondyblog.fr\/LBB\/wp-content\/uploads\/2014\/10\/logo-portable-144.png\",\"width\":144,\"height\":123,\"caption\":\"LYON BONDY BLOG\"},\"image\":{\"@id\":\"https:\/\/lyonbondyblog.fr\/LBB\/#\/schema\/logo\/image\/\"},\"sameAs\":[\"https:\/\/www.facebook.com\/lyonbondyblog\",\"https:\/\/x.com\/bondybloglyon\"]},{\"@type\":\"Person\",\"@id\":\"https:\/\/lyonbondyblog.fr\/LBB\/#\/schema\/person\/e45f8d27baac75072daa0be50c409b25\",\"name\":\"La r\u00e9daction\",\"description\":\"Cr\u00e9e en 2008, la r\u00e9daction du Lyon Bondy Blog s'applique \u00e0 proposer une information locale diff\u00e9rente et compl\u00e9mentaire des m\u00e9dias traditionnels.\",\"sameAs\":[\"https:\/\/www.facebook.com\/lyonbondyblog\",\"https:\/\/x.com\/BondyBlogLyon\"],\"url\":\"https:\/\/lyonbondyblog.fr\/LBB\/author\/admin\/\"}]}<\/script>\n<!-- \/ Yoast SEO plugin. -->","yoast_head_json":{"title":"Lyon Bondy Live S03E07 : R.E.A.L, IAM et La Fouine - Lyon Bondy Blog","robots":{"index":"index","follow":"follow","max-snippet":"max-snippet:-1","max-image-preview":"max-image-preview:large","max-video-preview":"max-video-preview:-1"},"canonical":"https:\/\/lyonbondyblog.fr\/LBB\/lyon-bondy-live-s03e07-r-e-a-l-iam-et-la-fouine\/","og_locale":"fr_FR","og_type":"article","og_title":"Lyon Bondy Live S03E07 : R.E.A.L, IAM et La Fouine - Lyon Bondy Blog","og_description":"Cette semaine l&rsquo;\u00e9quipe du Lyon Bondy Live re\u00e7oit Maxime, Chrispo, Cassandra et Constant, les quatre fondateurs de R.E.A.L, une association pour la promotion de l&rsquo;Art. &hellip;","og_url":"https:\/\/lyonbondyblog.fr\/LBB\/lyon-bondy-live-s03e07-r-e-a-l-iam-et-la-fouine\/","og_site_name":"Lyon Bondy Blog","article_publisher":"https:\/\/www.facebook.com\/lyonbondyblog","article_author":"https:\/\/www.facebook.com\/lyonbondyblog","article_published_time":"2013-12-10T13:37:27+00:00","article_modified_time":"2013-12-14T02:00:57+00:00","og_image":[{"width":600,"height":401,"url":"https:\/\/lyonbondyblog.fr\/LBB\/wp-content\/uploads\/2013\/12\/REAL-live.jpg","type":"image\/jpeg"}],"author":"La r\u00e9daction","twitter_card":"summary_large_image","twitter_creator":"@BondyBlogLyon","twitter_site":"@bondybloglyon","schema":{"@context":"https:\/\/schema.org","@graph":[{"@type":"Article","@id":"https:\/\/lyonbondyblog.fr\/LBB\/lyon-bondy-live-s03e07-r-e-a-l-iam-et-la-fouine\/#article","isPartOf":{"@id":"https:\/\/lyonbondyblog.fr\/LBB\/lyon-bondy-live-s03e07-r-e-a-l-iam-et-la-fouine\/"},"author":{"name":"La r\u00e9daction","@id":"https:\/\/lyonbondyblog.fr\/LBB\/#\/schema\/person\/e45f8d27baac75072daa0be50c409b25"},"headline":"Lyon Bondy Live S03E07 : R.E.A.L, IAM et La Fouine","datePublished":"2013-12-10T13:37:27+00:00","dateModified":"2013-12-14T02:00:57+00:00","mainEntityOfPage":{"@id":"https:\/\/lyonbondyblog.fr\/LBB\/lyon-bondy-live-s03e07-r-e-a-l-iam-et-la-fouine\/"},"wordCount":328,"commentCount":0,"publisher":{"@id":"https:\/\/lyonbondyblog.fr\/LBB\/#organization"},"image":{"@id":"https:\/\/lyonbondyblog.fr\/LBB\/lyon-bondy-live-s03e07-r-e-a-l-iam-et-la-fouine\/#primaryimage"},"thumbnailUrl":"https:\/\/lyonbondyblog.fr\/LBB\/wp-content\/uploads\/2013\/12\/REAL-live.jpg","keywords":["chronique","hip-hop","IAM","La Fouine","LBB","LBL","lyon","Lyon Bondy Live","musique","rap","REAL"],"articleSection":["Culture","Lyon","Radio"],"inLanguage":"fr-FR","potentialAction":[{"@type":"CommentAction","name":"Comment","target":["https:\/\/lyonbondyblog.fr\/LBB\/lyon-bondy-live-s03e07-r-e-a-l-iam-et-la-fouine\/#respond"]}]},{"@type":"WebPage","@id":"https:\/\/lyonbondyblog.fr\/LBB\/lyon-bondy-live-s03e07-r-e-a-l-iam-et-la-fouine\/","url":"https:\/\/lyonbondyblog.fr\/LBB\/lyon-bondy-live-s03e07-r-e-a-l-iam-et-la-fouine\/","name":"Lyon Bondy Live S03E07 : R.E.A.L, IAM et La Fouine - Lyon Bondy Blog","isPartOf":{"@id":"https:\/\/lyonbondyblog.fr\/LBB\/#website"},"primaryImageOfPage":{"@id":"https:\/\/lyonbondyblog.fr\/LBB\/lyon-bondy-live-s03e07-r-e-a-l-iam-et-la-fouine\/#primaryimage"},"image":{"@id":"https:\/\/lyonbondyblog.fr\/LBB\/lyon-bondy-live-s03e07-r-e-a-l-iam-et-la-fouine\/#primaryimage"},"thumbnailUrl":"https:\/\/lyonbondyblog.fr\/LBB\/wp-content\/uploads\/2013\/12\/REAL-live.jpg","datePublished":"2013-12-10T13:37:27+00:00","dateModified":"2013-12-14T02:00:57+00:00","inLanguage":"fr-FR","potentialAction":[{"@type":"ReadAction","target":["https:\/\/lyonbondyblog.fr\/LBB\/lyon-bondy-live-s03e07-r-e-a-l-iam-et-la-fouine\/"]}]},{"@type":"ImageObject","inLanguage":"fr-FR","@id":"https:\/\/lyonbondyblog.fr\/LBB\/lyon-bondy-live-s03e07-r-e-a-l-iam-et-la-fouine\/#primaryimage","url":"https:\/\/lyonbondyblog.fr\/LBB\/wp-content\/uploads\/2013\/12\/REAL-live.jpg","contentUrl":"https:\/\/lyonbondyblog.fr\/LBB\/wp-content\/uploads\/2013\/12\/REAL-live.jpg","width":600,"height":401},{"@type":"WebSite","@id":"https:\/\/lyonbondyblog.fr\/LBB\/#website","url":"https:\/\/lyonbondyblog.fr\/LBB\/","name":"Lyon Bondy Blog","description":"","publisher":{"@id":"https:\/\/lyonbondyblog.fr\/LBB\/#organization"},"potentialAction":[{"@type":"SearchAction","target":{"@type":"EntryPoint","urlTemplate":"https:\/\/lyonbondyblog.fr\/LBB\/?s={search_term_string}"},"query-input":"required name=search_term_string"}],"inLanguage":"fr-FR"},{"@type":"Organization","@id":"https:\/\/lyonbondyblog.fr\/LBB\/#organization","name":"LYON BONDY BLOG","url":"https:\/\/lyonbondyblog.fr\/LBB\/","logo":{"@type":"ImageObject","inLanguage":"fr-FR","@id":"https:\/\/lyonbondyblog.fr\/LBB\/#\/schema\/logo\/image\/","url":"http:\/\/lyonbondyblog.fr\/LBB\/wp-content\/uploads\/2014\/10\/logo-portable-144.png","contentUrl":"http:\/\/lyonbondyblog.fr\/LBB\/wp-content\/uploads\/2014\/10\/logo-portable-144.png","width":144,"height":123,"caption":"LYON BONDY BLOG"},"image":{"@id":"https:\/\/lyonbondyblog.fr\/LBB\/#\/schema\/logo\/image\/"},"sameAs":["https:\/\/www.facebook.com\/lyonbondyblog","https:\/\/x.com\/bondybloglyon"]},{"@type":"Person","@id":"https:\/\/lyonbondyblog.fr\/LBB\/#\/schema\/person\/e45f8d27baac75072daa0be50c409b25","name":"La r\u00e9daction","description":"Cr\u00e9e en 2008, la r\u00e9daction du Lyon Bondy Blog s'applique \u00e0 proposer une information locale diff\u00e9rente et compl\u00e9mentaire des m\u00e9dias traditionnels.","sameAs":["https:\/\/www.facebook.com\/lyonbondyblog","https:\/\/x.com\/BondyBlogLyon"],"url":"https:\/\/lyonbondyblog.fr\/LBB\/author\/admin\/"}]}},"_links":{"self":[{"href":"https:\/\/lyonbondyblog.fr\/LBB\/wp-json\/wp\/v2\/posts\/5251","targetHints":{"allow":["GET"]}}],"collection":[{"href":"https:\/\/lyonbondyblog.fr\/LBB\/wp-json\/wp\/v2\/posts"}],"about":[{"href":"https:\/\/lyonbondyblog.fr\/LBB\/wp-json\/wp\/v2\/types\/post"}],"author":[{"embeddable":true,"href":"https:\/\/lyonbondyblog.fr\/LBB\/wp-json\/wp\/v2\/users\/1"}],"replies":[{"embeddable":true,"href":"https:\/\/lyonbondyblog.fr\/LBB\/wp-json\/wp\/v2\/comments?post=5251"}],"version-history":[{"count":0,"href":"https:\/\/lyonbondyblog.fr\/LBB\/wp-json\/wp\/v2\/posts\/5251\/revisions"}],"wp:featuredmedia":[{"embeddable":true,"href":"https:\/\/lyonbondyblog.fr\/LBB\/wp-json\/wp\/v2\/media\/5255"}],"wp:attachment":[{"href":"https:\/\/lyonbondyblog.fr\/LBB\/wp-json\/wp\/v2\/media?parent=5251"}],"wp:term":[{"taxonomy":"category","embeddable":true,"href":"https:\/\/lyonbondyblog.fr\/LBB\/wp-json\/wp\/v2\/categories?post=5251"},{"taxonomy":"post_tag","embeddable":true,"href":"https:\/\/lyonbondyblog.fr\/LBB\/wp-json\/wp\/v2\/tags?post=5251"}],"curies":[{"name":"wp","href":"https:\/\/api.w.org\/{rel}","templated":true}]}}