{"id":5237,"date":"2013-12-09T16:21:14","date_gmt":"2013-12-09T15:21:14","guid":{"rendered":"http:\/\/lyonbondyblog.fr\/LBB\/?p=5237"},"modified":"2013-12-09T16:21:14","modified_gmt":"2013-12-09T15:21:14","slug":"otages-en-syrie-les-espoirs-ne-senvolent-pas-en-lair","status":"publish","type":"post","link":"https:\/\/lyonbondyblog.fr\/LBB\/otages-en-syrie-les-espoirs-ne-senvolent-pas-en-lair\/","title":{"rendered":"Otages en Syrie : Les espoirs ne s\u2019envolent pas en l\u2019air"},"content":{"rendered":"<p><strong>Vendredi, le club de la presse de Lyon a initi\u00e9 une manifestation de soutien pour les journalistes retenus en Syrie. Une banderole a \u00e9t\u00e9 \u00e9rig\u00e9e et un l\u00e2ch\u00e9 de ballons organis\u00e9 pour l\u2019occasion.<\/p>\n<p><\/strong><\/p>\n<p><img loading=\"lazy\" decoding=\"async\" width=\"600\" height=\"450\" class=\"aligncenter size-full wp-image-5239\" alt=\"DSCF6006\" src=\"https:\/\/lyonbondyblog.fr\/LBB\/wp-content\/uploads\/2013\/12\/DSCF6006.jpg\" srcset=\"https:\/\/lyonbondyblog.fr\/LBB\/wp-content\/uploads\/2013\/12\/DSCF6006.jpg 600w, https:\/\/lyonbondyblog.fr\/LBB\/wp-content\/uploads\/2013\/12\/DSCF6006-300x225.jpg 300w\" sizes=\"auto, (max-width: 600px) 100vw, 600px\" \/><\/p>\n<blockquote>\n<p style=\"text-align: left;\">\u00ab\u00a0Les ballons qui viennent de s\u2019envoler emportent un message au-del\u00e0 des ondes et du sol. \u00bb<\/p>\n<\/blockquote>\n<p>La pluie, le froid, les parapluies servaient de base au d\u00e9cor \u00e0 midi. C\u2019\u00e9tait d\u00e9j\u00e0 \u00e0 un jour de deuil mondial avec l\u2019annonce dans tous les m\u00e9dias de la disparition la nuit pr\u00e9c\u00e9dente de Nelson Mandela. Celui qui inspira si longtemps la conscience internationale poussait les autres \u00e0 l\u2019espoir. Bien loin de Johannesburg ou du Cap, sur la place de La Com\u00e9die, une banderole connotait l\u2019espoir pour d\u2019autres crieurs de v\u00e9rit\u00e9. Accroch\u00e9e aux portes de l\u2019H\u00f4tel de Ville, elle arborait les visages de Didier Fran\u00e7ois, Edouard Elias, Nicolas H\u00e9nin et Pierre Torres, tous enlev\u00e9s en juin 2013.<\/p>\n<p>Le club de la presse de Lyon et le comit\u00e9 de soutien des journalistes fran\u00e7ais en Syrie, pr\u00e9sid\u00e9 par Florence Aubenas, avaient donc ce rassemblement qui s\u2019est accompagn\u00e9 d\u2019un l\u00e2ch\u00e9 de deux cent ballons. Une manifestation co-organis\u00e9e avec une vingtaine de villes fran\u00e7aises et Londres.<br \/>\n<img loading=\"lazy\" decoding=\"async\" width=\"600\" height=\"450\" class=\"aligncenter size-full wp-image-5241\" alt=\"DSCF6017\" src=\"https:\/\/lyonbondyblog.fr\/LBB\/wp-content\/uploads\/2013\/12\/DSCF6017.jpg\" srcset=\"https:\/\/lyonbondyblog.fr\/LBB\/wp-content\/uploads\/2013\/12\/DSCF6017.jpg 600w, https:\/\/lyonbondyblog.fr\/LBB\/wp-content\/uploads\/2013\/12\/DSCF6017-300x225.jpg 300w\" sizes=\"auto, (max-width: 600px) 100vw, 600px\" \/><\/p>\n<p>La pr\u00e9sidente du club de la presse de Lyon Jeanine Paloulian a exprim\u00e9 toute son \u00e9motion et montr\u00e9 son implication \u00e0 travers cet \u00e9v\u00e8nement\u00a0:<\/p>\n<blockquote><p>\u00ab Il est tr\u00e8s important que les journalistes fran\u00e7ais se souviennent que leurs confr\u00e8res sont otages quelque part simplement parce qu\u2019ils sont all\u00e9s faire leur m\u00e9tier. Ils sont t\u00e9moins de ce qui se passe et ce sont eux qui nous rapportent ces informations. Nous voulons simplement leur dire que nous pensons \u00e0 eux et nous ne les oublions. Nous le renouvellerons \u00e0 Lyon comme dans les autres villes de France car nous savons que des manifestations de ce type leur reviennent en \u00e9cho. \u00bb<\/p><\/blockquote>\n<h2>\u00ab\u00a0 Ne pas se balader avec sa carte\u00a0!\u00a0\u00bb<\/h2>\n<p>Pris en otage en 1972 au Vi\u00eat Nam Yves-Michel Dumont (66 ans) est venu en t\u00e9moin. Il avait lui-m\u00eame couvert la sortie de Madiba de la prison de Robben Island en 1990. Il avait alors \u00e9crit un discours \u00e9mouvant relatant les conditions \u00e9pouvantables de sa captivit\u00e9 qu\u2019il n\u2019a pas lu lui m\u00eame faute d\u2019une sant\u00e9 fragile risquant d\u2019\u00eatre affect\u00e9e par une \u00e9motion trop forte. Il avoue que son exp\u00e9rience personnelle lui sert tous les jours depuis 41 ans.<\/p>\n<p>\u00ab\u00a0Avant, on utilisait le mot prisonnier, d\u00e9sormais on dit otage. Il y avait la possibilit\u00e9 d\u2019aller partout sans \u00eatre inqui\u00e9t\u00e9. Les gens qui sont au milieu des conflits utilisent les journalistes \u00e0 certaines fins. Cependant, il faut toujours garder espoir. Dans mon trou, au Vi\u00eat Nam c\u2019est ce que j\u2019ai fait. On parlait de m\u2019ex\u00e9cuter. J\u2019avais r\u00e9ussi \u00e0 m\u2019\u00e9chapper dans la jungle.\u00a0\u00bb<br \/>\n<img loading=\"lazy\" decoding=\"async\" width=\"600\" height=\"450\" class=\"aligncenter size-full wp-image-5240\" alt=\"DSCF6016\" src=\"https:\/\/lyonbondyblog.fr\/LBB\/wp-content\/uploads\/2013\/12\/DSCF6016.jpg\" srcset=\"https:\/\/lyonbondyblog.fr\/LBB\/wp-content\/uploads\/2013\/12\/DSCF6016.jpg 600w, https:\/\/lyonbondyblog.fr\/LBB\/wp-content\/uploads\/2013\/12\/DSCF6016-300x225.jpg 300w\" sizes=\"auto, (max-width: 600px) 100vw, 600px\" \/><\/p>\n<p>Marc Petit de La Tribune de Gen\u00e8ve a pass\u00e9 douze ans en Am\u00e9rique du sud et a connu aussi les coulisses de la dictature.<\/p>\n<blockquote><p>\u00ab C\u2019est toute la presse qui est prise au pi\u00e8ge de la politique quand elle couvre des \u00e9v\u00e8nements militaires. Nous sommes Fran\u00e7ais, Suisse et depuis nos t\u00e9l\u00e9viseurs nous regardons des reportages gr\u00e2ce \u00e0 des journalistes qui vont sur place au p\u00e9ril de leur vie. En tant qu\u2019europ\u00e9ens privil\u00e9gi\u00e9s, nous sommes tributaires de ces gens. \u00bb<\/p><\/blockquote>\n<p>Franck Halimi, du magazine Amina, pr\u00e9vient ardemment \u00e0 propos de la R\u00e9publique D\u00e9mocratique du Congo\u00a0: <em>\u00ab\u00a0A Kinshasa, il n\u2019y a pas vraiment de probl\u00e8mes mais quand on se d\u00e9place \u00e0 Kivu ou Goma, \u00e7a craint\u00a0! Il ne faut pas se promener avec sa carte de presse. Le diamant et le topaze augmentent les risquent de ces secteurs. \u00bb<\/em><i>\u00a0\u00a0\u00a0\u00a0 <\/i><\/p>\n<blockquote><p>Et de conclure : \u00ab\u00a0Je pense qu\u2019Andr\u00e9 Kieffer qui enqu\u00eatait sur la fili\u00e8re Cacao en C\u00f4te d\u2019Ivoire et tenu en otage depuis 2004 est d\u00e9c\u00e9d\u00e9 et j\u2019ai une pens\u00e9e profonde pour sa famille. D\u2019ailleurs, dans ce continent magnifique qu\u2019est l\u2019Afrique le journalisme est souvent bafou\u00e9. \u00bb<\/p><\/blockquote>\n<!-- AddThis Advanced Settings generic via filter on the_content --><!-- AddThis Share Buttons generic via filter on the_content -->","protected":false},"excerpt":{"rendered":"<p>Vendredi, le club de la presse de Lyon a initi\u00e9 une manifestation de soutien pour les journalistes retenus en Syrie. Une banderole a \u00e9t\u00e9 \u00e9rig\u00e9e &hellip; <!-- AddThis Advanced Settings generic via filter on wp_trim_excerpt --><!-- AddThis Share Buttons generic via filter on wp_trim_excerpt --><\/p>\n","protected":false},"author":28,"featured_media":5244,"comment_status":"open","ping_status":"open","sticky":false,"template":"","format":"standard","meta":{"_FSMCFIC_featured_image_caption":"","_FSMCFIC_featured_image_nocaption":"","_FSMCFIC_featured_image_hide":"","footnotes":""},"categories":[9,2],"tags":[11,410,14,847,979,80,805,641],"class_list":["post-5237","post","type-post","status-publish","format-standard","has-post-thumbnail","hentry","category-international","category-societe","tag-france-2","tag-international-2","tag-journalistes","tag-manifestation","tag-otages","tag-prisonnier","tag-rassemblement","tag-syrie"],"yoast_head":"<!-- This site is optimized with the Yoast SEO plugin v22.8 - https:\/\/yoast.com\/wordpress\/plugins\/seo\/ -->\n<title>Otages en Syrie : Les espoirs ne s\u2019envolent pas en l\u2019air - Lyon Bondy Blog<\/title>\n<meta name=\"robots\" content=\"index, follow, max-snippet:-1, max-image-preview:large, max-video-preview:-1\" \/>\n<link rel=\"canonical\" href=\"https:\/\/lyonbondyblog.fr\/LBB\/otages-en-syrie-les-espoirs-ne-senvolent-pas-en-lair\/\" \/>\n<meta property=\"og:locale\" content=\"fr_FR\" \/>\n<meta property=\"og:type\" content=\"article\" \/>\n<meta property=\"og:title\" content=\"Otages en Syrie : Les espoirs ne s\u2019envolent pas en l\u2019air - Lyon Bondy Blog\" \/>\n<meta property=\"og:description\" content=\"Vendredi, le club de la presse de Lyon a initi\u00e9 une manifestation de soutien pour les journalistes retenus en Syrie. Une banderole a \u00e9t\u00e9 \u00e9rig\u00e9e &hellip;\" \/>\n<meta property=\"og:url\" content=\"https:\/\/lyonbondyblog.fr\/LBB\/otages-en-syrie-les-espoirs-ne-senvolent-pas-en-lair\/\" \/>\n<meta property=\"og:site_name\" content=\"Lyon Bondy Blog\" \/>\n<meta property=\"article:publisher\" content=\"https:\/\/www.facebook.com\/lyonbondyblog\" \/>\n<meta property=\"article:published_time\" content=\"2013-12-09T15:21:14+00:00\" \/>\n<meta property=\"og:image\" content=\"https:\/\/lyonbondyblog.fr\/LBB\/wp-content\/uploads\/2013\/12\/image-une.jpg\" \/>\n\t<meta property=\"og:image:width\" content=\"600\" \/>\n\t<meta property=\"og:image:height\" content=\"350\" \/>\n\t<meta property=\"og:image:type\" content=\"image\/jpeg\" \/>\n<meta name=\"author\" content=\"Mohamed Braiki\" \/>\n<meta name=\"twitter:card\" content=\"summary_large_image\" \/>\n<meta name=\"twitter:creator\" content=\"@bondybloglyon\" \/>\n<meta name=\"twitter:site\" content=\"@bondybloglyon\" \/>\n<script type=\"application\/ld+json\" class=\"yoast-schema-graph\">{\"@context\":\"https:\/\/schema.org\",\"@graph\":[{\"@type\":\"Article\",\"@id\":\"https:\/\/lyonbondyblog.fr\/LBB\/otages-en-syrie-les-espoirs-ne-senvolent-pas-en-lair\/#article\",\"isPartOf\":{\"@id\":\"https:\/\/lyonbondyblog.fr\/LBB\/otages-en-syrie-les-espoirs-ne-senvolent-pas-en-lair\/\"},\"author\":{\"name\":\"Mohamed Braiki\",\"@id\":\"https:\/\/lyonbondyblog.fr\/LBB\/#\/schema\/person\/558339ea4e67b07f7a2df48e9605b75c\"},\"headline\":\"Otages en Syrie : Les espoirs ne s\u2019envolent pas en l\u2019air\",\"datePublished\":\"2013-12-09T15:21:14+00:00\",\"dateModified\":\"2013-12-09T15:21:14+00:00\",\"mainEntityOfPage\":{\"@id\":\"https:\/\/lyonbondyblog.fr\/LBB\/otages-en-syrie-les-espoirs-ne-senvolent-pas-en-lair\/\"},\"wordCount\":707,\"commentCount\":0,\"publisher\":{\"@id\":\"https:\/\/lyonbondyblog.fr\/LBB\/#organization\"},\"image\":{\"@id\":\"https:\/\/lyonbondyblog.fr\/LBB\/otages-en-syrie-les-espoirs-ne-senvolent-pas-en-lair\/#primaryimage\"},\"thumbnailUrl\":\"https:\/\/lyonbondyblog.fr\/LBB\/wp-content\/uploads\/2013\/12\/image-une.jpg\",\"keywords\":[\"france\",\"international\",\"journalistes\",\"manifestation\",\"Otages\",\"prisonnier\",\"rassemblement\",\"Syrie\"],\"articleSection\":[\"International\",\"Soci\u00e9t\u00e9\"],\"inLanguage\":\"fr-FR\",\"potentialAction\":[{\"@type\":\"CommentAction\",\"name\":\"Comment\",\"target\":[\"https:\/\/lyonbondyblog.fr\/LBB\/otages-en-syrie-les-espoirs-ne-senvolent-pas-en-lair\/#respond\"]}]},{\"@type\":\"WebPage\",\"@id\":\"https:\/\/lyonbondyblog.fr\/LBB\/otages-en-syrie-les-espoirs-ne-senvolent-pas-en-lair\/\",\"url\":\"https:\/\/lyonbondyblog.fr\/LBB\/otages-en-syrie-les-espoirs-ne-senvolent-pas-en-lair\/\",\"name\":\"Otages en Syrie : Les espoirs ne s\u2019envolent pas en l\u2019air - Lyon Bondy Blog\",\"isPartOf\":{\"@id\":\"https:\/\/lyonbondyblog.fr\/LBB\/#website\"},\"primaryImageOfPage\":{\"@id\":\"https:\/\/lyonbondyblog.fr\/LBB\/otages-en-syrie-les-espoirs-ne-senvolent-pas-en-lair\/#primaryimage\"},\"image\":{\"@id\":\"https:\/\/lyonbondyblog.fr\/LBB\/otages-en-syrie-les-espoirs-ne-senvolent-pas-en-lair\/#primaryimage\"},\"thumbnailUrl\":\"https:\/\/lyonbondyblog.fr\/LBB\/wp-content\/uploads\/2013\/12\/image-une.jpg\",\"datePublished\":\"2013-12-09T15:21:14+00:00\",\"dateModified\":\"2013-12-09T15:21:14+00:00\",\"inLanguage\":\"fr-FR\",\"potentialAction\":[{\"@type\":\"ReadAction\",\"target\":[\"https:\/\/lyonbondyblog.fr\/LBB\/otages-en-syrie-les-espoirs-ne-senvolent-pas-en-lair\/\"]}]},{\"@type\":\"ImageObject\",\"inLanguage\":\"fr-FR\",\"@id\":\"https:\/\/lyonbondyblog.fr\/LBB\/otages-en-syrie-les-espoirs-ne-senvolent-pas-en-lair\/#primaryimage\",\"url\":\"https:\/\/lyonbondyblog.fr\/LBB\/wp-content\/uploads\/2013\/12\/image-une.jpg\",\"contentUrl\":\"https:\/\/lyonbondyblog.fr\/LBB\/wp-content\/uploads\/2013\/12\/image-une.jpg\",\"width\":600,\"height\":350},{\"@type\":\"WebSite\",\"@id\":\"https:\/\/lyonbondyblog.fr\/LBB\/#website\",\"url\":\"https:\/\/lyonbondyblog.fr\/LBB\/\",\"name\":\"Lyon Bondy Blog\",\"description\":\"\",\"publisher\":{\"@id\":\"https:\/\/lyonbondyblog.fr\/LBB\/#organization\"},\"potentialAction\":[{\"@type\":\"SearchAction\",\"target\":{\"@type\":\"EntryPoint\",\"urlTemplate\":\"https:\/\/lyonbondyblog.fr\/LBB\/?s={search_term_string}\"},\"query-input\":\"required name=search_term_string\"}],\"inLanguage\":\"fr-FR\"},{\"@type\":\"Organization\",\"@id\":\"https:\/\/lyonbondyblog.fr\/LBB\/#organization\",\"name\":\"LYON BONDY BLOG\",\"url\":\"https:\/\/lyonbondyblog.fr\/LBB\/\",\"logo\":{\"@type\":\"ImageObject\",\"inLanguage\":\"fr-FR\",\"@id\":\"https:\/\/lyonbondyblog.fr\/LBB\/#\/schema\/logo\/image\/\",\"url\":\"http:\/\/lyonbondyblog.fr\/LBB\/wp-content\/uploads\/2014\/10\/logo-portable-144.png\",\"contentUrl\":\"http:\/\/lyonbondyblog.fr\/LBB\/wp-content\/uploads\/2014\/10\/logo-portable-144.png\",\"width\":144,\"height\":123,\"caption\":\"LYON BONDY BLOG\"},\"image\":{\"@id\":\"https:\/\/lyonbondyblog.fr\/LBB\/#\/schema\/logo\/image\/\"},\"sameAs\":[\"https:\/\/www.facebook.com\/lyonbondyblog\",\"https:\/\/x.com\/bondybloglyon\"]},{\"@type\":\"Person\",\"@id\":\"https:\/\/lyonbondyblog.fr\/LBB\/#\/schema\/person\/558339ea4e67b07f7a2df48e9605b75c\",\"name\":\"Mohamed Braiki\",\"description\":\"Natif de Lyon et enfant des Minguettes, je suis dipl\u00f4m\u00e9 de Lettres de la Fac de Lyon 2 et l\u2019EFAP Rh\u00f4ne Alpes. J\u2019ai roul\u00e9 ma bosse dans des r\u00e9dactions lyonnaises comme la radio Lyon Sport 98.4, Le Progr\u00e8s, Foot 69.fr, Tribune de Lyon et Lyon Capitale. braikimohamed@yahoo.fr\",\"url\":\"https:\/\/lyonbondyblog.fr\/LBB\/author\/mohamed\/\"}]}<\/script>\n<!-- \/ Yoast SEO plugin. -->","yoast_head_json":{"title":"Otages en Syrie : Les espoirs ne s\u2019envolent pas en l\u2019air - Lyon Bondy Blog","robots":{"index":"index","follow":"follow","max-snippet":"max-snippet:-1","max-image-preview":"max-image-preview:large","max-video-preview":"max-video-preview:-1"},"canonical":"https:\/\/lyonbondyblog.fr\/LBB\/otages-en-syrie-les-espoirs-ne-senvolent-pas-en-lair\/","og_locale":"fr_FR","og_type":"article","og_title":"Otages en Syrie : Les espoirs ne s\u2019envolent pas en l\u2019air - Lyon Bondy Blog","og_description":"Vendredi, le club de la presse de Lyon a initi\u00e9 une manifestation de soutien pour les journalistes retenus en Syrie. Une banderole a \u00e9t\u00e9 \u00e9rig\u00e9e &hellip;","og_url":"https:\/\/lyonbondyblog.fr\/LBB\/otages-en-syrie-les-espoirs-ne-senvolent-pas-en-lair\/","og_site_name":"Lyon Bondy Blog","article_publisher":"https:\/\/www.facebook.com\/lyonbondyblog","article_published_time":"2013-12-09T15:21:14+00:00","og_image":[{"width":600,"height":350,"url":"https:\/\/lyonbondyblog.fr\/LBB\/wp-content\/uploads\/2013\/12\/image-une.jpg","type":"image\/jpeg"}],"author":"Mohamed Braiki","twitter_card":"summary_large_image","twitter_creator":"@bondybloglyon","twitter_site":"@bondybloglyon","schema":{"@context":"https:\/\/schema.org","@graph":[{"@type":"Article","@id":"https:\/\/lyonbondyblog.fr\/LBB\/otages-en-syrie-les-espoirs-ne-senvolent-pas-en-lair\/#article","isPartOf":{"@id":"https:\/\/lyonbondyblog.fr\/LBB\/otages-en-syrie-les-espoirs-ne-senvolent-pas-en-lair\/"},"author":{"name":"Mohamed Braiki","@id":"https:\/\/lyonbondyblog.fr\/LBB\/#\/schema\/person\/558339ea4e67b07f7a2df48e9605b75c"},"headline":"Otages en Syrie : Les espoirs ne s\u2019envolent pas en l\u2019air","datePublished":"2013-12-09T15:21:14+00:00","dateModified":"2013-12-09T15:21:14+00:00","mainEntityOfPage":{"@id":"https:\/\/lyonbondyblog.fr\/LBB\/otages-en-syrie-les-espoirs-ne-senvolent-pas-en-lair\/"},"wordCount":707,"commentCount":0,"publisher":{"@id":"https:\/\/lyonbondyblog.fr\/LBB\/#organization"},"image":{"@id":"https:\/\/lyonbondyblog.fr\/LBB\/otages-en-syrie-les-espoirs-ne-senvolent-pas-en-lair\/#primaryimage"},"thumbnailUrl":"https:\/\/lyonbondyblog.fr\/LBB\/wp-content\/uploads\/2013\/12\/image-une.jpg","keywords":["france","international","journalistes","manifestation","Otages","prisonnier","rassemblement","Syrie"],"articleSection":["International","Soci\u00e9t\u00e9"],"inLanguage":"fr-FR","potentialAction":[{"@type":"CommentAction","name":"Comment","target":["https:\/\/lyonbondyblog.fr\/LBB\/otages-en-syrie-les-espoirs-ne-senvolent-pas-en-lair\/#respond"]}]},{"@type":"WebPage","@id":"https:\/\/lyonbondyblog.fr\/LBB\/otages-en-syrie-les-espoirs-ne-senvolent-pas-en-lair\/","url":"https:\/\/lyonbondyblog.fr\/LBB\/otages-en-syrie-les-espoirs-ne-senvolent-pas-en-lair\/","name":"Otages en Syrie : Les espoirs ne s\u2019envolent pas en l\u2019air - Lyon Bondy Blog","isPartOf":{"@id":"https:\/\/lyonbondyblog.fr\/LBB\/#website"},"primaryImageOfPage":{"@id":"https:\/\/lyonbondyblog.fr\/LBB\/otages-en-syrie-les-espoirs-ne-senvolent-pas-en-lair\/#primaryimage"},"image":{"@id":"https:\/\/lyonbondyblog.fr\/LBB\/otages-en-syrie-les-espoirs-ne-senvolent-pas-en-lair\/#primaryimage"},"thumbnailUrl":"https:\/\/lyonbondyblog.fr\/LBB\/wp-content\/uploads\/2013\/12\/image-une.jpg","datePublished":"2013-12-09T15:21:14+00:00","dateModified":"2013-12-09T15:21:14+00:00","inLanguage":"fr-FR","potentialAction":[{"@type":"ReadAction","target":["https:\/\/lyonbondyblog.fr\/LBB\/otages-en-syrie-les-espoirs-ne-senvolent-pas-en-lair\/"]}]},{"@type":"ImageObject","inLanguage":"fr-FR","@id":"https:\/\/lyonbondyblog.fr\/LBB\/otages-en-syrie-les-espoirs-ne-senvolent-pas-en-lair\/#primaryimage","url":"https:\/\/lyonbondyblog.fr\/LBB\/wp-content\/uploads\/2013\/12\/image-une.jpg","contentUrl":"https:\/\/lyonbondyblog.fr\/LBB\/wp-content\/uploads\/2013\/12\/image-une.jpg","width":600,"height":350},{"@type":"WebSite","@id":"https:\/\/lyonbondyblog.fr\/LBB\/#website","url":"https:\/\/lyonbondyblog.fr\/LBB\/","name":"Lyon Bondy Blog","description":"","publisher":{"@id":"https:\/\/lyonbondyblog.fr\/LBB\/#organization"},"potentialAction":[{"@type":"SearchAction","target":{"@type":"EntryPoint","urlTemplate":"https:\/\/lyonbondyblog.fr\/LBB\/?s={search_term_string}"},"query-input":"required name=search_term_string"}],"inLanguage":"fr-FR"},{"@type":"Organization","@id":"https:\/\/lyonbondyblog.fr\/LBB\/#organization","name":"LYON BONDY BLOG","url":"https:\/\/lyonbondyblog.fr\/LBB\/","logo":{"@type":"ImageObject","inLanguage":"fr-FR","@id":"https:\/\/lyonbondyblog.fr\/LBB\/#\/schema\/logo\/image\/","url":"http:\/\/lyonbondyblog.fr\/LBB\/wp-content\/uploads\/2014\/10\/logo-portable-144.png","contentUrl":"http:\/\/lyonbondyblog.fr\/LBB\/wp-content\/uploads\/2014\/10\/logo-portable-144.png","width":144,"height":123,"caption":"LYON BONDY BLOG"},"image":{"@id":"https:\/\/lyonbondyblog.fr\/LBB\/#\/schema\/logo\/image\/"},"sameAs":["https:\/\/www.facebook.com\/lyonbondyblog","https:\/\/x.com\/bondybloglyon"]},{"@type":"Person","@id":"https:\/\/lyonbondyblog.fr\/LBB\/#\/schema\/person\/558339ea4e67b07f7a2df48e9605b75c","name":"Mohamed Braiki","description":"Natif de Lyon et enfant des Minguettes, je suis dipl\u00f4m\u00e9 de Lettres de la Fac de Lyon 2 et l\u2019EFAP Rh\u00f4ne Alpes. J\u2019ai roul\u00e9 ma bosse dans des r\u00e9dactions lyonnaises comme la radio Lyon Sport 98.4, Le Progr\u00e8s, Foot 69.fr, Tribune de Lyon et Lyon Capitale. braikimohamed@yahoo.fr","url":"https:\/\/lyonbondyblog.fr\/LBB\/author\/mohamed\/"}]}},"_links":{"self":[{"href":"https:\/\/lyonbondyblog.fr\/LBB\/wp-json\/wp\/v2\/posts\/5237","targetHints":{"allow":["GET"]}}],"collection":[{"href":"https:\/\/lyonbondyblog.fr\/LBB\/wp-json\/wp\/v2\/posts"}],"about":[{"href":"https:\/\/lyonbondyblog.fr\/LBB\/wp-json\/wp\/v2\/types\/post"}],"author":[{"embeddable":true,"href":"https:\/\/lyonbondyblog.fr\/LBB\/wp-json\/wp\/v2\/users\/28"}],"replies":[{"embeddable":true,"href":"https:\/\/lyonbondyblog.fr\/LBB\/wp-json\/wp\/v2\/comments?post=5237"}],"version-history":[{"count":0,"href":"https:\/\/lyonbondyblog.fr\/LBB\/wp-json\/wp\/v2\/posts\/5237\/revisions"}],"wp:featuredmedia":[{"embeddable":true,"href":"https:\/\/lyonbondyblog.fr\/LBB\/wp-json\/wp\/v2\/media\/5244"}],"wp:attachment":[{"href":"https:\/\/lyonbondyblog.fr\/LBB\/wp-json\/wp\/v2\/media?parent=5237"}],"wp:term":[{"taxonomy":"category","embeddable":true,"href":"https:\/\/lyonbondyblog.fr\/LBB\/wp-json\/wp\/v2\/categories?post=5237"},{"taxonomy":"post_tag","embeddable":true,"href":"https:\/\/lyonbondyblog.fr\/LBB\/wp-json\/wp\/v2\/tags?post=5237"}],"curies":[{"name":"wp","href":"https:\/\/api.w.org\/{rel}","templated":true}]}}