{"id":509,"date":"2013-04-18T13:01:49","date_gmt":"2013-04-18T11:01:49","guid":{"rendered":"http:\/\/lyonbondyblog.fr\/LBB\/?p=509"},"modified":"2013-10-29T16:57:08","modified_gmt":"2013-10-29T15:57:08","slug":"marchand-de-sommeil-mobilisation-contre-les-vendeurs-de-listes-13","status":"publish","type":"post","link":"https:\/\/lyonbondyblog.fr\/LBB\/marchand-de-sommeil-mobilisation-contre-les-vendeurs-de-listes-13\/","title":{"rendered":"Marchand de sommeil : mobilisation contre les vendeurs de listes (1\/3)"},"content":{"rendered":"<p><strong>C&rsquo;est par le moyen du tractage, notamment dans les universit\u00e9s, que la CE (Conf\u00e9d\u00e9ration Etudiante) tente de tirer la sonnette d&rsquo;alarme sur les nombreuses arnaques des vendeurs de listes. La CE tente aussi de d\u00e9fendre les \u00e9tudiants en organisant des manifestations devant des agences de location.<\/strong><\/p>\n<p><a href=\"https:\/\/lyonbondyblog.fr\/LBB\/wp-content\/uploads\/2013\/07\/listes.jpg\"><img loading=\"lazy\" decoding=\"async\" width=\"400\" height=\"441\" class=\"aligncenter size-full wp-image-514\" alt=\"listes\" src=\"https:\/\/lyonbondyblog.fr\/LBB\/wp-content\/uploads\/2013\/07\/listes.jpg\" srcset=\"https:\/\/lyonbondyblog.fr\/LBB\/wp-content\/uploads\/2013\/07\/listes.jpg 400w, https:\/\/lyonbondyblog.fr\/LBB\/wp-content\/uploads\/2013\/07\/listes-272x300.jpg 272w\" sizes=\"auto, (max-width: 400px) 100vw, 400px\" \/><\/a><\/p>\n<p style=\"text-align: center;\"><em><span style=\"font-size: 12px;\">Cr\u00e9dit photo : Conf\u00e9d\u00e9ration Etudiante<\/span><\/em><\/p>\n<div>\n<p>Une \u201c<em>arnaque institutionnalis\u00e9e<\/em>\u201d se met en place. La loi de 1995 oblige les vendeurs de listes \u00e0 \u00eatre titulaires d\u2019une carte professionnelle d\u00e9livr\u00e9e par la pr\u00e9fecture. Plus tard avec la loi du 1er juillet 2004 qui devait encadrer davantage les agences, les professionnels ont obligation de donner une liste comprenant deux logements disponibles \u201cminimum\u201d avant d\u2019\u00eatre pay\u00e9s. Les agences fournissent donc une pr\u00e9-liste ou\u0300 il n&rsquo;y a pas les coordonn\u00e9es des propri\u00e9taires. Si les appartements propos\u00e9s conviennent a\u0300 l&rsquo;\u00e9tudiant, ils payent alors environ 200 euros pour obtenir les coordonn\u00e9es.<\/p>\n<p>Jusque la\u0300 rien d&rsquo;extraordinaire, mais dans la pratique tout se complique. Les personnes ne sont pas au courant que sur la liste fournie, seulement deux peuvent \u00eatre disponible, et les annonces propos\u00e9es peuvent \u00eatre prises sur des sites gratuits (le bon coin, de particulier a\u0300 particulier). La\u0300 est le probl\u00e8me, la loi n&rsquo;est plus adapt\u00e9e au d\u00e9veloppement d&rsquo;internet. La justice en est consciente puisque en 2010, quinze agences ont \u00e9t\u00e9 condamn\u00e9es mais exemptes de peine car la loi n\u2019emp\u00eache pas certaines d\u00e9rives des vendeurs de listes.<\/p>\n<p><strong>D\u00e9noncer les abus de confiance faits aux consommateurs<\/strong><\/p>\n<p><a href=\"http:\/\/www.confederation-etudiante.org\/actualites\/les-etudiants-continuent-leurs-actions-coup-de-poing-contre-les-arnaques-des-vendeurs-de-listes\">Le mouvement de contestation de la CE<\/a> envers cet abus de confiance part d\u2019une bonne id\u00e9e mais manque malgr\u00e9 tout d&rsquo;organisation et d&rsquo;arguments. La conf\u00e9d\u00e9ration \u00e9tudiante de Lyon se mobilise en petit nombre pour d\u00e9fendre les droits des \u00e9tudiants.<\/p>\n<p>Lors d\u2019une l&rsquo;op\u00e9ration a\u0300 l&rsquo;agence Mil&rsquo;im pour demander le remboursement d&rsquo;une e\u0301tudiante qui leur a achet\u00e9e une liste, cette dernie\u0300re n&rsquo;e\u0301tait pas pr\u00e9sente et les organisateurs n&rsquo;avaient pas le dossier complet. De plus, le responsable de l&rsquo;agence e\u0301tait pre\u0301par\u00e9 a\u0300 les recevoir, il a su re\u0301pondre calmement et de\u0301stabiliser les militants. Le de\u0301bat n&rsquo;avance pas, les deux partis ont du mal a\u0300 s&rsquo;e\u0301couter et les arguments de chaque co\u0302te\u0301 n&rsquo;\u00e9voluent pas, chacun restant sur ses positions respectives. Mais la confe\u0301de\u0301ration ne se laisse pas abattre. Malgre\u0301 un \u00e9change qui tourne en rond, elle r\u00e9ussit a\u0300 obtenir un rendez-vous avec le pr\u00e9sident de l&rsquo;agence pour examiner \u00e0 nouveau le cas de l&rsquo;e\u0301tudiante.<\/p>\n<p><strong>\u201c<em>Il faut que la loi change pour faire avancer les <\/em><em>choses<\/em>\u201d<\/strong><\/p>\n<p>La CE se bat aussi au niveau national, et maintien le contact avec Ce\u0301cile Duflot pour changer la loi. La pre\u0301sidente du CE sait que \u00ab<em> il faut changer la loi pour faire avancer les choses<\/em> \u00bb, et me\u0302me le g\u00e9rant de l&rsquo;agence, lors de la manifestation reconnait que la loi est mal faite. Il semble conscient qu\u2019il joue avec celle-ci et que cela lui permet de vendre des listes en restant dans la l\u00e9galit\u00e9\u0301.<\/p>\n<p>La mobilisation n&rsquo;est peut-\u00eatre pas la solution au proble\u0300me des vendeurs de listes, mais les autres actions des \u00ab arnaqu\u00e9s \u00bb avancent petit a\u0300 petit. La mauvaise presse qu\u2019ils font a\u0300 ces agences permet d&rsquo;informer les \u00e9tudiants sur leurs pratiques. Ils ont aussi tent\u00e9 les attaques en justice mais cela prend beaucoup de temps et d&rsquo;argent, c&rsquo;est pourquoi ils essaient d&rsquo;autres m\u00e9thodes. Ils n&rsquo;en sont pas a\u0300 leur premi\u00e8re manifestation et ne comptent pas s&rsquo;arr\u00eater la\u0300.<\/p>\n<p><a href=\"http:\/\/www.confederation-etudiante.org\/campagnes-et-dossiers\/campagnes\/la-confederation-etudiante-a-decide-de-soutenir-la-petition-des-etudiants-arnaques-des-actions-coup-de-poing-se-preparent-pour-les-jours-a-venir\">Leur p\u00e9tition grossit de jour en jour et atteint les 100 000 signatures<\/a>. Ils ont \u00e9galement obtenu 40 soutiens de d\u00e9put\u00e9s. Il ne leur reste plus qu\u2019\u00e0 attendre pour voir ou non les fruits cette lutte.<\/p>\n<div>\n<div>Contenu associ\u00e9:<\/div>\n<div>\n<div>\n<p><a href=\"https:\/\/lyonbondyblog.fr\/LBB\/immobilier-ces-marchands-de-listes-qui-promettent-monts-et-merveilles-23\/\">Immobilier : ces marchands de listes qui promettent monts et merveilles (2\/3)<\/a><\/p>\n<div>\n<p><a href=\"https:\/\/lyonbondyblog.fr\/LBB\/marchands-de-listes-lenquete-de-mariama-33\/\">Marchands de listes : L\u2019enqu\u00eate de Mariama (3\/3)<\/a><\/p>\n<p style=\"text-align: right;\"><em><span style=\"font-size: 12px;\">Contenu r\u00e9alis\u00e9 conjointement avec Chlo\u00e9 Jabouyna<\/span> <\/em><\/p>\n<\/div>\n<\/div>\n<\/div>\n<\/div>\n<\/div>\n<!-- AddThis Advanced Settings generic via filter on the_content --><!-- AddThis Share Buttons generic via filter on the_content -->","protected":false},"excerpt":{"rendered":"<p>C&rsquo;est par le moyen du tractage, notamment dans les universit\u00e9s, que la CE (Conf\u00e9d\u00e9ration Etudiante) tente de tirer la sonnette d&rsquo;alarme sur les nombreuses arnaques &hellip; <!-- AddThis Advanced Settings generic via filter on wp_trim_excerpt --><!-- AddThis Share Buttons generic via filter on wp_trim_excerpt --><\/p>\n","protected":false},"author":10,"featured_media":528,"comment_status":"open","ping_status":"open","sticky":false,"template":"","format":"standard","meta":{"_FSMCFIC_featured_image_caption":"","_FSMCFIC_featured_image_nocaption":"","_FSMCFIC_featured_image_hide":"","footnotes":""},"categories":[4,2],"tags":[169,171,170,19,172],"class_list":["post-509","post","type-post","status-publish","format-standard","has-post-thumbnail","hentry","category-lyon","category-societe","tag-confederation-etudiante","tag-duflot","tag-listes","tag-logement","tag-milim"],"yoast_head":"<!-- This site is optimized with the Yoast SEO plugin v22.8 - https:\/\/yoast.com\/wordpress\/plugins\/seo\/ -->\n<title>Marchand de sommeil : mobilisation contre les vendeurs de listes (1\/3) - Lyon Bondy Blog<\/title>\n<meta name=\"robots\" content=\"index, follow, max-snippet:-1, max-image-preview:large, max-video-preview:-1\" \/>\n<link rel=\"canonical\" href=\"https:\/\/lyonbondyblog.fr\/LBB\/marchand-de-sommeil-mobilisation-contre-les-vendeurs-de-listes-13\/\" \/>\n<meta property=\"og:locale\" content=\"fr_FR\" \/>\n<meta property=\"og:type\" content=\"article\" \/>\n<meta property=\"og:title\" content=\"Marchand de sommeil : mobilisation contre les vendeurs de listes (1\/3) - Lyon Bondy Blog\" \/>\n<meta property=\"og:description\" content=\"C&rsquo;est par le moyen du tractage, notamment dans les universit\u00e9s, que la CE (Conf\u00e9d\u00e9ration Etudiante) tente de tirer la sonnette d&rsquo;alarme sur les nombreuses arnaques &hellip;\" \/>\n<meta property=\"og:url\" content=\"https:\/\/lyonbondyblog.fr\/LBB\/marchand-de-sommeil-mobilisation-contre-les-vendeurs-de-listes-13\/\" \/>\n<meta property=\"og:site_name\" content=\"Lyon Bondy Blog\" \/>\n<meta property=\"article:publisher\" content=\"https:\/\/www.facebook.com\/lyonbondyblog\" \/>\n<meta property=\"article:published_time\" content=\"2013-04-18T11:01:49+00:00\" \/>\n<meta property=\"article:modified_time\" content=\"2013-10-29T15:57:08+00:00\" \/>\n<meta property=\"og:image\" content=\"https:\/\/lyonbondyblog.fr\/LBB\/wp-content\/uploads\/2013\/07\/listes2.jpg\" \/>\n\t<meta property=\"og:image:width\" content=\"400\" \/>\n\t<meta property=\"og:image:height\" content=\"200\" \/>\n\t<meta property=\"og:image:type\" content=\"image\/jpeg\" \/>\n<meta name=\"author\" content=\"Mariama Hassani\" \/>\n<meta name=\"twitter:card\" content=\"summary_large_image\" \/>\n<meta name=\"twitter:creator\" content=\"@bondybloglyon\" \/>\n<meta name=\"twitter:site\" content=\"@bondybloglyon\" \/>\n<script type=\"application\/ld+json\" class=\"yoast-schema-graph\">{\"@context\":\"https:\/\/schema.org\",\"@graph\":[{\"@type\":\"Article\",\"@id\":\"https:\/\/lyonbondyblog.fr\/LBB\/marchand-de-sommeil-mobilisation-contre-les-vendeurs-de-listes-13\/#article\",\"isPartOf\":{\"@id\":\"https:\/\/lyonbondyblog.fr\/LBB\/marchand-de-sommeil-mobilisation-contre-les-vendeurs-de-listes-13\/\"},\"author\":{\"name\":\"Mariama Hassani\",\"@id\":\"https:\/\/lyonbondyblog.fr\/LBB\/#\/schema\/person\/04042fda23427b66d2dacbf57eed4602\"},\"headline\":\"Marchand de sommeil : mobilisation contre les vendeurs de listes (1\/3)\",\"datePublished\":\"2013-04-18T11:01:49+00:00\",\"dateModified\":\"2013-10-29T15:57:08+00:00\",\"mainEntityOfPage\":{\"@id\":\"https:\/\/lyonbondyblog.fr\/LBB\/marchand-de-sommeil-mobilisation-contre-les-vendeurs-de-listes-13\/\"},\"wordCount\":674,\"commentCount\":0,\"publisher\":{\"@id\":\"https:\/\/lyonbondyblog.fr\/LBB\/#organization\"},\"image\":{\"@id\":\"https:\/\/lyonbondyblog.fr\/LBB\/marchand-de-sommeil-mobilisation-contre-les-vendeurs-de-listes-13\/#primaryimage\"},\"thumbnailUrl\":\"https:\/\/lyonbondyblog.fr\/LBB\/wp-content\/uploads\/2013\/07\/listes2.jpg\",\"keywords\":[\"Conf\u00e9d\u00e9ration \u00e9tudiante\",\"Duflot\",\"listes\",\"logement\",\"Mil'im\"],\"articleSection\":[\"Lyon\",\"Soci\u00e9t\u00e9\"],\"inLanguage\":\"fr-FR\",\"potentialAction\":[{\"@type\":\"CommentAction\",\"name\":\"Comment\",\"target\":[\"https:\/\/lyonbondyblog.fr\/LBB\/marchand-de-sommeil-mobilisation-contre-les-vendeurs-de-listes-13\/#respond\"]}]},{\"@type\":\"WebPage\",\"@id\":\"https:\/\/lyonbondyblog.fr\/LBB\/marchand-de-sommeil-mobilisation-contre-les-vendeurs-de-listes-13\/\",\"url\":\"https:\/\/lyonbondyblog.fr\/LBB\/marchand-de-sommeil-mobilisation-contre-les-vendeurs-de-listes-13\/\",\"name\":\"Marchand de sommeil : mobilisation contre les vendeurs de listes (1\/3) - Lyon Bondy Blog\",\"isPartOf\":{\"@id\":\"https:\/\/lyonbondyblog.fr\/LBB\/#website\"},\"primaryImageOfPage\":{\"@id\":\"https:\/\/lyonbondyblog.fr\/LBB\/marchand-de-sommeil-mobilisation-contre-les-vendeurs-de-listes-13\/#primaryimage\"},\"image\":{\"@id\":\"https:\/\/lyonbondyblog.fr\/LBB\/marchand-de-sommeil-mobilisation-contre-les-vendeurs-de-listes-13\/#primaryimage\"},\"thumbnailUrl\":\"https:\/\/lyonbondyblog.fr\/LBB\/wp-content\/uploads\/2013\/07\/listes2.jpg\",\"datePublished\":\"2013-04-18T11:01:49+00:00\",\"dateModified\":\"2013-10-29T15:57:08+00:00\",\"inLanguage\":\"fr-FR\",\"potentialAction\":[{\"@type\":\"ReadAction\",\"target\":[\"https:\/\/lyonbondyblog.fr\/LBB\/marchand-de-sommeil-mobilisation-contre-les-vendeurs-de-listes-13\/\"]}]},{\"@type\":\"ImageObject\",\"inLanguage\":\"fr-FR\",\"@id\":\"https:\/\/lyonbondyblog.fr\/LBB\/marchand-de-sommeil-mobilisation-contre-les-vendeurs-de-listes-13\/#primaryimage\",\"url\":\"https:\/\/lyonbondyblog.fr\/LBB\/wp-content\/uploads\/2013\/07\/listes2.jpg\",\"contentUrl\":\"https:\/\/lyonbondyblog.fr\/LBB\/wp-content\/uploads\/2013\/07\/listes2.jpg\",\"width\":400,\"height\":200},{\"@type\":\"WebSite\",\"@id\":\"https:\/\/lyonbondyblog.fr\/LBB\/#website\",\"url\":\"https:\/\/lyonbondyblog.fr\/LBB\/\",\"name\":\"Lyon Bondy Blog\",\"description\":\"\",\"publisher\":{\"@id\":\"https:\/\/lyonbondyblog.fr\/LBB\/#organization\"},\"potentialAction\":[{\"@type\":\"SearchAction\",\"target\":{\"@type\":\"EntryPoint\",\"urlTemplate\":\"https:\/\/lyonbondyblog.fr\/LBB\/?s={search_term_string}\"},\"query-input\":\"required name=search_term_string\"}],\"inLanguage\":\"fr-FR\"},{\"@type\":\"Organization\",\"@id\":\"https:\/\/lyonbondyblog.fr\/LBB\/#organization\",\"name\":\"LYON BONDY BLOG\",\"url\":\"https:\/\/lyonbondyblog.fr\/LBB\/\",\"logo\":{\"@type\":\"ImageObject\",\"inLanguage\":\"fr-FR\",\"@id\":\"https:\/\/lyonbondyblog.fr\/LBB\/#\/schema\/logo\/image\/\",\"url\":\"http:\/\/lyonbondyblog.fr\/LBB\/wp-content\/uploads\/2014\/10\/logo-portable-144.png\",\"contentUrl\":\"http:\/\/lyonbondyblog.fr\/LBB\/wp-content\/uploads\/2014\/10\/logo-portable-144.png\",\"width\":144,\"height\":123,\"caption\":\"LYON BONDY BLOG\"},\"image\":{\"@id\":\"https:\/\/lyonbondyblog.fr\/LBB\/#\/schema\/logo\/image\/\"},\"sameAs\":[\"https:\/\/www.facebook.com\/lyonbondyblog\",\"https:\/\/x.com\/bondybloglyon\"]},{\"@type\":\"Person\",\"@id\":\"https:\/\/lyonbondyblog.fr\/LBB\/#\/schema\/person\/04042fda23427b66d2dacbf57eed4602\",\"name\":\"Mariama Hassani\",\"description\":\"\u00c9tudiante en Science Po \u00e0 Lyon 2, la politique et les m\u00e9dias m'ont toujours attir\u00e9e, le journalisme une vocation pour moi. Venant d'une ville tr\u00e8s cosmopolite comme Marseille et vivant \u00e0 Lyon, c'est une richesse de pouvoir transmettre le message des personnes par la voie de mes \u00e9crits.\",\"url\":\"https:\/\/lyonbondyblog.fr\/LBB\/author\/mariama\/\"}]}<\/script>\n<!-- \/ Yoast SEO plugin. -->","yoast_head_json":{"title":"Marchand de sommeil : mobilisation contre les vendeurs de listes (1\/3) - Lyon Bondy Blog","robots":{"index":"index","follow":"follow","max-snippet":"max-snippet:-1","max-image-preview":"max-image-preview:large","max-video-preview":"max-video-preview:-1"},"canonical":"https:\/\/lyonbondyblog.fr\/LBB\/marchand-de-sommeil-mobilisation-contre-les-vendeurs-de-listes-13\/","og_locale":"fr_FR","og_type":"article","og_title":"Marchand de sommeil : mobilisation contre les vendeurs de listes (1\/3) - Lyon Bondy Blog","og_description":"C&rsquo;est par le moyen du tractage, notamment dans les universit\u00e9s, que la CE (Conf\u00e9d\u00e9ration Etudiante) tente de tirer la sonnette d&rsquo;alarme sur les nombreuses arnaques &hellip;","og_url":"https:\/\/lyonbondyblog.fr\/LBB\/marchand-de-sommeil-mobilisation-contre-les-vendeurs-de-listes-13\/","og_site_name":"Lyon Bondy Blog","article_publisher":"https:\/\/www.facebook.com\/lyonbondyblog","article_published_time":"2013-04-18T11:01:49+00:00","article_modified_time":"2013-10-29T15:57:08+00:00","og_image":[{"width":400,"height":200,"url":"https:\/\/lyonbondyblog.fr\/LBB\/wp-content\/uploads\/2013\/07\/listes2.jpg","type":"image\/jpeg"}],"author":"Mariama Hassani","twitter_card":"summary_large_image","twitter_creator":"@bondybloglyon","twitter_site":"@bondybloglyon","schema":{"@context":"https:\/\/schema.org","@graph":[{"@type":"Article","@id":"https:\/\/lyonbondyblog.fr\/LBB\/marchand-de-sommeil-mobilisation-contre-les-vendeurs-de-listes-13\/#article","isPartOf":{"@id":"https:\/\/lyonbondyblog.fr\/LBB\/marchand-de-sommeil-mobilisation-contre-les-vendeurs-de-listes-13\/"},"author":{"name":"Mariama Hassani","@id":"https:\/\/lyonbondyblog.fr\/LBB\/#\/schema\/person\/04042fda23427b66d2dacbf57eed4602"},"headline":"Marchand de sommeil : mobilisation contre les vendeurs de listes (1\/3)","datePublished":"2013-04-18T11:01:49+00:00","dateModified":"2013-10-29T15:57:08+00:00","mainEntityOfPage":{"@id":"https:\/\/lyonbondyblog.fr\/LBB\/marchand-de-sommeil-mobilisation-contre-les-vendeurs-de-listes-13\/"},"wordCount":674,"commentCount":0,"publisher":{"@id":"https:\/\/lyonbondyblog.fr\/LBB\/#organization"},"image":{"@id":"https:\/\/lyonbondyblog.fr\/LBB\/marchand-de-sommeil-mobilisation-contre-les-vendeurs-de-listes-13\/#primaryimage"},"thumbnailUrl":"https:\/\/lyonbondyblog.fr\/LBB\/wp-content\/uploads\/2013\/07\/listes2.jpg","keywords":["Conf\u00e9d\u00e9ration \u00e9tudiante","Duflot","listes","logement","Mil'im"],"articleSection":["Lyon","Soci\u00e9t\u00e9"],"inLanguage":"fr-FR","potentialAction":[{"@type":"CommentAction","name":"Comment","target":["https:\/\/lyonbondyblog.fr\/LBB\/marchand-de-sommeil-mobilisation-contre-les-vendeurs-de-listes-13\/#respond"]}]},{"@type":"WebPage","@id":"https:\/\/lyonbondyblog.fr\/LBB\/marchand-de-sommeil-mobilisation-contre-les-vendeurs-de-listes-13\/","url":"https:\/\/lyonbondyblog.fr\/LBB\/marchand-de-sommeil-mobilisation-contre-les-vendeurs-de-listes-13\/","name":"Marchand de sommeil : mobilisation contre les vendeurs de listes (1\/3) - Lyon Bondy Blog","isPartOf":{"@id":"https:\/\/lyonbondyblog.fr\/LBB\/#website"},"primaryImageOfPage":{"@id":"https:\/\/lyonbondyblog.fr\/LBB\/marchand-de-sommeil-mobilisation-contre-les-vendeurs-de-listes-13\/#primaryimage"},"image":{"@id":"https:\/\/lyonbondyblog.fr\/LBB\/marchand-de-sommeil-mobilisation-contre-les-vendeurs-de-listes-13\/#primaryimage"},"thumbnailUrl":"https:\/\/lyonbondyblog.fr\/LBB\/wp-content\/uploads\/2013\/07\/listes2.jpg","datePublished":"2013-04-18T11:01:49+00:00","dateModified":"2013-10-29T15:57:08+00:00","inLanguage":"fr-FR","potentialAction":[{"@type":"ReadAction","target":["https:\/\/lyonbondyblog.fr\/LBB\/marchand-de-sommeil-mobilisation-contre-les-vendeurs-de-listes-13\/"]}]},{"@type":"ImageObject","inLanguage":"fr-FR","@id":"https:\/\/lyonbondyblog.fr\/LBB\/marchand-de-sommeil-mobilisation-contre-les-vendeurs-de-listes-13\/#primaryimage","url":"https:\/\/lyonbondyblog.fr\/LBB\/wp-content\/uploads\/2013\/07\/listes2.jpg","contentUrl":"https:\/\/lyonbondyblog.fr\/LBB\/wp-content\/uploads\/2013\/07\/listes2.jpg","width":400,"height":200},{"@type":"WebSite","@id":"https:\/\/lyonbondyblog.fr\/LBB\/#website","url":"https:\/\/lyonbondyblog.fr\/LBB\/","name":"Lyon Bondy Blog","description":"","publisher":{"@id":"https:\/\/lyonbondyblog.fr\/LBB\/#organization"},"potentialAction":[{"@type":"SearchAction","target":{"@type":"EntryPoint","urlTemplate":"https:\/\/lyonbondyblog.fr\/LBB\/?s={search_term_string}"},"query-input":"required name=search_term_string"}],"inLanguage":"fr-FR"},{"@type":"Organization","@id":"https:\/\/lyonbondyblog.fr\/LBB\/#organization","name":"LYON BONDY BLOG","url":"https:\/\/lyonbondyblog.fr\/LBB\/","logo":{"@type":"ImageObject","inLanguage":"fr-FR","@id":"https:\/\/lyonbondyblog.fr\/LBB\/#\/schema\/logo\/image\/","url":"http:\/\/lyonbondyblog.fr\/LBB\/wp-content\/uploads\/2014\/10\/logo-portable-144.png","contentUrl":"http:\/\/lyonbondyblog.fr\/LBB\/wp-content\/uploads\/2014\/10\/logo-portable-144.png","width":144,"height":123,"caption":"LYON BONDY BLOG"},"image":{"@id":"https:\/\/lyonbondyblog.fr\/LBB\/#\/schema\/logo\/image\/"},"sameAs":["https:\/\/www.facebook.com\/lyonbondyblog","https:\/\/x.com\/bondybloglyon"]},{"@type":"Person","@id":"https:\/\/lyonbondyblog.fr\/LBB\/#\/schema\/person\/04042fda23427b66d2dacbf57eed4602","name":"Mariama Hassani","description":"\u00c9tudiante en Science Po \u00e0 Lyon 2, la politique et les m\u00e9dias m'ont toujours attir\u00e9e, le journalisme une vocation pour moi. Venant d'une ville tr\u00e8s cosmopolite comme Marseille et vivant \u00e0 Lyon, c'est une richesse de pouvoir transmettre le message des personnes par la voie de mes \u00e9crits.","url":"https:\/\/lyonbondyblog.fr\/LBB\/author\/mariama\/"}]}},"_links":{"self":[{"href":"https:\/\/lyonbondyblog.fr\/LBB\/wp-json\/wp\/v2\/posts\/509","targetHints":{"allow":["GET"]}}],"collection":[{"href":"https:\/\/lyonbondyblog.fr\/LBB\/wp-json\/wp\/v2\/posts"}],"about":[{"href":"https:\/\/lyonbondyblog.fr\/LBB\/wp-json\/wp\/v2\/types\/post"}],"author":[{"embeddable":true,"href":"https:\/\/lyonbondyblog.fr\/LBB\/wp-json\/wp\/v2\/users\/10"}],"replies":[{"embeddable":true,"href":"https:\/\/lyonbondyblog.fr\/LBB\/wp-json\/wp\/v2\/comments?post=509"}],"version-history":[{"count":0,"href":"https:\/\/lyonbondyblog.fr\/LBB\/wp-json\/wp\/v2\/posts\/509\/revisions"}],"wp:featuredmedia":[{"embeddable":true,"href":"https:\/\/lyonbondyblog.fr\/LBB\/wp-json\/wp\/v2\/media\/528"}],"wp:attachment":[{"href":"https:\/\/lyonbondyblog.fr\/LBB\/wp-json\/wp\/v2\/media?parent=509"}],"wp:term":[{"taxonomy":"category","embeddable":true,"href":"https:\/\/lyonbondyblog.fr\/LBB\/wp-json\/wp\/v2\/categories?post=509"},{"taxonomy":"post_tag","embeddable":true,"href":"https:\/\/lyonbondyblog.fr\/LBB\/wp-json\/wp\/v2\/tags?post=509"}],"curies":[{"name":"wp","href":"https:\/\/api.w.org\/{rel}","templated":true}]}}