{"id":5052,"date":"2013-11-26T15:28:12","date_gmt":"2013-11-26T14:28:12","guid":{"rendered":"http:\/\/lyonbondyblog.fr\/LBB\/?p=5052"},"modified":"2013-11-26T15:28:12","modified_gmt":"2013-11-26T14:28:12","slug":"la-marche-dans-les-salles","status":"publish","type":"post","link":"https:\/\/lyonbondyblog.fr\/LBB\/la-marche-dans-les-salles\/","title":{"rendered":"La Marche dans les salles"},"content":{"rendered":"<p><b>Un peu plus de 30 ans apr\u00e8s le d\u00e9but de La Marche pour l&rsquo;\u00e9galit\u00e9 et contre le racisme, un film retra\u00e7ant cette marche sort dans nos salles obscures. Apr\u00e8s l&rsquo;avant-premi\u00e8re \u00e0 Lyon, le 5 novembre dernier, Julien Lopez, Lyon Bondy Blogueur passionn\u00e9 de cin\u00e9ma, vous livre ses impressions.<\/b><\/p>\n<p><img loading=\"lazy\" decoding=\"async\" width=\"600\" height=\"350\" class=\"aligncenter size-full wp-image-5053\" alt=\"film la marche une\" src=\"https:\/\/lyonbondyblog.fr\/LBB\/wp-content\/uploads\/2013\/11\/film-la-marche-une.jpg\" srcset=\"https:\/\/lyonbondyblog.fr\/LBB\/wp-content\/uploads\/2013\/11\/film-la-marche-une.jpg 600w, https:\/\/lyonbondyblog.fr\/LBB\/wp-content\/uploads\/2013\/11\/film-la-marche-une-300x175.jpg 300w\" sizes=\"auto, (max-width: 600px) 100vw, 600px\" \/><\/p>\n<p>Le film d\u00e9marre par une nuit aux Minguettes. En bas de leur tour, plusieurs jeunes discutent, \u00e9coutent de la musique, bref passent du temps entre amis. Soudainement, un jeune d\u00e9tale devant eux \u00e0 toute vitesse. Il court car il est poursuivi par un chien de policier. Les autres lui embo\u00eetent le pas et tentent d&rsquo;\u00e9chapper au molosse. Tous n&rsquo;ont pas cette chance\u00a0: Mohamed, interpr\u00e9t\u00e9 par Tewfik Jallab, voyant ce fier berger allemand grignoter un inconnu va lui porter secours. Le ma\u00eetre policier de l&rsquo;animal arrive et tire sur Mohamed. Ce dernier est laiss\u00e9 pour mort. \u00c0 sa sortie d\u2019h\u00f4pital, il d\u00e9cide d&rsquo;organiser une action non violente, une marche. On suit ces jeunes et moins jeunes durant leur randonn\u00e9e tr\u00e8s sp\u00e9ciale de Marseille \u00e0 Paris. Toute ressemblance avec l&rsquo;histoire de Toumi Dja\u00efdja, pr\u00e9sident de l\u2019association SOS Avenir Minguettes et initiateur de la <span style=\"text-decoration: underline;\">Marche pour l&rsquo;\u00e9galit\u00e9 et contre le racisme<\/span> n&rsquo;est pas fortuite.<\/p>\n<p><b>Une fiction qui s&rsquo;inspire fortement de la r\u00e9alit<b>\u00e9<\/b><\/b><\/p>\n<p><i>La Marche<\/i> est inspir\u00e9e d\u2019une histoire vraie. C\u2019est l&rsquo;histoire de jeunes des Minguettes, un quartier populaire de V\u00e9nissieux, qui en ont assez de toute cette violence et ont d\u00e9cid\u00e9 d&rsquo;agir. En effet, en 1983, le racisme, son intol\u00e9rance, ses discriminations et ses crimes ne sont pas une fiction. Ces gones fortement impr\u00e9gn\u00e9s par les actions de Martin Luther King, Gandhi et autres chantres de la non-violence initi\u00e8rent une <i>Marche<\/i>, que les m\u00e9dias surnommeront, \u00e0 tord, la <i>Marche des Beurs<\/i>.<\/p>\n<p>On peut s\u2019amuser \u00e0 essayer de voir qui est qui. Ainsi, Mohamed est un personnage fortement inspir\u00e9 de Toumi Dja\u00efdja. Christophe Dubois interpr\u00e9t\u00e9 par Olivier Gourmet, est un cur\u00e9 des Minguettes qui rappelle \u00e9videment le P\u00e8re Delorme. Le r\u00e9alisateur et sc\u00e9nariste Nabil Ben Yadir, bien aid\u00e9 par la sc\u00e9nariste Nadia Lakhdar, a donc puis\u00e9 dans les faits tout en roman\u00e7ant des personnages et des situations pour nous faire rire, vibrer, pleurer ou r\u00e9fl\u00e9chir.<\/p>\n<p><b>Un film fort en \u00e9motions<\/b><\/p>\n<p>D\u2019ailleurs, la mani\u00e8re de filmer retransmet la force et l&rsquo;\u00e9motion de ces \u00e9v\u00e8nements de 1983. On a l\u2019impression d&rsquo;\u00eatre au plus pr\u00e8s des marcheurs. \u00c0 noter aussi que la bande-son m\u00e9lange des titres que l&rsquo;on croirait tout droit sortie d&rsquo;une compilation Nostalgie Best-of 80. Et le travail de Stephen Warbeck, oscar de la meilleure musique pour <i>Shakespeare in Love<\/i> en 1999, accentue encore cette plong\u00e9e trente ans en arri\u00e8re.<\/p>\n<p>Il n&rsquo;y a pas vraiment de t\u00eate d&rsquo;affiche mais le casting est impeccable. Tous les acteurs ont un r\u00f4le important. Tewfik Jallab qui tirait d\u00e9j\u00e0 son \u00e9pingle du jeu dans <i>N\u00e9 quelque part<\/i> est une nouvelle fois bouleversant, \u00e0 l\u2019instar d\u2019Olivier Gourmet. On retrouve \u00e0 leurs c\u00f4t\u00e9s une belle brochette d&rsquo;acteurs. Jamel Debouzze, Nader Boussandel, Vincent Rottiers et M&rsquo;Barek Belbouk assurent \u00e0 premi\u00e8re vue la partie comique du film, mais \u00e0 y regarder de plus pr\u00e8s, leurs personnages sont intenses et attendrissants. Il y a avait aussi des femmes en 1983 et le sc\u00e9nario fait la part belle \u00e0 celles-ci. Ainsi Hafsia Herzi, d\u00e9couverte dans <i>La Graine et le Mulet<\/i>, Charlotte Le Bon ou encore Lubna Azabal ont aussi de tr\u00e8s beaux r\u00f4les. Et les incarnent \u00e0 merveille. Les personnages secondaires sont aussi tr\u00e8s importants, on peut citer Philipe Nahon qui joue Ren\u00e9 le chauffeur de la fourgonnette qui accompagnait les marcheurs.<\/p>\n<p><b>Des probl\u00e9matiques encore d&rsquo;actualit\u00e9<\/b><\/p>\n<p>Ce long-m\u00e9trage permet une prise de conscience pour les jeunes et les moins jeunes sur la situation de la France en 1983. Trente ann\u00e9es se sont \u00e9coul\u00e9es depuis que Toumi Dja\u00efdja, le P\u00e8re Delorme et tant d&rsquo;autres ont foul\u00e9 les routes plus ou moins pav\u00e9es de notre pays pour faire changer la face de cette derni\u00e8re. Qu&rsquo;est-ce que la marche a chang\u00e9 ? Que sont devenus les marcheurs ? Le film donne quelques informations mais on reste sur sa faim.<\/p>\n<p><i>La Marche <\/i>sort en salles le 27 novembre. Le film est beau dans sa forme mais aussi dans le message qu&rsquo;il transmet. Le sujet est fort et ne peut\/doit pas laisser insensible.<\/p>\n<p><strong>Bande-Annonce<\/strong><\/p>\n<p><iframe loading=\"lazy\" src=\"http:\/\/www.youtube.com\/embed\/-3vniMEC3Eo?wmode=transparent\" height=\"315\" width=\"560\" allowfullscreen=\"\" frameborder=\"0\"><\/iframe><\/p>\n<!-- AddThis Advanced Settings generic via filter on the_content --><!-- AddThis Share Buttons generic via filter on the_content -->","protected":false},"excerpt":{"rendered":"<p>Un peu plus de 30 ans apr\u00e8s le d\u00e9but de La Marche pour l&rsquo;\u00e9galit\u00e9 et contre le racisme, un film retra\u00e7ant cette marche sort dans &hellip; <!-- AddThis Advanced Settings generic via filter on wp_trim_excerpt --><!-- AddThis Share Buttons generic via filter on wp_trim_excerpt --><\/p>\n","protected":false},"author":1,"featured_media":5053,"comment_status":"open","ping_status":"open","sticky":false,"template":"","format":"standard","meta":{"_FSMCFIC_featured_image_caption":"","_FSMCFIC_featured_image_nocaption":"","_FSMCFIC_featured_image_hide":"","footnotes":""},"categories":[3,959],"tags":[435,560,824,33,525,216,960,112,827,770,523,556,313],"class_list":["post-5052","post","type-post","status-publish","format-standard","has-post-thumbnail","hentry","category-culture","category-la-marche","tag-association","tag-discrimination","tag-egalite","tag-film","tag-jamel-debouzze","tag-jeunes","tag-la-marche-pour-legalite-et-contre-le-racisme","tag-lyon-bondy-blog","tag-martin-luther-king","tag-minguettes","tag-ne-quelque-part","tag-quartier","tag-salle"],"yoast_head":"<!-- This site is optimized with the Yoast SEO plugin v22.8 - https:\/\/yoast.com\/wordpress\/plugins\/seo\/ -->\n<title>La Marche dans les salles - Lyon Bondy Blog<\/title>\n<meta name=\"robots\" content=\"index, follow, max-snippet:-1, max-image-preview:large, max-video-preview:-1\" \/>\n<link rel=\"canonical\" href=\"https:\/\/lyonbondyblog.fr\/LBB\/la-marche-dans-les-salles\/\" \/>\n<meta property=\"og:locale\" content=\"fr_FR\" \/>\n<meta property=\"og:type\" content=\"article\" \/>\n<meta property=\"og:title\" content=\"La Marche dans les salles - Lyon Bondy Blog\" \/>\n<meta property=\"og:description\" content=\"Un peu plus de 30 ans apr\u00e8s le d\u00e9but de La Marche pour l&rsquo;\u00e9galit\u00e9 et contre le racisme, un film retra\u00e7ant cette marche sort dans &hellip;\" \/>\n<meta property=\"og:url\" content=\"https:\/\/lyonbondyblog.fr\/LBB\/la-marche-dans-les-salles\/\" \/>\n<meta property=\"og:site_name\" content=\"Lyon Bondy Blog\" \/>\n<meta property=\"article:publisher\" content=\"https:\/\/www.facebook.com\/lyonbondyblog\" \/>\n<meta property=\"article:author\" content=\"https:\/\/www.facebook.com\/lyonbondyblog\" \/>\n<meta property=\"article:published_time\" content=\"2013-11-26T14:28:12+00:00\" \/>\n<meta property=\"og:image\" content=\"https:\/\/lyonbondyblog.fr\/LBB\/wp-content\/uploads\/2013\/11\/film-la-marche-une.jpg\" \/>\n\t<meta property=\"og:image:width\" content=\"600\" \/>\n\t<meta property=\"og:image:height\" content=\"350\" \/>\n\t<meta property=\"og:image:type\" content=\"image\/jpeg\" \/>\n<meta name=\"author\" content=\"La r\u00e9daction\" \/>\n<meta name=\"twitter:card\" content=\"summary_large_image\" \/>\n<meta name=\"twitter:creator\" content=\"@BondyBlogLyon\" \/>\n<meta name=\"twitter:site\" content=\"@bondybloglyon\" \/>\n<script type=\"application\/ld+json\" class=\"yoast-schema-graph\">{\"@context\":\"https:\/\/schema.org\",\"@graph\":[{\"@type\":\"Article\",\"@id\":\"https:\/\/lyonbondyblog.fr\/LBB\/la-marche-dans-les-salles\/#article\",\"isPartOf\":{\"@id\":\"https:\/\/lyonbondyblog.fr\/LBB\/la-marche-dans-les-salles\/\"},\"author\":{\"name\":\"La r\u00e9daction\",\"@id\":\"https:\/\/lyonbondyblog.fr\/LBB\/#\/schema\/person\/e45f8d27baac75072daa0be50c409b25\"},\"headline\":\"La Marche dans les salles\",\"datePublished\":\"2013-11-26T14:28:12+00:00\",\"dateModified\":\"2013-11-26T14:28:12+00:00\",\"mainEntityOfPage\":{\"@id\":\"https:\/\/lyonbondyblog.fr\/LBB\/la-marche-dans-les-salles\/\"},\"wordCount\":760,\"commentCount\":0,\"publisher\":{\"@id\":\"https:\/\/lyonbondyblog.fr\/LBB\/#organization\"},\"image\":{\"@id\":\"https:\/\/lyonbondyblog.fr\/LBB\/la-marche-dans-les-salles\/#primaryimage\"},\"thumbnailUrl\":\"https:\/\/lyonbondyblog.fr\/LBB\/wp-content\/uploads\/2013\/11\/film-la-marche-une.jpg\",\"keywords\":[\"association\",\"discrimination\",\"\u00e9galit\u00e9\",\"film\",\"Jamel Debouzze\",\"jeunes\",\"La Marche pour l'\u00e9galit\u00e9 et contre le racisme\",\"Lyon Bondy Blog\",\"Martin Luther King\",\"Minguettes\",\"n\u00e9 quelque part\",\"quartier\",\"salle\"],\"articleSection\":[\"Culture\",\"La Marche\"],\"inLanguage\":\"fr-FR\",\"potentialAction\":[{\"@type\":\"CommentAction\",\"name\":\"Comment\",\"target\":[\"https:\/\/lyonbondyblog.fr\/LBB\/la-marche-dans-les-salles\/#respond\"]}]},{\"@type\":\"WebPage\",\"@id\":\"https:\/\/lyonbondyblog.fr\/LBB\/la-marche-dans-les-salles\/\",\"url\":\"https:\/\/lyonbondyblog.fr\/LBB\/la-marche-dans-les-salles\/\",\"name\":\"La Marche dans les salles - Lyon Bondy Blog\",\"isPartOf\":{\"@id\":\"https:\/\/lyonbondyblog.fr\/LBB\/#website\"},\"primaryImageOfPage\":{\"@id\":\"https:\/\/lyonbondyblog.fr\/LBB\/la-marche-dans-les-salles\/#primaryimage\"},\"image\":{\"@id\":\"https:\/\/lyonbondyblog.fr\/LBB\/la-marche-dans-les-salles\/#primaryimage\"},\"thumbnailUrl\":\"https:\/\/lyonbondyblog.fr\/LBB\/wp-content\/uploads\/2013\/11\/film-la-marche-une.jpg\",\"datePublished\":\"2013-11-26T14:28:12+00:00\",\"dateModified\":\"2013-11-26T14:28:12+00:00\",\"inLanguage\":\"fr-FR\",\"potentialAction\":[{\"@type\":\"ReadAction\",\"target\":[\"https:\/\/lyonbondyblog.fr\/LBB\/la-marche-dans-les-salles\/\"]}]},{\"@type\":\"ImageObject\",\"inLanguage\":\"fr-FR\",\"@id\":\"https:\/\/lyonbondyblog.fr\/LBB\/la-marche-dans-les-salles\/#primaryimage\",\"url\":\"https:\/\/lyonbondyblog.fr\/LBB\/wp-content\/uploads\/2013\/11\/film-la-marche-une.jpg\",\"contentUrl\":\"https:\/\/lyonbondyblog.fr\/LBB\/wp-content\/uploads\/2013\/11\/film-la-marche-une.jpg\",\"width\":600,\"height\":350},{\"@type\":\"WebSite\",\"@id\":\"https:\/\/lyonbondyblog.fr\/LBB\/#website\",\"url\":\"https:\/\/lyonbondyblog.fr\/LBB\/\",\"name\":\"Lyon Bondy Blog\",\"description\":\"\",\"publisher\":{\"@id\":\"https:\/\/lyonbondyblog.fr\/LBB\/#organization\"},\"potentialAction\":[{\"@type\":\"SearchAction\",\"target\":{\"@type\":\"EntryPoint\",\"urlTemplate\":\"https:\/\/lyonbondyblog.fr\/LBB\/?s={search_term_string}\"},\"query-input\":\"required name=search_term_string\"}],\"inLanguage\":\"fr-FR\"},{\"@type\":\"Organization\",\"@id\":\"https:\/\/lyonbondyblog.fr\/LBB\/#organization\",\"name\":\"LYON BONDY BLOG\",\"url\":\"https:\/\/lyonbondyblog.fr\/LBB\/\",\"logo\":{\"@type\":\"ImageObject\",\"inLanguage\":\"fr-FR\",\"@id\":\"https:\/\/lyonbondyblog.fr\/LBB\/#\/schema\/logo\/image\/\",\"url\":\"http:\/\/lyonbondyblog.fr\/LBB\/wp-content\/uploads\/2014\/10\/logo-portable-144.png\",\"contentUrl\":\"http:\/\/lyonbondyblog.fr\/LBB\/wp-content\/uploads\/2014\/10\/logo-portable-144.png\",\"width\":144,\"height\":123,\"caption\":\"LYON BONDY BLOG\"},\"image\":{\"@id\":\"https:\/\/lyonbondyblog.fr\/LBB\/#\/schema\/logo\/image\/\"},\"sameAs\":[\"https:\/\/www.facebook.com\/lyonbondyblog\",\"https:\/\/x.com\/bondybloglyon\"]},{\"@type\":\"Person\",\"@id\":\"https:\/\/lyonbondyblog.fr\/LBB\/#\/schema\/person\/e45f8d27baac75072daa0be50c409b25\",\"name\":\"La r\u00e9daction\",\"description\":\"Cr\u00e9e en 2008, la r\u00e9daction du Lyon Bondy Blog s'applique \u00e0 proposer une information locale diff\u00e9rente et compl\u00e9mentaire des m\u00e9dias traditionnels.\",\"sameAs\":[\"https:\/\/www.facebook.com\/lyonbondyblog\",\"https:\/\/x.com\/BondyBlogLyon\"],\"url\":\"https:\/\/lyonbondyblog.fr\/LBB\/author\/admin\/\"}]}<\/script>\n<!-- \/ Yoast SEO plugin. -->","yoast_head_json":{"title":"La Marche dans les salles - Lyon Bondy Blog","robots":{"index":"index","follow":"follow","max-snippet":"max-snippet:-1","max-image-preview":"max-image-preview:large","max-video-preview":"max-video-preview:-1"},"canonical":"https:\/\/lyonbondyblog.fr\/LBB\/la-marche-dans-les-salles\/","og_locale":"fr_FR","og_type":"article","og_title":"La Marche dans les salles - Lyon Bondy Blog","og_description":"Un peu plus de 30 ans apr\u00e8s le d\u00e9but de La Marche pour l&rsquo;\u00e9galit\u00e9 et contre le racisme, un film retra\u00e7ant cette marche sort dans &hellip;","og_url":"https:\/\/lyonbondyblog.fr\/LBB\/la-marche-dans-les-salles\/","og_site_name":"Lyon Bondy Blog","article_publisher":"https:\/\/www.facebook.com\/lyonbondyblog","article_author":"https:\/\/www.facebook.com\/lyonbondyblog","article_published_time":"2013-11-26T14:28:12+00:00","og_image":[{"width":600,"height":350,"url":"https:\/\/lyonbondyblog.fr\/LBB\/wp-content\/uploads\/2013\/11\/film-la-marche-une.jpg","type":"image\/jpeg"}],"author":"La r\u00e9daction","twitter_card":"summary_large_image","twitter_creator":"@BondyBlogLyon","twitter_site":"@bondybloglyon","schema":{"@context":"https:\/\/schema.org","@graph":[{"@type":"Article","@id":"https:\/\/lyonbondyblog.fr\/LBB\/la-marche-dans-les-salles\/#article","isPartOf":{"@id":"https:\/\/lyonbondyblog.fr\/LBB\/la-marche-dans-les-salles\/"},"author":{"name":"La r\u00e9daction","@id":"https:\/\/lyonbondyblog.fr\/LBB\/#\/schema\/person\/e45f8d27baac75072daa0be50c409b25"},"headline":"La Marche dans les salles","datePublished":"2013-11-26T14:28:12+00:00","dateModified":"2013-11-26T14:28:12+00:00","mainEntityOfPage":{"@id":"https:\/\/lyonbondyblog.fr\/LBB\/la-marche-dans-les-salles\/"},"wordCount":760,"commentCount":0,"publisher":{"@id":"https:\/\/lyonbondyblog.fr\/LBB\/#organization"},"image":{"@id":"https:\/\/lyonbondyblog.fr\/LBB\/la-marche-dans-les-salles\/#primaryimage"},"thumbnailUrl":"https:\/\/lyonbondyblog.fr\/LBB\/wp-content\/uploads\/2013\/11\/film-la-marche-une.jpg","keywords":["association","discrimination","\u00e9galit\u00e9","film","Jamel Debouzze","jeunes","La Marche pour l'\u00e9galit\u00e9 et contre le racisme","Lyon Bondy Blog","Martin Luther King","Minguettes","n\u00e9 quelque part","quartier","salle"],"articleSection":["Culture","La Marche"],"inLanguage":"fr-FR","potentialAction":[{"@type":"CommentAction","name":"Comment","target":["https:\/\/lyonbondyblog.fr\/LBB\/la-marche-dans-les-salles\/#respond"]}]},{"@type":"WebPage","@id":"https:\/\/lyonbondyblog.fr\/LBB\/la-marche-dans-les-salles\/","url":"https:\/\/lyonbondyblog.fr\/LBB\/la-marche-dans-les-salles\/","name":"La Marche dans les salles - Lyon Bondy Blog","isPartOf":{"@id":"https:\/\/lyonbondyblog.fr\/LBB\/#website"},"primaryImageOfPage":{"@id":"https:\/\/lyonbondyblog.fr\/LBB\/la-marche-dans-les-salles\/#primaryimage"},"image":{"@id":"https:\/\/lyonbondyblog.fr\/LBB\/la-marche-dans-les-salles\/#primaryimage"},"thumbnailUrl":"https:\/\/lyonbondyblog.fr\/LBB\/wp-content\/uploads\/2013\/11\/film-la-marche-une.jpg","datePublished":"2013-11-26T14:28:12+00:00","dateModified":"2013-11-26T14:28:12+00:00","inLanguage":"fr-FR","potentialAction":[{"@type":"ReadAction","target":["https:\/\/lyonbondyblog.fr\/LBB\/la-marche-dans-les-salles\/"]}]},{"@type":"ImageObject","inLanguage":"fr-FR","@id":"https:\/\/lyonbondyblog.fr\/LBB\/la-marche-dans-les-salles\/#primaryimage","url":"https:\/\/lyonbondyblog.fr\/LBB\/wp-content\/uploads\/2013\/11\/film-la-marche-une.jpg","contentUrl":"https:\/\/lyonbondyblog.fr\/LBB\/wp-content\/uploads\/2013\/11\/film-la-marche-une.jpg","width":600,"height":350},{"@type":"WebSite","@id":"https:\/\/lyonbondyblog.fr\/LBB\/#website","url":"https:\/\/lyonbondyblog.fr\/LBB\/","name":"Lyon Bondy Blog","description":"","publisher":{"@id":"https:\/\/lyonbondyblog.fr\/LBB\/#organization"},"potentialAction":[{"@type":"SearchAction","target":{"@type":"EntryPoint","urlTemplate":"https:\/\/lyonbondyblog.fr\/LBB\/?s={search_term_string}"},"query-input":"required name=search_term_string"}],"inLanguage":"fr-FR"},{"@type":"Organization","@id":"https:\/\/lyonbondyblog.fr\/LBB\/#organization","name":"LYON BONDY BLOG","url":"https:\/\/lyonbondyblog.fr\/LBB\/","logo":{"@type":"ImageObject","inLanguage":"fr-FR","@id":"https:\/\/lyonbondyblog.fr\/LBB\/#\/schema\/logo\/image\/","url":"http:\/\/lyonbondyblog.fr\/LBB\/wp-content\/uploads\/2014\/10\/logo-portable-144.png","contentUrl":"http:\/\/lyonbondyblog.fr\/LBB\/wp-content\/uploads\/2014\/10\/logo-portable-144.png","width":144,"height":123,"caption":"LYON BONDY BLOG"},"image":{"@id":"https:\/\/lyonbondyblog.fr\/LBB\/#\/schema\/logo\/image\/"},"sameAs":["https:\/\/www.facebook.com\/lyonbondyblog","https:\/\/x.com\/bondybloglyon"]},{"@type":"Person","@id":"https:\/\/lyonbondyblog.fr\/LBB\/#\/schema\/person\/e45f8d27baac75072daa0be50c409b25","name":"La r\u00e9daction","description":"Cr\u00e9e en 2008, la r\u00e9daction du Lyon Bondy Blog s'applique \u00e0 proposer une information locale diff\u00e9rente et compl\u00e9mentaire des m\u00e9dias traditionnels.","sameAs":["https:\/\/www.facebook.com\/lyonbondyblog","https:\/\/x.com\/BondyBlogLyon"],"url":"https:\/\/lyonbondyblog.fr\/LBB\/author\/admin\/"}]}},"_links":{"self":[{"href":"https:\/\/lyonbondyblog.fr\/LBB\/wp-json\/wp\/v2\/posts\/5052","targetHints":{"allow":["GET"]}}],"collection":[{"href":"https:\/\/lyonbondyblog.fr\/LBB\/wp-json\/wp\/v2\/posts"}],"about":[{"href":"https:\/\/lyonbondyblog.fr\/LBB\/wp-json\/wp\/v2\/types\/post"}],"author":[{"embeddable":true,"href":"https:\/\/lyonbondyblog.fr\/LBB\/wp-json\/wp\/v2\/users\/1"}],"replies":[{"embeddable":true,"href":"https:\/\/lyonbondyblog.fr\/LBB\/wp-json\/wp\/v2\/comments?post=5052"}],"version-history":[{"count":0,"href":"https:\/\/lyonbondyblog.fr\/LBB\/wp-json\/wp\/v2\/posts\/5052\/revisions"}],"wp:featuredmedia":[{"embeddable":true,"href":"https:\/\/lyonbondyblog.fr\/LBB\/wp-json\/wp\/v2\/media\/5053"}],"wp:attachment":[{"href":"https:\/\/lyonbondyblog.fr\/LBB\/wp-json\/wp\/v2\/media?parent=5052"}],"wp:term":[{"taxonomy":"category","embeddable":true,"href":"https:\/\/lyonbondyblog.fr\/LBB\/wp-json\/wp\/v2\/categories?post=5052"},{"taxonomy":"post_tag","embeddable":true,"href":"https:\/\/lyonbondyblog.fr\/LBB\/wp-json\/wp\/v2\/tags?post=5052"}],"curies":[{"name":"wp","href":"https:\/\/api.w.org\/{rel}","templated":true}]}}