{"id":503,"date":"2013-03-23T15:54:46","date_gmt":"2013-03-23T14:54:46","guid":{"rendered":"http:\/\/lyonbondyblog.fr\/LBB\/?p=503"},"modified":"2013-07-09T16:23:43","modified_gmt":"2013-07-09T14:23:43","slug":"companero-de-hugo-chavez-retour-sur-lhommage","status":"publish","type":"post","link":"https:\/\/lyonbondyblog.fr\/LBB\/companero-de-hugo-chavez-retour-sur-lhommage\/","title":{"rendered":"Compa\u00f1ero de Hugo Chavez : retour sur l\u2019hommage"},"content":{"rendered":"<p><strong>Mercredi 6 Mars 2013, au lendemain de la mort du pr\u00e9sident v\u00e9n\u00e9zu\u00e9lien Hugo Chavez, les militants et sympathisants socialistes ainsi que les ressortissants latino-am\u00e9ricains sont venus saluer une derni\u00e8re fois leur \u201ch\u00e9ros\u201d. Un hommage \u00e9mouvant, une minute de silence et des chants r\u00e9volutionnaires ont r\u00e9veill\u00e9 la place des Terreaux \u00e0 Lyon. L\u2019\u00e9v\u00e8nement n\u2019a \u00e9t\u00e9 que bri\u00e8vement \u00e9voqu\u00e9 dans les m\u00e9dias locaux. Le Lyon Bondy Blog revient sur l\u2019\u00e9v\u00e8nement.<\/strong><\/p>\n<p><a href=\"https:\/\/lyonbondyblog.fr\/LBB\/wp-content\/uploads\/2013\/07\/chavez-lyon.jpg\"><img loading=\"lazy\" decoding=\"async\" width=\"400\" height=\"300\" class=\"aligncenter size-full wp-image-507\" alt=\"chavez lyon\" src=\"https:\/\/lyonbondyblog.fr\/LBB\/wp-content\/uploads\/2013\/07\/chavez-lyon.jpg\" srcset=\"https:\/\/lyonbondyblog.fr\/LBB\/wp-content\/uploads\/2013\/07\/chavez-lyon.jpg 400w, https:\/\/lyonbondyblog.fr\/LBB\/wp-content\/uploads\/2013\/07\/chavez-lyon-300x225.jpg 300w\" sizes=\"auto, (max-width: 400px) 100vw, 400px\" \/><\/a><\/p>\n<div>\n<p>Nombreux sont ceux qui ont r\u00e9pondu \u00e0 l&rsquo;appel fait par le leader du front de gauche, Jean-Luc M\u00e9lanchon, lors de son discours t\u00e9l\u00e9vis\u00e9 en hommage \u00e0 Hugo Chavez. Il a notamment sollicit\u00e9 partout en France un rassemblement pour faire honneur \u00e0 la figure embl\u00e9matique du socialisme. Chavez, qui a succomb\u00e9 \u00e0 un cancer contre lequel il a lutt\u00e9 pendant pr\u00e8s de deux ans, meurt trois mois apr\u00e8s sa r\u00e9\u00e9lection.<br \/>\nPendant que les uns brandissent avec fiert\u00e9 les drapeaux rouges du socialisme, les autres entonnent des cris r\u00e9volutionnaires. Dans les regards se traduit le choc encore pr\u00e9sent du deuil qui commence. Les mots de M\u00e9lanchon prennent tous leurs sens devant cette assembl\u00e9e \u00ab\u00a0<em>Ce qu&rsquo;il est ne meurt jamais<\/em>\u00ab\u00a0.<\/p>\n<p><strong>Un hommage au \u201ccomandante\u201d<\/strong><\/p>\n<p>Un jeune homme, au regard vif et plein d&rsquo;entrain, attire l&rsquo;attention de la foule et commence un discours : \u00a0\u00bb <em>(\u2026) j&rsquo;imaginais un peu ce qu&rsquo;on put ressentir mes camarades \u00e0 l&rsquo;\u00e9poque o\u00f9 Jaur\u00e8s \u00e9tait mort en France&#8230; c&rsquo;est un personnage historique qui vient de mourir&#8230;un tribun du peuple qui s&rsquo;est mis au service d&rsquo;une r\u00e9volution pour le peuple et par le <\/em><em>peuple<\/em>\u201d. Par ses mots, il exprime sa gratitude et rend hommage \u00e0 Chavez. Par la suite, il \u00e9voque le devoir du militant socialiste et chaviste, qui est de d\u00e9fendre la m\u00e9moire du \u201ccomandante\u201d, puis il d\u00e9nonce les attaques des m\u00e9dias occidentaux (surtout am\u00e9ricains) qui \u201csalissent\u201d l&rsquo;homme et ses actions. Il s&rsquo;agit pour lui, de ne pas rentrer dans la propagande anti-chavez mais au contraire de militer pour \u201c<em>r\u00e9tablir<\/em><em> la v\u00e9rit\u00e9 historique, montrer les avanc\u00e9es sociales, la prise de pouvoir du peuple pendant 15 <\/em><em>ans<\/em>\u201d. C&rsquo;est le moment pour eux de rendre hommage \u00e0 la r\u00e9volution bolivarienne : pour une jeune militante, Chavez est le premier \u00e0 avoir critiqu\u00e9 \u201c<em>le diable dans sa propre <\/em><em>maison<\/em>\u201d en parlant des am\u00e9ricains, et \u00e0 avoir pos\u00e9 \u201c<em>la premi\u00e8re pierre de la r\u00e9volution <\/em><em>bolivarienne<\/em>\u201d. Elle est fortement applaudie par la foule. \u201c<em>C&rsquo;est<\/em><em> une grande perte, Chavez nous a rendu notre dignit\u00e9, la dignit\u00e9 de toute l&rsquo;Am\u00e9rique Latine, il nous a donn\u00e9 envie d&rsquo;\u00eatre <\/em><em>nous<\/em>\u201d ajoute une autre personne. L&rsquo;\u00e9motion est vive et chacun veut comm\u00e9morer l&rsquo;homme qu&rsquo;\u00e9tait Chavez et le remercier pour son combat. Pierre-Allain Millet, adjoint PCF au maire de V\u00e9nissieux, pr\u00e9sent et \u00e9mu prononce ces quelques mots :<br \/>\n\u201c<em>Quand<\/em><em> j&rsquo;\u00e9tais jeune, je n&rsquo;avais pas compris&#8230; le socialisme ou la mort, je pensais qu&rsquo;on avait le pouvoir, mais non, il nous laisse pas le choix&#8230; c&rsquo;est le peuple du Venezuela qui va nous montrer sa force aujourd&rsquo;hui et ce que Chavez lui a apport\u00e9\u00a0\u00bb<\/em>.<\/p>\n<p><strong>Hugo Chavez, le bilan et l&rsquo;avenir <\/strong><\/p>\n<p>Les personnes pr\u00e9sentes dans cette assembl\u00e9e mettent en avant le bilan de Chavez, son charisme et son fort caract\u00e8re. Selon eux, le \u201ccomandante\u201d a rendu la dignit\u00e9 aux peuples v\u00e9n\u00e9zu\u00e9liens mais il a surtout chang\u00e9 la politique et a r\u00e9volutionn\u00e9 la gauche en Am\u00e9rique latine. Pour Gustavo, un v\u00e9n\u00e9zu\u00e9lien r\u00e9sidant en France depuis 8 ans, l&rsquo;action de Chavez est importante : il se souvient du Venezuela sans Chavez et des changements survenus apr\u00e8s sa prise de pouvoir, notamment pour la classe ouvri\u00e8re. Il parle du \u201c<em>souffle<\/em><em> <\/em><em>d&rsquo;espoir<\/em>\u201d pour les plus d\u00e9munis et le combat pour am\u00e9liorer leur vie.<br \/>\nSelon lui, le client\u00e9lisme cache aussi une r\u00e9alit\u00e9 plus dure, celle de la r\u00e9partition des classes. Gustavo trouve que le client\u00e9lisme est un juste retour des choses pour le peuple face \u00e0 la grande bourgeoisie v\u00e9n\u00e9zu\u00e9lienne qui l\u2019a longtemps opprim\u00e9. Il ajoute aussi que cette bourgeoisie en grande majorit\u00e9 r\u00e9side aujourd&rsquo;hui \u00e0 Miami aux \u00c9tats-Unis. Il remercie Chavez, d&rsquo;avoir su se servir de la richesse p\u00e9troli\u00e8re pour faire marcher l&rsquo;\u00e9conomie du pays.<br \/>\nLes uns comme les autres \u00e9taient surtout l\u00e0 pour rendre un dernier hommage \u00e0 Chavez et soutenir le peuple v\u00e9n\u00e9zu\u00e9lien face au challenge pr\u00e9sidentiel qui se pr\u00e9sente \u00e0 eux dans 30 jours, le 14 Avril 2013, date pr\u00e9vu pour les nouvelles \u00e9lections.<\/p>\n<\/div>\n<!-- AddThis Advanced Settings generic via filter on the_content --><!-- AddThis Share Buttons generic via filter on the_content -->","protected":false},"excerpt":{"rendered":"<p>Mercredi 6 Mars 2013, au lendemain de la mort du pr\u00e9sident v\u00e9n\u00e9zu\u00e9lien Hugo Chavez, les militants et sympathisants socialistes ainsi que les ressortissants latino-am\u00e9ricains sont &hellip; <!-- AddThis Advanced Settings generic via filter on wp_trim_excerpt --><!-- AddThis Share Buttons generic via filter on wp_trim_excerpt --><\/p>\n","protected":false},"author":10,"featured_media":506,"comment_status":"open","ping_status":"open","sticky":false,"template":"","format":"standard","meta":{"_FSMCFIC_featured_image_caption":"","_FSMCFIC_featured_image_nocaption":"","_FSMCFIC_featured_image_hide":"","footnotes":""},"categories":[8,9,4,6],"tags":[11,166,165],"class_list":["post-503","post","type-post","status-publish","format-standard","has-post-thumbnail","hentry","category-france","category-international","category-lyon","category-politique","tag-france-2","tag-hugo-chavez","tag-politique-2"],"yoast_head":"<!-- This site is optimized with the Yoast SEO plugin v22.8 - https:\/\/yoast.com\/wordpress\/plugins\/seo\/ -->\n<title>Compa\u00f1ero de Hugo Chavez : retour sur l\u2019hommage - Lyon Bondy Blog<\/title>\n<meta name=\"robots\" content=\"index, follow, max-snippet:-1, max-image-preview:large, max-video-preview:-1\" \/>\n<link rel=\"canonical\" href=\"https:\/\/lyonbondyblog.fr\/LBB\/companero-de-hugo-chavez-retour-sur-lhommage\/\" \/>\n<meta property=\"og:locale\" content=\"fr_FR\" \/>\n<meta property=\"og:type\" content=\"article\" \/>\n<meta property=\"og:title\" content=\"Compa\u00f1ero de Hugo Chavez : retour sur l\u2019hommage - Lyon Bondy Blog\" \/>\n<meta property=\"og:description\" content=\"Mercredi 6 Mars 2013, au lendemain de la mort du pr\u00e9sident v\u00e9n\u00e9zu\u00e9lien Hugo Chavez, les militants et sympathisants socialistes ainsi que les ressortissants latino-am\u00e9ricains sont &hellip;\" \/>\n<meta property=\"og:url\" content=\"https:\/\/lyonbondyblog.fr\/LBB\/companero-de-hugo-chavez-retour-sur-lhommage\/\" \/>\n<meta property=\"og:site_name\" content=\"Lyon Bondy Blog\" \/>\n<meta property=\"article:publisher\" content=\"https:\/\/www.facebook.com\/lyonbondyblog\" \/>\n<meta property=\"article:published_time\" content=\"2013-03-23T14:54:46+00:00\" \/>\n<meta property=\"article:modified_time\" content=\"2013-07-09T14:23:43+00:00\" \/>\n<meta property=\"og:image\" content=\"https:\/\/lyonbondyblog.fr\/LBB\/wp-content\/uploads\/2013\/07\/chavez-lyon2.jpg\" \/>\n\t<meta property=\"og:image:width\" content=\"400\" \/>\n\t<meta property=\"og:image:height\" content=\"200\" \/>\n\t<meta property=\"og:image:type\" content=\"image\/jpeg\" \/>\n<meta name=\"author\" content=\"Mariama Hassani\" \/>\n<meta name=\"twitter:card\" content=\"summary_large_image\" \/>\n<meta name=\"twitter:creator\" content=\"@bondybloglyon\" \/>\n<meta name=\"twitter:site\" content=\"@bondybloglyon\" \/>\n<script type=\"application\/ld+json\" class=\"yoast-schema-graph\">{\"@context\":\"https:\/\/schema.org\",\"@graph\":[{\"@type\":\"Article\",\"@id\":\"https:\/\/lyonbondyblog.fr\/LBB\/companero-de-hugo-chavez-retour-sur-lhommage\/#article\",\"isPartOf\":{\"@id\":\"https:\/\/lyonbondyblog.fr\/LBB\/companero-de-hugo-chavez-retour-sur-lhommage\/\"},\"author\":{\"name\":\"Mariama Hassani\",\"@id\":\"https:\/\/lyonbondyblog.fr\/LBB\/#\/schema\/person\/04042fda23427b66d2dacbf57eed4602\"},\"headline\":\"Compa\u00f1ero de Hugo Chavez : retour sur l\u2019hommage\",\"datePublished\":\"2013-03-23T14:54:46+00:00\",\"dateModified\":\"2013-07-09T14:23:43+00:00\",\"mainEntityOfPage\":{\"@id\":\"https:\/\/lyonbondyblog.fr\/LBB\/companero-de-hugo-chavez-retour-sur-lhommage\/\"},\"wordCount\":777,\"commentCount\":0,\"publisher\":{\"@id\":\"https:\/\/lyonbondyblog.fr\/LBB\/#organization\"},\"image\":{\"@id\":\"https:\/\/lyonbondyblog.fr\/LBB\/companero-de-hugo-chavez-retour-sur-lhommage\/#primaryimage\"},\"thumbnailUrl\":\"https:\/\/lyonbondyblog.fr\/LBB\/wp-content\/uploads\/2013\/07\/chavez-lyon2.jpg\",\"keywords\":[\"france\",\"Hugo Chavez\",\"politique\"],\"articleSection\":[\"France\",\"International\",\"Lyon\",\"Politique\"],\"inLanguage\":\"fr-FR\",\"potentialAction\":[{\"@type\":\"CommentAction\",\"name\":\"Comment\",\"target\":[\"https:\/\/lyonbondyblog.fr\/LBB\/companero-de-hugo-chavez-retour-sur-lhommage\/#respond\"]}]},{\"@type\":\"WebPage\",\"@id\":\"https:\/\/lyonbondyblog.fr\/LBB\/companero-de-hugo-chavez-retour-sur-lhommage\/\",\"url\":\"https:\/\/lyonbondyblog.fr\/LBB\/companero-de-hugo-chavez-retour-sur-lhommage\/\",\"name\":\"Compa\u00f1ero de Hugo Chavez : retour sur l\u2019hommage - Lyon Bondy Blog\",\"isPartOf\":{\"@id\":\"https:\/\/lyonbondyblog.fr\/LBB\/#website\"},\"primaryImageOfPage\":{\"@id\":\"https:\/\/lyonbondyblog.fr\/LBB\/companero-de-hugo-chavez-retour-sur-lhommage\/#primaryimage\"},\"image\":{\"@id\":\"https:\/\/lyonbondyblog.fr\/LBB\/companero-de-hugo-chavez-retour-sur-lhommage\/#primaryimage\"},\"thumbnailUrl\":\"https:\/\/lyonbondyblog.fr\/LBB\/wp-content\/uploads\/2013\/07\/chavez-lyon2.jpg\",\"datePublished\":\"2013-03-23T14:54:46+00:00\",\"dateModified\":\"2013-07-09T14:23:43+00:00\",\"inLanguage\":\"fr-FR\",\"potentialAction\":[{\"@type\":\"ReadAction\",\"target\":[\"https:\/\/lyonbondyblog.fr\/LBB\/companero-de-hugo-chavez-retour-sur-lhommage\/\"]}]},{\"@type\":\"ImageObject\",\"inLanguage\":\"fr-FR\",\"@id\":\"https:\/\/lyonbondyblog.fr\/LBB\/companero-de-hugo-chavez-retour-sur-lhommage\/#primaryimage\",\"url\":\"https:\/\/lyonbondyblog.fr\/LBB\/wp-content\/uploads\/2013\/07\/chavez-lyon2.jpg\",\"contentUrl\":\"https:\/\/lyonbondyblog.fr\/LBB\/wp-content\/uploads\/2013\/07\/chavez-lyon2.jpg\",\"width\":400,\"height\":200},{\"@type\":\"WebSite\",\"@id\":\"https:\/\/lyonbondyblog.fr\/LBB\/#website\",\"url\":\"https:\/\/lyonbondyblog.fr\/LBB\/\",\"name\":\"Lyon Bondy Blog\",\"description\":\"\",\"publisher\":{\"@id\":\"https:\/\/lyonbondyblog.fr\/LBB\/#organization\"},\"potentialAction\":[{\"@type\":\"SearchAction\",\"target\":{\"@type\":\"EntryPoint\",\"urlTemplate\":\"https:\/\/lyonbondyblog.fr\/LBB\/?s={search_term_string}\"},\"query-input\":\"required name=search_term_string\"}],\"inLanguage\":\"fr-FR\"},{\"@type\":\"Organization\",\"@id\":\"https:\/\/lyonbondyblog.fr\/LBB\/#organization\",\"name\":\"LYON BONDY BLOG\",\"url\":\"https:\/\/lyonbondyblog.fr\/LBB\/\",\"logo\":{\"@type\":\"ImageObject\",\"inLanguage\":\"fr-FR\",\"@id\":\"https:\/\/lyonbondyblog.fr\/LBB\/#\/schema\/logo\/image\/\",\"url\":\"http:\/\/lyonbondyblog.fr\/LBB\/wp-content\/uploads\/2014\/10\/logo-portable-144.png\",\"contentUrl\":\"http:\/\/lyonbondyblog.fr\/LBB\/wp-content\/uploads\/2014\/10\/logo-portable-144.png\",\"width\":144,\"height\":123,\"caption\":\"LYON BONDY BLOG\"},\"image\":{\"@id\":\"https:\/\/lyonbondyblog.fr\/LBB\/#\/schema\/logo\/image\/\"},\"sameAs\":[\"https:\/\/www.facebook.com\/lyonbondyblog\",\"https:\/\/x.com\/bondybloglyon\"]},{\"@type\":\"Person\",\"@id\":\"https:\/\/lyonbondyblog.fr\/LBB\/#\/schema\/person\/04042fda23427b66d2dacbf57eed4602\",\"name\":\"Mariama Hassani\",\"description\":\"\u00c9tudiante en Science Po \u00e0 Lyon 2, la politique et les m\u00e9dias m'ont toujours attir\u00e9e, le journalisme une vocation pour moi. Venant d'une ville tr\u00e8s cosmopolite comme Marseille et vivant \u00e0 Lyon, c'est une richesse de pouvoir transmettre le message des personnes par la voie de mes \u00e9crits.\",\"url\":\"https:\/\/lyonbondyblog.fr\/LBB\/author\/mariama\/\"}]}<\/script>\n<!-- \/ Yoast SEO plugin. -->","yoast_head_json":{"title":"Compa\u00f1ero de Hugo Chavez : retour sur l\u2019hommage - Lyon Bondy Blog","robots":{"index":"index","follow":"follow","max-snippet":"max-snippet:-1","max-image-preview":"max-image-preview:large","max-video-preview":"max-video-preview:-1"},"canonical":"https:\/\/lyonbondyblog.fr\/LBB\/companero-de-hugo-chavez-retour-sur-lhommage\/","og_locale":"fr_FR","og_type":"article","og_title":"Compa\u00f1ero de Hugo Chavez : retour sur l\u2019hommage - Lyon Bondy Blog","og_description":"Mercredi 6 Mars 2013, au lendemain de la mort du pr\u00e9sident v\u00e9n\u00e9zu\u00e9lien Hugo Chavez, les militants et sympathisants socialistes ainsi que les ressortissants latino-am\u00e9ricains sont &hellip;","og_url":"https:\/\/lyonbondyblog.fr\/LBB\/companero-de-hugo-chavez-retour-sur-lhommage\/","og_site_name":"Lyon Bondy Blog","article_publisher":"https:\/\/www.facebook.com\/lyonbondyblog","article_published_time":"2013-03-23T14:54:46+00:00","article_modified_time":"2013-07-09T14:23:43+00:00","og_image":[{"width":400,"height":200,"url":"https:\/\/lyonbondyblog.fr\/LBB\/wp-content\/uploads\/2013\/07\/chavez-lyon2.jpg","type":"image\/jpeg"}],"author":"Mariama Hassani","twitter_card":"summary_large_image","twitter_creator":"@bondybloglyon","twitter_site":"@bondybloglyon","schema":{"@context":"https:\/\/schema.org","@graph":[{"@type":"Article","@id":"https:\/\/lyonbondyblog.fr\/LBB\/companero-de-hugo-chavez-retour-sur-lhommage\/#article","isPartOf":{"@id":"https:\/\/lyonbondyblog.fr\/LBB\/companero-de-hugo-chavez-retour-sur-lhommage\/"},"author":{"name":"Mariama Hassani","@id":"https:\/\/lyonbondyblog.fr\/LBB\/#\/schema\/person\/04042fda23427b66d2dacbf57eed4602"},"headline":"Compa\u00f1ero de Hugo Chavez : retour sur l\u2019hommage","datePublished":"2013-03-23T14:54:46+00:00","dateModified":"2013-07-09T14:23:43+00:00","mainEntityOfPage":{"@id":"https:\/\/lyonbondyblog.fr\/LBB\/companero-de-hugo-chavez-retour-sur-lhommage\/"},"wordCount":777,"commentCount":0,"publisher":{"@id":"https:\/\/lyonbondyblog.fr\/LBB\/#organization"},"image":{"@id":"https:\/\/lyonbondyblog.fr\/LBB\/companero-de-hugo-chavez-retour-sur-lhommage\/#primaryimage"},"thumbnailUrl":"https:\/\/lyonbondyblog.fr\/LBB\/wp-content\/uploads\/2013\/07\/chavez-lyon2.jpg","keywords":["france","Hugo Chavez","politique"],"articleSection":["France","International","Lyon","Politique"],"inLanguage":"fr-FR","potentialAction":[{"@type":"CommentAction","name":"Comment","target":["https:\/\/lyonbondyblog.fr\/LBB\/companero-de-hugo-chavez-retour-sur-lhommage\/#respond"]}]},{"@type":"WebPage","@id":"https:\/\/lyonbondyblog.fr\/LBB\/companero-de-hugo-chavez-retour-sur-lhommage\/","url":"https:\/\/lyonbondyblog.fr\/LBB\/companero-de-hugo-chavez-retour-sur-lhommage\/","name":"Compa\u00f1ero de Hugo Chavez : retour sur l\u2019hommage - Lyon Bondy Blog","isPartOf":{"@id":"https:\/\/lyonbondyblog.fr\/LBB\/#website"},"primaryImageOfPage":{"@id":"https:\/\/lyonbondyblog.fr\/LBB\/companero-de-hugo-chavez-retour-sur-lhommage\/#primaryimage"},"image":{"@id":"https:\/\/lyonbondyblog.fr\/LBB\/companero-de-hugo-chavez-retour-sur-lhommage\/#primaryimage"},"thumbnailUrl":"https:\/\/lyonbondyblog.fr\/LBB\/wp-content\/uploads\/2013\/07\/chavez-lyon2.jpg","datePublished":"2013-03-23T14:54:46+00:00","dateModified":"2013-07-09T14:23:43+00:00","inLanguage":"fr-FR","potentialAction":[{"@type":"ReadAction","target":["https:\/\/lyonbondyblog.fr\/LBB\/companero-de-hugo-chavez-retour-sur-lhommage\/"]}]},{"@type":"ImageObject","inLanguage":"fr-FR","@id":"https:\/\/lyonbondyblog.fr\/LBB\/companero-de-hugo-chavez-retour-sur-lhommage\/#primaryimage","url":"https:\/\/lyonbondyblog.fr\/LBB\/wp-content\/uploads\/2013\/07\/chavez-lyon2.jpg","contentUrl":"https:\/\/lyonbondyblog.fr\/LBB\/wp-content\/uploads\/2013\/07\/chavez-lyon2.jpg","width":400,"height":200},{"@type":"WebSite","@id":"https:\/\/lyonbondyblog.fr\/LBB\/#website","url":"https:\/\/lyonbondyblog.fr\/LBB\/","name":"Lyon Bondy Blog","description":"","publisher":{"@id":"https:\/\/lyonbondyblog.fr\/LBB\/#organization"},"potentialAction":[{"@type":"SearchAction","target":{"@type":"EntryPoint","urlTemplate":"https:\/\/lyonbondyblog.fr\/LBB\/?s={search_term_string}"},"query-input":"required name=search_term_string"}],"inLanguage":"fr-FR"},{"@type":"Organization","@id":"https:\/\/lyonbondyblog.fr\/LBB\/#organization","name":"LYON BONDY BLOG","url":"https:\/\/lyonbondyblog.fr\/LBB\/","logo":{"@type":"ImageObject","inLanguage":"fr-FR","@id":"https:\/\/lyonbondyblog.fr\/LBB\/#\/schema\/logo\/image\/","url":"http:\/\/lyonbondyblog.fr\/LBB\/wp-content\/uploads\/2014\/10\/logo-portable-144.png","contentUrl":"http:\/\/lyonbondyblog.fr\/LBB\/wp-content\/uploads\/2014\/10\/logo-portable-144.png","width":144,"height":123,"caption":"LYON BONDY BLOG"},"image":{"@id":"https:\/\/lyonbondyblog.fr\/LBB\/#\/schema\/logo\/image\/"},"sameAs":["https:\/\/www.facebook.com\/lyonbondyblog","https:\/\/x.com\/bondybloglyon"]},{"@type":"Person","@id":"https:\/\/lyonbondyblog.fr\/LBB\/#\/schema\/person\/04042fda23427b66d2dacbf57eed4602","name":"Mariama Hassani","description":"\u00c9tudiante en Science Po \u00e0 Lyon 2, la politique et les m\u00e9dias m'ont toujours attir\u00e9e, le journalisme une vocation pour moi. Venant d'une ville tr\u00e8s cosmopolite comme Marseille et vivant \u00e0 Lyon, c'est une richesse de pouvoir transmettre le message des personnes par la voie de mes \u00e9crits.","url":"https:\/\/lyonbondyblog.fr\/LBB\/author\/mariama\/"}]}},"_links":{"self":[{"href":"https:\/\/lyonbondyblog.fr\/LBB\/wp-json\/wp\/v2\/posts\/503","targetHints":{"allow":["GET"]}}],"collection":[{"href":"https:\/\/lyonbondyblog.fr\/LBB\/wp-json\/wp\/v2\/posts"}],"about":[{"href":"https:\/\/lyonbondyblog.fr\/LBB\/wp-json\/wp\/v2\/types\/post"}],"author":[{"embeddable":true,"href":"https:\/\/lyonbondyblog.fr\/LBB\/wp-json\/wp\/v2\/users\/10"}],"replies":[{"embeddable":true,"href":"https:\/\/lyonbondyblog.fr\/LBB\/wp-json\/wp\/v2\/comments?post=503"}],"version-history":[{"count":0,"href":"https:\/\/lyonbondyblog.fr\/LBB\/wp-json\/wp\/v2\/posts\/503\/revisions"}],"wp:featuredmedia":[{"embeddable":true,"href":"https:\/\/lyonbondyblog.fr\/LBB\/wp-json\/wp\/v2\/media\/506"}],"wp:attachment":[{"href":"https:\/\/lyonbondyblog.fr\/LBB\/wp-json\/wp\/v2\/media?parent=503"}],"wp:term":[{"taxonomy":"category","embeddable":true,"href":"https:\/\/lyonbondyblog.fr\/LBB\/wp-json\/wp\/v2\/categories?post=503"},{"taxonomy":"post_tag","embeddable":true,"href":"https:\/\/lyonbondyblog.fr\/LBB\/wp-json\/wp\/v2\/tags?post=503"}],"curies":[{"name":"wp","href":"https:\/\/api.w.org\/{rel}","templated":true}]}}