{"id":5017,"date":"2013-11-25T16:39:04","date_gmt":"2013-11-25T15:39:04","guid":{"rendered":"http:\/\/lyonbondyblog.fr\/LBB\/?p=5017"},"modified":"2013-11-25T16:39:04","modified_gmt":"2013-11-25T15:39:04","slug":"lyon-bondy-live-s03e06-special-la-marche-pour-legalite-et-contre-le-racisme","status":"publish","type":"post","link":"https:\/\/lyonbondyblog.fr\/LBB\/lyon-bondy-live-s03e06-special-la-marche-pour-legalite-et-contre-le-racisme\/","title":{"rendered":"Lyon Bondy Live S03E06 : Sp\u00e9cial La Marche pour l&rsquo;\u00e9galit\u00e9 et contre le racisme"},"content":{"rendered":"<p><strong>Pour cette sixi\u00e8me \u00e9dition du Lyon Bondy Live, l&rsquo;\u00e9quipe a d\u00e9cid\u00e9 de parler d&rsquo;un \u00e9v\u00e9nement marquant du d\u00e9but des ann\u00e9es 80, la Marche pour l&rsquo;\u00e9galit\u00e9 et contre le racisme.<\/strong><\/p>\n<p><img loading=\"lazy\" decoding=\"async\" width=\"600\" height=\"324\" class=\"aligncenter size-full wp-image-5025\" alt=\"21 novembre\" src=\"https:\/\/lyonbondyblog.fr\/LBB\/wp-content\/uploads\/2013\/11\/21-novembre.jpg\" srcset=\"https:\/\/lyonbondyblog.fr\/LBB\/wp-content\/uploads\/2013\/11\/21-novembre.jpg 600w, https:\/\/lyonbondyblog.fr\/LBB\/wp-content\/uploads\/2013\/11\/21-novembre-300x162.jpg 300w\" sizes=\"auto, (max-width: 600px) 100vw, 600px\" \/><\/p>\n<p>Pour en parler Lopez et Sydney re\u00e7oivent Djida Tazdait, entre autre femme politique, ancienne d\u00e9put\u00e9 europ\u00e9enne et fondatrice de Za\u00e2ma de banlieue en 1982. <a href=\"https:\/\/lyonbondyblog.fr\/LBB\/grande-soeur-qui-na-pas-marche\/\" target=\"_blank\">Son portrait est disponible sur le site du Lyon Bondy Blog : \u00ab\u00a0Djida Tazda\u00eft, la grande s\u0153ur qui n\u2019a pas march\u00e9.\u00a0\u00bb<\/a><br \/>\nMais aussi Azzedine Benyoucef, chor\u00e9graphe et cr\u00e9ateur du spectacle La marche pour l\u2019\u00e9galit\u00e9, ainsi que Maxime, Lyon Bondy Blogueur qui a travaill\u00e9 sur le Dossier La marche.<\/p>\n<p><strong>Introduction (1 min 18)<\/strong><br \/>\n<div id=\"mp3jWrap_0\" class=\"mjp-s-wrapper s-graphic unsel-mjp \" style=\"font-size:18px;\"><span id=\"playpause_wrap_mp3j_0\" class=\"wrap_inline_mp3j\" style=\"font-weight:700;\"><span class=\"gfxbutton_mp3j play-mjp\" id=\"playpause_mp3j_0\" style=\"font-size:18px;\">&nbsp;&nbsp;&nbsp;&nbsp;&nbsp;<\/span>&nbsp;<span class=\"group_wrap\"><span class=\"bars_mp3j\"><span class=\"loadB_mp3j\" id=\"load_mp3j_0\"><\/span><span class=\"posbarB_mp3j\" id=\"posbar_mp3j_0\"><\/span><\/span><span class=\"T_mp3j\" id=\"T_mp3j_0\" style=\"font-size:18px;\">Introduction 21 novembre<\/span><span class=\"indi_mp3j\" style=\"font-size:12.6px;\" id=\"statusMI_0\"><\/span><\/span><span class=\"vol_mp3j flipped\" id=\"vol_mp3j_0\"><\/span><\/span><\/div><span class=\"s-nosolution\" id=\"mp3j_nosolution_0\" style=\"display:none;\"><\/span><script>\nMP3jPLAYLISTS.inline_0 = [\n\t{ name: \"Introduction 21 novembre\", formats: [\"mp3\"], mp3: \"aHR0cHM6Ly9seW9uYm9uZHlibG9nLmZyL0xCQi93cC1jb250ZW50L3VwbG9hZHMvMjAxMy8xMS9JbnRyb2R1Y3Rpb24tMjEtbm92ZW1icmUubXAz\", counterpart:\"\", artist: \"\", image: \"\", imgurl: \"\" }\n];\n<\/script>\n\n<script>MP3jPLAYERS[0] = { list: MP3jPLAYLISTS.inline_0, tr:0, type:'single', lstate:'', loop:false, play_txt:'&nbsp;&nbsp;&nbsp;&nbsp;&nbsp;', pause_txt:'&nbsp;&nbsp;&nbsp;&nbsp;&nbsp;', pp_title:'', autoplay:false, download:false, vol:85, height:'' };<\/script><\/p>\n<p>&nbsp;<\/p>\n<p><strong>Premi\u00e8re partie de l&rsquo;\u00e9mission sur le contexte politique et social de 1983 (19 min 17)<\/strong><br \/>\n<div id=\"mp3jWrap_1\" class=\"mjp-s-wrapper s-graphic unsel-mjp \" style=\"font-size:18px;\"><span id=\"playpause_wrap_mp3j_1\" class=\"wrap_inline_mp3j\" style=\"font-weight:700;\"><span class=\"gfxbutton_mp3j play-mjp\" id=\"playpause_mp3j_1\" style=\"font-size:18px;\">&nbsp;&nbsp;&nbsp;&nbsp;&nbsp;<\/span>&nbsp;<span class=\"group_wrap\"><span class=\"bars_mp3j\"><span class=\"loadB_mp3j\" id=\"load_mp3j_1\"><\/span><span class=\"posbarB_mp3j\" id=\"posbar_mp3j_1\"><\/span><\/span><span class=\"T_mp3j\" id=\"T_mp3j_1\" style=\"font-size:18px;\">Partie 1 La Marche<\/span><span class=\"indi_mp3j\" style=\"font-size:12.6px;\" id=\"statusMI_1\"><\/span><\/span><span class=\"vol_mp3j flipped\" id=\"vol_mp3j_1\"><\/span><\/span><\/div><span class=\"s-nosolution\" id=\"mp3j_nosolution_1\" style=\"display:none;\"><\/span><script>\nMP3jPLAYLISTS.inline_1 = [\n\t{ name: \"Partie 1 La Marche\", formats: [\"mp3\"], mp3: \"aHR0cHM6Ly9seW9uYm9uZHlibG9nLmZyL0xCQi93cC1jb250ZW50L3VwbG9hZHMvMjAxMy8xMS9QYXJ0aWUtMS1MYS1NYXJjaGUubXAz\", counterpart:\"\", artist: \"\", image: \"\", imgurl: \"\" }\n];\n<\/script>\n\n<script>MP3jPLAYERS[1] = { list: MP3jPLAYLISTS.inline_1, tr:0, type:'single', lstate:'', loop:false, play_txt:'&nbsp;&nbsp;&nbsp;&nbsp;&nbsp;', pause_txt:'&nbsp;&nbsp;&nbsp;&nbsp;&nbsp;', pp_title:'', autoplay:false, download:false, vol:85, height:'' };<\/script><\/p>\n<p>&nbsp;<\/p>\n<p><strong>Comme \u00e0 chaque \u00e9mission on retrouve la chronique du professeur Loufok qui cette semaine est tr\u00e8s sportive (31 secondes)<\/strong><br \/>\n<div id=\"mp3jWrap_2\" class=\"mjp-s-wrapper s-graphic unsel-mjp \" style=\"font-size:18px;\"><span id=\"playpause_wrap_mp3j_2\" class=\"wrap_inline_mp3j\" style=\"font-weight:700;\"><span class=\"gfxbutton_mp3j play-mjp\" id=\"playpause_mp3j_2\" style=\"font-size:18px;\">&nbsp;&nbsp;&nbsp;&nbsp;&nbsp;<\/span>&nbsp;<span class=\"group_wrap\"><span class=\"bars_mp3j\"><span class=\"loadB_mp3j\" id=\"load_mp3j_2\"><\/span><span class=\"posbarB_mp3j\" id=\"posbar_mp3j_2\"><\/span><\/span><span class=\"T_mp3j\" id=\"T_mp3j_2\" style=\"font-size:18px;\">Professeur Loufok 21 novembre<\/span><span class=\"indi_mp3j\" style=\"font-size:12.6px;\" id=\"statusMI_2\"><\/span><\/span><span class=\"vol_mp3j flipped\" id=\"vol_mp3j_2\"><\/span><\/span><\/div><span class=\"s-nosolution\" id=\"mp3j_nosolution_2\" style=\"display:none;\"><\/span><script>\nMP3jPLAYLISTS.inline_2 = [\n\t{ name: \"Professeur Loufok 21 novembre\", formats: [\"mp3\"], mp3: \"aHR0cHM6Ly9seW9uYm9uZHlibG9nLmZyL0xCQi93cC1jb250ZW50L3VwbG9hZHMvMjAxMy8xMS9Qcm9mZXNzZXVyLUxvdWZvay0yMS1ub3ZlbWJyZS5tcDM=\", counterpart:\"\", artist: \"\", image: \"\", imgurl: \"\" }\n];\n<\/script>\n\n<script>MP3jPLAYERS[2] = { list: MP3jPLAYLISTS.inline_2, tr:0, type:'single', lstate:'', loop:false, play_txt:'&nbsp;&nbsp;&nbsp;&nbsp;&nbsp;', pause_txt:'&nbsp;&nbsp;&nbsp;&nbsp;&nbsp;', pp_title:'', autoplay:false, download:false, vol:85, height:'' };<\/script><\/p>\n<p>&nbsp;<\/p>\n<p><strong>Seconde partie de l&rsquo;\u00e9mission, avec une Question d&rsquo;un auditeur \u00ab Est-ce qu&rsquo;il y a un lien entre SOS Racisme et La marche ? \u00bb (8 minutes 21)<\/strong><br \/>\n<div id=\"mp3jWrap_3\" class=\"mjp-s-wrapper s-graphic unsel-mjp \" style=\"font-size:18px;\"><span id=\"playpause_wrap_mp3j_3\" class=\"wrap_inline_mp3j\" style=\"font-weight:700;\"><span class=\"gfxbutton_mp3j play-mjp\" id=\"playpause_mp3j_3\" style=\"font-size:18px;\">&nbsp;&nbsp;&nbsp;&nbsp;&nbsp;<\/span>&nbsp;<span class=\"group_wrap\"><span class=\"bars_mp3j\"><span class=\"loadB_mp3j\" id=\"load_mp3j_3\"><\/span><span class=\"posbarB_mp3j\" id=\"posbar_mp3j_3\"><\/span><\/span><span class=\"T_mp3j\" id=\"T_mp3j_3\" style=\"font-size:18px;\">Partie 2 Question de l'auditeur 21 novembre<\/span><span class=\"indi_mp3j\" style=\"font-size:12.6px;\" id=\"statusMI_3\"><\/span><\/span><span class=\"vol_mp3j flipped\" id=\"vol_mp3j_3\"><\/span><\/span><\/div><span class=\"s-nosolution\" id=\"mp3j_nosolution_3\" style=\"display:none;\"><\/span><script>\nMP3jPLAYLISTS.inline_3 = [\n\t{ name: \"Partie 2 Question de l'auditeur 21 novembre\", formats: [\"mp3\"], mp3: \"aHR0cHM6Ly9seW9uYm9uZHlibG9nLmZyL0xCQi93cC1jb250ZW50L3VwbG9hZHMvMjAxMy8xMS9QYXJ0aWUtMi1RdWVzdGlvbi1kZS1sYXVkaXRldXItMjEtbm92ZW1icmUubXAz\", counterpart:\"\", artist: \"\", image: \"\", imgurl: \"\" }\n];\n<\/script>\n\n<script>MP3jPLAYERS[3] = { list: MP3jPLAYLISTS.inline_3, tr:0, type:'single', lstate:'', loop:false, play_txt:'&nbsp;&nbsp;&nbsp;&nbsp;&nbsp;', pause_txt:'&nbsp;&nbsp;&nbsp;&nbsp;&nbsp;', pp_title:'', autoplay:false, download:false, vol:85, height:'' };<\/script><\/p>\n<p>&nbsp;<\/p>\n<p><strong>Troisi\u00e8me et derni\u00e8re partie de l&rsquo;\u00e9mission retour sur l&rsquo;apr\u00e8s marche et sur les comm\u00e9morations des trente ans de la marche (14 minutes 47)<\/strong><br \/>\n<div id=\"mp3jWrap_4\" class=\"mjp-s-wrapper s-graphic unsel-mjp \" style=\"font-size:18px;\"><span id=\"playpause_wrap_mp3j_4\" class=\"wrap_inline_mp3j\" style=\"font-weight:700;\"><span class=\"gfxbutton_mp3j play-mjp\" id=\"playpause_mp3j_4\" style=\"font-size:18px;\">&nbsp;&nbsp;&nbsp;&nbsp;&nbsp;<\/span>&nbsp;<span class=\"group_wrap\"><span class=\"bars_mp3j\"><span class=\"loadB_mp3j\" id=\"load_mp3j_4\"><\/span><span class=\"posbarB_mp3j\" id=\"posbar_mp3j_4\"><\/span><\/span><span class=\"T_mp3j\" id=\"T_mp3j_4\" style=\"font-size:18px;\">Partie 3 L'apr_s Marche 21 novembre<\/span><span class=\"indi_mp3j\" style=\"font-size:12.6px;\" id=\"statusMI_4\"><\/span><\/span><span class=\"vol_mp3j flipped\" id=\"vol_mp3j_4\"><\/span><\/span><\/div><span class=\"s-nosolution\" id=\"mp3j_nosolution_4\" style=\"display:none;\"><\/span><script>\nMP3jPLAYLISTS.inline_4 = [\n\t{ name: \"Partie 3 L'apr_s Marche 21 novembre\", formats: [\"mp3\"], mp3: \"aHR0cHM6Ly9seW9uYm9uZHlibG9nLmZyL0xCQi93cC1jb250ZW50L3VwbG9hZHMvMjAxMy8xMS9QYXJ0aWUtMy1MYXByX3MtTWFyY2hlLTIxLW5vdmVtYnJlLm1wMw==\", counterpart:\"\", artist: \"\", image: \"\", imgurl: \"\" }\n];\n<\/script>\n\n<script>MP3jPLAYERS[4] = { list: MP3jPLAYLISTS.inline_4, tr:0, type:'single', lstate:'', loop:false, play_txt:'&nbsp;&nbsp;&nbsp;&nbsp;&nbsp;', pause_txt:'&nbsp;&nbsp;&nbsp;&nbsp;&nbsp;', pp_title:'', autoplay:false, download:false, vol:85, height:'' };<\/script><\/p>\n<p>&nbsp;<\/p>\n<p><strong>Un film sur La marche sort en salle mercredi 27 Novembre, c&rsquo;est le coup de c\u0153ur du Lyon Bondy Live (1 min 38)<\/strong><br \/>\n<div id=\"mp3jWrap_5\" class=\"mjp-s-wrapper s-graphic unsel-mjp \" style=\"font-size:18px;\"><span id=\"playpause_wrap_mp3j_5\" class=\"wrap_inline_mp3j\" style=\"font-weight:700;\"><span class=\"gfxbutton_mp3j play-mjp\" id=\"playpause_mp3j_5\" style=\"font-size:18px;\">&nbsp;&nbsp;&nbsp;&nbsp;&nbsp;<\/span>&nbsp;<span class=\"group_wrap\"><span class=\"bars_mp3j\"><span class=\"loadB_mp3j\" id=\"load_mp3j_5\"><\/span><span class=\"posbarB_mp3j\" id=\"posbar_mp3j_5\"><\/span><\/span><span class=\"T_mp3j\" id=\"T_mp3j_5\" style=\"font-size:18px;\">Coup de coeur Lyon Bondy Live La Marche 21 novembre<\/span><span class=\"indi_mp3j\" style=\"font-size:12.6px;\" id=\"statusMI_5\"><\/span><\/span><span class=\"vol_mp3j flipped\" id=\"vol_mp3j_5\"><\/span><\/span><\/div><span class=\"s-nosolution\" id=\"mp3j_nosolution_5\" style=\"display:none;\"><\/span><script>\nMP3jPLAYLISTS.inline_5 = [\n\t{ name: \"Coup de coeur Lyon Bondy Live La Marche 21 novembre\", formats: [\"mp3\"], mp3: \"aHR0cHM6Ly9seW9uYm9uZHlibG9nLmZyL0xCQi93cC1jb250ZW50L3VwbG9hZHMvMjAxMy8xMS9Db3VwLWRlLWNvZXVyLUx5b24tQm9uZHktTGl2ZS1MYS1NYXJjaGUtMjEtbm92ZW1icmUubXAz\", counterpart:\"\", artist: \"\", image: \"\", imgurl: \"\" }\n];\n<\/script>\n\n<script>MP3jPLAYERS[5] = { list: MP3jPLAYLISTS.inline_5, tr:0, type:'single', lstate:'', loop:false, play_txt:'&nbsp;&nbsp;&nbsp;&nbsp;&nbsp;', pause_txt:'&nbsp;&nbsp;&nbsp;&nbsp;&nbsp;', pp_title:'', autoplay:false, download:false, vol:85, height:'' };<\/script><\/p>\n<p><a href=\"https:\/\/lyonbondyblog.fr\/LBB\/category\/la-marche\/\" target=\"_blank\"><img loading=\"lazy\" decoding=\"async\" width=\"300\" height=\"268\" class=\"alignright size-medium wp-image-5026\" alt=\"Invite\u0301 21 novembre\" src=\"https:\/\/lyonbondyblog.fr\/LBB\/wp-content\/uploads\/2013\/11\/Invite\u0301-21-novembre-300x268.jpg\" srcset=\"https:\/\/lyonbondyblog.fr\/LBB\/wp-content\/uploads\/2013\/11\/Invite\u0301-21-novembre-300x268.jpg 300w, https:\/\/lyonbondyblog.fr\/LBB\/wp-content\/uploads\/2013\/11\/Invite\u0301-21-novembre.jpg 600w\" sizes=\"auto, (max-width: 300px) 100vw, 300px\" \/>Vous pouvez retrouver tous les articles du dossier de la marche sur le site du Lyon Bondy Blog<\/a><\/p>\n<p>Rendez-vous dans deux semaines pour une nouvelle \u00e9mission du Lyon Bondy Live en attendant, n&rsquo;h\u00e9sitez pas \u00e0 suivre <a href=\"https:\/\/twitter.com\/LyonBondyLive\" target=\"_blank\">l&rsquo;actualit\u00e9 du Lyon Bondy Live sur Twitter<\/a> et <a href=\"https:\/\/www.facebook.com\/LyonBondyLive\" target=\"_blank\">sur Facebook<\/a><\/p>\n<p>L&rsquo;\u00e9quipe du Lyon Bondy Live<\/p>\n<!-- AddThis Advanced Settings generic via filter on the_content --><!-- AddThis Share Buttons generic via filter on the_content -->","protected":false},"excerpt":{"rendered":"<p>Pour cette sixi\u00e8me \u00e9dition du Lyon Bondy Live, l&rsquo;\u00e9quipe a d\u00e9cid\u00e9 de parler d&rsquo;un \u00e9v\u00e9nement marquant du d\u00e9but des ann\u00e9es 80, la Marche pour l&rsquo;\u00e9galit\u00e9 &hellip; <!-- AddThis Advanced Settings generic via filter on wp_trim_excerpt --><!-- AddThis Share Buttons generic via filter on wp_trim_excerpt --><\/p>\n","protected":false},"author":1,"featured_media":5025,"comment_status":"open","ping_status":"open","sticky":false,"template":"","format":"standard","meta":{"_FSMCFIC_featured_image_caption":"","_FSMCFIC_featured_image_nocaption":"","_FSMCFIC_featured_image_hide":"","footnotes":""},"categories":[959,900],"tags":[465,963,961,960,10,112,336,165,335,964],"class_list":["post-5017","post","type-post","status-publish","format-standard","has-post-thumbnail","hentry","category-la-marche","category-radio-2","tag-commemoration","tag-djida-tazdait","tag-la-marche-2","tag-la-marche-pour-legalite-et-contre-le-racisme","tag-lyon-2","tag-lyon-bondy-blog","tag-lyon-bondy-live","tag-politique-2","tag-radio-pluriel","tag-zaama-de-banlieue"],"yoast_head":"<!-- This site is optimized with the Yoast SEO plugin v22.8 - https:\/\/yoast.com\/wordpress\/plugins\/seo\/ -->\n<title>Lyon Bondy Live S03E06 : Sp\u00e9cial La Marche pour l&#039;\u00e9galit\u00e9 et contre le racisme - Lyon Bondy Blog<\/title>\n<meta name=\"robots\" content=\"index, follow, max-snippet:-1, max-image-preview:large, max-video-preview:-1\" \/>\n<link rel=\"canonical\" href=\"https:\/\/lyonbondyblog.fr\/LBB\/lyon-bondy-live-s03e06-special-la-marche-pour-legalite-et-contre-le-racisme\/\" \/>\n<meta property=\"og:locale\" content=\"fr_FR\" \/>\n<meta property=\"og:type\" content=\"article\" \/>\n<meta property=\"og:title\" content=\"Lyon Bondy Live S03E06 : Sp\u00e9cial La Marche pour l&#039;\u00e9galit\u00e9 et contre le racisme - Lyon Bondy Blog\" \/>\n<meta property=\"og:description\" content=\"Pour cette sixi\u00e8me \u00e9dition du Lyon Bondy Live, l&rsquo;\u00e9quipe a d\u00e9cid\u00e9 de parler d&rsquo;un \u00e9v\u00e9nement marquant du d\u00e9but des ann\u00e9es 80, la Marche pour l&rsquo;\u00e9galit\u00e9 &hellip;\" \/>\n<meta property=\"og:url\" content=\"https:\/\/lyonbondyblog.fr\/LBB\/lyon-bondy-live-s03e06-special-la-marche-pour-legalite-et-contre-le-racisme\/\" \/>\n<meta property=\"og:site_name\" content=\"Lyon Bondy Blog\" \/>\n<meta property=\"article:publisher\" content=\"https:\/\/www.facebook.com\/lyonbondyblog\" \/>\n<meta property=\"article:author\" content=\"https:\/\/www.facebook.com\/lyonbondyblog\" \/>\n<meta property=\"article:published_time\" content=\"2013-11-25T15:39:04+00:00\" \/>\n<meta property=\"og:image\" content=\"https:\/\/lyonbondyblog.fr\/LBB\/wp-content\/uploads\/2013\/11\/21-novembre.jpg\" \/>\n\t<meta property=\"og:image:width\" content=\"600\" \/>\n\t<meta property=\"og:image:height\" content=\"324\" \/>\n\t<meta property=\"og:image:type\" content=\"image\/jpeg\" \/>\n<meta name=\"author\" content=\"La r\u00e9daction\" \/>\n<meta name=\"twitter:card\" content=\"summary_large_image\" \/>\n<meta name=\"twitter:creator\" content=\"@BondyBlogLyon\" \/>\n<meta name=\"twitter:site\" content=\"@bondybloglyon\" \/>\n<script type=\"application\/ld+json\" class=\"yoast-schema-graph\">{\"@context\":\"https:\/\/schema.org\",\"@graph\":[{\"@type\":\"Article\",\"@id\":\"https:\/\/lyonbondyblog.fr\/LBB\/lyon-bondy-live-s03e06-special-la-marche-pour-legalite-et-contre-le-racisme\/#article\",\"isPartOf\":{\"@id\":\"https:\/\/lyonbondyblog.fr\/LBB\/lyon-bondy-live-s03e06-special-la-marche-pour-legalite-et-contre-le-racisme\/\"},\"author\":{\"name\":\"La r\u00e9daction\",\"@id\":\"https:\/\/lyonbondyblog.fr\/LBB\/#\/schema\/person\/e45f8d27baac75072daa0be50c409b25\"},\"headline\":\"Lyon Bondy Live S03E06 : Sp\u00e9cial La Marche pour l&rsquo;\u00e9galit\u00e9 et contre le racisme\",\"datePublished\":\"2013-11-25T15:39:04+00:00\",\"dateModified\":\"2013-11-25T15:39:04+00:00\",\"mainEntityOfPage\":{\"@id\":\"https:\/\/lyonbondyblog.fr\/LBB\/lyon-bondy-live-s03e06-special-la-marche-pour-legalite-et-contre-le-racisme\/\"},\"wordCount\":319,\"commentCount\":0,\"publisher\":{\"@id\":\"https:\/\/lyonbondyblog.fr\/LBB\/#organization\"},\"image\":{\"@id\":\"https:\/\/lyonbondyblog.fr\/LBB\/lyon-bondy-live-s03e06-special-la-marche-pour-legalite-et-contre-le-racisme\/#primaryimage\"},\"thumbnailUrl\":\"https:\/\/lyonbondyblog.fr\/LBB\/wp-content\/uploads\/2013\/11\/21-novembre.jpg\",\"keywords\":[\"comm\u00e9moration\",\"Djida Tazdait\",\"la marche\",\"La Marche pour l'\u00e9galit\u00e9 et contre le racisme\",\"lyon\",\"Lyon Bondy Blog\",\"Lyon Bondy Live\",\"politique\",\"radio pluriel\",\"Za\u00e2ma de banlieue\"],\"articleSection\":[\"La Marche\",\"Radio\"],\"inLanguage\":\"fr-FR\",\"potentialAction\":[{\"@type\":\"CommentAction\",\"name\":\"Comment\",\"target\":[\"https:\/\/lyonbondyblog.fr\/LBB\/lyon-bondy-live-s03e06-special-la-marche-pour-legalite-et-contre-le-racisme\/#respond\"]}]},{\"@type\":\"WebPage\",\"@id\":\"https:\/\/lyonbondyblog.fr\/LBB\/lyon-bondy-live-s03e06-special-la-marche-pour-legalite-et-contre-le-racisme\/\",\"url\":\"https:\/\/lyonbondyblog.fr\/LBB\/lyon-bondy-live-s03e06-special-la-marche-pour-legalite-et-contre-le-racisme\/\",\"name\":\"Lyon Bondy Live S03E06 : Sp\u00e9cial La Marche pour l'\u00e9galit\u00e9 et contre le racisme - Lyon Bondy Blog\",\"isPartOf\":{\"@id\":\"https:\/\/lyonbondyblog.fr\/LBB\/#website\"},\"primaryImageOfPage\":{\"@id\":\"https:\/\/lyonbondyblog.fr\/LBB\/lyon-bondy-live-s03e06-special-la-marche-pour-legalite-et-contre-le-racisme\/#primaryimage\"},\"image\":{\"@id\":\"https:\/\/lyonbondyblog.fr\/LBB\/lyon-bondy-live-s03e06-special-la-marche-pour-legalite-et-contre-le-racisme\/#primaryimage\"},\"thumbnailUrl\":\"https:\/\/lyonbondyblog.fr\/LBB\/wp-content\/uploads\/2013\/11\/21-novembre.jpg\",\"datePublished\":\"2013-11-25T15:39:04+00:00\",\"dateModified\":\"2013-11-25T15:39:04+00:00\",\"inLanguage\":\"fr-FR\",\"potentialAction\":[{\"@type\":\"ReadAction\",\"target\":[\"https:\/\/lyonbondyblog.fr\/LBB\/lyon-bondy-live-s03e06-special-la-marche-pour-legalite-et-contre-le-racisme\/\"]}]},{\"@type\":\"ImageObject\",\"inLanguage\":\"fr-FR\",\"@id\":\"https:\/\/lyonbondyblog.fr\/LBB\/lyon-bondy-live-s03e06-special-la-marche-pour-legalite-et-contre-le-racisme\/#primaryimage\",\"url\":\"https:\/\/lyonbondyblog.fr\/LBB\/wp-content\/uploads\/2013\/11\/21-novembre.jpg\",\"contentUrl\":\"https:\/\/lyonbondyblog.fr\/LBB\/wp-content\/uploads\/2013\/11\/21-novembre.jpg\",\"width\":600,\"height\":324},{\"@type\":\"WebSite\",\"@id\":\"https:\/\/lyonbondyblog.fr\/LBB\/#website\",\"url\":\"https:\/\/lyonbondyblog.fr\/LBB\/\",\"name\":\"Lyon Bondy Blog\",\"description\":\"\",\"publisher\":{\"@id\":\"https:\/\/lyonbondyblog.fr\/LBB\/#organization\"},\"potentialAction\":[{\"@type\":\"SearchAction\",\"target\":{\"@type\":\"EntryPoint\",\"urlTemplate\":\"https:\/\/lyonbondyblog.fr\/LBB\/?s={search_term_string}\"},\"query-input\":\"required name=search_term_string\"}],\"inLanguage\":\"fr-FR\"},{\"@type\":\"Organization\",\"@id\":\"https:\/\/lyonbondyblog.fr\/LBB\/#organization\",\"name\":\"LYON BONDY BLOG\",\"url\":\"https:\/\/lyonbondyblog.fr\/LBB\/\",\"logo\":{\"@type\":\"ImageObject\",\"inLanguage\":\"fr-FR\",\"@id\":\"https:\/\/lyonbondyblog.fr\/LBB\/#\/schema\/logo\/image\/\",\"url\":\"http:\/\/lyonbondyblog.fr\/LBB\/wp-content\/uploads\/2014\/10\/logo-portable-144.png\",\"contentUrl\":\"http:\/\/lyonbondyblog.fr\/LBB\/wp-content\/uploads\/2014\/10\/logo-portable-144.png\",\"width\":144,\"height\":123,\"caption\":\"LYON BONDY BLOG\"},\"image\":{\"@id\":\"https:\/\/lyonbondyblog.fr\/LBB\/#\/schema\/logo\/image\/\"},\"sameAs\":[\"https:\/\/www.facebook.com\/lyonbondyblog\",\"https:\/\/x.com\/bondybloglyon\"]},{\"@type\":\"Person\",\"@id\":\"https:\/\/lyonbondyblog.fr\/LBB\/#\/schema\/person\/e45f8d27baac75072daa0be50c409b25\",\"name\":\"La r\u00e9daction\",\"description\":\"Cr\u00e9e en 2008, la r\u00e9daction du Lyon Bondy Blog s'applique \u00e0 proposer une information locale diff\u00e9rente et compl\u00e9mentaire des m\u00e9dias traditionnels.\",\"sameAs\":[\"https:\/\/www.facebook.com\/lyonbondyblog\",\"https:\/\/x.com\/BondyBlogLyon\"],\"url\":\"https:\/\/lyonbondyblog.fr\/LBB\/author\/admin\/\"}]}<\/script>\n<!-- \/ Yoast SEO plugin. -->","yoast_head_json":{"title":"Lyon Bondy Live S03E06 : Sp\u00e9cial La Marche pour l'\u00e9galit\u00e9 et contre le racisme - Lyon Bondy Blog","robots":{"index":"index","follow":"follow","max-snippet":"max-snippet:-1","max-image-preview":"max-image-preview:large","max-video-preview":"max-video-preview:-1"},"canonical":"https:\/\/lyonbondyblog.fr\/LBB\/lyon-bondy-live-s03e06-special-la-marche-pour-legalite-et-contre-le-racisme\/","og_locale":"fr_FR","og_type":"article","og_title":"Lyon Bondy Live S03E06 : Sp\u00e9cial La Marche pour l'\u00e9galit\u00e9 et contre le racisme - Lyon Bondy Blog","og_description":"Pour cette sixi\u00e8me \u00e9dition du Lyon Bondy Live, l&rsquo;\u00e9quipe a d\u00e9cid\u00e9 de parler d&rsquo;un \u00e9v\u00e9nement marquant du d\u00e9but des ann\u00e9es 80, la Marche pour l&rsquo;\u00e9galit\u00e9 &hellip;","og_url":"https:\/\/lyonbondyblog.fr\/LBB\/lyon-bondy-live-s03e06-special-la-marche-pour-legalite-et-contre-le-racisme\/","og_site_name":"Lyon Bondy Blog","article_publisher":"https:\/\/www.facebook.com\/lyonbondyblog","article_author":"https:\/\/www.facebook.com\/lyonbondyblog","article_published_time":"2013-11-25T15:39:04+00:00","og_image":[{"width":600,"height":324,"url":"https:\/\/lyonbondyblog.fr\/LBB\/wp-content\/uploads\/2013\/11\/21-novembre.jpg","type":"image\/jpeg"}],"author":"La r\u00e9daction","twitter_card":"summary_large_image","twitter_creator":"@BondyBlogLyon","twitter_site":"@bondybloglyon","schema":{"@context":"https:\/\/schema.org","@graph":[{"@type":"Article","@id":"https:\/\/lyonbondyblog.fr\/LBB\/lyon-bondy-live-s03e06-special-la-marche-pour-legalite-et-contre-le-racisme\/#article","isPartOf":{"@id":"https:\/\/lyonbondyblog.fr\/LBB\/lyon-bondy-live-s03e06-special-la-marche-pour-legalite-et-contre-le-racisme\/"},"author":{"name":"La r\u00e9daction","@id":"https:\/\/lyonbondyblog.fr\/LBB\/#\/schema\/person\/e45f8d27baac75072daa0be50c409b25"},"headline":"Lyon Bondy Live S03E06 : Sp\u00e9cial La Marche pour l&rsquo;\u00e9galit\u00e9 et contre le racisme","datePublished":"2013-11-25T15:39:04+00:00","dateModified":"2013-11-25T15:39:04+00:00","mainEntityOfPage":{"@id":"https:\/\/lyonbondyblog.fr\/LBB\/lyon-bondy-live-s03e06-special-la-marche-pour-legalite-et-contre-le-racisme\/"},"wordCount":319,"commentCount":0,"publisher":{"@id":"https:\/\/lyonbondyblog.fr\/LBB\/#organization"},"image":{"@id":"https:\/\/lyonbondyblog.fr\/LBB\/lyon-bondy-live-s03e06-special-la-marche-pour-legalite-et-contre-le-racisme\/#primaryimage"},"thumbnailUrl":"https:\/\/lyonbondyblog.fr\/LBB\/wp-content\/uploads\/2013\/11\/21-novembre.jpg","keywords":["comm\u00e9moration","Djida Tazdait","la marche","La Marche pour l'\u00e9galit\u00e9 et contre le racisme","lyon","Lyon Bondy Blog","Lyon Bondy Live","politique","radio pluriel","Za\u00e2ma de banlieue"],"articleSection":["La Marche","Radio"],"inLanguage":"fr-FR","potentialAction":[{"@type":"CommentAction","name":"Comment","target":["https:\/\/lyonbondyblog.fr\/LBB\/lyon-bondy-live-s03e06-special-la-marche-pour-legalite-et-contre-le-racisme\/#respond"]}]},{"@type":"WebPage","@id":"https:\/\/lyonbondyblog.fr\/LBB\/lyon-bondy-live-s03e06-special-la-marche-pour-legalite-et-contre-le-racisme\/","url":"https:\/\/lyonbondyblog.fr\/LBB\/lyon-bondy-live-s03e06-special-la-marche-pour-legalite-et-contre-le-racisme\/","name":"Lyon Bondy Live S03E06 : Sp\u00e9cial La Marche pour l'\u00e9galit\u00e9 et contre le racisme - Lyon Bondy Blog","isPartOf":{"@id":"https:\/\/lyonbondyblog.fr\/LBB\/#website"},"primaryImageOfPage":{"@id":"https:\/\/lyonbondyblog.fr\/LBB\/lyon-bondy-live-s03e06-special-la-marche-pour-legalite-et-contre-le-racisme\/#primaryimage"},"image":{"@id":"https:\/\/lyonbondyblog.fr\/LBB\/lyon-bondy-live-s03e06-special-la-marche-pour-legalite-et-contre-le-racisme\/#primaryimage"},"thumbnailUrl":"https:\/\/lyonbondyblog.fr\/LBB\/wp-content\/uploads\/2013\/11\/21-novembre.jpg","datePublished":"2013-11-25T15:39:04+00:00","dateModified":"2013-11-25T15:39:04+00:00","inLanguage":"fr-FR","potentialAction":[{"@type":"ReadAction","target":["https:\/\/lyonbondyblog.fr\/LBB\/lyon-bondy-live-s03e06-special-la-marche-pour-legalite-et-contre-le-racisme\/"]}]},{"@type":"ImageObject","inLanguage":"fr-FR","@id":"https:\/\/lyonbondyblog.fr\/LBB\/lyon-bondy-live-s03e06-special-la-marche-pour-legalite-et-contre-le-racisme\/#primaryimage","url":"https:\/\/lyonbondyblog.fr\/LBB\/wp-content\/uploads\/2013\/11\/21-novembre.jpg","contentUrl":"https:\/\/lyonbondyblog.fr\/LBB\/wp-content\/uploads\/2013\/11\/21-novembre.jpg","width":600,"height":324},{"@type":"WebSite","@id":"https:\/\/lyonbondyblog.fr\/LBB\/#website","url":"https:\/\/lyonbondyblog.fr\/LBB\/","name":"Lyon Bondy Blog","description":"","publisher":{"@id":"https:\/\/lyonbondyblog.fr\/LBB\/#organization"},"potentialAction":[{"@type":"SearchAction","target":{"@type":"EntryPoint","urlTemplate":"https:\/\/lyonbondyblog.fr\/LBB\/?s={search_term_string}"},"query-input":"required name=search_term_string"}],"inLanguage":"fr-FR"},{"@type":"Organization","@id":"https:\/\/lyonbondyblog.fr\/LBB\/#organization","name":"LYON BONDY BLOG","url":"https:\/\/lyonbondyblog.fr\/LBB\/","logo":{"@type":"ImageObject","inLanguage":"fr-FR","@id":"https:\/\/lyonbondyblog.fr\/LBB\/#\/schema\/logo\/image\/","url":"http:\/\/lyonbondyblog.fr\/LBB\/wp-content\/uploads\/2014\/10\/logo-portable-144.png","contentUrl":"http:\/\/lyonbondyblog.fr\/LBB\/wp-content\/uploads\/2014\/10\/logo-portable-144.png","width":144,"height":123,"caption":"LYON BONDY BLOG"},"image":{"@id":"https:\/\/lyonbondyblog.fr\/LBB\/#\/schema\/logo\/image\/"},"sameAs":["https:\/\/www.facebook.com\/lyonbondyblog","https:\/\/x.com\/bondybloglyon"]},{"@type":"Person","@id":"https:\/\/lyonbondyblog.fr\/LBB\/#\/schema\/person\/e45f8d27baac75072daa0be50c409b25","name":"La r\u00e9daction","description":"Cr\u00e9e en 2008, la r\u00e9daction du Lyon Bondy Blog s'applique \u00e0 proposer une information locale diff\u00e9rente et compl\u00e9mentaire des m\u00e9dias traditionnels.","sameAs":["https:\/\/www.facebook.com\/lyonbondyblog","https:\/\/x.com\/BondyBlogLyon"],"url":"https:\/\/lyonbondyblog.fr\/LBB\/author\/admin\/"}]}},"_links":{"self":[{"href":"https:\/\/lyonbondyblog.fr\/LBB\/wp-json\/wp\/v2\/posts\/5017","targetHints":{"allow":["GET"]}}],"collection":[{"href":"https:\/\/lyonbondyblog.fr\/LBB\/wp-json\/wp\/v2\/posts"}],"about":[{"href":"https:\/\/lyonbondyblog.fr\/LBB\/wp-json\/wp\/v2\/types\/post"}],"author":[{"embeddable":true,"href":"https:\/\/lyonbondyblog.fr\/LBB\/wp-json\/wp\/v2\/users\/1"}],"replies":[{"embeddable":true,"href":"https:\/\/lyonbondyblog.fr\/LBB\/wp-json\/wp\/v2\/comments?post=5017"}],"version-history":[{"count":0,"href":"https:\/\/lyonbondyblog.fr\/LBB\/wp-json\/wp\/v2\/posts\/5017\/revisions"}],"wp:featuredmedia":[{"embeddable":true,"href":"https:\/\/lyonbondyblog.fr\/LBB\/wp-json\/wp\/v2\/media\/5025"}],"wp:attachment":[{"href":"https:\/\/lyonbondyblog.fr\/LBB\/wp-json\/wp\/v2\/media?parent=5017"}],"wp:term":[{"taxonomy":"category","embeddable":true,"href":"https:\/\/lyonbondyblog.fr\/LBB\/wp-json\/wp\/v2\/categories?post=5017"},{"taxonomy":"post_tag","embeddable":true,"href":"https:\/\/lyonbondyblog.fr\/LBB\/wp-json\/wp\/v2\/tags?post=5017"}],"curies":[{"name":"wp","href":"https:\/\/api.w.org\/{rel}","templated":true}]}}