{"id":488,"date":"2013-03-23T15:50:05","date_gmt":"2013-03-23T14:50:05","guid":{"rendered":"http:\/\/lyonbondyblog.fr\/LBB\/?p=488"},"modified":"2013-07-09T16:24:29","modified_gmt":"2013-07-09T14:24:29","slug":"mobilisation-pour-la-defense-des-droits-aux-comores-avec-le-general-salimou","status":"publish","type":"post","link":"https:\/\/lyonbondyblog.fr\/LBB\/mobilisation-pour-la-defense-des-droits-aux-comores-avec-le-general-salimou\/","title":{"rendered":"Mobilisation pour la d\u00e9fense des droits aux Comores avec le g\u00e9n\u00e9ral Salimou"},"content":{"rendered":"<p><strong>Malgr\u00e9 le froid hivernal peu habituel \u00e0 Marseille, la communaut\u00e9 comorienne de Marseille, ainsi que des personnalit\u00e9s politiques locales, sont venues massivement ce samedi 23 f\u00e9vrier 2013 dans la grande salle du Dock des Suds. A l\u2019occasion d\u2019une c\u00e9r\u00e9monie officielle de remerciements et de r\u00e9jouissances, le g\u00e9n\u00e9ral comorien Salimou Mohamed Amiri a remerci\u00e9 son comit\u00e9 de soutien pour le combat qu&rsquo;il a men\u00e9 pendant deux ans.<\/strong><\/p>\n<p><a href=\"https:\/\/lyonbondyblog.fr\/LBB\/wp-content\/uploads\/2013\/07\/Comores-et-general-salimou-photo2.jpg\"><img loading=\"lazy\" decoding=\"async\" width=\"400\" height=\"300\" class=\"aligncenter size-full wp-image-494\" alt=\"Le g\u00e9n\u00e9ral Salimou (au centre) entour\u00e9 des repr\u00e9sentants de son comit\u00e9 de soutien et de notables comoriens.\" src=\"https:\/\/lyonbondyblog.fr\/LBB\/wp-content\/uploads\/2013\/07\/Comores-et-general-salimou-photo2.jpg\" srcset=\"https:\/\/lyonbondyblog.fr\/LBB\/wp-content\/uploads\/2013\/07\/Comores-et-general-salimou-photo2.jpg 400w, https:\/\/lyonbondyblog.fr\/LBB\/wp-content\/uploads\/2013\/07\/Comores-et-general-salimou-photo2-300x225.jpg 300w\" sizes=\"auto, (max-width: 400px) 100vw, 400px\" \/><\/a><\/p>\n<p style=\"text-align: center\"><em><span style=\"font-size: 12px\">Le g\u00e9n\u00e9ral Salimou (au centre) entour\u00e9 des repr\u00e9sentants de son comit\u00e9 de soutien et de notables comoriens.<\/span><\/em><\/p>\n<div style=\"text-align: center\">\n<p style=\"text-align: left\">Le g\u00e9n\u00e9ral Salimou Mohamed Amiri, ancien Chef d&rsquo;\u00e9tat-major de l&rsquo;Arm\u00e9e Nationale de D\u00e9veloppement (AND) des Comores (2007-2010),<a href=\"http:\/\/www.rfi.fr\/afrique\/20121223-le-general-comorien-salimou-reclame-rehabilitation-verite-assassinat-son-frere-arme\"> fut assign\u00e9 \u00e0 r\u00e9sidence surveill\u00e9e pendant deux ans<\/a> (<a href=\"http:\/\/fr.wikipedia.org\/wiki\/Ahmed_Abdallah_Mohamed_Sambi\">sous la pr\u00e9sidence de Sambi<\/a>) pour le meurtre du Colonel Combo Ayouba dont il n\u2019a jamais cess\u00e9 de clamer son innocence. La justice comorienne admet le caract\u00e8re ill\u00e9gal de cette d\u00e9tention, reconna\u00eet les violations de proc\u00e9dure ainsi que les lacunes de l&rsquo;enqu\u00eate polici\u00e8re b\u00e2cl\u00e9e et mal orient\u00e9e.<\/p>\n<p style=\"text-align: left\">La <a href=\"http:\/\/yahoo.marseille.bondyblog.fr\/news\/adoubement-communautaire-pour-la-premiere-elue-comorienne-de-marseille\">conseill\u00e8re municipale d\u2019origine comorienne, Elisabeth Sa\u00efd<\/a>, fait partie des organisateurs de l\u2019\u00e9v\u00e8nement. Elle est v\u00eatue d&rsquo;une robe traditionnelle pour accueillir et encadrer les invit\u00e9s. C\u2019est elle qui ouvre la c\u00e9r\u00e9monie. Dans son discours, elle \u00e9voque \u00ab<em> le combat de l&rsquo;homme et le soutien des comoriens depuis les \u00eeles \u00e0 la France<\/em> \u00bb. Elle remercie leur courage et leur pers\u00e9v\u00e9rance dans le combat contre les injustices et pour les droits aux Comores. Elle revient aussi sur la m\u00e9moire culturelle de Marseille en tant que \u00ab <em>terre d&rsquo;int\u00e9gration et de m\u00e9tissage culturel<\/em>\u00bb avec ce chiffre : plus de 80 000 personnes d&rsquo;origine comorienne sont marseillais. Ce qui explique cette forte mobilisation des Comoriens, autant de la part des \u00e9lus de la r\u00e9publique que de la population elle-m\u00eame.<\/p>\n<p style=\"text-align: left\"><strong>Une ambiance de meeting politique<\/strong><\/p>\n<p style=\"text-align: left\">Sur la sc\u00e8ne, d\u2019autres personnalit\u00e9s politiques locales sont pr\u00e9sentes : les d\u00e9put\u00e9s socialistes de la 7\u00e8me circonscription, Henri Jibrayel et Sylvie Andrieux, la s\u00e9natrice-maire Samia Ghali, mais aussi le d\u00e9put\u00e9 europ\u00e9en de la circonscription Sud-Est, Karim Z\u00e9ribi. Le grand mufti de Marseille, Ali Mohamed Kassim, assiste \u00e9galement \u00e0 la c\u00e9r\u00e9monie.<\/p>\n<p><strong><img loading=\"lazy\" decoding=\"async\" class=\"aligncenter\" alt=\"\" src=\"http:\/\/www.lyonbondyblog.fr\/sites\/default\/files\/Comores%20et%20general%20salimou%20%28photo2%29_0.jpg\" width=\"576\" height=\"322\" \/><\/strong><\/p>\n<p><em><span style=\"font-size: 12px\">Parmi les politiques sur la sc\u00e8ne, Henri Jibrayel, d\u00e9put\u00e9 de la 7\u00e8me circ., et Karim Z\u00e9biri, d\u00e9put\u00e9 europ\u00e9en de la cric. Sud-Est.<\/span><\/em><\/p>\n<p style=\"text-align: left\">Dans la salle, les Comoriens de Marseille sont v\u00eatus de v\u00eatements traditionnels. L&rsquo;ambiance est semblable \u00e0 celui d&rsquo;un meeting, beaucoup de ferveur se traduisent au regard de l&rsquo;\u00e9v\u00e8nement.<\/p>\n<p style=\"text-align: left\">Mohamed Chanfiou, repr\u00e9sentant du comit\u00e9 de soutien, revient sur \u00ab<em> la cause d\u00e9fendue <\/em>\u00bb, c&rsquo;est \u00e0 dire le respect de la d\u00e9mocratie dans la justice comorienne. Il insiste notamment sur la pr\u00e9somption d&rsquo;innocence. Mohamed Chanfiou revendique une justice plus \u00e9quitable et moins soumise \u00e0 la pression du gouvernement comorien. Il explique que l&rsquo;assassinat du Lieutenant-Colonel Combo Ayouba intervient apr\u00e8s que l&rsquo;AND ait oppos\u00e9e un refus \u00e0 une prolongation du mandat pr\u00e9sidentiel. Selon lui, l&rsquo;accusation du g\u00e9n\u00e9ral Salimou est justifi\u00e9e par un complot de l&rsquo;\u00e9tat : \u00ab<em> il fallait supprimer de l&rsquo;AND tout \u00e9l\u00e9ment impartial<\/em> \u00bb.<\/p>\n<p style=\"text-align: left\">Le comit\u00e9 de soutien n&rsquo;arr\u00eatera pas son action tant que la v\u00e9rit\u00e9 sur l&rsquo;assassinat de Combo ne sera pas faite par la justice et que les instigateurs du complot \u00e0 l&rsquo;encontre du g\u00e9n\u00e9ral Salimou ne seront pas retrouv\u00e9s.<\/p>\n<p style=\"text-align: left\"><strong>Un Observatoire Comorien des Droits Humains ?<\/strong><\/p>\n<p style=\"text-align: left\">Le <a href=\"http:\/\/karimzeribi.fr\/\">d\u00e9put\u00e9 europ\u00e9en Karim Z\u00e9ribi<\/a> met une pierre \u00e0 l&rsquo;\u00e9difice pour permettre \u00e0 la communaut\u00e9 comorienne de b\u00e9n\u00e9ficier de leurs droits souvent consid\u00e9r\u00e9s comme bafou\u00e9s. Il promet de les d\u00e9fendre aupr\u00e8s de l&rsquo;Union Europ\u00e9enne par la mise en place d&rsquo;un Observatoire Comorien des Droits Humains pour \u00ab<em> veiller et garantir les droits ind\u00e9niables et les libert\u00e9s fondamentales des individus<\/em> \u00bb.<br \/>\nLors de son discours, le g\u00e9n\u00e9ral Salimou prend un ton solennel et met l&rsquo;accent sur la forte mobilisation des comoriens autour de l&rsquo;injustice qui lui a \u00e9t\u00e9 faite. \u00ab <em>Je me sens l&rsquo;homme le plus heureux sur cette terre <\/em>\u00bb. Il remercie les comoriens de leur solidarit\u00e9 et parle d&rsquo;un moment historique. \u00ab <em>La mobilisation massive des Comoriens autour de ma modeste personne est un acte historique ; elle est une premi\u00e8re dans l&rsquo;Histoire de notre pays et j&rsquo;en suis infiniment reconnaissant <\/em>\u00bb. Ensuite, il salue le soutien sans faille des repr\u00e9sentants \u00e9lus de la r\u00e9publique fran\u00e7aise, dont Henri Jibrayel pour avoir soutenu le comit\u00e9 de France, et Karim Z\u00e9ribi qui appuie l&rsquo;id\u00e9e d&rsquo;un observatoire des droits de l&rsquo;homme aux Comores ; mais aussi Sylvie Andrieux qui a plaid\u00e9 pour la tenue d&rsquo;un proc\u00e8s rapide et \u00e9quitable.<\/p>\n<p style=\"text-align: left\">La c\u00e9r\u00e9monie s&rsquo;est achev\u00e9e par des applaudissements et un buffet. Loin d&rsquo;avoir fini son combat, le comit\u00e9 de soutien et le g\u00e9n\u00e9ral Salimou sont toutefois heureux d&rsquo;avoir l&rsquo;appui de la communaut\u00e9 comorienne. La perspective des \u00e9lections pr\u00e9sidentielles de 2016 nous laisse donc face \u00e0 un enjeu important quant \u00e0 la question des droits et de la justice aux Comores.<\/p>\n<\/div>\n<!-- AddThis Advanced Settings generic via filter on the_content --><!-- AddThis Share Buttons generic via filter on the_content -->","protected":false},"excerpt":{"rendered":"<p>Malgr\u00e9 le froid hivernal peu habituel \u00e0 Marseille, la communaut\u00e9 comorienne de Marseille, ainsi que des personnalit\u00e9s politiques locales, sont venues massivement ce samedi 23 &hellip; <!-- AddThis Advanced Settings generic via filter on wp_trim_excerpt --><!-- AddThis Share Buttons generic via filter on wp_trim_excerpt --><\/p>\n","protected":false},"author":10,"featured_media":495,"comment_status":"open","ping_status":"open","sticky":false,"template":"","format":"standard","meta":{"_FSMCFIC_featured_image_caption":"","_FSMCFIC_featured_image_nocaption":"","_FSMCFIC_featured_image_hide":"","footnotes":""},"categories":[9,6],"tags":[153,154,155,11,156,157,158,159],"class_list":["post-488","post","type-post","status-publish","format-standard","has-post-thumbnail","hentry","category-international","category-politique","tag-combo-ayouba","tag-comores","tag-elisabeth-sa","tag-france-2","tag-henri-jibrayel","tag-marseille","tag-salimou-mohamed-amiri","tag-sylvie-andrieux"],"yoast_head":"<!-- This site is optimized with the Yoast SEO plugin v22.8 - https:\/\/yoast.com\/wordpress\/plugins\/seo\/ -->\n<title>Mobilisation pour la d\u00e9fense des droits aux Comores avec le g\u00e9n\u00e9ral Salimou - Lyon Bondy Blog<\/title>\n<meta name=\"robots\" content=\"index, follow, max-snippet:-1, max-image-preview:large, max-video-preview:-1\" \/>\n<link rel=\"canonical\" href=\"https:\/\/lyonbondyblog.fr\/LBB\/mobilisation-pour-la-defense-des-droits-aux-comores-avec-le-general-salimou\/\" \/>\n<meta property=\"og:locale\" content=\"fr_FR\" \/>\n<meta property=\"og:type\" content=\"article\" \/>\n<meta property=\"og:title\" content=\"Mobilisation pour la d\u00e9fense des droits aux Comores avec le g\u00e9n\u00e9ral Salimou - Lyon Bondy Blog\" \/>\n<meta property=\"og:description\" content=\"Malgr\u00e9 le froid hivernal peu habituel \u00e0 Marseille, la communaut\u00e9 comorienne de Marseille, ainsi que des personnalit\u00e9s politiques locales, sont venues massivement ce samedi 23 &hellip;\" \/>\n<meta property=\"og:url\" content=\"https:\/\/lyonbondyblog.fr\/LBB\/mobilisation-pour-la-defense-des-droits-aux-comores-avec-le-general-salimou\/\" \/>\n<meta property=\"og:site_name\" content=\"Lyon Bondy Blog\" \/>\n<meta property=\"article:publisher\" content=\"https:\/\/www.facebook.com\/lyonbondyblog\" \/>\n<meta property=\"article:published_time\" content=\"2013-03-23T14:50:05+00:00\" \/>\n<meta property=\"article:modified_time\" content=\"2013-07-09T14:24:29+00:00\" \/>\n<meta property=\"og:image\" content=\"https:\/\/lyonbondyblog.fr\/LBB\/wp-content\/uploads\/2013\/07\/Comores-et-general-salimou-photo2.2.jpg\" \/>\n\t<meta property=\"og:image:width\" content=\"399\" \/>\n\t<meta property=\"og:image:height\" content=\"150\" \/>\n\t<meta property=\"og:image:type\" content=\"image\/jpeg\" \/>\n<meta name=\"author\" content=\"Mariama Hassani\" \/>\n<meta name=\"twitter:card\" content=\"summary_large_image\" \/>\n<meta name=\"twitter:creator\" content=\"@bondybloglyon\" \/>\n<meta name=\"twitter:site\" content=\"@bondybloglyon\" \/>\n<script type=\"application\/ld+json\" class=\"yoast-schema-graph\">{\"@context\":\"https:\/\/schema.org\",\"@graph\":[{\"@type\":\"Article\",\"@id\":\"https:\/\/lyonbondyblog.fr\/LBB\/mobilisation-pour-la-defense-des-droits-aux-comores-avec-le-general-salimou\/#article\",\"isPartOf\":{\"@id\":\"https:\/\/lyonbondyblog.fr\/LBB\/mobilisation-pour-la-defense-des-droits-aux-comores-avec-le-general-salimou\/\"},\"author\":{\"name\":\"Mariama Hassani\",\"@id\":\"https:\/\/lyonbondyblog.fr\/LBB\/#\/schema\/person\/04042fda23427b66d2dacbf57eed4602\"},\"headline\":\"Mobilisation pour la d\u00e9fense des droits aux Comores avec le g\u00e9n\u00e9ral Salimou\",\"datePublished\":\"2013-03-23T14:50:05+00:00\",\"dateModified\":\"2013-07-09T14:24:29+00:00\",\"mainEntityOfPage\":{\"@id\":\"https:\/\/lyonbondyblog.fr\/LBB\/mobilisation-pour-la-defense-des-droits-aux-comores-avec-le-general-salimou\/\"},\"wordCount\":875,\"commentCount\":0,\"publisher\":{\"@id\":\"https:\/\/lyonbondyblog.fr\/LBB\/#organization\"},\"image\":{\"@id\":\"https:\/\/lyonbondyblog.fr\/LBB\/mobilisation-pour-la-defense-des-droits-aux-comores-avec-le-general-salimou\/#primaryimage\"},\"thumbnailUrl\":\"https:\/\/lyonbondyblog.fr\/LBB\/wp-content\/uploads\/2013\/07\/Comores-et-general-salimou-photo2.2.jpg\",\"keywords\":[\"Combo Ayouba\",\"Comores\",\"Elisabeth Sa\",\"france\",\"Henri Jibrayel\",\"Marseille\",\"Salimou Mohamed Amiri\",\"Sylvie Andrieux\"],\"articleSection\":[\"International\",\"Politique\"],\"inLanguage\":\"fr-FR\",\"potentialAction\":[{\"@type\":\"CommentAction\",\"name\":\"Comment\",\"target\":[\"https:\/\/lyonbondyblog.fr\/LBB\/mobilisation-pour-la-defense-des-droits-aux-comores-avec-le-general-salimou\/#respond\"]}]},{\"@type\":\"WebPage\",\"@id\":\"https:\/\/lyonbondyblog.fr\/LBB\/mobilisation-pour-la-defense-des-droits-aux-comores-avec-le-general-salimou\/\",\"url\":\"https:\/\/lyonbondyblog.fr\/LBB\/mobilisation-pour-la-defense-des-droits-aux-comores-avec-le-general-salimou\/\",\"name\":\"Mobilisation pour la d\u00e9fense des droits aux Comores avec le g\u00e9n\u00e9ral Salimou - Lyon Bondy Blog\",\"isPartOf\":{\"@id\":\"https:\/\/lyonbondyblog.fr\/LBB\/#website\"},\"primaryImageOfPage\":{\"@id\":\"https:\/\/lyonbondyblog.fr\/LBB\/mobilisation-pour-la-defense-des-droits-aux-comores-avec-le-general-salimou\/#primaryimage\"},\"image\":{\"@id\":\"https:\/\/lyonbondyblog.fr\/LBB\/mobilisation-pour-la-defense-des-droits-aux-comores-avec-le-general-salimou\/#primaryimage\"},\"thumbnailUrl\":\"https:\/\/lyonbondyblog.fr\/LBB\/wp-content\/uploads\/2013\/07\/Comores-et-general-salimou-photo2.2.jpg\",\"datePublished\":\"2013-03-23T14:50:05+00:00\",\"dateModified\":\"2013-07-09T14:24:29+00:00\",\"inLanguage\":\"fr-FR\",\"potentialAction\":[{\"@type\":\"ReadAction\",\"target\":[\"https:\/\/lyonbondyblog.fr\/LBB\/mobilisation-pour-la-defense-des-droits-aux-comores-avec-le-general-salimou\/\"]}]},{\"@type\":\"ImageObject\",\"inLanguage\":\"fr-FR\",\"@id\":\"https:\/\/lyonbondyblog.fr\/LBB\/mobilisation-pour-la-defense-des-droits-aux-comores-avec-le-general-salimou\/#primaryimage\",\"url\":\"https:\/\/lyonbondyblog.fr\/LBB\/wp-content\/uploads\/2013\/07\/Comores-et-general-salimou-photo2.2.jpg\",\"contentUrl\":\"https:\/\/lyonbondyblog.fr\/LBB\/wp-content\/uploads\/2013\/07\/Comores-et-general-salimou-photo2.2.jpg\",\"width\":399,\"height\":150,\"caption\":\"Le g\u00e9n\u00e9ral Salimou (au centre) entour\u00e9 des repr\u00e9sentants de son comit\u00e9 de soutien et de notables comoriens.\"},{\"@type\":\"WebSite\",\"@id\":\"https:\/\/lyonbondyblog.fr\/LBB\/#website\",\"url\":\"https:\/\/lyonbondyblog.fr\/LBB\/\",\"name\":\"Lyon Bondy Blog\",\"description\":\"\",\"publisher\":{\"@id\":\"https:\/\/lyonbondyblog.fr\/LBB\/#organization\"},\"potentialAction\":[{\"@type\":\"SearchAction\",\"target\":{\"@type\":\"EntryPoint\",\"urlTemplate\":\"https:\/\/lyonbondyblog.fr\/LBB\/?s={search_term_string}\"},\"query-input\":\"required name=search_term_string\"}],\"inLanguage\":\"fr-FR\"},{\"@type\":\"Organization\",\"@id\":\"https:\/\/lyonbondyblog.fr\/LBB\/#organization\",\"name\":\"LYON BONDY BLOG\",\"url\":\"https:\/\/lyonbondyblog.fr\/LBB\/\",\"logo\":{\"@type\":\"ImageObject\",\"inLanguage\":\"fr-FR\",\"@id\":\"https:\/\/lyonbondyblog.fr\/LBB\/#\/schema\/logo\/image\/\",\"url\":\"http:\/\/lyonbondyblog.fr\/LBB\/wp-content\/uploads\/2014\/10\/logo-portable-144.png\",\"contentUrl\":\"http:\/\/lyonbondyblog.fr\/LBB\/wp-content\/uploads\/2014\/10\/logo-portable-144.png\",\"width\":144,\"height\":123,\"caption\":\"LYON BONDY BLOG\"},\"image\":{\"@id\":\"https:\/\/lyonbondyblog.fr\/LBB\/#\/schema\/logo\/image\/\"},\"sameAs\":[\"https:\/\/www.facebook.com\/lyonbondyblog\",\"https:\/\/x.com\/bondybloglyon\"]},{\"@type\":\"Person\",\"@id\":\"https:\/\/lyonbondyblog.fr\/LBB\/#\/schema\/person\/04042fda23427b66d2dacbf57eed4602\",\"name\":\"Mariama Hassani\",\"description\":\"\u00c9tudiante en Science Po \u00e0 Lyon 2, la politique et les m\u00e9dias m'ont toujours attir\u00e9e, le journalisme une vocation pour moi. Venant d'une ville tr\u00e8s cosmopolite comme Marseille et vivant \u00e0 Lyon, c'est une richesse de pouvoir transmettre le message des personnes par la voie de mes \u00e9crits.\",\"url\":\"https:\/\/lyonbondyblog.fr\/LBB\/author\/mariama\/\"}]}<\/script>\n<!-- \/ Yoast SEO plugin. -->","yoast_head_json":{"title":"Mobilisation pour la d\u00e9fense des droits aux Comores avec le g\u00e9n\u00e9ral Salimou - Lyon Bondy Blog","robots":{"index":"index","follow":"follow","max-snippet":"max-snippet:-1","max-image-preview":"max-image-preview:large","max-video-preview":"max-video-preview:-1"},"canonical":"https:\/\/lyonbondyblog.fr\/LBB\/mobilisation-pour-la-defense-des-droits-aux-comores-avec-le-general-salimou\/","og_locale":"fr_FR","og_type":"article","og_title":"Mobilisation pour la d\u00e9fense des droits aux Comores avec le g\u00e9n\u00e9ral Salimou - Lyon Bondy Blog","og_description":"Malgr\u00e9 le froid hivernal peu habituel \u00e0 Marseille, la communaut\u00e9 comorienne de Marseille, ainsi que des personnalit\u00e9s politiques locales, sont venues massivement ce samedi 23 &hellip;","og_url":"https:\/\/lyonbondyblog.fr\/LBB\/mobilisation-pour-la-defense-des-droits-aux-comores-avec-le-general-salimou\/","og_site_name":"Lyon Bondy Blog","article_publisher":"https:\/\/www.facebook.com\/lyonbondyblog","article_published_time":"2013-03-23T14:50:05+00:00","article_modified_time":"2013-07-09T14:24:29+00:00","og_image":[{"width":399,"height":150,"url":"https:\/\/lyonbondyblog.fr\/LBB\/wp-content\/uploads\/2013\/07\/Comores-et-general-salimou-photo2.2.jpg","type":"image\/jpeg"}],"author":"Mariama Hassani","twitter_card":"summary_large_image","twitter_creator":"@bondybloglyon","twitter_site":"@bondybloglyon","schema":{"@context":"https:\/\/schema.org","@graph":[{"@type":"Article","@id":"https:\/\/lyonbondyblog.fr\/LBB\/mobilisation-pour-la-defense-des-droits-aux-comores-avec-le-general-salimou\/#article","isPartOf":{"@id":"https:\/\/lyonbondyblog.fr\/LBB\/mobilisation-pour-la-defense-des-droits-aux-comores-avec-le-general-salimou\/"},"author":{"name":"Mariama Hassani","@id":"https:\/\/lyonbondyblog.fr\/LBB\/#\/schema\/person\/04042fda23427b66d2dacbf57eed4602"},"headline":"Mobilisation pour la d\u00e9fense des droits aux Comores avec le g\u00e9n\u00e9ral Salimou","datePublished":"2013-03-23T14:50:05+00:00","dateModified":"2013-07-09T14:24:29+00:00","mainEntityOfPage":{"@id":"https:\/\/lyonbondyblog.fr\/LBB\/mobilisation-pour-la-defense-des-droits-aux-comores-avec-le-general-salimou\/"},"wordCount":875,"commentCount":0,"publisher":{"@id":"https:\/\/lyonbondyblog.fr\/LBB\/#organization"},"image":{"@id":"https:\/\/lyonbondyblog.fr\/LBB\/mobilisation-pour-la-defense-des-droits-aux-comores-avec-le-general-salimou\/#primaryimage"},"thumbnailUrl":"https:\/\/lyonbondyblog.fr\/LBB\/wp-content\/uploads\/2013\/07\/Comores-et-general-salimou-photo2.2.jpg","keywords":["Combo Ayouba","Comores","Elisabeth Sa","france","Henri Jibrayel","Marseille","Salimou Mohamed Amiri","Sylvie Andrieux"],"articleSection":["International","Politique"],"inLanguage":"fr-FR","potentialAction":[{"@type":"CommentAction","name":"Comment","target":["https:\/\/lyonbondyblog.fr\/LBB\/mobilisation-pour-la-defense-des-droits-aux-comores-avec-le-general-salimou\/#respond"]}]},{"@type":"WebPage","@id":"https:\/\/lyonbondyblog.fr\/LBB\/mobilisation-pour-la-defense-des-droits-aux-comores-avec-le-general-salimou\/","url":"https:\/\/lyonbondyblog.fr\/LBB\/mobilisation-pour-la-defense-des-droits-aux-comores-avec-le-general-salimou\/","name":"Mobilisation pour la d\u00e9fense des droits aux Comores avec le g\u00e9n\u00e9ral Salimou - Lyon Bondy Blog","isPartOf":{"@id":"https:\/\/lyonbondyblog.fr\/LBB\/#website"},"primaryImageOfPage":{"@id":"https:\/\/lyonbondyblog.fr\/LBB\/mobilisation-pour-la-defense-des-droits-aux-comores-avec-le-general-salimou\/#primaryimage"},"image":{"@id":"https:\/\/lyonbondyblog.fr\/LBB\/mobilisation-pour-la-defense-des-droits-aux-comores-avec-le-general-salimou\/#primaryimage"},"thumbnailUrl":"https:\/\/lyonbondyblog.fr\/LBB\/wp-content\/uploads\/2013\/07\/Comores-et-general-salimou-photo2.2.jpg","datePublished":"2013-03-23T14:50:05+00:00","dateModified":"2013-07-09T14:24:29+00:00","inLanguage":"fr-FR","potentialAction":[{"@type":"ReadAction","target":["https:\/\/lyonbondyblog.fr\/LBB\/mobilisation-pour-la-defense-des-droits-aux-comores-avec-le-general-salimou\/"]}]},{"@type":"ImageObject","inLanguage":"fr-FR","@id":"https:\/\/lyonbondyblog.fr\/LBB\/mobilisation-pour-la-defense-des-droits-aux-comores-avec-le-general-salimou\/#primaryimage","url":"https:\/\/lyonbondyblog.fr\/LBB\/wp-content\/uploads\/2013\/07\/Comores-et-general-salimou-photo2.2.jpg","contentUrl":"https:\/\/lyonbondyblog.fr\/LBB\/wp-content\/uploads\/2013\/07\/Comores-et-general-salimou-photo2.2.jpg","width":399,"height":150,"caption":"Le g\u00e9n\u00e9ral Salimou (au centre) entour\u00e9 des repr\u00e9sentants de son comit\u00e9 de soutien et de notables comoriens."},{"@type":"WebSite","@id":"https:\/\/lyonbondyblog.fr\/LBB\/#website","url":"https:\/\/lyonbondyblog.fr\/LBB\/","name":"Lyon Bondy Blog","description":"","publisher":{"@id":"https:\/\/lyonbondyblog.fr\/LBB\/#organization"},"potentialAction":[{"@type":"SearchAction","target":{"@type":"EntryPoint","urlTemplate":"https:\/\/lyonbondyblog.fr\/LBB\/?s={search_term_string}"},"query-input":"required name=search_term_string"}],"inLanguage":"fr-FR"},{"@type":"Organization","@id":"https:\/\/lyonbondyblog.fr\/LBB\/#organization","name":"LYON BONDY BLOG","url":"https:\/\/lyonbondyblog.fr\/LBB\/","logo":{"@type":"ImageObject","inLanguage":"fr-FR","@id":"https:\/\/lyonbondyblog.fr\/LBB\/#\/schema\/logo\/image\/","url":"http:\/\/lyonbondyblog.fr\/LBB\/wp-content\/uploads\/2014\/10\/logo-portable-144.png","contentUrl":"http:\/\/lyonbondyblog.fr\/LBB\/wp-content\/uploads\/2014\/10\/logo-portable-144.png","width":144,"height":123,"caption":"LYON BONDY BLOG"},"image":{"@id":"https:\/\/lyonbondyblog.fr\/LBB\/#\/schema\/logo\/image\/"},"sameAs":["https:\/\/www.facebook.com\/lyonbondyblog","https:\/\/x.com\/bondybloglyon"]},{"@type":"Person","@id":"https:\/\/lyonbondyblog.fr\/LBB\/#\/schema\/person\/04042fda23427b66d2dacbf57eed4602","name":"Mariama Hassani","description":"\u00c9tudiante en Science Po \u00e0 Lyon 2, la politique et les m\u00e9dias m'ont toujours attir\u00e9e, le journalisme une vocation pour moi. Venant d'une ville tr\u00e8s cosmopolite comme Marseille et vivant \u00e0 Lyon, c'est une richesse de pouvoir transmettre le message des personnes par la voie de mes \u00e9crits.","url":"https:\/\/lyonbondyblog.fr\/LBB\/author\/mariama\/"}]}},"_links":{"self":[{"href":"https:\/\/lyonbondyblog.fr\/LBB\/wp-json\/wp\/v2\/posts\/488","targetHints":{"allow":["GET"]}}],"collection":[{"href":"https:\/\/lyonbondyblog.fr\/LBB\/wp-json\/wp\/v2\/posts"}],"about":[{"href":"https:\/\/lyonbondyblog.fr\/LBB\/wp-json\/wp\/v2\/types\/post"}],"author":[{"embeddable":true,"href":"https:\/\/lyonbondyblog.fr\/LBB\/wp-json\/wp\/v2\/users\/10"}],"replies":[{"embeddable":true,"href":"https:\/\/lyonbondyblog.fr\/LBB\/wp-json\/wp\/v2\/comments?post=488"}],"version-history":[{"count":0,"href":"https:\/\/lyonbondyblog.fr\/LBB\/wp-json\/wp\/v2\/posts\/488\/revisions"}],"wp:featuredmedia":[{"embeddable":true,"href":"https:\/\/lyonbondyblog.fr\/LBB\/wp-json\/wp\/v2\/media\/495"}],"wp:attachment":[{"href":"https:\/\/lyonbondyblog.fr\/LBB\/wp-json\/wp\/v2\/media?parent=488"}],"wp:term":[{"taxonomy":"category","embeddable":true,"href":"https:\/\/lyonbondyblog.fr\/LBB\/wp-json\/wp\/v2\/categories?post=488"},{"taxonomy":"post_tag","embeddable":true,"href":"https:\/\/lyonbondyblog.fr\/LBB\/wp-json\/wp\/v2\/tags?post=488"}],"curies":[{"name":"wp","href":"https:\/\/api.w.org\/{rel}","templated":true}]}}