{"id":4818,"date":"2013-11-15T10:30:17","date_gmt":"2013-11-15T09:30:17","guid":{"rendered":"http:\/\/lyonbondyblog.fr\/LBB\/?p=4818"},"modified":"2013-12-17T17:38:06","modified_gmt":"2013-12-17T16:38:06","slug":"lepra-et-apres","status":"publish","type":"post","link":"https:\/\/lyonbondyblog.fr\/LBB\/lepra-et-apres\/","title":{"rendered":"L&rsquo;EPRA, et apr\u00e8s ?"},"content":{"rendered":"<p>Le GIP EPRA est mort. Bel et bien. Continuer de r\u00e9clamer sa continuit\u00e9 ne peut \u00eatre qu\u2019une r\u00e9action affective de rejet de cette r\u00e9alit\u00e9. Attitude bien compr\u00e9hensible apr\u00e8s la mort d\u2019un proche. Et l\u2019EPRA fut r\u00e9ellement proche de nombreuses radios associatives. \u0152uvrant avec elles de longues ann\u00e9es au service d\u2019une production radiophonique de qualit\u00e9, sur les th\u00e9matiques de l\u2019immigration, contre les discriminations, elle leur a donn\u00e9 les moyens de produire et de diffuser ces contenus, a mis en place un outil remarquable d\u2019\u00e9changes de programmes, les a pouss\u00e9 \u00e0 une v\u00e9ritable exigence qualitative professionnalisante.<\/p>\n<p><strong><img loading=\"lazy\" decoding=\"async\" width=\"635\" height=\"311\" class=\"aligncenter size-full wp-image-4840\" alt=\"logo_epra\" src=\"https:\/\/lyonbondyblog.fr\/LBB\/wp-content\/uploads\/2013\/11\/logo_epra.jpg\" srcset=\"https:\/\/lyonbondyblog.fr\/LBB\/wp-content\/uploads\/2013\/11\/logo_epra.jpg 635w, https:\/\/lyonbondyblog.fr\/LBB\/wp-content\/uploads\/2013\/11\/logo_epra-300x146.jpg 300w\" sizes=\"auto, (max-width: 635px) 100vw, 635px\" \/>Le rapport Bouvier<\/strong><\/p>\n<p>Mais la volont\u00e9 politique et les financements se sont taris et ont acc\u00e9l\u00e9r\u00e9 l\u2019essoufflement de cette belle institution. On ne peut que le regretter, et en particulier le processus qui a consist\u00e9 \u00e0 laisser le GIP agoniser si longtemps avant de d\u00e9cider de son sort. Mais l\u2019EPRA n\u2019est qu\u2019un nom, une enveloppe, une forme. Ce qui importe est au final notre capacit\u00e9 de continuer \u00e0 produire ces m\u00eames contenus de qualit\u00e9 au service des populations. C\u2019est \u00e0 ce titre que le rapport remis par J\u00e9r\u00f4me Bouvier le 5 juillet dernier aux Ministres de la Culture, de la Ville et de l\u2019Int\u00e9rieur est fort int\u00e9ressant. Tout d\u2019abord, il est le signe d\u2019une volont\u00e9 gouvernementale de trouver une suite \u00e0 ce travail essentiel poursuivi par les radios depuis une vingtaine d\u2019ann\u00e9es. Ensuite il pr\u00e9conise une actualisation, une adaptation aux nouvelles pratiques m\u00e9diatiques, du dispositif qui resterait toujours au service d\u2019une production de contenus de qualit\u00e9.<\/p>\n<p><a href=\"http:\/\/www.mediascitoyens.eu\/wp-content\/uploads\/sites\/3\/2013\/10\/Rapport-Bouvier.pdf\">Lire le rapport de J\u00e9r\u00f4me Bouvier : M\u00e9dias de proximit\u00e9 et diversit\u00e9<\/a><\/p>\n<p><a href=\"http:\/\/www.mediascitoyens.eu\/wp-content\/uploads\/sites\/3\/2013\/10\/rapport-bouvier.png\"><img loading=\"lazy\" decoding=\"async\" class=\"alignleft\" alt=\"rapport bouvier\" src=\"http:\/\/www.mediascitoyens.eu\/wp-content\/uploads\/sites\/3\/2013\/10\/rapport-bouvier.png\" width=\"177\" height=\"239\" \/><\/a><\/p>\n<p>Il n\u2019appartenait pas au rapport de J\u00e9r\u00f4me Bouvier de proposer la renaissance de l\u2019EPRA mais d\u2019en imaginer une suite. Il part donc d\u2019un triple constat\u00a0: l\u2019existence de 6000 heures de programmes radio produits dans le cadre de l\u2019EPRA\u00a0; la pr\u00e9sence d\u2019autres acteurs sur les territoires concern\u00e9s et le peu de visibilit\u00e9 des actions r\u00e9alis\u00e9es par le GIP. Aussi propose-t-il\u00a0:<br \/>\n1. De cr\u00e9er une commission nationale pour le soutien de m\u00e9dias de proximit\u00e9 et de la diversit\u00e9<br \/>\n2. La num\u00e9risation et la mise \u00e0 disposition des archives EPRA par l\u2019INA<br \/>\n3. La cr\u00e9ation d\u2019une plate-forme num\u00e9rique d\u00e9di\u00e9e<br \/>\n4. La mise \u00e0 disposition d\u2019un lieu pour la production, la mutualisation, la recherche et la formation.<\/p>\n<p><strong>La r\u00e9action des minist\u00e8res<\/strong><\/p>\n<p>Le 5 septembre 2013, les Minist\u00e8res de la Culture et de la Ville ont publi\u00e9 une communiqu\u00e9 de presse donnant suite au rapport. Aur\u00e9lie Filippetti et Fran\u00e7ois Lamy se disent \u00ab conscients de l\u2019enjeu des m\u00e9dias de proximit\u00e9 en terme de cr\u00e9ation d\u2019espaces d\u2019expression alternatifs et de changement d\u2019image des quartiers\u00a0\u00bb et demandent \u00e0 leurs services de\u00a0:<br \/>\n\u2022\u00a0\u00a0 \u00a0\u00ab\u00a0D\u00e9terminer les conditions de la cr\u00e9ation et de fonctionnement de la commission nationale de soutien aux m\u00e9dias de proximit\u00e9 dont le principe est retenu, et qui, plus largement, aura pour objet d\u2019am\u00e9liorer le soutien global aux m\u00e9dias de proximit\u00e9, de soutenir leur professionnalisation et leur visibilit\u00e9.<br \/>\n\u2022\u00a0\u00a0 \u00a0Examiner avec l\u2019INA le d\u00e9veloppement rapide et op\u00e9rationnel de la gestion des archives de l\u2019Epra<br \/>\n\u2022\u00a0\u00a0 \u00a0\u00c9tudier la possibilit\u00e9 de mettre en \u0153uvre la plateforme num\u00e9rique propos\u00e9e, et de l\u2019associer \u00e0 un espace de travail des radios associatives de quartier, en lien avec les collectivit\u00e9s territoriales pouvant \u00eatre int\u00e9ress\u00e9es par ce projet.\u00a0\u00bb<\/p>\n<p>&nbsp;<\/p>\n<p>Lire le communiqu\u00e9 de presse : Remise du rapport sur les m\u00e9dias de proximit\u00e9 et la diversit\u00e9<\/p>\n<p><strong>Accompagner le processus<\/strong><\/p>\n<p>Si de nombreuses questions restent pos\u00e9es quant \u00e0 la mise en \u0153uvre de ce nouveau dispositif et quant \u00e0 la mani\u00e8re de proc\u00e9der aux transitions entre l\u2019ancienne et la nouvelle structure, la perspective semble toutefois tout \u00e0 fait louable.<\/p>\n<figure style=\"width: 241px\" class=\"wp-caption alignright\"><a href=\"http:\/\/www.mediascitoyens.eu\/wp-content\/uploads\/sites\/3\/2013\/10\/Jerome-Bouvier.jpg\"><img loading=\"lazy\" decoding=\"async\" title=\"J\u00e9r\u00f4me Bouvier pr\u00e9sentait son rapport au Congr\u00e8s du SNRL le 17 octobre 2013 (\u00a9 Karinaphotos)\" alt=\"J\u00e9r\u00f4me Bouvier pr\u00e9sentait son rapport au Congr\u00e8s du SNRL le 17 octobre 2013 \" src=\"http:\/\/www.mediascitoyens.eu\/wp-content\/uploads\/sites\/3\/2013\/10\/Jerome-Bouvier.jpg\" width=\"241\" height=\"165\" \/><\/a><figcaption class=\"wp-caption-text\">J\u00e9r\u00f4me Bouvier pr\u00e9sentait son rapport au Congr\u00e8s du SNRL le 17 octobre 2013 (\u00a9 Karinaphotos)<\/figcaption><\/figure>\n<p>Et de fait, parmi les radios, si quelques voix fort attach\u00e9es \u00e0 l\u2019EPRA font entendre leur \u00e9cho d\u00e9j\u00e0 nostalgique, l\u2019ensemble des acteurs semble adopter une posture expectative et ouverte, voire volontariste pour accompagner le processus propos\u00e9 par J\u00e9r\u00f4me Bouvier. C\u2019est le cas du SNRL dont le pr\u00e9sident Emmanuel Boutterin estime qu\u2019il s\u2019agit de \u00ab\u00a0la meilleure perspective, il n\u2019y a pas d\u2019autre solution qu\u2019une mutation de la banque de programmes. Nous devons accompagner ce processus pour que les radios continuent de b\u00e9n\u00e9ficier d\u2019un dispositif int\u00e9ressant pour leurs programmes et pour les auditeurs.\u00a0\u00bb<\/p>\n<p>C\u2019est l\u2019avis aussi du r\u00e9seau M\u00e9diasCitoyens dont le pr\u00e9sident, Patrice Berger, a r\u00e9cemment demand\u00e9 un rendez-vous aux Minist\u00e8res de la Culture et de la Ville afin que la voix des dizaines de m\u00e9dias de proximit\u00e9 r\u00e9unis dans le r\u00e9seau puisse aider \u00e0 la mise en place d\u2019un dispositif \u00e9quilibr\u00e9 et p\u00e9renne au profit des m\u00e9dias et surtout des territoires et de leurs habitants. (Lire ci-dessous)<\/p>\n<p><strong>Rendez-vous aux Assises Internationales du Journalisme et de l\u2019Information<\/strong><\/p>\n<p>Les prochaines Assises Internationales du Journalisme et de l\u2019Information organis\u00e9es elles-aussi par J\u00e9r\u00f4me Bouvier devraient offrir une nouvelle \u00e9tape dans le processus vers un apr\u00e8s Epra. Le 6 novembre prochain, \u00e0 l\u2019Arsenal de Metz, elles proposent un atelier intitul\u00e9\u00a0: \u00ab\u00a0Cr\u00e9er une plateforme num\u00e9rique commune pour tous les m\u00e9dias de quartier ? Les m\u00e9dias de proximit\u00e9 d\u00e9finissent leurs projets\u00a0\u00bb qui invite tous les m\u00e9dias concern\u00e9s \u00e0 venir d\u00e9battre.<\/p>\n<p>L\u2019enjeu de ce d\u00e9bat sera de r\u00e9ussir \u00e0 imposer la n\u00e9cessit\u00e9 d\u2019une communication sociale de proximit\u00e9 au b\u00e9n\u00e9fice des territoires et de leurs habitants, dans le respect des comp\u00e9tences que chaque acteur peut apporter dans ce processus. L\u2019objectif est de continuer \u00e0 offrir une tribune aux th\u00e9matiques de la diversit\u00e9, une voix \u00e0 tous les sans-voix de notre nation . En prenant en compte toute l\u2019\u00e9tendue des possibles \u00e0 l\u2019heure du num\u00e9rique et de la d\u00e9mocratisation des processus m\u00e9diatiques qu\u2019ils soient radiophoniques, \u00e9crits ou audiovisuels, on peut aujourd\u2019hui imaginer d\u00e9velopper des processus d\u2019intelligence collective. Processus o\u00f9 chaque acteur de m\u00e9dia citoyens, o\u00f9 chaque acteur de la soci\u00e9t\u00e9 civile peut prendre une part constructive. A condition d\u2019accepter de d\u00e9passer les divergences sectorielles anachroniques, \u00e0 condition de s\u2019\u00e9lever au-dessus des carcans erratiques et stigmatisants depuis trop longtemps impos\u00e9s \u00e0 l\u2019action publique en faveur des territoires d\u00e9favoris\u00e9s. L\u2019apr\u00e8s Epra pourrait \u00eatre cela : \u00e0 la fois reflet et acteur des dynamiques en \u0153uvre dans les quartiers populaires et les zones oubli\u00e9es de la R\u00e9publique.<\/p>\n<p>Article par Thierry Borde de M\u00e9dias CItoyens<\/p>\n<ul>\n<li><a href=\"http:\/\/www.mediascitoyens.eu\/2013\/10\/lepra-et-apres\/\" target=\"_blank\">Vous pouvez retrouver l\u2019article original sur le site de M\u00e9dias CItoyens\u00a0<\/a><\/li>\n<\/ul>\n<!-- AddThis Advanced Settings generic via filter on the_content --><!-- AddThis Share Buttons generic via filter on the_content -->","protected":false},"excerpt":{"rendered":"<p>Le GIP EPRA est mort. Bel et bien. Continuer de r\u00e9clamer sa continuit\u00e9 ne peut \u00eatre qu\u2019une r\u00e9action affective de rejet de cette r\u00e9alit\u00e9. Attitude &hellip; <!-- AddThis Advanced Settings generic via filter on wp_trim_excerpt --><!-- AddThis Share Buttons generic via filter on wp_trim_excerpt --><\/p>\n","protected":false},"author":1,"featured_media":4840,"comment_status":"open","ping_status":"open","sticky":false,"template":"","format":"standard","meta":{"_FSMCFIC_featured_image_caption":"","_FSMCFIC_featured_image_nocaption":"","_FSMCFIC_featured_image_hide":"","footnotes":""},"categories":[8,6,2],"tags":[38,25,957,52,600,37],"class_list":["post-4818","post","type-post","status-publish","format-standard","has-post-thumbnail","hentry","category-france","category-politique","category-societe","tag-epra","tag-featuredpost","tag-medias-citoyens","tag-newsinpictures","tag-patrice-berger","tag-radio"],"yoast_head":"<!-- This site is optimized with the Yoast SEO plugin v22.8 - https:\/\/yoast.com\/wordpress\/plugins\/seo\/ -->\n<title>L&#039;EPRA, et apr\u00e8s ? - Lyon Bondy Blog<\/title>\n<meta name=\"robots\" content=\"index, follow, max-snippet:-1, max-image-preview:large, max-video-preview:-1\" \/>\n<link rel=\"canonical\" href=\"https:\/\/lyonbondyblog.fr\/LBB\/lepra-et-apres\/\" \/>\n<meta property=\"og:locale\" content=\"fr_FR\" \/>\n<meta property=\"og:type\" content=\"article\" \/>\n<meta property=\"og:title\" content=\"L&#039;EPRA, et apr\u00e8s ? - Lyon Bondy Blog\" \/>\n<meta property=\"og:description\" content=\"Le GIP EPRA est mort. Bel et bien. Continuer de r\u00e9clamer sa continuit\u00e9 ne peut \u00eatre qu\u2019une r\u00e9action affective de rejet de cette r\u00e9alit\u00e9. Attitude &hellip;\" \/>\n<meta property=\"og:url\" content=\"https:\/\/lyonbondyblog.fr\/LBB\/lepra-et-apres\/\" \/>\n<meta property=\"og:site_name\" content=\"Lyon Bondy Blog\" \/>\n<meta property=\"article:publisher\" content=\"https:\/\/www.facebook.com\/lyonbondyblog\" \/>\n<meta property=\"article:author\" content=\"https:\/\/www.facebook.com\/lyonbondyblog\" \/>\n<meta property=\"article:published_time\" content=\"2013-11-15T09:30:17+00:00\" \/>\n<meta property=\"article:modified_time\" content=\"2013-12-17T16:38:06+00:00\" \/>\n<meta property=\"og:image\" content=\"https:\/\/lyonbondyblog.fr\/LBB\/wp-content\/uploads\/2013\/11\/logo_epra.jpg\" \/>\n\t<meta property=\"og:image:width\" content=\"635\" \/>\n\t<meta property=\"og:image:height\" content=\"311\" \/>\n\t<meta property=\"og:image:type\" content=\"image\/jpeg\" \/>\n<meta name=\"author\" content=\"La r\u00e9daction\" \/>\n<meta name=\"twitter:card\" content=\"summary_large_image\" \/>\n<meta name=\"twitter:creator\" content=\"@BondyBlogLyon\" \/>\n<meta name=\"twitter:site\" content=\"@bondybloglyon\" \/>\n<script type=\"application\/ld+json\" class=\"yoast-schema-graph\">{\"@context\":\"https:\/\/schema.org\",\"@graph\":[{\"@type\":\"Article\",\"@id\":\"https:\/\/lyonbondyblog.fr\/LBB\/lepra-et-apres\/#article\",\"isPartOf\":{\"@id\":\"https:\/\/lyonbondyblog.fr\/LBB\/lepra-et-apres\/\"},\"author\":{\"name\":\"La r\u00e9daction\",\"@id\":\"https:\/\/lyonbondyblog.fr\/LBB\/#\/schema\/person\/e45f8d27baac75072daa0be50c409b25\"},\"headline\":\"L&rsquo;EPRA, et apr\u00e8s ?\",\"datePublished\":\"2013-11-15T09:30:17+00:00\",\"dateModified\":\"2013-12-17T16:38:06+00:00\",\"mainEntityOfPage\":{\"@id\":\"https:\/\/lyonbondyblog.fr\/LBB\/lepra-et-apres\/\"},\"wordCount\":1176,\"commentCount\":0,\"publisher\":{\"@id\":\"https:\/\/lyonbondyblog.fr\/LBB\/#organization\"},\"image\":{\"@id\":\"https:\/\/lyonbondyblog.fr\/LBB\/lepra-et-apres\/#primaryimage\"},\"thumbnailUrl\":\"https:\/\/lyonbondyblog.fr\/LBB\/wp-content\/uploads\/2013\/11\/logo_epra.jpg\",\"keywords\":[\"epra\",\"featuredpost\",\"M\u00e9dias Citoyens\",\"newsinpictures\",\"Patrice Berger\",\"radio\"],\"articleSection\":[\"France\",\"Politique\",\"Soci\u00e9t\u00e9\"],\"inLanguage\":\"fr-FR\",\"potentialAction\":[{\"@type\":\"CommentAction\",\"name\":\"Comment\",\"target\":[\"https:\/\/lyonbondyblog.fr\/LBB\/lepra-et-apres\/#respond\"]}]},{\"@type\":\"WebPage\",\"@id\":\"https:\/\/lyonbondyblog.fr\/LBB\/lepra-et-apres\/\",\"url\":\"https:\/\/lyonbondyblog.fr\/LBB\/lepra-et-apres\/\",\"name\":\"L'EPRA, et apr\u00e8s ? - Lyon Bondy Blog\",\"isPartOf\":{\"@id\":\"https:\/\/lyonbondyblog.fr\/LBB\/#website\"},\"primaryImageOfPage\":{\"@id\":\"https:\/\/lyonbondyblog.fr\/LBB\/lepra-et-apres\/#primaryimage\"},\"image\":{\"@id\":\"https:\/\/lyonbondyblog.fr\/LBB\/lepra-et-apres\/#primaryimage\"},\"thumbnailUrl\":\"https:\/\/lyonbondyblog.fr\/LBB\/wp-content\/uploads\/2013\/11\/logo_epra.jpg\",\"datePublished\":\"2013-11-15T09:30:17+00:00\",\"dateModified\":\"2013-12-17T16:38:06+00:00\",\"inLanguage\":\"fr-FR\",\"potentialAction\":[{\"@type\":\"ReadAction\",\"target\":[\"https:\/\/lyonbondyblog.fr\/LBB\/lepra-et-apres\/\"]}]},{\"@type\":\"ImageObject\",\"inLanguage\":\"fr-FR\",\"@id\":\"https:\/\/lyonbondyblog.fr\/LBB\/lepra-et-apres\/#primaryimage\",\"url\":\"https:\/\/lyonbondyblog.fr\/LBB\/wp-content\/uploads\/2013\/11\/logo_epra.jpg\",\"contentUrl\":\"https:\/\/lyonbondyblog.fr\/LBB\/wp-content\/uploads\/2013\/11\/logo_epra.jpg\",\"width\":635,\"height\":311},{\"@type\":\"WebSite\",\"@id\":\"https:\/\/lyonbondyblog.fr\/LBB\/#website\",\"url\":\"https:\/\/lyonbondyblog.fr\/LBB\/\",\"name\":\"Lyon Bondy Blog\",\"description\":\"\",\"publisher\":{\"@id\":\"https:\/\/lyonbondyblog.fr\/LBB\/#organization\"},\"potentialAction\":[{\"@type\":\"SearchAction\",\"target\":{\"@type\":\"EntryPoint\",\"urlTemplate\":\"https:\/\/lyonbondyblog.fr\/LBB\/?s={search_term_string}\"},\"query-input\":\"required name=search_term_string\"}],\"inLanguage\":\"fr-FR\"},{\"@type\":\"Organization\",\"@id\":\"https:\/\/lyonbondyblog.fr\/LBB\/#organization\",\"name\":\"LYON BONDY BLOG\",\"url\":\"https:\/\/lyonbondyblog.fr\/LBB\/\",\"logo\":{\"@type\":\"ImageObject\",\"inLanguage\":\"fr-FR\",\"@id\":\"https:\/\/lyonbondyblog.fr\/LBB\/#\/schema\/logo\/image\/\",\"url\":\"http:\/\/lyonbondyblog.fr\/LBB\/wp-content\/uploads\/2014\/10\/logo-portable-144.png\",\"contentUrl\":\"http:\/\/lyonbondyblog.fr\/LBB\/wp-content\/uploads\/2014\/10\/logo-portable-144.png\",\"width\":144,\"height\":123,\"caption\":\"LYON BONDY BLOG\"},\"image\":{\"@id\":\"https:\/\/lyonbondyblog.fr\/LBB\/#\/schema\/logo\/image\/\"},\"sameAs\":[\"https:\/\/www.facebook.com\/lyonbondyblog\",\"https:\/\/x.com\/bondybloglyon\"]},{\"@type\":\"Person\",\"@id\":\"https:\/\/lyonbondyblog.fr\/LBB\/#\/schema\/person\/e45f8d27baac75072daa0be50c409b25\",\"name\":\"La r\u00e9daction\",\"description\":\"Cr\u00e9e en 2008, la r\u00e9daction du Lyon Bondy Blog s'applique \u00e0 proposer une information locale diff\u00e9rente et compl\u00e9mentaire des m\u00e9dias traditionnels.\",\"sameAs\":[\"https:\/\/www.facebook.com\/lyonbondyblog\",\"https:\/\/x.com\/BondyBlogLyon\"],\"url\":\"https:\/\/lyonbondyblog.fr\/LBB\/author\/admin\/\"}]}<\/script>\n<!-- \/ Yoast SEO plugin. -->","yoast_head_json":{"title":"L'EPRA, et apr\u00e8s ? - Lyon Bondy Blog","robots":{"index":"index","follow":"follow","max-snippet":"max-snippet:-1","max-image-preview":"max-image-preview:large","max-video-preview":"max-video-preview:-1"},"canonical":"https:\/\/lyonbondyblog.fr\/LBB\/lepra-et-apres\/","og_locale":"fr_FR","og_type":"article","og_title":"L'EPRA, et apr\u00e8s ? - Lyon Bondy Blog","og_description":"Le GIP EPRA est mort. Bel et bien. Continuer de r\u00e9clamer sa continuit\u00e9 ne peut \u00eatre qu\u2019une r\u00e9action affective de rejet de cette r\u00e9alit\u00e9. Attitude &hellip;","og_url":"https:\/\/lyonbondyblog.fr\/LBB\/lepra-et-apres\/","og_site_name":"Lyon Bondy Blog","article_publisher":"https:\/\/www.facebook.com\/lyonbondyblog","article_author":"https:\/\/www.facebook.com\/lyonbondyblog","article_published_time":"2013-11-15T09:30:17+00:00","article_modified_time":"2013-12-17T16:38:06+00:00","og_image":[{"width":635,"height":311,"url":"https:\/\/lyonbondyblog.fr\/LBB\/wp-content\/uploads\/2013\/11\/logo_epra.jpg","type":"image\/jpeg"}],"author":"La r\u00e9daction","twitter_card":"summary_large_image","twitter_creator":"@BondyBlogLyon","twitter_site":"@bondybloglyon","schema":{"@context":"https:\/\/schema.org","@graph":[{"@type":"Article","@id":"https:\/\/lyonbondyblog.fr\/LBB\/lepra-et-apres\/#article","isPartOf":{"@id":"https:\/\/lyonbondyblog.fr\/LBB\/lepra-et-apres\/"},"author":{"name":"La r\u00e9daction","@id":"https:\/\/lyonbondyblog.fr\/LBB\/#\/schema\/person\/e45f8d27baac75072daa0be50c409b25"},"headline":"L&rsquo;EPRA, et apr\u00e8s ?","datePublished":"2013-11-15T09:30:17+00:00","dateModified":"2013-12-17T16:38:06+00:00","mainEntityOfPage":{"@id":"https:\/\/lyonbondyblog.fr\/LBB\/lepra-et-apres\/"},"wordCount":1176,"commentCount":0,"publisher":{"@id":"https:\/\/lyonbondyblog.fr\/LBB\/#organization"},"image":{"@id":"https:\/\/lyonbondyblog.fr\/LBB\/lepra-et-apres\/#primaryimage"},"thumbnailUrl":"https:\/\/lyonbondyblog.fr\/LBB\/wp-content\/uploads\/2013\/11\/logo_epra.jpg","keywords":["epra","featuredpost","M\u00e9dias Citoyens","newsinpictures","Patrice Berger","radio"],"articleSection":["France","Politique","Soci\u00e9t\u00e9"],"inLanguage":"fr-FR","potentialAction":[{"@type":"CommentAction","name":"Comment","target":["https:\/\/lyonbondyblog.fr\/LBB\/lepra-et-apres\/#respond"]}]},{"@type":"WebPage","@id":"https:\/\/lyonbondyblog.fr\/LBB\/lepra-et-apres\/","url":"https:\/\/lyonbondyblog.fr\/LBB\/lepra-et-apres\/","name":"L'EPRA, et apr\u00e8s ? - Lyon Bondy Blog","isPartOf":{"@id":"https:\/\/lyonbondyblog.fr\/LBB\/#website"},"primaryImageOfPage":{"@id":"https:\/\/lyonbondyblog.fr\/LBB\/lepra-et-apres\/#primaryimage"},"image":{"@id":"https:\/\/lyonbondyblog.fr\/LBB\/lepra-et-apres\/#primaryimage"},"thumbnailUrl":"https:\/\/lyonbondyblog.fr\/LBB\/wp-content\/uploads\/2013\/11\/logo_epra.jpg","datePublished":"2013-11-15T09:30:17+00:00","dateModified":"2013-12-17T16:38:06+00:00","inLanguage":"fr-FR","potentialAction":[{"@type":"ReadAction","target":["https:\/\/lyonbondyblog.fr\/LBB\/lepra-et-apres\/"]}]},{"@type":"ImageObject","inLanguage":"fr-FR","@id":"https:\/\/lyonbondyblog.fr\/LBB\/lepra-et-apres\/#primaryimage","url":"https:\/\/lyonbondyblog.fr\/LBB\/wp-content\/uploads\/2013\/11\/logo_epra.jpg","contentUrl":"https:\/\/lyonbondyblog.fr\/LBB\/wp-content\/uploads\/2013\/11\/logo_epra.jpg","width":635,"height":311},{"@type":"WebSite","@id":"https:\/\/lyonbondyblog.fr\/LBB\/#website","url":"https:\/\/lyonbondyblog.fr\/LBB\/","name":"Lyon Bondy Blog","description":"","publisher":{"@id":"https:\/\/lyonbondyblog.fr\/LBB\/#organization"},"potentialAction":[{"@type":"SearchAction","target":{"@type":"EntryPoint","urlTemplate":"https:\/\/lyonbondyblog.fr\/LBB\/?s={search_term_string}"},"query-input":"required name=search_term_string"}],"inLanguage":"fr-FR"},{"@type":"Organization","@id":"https:\/\/lyonbondyblog.fr\/LBB\/#organization","name":"LYON BONDY BLOG","url":"https:\/\/lyonbondyblog.fr\/LBB\/","logo":{"@type":"ImageObject","inLanguage":"fr-FR","@id":"https:\/\/lyonbondyblog.fr\/LBB\/#\/schema\/logo\/image\/","url":"http:\/\/lyonbondyblog.fr\/LBB\/wp-content\/uploads\/2014\/10\/logo-portable-144.png","contentUrl":"http:\/\/lyonbondyblog.fr\/LBB\/wp-content\/uploads\/2014\/10\/logo-portable-144.png","width":144,"height":123,"caption":"LYON BONDY BLOG"},"image":{"@id":"https:\/\/lyonbondyblog.fr\/LBB\/#\/schema\/logo\/image\/"},"sameAs":["https:\/\/www.facebook.com\/lyonbondyblog","https:\/\/x.com\/bondybloglyon"]},{"@type":"Person","@id":"https:\/\/lyonbondyblog.fr\/LBB\/#\/schema\/person\/e45f8d27baac75072daa0be50c409b25","name":"La r\u00e9daction","description":"Cr\u00e9e en 2008, la r\u00e9daction du Lyon Bondy Blog s'applique \u00e0 proposer une information locale diff\u00e9rente et compl\u00e9mentaire des m\u00e9dias traditionnels.","sameAs":["https:\/\/www.facebook.com\/lyonbondyblog","https:\/\/x.com\/BondyBlogLyon"],"url":"https:\/\/lyonbondyblog.fr\/LBB\/author\/admin\/"}]}},"_links":{"self":[{"href":"https:\/\/lyonbondyblog.fr\/LBB\/wp-json\/wp\/v2\/posts\/4818","targetHints":{"allow":["GET"]}}],"collection":[{"href":"https:\/\/lyonbondyblog.fr\/LBB\/wp-json\/wp\/v2\/posts"}],"about":[{"href":"https:\/\/lyonbondyblog.fr\/LBB\/wp-json\/wp\/v2\/types\/post"}],"author":[{"embeddable":true,"href":"https:\/\/lyonbondyblog.fr\/LBB\/wp-json\/wp\/v2\/users\/1"}],"replies":[{"embeddable":true,"href":"https:\/\/lyonbondyblog.fr\/LBB\/wp-json\/wp\/v2\/comments?post=4818"}],"version-history":[{"count":0,"href":"https:\/\/lyonbondyblog.fr\/LBB\/wp-json\/wp\/v2\/posts\/4818\/revisions"}],"wp:featuredmedia":[{"embeddable":true,"href":"https:\/\/lyonbondyblog.fr\/LBB\/wp-json\/wp\/v2\/media\/4840"}],"wp:attachment":[{"href":"https:\/\/lyonbondyblog.fr\/LBB\/wp-json\/wp\/v2\/media?parent=4818"}],"wp:term":[{"taxonomy":"category","embeddable":true,"href":"https:\/\/lyonbondyblog.fr\/LBB\/wp-json\/wp\/v2\/categories?post=4818"},{"taxonomy":"post_tag","embeddable":true,"href":"https:\/\/lyonbondyblog.fr\/LBB\/wp-json\/wp\/v2\/tags?post=4818"}],"curies":[{"name":"wp","href":"https:\/\/api.w.org\/{rel}","templated":true}]}}