{"id":4809,"date":"2013-11-14T11:00:51","date_gmt":"2013-11-14T10:00:51","guid":{"rendered":"http:\/\/lyonbondyblog.fr\/LBB\/?p=4809"},"modified":"2013-12-22T19:22:06","modified_gmt":"2013-12-22T18:22:06","slug":"un-boulevard-pour-rue-des-cites","status":"publish","type":"post","link":"https:\/\/lyonbondyblog.fr\/LBB\/un-boulevard-pour-rue-des-cites\/","title":{"rendered":"Un Boulevard pour \u00ab rue des cit\u00e9s \u00bb"},"content":{"rendered":"<p><strong>Une chronique de David sur le film \u00ab\u00a0Rue des cit\u00e9s\u00a0\u00bb, dont le LBB et le cin\u00e9ma le Zola de Villeurbanne organisaient une cin\u00e9 conf\u00e9rence le mois dernier.<\/strong><\/p>\n<p><img loading=\"lazy\" decoding=\"async\" width=\"300\" height=\"131\" class=\"alignleft size-medium wp-image-4812\" alt=\"rue_des_cites\" src=\"https:\/\/lyonbondyblog.fr\/LBB\/wp-content\/uploads\/2013\/11\/rue_des_cites-300x131.jpg\" srcset=\"https:\/\/lyonbondyblog.fr\/LBB\/wp-content\/uploads\/2013\/11\/rue_des_cites-300x131.jpg 300w, https:\/\/lyonbondyblog.fr\/LBB\/wp-content\/uploads\/2013\/11\/rue_des_cites-940x413.jpg 940w, https:\/\/lyonbondyblog.fr\/LBB\/wp-content\/uploads\/2013\/11\/rue_des_cites.jpg 964w\" sizes=\"auto, (max-width: 300px) 100vw, 300px\" \/>L\u2019image noire et blanche nous plonge directement dans les blocs en b\u00e9ton. Cela n\u2019enl\u00e8ve rien aux couleurs des dialogues, et d\u2019une invitation \u00e0 un p\u00e9riple. Le parti pris du noir et blanc donne l\u2019impression d\u2019\u00eatre aussi bien en banlieue parisienne, lyonnaise ou marseillaise.\u00a0 Le sc\u00e9nario embo\u00eete le pas de Adilse, et son \u00ab\u00a0Srab\u00a0\u00bb, son pote Mimid. Les deux cherchent le grand-p\u00e8re du premier. Comme un retour aux sources, leur trajet extra-muros, d\u00e9roule aussi les mots des r\u00e9sidents de leur cit\u00e9. Nos comp\u00e8res sont en recherche, mais ne semblent pas perdus pour autant, en passant par la rue des cit\u00e9s \u00e0\u00a0 Aubervilliers.<\/p>\n<p>On bascule de l\u2019univers de la fiction \u00e0 celui du documentaire, sur des cadres differents, mais tous reli\u00e9s. Les deux focus s\u2019entrelacent, se coupent, se croisent sans sursaut d\u2019image durant la projection. Le pari de tien bon et entra\u00eene le spectateur d\u2019un plan \u00e0 l\u2019autre sans rupture. Une galerie de portraits fait l\u2019histoire de la journ\u00e9e dans la cit\u00e9, en m\u00eame temps que le quartier se laisse raconter par ceux qui y s\u00e9journent.<\/p>\n<p>Aucun poncif sur les ensembles urbains, hormis le gris du b\u00e9ton. Pas bagarre avec la police, pas voiture qui br\u00fble, pas de deale bizarre, ni de violence gratuite, ou encore de dialogues de d\u00e9c\u00e9r\u00e9br\u00e9s. Ce n\u2019est pourtant pas faute de soutien puisque l\u2019inspiration de ce film est n\u00e9e d\u2019un reportage bidonn\u00e9 par les cam\u00e9ras du \u00ab\u00a0s\u00e9vices public\u00a0\u00bb. Bidon, vous avez bidon\u00a0? Et oui, non seulement nous n\u2019avons pas de p\u00e9trole, mais plus de bonnes id\u00e9es \u00e0 mettre dans le bidon. Ou comment France 2 veut couper la France en deux\u2026 Il serait fort de dire pour autant, que les r\u00e9alisateurs, Carine May et Hakim Zouhani lui soient redevables, en plus de la redevance t\u00e9l\u00e9visuelle. Une heure et huit minutes o\u00f9 seuls les vingt-quatre clich\u00e9s par secondes projettent l\u2019histoire de vingt quatre heures.<\/p>\n<p>La mise en perspective est nouvelle, et gageons que tous les acteurs, qu\u2019ils soient dans le champs ou pas, de ses quatre mille quatre secondes, retrouverons le chemin des \u00e9crans pour notre plus grand plaisir.<\/p>\n<p>Un grand bravo aussi au slameur, sur la fin, qui d\u00e9coche des vers sur son quartier, fa\u00e7on Ulysse de retour \u00e0 Ytaque, c\u2019est rythm\u00e9, percutant, concis, pr\u00e9cis, droit au but, sans chi chi, ni tralala. On en prend plein les oreilles. Il y a un ton et de l\u2019image dans ce moyen m\u00e9trage. Pour une fois, la salle obscure nous \u00e9claire un nouveau regard sur la cit\u00e9.<\/p>\n<p>En un mot, il faut se ruer sans c\u00e9cit\u00e9 dans la \u00ab\u00a0rue des cit\u00e9s\u00a0\u00bb.<\/p>\n<!-- AddThis Advanced Settings generic via filter on the_content --><!-- AddThis Share Buttons generic via filter on the_content -->","protected":false},"excerpt":{"rendered":"<p>Une chronique de David sur le film \u00ab\u00a0Rue des cit\u00e9s\u00a0\u00bb, dont le LBB et le cin\u00e9ma le Zola de Villeurbanne organisaient une cin\u00e9 conf\u00e9rence le &hellip; <!-- AddThis Advanced Settings generic via filter on wp_trim_excerpt --><!-- AddThis Share Buttons generic via filter on wp_trim_excerpt --><\/p>\n","protected":false},"author":6,"featured_media":4812,"comment_status":"open","ping_status":"open","sticky":false,"template":"","format":"standard","meta":{"_FSMCFIC_featured_image_caption":"","_FSMCFIC_featured_image_nocaption":"","_FSMCFIC_featured_image_hide":"","footnotes":""},"categories":[3,4],"tags":[687,12,97,927,11,135,10,556,128],"class_list":["post-4809","post","type-post","status-publish","format-standard","has-post-thumbnail","hentry","category-culture","category-lyon","tag-banlieue","tag-chronique","tag-cinema","tag-documentaire","tag-france-2","tag-lbb","tag-lyon-2","tag-quartier","tag-villeurbanne"],"yoast_head":"<!-- This site is optimized with the Yoast SEO plugin v22.8 - https:\/\/yoast.com\/wordpress\/plugins\/seo\/ -->\n<title>Un Boulevard pour \u00ab rue des cit\u00e9s \u00bb - Lyon Bondy Blog<\/title>\n<meta name=\"robots\" content=\"index, follow, max-snippet:-1, max-image-preview:large, max-video-preview:-1\" \/>\n<link rel=\"canonical\" href=\"https:\/\/lyonbondyblog.fr\/LBB\/un-boulevard-pour-rue-des-cites\/\" \/>\n<meta property=\"og:locale\" content=\"fr_FR\" \/>\n<meta property=\"og:type\" content=\"article\" \/>\n<meta property=\"og:title\" content=\"Un Boulevard pour \u00ab rue des cit\u00e9s \u00bb - Lyon Bondy Blog\" \/>\n<meta property=\"og:description\" content=\"Une chronique de David sur le film \u00ab\u00a0Rue des cit\u00e9s\u00a0\u00bb, dont le LBB et le cin\u00e9ma le Zola de Villeurbanne organisaient une cin\u00e9 conf\u00e9rence le &hellip;\" \/>\n<meta property=\"og:url\" content=\"https:\/\/lyonbondyblog.fr\/LBB\/un-boulevard-pour-rue-des-cites\/\" \/>\n<meta property=\"og:site_name\" content=\"Lyon Bondy Blog\" \/>\n<meta property=\"article:publisher\" content=\"https:\/\/www.facebook.com\/lyonbondyblog\" \/>\n<meta property=\"article:published_time\" content=\"2013-11-14T10:00:51+00:00\" \/>\n<meta property=\"article:modified_time\" content=\"2013-12-22T18:22:06+00:00\" \/>\n<meta property=\"og:image\" content=\"https:\/\/lyonbondyblog.fr\/LBB\/wp-content\/uploads\/2013\/11\/rue_des_cites.jpg\" \/>\n\t<meta property=\"og:image:width\" content=\"964\" \/>\n\t<meta property=\"og:image:height\" content=\"424\" \/>\n\t<meta property=\"og:image:type\" content=\"image\/jpeg\" \/>\n<meta name=\"author\" content=\"David Vallat\" \/>\n<meta name=\"twitter:card\" content=\"summary_large_image\" \/>\n<meta name=\"twitter:creator\" content=\"@bondybloglyon\" \/>\n<meta name=\"twitter:site\" content=\"@bondybloglyon\" \/>\n<script type=\"application\/ld+json\" class=\"yoast-schema-graph\">{\"@context\":\"https:\/\/schema.org\",\"@graph\":[{\"@type\":\"Article\",\"@id\":\"https:\/\/lyonbondyblog.fr\/LBB\/un-boulevard-pour-rue-des-cites\/#article\",\"isPartOf\":{\"@id\":\"https:\/\/lyonbondyblog.fr\/LBB\/un-boulevard-pour-rue-des-cites\/\"},\"author\":{\"name\":\"David Vallat\",\"@id\":\"https:\/\/lyonbondyblog.fr\/LBB\/#\/schema\/person\/e05da4b37301ee95bd3ea4b83193b100\"},\"headline\":\"Un Boulevard pour \u00ab rue des cit\u00e9s \u00bb\",\"datePublished\":\"2013-11-14T10:00:51+00:00\",\"dateModified\":\"2013-12-22T18:22:06+00:00\",\"mainEntityOfPage\":{\"@id\":\"https:\/\/lyonbondyblog.fr\/LBB\/un-boulevard-pour-rue-des-cites\/\"},\"wordCount\":507,\"commentCount\":0,\"publisher\":{\"@id\":\"https:\/\/lyonbondyblog.fr\/LBB\/#organization\"},\"image\":{\"@id\":\"https:\/\/lyonbondyblog.fr\/LBB\/un-boulevard-pour-rue-des-cites\/#primaryimage\"},\"thumbnailUrl\":\"https:\/\/lyonbondyblog.fr\/LBB\/wp-content\/uploads\/2013\/11\/rue_des_cites.jpg\",\"keywords\":[\"banlieue\",\"chronique\",\"Cin\u00e9ma\",\"documentaire\",\"france\",\"LBB\",\"lyon\",\"quartier\",\"Villeurbanne\"],\"articleSection\":[\"Culture\",\"Lyon\"],\"inLanguage\":\"fr-FR\",\"potentialAction\":[{\"@type\":\"CommentAction\",\"name\":\"Comment\",\"target\":[\"https:\/\/lyonbondyblog.fr\/LBB\/un-boulevard-pour-rue-des-cites\/#respond\"]}]},{\"@type\":\"WebPage\",\"@id\":\"https:\/\/lyonbondyblog.fr\/LBB\/un-boulevard-pour-rue-des-cites\/\",\"url\":\"https:\/\/lyonbondyblog.fr\/LBB\/un-boulevard-pour-rue-des-cites\/\",\"name\":\"Un Boulevard pour \u00ab rue des cit\u00e9s \u00bb - Lyon Bondy Blog\",\"isPartOf\":{\"@id\":\"https:\/\/lyonbondyblog.fr\/LBB\/#website\"},\"primaryImageOfPage\":{\"@id\":\"https:\/\/lyonbondyblog.fr\/LBB\/un-boulevard-pour-rue-des-cites\/#primaryimage\"},\"image\":{\"@id\":\"https:\/\/lyonbondyblog.fr\/LBB\/un-boulevard-pour-rue-des-cites\/#primaryimage\"},\"thumbnailUrl\":\"https:\/\/lyonbondyblog.fr\/LBB\/wp-content\/uploads\/2013\/11\/rue_des_cites.jpg\",\"datePublished\":\"2013-11-14T10:00:51+00:00\",\"dateModified\":\"2013-12-22T18:22:06+00:00\",\"inLanguage\":\"fr-FR\",\"potentialAction\":[{\"@type\":\"ReadAction\",\"target\":[\"https:\/\/lyonbondyblog.fr\/LBB\/un-boulevard-pour-rue-des-cites\/\"]}]},{\"@type\":\"ImageObject\",\"inLanguage\":\"fr-FR\",\"@id\":\"https:\/\/lyonbondyblog.fr\/LBB\/un-boulevard-pour-rue-des-cites\/#primaryimage\",\"url\":\"https:\/\/lyonbondyblog.fr\/LBB\/wp-content\/uploads\/2013\/11\/rue_des_cites.jpg\",\"contentUrl\":\"https:\/\/lyonbondyblog.fr\/LBB\/wp-content\/uploads\/2013\/11\/rue_des_cites.jpg\",\"width\":964,\"height\":424},{\"@type\":\"WebSite\",\"@id\":\"https:\/\/lyonbondyblog.fr\/LBB\/#website\",\"url\":\"https:\/\/lyonbondyblog.fr\/LBB\/\",\"name\":\"Lyon Bondy Blog\",\"description\":\"\",\"publisher\":{\"@id\":\"https:\/\/lyonbondyblog.fr\/LBB\/#organization\"},\"potentialAction\":[{\"@type\":\"SearchAction\",\"target\":{\"@type\":\"EntryPoint\",\"urlTemplate\":\"https:\/\/lyonbondyblog.fr\/LBB\/?s={search_term_string}\"},\"query-input\":\"required name=search_term_string\"}],\"inLanguage\":\"fr-FR\"},{\"@type\":\"Organization\",\"@id\":\"https:\/\/lyonbondyblog.fr\/LBB\/#organization\",\"name\":\"LYON BONDY BLOG\",\"url\":\"https:\/\/lyonbondyblog.fr\/LBB\/\",\"logo\":{\"@type\":\"ImageObject\",\"inLanguage\":\"fr-FR\",\"@id\":\"https:\/\/lyonbondyblog.fr\/LBB\/#\/schema\/logo\/image\/\",\"url\":\"http:\/\/lyonbondyblog.fr\/LBB\/wp-content\/uploads\/2014\/10\/logo-portable-144.png\",\"contentUrl\":\"http:\/\/lyonbondyblog.fr\/LBB\/wp-content\/uploads\/2014\/10\/logo-portable-144.png\",\"width\":144,\"height\":123,\"caption\":\"LYON BONDY BLOG\"},\"image\":{\"@id\":\"https:\/\/lyonbondyblog.fr\/LBB\/#\/schema\/logo\/image\/\"},\"sameAs\":[\"https:\/\/www.facebook.com\/lyonbondyblog\",\"https:\/\/x.com\/bondybloglyon\"]},{\"@type\":\"Person\",\"@id\":\"https:\/\/lyonbondyblog.fr\/LBB\/#\/schema\/person\/e05da4b37301ee95bd3ea4b83193b100\",\"name\":\"David Vallat\",\"description\":\"J\u2019ai d\u00e9j\u00e0 \u00e9t\u00e9 manutentionnaire, pr\u00e9parateur de commande, soudeur, m\u00e9tallier, d\u00e9panneur, serrurier, \u00e9boueur, administrateur des ventes export, d\u00e9m\u00e9nageur, n\u00e9gociateur immobilier, m\u00e9treur dans le b\u00e2timent, fleuriste, k\u00e9babiste, d\u00e9mineur, agent d\u2019entretien, figurant pour des courts m\u00e9trage, carrossier peintre, m\u00e9canicien auto, consultant en explosif pour le cin\u00e9ma, chasseur alpin au 159 de Brian\u00e7on, peintre en b\u00e2timent, formateur sur armes l\u00e9g\u00e8res et fusils d\u2019assauts, pointeur mortier lourd, poseur de charpentes m\u00e9talliques, restaurateur, conseiller juridique, gr\u00e9viste de la faim, arbitre d\u2019\u00e9preuve pour le brevet de moniteur de ski, comptable dans une association de malfaiteur, traducteur anglais arabe, \u00e9crivain public, \u00e9lagueur pour l\u2019office national des forets, n\u00e9gociant en mat\u00e9riel de toutes sortes, chef de chantier, conducteur de travaux. (Liste non exhaustive). Au Lyon Bondy Blog depuis mars 2012. Ma devise serait : \u00ab Mieux vaut passer pour un ignorant, mais ne pas le rester, plut\u00f4t que de le cacher, et continuer \u00e0 l\u2019\u00eatre. \u00bb\",\"url\":\"https:\/\/lyonbondyblog.fr\/LBB\/author\/david\/\"}]}<\/script>\n<!-- \/ Yoast SEO plugin. -->","yoast_head_json":{"title":"Un Boulevard pour \u00ab rue des cit\u00e9s \u00bb - Lyon Bondy Blog","robots":{"index":"index","follow":"follow","max-snippet":"max-snippet:-1","max-image-preview":"max-image-preview:large","max-video-preview":"max-video-preview:-1"},"canonical":"https:\/\/lyonbondyblog.fr\/LBB\/un-boulevard-pour-rue-des-cites\/","og_locale":"fr_FR","og_type":"article","og_title":"Un Boulevard pour \u00ab rue des cit\u00e9s \u00bb - Lyon Bondy Blog","og_description":"Une chronique de David sur le film \u00ab\u00a0Rue des cit\u00e9s\u00a0\u00bb, dont le LBB et le cin\u00e9ma le Zola de Villeurbanne organisaient une cin\u00e9 conf\u00e9rence le &hellip;","og_url":"https:\/\/lyonbondyblog.fr\/LBB\/un-boulevard-pour-rue-des-cites\/","og_site_name":"Lyon Bondy Blog","article_publisher":"https:\/\/www.facebook.com\/lyonbondyblog","article_published_time":"2013-11-14T10:00:51+00:00","article_modified_time":"2013-12-22T18:22:06+00:00","og_image":[{"width":964,"height":424,"url":"https:\/\/lyonbondyblog.fr\/LBB\/wp-content\/uploads\/2013\/11\/rue_des_cites.jpg","type":"image\/jpeg"}],"author":"David Vallat","twitter_card":"summary_large_image","twitter_creator":"@bondybloglyon","twitter_site":"@bondybloglyon","schema":{"@context":"https:\/\/schema.org","@graph":[{"@type":"Article","@id":"https:\/\/lyonbondyblog.fr\/LBB\/un-boulevard-pour-rue-des-cites\/#article","isPartOf":{"@id":"https:\/\/lyonbondyblog.fr\/LBB\/un-boulevard-pour-rue-des-cites\/"},"author":{"name":"David Vallat","@id":"https:\/\/lyonbondyblog.fr\/LBB\/#\/schema\/person\/e05da4b37301ee95bd3ea4b83193b100"},"headline":"Un Boulevard pour \u00ab rue des cit\u00e9s \u00bb","datePublished":"2013-11-14T10:00:51+00:00","dateModified":"2013-12-22T18:22:06+00:00","mainEntityOfPage":{"@id":"https:\/\/lyonbondyblog.fr\/LBB\/un-boulevard-pour-rue-des-cites\/"},"wordCount":507,"commentCount":0,"publisher":{"@id":"https:\/\/lyonbondyblog.fr\/LBB\/#organization"},"image":{"@id":"https:\/\/lyonbondyblog.fr\/LBB\/un-boulevard-pour-rue-des-cites\/#primaryimage"},"thumbnailUrl":"https:\/\/lyonbondyblog.fr\/LBB\/wp-content\/uploads\/2013\/11\/rue_des_cites.jpg","keywords":["banlieue","chronique","Cin\u00e9ma","documentaire","france","LBB","lyon","quartier","Villeurbanne"],"articleSection":["Culture","Lyon"],"inLanguage":"fr-FR","potentialAction":[{"@type":"CommentAction","name":"Comment","target":["https:\/\/lyonbondyblog.fr\/LBB\/un-boulevard-pour-rue-des-cites\/#respond"]}]},{"@type":"WebPage","@id":"https:\/\/lyonbondyblog.fr\/LBB\/un-boulevard-pour-rue-des-cites\/","url":"https:\/\/lyonbondyblog.fr\/LBB\/un-boulevard-pour-rue-des-cites\/","name":"Un Boulevard pour \u00ab rue des cit\u00e9s \u00bb - Lyon Bondy Blog","isPartOf":{"@id":"https:\/\/lyonbondyblog.fr\/LBB\/#website"},"primaryImageOfPage":{"@id":"https:\/\/lyonbondyblog.fr\/LBB\/un-boulevard-pour-rue-des-cites\/#primaryimage"},"image":{"@id":"https:\/\/lyonbondyblog.fr\/LBB\/un-boulevard-pour-rue-des-cites\/#primaryimage"},"thumbnailUrl":"https:\/\/lyonbondyblog.fr\/LBB\/wp-content\/uploads\/2013\/11\/rue_des_cites.jpg","datePublished":"2013-11-14T10:00:51+00:00","dateModified":"2013-12-22T18:22:06+00:00","inLanguage":"fr-FR","potentialAction":[{"@type":"ReadAction","target":["https:\/\/lyonbondyblog.fr\/LBB\/un-boulevard-pour-rue-des-cites\/"]}]},{"@type":"ImageObject","inLanguage":"fr-FR","@id":"https:\/\/lyonbondyblog.fr\/LBB\/un-boulevard-pour-rue-des-cites\/#primaryimage","url":"https:\/\/lyonbondyblog.fr\/LBB\/wp-content\/uploads\/2013\/11\/rue_des_cites.jpg","contentUrl":"https:\/\/lyonbondyblog.fr\/LBB\/wp-content\/uploads\/2013\/11\/rue_des_cites.jpg","width":964,"height":424},{"@type":"WebSite","@id":"https:\/\/lyonbondyblog.fr\/LBB\/#website","url":"https:\/\/lyonbondyblog.fr\/LBB\/","name":"Lyon Bondy Blog","description":"","publisher":{"@id":"https:\/\/lyonbondyblog.fr\/LBB\/#organization"},"potentialAction":[{"@type":"SearchAction","target":{"@type":"EntryPoint","urlTemplate":"https:\/\/lyonbondyblog.fr\/LBB\/?s={search_term_string}"},"query-input":"required name=search_term_string"}],"inLanguage":"fr-FR"},{"@type":"Organization","@id":"https:\/\/lyonbondyblog.fr\/LBB\/#organization","name":"LYON BONDY BLOG","url":"https:\/\/lyonbondyblog.fr\/LBB\/","logo":{"@type":"ImageObject","inLanguage":"fr-FR","@id":"https:\/\/lyonbondyblog.fr\/LBB\/#\/schema\/logo\/image\/","url":"http:\/\/lyonbondyblog.fr\/LBB\/wp-content\/uploads\/2014\/10\/logo-portable-144.png","contentUrl":"http:\/\/lyonbondyblog.fr\/LBB\/wp-content\/uploads\/2014\/10\/logo-portable-144.png","width":144,"height":123,"caption":"LYON BONDY BLOG"},"image":{"@id":"https:\/\/lyonbondyblog.fr\/LBB\/#\/schema\/logo\/image\/"},"sameAs":["https:\/\/www.facebook.com\/lyonbondyblog","https:\/\/x.com\/bondybloglyon"]},{"@type":"Person","@id":"https:\/\/lyonbondyblog.fr\/LBB\/#\/schema\/person\/e05da4b37301ee95bd3ea4b83193b100","name":"David Vallat","description":"J\u2019ai d\u00e9j\u00e0 \u00e9t\u00e9 manutentionnaire, pr\u00e9parateur de commande, soudeur, m\u00e9tallier, d\u00e9panneur, serrurier, \u00e9boueur, administrateur des ventes export, d\u00e9m\u00e9nageur, n\u00e9gociateur immobilier, m\u00e9treur dans le b\u00e2timent, fleuriste, k\u00e9babiste, d\u00e9mineur, agent d\u2019entretien, figurant pour des courts m\u00e9trage, carrossier peintre, m\u00e9canicien auto, consultant en explosif pour le cin\u00e9ma, chasseur alpin au 159 de Brian\u00e7on, peintre en b\u00e2timent, formateur sur armes l\u00e9g\u00e8res et fusils d\u2019assauts, pointeur mortier lourd, poseur de charpentes m\u00e9talliques, restaurateur, conseiller juridique, gr\u00e9viste de la faim, arbitre d\u2019\u00e9preuve pour le brevet de moniteur de ski, comptable dans une association de malfaiteur, traducteur anglais arabe, \u00e9crivain public, \u00e9lagueur pour l\u2019office national des forets, n\u00e9gociant en mat\u00e9riel de toutes sortes, chef de chantier, conducteur de travaux. (Liste non exhaustive). Au Lyon Bondy Blog depuis mars 2012. Ma devise serait : \u00ab Mieux vaut passer pour un ignorant, mais ne pas le rester, plut\u00f4t que de le cacher, et continuer \u00e0 l\u2019\u00eatre. \u00bb","url":"https:\/\/lyonbondyblog.fr\/LBB\/author\/david\/"}]}},"_links":{"self":[{"href":"https:\/\/lyonbondyblog.fr\/LBB\/wp-json\/wp\/v2\/posts\/4809","targetHints":{"allow":["GET"]}}],"collection":[{"href":"https:\/\/lyonbondyblog.fr\/LBB\/wp-json\/wp\/v2\/posts"}],"about":[{"href":"https:\/\/lyonbondyblog.fr\/LBB\/wp-json\/wp\/v2\/types\/post"}],"author":[{"embeddable":true,"href":"https:\/\/lyonbondyblog.fr\/LBB\/wp-json\/wp\/v2\/users\/6"}],"replies":[{"embeddable":true,"href":"https:\/\/lyonbondyblog.fr\/LBB\/wp-json\/wp\/v2\/comments?post=4809"}],"version-history":[{"count":0,"href":"https:\/\/lyonbondyblog.fr\/LBB\/wp-json\/wp\/v2\/posts\/4809\/revisions"}],"wp:featuredmedia":[{"embeddable":true,"href":"https:\/\/lyonbondyblog.fr\/LBB\/wp-json\/wp\/v2\/media\/4812"}],"wp:attachment":[{"href":"https:\/\/lyonbondyblog.fr\/LBB\/wp-json\/wp\/v2\/media?parent=4809"}],"wp:term":[{"taxonomy":"category","embeddable":true,"href":"https:\/\/lyonbondyblog.fr\/LBB\/wp-json\/wp\/v2\/categories?post=4809"},{"taxonomy":"post_tag","embeddable":true,"href":"https:\/\/lyonbondyblog.fr\/LBB\/wp-json\/wp\/v2\/tags?post=4809"}],"curies":[{"name":"wp","href":"https:\/\/api.w.org\/{rel}","templated":true}]}}