{"id":4291,"date":"2013-10-04T16:54:13","date_gmt":"2013-10-04T14:54:13","guid":{"rendered":"http:\/\/lyonbondyblog.fr\/LBB\/?p=4291"},"modified":"2013-11-25T17:37:25","modified_gmt":"2013-11-25T16:37:25","slug":"rohff-le-padre-est-de-retour","status":"publish","type":"post","link":"https:\/\/lyonbondyblog.fr\/LBB\/rohff-le-padre-est-de-retour\/","title":{"rendered":"Rohff : Le Padre est de retour !"},"content":{"rendered":"<p><strong>La discr\u00e9tion du rappeur de Vitry intriguait. Apr\u00e8s le dernier opus La Cuenta en 2010 certifi\u00e9 disque d\u2019or, on ne le voyait plus que lors des clashs. Mais il revient avec le double album PDRG tr\u00e8s attendu qui affole d\u00e9j\u00e0 les t\u00e9l\u00e9chargements. Les jeunes fans lyonnais ont r\u00e9agi pour Lyon Bondy Blog. \u00a0\u00a0\u00a0<\/strong><\/p>\n<p><img loading=\"lazy\" decoding=\"async\" width=\"282\" height=\"279\" class=\"alignleft size-full wp-image-4292\" alt=\"rohff3\" src=\"https:\/\/lyonbondyblog.fr\/LBB\/wp-content\/uploads\/2013\/10\/rohff3.png\" srcset=\"https:\/\/lyonbondyblog.fr\/LBB\/wp-content\/uploads\/2013\/10\/rohff3.png 282w, https:\/\/lyonbondyblog.fr\/LBB\/wp-content\/uploads\/2013\/10\/rohff3-50x50.png 50w\" sizes=\"auto, (max-width: 282px) 100vw, 282px\" \/><\/p>\n<p>Rohff de son vrai nom Housni Mkouboi est un ph\u00e9nom\u00e8ne qui n\u2019a plus \u00ab\u00a0rien \u00e0 prouver\u00a0\u00bb au vu des six albums sortis au cours d\u2019une carri\u00e8re d\u00e9but\u00e9e il y a presque vingt ans. Dans une interview donn\u00e9e au blog d\u2019Olivier Cachin sur Metronews.fr, il s\u2019expliquait sur la raison de cette attente qui a fait tant parler\u00a0:<\/p>\n<blockquote><p><i>\u00ab\u00a0J&rsquo;ai d\u00fb prendre le temps de trouver le bon label pour les sortir, puisque je n&rsquo;avais plus de contrat chez Hostile. Il m&rsquo;a fallu deux ans pour prendre du recul sur mon travail.\u00bb<\/i><\/p><\/blockquote>\n<p>Le rappeur de Vitry\u00a0 n\u2019\u00e9tait cependant pas pass\u00e9 inaper\u00e7u l\u2019automne dernier avec le clash\u00a0 l\u2019opposant \u00e0 Booba et impliquant par la suite La Fouine. L\u2019affaire allait agacer ou amuser au fil des mois. En Mars 2013, le magazine Technikart lui donnait : <i>\u00ab La palme du plus gros buzz de 2012-2013. Une histoire sans fin et tellement affligeante qu\u2019elle confine au sublime.\u00a0\u00bb<\/i><\/p>\n<p>Il fallait pourtant retourner \u00e0 l\u2019essentiel. Et l\u2019annonce de la sortie de PDRG (Pouvoir Danger Respect et Game) pour Juin 2013 sign\u00e9 chez Warner Music avec son nouveau label Foolek Empire rassurait vite les plus fervents supporters.<\/p>\n<p>K-SOS Music avec un clip \u00e0 la hauteur des moyens lan\u00e7ait PDRG. Mais la sortie de l\u2019album fut repouss\u00e9e jusqu\u2019\u00e0 Septembre 2013 ce qui causait un certain d\u00e9sarroi. Rohff consid\u00e9rait de son c\u00f4t\u00e9 que <i>\u00ab\u00a0promouvoir son album pendant le ramadan \u00e9tait malsain\u00a0\u00bb.<\/i><\/p>\n<p>En septembre, le public d\u00e9couvrait le titre \u00ab\u00a0Dounia\u00a0\u00bb \u00a0teint\u00e9 de spiritualit\u00e9.<\/p>\n<p>\u00ab\u00a0J\u2019acc\u00e9l\u00e8re \u00bb o\u00f9 les Ferrari et les belles femmes ont la part belle dans le clip est une mani\u00e8re de tourner la page des clashs\u00a0: <i>\u00ab\u00a0Comme je le dis dans ma chanson, j&rsquo;ai bien d&rsquo;autres choses \u00e0 faire.\u00bb<\/i><\/p>\n<p><b>Retour en gr\u00e2ce\u00a0commercial\u00a0? \u00a0\u00a0<\/b><\/p>\n<p>Au Lyc\u00e9e Jacques Brel \u00e0 V\u00e9nissieux, les sons de Rohff sont d\u00e9j\u00e0 dans les \u00e9couteurs<\/p>\n<table style=\"border-color: #000000; border-width: 10px; ; width: 180px;\" border=\"10\" align=\"right\">\n<tbody>\n<tr>\n<td>Discographie1999\u00a0: <a title=\"Le Code de l'honneur\" href=\"http:\/\/fr.wikipedia.org\/wiki\/Le_Code_de_l%27honneur\">Le Code de l&rsquo;honneur<\/a><\/p>\n<p>2001\u00a0: <a title=\"La Vie avant la mort\" href=\"http:\/\/fr.wikipedia.org\/wiki\/La_Vie_avant_la_mort\">La Vie avant la mort<\/a><\/p>\n<p>2004\u00a0: <a title=\"La Fiert\u00e9 des n\u00f4tres\" href=\"http:\/\/fr.wikipedia.org\/wiki\/La_Fiert%C3%A9_des_n%C3%B4tres\">La Fiert\u00e9 des n\u00f4tres<\/a><\/p>\n<p>2005\u00a0: <a title=\"Au-del\u00e0 de mes limites\" href=\"http:\/\/fr.wikipedia.org\/wiki\/Au-del%C3%A0_de_mes_limites\">Au-del\u00e0 de mes limites<\/a><\/p>\n<p>2008\u00a0: <a title=\"Le Code de l'horreur\" href=\"http:\/\/fr.wikipedia.org\/wiki\/Le_Code_de_l%27horreur\">Le Code de l&rsquo;horreur<\/a><\/p>\n<p>2010\u00a0: <a title=\"La Cuenta (album)\" href=\"http:\/\/fr.wikipedia.org\/wiki\/La_Cuenta_(album)\">La Cuenta<\/a><\/p>\n<p>2013\u00a0: <a title=\"P.D.R.G.\" href=\"http:\/\/fr.wikipedia.org\/wiki\/P.D.R.G.\">P.D.R.G.<\/a><\/td>\n<\/tr>\n<\/tbody>\n<\/table>\n<p>bien avant leur sortie. Le titre \u00ab\u00a0D\u00e9termin\u00e9\u00a0\u00bb est rest\u00e9 dans les esprits puisque les jeunes de V\u00e9nissieux et de Vaulx-en-Velin y \u00e9taient cit\u00e9s. Pour Asma\u00a0(16 ans) en troisi\u00e8me pr\u00e9pa\u00a0<i>: <\/i><\/p>\n<blockquote><p><i>\u00ab\u00a0Le clash n\u2019a rien apport\u00e9 et ce n\u2019est pas ce que je regarde par rapport \u00e0 lui. J\u2019aime ce qu\u2019il \u00e9crit et la mani\u00e8re dont il rape. C\u2019est profond. Je pense que l\u2019album va bien se vendre. \u00bb<\/i><\/p><\/blockquote>\n<p>Soprano, Rohff ou Sultan, avoir des origines comor\u00e9ennes, c\u2019est une fiert\u00e9 pour certains comme Yahyia (17 ans) qui vit aux Minguettes. Il fait partie des nostalgiques de l\u2019\u00ab\u00a0Avant Cuenta\u00a0\u00bb mais demeure pragmatique quant \u00e0 un retour miraculeux\u00a0:<\/p>\n<blockquote><p><i>\u00ab\u00a0J\u2019ai \u00e9cout\u00e9 Determin\u00e9 elle passait bien dans une voiture avec une belle fille mais il l\u2019a fait pour que les gens comme ceux des quartiers ach\u00e8tent son album. Au temps du code de l\u2019horreur (2008), il\u00a0repr\u00e9sentait bien les Comores mais plus maintenant. \u00a0Il va faire de l\u2019argent c\u2019est s\u00fbr, mais \u00a0il va perdre de l\u2019ampleur sur la cit\u00e9.\u00a0\u00bb<\/i><\/p><\/blockquote>\n<p>A l\u2019op\u00e9ra de Lyon o\u00f9 se croisent quotidiennement rappeurs et danseurs hip hop, Nabil (21ans) pense \u00e0 un possible succ\u00e8s commercial qui ne fonctionnera pas forc\u00e9ment avec les puristes de l\u2019underground\u00a0:<i> <\/i><\/p>\n<blockquote><p><i>\u00ab\u00a0Il y a au moins trois sons magnifiques comme \u00ab\u00a0j\u2019assume\u00a0\u00bb, \u00ab\u00a0l\u2019artiste\u00a0\u00bb et \u00ab\u00a0diff\u00e9rent\u00a0\u00bb mais il aurait pu sortir quelque chose de meilleur avec le temps qu\u2019il a mis. C\u2019est un peu comme avec les artistes du Wati B qui marchent avec le grand public mais pas les vrais connaisseurs.\u00a0\u00bb\u00a0 <\/i><\/p><\/blockquote>\n<p><img loading=\"lazy\" decoding=\"async\" width=\"300\" height=\"225\" class=\"aligncenter size-medium wp-image-4294\" alt=\"rohff\" src=\"https:\/\/lyonbondyblog.fr\/LBB\/wp-content\/uploads\/2013\/10\/rohff-300x225.jpg\" srcset=\"https:\/\/lyonbondyblog.fr\/LBB\/wp-content\/uploads\/2013\/10\/rohff-300x225.jpg 300w, https:\/\/lyonbondyblog.fr\/LBB\/wp-content\/uploads\/2013\/10\/rohff-1024x768.jpg 1024w, https:\/\/lyonbondyblog.fr\/LBB\/wp-content\/uploads\/2013\/10\/rohff-940x705.jpg 940w\" sizes=\"auto, (max-width: 300px) 100vw, 300px\" \/><\/p>\n<p>A quelques m\u00e8tres de la place des Terreaux, et donc de l\u2019Op\u00e9ra, la boutique People Wear propose des textiles \u00e0 l\u2019effigie des plus grands rappeurs\u00a0: Unkut (Booba), Distinct (Rohff), Swear Swagg (La Fouine et Banlieue Sale) et bient\u00f4t Wati B.<\/p>\n<p>Les artistes y descendent souvent un tour pour d\u00e9dicacer les tee-shirts. Sa\u00efd (27 ans), l\u2019un des vendeurs\u00a0 reconna\u00eet que la marque Distinct <i>\u00ab\u00a0marche tr\u00e8s bien. On re\u00e7oit quatre \u00e0 cinq mod\u00e8les par mois en ce moment. C\u2019est tr\u00e8s demand\u00e9 par le public des 18-25 ans. Le ph\u00e9nom\u00e8ne musical est tr\u00e8s important. Il suffit d\u2019un album ou d\u2019un clip et le tee shirt Dounia va faire mal car il est d\u00e9j\u00e0 r\u00e9clam\u00e9.\u00a0\u00bb \u00a0<\/i><\/p>\n<p>Le matin de sa sortie le 23 Septembre, Rohff \u00e9tait 4\u00e8me au classement des t\u00e9l\u00e9chargements des albums avant d\u2019aller bousculer dans la soir\u00e9e Stromae ou Avincii et prendre la t\u00eate du peloton. L\u2019acc\u00e9l\u00e9ration \u00e9tait amorc\u00e9e\u00a0!<\/p>\n<p>People Wear\u00a0: 8, Rue Joseph Serlin 69001 Lyon<\/p>\n<!-- AddThis Advanced Settings generic via filter on the_content --><!-- AddThis Share Buttons generic via filter on the_content -->","protected":false},"excerpt":{"rendered":"<p>La discr\u00e9tion du rappeur de Vitry intriguait. Apr\u00e8s le dernier opus La Cuenta en 2010 certifi\u00e9 disque d\u2019or, on ne le voyait plus que lors &hellip; <!-- AddThis Advanced Settings generic via filter on wp_trim_excerpt --><!-- AddThis Share Buttons generic via filter on wp_trim_excerpt --><\/p>\n","protected":false},"author":28,"featured_media":4295,"comment_status":"open","ping_status":"open","sticky":false,"template":"","format":"standard","meta":{"_FSMCFIC_featured_image_caption":"","_FSMCFIC_featured_image_nocaption":"","_FSMCFIC_featured_image_hide":"","footnotes":""},"categories":[3,4],"tags":[101,10,52,205,913],"class_list":["post-4291","post","type-post","status-publish","format-standard","has-post-thumbnail","hentry","category-culture","category-lyon","tag-hip-hop","tag-lyon-2","tag-newsinpictures","tag-rap","tag-rohff"],"yoast_head":"<!-- This site is optimized with the Yoast SEO plugin v22.8 - https:\/\/yoast.com\/wordpress\/plugins\/seo\/ -->\n<title>Rohff : Le Padre est de retour ! - Lyon Bondy Blog<\/title>\n<meta name=\"robots\" content=\"index, follow, max-snippet:-1, max-image-preview:large, max-video-preview:-1\" \/>\n<link rel=\"canonical\" href=\"https:\/\/lyonbondyblog.fr\/LBB\/rohff-le-padre-est-de-retour\/\" \/>\n<meta property=\"og:locale\" content=\"fr_FR\" \/>\n<meta property=\"og:type\" content=\"article\" \/>\n<meta property=\"og:title\" content=\"Rohff : Le Padre est de retour ! - Lyon Bondy Blog\" \/>\n<meta property=\"og:description\" content=\"La discr\u00e9tion du rappeur de Vitry intriguait. Apr\u00e8s le dernier opus La Cuenta en 2010 certifi\u00e9 disque d\u2019or, on ne le voyait plus que lors &hellip;\" \/>\n<meta property=\"og:url\" content=\"https:\/\/lyonbondyblog.fr\/LBB\/rohff-le-padre-est-de-retour\/\" \/>\n<meta property=\"og:site_name\" content=\"Lyon Bondy Blog\" \/>\n<meta property=\"article:publisher\" content=\"https:\/\/www.facebook.com\/lyonbondyblog\" \/>\n<meta property=\"article:published_time\" content=\"2013-10-04T14:54:13+00:00\" \/>\n<meta property=\"article:modified_time\" content=\"2013-11-25T16:37:25+00:00\" \/>\n<meta property=\"og:image\" content=\"https:\/\/lyonbondyblog.fr\/LBB\/wp-content\/uploads\/2013\/10\/rohff-une.jpg\" \/>\n\t<meta property=\"og:image:width\" content=\"400\" \/>\n\t<meta property=\"og:image:height\" content=\"200\" \/>\n\t<meta property=\"og:image:type\" content=\"image\/jpeg\" \/>\n<meta name=\"author\" content=\"Mohamed Braiki\" \/>\n<meta name=\"twitter:card\" content=\"summary_large_image\" \/>\n<meta name=\"twitter:creator\" content=\"@bondybloglyon\" \/>\n<meta name=\"twitter:site\" content=\"@bondybloglyon\" \/>\n<script type=\"application\/ld+json\" class=\"yoast-schema-graph\">{\"@context\":\"https:\/\/schema.org\",\"@graph\":[{\"@type\":\"Article\",\"@id\":\"https:\/\/lyonbondyblog.fr\/LBB\/rohff-le-padre-est-de-retour\/#article\",\"isPartOf\":{\"@id\":\"https:\/\/lyonbondyblog.fr\/LBB\/rohff-le-padre-est-de-retour\/\"},\"author\":{\"name\":\"Mohamed Braiki\",\"@id\":\"https:\/\/lyonbondyblog.fr\/LBB\/#\/schema\/person\/558339ea4e67b07f7a2df48e9605b75c\"},\"headline\":\"Rohff : Le Padre est de retour !\",\"datePublished\":\"2013-10-04T14:54:13+00:00\",\"dateModified\":\"2013-11-25T16:37:25+00:00\",\"mainEntityOfPage\":{\"@id\":\"https:\/\/lyonbondyblog.fr\/LBB\/rohff-le-padre-est-de-retour\/\"},\"wordCount\":863,\"commentCount\":0,\"publisher\":{\"@id\":\"https:\/\/lyonbondyblog.fr\/LBB\/#organization\"},\"image\":{\"@id\":\"https:\/\/lyonbondyblog.fr\/LBB\/rohff-le-padre-est-de-retour\/#primaryimage\"},\"thumbnailUrl\":\"https:\/\/lyonbondyblog.fr\/LBB\/wp-content\/uploads\/2013\/10\/rohff-une.jpg\",\"keywords\":[\"hip-hop\",\"lyon\",\"newsinpictures\",\"rap\",\"rohff\"],\"articleSection\":[\"Culture\",\"Lyon\"],\"inLanguage\":\"fr-FR\",\"potentialAction\":[{\"@type\":\"CommentAction\",\"name\":\"Comment\",\"target\":[\"https:\/\/lyonbondyblog.fr\/LBB\/rohff-le-padre-est-de-retour\/#respond\"]}]},{\"@type\":\"WebPage\",\"@id\":\"https:\/\/lyonbondyblog.fr\/LBB\/rohff-le-padre-est-de-retour\/\",\"url\":\"https:\/\/lyonbondyblog.fr\/LBB\/rohff-le-padre-est-de-retour\/\",\"name\":\"Rohff : Le Padre est de retour ! - Lyon Bondy Blog\",\"isPartOf\":{\"@id\":\"https:\/\/lyonbondyblog.fr\/LBB\/#website\"},\"primaryImageOfPage\":{\"@id\":\"https:\/\/lyonbondyblog.fr\/LBB\/rohff-le-padre-est-de-retour\/#primaryimage\"},\"image\":{\"@id\":\"https:\/\/lyonbondyblog.fr\/LBB\/rohff-le-padre-est-de-retour\/#primaryimage\"},\"thumbnailUrl\":\"https:\/\/lyonbondyblog.fr\/LBB\/wp-content\/uploads\/2013\/10\/rohff-une.jpg\",\"datePublished\":\"2013-10-04T14:54:13+00:00\",\"dateModified\":\"2013-11-25T16:37:25+00:00\",\"inLanguage\":\"fr-FR\",\"potentialAction\":[{\"@type\":\"ReadAction\",\"target\":[\"https:\/\/lyonbondyblog.fr\/LBB\/rohff-le-padre-est-de-retour\/\"]}]},{\"@type\":\"ImageObject\",\"inLanguage\":\"fr-FR\",\"@id\":\"https:\/\/lyonbondyblog.fr\/LBB\/rohff-le-padre-est-de-retour\/#primaryimage\",\"url\":\"https:\/\/lyonbondyblog.fr\/LBB\/wp-content\/uploads\/2013\/10\/rohff-une.jpg\",\"contentUrl\":\"https:\/\/lyonbondyblog.fr\/LBB\/wp-content\/uploads\/2013\/10\/rohff-une.jpg\",\"width\":400,\"height\":200},{\"@type\":\"WebSite\",\"@id\":\"https:\/\/lyonbondyblog.fr\/LBB\/#website\",\"url\":\"https:\/\/lyonbondyblog.fr\/LBB\/\",\"name\":\"Lyon Bondy Blog\",\"description\":\"\",\"publisher\":{\"@id\":\"https:\/\/lyonbondyblog.fr\/LBB\/#organization\"},\"potentialAction\":[{\"@type\":\"SearchAction\",\"target\":{\"@type\":\"EntryPoint\",\"urlTemplate\":\"https:\/\/lyonbondyblog.fr\/LBB\/?s={search_term_string}\"},\"query-input\":\"required name=search_term_string\"}],\"inLanguage\":\"fr-FR\"},{\"@type\":\"Organization\",\"@id\":\"https:\/\/lyonbondyblog.fr\/LBB\/#organization\",\"name\":\"LYON BONDY BLOG\",\"url\":\"https:\/\/lyonbondyblog.fr\/LBB\/\",\"logo\":{\"@type\":\"ImageObject\",\"inLanguage\":\"fr-FR\",\"@id\":\"https:\/\/lyonbondyblog.fr\/LBB\/#\/schema\/logo\/image\/\",\"url\":\"http:\/\/lyonbondyblog.fr\/LBB\/wp-content\/uploads\/2014\/10\/logo-portable-144.png\",\"contentUrl\":\"http:\/\/lyonbondyblog.fr\/LBB\/wp-content\/uploads\/2014\/10\/logo-portable-144.png\",\"width\":144,\"height\":123,\"caption\":\"LYON BONDY BLOG\"},\"image\":{\"@id\":\"https:\/\/lyonbondyblog.fr\/LBB\/#\/schema\/logo\/image\/\"},\"sameAs\":[\"https:\/\/www.facebook.com\/lyonbondyblog\",\"https:\/\/x.com\/bondybloglyon\"]},{\"@type\":\"Person\",\"@id\":\"https:\/\/lyonbondyblog.fr\/LBB\/#\/schema\/person\/558339ea4e67b07f7a2df48e9605b75c\",\"name\":\"Mohamed Braiki\",\"description\":\"Natif de Lyon et enfant des Minguettes, je suis dipl\u00f4m\u00e9 de Lettres de la Fac de Lyon 2 et l\u2019EFAP Rh\u00f4ne Alpes. J\u2019ai roul\u00e9 ma bosse dans des r\u00e9dactions lyonnaises comme la radio Lyon Sport 98.4, Le Progr\u00e8s, Foot 69.fr, Tribune de Lyon et Lyon Capitale. braikimohamed@yahoo.fr\",\"url\":\"https:\/\/lyonbondyblog.fr\/LBB\/author\/mohamed\/\"}]}<\/script>\n<!-- \/ Yoast SEO plugin. -->","yoast_head_json":{"title":"Rohff : Le Padre est de retour ! - Lyon Bondy Blog","robots":{"index":"index","follow":"follow","max-snippet":"max-snippet:-1","max-image-preview":"max-image-preview:large","max-video-preview":"max-video-preview:-1"},"canonical":"https:\/\/lyonbondyblog.fr\/LBB\/rohff-le-padre-est-de-retour\/","og_locale":"fr_FR","og_type":"article","og_title":"Rohff : Le Padre est de retour ! - Lyon Bondy Blog","og_description":"La discr\u00e9tion du rappeur de Vitry intriguait. Apr\u00e8s le dernier opus La Cuenta en 2010 certifi\u00e9 disque d\u2019or, on ne le voyait plus que lors &hellip;","og_url":"https:\/\/lyonbondyblog.fr\/LBB\/rohff-le-padre-est-de-retour\/","og_site_name":"Lyon Bondy Blog","article_publisher":"https:\/\/www.facebook.com\/lyonbondyblog","article_published_time":"2013-10-04T14:54:13+00:00","article_modified_time":"2013-11-25T16:37:25+00:00","og_image":[{"width":400,"height":200,"url":"https:\/\/lyonbondyblog.fr\/LBB\/wp-content\/uploads\/2013\/10\/rohff-une.jpg","type":"image\/jpeg"}],"author":"Mohamed Braiki","twitter_card":"summary_large_image","twitter_creator":"@bondybloglyon","twitter_site":"@bondybloglyon","schema":{"@context":"https:\/\/schema.org","@graph":[{"@type":"Article","@id":"https:\/\/lyonbondyblog.fr\/LBB\/rohff-le-padre-est-de-retour\/#article","isPartOf":{"@id":"https:\/\/lyonbondyblog.fr\/LBB\/rohff-le-padre-est-de-retour\/"},"author":{"name":"Mohamed Braiki","@id":"https:\/\/lyonbondyblog.fr\/LBB\/#\/schema\/person\/558339ea4e67b07f7a2df48e9605b75c"},"headline":"Rohff : Le Padre est de retour !","datePublished":"2013-10-04T14:54:13+00:00","dateModified":"2013-11-25T16:37:25+00:00","mainEntityOfPage":{"@id":"https:\/\/lyonbondyblog.fr\/LBB\/rohff-le-padre-est-de-retour\/"},"wordCount":863,"commentCount":0,"publisher":{"@id":"https:\/\/lyonbondyblog.fr\/LBB\/#organization"},"image":{"@id":"https:\/\/lyonbondyblog.fr\/LBB\/rohff-le-padre-est-de-retour\/#primaryimage"},"thumbnailUrl":"https:\/\/lyonbondyblog.fr\/LBB\/wp-content\/uploads\/2013\/10\/rohff-une.jpg","keywords":["hip-hop","lyon","newsinpictures","rap","rohff"],"articleSection":["Culture","Lyon"],"inLanguage":"fr-FR","potentialAction":[{"@type":"CommentAction","name":"Comment","target":["https:\/\/lyonbondyblog.fr\/LBB\/rohff-le-padre-est-de-retour\/#respond"]}]},{"@type":"WebPage","@id":"https:\/\/lyonbondyblog.fr\/LBB\/rohff-le-padre-est-de-retour\/","url":"https:\/\/lyonbondyblog.fr\/LBB\/rohff-le-padre-est-de-retour\/","name":"Rohff : Le Padre est de retour ! - Lyon Bondy Blog","isPartOf":{"@id":"https:\/\/lyonbondyblog.fr\/LBB\/#website"},"primaryImageOfPage":{"@id":"https:\/\/lyonbondyblog.fr\/LBB\/rohff-le-padre-est-de-retour\/#primaryimage"},"image":{"@id":"https:\/\/lyonbondyblog.fr\/LBB\/rohff-le-padre-est-de-retour\/#primaryimage"},"thumbnailUrl":"https:\/\/lyonbondyblog.fr\/LBB\/wp-content\/uploads\/2013\/10\/rohff-une.jpg","datePublished":"2013-10-04T14:54:13+00:00","dateModified":"2013-11-25T16:37:25+00:00","inLanguage":"fr-FR","potentialAction":[{"@type":"ReadAction","target":["https:\/\/lyonbondyblog.fr\/LBB\/rohff-le-padre-est-de-retour\/"]}]},{"@type":"ImageObject","inLanguage":"fr-FR","@id":"https:\/\/lyonbondyblog.fr\/LBB\/rohff-le-padre-est-de-retour\/#primaryimage","url":"https:\/\/lyonbondyblog.fr\/LBB\/wp-content\/uploads\/2013\/10\/rohff-une.jpg","contentUrl":"https:\/\/lyonbondyblog.fr\/LBB\/wp-content\/uploads\/2013\/10\/rohff-une.jpg","width":400,"height":200},{"@type":"WebSite","@id":"https:\/\/lyonbondyblog.fr\/LBB\/#website","url":"https:\/\/lyonbondyblog.fr\/LBB\/","name":"Lyon Bondy Blog","description":"","publisher":{"@id":"https:\/\/lyonbondyblog.fr\/LBB\/#organization"},"potentialAction":[{"@type":"SearchAction","target":{"@type":"EntryPoint","urlTemplate":"https:\/\/lyonbondyblog.fr\/LBB\/?s={search_term_string}"},"query-input":"required name=search_term_string"}],"inLanguage":"fr-FR"},{"@type":"Organization","@id":"https:\/\/lyonbondyblog.fr\/LBB\/#organization","name":"LYON BONDY BLOG","url":"https:\/\/lyonbondyblog.fr\/LBB\/","logo":{"@type":"ImageObject","inLanguage":"fr-FR","@id":"https:\/\/lyonbondyblog.fr\/LBB\/#\/schema\/logo\/image\/","url":"http:\/\/lyonbondyblog.fr\/LBB\/wp-content\/uploads\/2014\/10\/logo-portable-144.png","contentUrl":"http:\/\/lyonbondyblog.fr\/LBB\/wp-content\/uploads\/2014\/10\/logo-portable-144.png","width":144,"height":123,"caption":"LYON BONDY BLOG"},"image":{"@id":"https:\/\/lyonbondyblog.fr\/LBB\/#\/schema\/logo\/image\/"},"sameAs":["https:\/\/www.facebook.com\/lyonbondyblog","https:\/\/x.com\/bondybloglyon"]},{"@type":"Person","@id":"https:\/\/lyonbondyblog.fr\/LBB\/#\/schema\/person\/558339ea4e67b07f7a2df48e9605b75c","name":"Mohamed Braiki","description":"Natif de Lyon et enfant des Minguettes, je suis dipl\u00f4m\u00e9 de Lettres de la Fac de Lyon 2 et l\u2019EFAP Rh\u00f4ne Alpes. J\u2019ai roul\u00e9 ma bosse dans des r\u00e9dactions lyonnaises comme la radio Lyon Sport 98.4, Le Progr\u00e8s, Foot 69.fr, Tribune de Lyon et Lyon Capitale. braikimohamed@yahoo.fr","url":"https:\/\/lyonbondyblog.fr\/LBB\/author\/mohamed\/"}]}},"_links":{"self":[{"href":"https:\/\/lyonbondyblog.fr\/LBB\/wp-json\/wp\/v2\/posts\/4291","targetHints":{"allow":["GET"]}}],"collection":[{"href":"https:\/\/lyonbondyblog.fr\/LBB\/wp-json\/wp\/v2\/posts"}],"about":[{"href":"https:\/\/lyonbondyblog.fr\/LBB\/wp-json\/wp\/v2\/types\/post"}],"author":[{"embeddable":true,"href":"https:\/\/lyonbondyblog.fr\/LBB\/wp-json\/wp\/v2\/users\/28"}],"replies":[{"embeddable":true,"href":"https:\/\/lyonbondyblog.fr\/LBB\/wp-json\/wp\/v2\/comments?post=4291"}],"version-history":[{"count":0,"href":"https:\/\/lyonbondyblog.fr\/LBB\/wp-json\/wp\/v2\/posts\/4291\/revisions"}],"wp:featuredmedia":[{"embeddable":true,"href":"https:\/\/lyonbondyblog.fr\/LBB\/wp-json\/wp\/v2\/media\/4295"}],"wp:attachment":[{"href":"https:\/\/lyonbondyblog.fr\/LBB\/wp-json\/wp\/v2\/media?parent=4291"}],"wp:term":[{"taxonomy":"category","embeddable":true,"href":"https:\/\/lyonbondyblog.fr\/LBB\/wp-json\/wp\/v2\/categories?post=4291"},{"taxonomy":"post_tag","embeddable":true,"href":"https:\/\/lyonbondyblog.fr\/LBB\/wp-json\/wp\/v2\/tags?post=4291"}],"curies":[{"name":"wp","href":"https:\/\/api.w.org\/{rel}","templated":true}]}}