{"id":4085,"date":"2010-06-29T12:16:50","date_gmt":"2010-06-29T10:16:50","guid":{"rendered":"http:\/\/lyonbondyblog.fr\/LBB\/?p=4085"},"modified":"2013-08-29T12:20:08","modified_gmt":"2013-08-29T10:20:08","slug":"villeurbanne-quand-la-video-surveillance-fait-debat","status":"publish","type":"post","link":"https:\/\/lyonbondyblog.fr\/LBB\/villeurbanne-quand-la-video-surveillance-fait-debat\/","title":{"rendered":"Villeurbanne : quand la vid\u00e9o surveillance fait d\u00e9bat&#8230;"},"content":{"rendered":"<p><strong>A l&rsquo;occasion de l&rsquo;inauguration du nouveau commissariat de Villeurbanne, la Ville vient de signer la premi\u00e8re strat\u00e9gie territoriale de s\u00e9curit\u00e9 et de pr\u00e9vention de la d\u00e9linquance du Rh\u00f4ne. Explications<\/strong><\/p>\n<div><a title=\" -- Cliquez pour voir l'image en entier\" href=\"http:\/\/yahoo.lyon.bondyblog.fr\/images\/1277733576.png\" target=\"_blank\"> <img decoding=\"async\" class=\"alignright\" alt=\" -- Cliquez pour voir l'image en entier\" src=\"http:\/\/yahoo.lyon.bondyblog.fr\/images\/1277733576_t.png\" border=\"0\" \/> <\/a><\/div>\n<div><\/div>\n<p>Violence des mineurs, accompagnement des victimes, d\u00e9linquance routi\u00e8re et pr\u00e9vention, voil\u00e0 quelques objectifs de ce nouveau contrat. Un contrat sign\u00e9 avec l&rsquo;\u00e9ducation Nationale, le Conseil g\u00e9n\u00e9ral, la pr\u00e9fecture et le parquet,12 ans apr\u00e8s le premier contrat local de s\u00e9curit\u00e9.<\/p>\n<p>Objectif\u00a0: dynamiser et coordonner un ensemble d&rsquo;actions port\u00e9es par la Ville et de tr\u00e8s nombreux partenaires\u00a0: associations, police, justice, institutions, transports, services de la Ville&#8230;<\/p>\n<p>Pour <b>Jean-Paul Bret<\/b>, le maire de Villeurbanne\u00a0: \u00ab\u00a0<i>la s\u00e9curit\u00e9, est une co-production, ce n&rsquo;est pas simplement que le fait de la police nationale, municipale mais que beaucoup d&rsquo;acteurs y contribuent.<\/i>\u00a0\u00bb<br \/>\nUne strat\u00e9gie territoriale de s\u00e9curit\u00e9 et de pr\u00e9vention de la d\u00e9linquance du Rh\u00f4ne qui comprend un certain nombre de priorit\u00e9s. La premi\u00e8re vise \u00e0 prendre en compte la violence des mineurs, acteurs ou victimes de violences. Le soutien \u00e0 la parentalit\u00e9 est l&rsquo;un des dispositifs utilis\u00e9s. La reconnaissance, la prise en compte et l&rsquo;accompagnement des victimes est \u00e9galement l&rsquo;une des priorit\u00e9s.<\/p>\n<p>Mais lorsqu&rsquo;un tel dispositif est sign\u00e9, il ne faut pas oublier d&rsquo;\u00e9voquer le sujet de la vid\u00e9o-surveillance. Un sujet qui a bien \u00e9videment \u00e9t\u00e9 abord\u00e9 entre le Pr\u00e9fet du Rh\u00f4ne, Jacques Gerault et Jean-Paul Bret. Si Lyon compte aujourd&rsquo;hui 200 \u00e0 250 cam\u00e9ras, ce n&rsquo;est pas le cas \u00ab\u00a0encore\u00a0\u00bb \u00e0 Villeurbanne.<\/p>\n<p>\u00ab\u00a0<i>Moi, je n&rsquo;ai pas de position id\u00e9ologique ou dogmatique par rapport\u00a0 \u00e0 l&rsquo;installation de cam\u00e9ras.\u00a0<\/i>\u00bb explique le maire de Villeurbanne. \u00ab\u00a0<i>J<\/i><i>e dis simplement qu&rsquo;il ne faut pas c\u00e9der \u00e0 un esp\u00e8ce de vertige qui laisserait croire que l&rsquo;installation de cam\u00e9ras contribue, est une esp\u00e8ce de rem\u00e8de miracle par rapport \u00e0 la s\u00e9curit\u00e9<\/i>\u00a0\u00bb.<\/p>\n<p>La chambre r\u00e9gionale des comptes (des magistrats) vient en effet de rendre un rapport sur la politique de Lyon en mati\u00e8re de s\u00e9curit\u00e9. Des magistrats qui ont attribu\u00e9 pas mal de points aux policiers municipaux, sur leur travail mais qui sur la video-surveillance ont cit\u00e9 en contre-exemple Villeurbanne.\u00a0 \u00ab\u00a0<i>En effet, ces quatre derni\u00e8res ann\u00e9es sur Villeurbanne, la d\u00e9linquance a \u00e9volu\u00e9 \u00e0 la baisse contrairement \u00e0 Lyon<\/i>\u00a0\u00bb, d\u00e9clare <b>Jean-Paul Bret<\/b>, tr\u00e8s fi\u00e8rement.<\/p>\n<p>\u00ab\u00a0<i> D&rsquo;une part, ce sont des dispositifs qui sont couteux. Par cam\u00e9ra et par an, cela repr\u00e9sente pr\u00e8s de 80 000 euros. Une cam\u00e9ra vaut (\u00a0presque )2 policiers municipaux.\u00a0Je trouve qu&rsquo;il y a un vrai principe de pr\u00e9caution \u00e0 appliquer avant d&rsquo;installer des cam\u00e9ras<\/i>.\u00bb<\/p>\n<p>M\u00eame si l&rsquo;installation de cam\u00e9ras n&rsquo;est pas d&rsquo;actualit\u00e9, une \u00e9tude d&rsquo;opportunit\u00e9 va tout de m\u00eame voir le jour.<br \/>\nCette nouvelle strat\u00e9gie territoriale aura \u00e9galement pour but \u00ab\u00a0d&rsquo;organiser une action contre la d\u00e9linquance routi\u00e8re\u00a0\u00bb. Une \u00e9valuation des r\u00e9sultats sera \u00e9tablie ainsi chaque ann\u00e9e.<\/p>\n<p style=\"text-align: right;\">\nCr\u00e9dit photo\u00a0: LBB\/Est\u00e8le Gielly<\/p>\n<!-- AddThis Advanced Settings generic via filter on the_content --><!-- AddThis Share Buttons generic via filter on the_content -->","protected":false},"excerpt":{"rendered":"<p>A l&rsquo;occasion de l&rsquo;inauguration du nouveau commissariat de Villeurbanne, la Ville vient de signer la premi\u00e8re strat\u00e9gie territoriale de s\u00e9curit\u00e9 et de pr\u00e9vention de la &hellip; <!-- AddThis Advanced Settings generic via filter on wp_trim_excerpt --><!-- AddThis Share Buttons generic via filter on wp_trim_excerpt --><\/p>\n","protected":false},"author":1,"featured_media":4086,"comment_status":"open","ping_status":"open","sticky":false,"template":"","format":"standard","meta":{"_FSMCFIC_featured_image_caption":"","_FSMCFIC_featured_image_nocaption":"","_FSMCFIC_featured_image_hide":"","footnotes":""},"categories":[2],"tags":[890,10,112,889,128],"class_list":["post-4085","post","type-post","status-publish","format-standard","has-post-thumbnail","hentry","category-societe","tag-jean-paul-bret","tag-lyon-2","tag-lyon-bondy-blog","tag-video-surveillance","tag-villeurbanne"],"yoast_head":"<!-- This site is optimized with the Yoast SEO plugin v22.8 - https:\/\/yoast.com\/wordpress\/plugins\/seo\/ -->\n<title>Villeurbanne : quand la vid\u00e9o surveillance fait d\u00e9bat... - Lyon Bondy Blog<\/title>\n<meta name=\"robots\" content=\"index, follow, max-snippet:-1, max-image-preview:large, max-video-preview:-1\" \/>\n<link rel=\"canonical\" href=\"https:\/\/lyonbondyblog.fr\/LBB\/villeurbanne-quand-la-video-surveillance-fait-debat\/\" \/>\n<meta property=\"og:locale\" content=\"fr_FR\" \/>\n<meta property=\"og:type\" content=\"article\" \/>\n<meta property=\"og:title\" content=\"Villeurbanne : quand la vid\u00e9o surveillance fait d\u00e9bat... - Lyon Bondy Blog\" \/>\n<meta property=\"og:description\" content=\"A l&rsquo;occasion de l&rsquo;inauguration du nouveau commissariat de Villeurbanne, la Ville vient de signer la premi\u00e8re strat\u00e9gie territoriale de s\u00e9curit\u00e9 et de pr\u00e9vention de la &hellip;\" \/>\n<meta property=\"og:url\" content=\"https:\/\/lyonbondyblog.fr\/LBB\/villeurbanne-quand-la-video-surveillance-fait-debat\/\" \/>\n<meta property=\"og:site_name\" content=\"Lyon Bondy Blog\" \/>\n<meta property=\"article:publisher\" content=\"https:\/\/www.facebook.com\/lyonbondyblog\" \/>\n<meta property=\"article:author\" content=\"https:\/\/www.facebook.com\/lyonbondyblog\" \/>\n<meta property=\"article:published_time\" content=\"2010-06-29T10:16:50+00:00\" \/>\n<meta property=\"article:modified_time\" content=\"2013-08-29T10:20:08+00:00\" \/>\n<meta property=\"og:image\" content=\"https:\/\/lyonbondyblog.fr\/LBB\/wp-content\/uploads\/2013\/08\/villeurbanne.png\" \/>\n\t<meta property=\"og:image:width\" content=\"194\" \/>\n\t<meta property=\"og:image:height\" content=\"258\" \/>\n\t<meta property=\"og:image:type\" content=\"image\/png\" \/>\n<meta name=\"author\" content=\"La r\u00e9daction\" \/>\n<meta name=\"twitter:card\" content=\"summary_large_image\" \/>\n<meta name=\"twitter:creator\" content=\"@BondyBlogLyon\" \/>\n<meta name=\"twitter:site\" content=\"@bondybloglyon\" \/>\n<script type=\"application\/ld+json\" class=\"yoast-schema-graph\">{\"@context\":\"https:\/\/schema.org\",\"@graph\":[{\"@type\":\"Article\",\"@id\":\"https:\/\/lyonbondyblog.fr\/LBB\/villeurbanne-quand-la-video-surveillance-fait-debat\/#article\",\"isPartOf\":{\"@id\":\"https:\/\/lyonbondyblog.fr\/LBB\/villeurbanne-quand-la-video-surveillance-fait-debat\/\"},\"author\":{\"name\":\"La r\u00e9daction\",\"@id\":\"https:\/\/lyonbondyblog.fr\/LBB\/#\/schema\/person\/e45f8d27baac75072daa0be50c409b25\"},\"headline\":\"Villeurbanne : quand la vid\u00e9o surveillance fait d\u00e9bat&#8230;\",\"datePublished\":\"2010-06-29T10:16:50+00:00\",\"dateModified\":\"2013-08-29T10:20:08+00:00\",\"mainEntityOfPage\":{\"@id\":\"https:\/\/lyonbondyblog.fr\/LBB\/villeurbanne-quand-la-video-surveillance-fait-debat\/\"},\"wordCount\":509,\"commentCount\":0,\"publisher\":{\"@id\":\"https:\/\/lyonbondyblog.fr\/LBB\/#organization\"},\"image\":{\"@id\":\"https:\/\/lyonbondyblog.fr\/LBB\/villeurbanne-quand-la-video-surveillance-fait-debat\/#primaryimage\"},\"thumbnailUrl\":\"https:\/\/lyonbondyblog.fr\/LBB\/wp-content\/uploads\/2013\/08\/villeurbanne.png\",\"keywords\":[\"Jean-Paul Bret\",\"lyon\",\"Lyon Bondy Blog\",\"vid\u00e9o-surveillance\",\"Villeurbanne\"],\"articleSection\":[\"Soci\u00e9t\u00e9\"],\"inLanguage\":\"fr-FR\",\"potentialAction\":[{\"@type\":\"CommentAction\",\"name\":\"Comment\",\"target\":[\"https:\/\/lyonbondyblog.fr\/LBB\/villeurbanne-quand-la-video-surveillance-fait-debat\/#respond\"]}]},{\"@type\":\"WebPage\",\"@id\":\"https:\/\/lyonbondyblog.fr\/LBB\/villeurbanne-quand-la-video-surveillance-fait-debat\/\",\"url\":\"https:\/\/lyonbondyblog.fr\/LBB\/villeurbanne-quand-la-video-surveillance-fait-debat\/\",\"name\":\"Villeurbanne : quand la vid\u00e9o surveillance fait d\u00e9bat... - Lyon Bondy Blog\",\"isPartOf\":{\"@id\":\"https:\/\/lyonbondyblog.fr\/LBB\/#website\"},\"primaryImageOfPage\":{\"@id\":\"https:\/\/lyonbondyblog.fr\/LBB\/villeurbanne-quand-la-video-surveillance-fait-debat\/#primaryimage\"},\"image\":{\"@id\":\"https:\/\/lyonbondyblog.fr\/LBB\/villeurbanne-quand-la-video-surveillance-fait-debat\/#primaryimage\"},\"thumbnailUrl\":\"https:\/\/lyonbondyblog.fr\/LBB\/wp-content\/uploads\/2013\/08\/villeurbanne.png\",\"datePublished\":\"2010-06-29T10:16:50+00:00\",\"dateModified\":\"2013-08-29T10:20:08+00:00\",\"inLanguage\":\"fr-FR\",\"potentialAction\":[{\"@type\":\"ReadAction\",\"target\":[\"https:\/\/lyonbondyblog.fr\/LBB\/villeurbanne-quand-la-video-surveillance-fait-debat\/\"]}]},{\"@type\":\"ImageObject\",\"inLanguage\":\"fr-FR\",\"@id\":\"https:\/\/lyonbondyblog.fr\/LBB\/villeurbanne-quand-la-video-surveillance-fait-debat\/#primaryimage\",\"url\":\"https:\/\/lyonbondyblog.fr\/LBB\/wp-content\/uploads\/2013\/08\/villeurbanne.png\",\"contentUrl\":\"https:\/\/lyonbondyblog.fr\/LBB\/wp-content\/uploads\/2013\/08\/villeurbanne.png\",\"width\":194,\"height\":258},{\"@type\":\"WebSite\",\"@id\":\"https:\/\/lyonbondyblog.fr\/LBB\/#website\",\"url\":\"https:\/\/lyonbondyblog.fr\/LBB\/\",\"name\":\"Lyon Bondy Blog\",\"description\":\"\",\"publisher\":{\"@id\":\"https:\/\/lyonbondyblog.fr\/LBB\/#organization\"},\"potentialAction\":[{\"@type\":\"SearchAction\",\"target\":{\"@type\":\"EntryPoint\",\"urlTemplate\":\"https:\/\/lyonbondyblog.fr\/LBB\/?s={search_term_string}\"},\"query-input\":\"required name=search_term_string\"}],\"inLanguage\":\"fr-FR\"},{\"@type\":\"Organization\",\"@id\":\"https:\/\/lyonbondyblog.fr\/LBB\/#organization\",\"name\":\"LYON BONDY BLOG\",\"url\":\"https:\/\/lyonbondyblog.fr\/LBB\/\",\"logo\":{\"@type\":\"ImageObject\",\"inLanguage\":\"fr-FR\",\"@id\":\"https:\/\/lyonbondyblog.fr\/LBB\/#\/schema\/logo\/image\/\",\"url\":\"http:\/\/lyonbondyblog.fr\/LBB\/wp-content\/uploads\/2014\/10\/logo-portable-144.png\",\"contentUrl\":\"http:\/\/lyonbondyblog.fr\/LBB\/wp-content\/uploads\/2014\/10\/logo-portable-144.png\",\"width\":144,\"height\":123,\"caption\":\"LYON BONDY BLOG\"},\"image\":{\"@id\":\"https:\/\/lyonbondyblog.fr\/LBB\/#\/schema\/logo\/image\/\"},\"sameAs\":[\"https:\/\/www.facebook.com\/lyonbondyblog\",\"https:\/\/x.com\/bondybloglyon\"]},{\"@type\":\"Person\",\"@id\":\"https:\/\/lyonbondyblog.fr\/LBB\/#\/schema\/person\/e45f8d27baac75072daa0be50c409b25\",\"name\":\"La r\u00e9daction\",\"description\":\"Cr\u00e9e en 2008, la r\u00e9daction du Lyon Bondy Blog s'applique \u00e0 proposer une information locale diff\u00e9rente et compl\u00e9mentaire des m\u00e9dias traditionnels.\",\"sameAs\":[\"https:\/\/www.facebook.com\/lyonbondyblog\",\"https:\/\/x.com\/BondyBlogLyon\"],\"url\":\"https:\/\/lyonbondyblog.fr\/LBB\/author\/admin\/\"}]}<\/script>\n<!-- \/ Yoast SEO plugin. -->","yoast_head_json":{"title":"Villeurbanne : quand la vid\u00e9o surveillance fait d\u00e9bat... - Lyon Bondy Blog","robots":{"index":"index","follow":"follow","max-snippet":"max-snippet:-1","max-image-preview":"max-image-preview:large","max-video-preview":"max-video-preview:-1"},"canonical":"https:\/\/lyonbondyblog.fr\/LBB\/villeurbanne-quand-la-video-surveillance-fait-debat\/","og_locale":"fr_FR","og_type":"article","og_title":"Villeurbanne : quand la vid\u00e9o surveillance fait d\u00e9bat... - Lyon Bondy Blog","og_description":"A l&rsquo;occasion de l&rsquo;inauguration du nouveau commissariat de Villeurbanne, la Ville vient de signer la premi\u00e8re strat\u00e9gie territoriale de s\u00e9curit\u00e9 et de pr\u00e9vention de la &hellip;","og_url":"https:\/\/lyonbondyblog.fr\/LBB\/villeurbanne-quand-la-video-surveillance-fait-debat\/","og_site_name":"Lyon Bondy Blog","article_publisher":"https:\/\/www.facebook.com\/lyonbondyblog","article_author":"https:\/\/www.facebook.com\/lyonbondyblog","article_published_time":"2010-06-29T10:16:50+00:00","article_modified_time":"2013-08-29T10:20:08+00:00","og_image":[{"width":194,"height":258,"url":"https:\/\/lyonbondyblog.fr\/LBB\/wp-content\/uploads\/2013\/08\/villeurbanne.png","type":"image\/png"}],"author":"La r\u00e9daction","twitter_card":"summary_large_image","twitter_creator":"@BondyBlogLyon","twitter_site":"@bondybloglyon","schema":{"@context":"https:\/\/schema.org","@graph":[{"@type":"Article","@id":"https:\/\/lyonbondyblog.fr\/LBB\/villeurbanne-quand-la-video-surveillance-fait-debat\/#article","isPartOf":{"@id":"https:\/\/lyonbondyblog.fr\/LBB\/villeurbanne-quand-la-video-surveillance-fait-debat\/"},"author":{"name":"La r\u00e9daction","@id":"https:\/\/lyonbondyblog.fr\/LBB\/#\/schema\/person\/e45f8d27baac75072daa0be50c409b25"},"headline":"Villeurbanne : quand la vid\u00e9o surveillance fait d\u00e9bat&#8230;","datePublished":"2010-06-29T10:16:50+00:00","dateModified":"2013-08-29T10:20:08+00:00","mainEntityOfPage":{"@id":"https:\/\/lyonbondyblog.fr\/LBB\/villeurbanne-quand-la-video-surveillance-fait-debat\/"},"wordCount":509,"commentCount":0,"publisher":{"@id":"https:\/\/lyonbondyblog.fr\/LBB\/#organization"},"image":{"@id":"https:\/\/lyonbondyblog.fr\/LBB\/villeurbanne-quand-la-video-surveillance-fait-debat\/#primaryimage"},"thumbnailUrl":"https:\/\/lyonbondyblog.fr\/LBB\/wp-content\/uploads\/2013\/08\/villeurbanne.png","keywords":["Jean-Paul Bret","lyon","Lyon Bondy Blog","vid\u00e9o-surveillance","Villeurbanne"],"articleSection":["Soci\u00e9t\u00e9"],"inLanguage":"fr-FR","potentialAction":[{"@type":"CommentAction","name":"Comment","target":["https:\/\/lyonbondyblog.fr\/LBB\/villeurbanne-quand-la-video-surveillance-fait-debat\/#respond"]}]},{"@type":"WebPage","@id":"https:\/\/lyonbondyblog.fr\/LBB\/villeurbanne-quand-la-video-surveillance-fait-debat\/","url":"https:\/\/lyonbondyblog.fr\/LBB\/villeurbanne-quand-la-video-surveillance-fait-debat\/","name":"Villeurbanne : quand la vid\u00e9o surveillance fait d\u00e9bat... - Lyon Bondy Blog","isPartOf":{"@id":"https:\/\/lyonbondyblog.fr\/LBB\/#website"},"primaryImageOfPage":{"@id":"https:\/\/lyonbondyblog.fr\/LBB\/villeurbanne-quand-la-video-surveillance-fait-debat\/#primaryimage"},"image":{"@id":"https:\/\/lyonbondyblog.fr\/LBB\/villeurbanne-quand-la-video-surveillance-fait-debat\/#primaryimage"},"thumbnailUrl":"https:\/\/lyonbondyblog.fr\/LBB\/wp-content\/uploads\/2013\/08\/villeurbanne.png","datePublished":"2010-06-29T10:16:50+00:00","dateModified":"2013-08-29T10:20:08+00:00","inLanguage":"fr-FR","potentialAction":[{"@type":"ReadAction","target":["https:\/\/lyonbondyblog.fr\/LBB\/villeurbanne-quand-la-video-surveillance-fait-debat\/"]}]},{"@type":"ImageObject","inLanguage":"fr-FR","@id":"https:\/\/lyonbondyblog.fr\/LBB\/villeurbanne-quand-la-video-surveillance-fait-debat\/#primaryimage","url":"https:\/\/lyonbondyblog.fr\/LBB\/wp-content\/uploads\/2013\/08\/villeurbanne.png","contentUrl":"https:\/\/lyonbondyblog.fr\/LBB\/wp-content\/uploads\/2013\/08\/villeurbanne.png","width":194,"height":258},{"@type":"WebSite","@id":"https:\/\/lyonbondyblog.fr\/LBB\/#website","url":"https:\/\/lyonbondyblog.fr\/LBB\/","name":"Lyon Bondy Blog","description":"","publisher":{"@id":"https:\/\/lyonbondyblog.fr\/LBB\/#organization"},"potentialAction":[{"@type":"SearchAction","target":{"@type":"EntryPoint","urlTemplate":"https:\/\/lyonbondyblog.fr\/LBB\/?s={search_term_string}"},"query-input":"required name=search_term_string"}],"inLanguage":"fr-FR"},{"@type":"Organization","@id":"https:\/\/lyonbondyblog.fr\/LBB\/#organization","name":"LYON BONDY BLOG","url":"https:\/\/lyonbondyblog.fr\/LBB\/","logo":{"@type":"ImageObject","inLanguage":"fr-FR","@id":"https:\/\/lyonbondyblog.fr\/LBB\/#\/schema\/logo\/image\/","url":"http:\/\/lyonbondyblog.fr\/LBB\/wp-content\/uploads\/2014\/10\/logo-portable-144.png","contentUrl":"http:\/\/lyonbondyblog.fr\/LBB\/wp-content\/uploads\/2014\/10\/logo-portable-144.png","width":144,"height":123,"caption":"LYON BONDY BLOG"},"image":{"@id":"https:\/\/lyonbondyblog.fr\/LBB\/#\/schema\/logo\/image\/"},"sameAs":["https:\/\/www.facebook.com\/lyonbondyblog","https:\/\/x.com\/bondybloglyon"]},{"@type":"Person","@id":"https:\/\/lyonbondyblog.fr\/LBB\/#\/schema\/person\/e45f8d27baac75072daa0be50c409b25","name":"La r\u00e9daction","description":"Cr\u00e9e en 2008, la r\u00e9daction du Lyon Bondy Blog s'applique \u00e0 proposer une information locale diff\u00e9rente et compl\u00e9mentaire des m\u00e9dias traditionnels.","sameAs":["https:\/\/www.facebook.com\/lyonbondyblog","https:\/\/x.com\/BondyBlogLyon"],"url":"https:\/\/lyonbondyblog.fr\/LBB\/author\/admin\/"}]}},"_links":{"self":[{"href":"https:\/\/lyonbondyblog.fr\/LBB\/wp-json\/wp\/v2\/posts\/4085","targetHints":{"allow":["GET"]}}],"collection":[{"href":"https:\/\/lyonbondyblog.fr\/LBB\/wp-json\/wp\/v2\/posts"}],"about":[{"href":"https:\/\/lyonbondyblog.fr\/LBB\/wp-json\/wp\/v2\/types\/post"}],"author":[{"embeddable":true,"href":"https:\/\/lyonbondyblog.fr\/LBB\/wp-json\/wp\/v2\/users\/1"}],"replies":[{"embeddable":true,"href":"https:\/\/lyonbondyblog.fr\/LBB\/wp-json\/wp\/v2\/comments?post=4085"}],"version-history":[{"count":0,"href":"https:\/\/lyonbondyblog.fr\/LBB\/wp-json\/wp\/v2\/posts\/4085\/revisions"}],"wp:featuredmedia":[{"embeddable":true,"href":"https:\/\/lyonbondyblog.fr\/LBB\/wp-json\/wp\/v2\/media\/4086"}],"wp:attachment":[{"href":"https:\/\/lyonbondyblog.fr\/LBB\/wp-json\/wp\/v2\/media?parent=4085"}],"wp:term":[{"taxonomy":"category","embeddable":true,"href":"https:\/\/lyonbondyblog.fr\/LBB\/wp-json\/wp\/v2\/categories?post=4085"},{"taxonomy":"post_tag","embeddable":true,"href":"https:\/\/lyonbondyblog.fr\/LBB\/wp-json\/wp\/v2\/tags?post=4085"}],"curies":[{"name":"wp","href":"https:\/\/api.w.org\/{rel}","templated":true}]}}