{"id":4079,"date":"2011-03-10T11:47:51","date_gmt":"2011-03-10T10:47:51","guid":{"rendered":"http:\/\/lyonbondyblog.fr\/LBB\/?p=4079"},"modified":"2013-08-29T11:59:44","modified_gmt":"2013-08-29T09:59:44","slug":"lyon-au-feminin","status":"publish","type":"post","link":"https:\/\/lyonbondyblog.fr\/LBB\/lyon-au-feminin\/","title":{"rendered":"Lyon au f\u00e9minin"},"content":{"rendered":"<p><strong>A l&rsquo;occasion du 8 mars, l&rsquo;association Filactions qui a pour mission de lutter contre les violences conjugales et sexistes a organis\u00e9 une visit\u00e9 guid\u00e9e \u00e0 travers Lyon.<\/strong><\/p>\n<div><\/div>\n<div>\u00a0<a href=\"https:\/\/lyonbondyblog.fr\/LBB\/wp-content\/uploads\/2013\/08\/lyon-au-feminin.jpg\"><img loading=\"lazy\" decoding=\"async\" width=\"300\" height=\"240\" class=\"size-medium wp-image-4080 alignright\" alt=\"lyon au feminin\" src=\"https:\/\/lyonbondyblog.fr\/LBB\/wp-content\/uploads\/2013\/08\/lyon-au-feminin-300x240.jpg\" srcset=\"https:\/\/lyonbondyblog.fr\/LBB\/wp-content\/uploads\/2013\/08\/lyon-au-feminin-300x240.jpg 300w, https:\/\/lyonbondyblog.fr\/LBB\/wp-content\/uploads\/2013\/08\/lyon-au-feminin.jpg 887w\" sizes=\"auto, (max-width: 300px) 100vw, 300px\" \/><\/a><\/div>\n<p>Le rendez vous est donn\u00e9 place Louis Pradel, \u00e0 17H30. A mon arriv\u00e9e, un groupe d&rsquo;une vingtaine de personnes est d\u00e9j\u00e0 sur place, majoritairement des femmes dont Maryvonne Bin-Heng, la pr\u00e9sidente de l&rsquo;association. Objectif de cette visite\u00a0: d\u00e9couvrir les lieux qui rendent hommage, qui ont \u00e9t\u00e9 t\u00e9moin d&rsquo;activit\u00e9s ou de combats de femmes qui ont marqu\u00e9 le temps.<\/p>\n<p>Deux groupes sont ainsi form\u00e9s. Alors que le premier part, les derniers retardataires arrivent. 17H45, il est temps pour le second groupe (le notre) de commencer la visite avec deux membres de l&rsquo;association qui seront nos guides. Premi\u00e8re \u00e9tape, Rue Royale, dans le 1er arrondissement, \u00e0 la rencontre de la m\u00e8re Brazier, patronne de bouchons lyonnais. <strong>De son vrai nom Eug\u00e9nie Brazier (1895-1977), elle est la\u00a0 premi\u00e8re femme \u00e0 avoir obtenue 3 \u00e9toiles au guide Michelin.<\/strong> Apr\u00e8s une br\u00e8ve et rapide description de celle-ci, retour place Pradel \/ H\u00f4tel de ville pour s&rsquo;arr\u00eater devant l&rsquo;un des plus beaux monuments de la ville des Gaules\u00a0: l&rsquo;Op\u00e9ra. Un Op\u00e9ra qui a accueilli <strong>Claire Gibault, l&rsquo;une des rares femmes chefs d&rsquo;orchestre dans le monde<\/strong><b>. <\/b>Mais lors de \u00ab\u00a0son passage\u00a0\u00bb \u00e0 Lyon, elle ne sera que l&rsquo;assistante (1983-1989) de <a href=\"http:\/\/fr.wikipedia.org\/wiki\/John_Eliot_Gardiner\">John Eliot Gardiner<\/a>, alors directeur musical de l&rsquo;orchestre de l\u2019Op\u00e9ra national de Lyon. Ce n&rsquo;est qu&rsquo;en 1995 qu&rsquo;elle devient la premi\u00e8re femme \u00e0 diriger l\u2019orchestre de <a href=\"http:\/\/fr.wikipedia.org\/wiki\/La_Scala\">La Scala<\/a> \u00e0 l\u2019occasion de la cr\u00e9ation de l\u2019Op\u00e9ra <a href=\"http:\/\/fr.wikipedia.org\/w\/index.php?title=La_Station_Thermale&amp;action=edit&amp;redlink=1\">La Station Thermale<\/a> de <a href=\"http:\/\/fr.wikipedia.org\/wiki\/Fabio_Vacchi\">Fabio Vacchi. <\/a>Mais pas le temps de trop s&rsquo;attarder car les autres lieux nous attendent.<\/p>\n<p>Direction donc, cette fois-ci, les pentes de la croix rousse. Mais juste avant, arr\u00eat Place des Terreaux o\u00f9 a v\u00e9cu, celle que l&rsquo;on surnomme \u00ab\u00a0Notre-Dame-Des-Pleurs\u00a0\u00bb en r\u00e9f\u00e9rence aux nombreux drames qui jalonn\u00e8rent sa vie, <b>la <\/b><strong>po\u00e9tesse Marcelline Desbordes Valmore<\/strong> (1786-1859). Notre visite se poursuit \u00ab\u00a0au bas\u00a0\u00bb des pentes de la croix rousse, \u00e0 l&rsquo;amphith\u00e9\u00e2tre des trois Gaulles. Lieu mythique o\u00f9 <strong>Sainte Blandine <\/strong>(177) , la jeune esclave, fut martyris\u00e9e en raison de sa foi chr\u00e9tienne. \u00ab\u00a0Elle sera suspendue par les bras et livr\u00e9e aux b\u00eates, celles-ci n&rsquo;en veulent pas. Expos\u00e9e au gril, elle est roul\u00e9e dans un filet de r\u00e9tiaire (gladiateur arm\u00e9 d&rsquo;un poignard et d&rsquo;un filet) et livr\u00e9e \u00e0 un taureau sauvage, qui la lance en l&rsquo;air avec ses cornes, puis on l&rsquo;ach\u00e8ve par le glaive.\u00a0\u00bb<\/p>\n<p>Arriv\u00e9e en haut de la Croix Rousse, impossible de ne pas \u00e9voquer les ovalistes. \u00ab\u00a0Ovalistes\u00a0\u00bb, cela ne vous dit peut \u00eatre rien et pourtant, c&rsquo;\u00e9tait le nom des ouvri\u00e8res de la soie. <strong>Durant l&rsquo;\u00e9t\u00e9 1869, 2000 ouvri\u00e8res \u00ab\u00a0ovalistes\u00a0\u00bb se mettent en gr\u00e8ve pour demander une augmentation de leur salaire <\/strong>et une diminution de leur temps de travail. Une gr\u00e8ve qui durera 2 mois et qui marquera le monde f\u00e9minin.<\/p>\n<p>19H20, le jour s&rsquo;est couch\u00e9 sur Lyon et il est temps pour notre groupe de redescendre vers le centre de Lyon, en longeant les quais de Sa\u00f4ne. Prochaine \u00e9tape, rue Emile Zola, non loin du th\u00e9\u00e2tre des C\u00e9l\u00e8stins. Aucune plaque n&rsquo;est accroch\u00e9 au mur en hommage, deux magasins se trouvent au rez de chauss\u00e9, bref, un simple immeuble du centre ville. Et pourtant, <strong>dans cet immeuble a v\u00e9cu et travaill\u00e9 l&rsquo;une des figures de la r\u00e9sistance lyonnaise\u00a0: France P\u00e9jot.<\/strong> Et si, je vous dis qu&rsquo;elle est en plus la m\u00e8re de Jean Michel Jarre, je suis certaine que cela vous parle d\u00e9j\u00e0 un peu plus. N\u00e9e \u00e0 Lyon en 1914, elle a \u00e9t\u00e9 membre du mouvement de r\u00e9sistance <a href=\"http:\/\/fr.wikipedia.org\/wiki\/Franc-Tireur_%28r%C3%A9sistance_fran%C3%A7aise%29\">Franc-Tireur et a \u00e9t\u00e9<\/a> d\u00e9port\u00e9e \u00e0 <a href=\"http:\/\/fr.wikipedia.org\/wiki\/Ravensbr%C3%BCck\">Ravensbr\u00fcck<\/a>.<\/p>\n<p>Il est d\u00e9j\u00e0 20h, il est temps que la balade se finisse car la fatigue commence \u00e0 se faire sentir. Pour cl\u00f4turer cette visite, nous nous arr\u00eatons rue de la Belle cordi\u00e8re \u00e0 la rencontre de <strong>la po\u00e9tesse lyonnaise Louise Lab\u00e9<\/strong>. Une po\u00e9tesse plut\u00f4t \u00ab\u00a0os\u00e9e\u00a0\u00bb pour l&rsquo;\u00e9poque (la Renaissance).<\/p>\n<p>Bien s\u00fbr, m\u00eame si la visite est termin\u00e9e, de nombreuses autres lyonnaises ont laiss\u00e9 leur empreinte dans notre ville, sans \u00eatre pour autant connues du grand public\u00a0: \u00a0<strong>Juliette R\u00e9camier, Christine Pascale, Chlotilde Bizolon, Francoise-H\u00e9lene Jourda, La Marquise de S\u00e9vign\u00e9&#8230;<\/strong><\/p>\n<p><strong>Filactions organise une autre visite guid\u00e9e ce samedi 12 mars \u00e0 15h.<\/strong><\/p>\n<p><strong>R\u00e9servation Obligatoire au 04.78.30.63.50 ou \u00e0 filactions@gmail.com<\/strong><br \/>\n<strong> Prix\u00a0: 5 euros tarif plein \/ 3 euros tarif r\u00e9duit (\u00e9tudiants, groupes, ch\u00f4meurs)<\/strong><\/p>\n<p>&nbsp;<\/p>\n<!-- AddThis Advanced Settings generic via filter on the_content --><!-- AddThis Share Buttons generic via filter on the_content -->","protected":false},"excerpt":{"rendered":"<p>A l&rsquo;occasion du 8 mars, l&rsquo;association Filactions qui a pour mission de lutter contre les violences conjugales et sexistes a organis\u00e9 une visit\u00e9 guid\u00e9e \u00e0 &hellip; <!-- AddThis Advanced Settings generic via filter on wp_trim_excerpt --><!-- AddThis Share Buttons generic via filter on wp_trim_excerpt --><\/p>\n","protected":false},"author":1,"featured_media":4080,"comment_status":"open","ping_status":"open","sticky":false,"template":"","format":"standard","meta":{"_FSMCFIC_featured_image_caption":"","_FSMCFIC_featured_image_nocaption":"","_FSMCFIC_featured_image_hide":"","footnotes":""},"categories":[3],"tags":[886,885,10,112,887],"class_list":["post-4079","post","type-post","status-publish","format-standard","has-post-thumbnail","hentry","category-culture","tag-filactions","tag-journee-de-la-femme","tag-lyon-2","tag-lyon-bondy-blog","tag-lyonnaises"],"yoast_head":"<!-- This site is optimized with the Yoast SEO plugin v22.8 - https:\/\/yoast.com\/wordpress\/plugins\/seo\/ -->\n<title>Lyon au f\u00e9minin - Lyon Bondy Blog<\/title>\n<meta name=\"robots\" content=\"index, follow, max-snippet:-1, max-image-preview:large, max-video-preview:-1\" \/>\n<link rel=\"canonical\" href=\"https:\/\/lyonbondyblog.fr\/LBB\/lyon-au-feminin\/\" \/>\n<meta property=\"og:locale\" content=\"fr_FR\" \/>\n<meta property=\"og:type\" content=\"article\" \/>\n<meta property=\"og:title\" content=\"Lyon au f\u00e9minin - Lyon Bondy Blog\" \/>\n<meta property=\"og:description\" content=\"A l&rsquo;occasion du 8 mars, l&rsquo;association Filactions qui a pour mission de lutter contre les violences conjugales et sexistes a organis\u00e9 une visit\u00e9 guid\u00e9e \u00e0 &hellip;\" \/>\n<meta property=\"og:url\" content=\"https:\/\/lyonbondyblog.fr\/LBB\/lyon-au-feminin\/\" \/>\n<meta property=\"og:site_name\" content=\"Lyon Bondy Blog\" \/>\n<meta property=\"article:publisher\" content=\"https:\/\/www.facebook.com\/lyonbondyblog\" \/>\n<meta property=\"article:author\" content=\"https:\/\/www.facebook.com\/lyonbondyblog\" \/>\n<meta property=\"article:published_time\" content=\"2011-03-10T10:47:51+00:00\" \/>\n<meta property=\"article:modified_time\" content=\"2013-08-29T09:59:44+00:00\" \/>\n<meta property=\"og:image\" content=\"https:\/\/lyonbondyblog.fr\/LBB\/wp-content\/uploads\/2013\/08\/lyon-au-feminin.jpg\" \/>\n\t<meta property=\"og:image:width\" content=\"887\" \/>\n\t<meta property=\"og:image:height\" content=\"710\" \/>\n\t<meta property=\"og:image:type\" content=\"image\/jpeg\" \/>\n<meta name=\"author\" content=\"La r\u00e9daction\" \/>\n<meta name=\"twitter:card\" content=\"summary_large_image\" \/>\n<meta name=\"twitter:creator\" content=\"@BondyBlogLyon\" \/>\n<meta name=\"twitter:site\" content=\"@bondybloglyon\" \/>\n<script type=\"application\/ld+json\" class=\"yoast-schema-graph\">{\"@context\":\"https:\/\/schema.org\",\"@graph\":[{\"@type\":\"Article\",\"@id\":\"https:\/\/lyonbondyblog.fr\/LBB\/lyon-au-feminin\/#article\",\"isPartOf\":{\"@id\":\"https:\/\/lyonbondyblog.fr\/LBB\/lyon-au-feminin\/\"},\"author\":{\"name\":\"La r\u00e9daction\",\"@id\":\"https:\/\/lyonbondyblog.fr\/LBB\/#\/schema\/person\/e45f8d27baac75072daa0be50c409b25\"},\"headline\":\"Lyon au f\u00e9minin\",\"datePublished\":\"2011-03-10T10:47:51+00:00\",\"dateModified\":\"2013-08-29T09:59:44+00:00\",\"mainEntityOfPage\":{\"@id\":\"https:\/\/lyonbondyblog.fr\/LBB\/lyon-au-feminin\/\"},\"wordCount\":775,\"commentCount\":0,\"publisher\":{\"@id\":\"https:\/\/lyonbondyblog.fr\/LBB\/#organization\"},\"image\":{\"@id\":\"https:\/\/lyonbondyblog.fr\/LBB\/lyon-au-feminin\/#primaryimage\"},\"thumbnailUrl\":\"https:\/\/lyonbondyblog.fr\/LBB\/wp-content\/uploads\/2013\/08\/lyon-au-feminin.jpg\",\"keywords\":[\"fil'actions\",\"journ\u00e9e de la femme\",\"lyon\",\"Lyon Bondy Blog\",\"lyonnaises\"],\"articleSection\":[\"Culture\"],\"inLanguage\":\"fr-FR\",\"potentialAction\":[{\"@type\":\"CommentAction\",\"name\":\"Comment\",\"target\":[\"https:\/\/lyonbondyblog.fr\/LBB\/lyon-au-feminin\/#respond\"]}]},{\"@type\":\"WebPage\",\"@id\":\"https:\/\/lyonbondyblog.fr\/LBB\/lyon-au-feminin\/\",\"url\":\"https:\/\/lyonbondyblog.fr\/LBB\/lyon-au-feminin\/\",\"name\":\"Lyon au f\u00e9minin - Lyon Bondy Blog\",\"isPartOf\":{\"@id\":\"https:\/\/lyonbondyblog.fr\/LBB\/#website\"},\"primaryImageOfPage\":{\"@id\":\"https:\/\/lyonbondyblog.fr\/LBB\/lyon-au-feminin\/#primaryimage\"},\"image\":{\"@id\":\"https:\/\/lyonbondyblog.fr\/LBB\/lyon-au-feminin\/#primaryimage\"},\"thumbnailUrl\":\"https:\/\/lyonbondyblog.fr\/LBB\/wp-content\/uploads\/2013\/08\/lyon-au-feminin.jpg\",\"datePublished\":\"2011-03-10T10:47:51+00:00\",\"dateModified\":\"2013-08-29T09:59:44+00:00\",\"inLanguage\":\"fr-FR\",\"potentialAction\":[{\"@type\":\"ReadAction\",\"target\":[\"https:\/\/lyonbondyblog.fr\/LBB\/lyon-au-feminin\/\"]}]},{\"@type\":\"ImageObject\",\"inLanguage\":\"fr-FR\",\"@id\":\"https:\/\/lyonbondyblog.fr\/LBB\/lyon-au-feminin\/#primaryimage\",\"url\":\"https:\/\/lyonbondyblog.fr\/LBB\/wp-content\/uploads\/2013\/08\/lyon-au-feminin.jpg\",\"contentUrl\":\"https:\/\/lyonbondyblog.fr\/LBB\/wp-content\/uploads\/2013\/08\/lyon-au-feminin.jpg\",\"width\":887,\"height\":710},{\"@type\":\"WebSite\",\"@id\":\"https:\/\/lyonbondyblog.fr\/LBB\/#website\",\"url\":\"https:\/\/lyonbondyblog.fr\/LBB\/\",\"name\":\"Lyon Bondy Blog\",\"description\":\"\",\"publisher\":{\"@id\":\"https:\/\/lyonbondyblog.fr\/LBB\/#organization\"},\"potentialAction\":[{\"@type\":\"SearchAction\",\"target\":{\"@type\":\"EntryPoint\",\"urlTemplate\":\"https:\/\/lyonbondyblog.fr\/LBB\/?s={search_term_string}\"},\"query-input\":\"required name=search_term_string\"}],\"inLanguage\":\"fr-FR\"},{\"@type\":\"Organization\",\"@id\":\"https:\/\/lyonbondyblog.fr\/LBB\/#organization\",\"name\":\"LYON BONDY BLOG\",\"url\":\"https:\/\/lyonbondyblog.fr\/LBB\/\",\"logo\":{\"@type\":\"ImageObject\",\"inLanguage\":\"fr-FR\",\"@id\":\"https:\/\/lyonbondyblog.fr\/LBB\/#\/schema\/logo\/image\/\",\"url\":\"http:\/\/lyonbondyblog.fr\/LBB\/wp-content\/uploads\/2014\/10\/logo-portable-144.png\",\"contentUrl\":\"http:\/\/lyonbondyblog.fr\/LBB\/wp-content\/uploads\/2014\/10\/logo-portable-144.png\",\"width\":144,\"height\":123,\"caption\":\"LYON BONDY BLOG\"},\"image\":{\"@id\":\"https:\/\/lyonbondyblog.fr\/LBB\/#\/schema\/logo\/image\/\"},\"sameAs\":[\"https:\/\/www.facebook.com\/lyonbondyblog\",\"https:\/\/x.com\/bondybloglyon\"]},{\"@type\":\"Person\",\"@id\":\"https:\/\/lyonbondyblog.fr\/LBB\/#\/schema\/person\/e45f8d27baac75072daa0be50c409b25\",\"name\":\"La r\u00e9daction\",\"description\":\"Cr\u00e9e en 2008, la r\u00e9daction du Lyon Bondy Blog s'applique \u00e0 proposer une information locale diff\u00e9rente et compl\u00e9mentaire des m\u00e9dias traditionnels.\",\"sameAs\":[\"https:\/\/www.facebook.com\/lyonbondyblog\",\"https:\/\/x.com\/BondyBlogLyon\"],\"url\":\"https:\/\/lyonbondyblog.fr\/LBB\/author\/admin\/\"}]}<\/script>\n<!-- \/ Yoast SEO plugin. -->","yoast_head_json":{"title":"Lyon au f\u00e9minin - Lyon Bondy Blog","robots":{"index":"index","follow":"follow","max-snippet":"max-snippet:-1","max-image-preview":"max-image-preview:large","max-video-preview":"max-video-preview:-1"},"canonical":"https:\/\/lyonbondyblog.fr\/LBB\/lyon-au-feminin\/","og_locale":"fr_FR","og_type":"article","og_title":"Lyon au f\u00e9minin - Lyon Bondy Blog","og_description":"A l&rsquo;occasion du 8 mars, l&rsquo;association Filactions qui a pour mission de lutter contre les violences conjugales et sexistes a organis\u00e9 une visit\u00e9 guid\u00e9e \u00e0 &hellip;","og_url":"https:\/\/lyonbondyblog.fr\/LBB\/lyon-au-feminin\/","og_site_name":"Lyon Bondy Blog","article_publisher":"https:\/\/www.facebook.com\/lyonbondyblog","article_author":"https:\/\/www.facebook.com\/lyonbondyblog","article_published_time":"2011-03-10T10:47:51+00:00","article_modified_time":"2013-08-29T09:59:44+00:00","og_image":[{"width":887,"height":710,"url":"https:\/\/lyonbondyblog.fr\/LBB\/wp-content\/uploads\/2013\/08\/lyon-au-feminin.jpg","type":"image\/jpeg"}],"author":"La r\u00e9daction","twitter_card":"summary_large_image","twitter_creator":"@BondyBlogLyon","twitter_site":"@bondybloglyon","schema":{"@context":"https:\/\/schema.org","@graph":[{"@type":"Article","@id":"https:\/\/lyonbondyblog.fr\/LBB\/lyon-au-feminin\/#article","isPartOf":{"@id":"https:\/\/lyonbondyblog.fr\/LBB\/lyon-au-feminin\/"},"author":{"name":"La r\u00e9daction","@id":"https:\/\/lyonbondyblog.fr\/LBB\/#\/schema\/person\/e45f8d27baac75072daa0be50c409b25"},"headline":"Lyon au f\u00e9minin","datePublished":"2011-03-10T10:47:51+00:00","dateModified":"2013-08-29T09:59:44+00:00","mainEntityOfPage":{"@id":"https:\/\/lyonbondyblog.fr\/LBB\/lyon-au-feminin\/"},"wordCount":775,"commentCount":0,"publisher":{"@id":"https:\/\/lyonbondyblog.fr\/LBB\/#organization"},"image":{"@id":"https:\/\/lyonbondyblog.fr\/LBB\/lyon-au-feminin\/#primaryimage"},"thumbnailUrl":"https:\/\/lyonbondyblog.fr\/LBB\/wp-content\/uploads\/2013\/08\/lyon-au-feminin.jpg","keywords":["fil'actions","journ\u00e9e de la femme","lyon","Lyon Bondy Blog","lyonnaises"],"articleSection":["Culture"],"inLanguage":"fr-FR","potentialAction":[{"@type":"CommentAction","name":"Comment","target":["https:\/\/lyonbondyblog.fr\/LBB\/lyon-au-feminin\/#respond"]}]},{"@type":"WebPage","@id":"https:\/\/lyonbondyblog.fr\/LBB\/lyon-au-feminin\/","url":"https:\/\/lyonbondyblog.fr\/LBB\/lyon-au-feminin\/","name":"Lyon au f\u00e9minin - Lyon Bondy Blog","isPartOf":{"@id":"https:\/\/lyonbondyblog.fr\/LBB\/#website"},"primaryImageOfPage":{"@id":"https:\/\/lyonbondyblog.fr\/LBB\/lyon-au-feminin\/#primaryimage"},"image":{"@id":"https:\/\/lyonbondyblog.fr\/LBB\/lyon-au-feminin\/#primaryimage"},"thumbnailUrl":"https:\/\/lyonbondyblog.fr\/LBB\/wp-content\/uploads\/2013\/08\/lyon-au-feminin.jpg","datePublished":"2011-03-10T10:47:51+00:00","dateModified":"2013-08-29T09:59:44+00:00","inLanguage":"fr-FR","potentialAction":[{"@type":"ReadAction","target":["https:\/\/lyonbondyblog.fr\/LBB\/lyon-au-feminin\/"]}]},{"@type":"ImageObject","inLanguage":"fr-FR","@id":"https:\/\/lyonbondyblog.fr\/LBB\/lyon-au-feminin\/#primaryimage","url":"https:\/\/lyonbondyblog.fr\/LBB\/wp-content\/uploads\/2013\/08\/lyon-au-feminin.jpg","contentUrl":"https:\/\/lyonbondyblog.fr\/LBB\/wp-content\/uploads\/2013\/08\/lyon-au-feminin.jpg","width":887,"height":710},{"@type":"WebSite","@id":"https:\/\/lyonbondyblog.fr\/LBB\/#website","url":"https:\/\/lyonbondyblog.fr\/LBB\/","name":"Lyon Bondy Blog","description":"","publisher":{"@id":"https:\/\/lyonbondyblog.fr\/LBB\/#organization"},"potentialAction":[{"@type":"SearchAction","target":{"@type":"EntryPoint","urlTemplate":"https:\/\/lyonbondyblog.fr\/LBB\/?s={search_term_string}"},"query-input":"required name=search_term_string"}],"inLanguage":"fr-FR"},{"@type":"Organization","@id":"https:\/\/lyonbondyblog.fr\/LBB\/#organization","name":"LYON BONDY BLOG","url":"https:\/\/lyonbondyblog.fr\/LBB\/","logo":{"@type":"ImageObject","inLanguage":"fr-FR","@id":"https:\/\/lyonbondyblog.fr\/LBB\/#\/schema\/logo\/image\/","url":"http:\/\/lyonbondyblog.fr\/LBB\/wp-content\/uploads\/2014\/10\/logo-portable-144.png","contentUrl":"http:\/\/lyonbondyblog.fr\/LBB\/wp-content\/uploads\/2014\/10\/logo-portable-144.png","width":144,"height":123,"caption":"LYON BONDY BLOG"},"image":{"@id":"https:\/\/lyonbondyblog.fr\/LBB\/#\/schema\/logo\/image\/"},"sameAs":["https:\/\/www.facebook.com\/lyonbondyblog","https:\/\/x.com\/bondybloglyon"]},{"@type":"Person","@id":"https:\/\/lyonbondyblog.fr\/LBB\/#\/schema\/person\/e45f8d27baac75072daa0be50c409b25","name":"La r\u00e9daction","description":"Cr\u00e9e en 2008, la r\u00e9daction du Lyon Bondy Blog s'applique \u00e0 proposer une information locale diff\u00e9rente et compl\u00e9mentaire des m\u00e9dias traditionnels.","sameAs":["https:\/\/www.facebook.com\/lyonbondyblog","https:\/\/x.com\/BondyBlogLyon"],"url":"https:\/\/lyonbondyblog.fr\/LBB\/author\/admin\/"}]}},"_links":{"self":[{"href":"https:\/\/lyonbondyblog.fr\/LBB\/wp-json\/wp\/v2\/posts\/4079","targetHints":{"allow":["GET"]}}],"collection":[{"href":"https:\/\/lyonbondyblog.fr\/LBB\/wp-json\/wp\/v2\/posts"}],"about":[{"href":"https:\/\/lyonbondyblog.fr\/LBB\/wp-json\/wp\/v2\/types\/post"}],"author":[{"embeddable":true,"href":"https:\/\/lyonbondyblog.fr\/LBB\/wp-json\/wp\/v2\/users\/1"}],"replies":[{"embeddable":true,"href":"https:\/\/lyonbondyblog.fr\/LBB\/wp-json\/wp\/v2\/comments?post=4079"}],"version-history":[{"count":0,"href":"https:\/\/lyonbondyblog.fr\/LBB\/wp-json\/wp\/v2\/posts\/4079\/revisions"}],"wp:featuredmedia":[{"embeddable":true,"href":"https:\/\/lyonbondyblog.fr\/LBB\/wp-json\/wp\/v2\/media\/4080"}],"wp:attachment":[{"href":"https:\/\/lyonbondyblog.fr\/LBB\/wp-json\/wp\/v2\/media?parent=4079"}],"wp:term":[{"taxonomy":"category","embeddable":true,"href":"https:\/\/lyonbondyblog.fr\/LBB\/wp-json\/wp\/v2\/categories?post=4079"},{"taxonomy":"post_tag","embeddable":true,"href":"https:\/\/lyonbondyblog.fr\/LBB\/wp-json\/wp\/v2\/tags?post=4079"}],"curies":[{"name":"wp","href":"https:\/\/api.w.org\/{rel}","templated":true}]}}