{"id":4052,"date":"2011-11-17T10:29:42","date_gmt":"2011-11-17T09:29:42","guid":{"rendered":"http:\/\/lyonbondyblog.fr\/LBB\/?p=4052"},"modified":"2013-08-29T10:37:25","modified_gmt":"2013-08-29T08:37:25","slug":"chroniques-citoyennes-1ere-partie-on-ne-nait-pas-citoyenne-on-le-devient","status":"publish","type":"post","link":"https:\/\/lyonbondyblog.fr\/LBB\/chroniques-citoyennes-1ere-partie-on-ne-nait-pas-citoyenne-on-le-devient\/","title":{"rendered":"\u00ab\u00a0CHRONIQUES CITOYENNES 1\u00e8re partie  : On ne nait pas citoyenne, on le devient.\u00a0\u00bb"},"content":{"rendered":"<p><strong>Aleister est un des membres du Lyon Bondy Blog, toujours pr\u00e9sent pour filmer, garder trace de nos actions. Nous choisissons de publier le premier volet de ses \u00ab\u00a0chroniques citoyennes\u00a0\u00bb, r\u00e9alis\u00e9es avec Paolo &amp; Rafika, tous deux bloggeurs aussi&#8230;<\/strong><\/p>\n<div><a title=\" -- Cliquez pour voir l'image en entier\" href=\"http:\/\/yahoo.lyon.bondyblog.fr\/images\/chroniques_cityennes.jpg\" target=\"_blank\"> <img decoding=\"async\" class=\"alignright\" alt=\" -- Cliquez pour voir l'image en entier\" src=\"http:\/\/yahoo.lyon.bondyblog.fr\/images\/chroniques_cityennes_t.jpg\" border=\"0\" \/> <\/a><\/div>\n<div><\/div>\n<p>&lsquo;<i>&lsquo;En arrivant un matin au centre social du Tonkin (Villeurbanne), arm\u00e9 d&rsquo;une cam\u00e9ra et d&rsquo;un micro, j&rsquo;\u00e9tais loin d&rsquo;imaginer l&rsquo;engouement et les rencontres que j&rsquo;allais y vivre. Rafika et Paolo, bloggers du Lyon Bondy Blog, \u00e9taient \u00e0 l&rsquo;initiative du projet vid\u00e9o et je ne savais pas encore pr\u00e9cis\u00e9ment ce qu&rsquo;on allait filmer. Le projet s&rsquo;est finalement \u00e9tal\u00e9 sur plusieurs semaines, durant lesquelles nous avons assist\u00e9, derri\u00e8re nos cameras, \u00e0 quelques rencontres entre les jeunes filles du centre et des femmes aux parcours tr\u00e8s divers mais toujours engag\u00e9s.<br \/>\nL&rsquo;id\u00e9e de Houda, responsable jeunes du centre, nous a s\u00e9duite. A l&rsquo;occasion de la journ\u00e9e de la femme, elle a ax\u00e9 son action sur les filles, souvent discr\u00e8tes ou marginalis\u00e9es par l&rsquo;occupation physique et sonore des gar\u00e7ons. En permettant \u00e0 ces jeunes filles, qui parfois manquent de mod\u00e8les de r\u00e9ussite et d&rsquo;engagement, d&rsquo;\u00e9couter, d&rsquo;\u00e9changer avec ces femmes chefs d&rsquo;entreprise, \u00e9lues, engag\u00e9es pour les droits des femmes, Houda les guide vers un engagement citoyen et leurs montre qu&rsquo;elles ont des possibilit\u00e9s, des choix&#8230;<\/i> \u00a0\u00bb<\/p>\n<p><a href=\"http:\/\/blip.tv\/hitch-cook\/chroniques-citoyennes-5741996\">Retrouvez la vid\u00e9o en ligne de la premi\u00e8re chronique citoyenne du Lyon Bondy Blog<\/a><\/p>\n<p style=\"text-align: right;\"><span style=\"text-decoration: underline;\"> Aleister Sutton<\/span><\/p>\n<!-- AddThis Advanced Settings generic via filter on the_content --><!-- AddThis Share Buttons generic via filter on the_content -->","protected":false},"excerpt":{"rendered":"<p>Aleister est un des membres du Lyon Bondy Blog, toujours pr\u00e9sent pour filmer, garder trace de nos actions. Nous choisissons de publier le premier volet &hellip; <!-- AddThis Advanced Settings generic via filter on wp_trim_excerpt --><!-- AddThis Share Buttons generic via filter on wp_trim_excerpt --><\/p>\n","protected":false},"author":1,"featured_media":4053,"comment_status":"open","ping_status":"open","sticky":false,"template":"","format":"standard","meta":{"_FSMCFIC_featured_image_caption":"","_FSMCFIC_featured_image_nocaption":"","_FSMCFIC_featured_image_hide":"","footnotes":""},"categories":[5],"tags":[875,599,10,112],"class_list":["post-4052","post","type-post","status-publish","format-standard","has-post-thumbnail","hentry","category-ambiance","tag-chroniques-citoyennes","tag-citoyen","tag-lyon-2","tag-lyon-bondy-blog"],"yoast_head":"<!-- This site is optimized with the Yoast SEO plugin v22.8 - https:\/\/yoast.com\/wordpress\/plugins\/seo\/ -->\n<title>&quot;CHRONIQUES CITOYENNES 1\u00e8re partie : On ne nait pas citoyenne, on le devient.&quot; - Lyon Bondy Blog<\/title>\n<meta name=\"robots\" content=\"index, follow, max-snippet:-1, max-image-preview:large, max-video-preview:-1\" \/>\n<link rel=\"canonical\" href=\"https:\/\/lyonbondyblog.fr\/LBB\/chroniques-citoyennes-1ere-partie-on-ne-nait-pas-citoyenne-on-le-devient\/\" \/>\n<meta property=\"og:locale\" content=\"fr_FR\" \/>\n<meta property=\"og:type\" content=\"article\" \/>\n<meta property=\"og:title\" content=\"&quot;CHRONIQUES CITOYENNES 1\u00e8re partie : On ne nait pas citoyenne, on le devient.&quot; - Lyon Bondy Blog\" \/>\n<meta property=\"og:description\" content=\"Aleister est un des membres du Lyon Bondy Blog, toujours pr\u00e9sent pour filmer, garder trace de nos actions. Nous choisissons de publier le premier volet &hellip;\" \/>\n<meta property=\"og:url\" content=\"https:\/\/lyonbondyblog.fr\/LBB\/chroniques-citoyennes-1ere-partie-on-ne-nait-pas-citoyenne-on-le-devient\/\" \/>\n<meta property=\"og:site_name\" content=\"Lyon Bondy Blog\" \/>\n<meta property=\"article:publisher\" content=\"https:\/\/www.facebook.com\/lyonbondyblog\" \/>\n<meta property=\"article:author\" content=\"https:\/\/www.facebook.com\/lyonbondyblog\" \/>\n<meta property=\"article:published_time\" content=\"2011-11-17T09:29:42+00:00\" \/>\n<meta property=\"article:modified_time\" content=\"2013-08-29T08:37:25+00:00\" \/>\n<meta property=\"og:image\" content=\"https:\/\/lyonbondyblog.fr\/LBB\/wp-content\/uploads\/2013\/08\/chroniques-cityennes.jpg\" \/>\n\t<meta property=\"og:image:width\" content=\"5700\" \/>\n\t<meta property=\"og:image:height\" content=\"3597\" \/>\n\t<meta property=\"og:image:type\" content=\"image\/jpeg\" \/>\n<meta name=\"author\" content=\"La r\u00e9daction\" \/>\n<meta name=\"twitter:card\" content=\"summary_large_image\" \/>\n<meta name=\"twitter:creator\" content=\"@BondyBlogLyon\" \/>\n<meta name=\"twitter:site\" content=\"@bondybloglyon\" \/>\n<script type=\"application\/ld+json\" class=\"yoast-schema-graph\">{\"@context\":\"https:\/\/schema.org\",\"@graph\":[{\"@type\":\"Article\",\"@id\":\"https:\/\/lyonbondyblog.fr\/LBB\/chroniques-citoyennes-1ere-partie-on-ne-nait-pas-citoyenne-on-le-devient\/#article\",\"isPartOf\":{\"@id\":\"https:\/\/lyonbondyblog.fr\/LBB\/chroniques-citoyennes-1ere-partie-on-ne-nait-pas-citoyenne-on-le-devient\/\"},\"author\":{\"name\":\"La r\u00e9daction\",\"@id\":\"https:\/\/lyonbondyblog.fr\/LBB\/#\/schema\/person\/e45f8d27baac75072daa0be50c409b25\"},\"headline\":\"\u00ab\u00a0CHRONIQUES CITOYENNES 1\u00e8re partie : On ne nait pas citoyenne, on le devient.\u00a0\u00bb\",\"datePublished\":\"2011-11-17T09:29:42+00:00\",\"dateModified\":\"2013-08-29T08:37:25+00:00\",\"mainEntityOfPage\":{\"@id\":\"https:\/\/lyonbondyblog.fr\/LBB\/chroniques-citoyennes-1ere-partie-on-ne-nait-pas-citoyenne-on-le-devient\/\"},\"wordCount\":257,\"commentCount\":0,\"publisher\":{\"@id\":\"https:\/\/lyonbondyblog.fr\/LBB\/#organization\"},\"image\":{\"@id\":\"https:\/\/lyonbondyblog.fr\/LBB\/chroniques-citoyennes-1ere-partie-on-ne-nait-pas-citoyenne-on-le-devient\/#primaryimage\"},\"thumbnailUrl\":\"https:\/\/lyonbondyblog.fr\/LBB\/wp-content\/uploads\/2013\/08\/chroniques-cityennes.jpg\",\"keywords\":[\"Chroniques citoyennes\",\"citoyen\",\"lyon\",\"Lyon Bondy Blog\"],\"articleSection\":[\"Ambiance\"],\"inLanguage\":\"fr-FR\",\"potentialAction\":[{\"@type\":\"CommentAction\",\"name\":\"Comment\",\"target\":[\"https:\/\/lyonbondyblog.fr\/LBB\/chroniques-citoyennes-1ere-partie-on-ne-nait-pas-citoyenne-on-le-devient\/#respond\"]}]},{\"@type\":\"WebPage\",\"@id\":\"https:\/\/lyonbondyblog.fr\/LBB\/chroniques-citoyennes-1ere-partie-on-ne-nait-pas-citoyenne-on-le-devient\/\",\"url\":\"https:\/\/lyonbondyblog.fr\/LBB\/chroniques-citoyennes-1ere-partie-on-ne-nait-pas-citoyenne-on-le-devient\/\",\"name\":\"\\\"CHRONIQUES CITOYENNES 1\u00e8re partie : On ne nait pas citoyenne, on le devient.\\\" - Lyon Bondy Blog\",\"isPartOf\":{\"@id\":\"https:\/\/lyonbondyblog.fr\/LBB\/#website\"},\"primaryImageOfPage\":{\"@id\":\"https:\/\/lyonbondyblog.fr\/LBB\/chroniques-citoyennes-1ere-partie-on-ne-nait-pas-citoyenne-on-le-devient\/#primaryimage\"},\"image\":{\"@id\":\"https:\/\/lyonbondyblog.fr\/LBB\/chroniques-citoyennes-1ere-partie-on-ne-nait-pas-citoyenne-on-le-devient\/#primaryimage\"},\"thumbnailUrl\":\"https:\/\/lyonbondyblog.fr\/LBB\/wp-content\/uploads\/2013\/08\/chroniques-cityennes.jpg\",\"datePublished\":\"2011-11-17T09:29:42+00:00\",\"dateModified\":\"2013-08-29T08:37:25+00:00\",\"inLanguage\":\"fr-FR\",\"potentialAction\":[{\"@type\":\"ReadAction\",\"target\":[\"https:\/\/lyonbondyblog.fr\/LBB\/chroniques-citoyennes-1ere-partie-on-ne-nait-pas-citoyenne-on-le-devient\/\"]}]},{\"@type\":\"ImageObject\",\"inLanguage\":\"fr-FR\",\"@id\":\"https:\/\/lyonbondyblog.fr\/LBB\/chroniques-citoyennes-1ere-partie-on-ne-nait-pas-citoyenne-on-le-devient\/#primaryimage\",\"url\":\"https:\/\/lyonbondyblog.fr\/LBB\/wp-content\/uploads\/2013\/08\/chroniques-cityennes.jpg\",\"contentUrl\":\"https:\/\/lyonbondyblog.fr\/LBB\/wp-content\/uploads\/2013\/08\/chroniques-cityennes.jpg\",\"width\":5700,\"height\":3597},{\"@type\":\"WebSite\",\"@id\":\"https:\/\/lyonbondyblog.fr\/LBB\/#website\",\"url\":\"https:\/\/lyonbondyblog.fr\/LBB\/\",\"name\":\"Lyon Bondy Blog\",\"description\":\"\",\"publisher\":{\"@id\":\"https:\/\/lyonbondyblog.fr\/LBB\/#organization\"},\"potentialAction\":[{\"@type\":\"SearchAction\",\"target\":{\"@type\":\"EntryPoint\",\"urlTemplate\":\"https:\/\/lyonbondyblog.fr\/LBB\/?s={search_term_string}\"},\"query-input\":\"required name=search_term_string\"}],\"inLanguage\":\"fr-FR\"},{\"@type\":\"Organization\",\"@id\":\"https:\/\/lyonbondyblog.fr\/LBB\/#organization\",\"name\":\"LYON BONDY BLOG\",\"url\":\"https:\/\/lyonbondyblog.fr\/LBB\/\",\"logo\":{\"@type\":\"ImageObject\",\"inLanguage\":\"fr-FR\",\"@id\":\"https:\/\/lyonbondyblog.fr\/LBB\/#\/schema\/logo\/image\/\",\"url\":\"http:\/\/lyonbondyblog.fr\/LBB\/wp-content\/uploads\/2014\/10\/logo-portable-144.png\",\"contentUrl\":\"http:\/\/lyonbondyblog.fr\/LBB\/wp-content\/uploads\/2014\/10\/logo-portable-144.png\",\"width\":144,\"height\":123,\"caption\":\"LYON BONDY BLOG\"},\"image\":{\"@id\":\"https:\/\/lyonbondyblog.fr\/LBB\/#\/schema\/logo\/image\/\"},\"sameAs\":[\"https:\/\/www.facebook.com\/lyonbondyblog\",\"https:\/\/x.com\/bondybloglyon\"]},{\"@type\":\"Person\",\"@id\":\"https:\/\/lyonbondyblog.fr\/LBB\/#\/schema\/person\/e45f8d27baac75072daa0be50c409b25\",\"name\":\"La r\u00e9daction\",\"description\":\"Cr\u00e9e en 2008, la r\u00e9daction du Lyon Bondy Blog s'applique \u00e0 proposer une information locale diff\u00e9rente et compl\u00e9mentaire des m\u00e9dias traditionnels.\",\"sameAs\":[\"https:\/\/www.facebook.com\/lyonbondyblog\",\"https:\/\/x.com\/BondyBlogLyon\"],\"url\":\"https:\/\/lyonbondyblog.fr\/LBB\/author\/admin\/\"}]}<\/script>\n<!-- \/ Yoast SEO plugin. -->","yoast_head_json":{"title":"\"CHRONIQUES CITOYENNES 1\u00e8re partie : On ne nait pas citoyenne, on le devient.\" - Lyon Bondy Blog","robots":{"index":"index","follow":"follow","max-snippet":"max-snippet:-1","max-image-preview":"max-image-preview:large","max-video-preview":"max-video-preview:-1"},"canonical":"https:\/\/lyonbondyblog.fr\/LBB\/chroniques-citoyennes-1ere-partie-on-ne-nait-pas-citoyenne-on-le-devient\/","og_locale":"fr_FR","og_type":"article","og_title":"\"CHRONIQUES CITOYENNES 1\u00e8re partie : On ne nait pas citoyenne, on le devient.\" - Lyon Bondy Blog","og_description":"Aleister est un des membres du Lyon Bondy Blog, toujours pr\u00e9sent pour filmer, garder trace de nos actions. Nous choisissons de publier le premier volet &hellip;","og_url":"https:\/\/lyonbondyblog.fr\/LBB\/chroniques-citoyennes-1ere-partie-on-ne-nait-pas-citoyenne-on-le-devient\/","og_site_name":"Lyon Bondy Blog","article_publisher":"https:\/\/www.facebook.com\/lyonbondyblog","article_author":"https:\/\/www.facebook.com\/lyonbondyblog","article_published_time":"2011-11-17T09:29:42+00:00","article_modified_time":"2013-08-29T08:37:25+00:00","og_image":[{"width":5700,"height":3597,"url":"https:\/\/lyonbondyblog.fr\/LBB\/wp-content\/uploads\/2013\/08\/chroniques-cityennes.jpg","type":"image\/jpeg"}],"author":"La r\u00e9daction","twitter_card":"summary_large_image","twitter_creator":"@BondyBlogLyon","twitter_site":"@bondybloglyon","schema":{"@context":"https:\/\/schema.org","@graph":[{"@type":"Article","@id":"https:\/\/lyonbondyblog.fr\/LBB\/chroniques-citoyennes-1ere-partie-on-ne-nait-pas-citoyenne-on-le-devient\/#article","isPartOf":{"@id":"https:\/\/lyonbondyblog.fr\/LBB\/chroniques-citoyennes-1ere-partie-on-ne-nait-pas-citoyenne-on-le-devient\/"},"author":{"name":"La r\u00e9daction","@id":"https:\/\/lyonbondyblog.fr\/LBB\/#\/schema\/person\/e45f8d27baac75072daa0be50c409b25"},"headline":"\u00ab\u00a0CHRONIQUES CITOYENNES 1\u00e8re partie : On ne nait pas citoyenne, on le devient.\u00a0\u00bb","datePublished":"2011-11-17T09:29:42+00:00","dateModified":"2013-08-29T08:37:25+00:00","mainEntityOfPage":{"@id":"https:\/\/lyonbondyblog.fr\/LBB\/chroniques-citoyennes-1ere-partie-on-ne-nait-pas-citoyenne-on-le-devient\/"},"wordCount":257,"commentCount":0,"publisher":{"@id":"https:\/\/lyonbondyblog.fr\/LBB\/#organization"},"image":{"@id":"https:\/\/lyonbondyblog.fr\/LBB\/chroniques-citoyennes-1ere-partie-on-ne-nait-pas-citoyenne-on-le-devient\/#primaryimage"},"thumbnailUrl":"https:\/\/lyonbondyblog.fr\/LBB\/wp-content\/uploads\/2013\/08\/chroniques-cityennes.jpg","keywords":["Chroniques citoyennes","citoyen","lyon","Lyon Bondy Blog"],"articleSection":["Ambiance"],"inLanguage":"fr-FR","potentialAction":[{"@type":"CommentAction","name":"Comment","target":["https:\/\/lyonbondyblog.fr\/LBB\/chroniques-citoyennes-1ere-partie-on-ne-nait-pas-citoyenne-on-le-devient\/#respond"]}]},{"@type":"WebPage","@id":"https:\/\/lyonbondyblog.fr\/LBB\/chroniques-citoyennes-1ere-partie-on-ne-nait-pas-citoyenne-on-le-devient\/","url":"https:\/\/lyonbondyblog.fr\/LBB\/chroniques-citoyennes-1ere-partie-on-ne-nait-pas-citoyenne-on-le-devient\/","name":"\"CHRONIQUES CITOYENNES 1\u00e8re partie : On ne nait pas citoyenne, on le devient.\" - Lyon Bondy Blog","isPartOf":{"@id":"https:\/\/lyonbondyblog.fr\/LBB\/#website"},"primaryImageOfPage":{"@id":"https:\/\/lyonbondyblog.fr\/LBB\/chroniques-citoyennes-1ere-partie-on-ne-nait-pas-citoyenne-on-le-devient\/#primaryimage"},"image":{"@id":"https:\/\/lyonbondyblog.fr\/LBB\/chroniques-citoyennes-1ere-partie-on-ne-nait-pas-citoyenne-on-le-devient\/#primaryimage"},"thumbnailUrl":"https:\/\/lyonbondyblog.fr\/LBB\/wp-content\/uploads\/2013\/08\/chroniques-cityennes.jpg","datePublished":"2011-11-17T09:29:42+00:00","dateModified":"2013-08-29T08:37:25+00:00","inLanguage":"fr-FR","potentialAction":[{"@type":"ReadAction","target":["https:\/\/lyonbondyblog.fr\/LBB\/chroniques-citoyennes-1ere-partie-on-ne-nait-pas-citoyenne-on-le-devient\/"]}]},{"@type":"ImageObject","inLanguage":"fr-FR","@id":"https:\/\/lyonbondyblog.fr\/LBB\/chroniques-citoyennes-1ere-partie-on-ne-nait-pas-citoyenne-on-le-devient\/#primaryimage","url":"https:\/\/lyonbondyblog.fr\/LBB\/wp-content\/uploads\/2013\/08\/chroniques-cityennes.jpg","contentUrl":"https:\/\/lyonbondyblog.fr\/LBB\/wp-content\/uploads\/2013\/08\/chroniques-cityennes.jpg","width":5700,"height":3597},{"@type":"WebSite","@id":"https:\/\/lyonbondyblog.fr\/LBB\/#website","url":"https:\/\/lyonbondyblog.fr\/LBB\/","name":"Lyon Bondy Blog","description":"","publisher":{"@id":"https:\/\/lyonbondyblog.fr\/LBB\/#organization"},"potentialAction":[{"@type":"SearchAction","target":{"@type":"EntryPoint","urlTemplate":"https:\/\/lyonbondyblog.fr\/LBB\/?s={search_term_string}"},"query-input":"required name=search_term_string"}],"inLanguage":"fr-FR"},{"@type":"Organization","@id":"https:\/\/lyonbondyblog.fr\/LBB\/#organization","name":"LYON BONDY BLOG","url":"https:\/\/lyonbondyblog.fr\/LBB\/","logo":{"@type":"ImageObject","inLanguage":"fr-FR","@id":"https:\/\/lyonbondyblog.fr\/LBB\/#\/schema\/logo\/image\/","url":"http:\/\/lyonbondyblog.fr\/LBB\/wp-content\/uploads\/2014\/10\/logo-portable-144.png","contentUrl":"http:\/\/lyonbondyblog.fr\/LBB\/wp-content\/uploads\/2014\/10\/logo-portable-144.png","width":144,"height":123,"caption":"LYON BONDY BLOG"},"image":{"@id":"https:\/\/lyonbondyblog.fr\/LBB\/#\/schema\/logo\/image\/"},"sameAs":["https:\/\/www.facebook.com\/lyonbondyblog","https:\/\/x.com\/bondybloglyon"]},{"@type":"Person","@id":"https:\/\/lyonbondyblog.fr\/LBB\/#\/schema\/person\/e45f8d27baac75072daa0be50c409b25","name":"La r\u00e9daction","description":"Cr\u00e9e en 2008, la r\u00e9daction du Lyon Bondy Blog s'applique \u00e0 proposer une information locale diff\u00e9rente et compl\u00e9mentaire des m\u00e9dias traditionnels.","sameAs":["https:\/\/www.facebook.com\/lyonbondyblog","https:\/\/x.com\/BondyBlogLyon"],"url":"https:\/\/lyonbondyblog.fr\/LBB\/author\/admin\/"}]}},"_links":{"self":[{"href":"https:\/\/lyonbondyblog.fr\/LBB\/wp-json\/wp\/v2\/posts\/4052","targetHints":{"allow":["GET"]}}],"collection":[{"href":"https:\/\/lyonbondyblog.fr\/LBB\/wp-json\/wp\/v2\/posts"}],"about":[{"href":"https:\/\/lyonbondyblog.fr\/LBB\/wp-json\/wp\/v2\/types\/post"}],"author":[{"embeddable":true,"href":"https:\/\/lyonbondyblog.fr\/LBB\/wp-json\/wp\/v2\/users\/1"}],"replies":[{"embeddable":true,"href":"https:\/\/lyonbondyblog.fr\/LBB\/wp-json\/wp\/v2\/comments?post=4052"}],"version-history":[{"count":0,"href":"https:\/\/lyonbondyblog.fr\/LBB\/wp-json\/wp\/v2\/posts\/4052\/revisions"}],"wp:featuredmedia":[{"embeddable":true,"href":"https:\/\/lyonbondyblog.fr\/LBB\/wp-json\/wp\/v2\/media\/4053"}],"wp:attachment":[{"href":"https:\/\/lyonbondyblog.fr\/LBB\/wp-json\/wp\/v2\/media?parent=4052"}],"wp:term":[{"taxonomy":"category","embeddable":true,"href":"https:\/\/lyonbondyblog.fr\/LBB\/wp-json\/wp\/v2\/categories?post=4052"},{"taxonomy":"post_tag","embeddable":true,"href":"https:\/\/lyonbondyblog.fr\/LBB\/wp-json\/wp\/v2\/tags?post=4052"}],"curies":[{"name":"wp","href":"https:\/\/api.w.org\/{rel}","templated":true}]}}