{"id":4044,"date":"2011-11-28T17:25:24","date_gmt":"2011-11-28T16:25:24","guid":{"rendered":"http:\/\/lyonbondyblog.fr\/LBB\/?p=4044"},"modified":"2013-08-28T17:29:23","modified_gmt":"2013-08-28T15:29:23","slug":"le-recital-de-stephane-guillon-a-lopera","status":"publish","type":"post","link":"https:\/\/lyonbondyblog.fr\/LBB\/le-recital-de-stephane-guillon-a-lopera\/","title":{"rendered":"Le r\u00e9cital de St\u00e9phane Guillon \u00e0 l\u2019Op\u00e9ra"},"content":{"rendered":"<p><strong>Le 26 novembre 2011 avait lieu \u00e0 l\u2019Op\u00e9ra de Lyon une repr\u00e9sentation de St\u00e9phane Guillon \u00e0 l\u2019occasion du forum Lib\u00e9. Devant un parterre de journalistes et une salle bond\u00e9e, ce trublion de Guillon a encore une fois r\u00e9gal\u00e9 gr\u00e2ce \u00e0 son humour noir et ses critiques acerbes.<\/strong><\/p>\n<p><em><a href=\"https:\/\/lyonbondyblog.fr\/LBB\/wp-content\/uploads\/2013\/08\/stephane-guillon-forum-lib\u00e9-lyon.jpg\"><img loading=\"lazy\" decoding=\"async\" width=\"193\" height=\"129\" class=\"size-full wp-image-4048 alignright\" alt=\"stephane guillon - forum lib\u00e9 lyon\" src=\"https:\/\/lyonbondyblog.fr\/LBB\/wp-content\/uploads\/2013\/08\/stephane-guillon-forum-lib\u00e9-lyon.jpg\" \/><\/a><\/em>Tout le monde passait sur le gril de l\u2019humoriste. Dans son style\u00a0je-descends-tout-le-monde-et-je-vous-emmerde, il n\u2019avait aucuns scrupules \u00e0 tailler un costard Dior XXL \u00e0 Nicolas Sarkozy, un peignoir Gucci \u00e0 Dominique Strauss-Kahn ou encore de qualifier Bernard-Henri Levy de \u00ab\u00a0philosophe rebelle\u00a0\u00bb.<br \/>\nIl n\u2019a pas non plus h\u00e9sit\u00e9 \u00e0 jouer sur les tabous pour montrer que l\u2019on peut rire de tout, m\u00eame des handicap\u00e9s. A prendre au second degr\u00e9 bien s\u00fbr.<\/p>\n<p>C\u2019est notamment sur ce point que G\u00e9rard Collomb, grand fan de St\u00e9phane Guillon, a insist\u00e9 lors de notre court entretien\u00a0:<br \/>\n\u00ab\u00a0<em>C\u2019est un humoriste absolument extraordinaire. C\u2019est-\u00e0-dire qu\u2019il tangente des r\u00e9alit\u00e9s un peu difficiles. Parler par exemple du handicap comme il le fait, quand m\u00eame c\u2019est tr\u00e8s dur, c\u2019est une r\u00e9alit\u00e9 tr\u00e8s dure qu\u2019il arrive donc \u00e0 transcender par l\u2019humour. J\u2019en parlais avec lui, je l\u2019ai vu apr\u00e8s le spectacle, il m\u2019a dit \u00ab\u00a0quelques fois dans les spectacles, il y a beaucoup de gens en fauteuil et ils rigolent\u00a0parce que ils en ont tellement marre des regards de compassion sur eux que le fait d\u2019\u00eatre chambr\u00e9 les r\u00e9conforte. <\/em>\u00bb.<\/p>\n<p>L\u2019humoriste \u00e0 \u00e9galement partag\u00e9 son sentiment sur la censure qu\u2019il a subi \u00e0 France Inter en nous gratifiant de quelques anecdotes croustillantes. Tout en humour et avec sa l\u00e9gendaire d\u00e9licatesse, voici ce qu\u2019il r\u00e9pond \u00e0 ses nombreux d\u00e9tracteurs\u00a0:<br \/>\n\u00ab\u00a0<em>Si l\u2019humour s\u2019arr\u00eate l\u00e0 o\u00f9 la m\u00e9chancet\u00e9 commence\u2026et bien dans ce cas-l\u00e0, on ne dit plus rien<\/em>\u00a0\u00bb.<\/p>\n<p>Ce passage \u00e9clair proposant du \u00ab\u00a0politiquement incorrect\u00a0\u00bb fut ainsi un v\u00e9ritable bol d\u2019air au milieu de tous ces d\u00e9bats si s\u00e9rieux.<br \/>\nEn un seul mot, \u00ab\u00a0St\u00e9phane Guillon, \u00e7a d\u00e9chire!\u00a0\u00bb.<\/p>\n<p>&nbsp;<\/p>\n<p style=\"text-align: right;\"><span style=\"text-decoration: underline;\">Julien Sanchez &amp; Julien Lopez<\/span><\/p>\n<!-- AddThis Advanced Settings generic via filter on the_content --><!-- AddThis Share Buttons generic via filter on the_content -->","protected":false},"excerpt":{"rendered":"<p>Le 26 novembre 2011 avait lieu \u00e0 l\u2019Op\u00e9ra de Lyon une repr\u00e9sentation de St\u00e9phane Guillon \u00e0 l\u2019occasion du forum Lib\u00e9. Devant un parterre de journalistes &hellip; <!-- AddThis Advanced Settings generic via filter on wp_trim_excerpt --><!-- AddThis Share Buttons generic via filter on wp_trim_excerpt --><\/p>\n","protected":false},"author":1,"featured_media":4048,"comment_status":"open","ping_status":"open","sticky":false,"template":"","format":"standard","meta":{"_FSMCFIC_featured_image_caption":"","_FSMCFIC_featured_image_nocaption":"","_FSMCFIC_featured_image_hide":"","footnotes":""},"categories":[3,4],"tags":[872,873,10,112,874],"class_list":["post-4044","post","type-post","status-publish","format-standard","has-post-thumbnail","hentry","category-culture","category-lyon","tag-forum-de-lyon","tag-gerard-collomb","tag-lyon-2","tag-lyon-bondy-blog","tag-stephane-guillon"],"yoast_head":"<!-- This site is optimized with the Yoast SEO plugin v22.8 - https:\/\/yoast.com\/wordpress\/plugins\/seo\/ -->\n<title>Le r\u00e9cital de St\u00e9phane Guillon \u00e0 l\u2019Op\u00e9ra - Lyon Bondy Blog<\/title>\n<meta name=\"robots\" content=\"index, follow, max-snippet:-1, max-image-preview:large, max-video-preview:-1\" \/>\n<link rel=\"canonical\" href=\"https:\/\/lyonbondyblog.fr\/LBB\/le-recital-de-stephane-guillon-a-lopera\/\" \/>\n<meta property=\"og:locale\" content=\"fr_FR\" \/>\n<meta property=\"og:type\" content=\"article\" \/>\n<meta property=\"og:title\" content=\"Le r\u00e9cital de St\u00e9phane Guillon \u00e0 l\u2019Op\u00e9ra - Lyon Bondy Blog\" \/>\n<meta property=\"og:description\" content=\"Le 26 novembre 2011 avait lieu \u00e0 l\u2019Op\u00e9ra de Lyon une repr\u00e9sentation de St\u00e9phane Guillon \u00e0 l\u2019occasion du forum Lib\u00e9. Devant un parterre de journalistes &hellip;\" \/>\n<meta property=\"og:url\" content=\"https:\/\/lyonbondyblog.fr\/LBB\/le-recital-de-stephane-guillon-a-lopera\/\" \/>\n<meta property=\"og:site_name\" content=\"Lyon Bondy Blog\" \/>\n<meta property=\"article:publisher\" content=\"https:\/\/www.facebook.com\/lyonbondyblog\" \/>\n<meta property=\"article:author\" content=\"https:\/\/www.facebook.com\/lyonbondyblog\" \/>\n<meta property=\"article:published_time\" content=\"2011-11-28T16:25:24+00:00\" \/>\n<meta property=\"article:modified_time\" content=\"2013-08-28T15:29:23+00:00\" \/>\n<meta property=\"og:image\" content=\"https:\/\/lyonbondyblog.fr\/LBB\/wp-content\/uploads\/2013\/08\/stephane-guillon-forum-lib\u00e9-lyon.jpg\" \/>\n\t<meta property=\"og:image:width\" content=\"193\" \/>\n\t<meta property=\"og:image:height\" content=\"129\" \/>\n\t<meta property=\"og:image:type\" content=\"image\/jpeg\" \/>\n<meta name=\"author\" content=\"La r\u00e9daction\" \/>\n<meta name=\"twitter:card\" content=\"summary_large_image\" \/>\n<meta name=\"twitter:creator\" content=\"@BondyBlogLyon\" \/>\n<meta name=\"twitter:site\" content=\"@bondybloglyon\" \/>\n<script type=\"application\/ld+json\" class=\"yoast-schema-graph\">{\"@context\":\"https:\/\/schema.org\",\"@graph\":[{\"@type\":\"Article\",\"@id\":\"https:\/\/lyonbondyblog.fr\/LBB\/le-recital-de-stephane-guillon-a-lopera\/#article\",\"isPartOf\":{\"@id\":\"https:\/\/lyonbondyblog.fr\/LBB\/le-recital-de-stephane-guillon-a-lopera\/\"},\"author\":{\"name\":\"La r\u00e9daction\",\"@id\":\"https:\/\/lyonbondyblog.fr\/LBB\/#\/schema\/person\/e45f8d27baac75072daa0be50c409b25\"},\"headline\":\"Le r\u00e9cital de St\u00e9phane Guillon \u00e0 l\u2019Op\u00e9ra\",\"datePublished\":\"2011-11-28T16:25:24+00:00\",\"dateModified\":\"2013-08-28T15:29:23+00:00\",\"mainEntityOfPage\":{\"@id\":\"https:\/\/lyonbondyblog.fr\/LBB\/le-recital-de-stephane-guillon-a-lopera\/\"},\"wordCount\":369,\"commentCount\":0,\"publisher\":{\"@id\":\"https:\/\/lyonbondyblog.fr\/LBB\/#organization\"},\"image\":{\"@id\":\"https:\/\/lyonbondyblog.fr\/LBB\/le-recital-de-stephane-guillon-a-lopera\/#primaryimage\"},\"thumbnailUrl\":\"https:\/\/lyonbondyblog.fr\/LBB\/wp-content\/uploads\/2013\/08\/stephane-guillon-forum-lib\u00e9-lyon.jpg\",\"keywords\":[\"forum de Lyon\",\"G\u00e9rard Collomb\",\"lyon\",\"Lyon Bondy Blog\",\"St\u00e9phane Guillon\"],\"articleSection\":[\"Culture\",\"Lyon\"],\"inLanguage\":\"fr-FR\",\"potentialAction\":[{\"@type\":\"CommentAction\",\"name\":\"Comment\",\"target\":[\"https:\/\/lyonbondyblog.fr\/LBB\/le-recital-de-stephane-guillon-a-lopera\/#respond\"]}]},{\"@type\":\"WebPage\",\"@id\":\"https:\/\/lyonbondyblog.fr\/LBB\/le-recital-de-stephane-guillon-a-lopera\/\",\"url\":\"https:\/\/lyonbondyblog.fr\/LBB\/le-recital-de-stephane-guillon-a-lopera\/\",\"name\":\"Le r\u00e9cital de St\u00e9phane Guillon \u00e0 l\u2019Op\u00e9ra - Lyon Bondy Blog\",\"isPartOf\":{\"@id\":\"https:\/\/lyonbondyblog.fr\/LBB\/#website\"},\"primaryImageOfPage\":{\"@id\":\"https:\/\/lyonbondyblog.fr\/LBB\/le-recital-de-stephane-guillon-a-lopera\/#primaryimage\"},\"image\":{\"@id\":\"https:\/\/lyonbondyblog.fr\/LBB\/le-recital-de-stephane-guillon-a-lopera\/#primaryimage\"},\"thumbnailUrl\":\"https:\/\/lyonbondyblog.fr\/LBB\/wp-content\/uploads\/2013\/08\/stephane-guillon-forum-lib\u00e9-lyon.jpg\",\"datePublished\":\"2011-11-28T16:25:24+00:00\",\"dateModified\":\"2013-08-28T15:29:23+00:00\",\"inLanguage\":\"fr-FR\",\"potentialAction\":[{\"@type\":\"ReadAction\",\"target\":[\"https:\/\/lyonbondyblog.fr\/LBB\/le-recital-de-stephane-guillon-a-lopera\/\"]}]},{\"@type\":\"ImageObject\",\"inLanguage\":\"fr-FR\",\"@id\":\"https:\/\/lyonbondyblog.fr\/LBB\/le-recital-de-stephane-guillon-a-lopera\/#primaryimage\",\"url\":\"https:\/\/lyonbondyblog.fr\/LBB\/wp-content\/uploads\/2013\/08\/stephane-guillon-forum-lib\u00e9-lyon.jpg\",\"contentUrl\":\"https:\/\/lyonbondyblog.fr\/LBB\/wp-content\/uploads\/2013\/08\/stephane-guillon-forum-lib\u00e9-lyon.jpg\",\"width\":193,\"height\":129},{\"@type\":\"WebSite\",\"@id\":\"https:\/\/lyonbondyblog.fr\/LBB\/#website\",\"url\":\"https:\/\/lyonbondyblog.fr\/LBB\/\",\"name\":\"Lyon Bondy Blog\",\"description\":\"\",\"publisher\":{\"@id\":\"https:\/\/lyonbondyblog.fr\/LBB\/#organization\"},\"potentialAction\":[{\"@type\":\"SearchAction\",\"target\":{\"@type\":\"EntryPoint\",\"urlTemplate\":\"https:\/\/lyonbondyblog.fr\/LBB\/?s={search_term_string}\"},\"query-input\":\"required name=search_term_string\"}],\"inLanguage\":\"fr-FR\"},{\"@type\":\"Organization\",\"@id\":\"https:\/\/lyonbondyblog.fr\/LBB\/#organization\",\"name\":\"LYON BONDY BLOG\",\"url\":\"https:\/\/lyonbondyblog.fr\/LBB\/\",\"logo\":{\"@type\":\"ImageObject\",\"inLanguage\":\"fr-FR\",\"@id\":\"https:\/\/lyonbondyblog.fr\/LBB\/#\/schema\/logo\/image\/\",\"url\":\"http:\/\/lyonbondyblog.fr\/LBB\/wp-content\/uploads\/2014\/10\/logo-portable-144.png\",\"contentUrl\":\"http:\/\/lyonbondyblog.fr\/LBB\/wp-content\/uploads\/2014\/10\/logo-portable-144.png\",\"width\":144,\"height\":123,\"caption\":\"LYON BONDY BLOG\"},\"image\":{\"@id\":\"https:\/\/lyonbondyblog.fr\/LBB\/#\/schema\/logo\/image\/\"},\"sameAs\":[\"https:\/\/www.facebook.com\/lyonbondyblog\",\"https:\/\/x.com\/bondybloglyon\"]},{\"@type\":\"Person\",\"@id\":\"https:\/\/lyonbondyblog.fr\/LBB\/#\/schema\/person\/e45f8d27baac75072daa0be50c409b25\",\"name\":\"La r\u00e9daction\",\"description\":\"Cr\u00e9e en 2008, la r\u00e9daction du Lyon Bondy Blog s'applique \u00e0 proposer une information locale diff\u00e9rente et compl\u00e9mentaire des m\u00e9dias traditionnels.\",\"sameAs\":[\"https:\/\/www.facebook.com\/lyonbondyblog\",\"https:\/\/x.com\/BondyBlogLyon\"],\"url\":\"https:\/\/lyonbondyblog.fr\/LBB\/author\/admin\/\"}]}<\/script>\n<!-- \/ Yoast SEO plugin. -->","yoast_head_json":{"title":"Le r\u00e9cital de St\u00e9phane Guillon \u00e0 l\u2019Op\u00e9ra - Lyon Bondy Blog","robots":{"index":"index","follow":"follow","max-snippet":"max-snippet:-1","max-image-preview":"max-image-preview:large","max-video-preview":"max-video-preview:-1"},"canonical":"https:\/\/lyonbondyblog.fr\/LBB\/le-recital-de-stephane-guillon-a-lopera\/","og_locale":"fr_FR","og_type":"article","og_title":"Le r\u00e9cital de St\u00e9phane Guillon \u00e0 l\u2019Op\u00e9ra - Lyon Bondy Blog","og_description":"Le 26 novembre 2011 avait lieu \u00e0 l\u2019Op\u00e9ra de Lyon une repr\u00e9sentation de St\u00e9phane Guillon \u00e0 l\u2019occasion du forum Lib\u00e9. Devant un parterre de journalistes &hellip;","og_url":"https:\/\/lyonbondyblog.fr\/LBB\/le-recital-de-stephane-guillon-a-lopera\/","og_site_name":"Lyon Bondy Blog","article_publisher":"https:\/\/www.facebook.com\/lyonbondyblog","article_author":"https:\/\/www.facebook.com\/lyonbondyblog","article_published_time":"2011-11-28T16:25:24+00:00","article_modified_time":"2013-08-28T15:29:23+00:00","og_image":[{"width":193,"height":129,"url":"https:\/\/lyonbondyblog.fr\/LBB\/wp-content\/uploads\/2013\/08\/stephane-guillon-forum-lib\u00e9-lyon.jpg","type":"image\/jpeg"}],"author":"La r\u00e9daction","twitter_card":"summary_large_image","twitter_creator":"@BondyBlogLyon","twitter_site":"@bondybloglyon","schema":{"@context":"https:\/\/schema.org","@graph":[{"@type":"Article","@id":"https:\/\/lyonbondyblog.fr\/LBB\/le-recital-de-stephane-guillon-a-lopera\/#article","isPartOf":{"@id":"https:\/\/lyonbondyblog.fr\/LBB\/le-recital-de-stephane-guillon-a-lopera\/"},"author":{"name":"La r\u00e9daction","@id":"https:\/\/lyonbondyblog.fr\/LBB\/#\/schema\/person\/e45f8d27baac75072daa0be50c409b25"},"headline":"Le r\u00e9cital de St\u00e9phane Guillon \u00e0 l\u2019Op\u00e9ra","datePublished":"2011-11-28T16:25:24+00:00","dateModified":"2013-08-28T15:29:23+00:00","mainEntityOfPage":{"@id":"https:\/\/lyonbondyblog.fr\/LBB\/le-recital-de-stephane-guillon-a-lopera\/"},"wordCount":369,"commentCount":0,"publisher":{"@id":"https:\/\/lyonbondyblog.fr\/LBB\/#organization"},"image":{"@id":"https:\/\/lyonbondyblog.fr\/LBB\/le-recital-de-stephane-guillon-a-lopera\/#primaryimage"},"thumbnailUrl":"https:\/\/lyonbondyblog.fr\/LBB\/wp-content\/uploads\/2013\/08\/stephane-guillon-forum-lib\u00e9-lyon.jpg","keywords":["forum de Lyon","G\u00e9rard Collomb","lyon","Lyon Bondy Blog","St\u00e9phane Guillon"],"articleSection":["Culture","Lyon"],"inLanguage":"fr-FR","potentialAction":[{"@type":"CommentAction","name":"Comment","target":["https:\/\/lyonbondyblog.fr\/LBB\/le-recital-de-stephane-guillon-a-lopera\/#respond"]}]},{"@type":"WebPage","@id":"https:\/\/lyonbondyblog.fr\/LBB\/le-recital-de-stephane-guillon-a-lopera\/","url":"https:\/\/lyonbondyblog.fr\/LBB\/le-recital-de-stephane-guillon-a-lopera\/","name":"Le r\u00e9cital de St\u00e9phane Guillon \u00e0 l\u2019Op\u00e9ra - Lyon Bondy Blog","isPartOf":{"@id":"https:\/\/lyonbondyblog.fr\/LBB\/#website"},"primaryImageOfPage":{"@id":"https:\/\/lyonbondyblog.fr\/LBB\/le-recital-de-stephane-guillon-a-lopera\/#primaryimage"},"image":{"@id":"https:\/\/lyonbondyblog.fr\/LBB\/le-recital-de-stephane-guillon-a-lopera\/#primaryimage"},"thumbnailUrl":"https:\/\/lyonbondyblog.fr\/LBB\/wp-content\/uploads\/2013\/08\/stephane-guillon-forum-lib\u00e9-lyon.jpg","datePublished":"2011-11-28T16:25:24+00:00","dateModified":"2013-08-28T15:29:23+00:00","inLanguage":"fr-FR","potentialAction":[{"@type":"ReadAction","target":["https:\/\/lyonbondyblog.fr\/LBB\/le-recital-de-stephane-guillon-a-lopera\/"]}]},{"@type":"ImageObject","inLanguage":"fr-FR","@id":"https:\/\/lyonbondyblog.fr\/LBB\/le-recital-de-stephane-guillon-a-lopera\/#primaryimage","url":"https:\/\/lyonbondyblog.fr\/LBB\/wp-content\/uploads\/2013\/08\/stephane-guillon-forum-lib\u00e9-lyon.jpg","contentUrl":"https:\/\/lyonbondyblog.fr\/LBB\/wp-content\/uploads\/2013\/08\/stephane-guillon-forum-lib\u00e9-lyon.jpg","width":193,"height":129},{"@type":"WebSite","@id":"https:\/\/lyonbondyblog.fr\/LBB\/#website","url":"https:\/\/lyonbondyblog.fr\/LBB\/","name":"Lyon Bondy Blog","description":"","publisher":{"@id":"https:\/\/lyonbondyblog.fr\/LBB\/#organization"},"potentialAction":[{"@type":"SearchAction","target":{"@type":"EntryPoint","urlTemplate":"https:\/\/lyonbondyblog.fr\/LBB\/?s={search_term_string}"},"query-input":"required name=search_term_string"}],"inLanguage":"fr-FR"},{"@type":"Organization","@id":"https:\/\/lyonbondyblog.fr\/LBB\/#organization","name":"LYON BONDY BLOG","url":"https:\/\/lyonbondyblog.fr\/LBB\/","logo":{"@type":"ImageObject","inLanguage":"fr-FR","@id":"https:\/\/lyonbondyblog.fr\/LBB\/#\/schema\/logo\/image\/","url":"http:\/\/lyonbondyblog.fr\/LBB\/wp-content\/uploads\/2014\/10\/logo-portable-144.png","contentUrl":"http:\/\/lyonbondyblog.fr\/LBB\/wp-content\/uploads\/2014\/10\/logo-portable-144.png","width":144,"height":123,"caption":"LYON BONDY BLOG"},"image":{"@id":"https:\/\/lyonbondyblog.fr\/LBB\/#\/schema\/logo\/image\/"},"sameAs":["https:\/\/www.facebook.com\/lyonbondyblog","https:\/\/x.com\/bondybloglyon"]},{"@type":"Person","@id":"https:\/\/lyonbondyblog.fr\/LBB\/#\/schema\/person\/e45f8d27baac75072daa0be50c409b25","name":"La r\u00e9daction","description":"Cr\u00e9e en 2008, la r\u00e9daction du Lyon Bondy Blog s'applique \u00e0 proposer une information locale diff\u00e9rente et compl\u00e9mentaire des m\u00e9dias traditionnels.","sameAs":["https:\/\/www.facebook.com\/lyonbondyblog","https:\/\/x.com\/BondyBlogLyon"],"url":"https:\/\/lyonbondyblog.fr\/LBB\/author\/admin\/"}]}},"_links":{"self":[{"href":"https:\/\/lyonbondyblog.fr\/LBB\/wp-json\/wp\/v2\/posts\/4044","targetHints":{"allow":["GET"]}}],"collection":[{"href":"https:\/\/lyonbondyblog.fr\/LBB\/wp-json\/wp\/v2\/posts"}],"about":[{"href":"https:\/\/lyonbondyblog.fr\/LBB\/wp-json\/wp\/v2\/types\/post"}],"author":[{"embeddable":true,"href":"https:\/\/lyonbondyblog.fr\/LBB\/wp-json\/wp\/v2\/users\/1"}],"replies":[{"embeddable":true,"href":"https:\/\/lyonbondyblog.fr\/LBB\/wp-json\/wp\/v2\/comments?post=4044"}],"version-history":[{"count":0,"href":"https:\/\/lyonbondyblog.fr\/LBB\/wp-json\/wp\/v2\/posts\/4044\/revisions"}],"wp:featuredmedia":[{"embeddable":true,"href":"https:\/\/lyonbondyblog.fr\/LBB\/wp-json\/wp\/v2\/media\/4048"}],"wp:attachment":[{"href":"https:\/\/lyonbondyblog.fr\/LBB\/wp-json\/wp\/v2\/media?parent=4044"}],"wp:term":[{"taxonomy":"category","embeddable":true,"href":"https:\/\/lyonbondyblog.fr\/LBB\/wp-json\/wp\/v2\/categories?post=4044"},{"taxonomy":"post_tag","embeddable":true,"href":"https:\/\/lyonbondyblog.fr\/LBB\/wp-json\/wp\/v2\/tags?post=4044"}],"curies":[{"name":"wp","href":"https:\/\/api.w.org\/{rel}","templated":true}]}}