{"id":3963,"date":"2012-10-24T14:57:02","date_gmt":"2012-10-24T12:57:02","guid":{"rendered":"http:\/\/lyonbondyblog.fr\/LBB\/?p=3963"},"modified":"2013-08-28T15:07:53","modified_gmt":"2013-08-28T13:07:53","slug":"le-lyon-bondy-live-derasmus-aux-amoureux-du-ban-public","status":"publish","type":"post","link":"https:\/\/lyonbondyblog.fr\/LBB\/le-lyon-bondy-live-derasmus-aux-amoureux-du-ban-public\/","title":{"rendered":"Le Lyon Bondy Live : D&rsquo;Erasmus aux amoureux du ban public"},"content":{"rendered":"<div><strong>La derni\u00e8re \u00e9mission du Lyon Bondy Live est en ligne. Vous pouvez la retrouver d\u00e8s \u00e0 pr\u00e9sent.<\/strong><\/div>\n<div><time datetime=\"2012-10-24\">\u00a0<\/time><\/div>\n<div>\n<div><img loading=\"lazy\" decoding=\"async\" class=\"alignright\" title=\"\" alt=\"\" src=\"http:\/\/www.lyonbondyblog.fr\/sites\/default\/files\/imagecache\/400xY\/472878_292881060802353_1090872937_o_0.jpg\" width=\"400\" height=\"397\" \/><\/p>\n<div><\/div>\n<\/div>\n<div>\n<p>Au programme de cette derni\u00e8re \u00e9mission : Erasmus, le c\u00e9l\u00e9bre programme d&rsquo;\u00e9change \u00e9tudiants et l&rsquo;association Amoureux au ban public. Retrouvez les podcasts ci-dessous :<\/p>\n<p>Premi\u00e8re partie : Erasmus<\/p>\n<p><span style=\"color: #ff0000;\"><a href=\"https:\/\/lyonbondyblog.fr\/LBB\/wp-content\/uploads\/2013\/08\/18-oct-12-Lyon-Bondy-Live1.mp3\"><span style=\"color: #ff0000;\">18 oct 12 Lyon Bondy Live1<\/span><\/a><\/span><\/p>\n<p>Deuxi\u00e8me partie : Pr\u00e9sentation de l&rsquo;association Amoureux au ban public suivie de l&rsquo;Agenda culturel.<\/p>\n<p><span style=\"color: #ff0000;\"><a href=\"https:\/\/lyonbondyblog.fr\/LBB\/wp-content\/uploads\/2013\/08\/18-oct-Lyon-Bondy-Live2.mp3\"><span style=\"color: #ff0000;\">18 oct Lyon Bondy Live2<\/span><\/a><\/span><\/p>\n<p><a href=\"http:\/\/www.facebook.com\/LyonBondyLive?fref=ts\">Rendez-vous sur la page facebook du Lyon Bondy Live<\/a><\/p>\n<\/div>\n<\/div>\n<!-- AddThis Advanced Settings generic via filter on the_content --><!-- AddThis Share Buttons generic via filter on the_content -->","protected":false},"excerpt":{"rendered":"<p>La derni\u00e8re \u00e9mission du Lyon Bondy Live est en ligne. Vous pouvez la retrouver d\u00e8s \u00e0 pr\u00e9sent. \u00a0 Au programme de cette derni\u00e8re \u00e9mission : &hellip; <!-- AddThis Advanced Settings generic via filter on wp_trim_excerpt --><!-- AddThis Share Buttons generic via filter on wp_trim_excerpt --><\/p>\n","protected":false},"author":1,"featured_media":3854,"comment_status":"open","ping_status":"open","sticky":false,"template":"","format":"standard","meta":{"_FSMCFIC_featured_image_caption":"","_FSMCFIC_featured_image_nocaption":"","_FSMCFIC_featured_image_hide":"","footnotes":""},"categories":[5],"tags":[863,862,10,112,336],"class_list":["post-3963","post","type-post","status-publish","format-standard","has-post-thumbnail","hentry","category-ambiance","tag-ban-public","tag-erasmus","tag-lyon-2","tag-lyon-bondy-blog","tag-lyon-bondy-live"],"yoast_head":"<!-- This site is optimized with the Yoast SEO plugin v22.8 - https:\/\/yoast.com\/wordpress\/plugins\/seo\/ -->\n<title>Le Lyon Bondy Live : D&#039;Erasmus aux amoureux du ban public - Lyon Bondy Blog<\/title>\n<meta name=\"robots\" content=\"index, follow, max-snippet:-1, max-image-preview:large, max-video-preview:-1\" \/>\n<link rel=\"canonical\" href=\"https:\/\/lyonbondyblog.fr\/LBB\/le-lyon-bondy-live-derasmus-aux-amoureux-du-ban-public\/\" \/>\n<meta property=\"og:locale\" content=\"fr_FR\" \/>\n<meta property=\"og:type\" content=\"article\" \/>\n<meta property=\"og:title\" content=\"Le Lyon Bondy Live : D&#039;Erasmus aux amoureux du ban public - Lyon Bondy Blog\" \/>\n<meta property=\"og:description\" content=\"La derni\u00e8re \u00e9mission du Lyon Bondy Live est en ligne. Vous pouvez la retrouver d\u00e8s \u00e0 pr\u00e9sent. \u00a0 Au programme de cette derni\u00e8re \u00e9mission : &hellip;\" \/>\n<meta property=\"og:url\" content=\"https:\/\/lyonbondyblog.fr\/LBB\/le-lyon-bondy-live-derasmus-aux-amoureux-du-ban-public\/\" \/>\n<meta property=\"og:site_name\" content=\"Lyon Bondy Blog\" \/>\n<meta property=\"article:publisher\" content=\"https:\/\/www.facebook.com\/lyonbondyblog\" \/>\n<meta property=\"article:author\" content=\"https:\/\/www.facebook.com\/lyonbondyblog\" \/>\n<meta property=\"article:published_time\" content=\"2012-10-24T12:57:02+00:00\" \/>\n<meta property=\"article:modified_time\" content=\"2013-08-28T13:07:53+00:00\" \/>\n<meta property=\"og:image\" content=\"https:\/\/lyonbondyblog.fr\/LBB\/wp-content\/uploads\/2013\/08\/lyonbondylive-vignette.jpg\" \/>\n\t<meta property=\"og:image:width\" content=\"1904\" \/>\n\t<meta property=\"og:image:height\" content=\"952\" \/>\n\t<meta property=\"og:image:type\" content=\"image\/jpeg\" \/>\n<meta name=\"author\" content=\"La r\u00e9daction\" \/>\n<meta name=\"twitter:card\" content=\"summary_large_image\" \/>\n<meta name=\"twitter:creator\" content=\"@BondyBlogLyon\" \/>\n<meta name=\"twitter:site\" content=\"@bondybloglyon\" \/>\n<script type=\"application\/ld+json\" class=\"yoast-schema-graph\">{\"@context\":\"https:\/\/schema.org\",\"@graph\":[{\"@type\":\"Article\",\"@id\":\"https:\/\/lyonbondyblog.fr\/LBB\/le-lyon-bondy-live-derasmus-aux-amoureux-du-ban-public\/#article\",\"isPartOf\":{\"@id\":\"https:\/\/lyonbondyblog.fr\/LBB\/le-lyon-bondy-live-derasmus-aux-amoureux-du-ban-public\/\"},\"author\":{\"name\":\"La r\u00e9daction\",\"@id\":\"https:\/\/lyonbondyblog.fr\/LBB\/#\/schema\/person\/e45f8d27baac75072daa0be50c409b25\"},\"headline\":\"Le Lyon Bondy Live : D&rsquo;Erasmus aux amoureux du ban public\",\"datePublished\":\"2012-10-24T12:57:02+00:00\",\"dateModified\":\"2013-08-28T13:07:53+00:00\",\"mainEntityOfPage\":{\"@id\":\"https:\/\/lyonbondyblog.fr\/LBB\/le-lyon-bondy-live-derasmus-aux-amoureux-du-ban-public\/\"},\"wordCount\":91,\"commentCount\":0,\"publisher\":{\"@id\":\"https:\/\/lyonbondyblog.fr\/LBB\/#organization\"},\"image\":{\"@id\":\"https:\/\/lyonbondyblog.fr\/LBB\/le-lyon-bondy-live-derasmus-aux-amoureux-du-ban-public\/#primaryimage\"},\"thumbnailUrl\":\"https:\/\/lyonbondyblog.fr\/LBB\/wp-content\/uploads\/2013\/08\/lyonbondylive-vignette.jpg\",\"keywords\":[\"Ban public\",\"Erasmus\",\"lyon\",\"Lyon Bondy Blog\",\"Lyon Bondy Live\"],\"articleSection\":[\"Ambiance\"],\"inLanguage\":\"fr-FR\",\"potentialAction\":[{\"@type\":\"CommentAction\",\"name\":\"Comment\",\"target\":[\"https:\/\/lyonbondyblog.fr\/LBB\/le-lyon-bondy-live-derasmus-aux-amoureux-du-ban-public\/#respond\"]}]},{\"@type\":\"WebPage\",\"@id\":\"https:\/\/lyonbondyblog.fr\/LBB\/le-lyon-bondy-live-derasmus-aux-amoureux-du-ban-public\/\",\"url\":\"https:\/\/lyonbondyblog.fr\/LBB\/le-lyon-bondy-live-derasmus-aux-amoureux-du-ban-public\/\",\"name\":\"Le Lyon Bondy Live : D'Erasmus aux amoureux du ban public - Lyon Bondy Blog\",\"isPartOf\":{\"@id\":\"https:\/\/lyonbondyblog.fr\/LBB\/#website\"},\"primaryImageOfPage\":{\"@id\":\"https:\/\/lyonbondyblog.fr\/LBB\/le-lyon-bondy-live-derasmus-aux-amoureux-du-ban-public\/#primaryimage\"},\"image\":{\"@id\":\"https:\/\/lyonbondyblog.fr\/LBB\/le-lyon-bondy-live-derasmus-aux-amoureux-du-ban-public\/#primaryimage\"},\"thumbnailUrl\":\"https:\/\/lyonbondyblog.fr\/LBB\/wp-content\/uploads\/2013\/08\/lyonbondylive-vignette.jpg\",\"datePublished\":\"2012-10-24T12:57:02+00:00\",\"dateModified\":\"2013-08-28T13:07:53+00:00\",\"inLanguage\":\"fr-FR\",\"potentialAction\":[{\"@type\":\"ReadAction\",\"target\":[\"https:\/\/lyonbondyblog.fr\/LBB\/le-lyon-bondy-live-derasmus-aux-amoureux-du-ban-public\/\"]}]},{\"@type\":\"ImageObject\",\"inLanguage\":\"fr-FR\",\"@id\":\"https:\/\/lyonbondyblog.fr\/LBB\/le-lyon-bondy-live-derasmus-aux-amoureux-du-ban-public\/#primaryimage\",\"url\":\"https:\/\/lyonbondyblog.fr\/LBB\/wp-content\/uploads\/2013\/08\/lyonbondylive-vignette.jpg\",\"contentUrl\":\"https:\/\/lyonbondyblog.fr\/LBB\/wp-content\/uploads\/2013\/08\/lyonbondylive-vignette.jpg\",\"width\":1904,\"height\":952},{\"@type\":\"WebSite\",\"@id\":\"https:\/\/lyonbondyblog.fr\/LBB\/#website\",\"url\":\"https:\/\/lyonbondyblog.fr\/LBB\/\",\"name\":\"Lyon Bondy Blog\",\"description\":\"\",\"publisher\":{\"@id\":\"https:\/\/lyonbondyblog.fr\/LBB\/#organization\"},\"potentialAction\":[{\"@type\":\"SearchAction\",\"target\":{\"@type\":\"EntryPoint\",\"urlTemplate\":\"https:\/\/lyonbondyblog.fr\/LBB\/?s={search_term_string}\"},\"query-input\":\"required name=search_term_string\"}],\"inLanguage\":\"fr-FR\"},{\"@type\":\"Organization\",\"@id\":\"https:\/\/lyonbondyblog.fr\/LBB\/#organization\",\"name\":\"LYON BONDY BLOG\",\"url\":\"https:\/\/lyonbondyblog.fr\/LBB\/\",\"logo\":{\"@type\":\"ImageObject\",\"inLanguage\":\"fr-FR\",\"@id\":\"https:\/\/lyonbondyblog.fr\/LBB\/#\/schema\/logo\/image\/\",\"url\":\"http:\/\/lyonbondyblog.fr\/LBB\/wp-content\/uploads\/2014\/10\/logo-portable-144.png\",\"contentUrl\":\"http:\/\/lyonbondyblog.fr\/LBB\/wp-content\/uploads\/2014\/10\/logo-portable-144.png\",\"width\":144,\"height\":123,\"caption\":\"LYON BONDY BLOG\"},\"image\":{\"@id\":\"https:\/\/lyonbondyblog.fr\/LBB\/#\/schema\/logo\/image\/\"},\"sameAs\":[\"https:\/\/www.facebook.com\/lyonbondyblog\",\"https:\/\/x.com\/bondybloglyon\"]},{\"@type\":\"Person\",\"@id\":\"https:\/\/lyonbondyblog.fr\/LBB\/#\/schema\/person\/e45f8d27baac75072daa0be50c409b25\",\"name\":\"La r\u00e9daction\",\"description\":\"Cr\u00e9e en 2008, la r\u00e9daction du Lyon Bondy Blog s'applique \u00e0 proposer une information locale diff\u00e9rente et compl\u00e9mentaire des m\u00e9dias traditionnels.\",\"sameAs\":[\"https:\/\/www.facebook.com\/lyonbondyblog\",\"https:\/\/x.com\/BondyBlogLyon\"],\"url\":\"https:\/\/lyonbondyblog.fr\/LBB\/author\/admin\/\"}]}<\/script>\n<!-- \/ Yoast SEO plugin. -->","yoast_head_json":{"title":"Le Lyon Bondy Live : D'Erasmus aux amoureux du ban public - Lyon Bondy Blog","robots":{"index":"index","follow":"follow","max-snippet":"max-snippet:-1","max-image-preview":"max-image-preview:large","max-video-preview":"max-video-preview:-1"},"canonical":"https:\/\/lyonbondyblog.fr\/LBB\/le-lyon-bondy-live-derasmus-aux-amoureux-du-ban-public\/","og_locale":"fr_FR","og_type":"article","og_title":"Le Lyon Bondy Live : D'Erasmus aux amoureux du ban public - Lyon Bondy Blog","og_description":"La derni\u00e8re \u00e9mission du Lyon Bondy Live est en ligne. Vous pouvez la retrouver d\u00e8s \u00e0 pr\u00e9sent. \u00a0 Au programme de cette derni\u00e8re \u00e9mission : &hellip;","og_url":"https:\/\/lyonbondyblog.fr\/LBB\/le-lyon-bondy-live-derasmus-aux-amoureux-du-ban-public\/","og_site_name":"Lyon Bondy Blog","article_publisher":"https:\/\/www.facebook.com\/lyonbondyblog","article_author":"https:\/\/www.facebook.com\/lyonbondyblog","article_published_time":"2012-10-24T12:57:02+00:00","article_modified_time":"2013-08-28T13:07:53+00:00","og_image":[{"width":1904,"height":952,"url":"https:\/\/lyonbondyblog.fr\/LBB\/wp-content\/uploads\/2013\/08\/lyonbondylive-vignette.jpg","type":"image\/jpeg"}],"author":"La r\u00e9daction","twitter_card":"summary_large_image","twitter_creator":"@BondyBlogLyon","twitter_site":"@bondybloglyon","schema":{"@context":"https:\/\/schema.org","@graph":[{"@type":"Article","@id":"https:\/\/lyonbondyblog.fr\/LBB\/le-lyon-bondy-live-derasmus-aux-amoureux-du-ban-public\/#article","isPartOf":{"@id":"https:\/\/lyonbondyblog.fr\/LBB\/le-lyon-bondy-live-derasmus-aux-amoureux-du-ban-public\/"},"author":{"name":"La r\u00e9daction","@id":"https:\/\/lyonbondyblog.fr\/LBB\/#\/schema\/person\/e45f8d27baac75072daa0be50c409b25"},"headline":"Le Lyon Bondy Live : D&rsquo;Erasmus aux amoureux du ban public","datePublished":"2012-10-24T12:57:02+00:00","dateModified":"2013-08-28T13:07:53+00:00","mainEntityOfPage":{"@id":"https:\/\/lyonbondyblog.fr\/LBB\/le-lyon-bondy-live-derasmus-aux-amoureux-du-ban-public\/"},"wordCount":91,"commentCount":0,"publisher":{"@id":"https:\/\/lyonbondyblog.fr\/LBB\/#organization"},"image":{"@id":"https:\/\/lyonbondyblog.fr\/LBB\/le-lyon-bondy-live-derasmus-aux-amoureux-du-ban-public\/#primaryimage"},"thumbnailUrl":"https:\/\/lyonbondyblog.fr\/LBB\/wp-content\/uploads\/2013\/08\/lyonbondylive-vignette.jpg","keywords":["Ban public","Erasmus","lyon","Lyon Bondy Blog","Lyon Bondy Live"],"articleSection":["Ambiance"],"inLanguage":"fr-FR","potentialAction":[{"@type":"CommentAction","name":"Comment","target":["https:\/\/lyonbondyblog.fr\/LBB\/le-lyon-bondy-live-derasmus-aux-amoureux-du-ban-public\/#respond"]}]},{"@type":"WebPage","@id":"https:\/\/lyonbondyblog.fr\/LBB\/le-lyon-bondy-live-derasmus-aux-amoureux-du-ban-public\/","url":"https:\/\/lyonbondyblog.fr\/LBB\/le-lyon-bondy-live-derasmus-aux-amoureux-du-ban-public\/","name":"Le Lyon Bondy Live : D'Erasmus aux amoureux du ban public - Lyon Bondy Blog","isPartOf":{"@id":"https:\/\/lyonbondyblog.fr\/LBB\/#website"},"primaryImageOfPage":{"@id":"https:\/\/lyonbondyblog.fr\/LBB\/le-lyon-bondy-live-derasmus-aux-amoureux-du-ban-public\/#primaryimage"},"image":{"@id":"https:\/\/lyonbondyblog.fr\/LBB\/le-lyon-bondy-live-derasmus-aux-amoureux-du-ban-public\/#primaryimage"},"thumbnailUrl":"https:\/\/lyonbondyblog.fr\/LBB\/wp-content\/uploads\/2013\/08\/lyonbondylive-vignette.jpg","datePublished":"2012-10-24T12:57:02+00:00","dateModified":"2013-08-28T13:07:53+00:00","inLanguage":"fr-FR","potentialAction":[{"@type":"ReadAction","target":["https:\/\/lyonbondyblog.fr\/LBB\/le-lyon-bondy-live-derasmus-aux-amoureux-du-ban-public\/"]}]},{"@type":"ImageObject","inLanguage":"fr-FR","@id":"https:\/\/lyonbondyblog.fr\/LBB\/le-lyon-bondy-live-derasmus-aux-amoureux-du-ban-public\/#primaryimage","url":"https:\/\/lyonbondyblog.fr\/LBB\/wp-content\/uploads\/2013\/08\/lyonbondylive-vignette.jpg","contentUrl":"https:\/\/lyonbondyblog.fr\/LBB\/wp-content\/uploads\/2013\/08\/lyonbondylive-vignette.jpg","width":1904,"height":952},{"@type":"WebSite","@id":"https:\/\/lyonbondyblog.fr\/LBB\/#website","url":"https:\/\/lyonbondyblog.fr\/LBB\/","name":"Lyon Bondy Blog","description":"","publisher":{"@id":"https:\/\/lyonbondyblog.fr\/LBB\/#organization"},"potentialAction":[{"@type":"SearchAction","target":{"@type":"EntryPoint","urlTemplate":"https:\/\/lyonbondyblog.fr\/LBB\/?s={search_term_string}"},"query-input":"required name=search_term_string"}],"inLanguage":"fr-FR"},{"@type":"Organization","@id":"https:\/\/lyonbondyblog.fr\/LBB\/#organization","name":"LYON BONDY BLOG","url":"https:\/\/lyonbondyblog.fr\/LBB\/","logo":{"@type":"ImageObject","inLanguage":"fr-FR","@id":"https:\/\/lyonbondyblog.fr\/LBB\/#\/schema\/logo\/image\/","url":"http:\/\/lyonbondyblog.fr\/LBB\/wp-content\/uploads\/2014\/10\/logo-portable-144.png","contentUrl":"http:\/\/lyonbondyblog.fr\/LBB\/wp-content\/uploads\/2014\/10\/logo-portable-144.png","width":144,"height":123,"caption":"LYON BONDY BLOG"},"image":{"@id":"https:\/\/lyonbondyblog.fr\/LBB\/#\/schema\/logo\/image\/"},"sameAs":["https:\/\/www.facebook.com\/lyonbondyblog","https:\/\/x.com\/bondybloglyon"]},{"@type":"Person","@id":"https:\/\/lyonbondyblog.fr\/LBB\/#\/schema\/person\/e45f8d27baac75072daa0be50c409b25","name":"La r\u00e9daction","description":"Cr\u00e9e en 2008, la r\u00e9daction du Lyon Bondy Blog s'applique \u00e0 proposer une information locale diff\u00e9rente et compl\u00e9mentaire des m\u00e9dias traditionnels.","sameAs":["https:\/\/www.facebook.com\/lyonbondyblog","https:\/\/x.com\/BondyBlogLyon"],"url":"https:\/\/lyonbondyblog.fr\/LBB\/author\/admin\/"}]}},"_links":{"self":[{"href":"https:\/\/lyonbondyblog.fr\/LBB\/wp-json\/wp\/v2\/posts\/3963","targetHints":{"allow":["GET"]}}],"collection":[{"href":"https:\/\/lyonbondyblog.fr\/LBB\/wp-json\/wp\/v2\/posts"}],"about":[{"href":"https:\/\/lyonbondyblog.fr\/LBB\/wp-json\/wp\/v2\/types\/post"}],"author":[{"embeddable":true,"href":"https:\/\/lyonbondyblog.fr\/LBB\/wp-json\/wp\/v2\/users\/1"}],"replies":[{"embeddable":true,"href":"https:\/\/lyonbondyblog.fr\/LBB\/wp-json\/wp\/v2\/comments?post=3963"}],"version-history":[{"count":0,"href":"https:\/\/lyonbondyblog.fr\/LBB\/wp-json\/wp\/v2\/posts\/3963\/revisions"}],"wp:featuredmedia":[{"embeddable":true,"href":"https:\/\/lyonbondyblog.fr\/LBB\/wp-json\/wp\/v2\/media\/3854"}],"wp:attachment":[{"href":"https:\/\/lyonbondyblog.fr\/LBB\/wp-json\/wp\/v2\/media?parent=3963"}],"wp:term":[{"taxonomy":"category","embeddable":true,"href":"https:\/\/lyonbondyblog.fr\/LBB\/wp-json\/wp\/v2\/categories?post=3963"},{"taxonomy":"post_tag","embeddable":true,"href":"https:\/\/lyonbondyblog.fr\/LBB\/wp-json\/wp\/v2\/tags?post=3963"}],"curies":[{"name":"wp","href":"https:\/\/api.w.org\/{rel}","templated":true}]}}