{"id":39245,"date":"2026-09-06T14:00:00","date_gmt":"2026-09-06T12:00:00","guid":{"rendered":"https:\/\/lyonbondyblog.fr\/LBB\/?p=39245"},"modified":"2026-09-05T18:04:14","modified_gmt":"2026-09-05T16:04:14","slug":"le-forum-des-associations-bien-plus-quun-simple-rendez-vous-de-rentree","status":"publish","type":"post","link":"https:\/\/lyonbondyblog.fr\/LBB\/le-forum-des-associations-bien-plus-quun-simple-rendez-vous-de-rentree\/","title":{"rendered":"Le Forum des associations, bien plus qu\u2019un simple rendez-vous de rentr\u00e9e"},"content":{"rendered":"\n<p><strong>Chaque ann\u00e9e, le Forum des associations rassemble habitants, b\u00e9n\u00e9voles et acteurs locaux autour d\u2019un m\u00eame objectif : faire vivre le territoire. Entre d\u00e9couvertes, rencontres et inscriptions, cet \u00e9v\u00e9nement t\u00e9moigne surtout de l\u2019importance du tissu associatif dans la vie collective.<\/strong><\/p>\n\n\n\n<p>\u00c0 l\u2019approche de la rentr\u00e9e, les stands se multiplient et les associations viennent \u00e0 la rencontre des habitants. Sport, culture, solidarit\u00e9, \u00e9ducation, environnement ou encore loisirs : le Forum des associations offre un aper\u00e7u de la diversit\u00e9 des initiatives qui font vivre une ville tout au long de l\u2019ann\u00e9e.<\/p>\n\n\n\n<p>Mais derri\u00e8re les traditionnelles inscriptions de septembre, cet \u00e9v\u00e9nement repr\u00e9sente bien davantage. Il est avant tout un espace de rencontre. Les habitants peuvent d\u00e9couvrir des activit\u00e9s, \u00e9changer avec des b\u00e9n\u00e9voles et parfois trouver une mani\u00e8re de s\u2019investir dans la vie locale. Pour les associations, c\u2019est \u00e9galement l\u2019occasion de se faire conna\u00eetre, de pr\u00e9senter leurs projets et de rappeler le r\u00f4le essentiel qu\u2019elles occupent sur le territoire.<\/p>\n\n\n\n<figure class=\"wp-block-image size-large\"><img loading=\"lazy\" decoding=\"async\" width=\"1440\" height=\"1920\" src=\"https:\/\/lyonbondyblog.fr\/LBB\/wp-content\/uploads\/2026\/09\/IMG_2546-1440x1920.jpeg\" alt=\"\" class=\"wp-image-39247\" srcset=\"https:\/\/lyonbondyblog.fr\/LBB\/wp-content\/uploads\/2026\/09\/IMG_2546-1440x1920.jpeg 1440w, https:\/\/lyonbondyblog.fr\/LBB\/wp-content\/uploads\/2026\/09\/IMG_2546-900x1200.jpeg 900w, https:\/\/lyonbondyblog.fr\/LBB\/wp-content\/uploads\/2026\/09\/IMG_2546-768x1024.jpeg 768w, https:\/\/lyonbondyblog.fr\/LBB\/wp-content\/uploads\/2026\/09\/IMG_2546-1152x1536.jpeg 1152w, https:\/\/lyonbondyblog.fr\/LBB\/wp-content\/uploads\/2026\/09\/IMG_2546-1536x2048.jpeg 1536w, https:\/\/lyonbondyblog.fr\/LBB\/wp-content\/uploads\/2026\/09\/IMG_2546-scaled.jpeg 1920w\" sizes=\"auto, (max-width: 1440px) 100vw, 1440px\" \/><\/figure>\n\n\n\n<p>Le Forum des associations met ainsi en lumi\u00e8re un tissu associatif souvent discret, mais pourtant indispensable au quotidien. De nombreuses structures permettent de cr\u00e9er du lien entre les g\u00e9n\u00e9rations, d\u2019accompagner les personnes qui en ont besoin ou encore de proposer des espaces d\u2019expression et de partage.<\/p>\n\n\n\n<p>Dans un contexte o\u00f9 les liens sociaux peuvent parfois sembler fragiles, ces rendez-vous rappellent l\u2019importance du collectif. S\u2019inscrire dans une association, ce n\u2019est pas seulement choisir une activit\u00e9 pour l\u2019ann\u00e9e : c\u2019est aussi participer, \u00e0 son \u00e9chelle, \u00e0 la vie d\u2019un quartier ou d\u2019une ville.<\/p>\n\n\n\n<h3 class=\"wp-block-heading\"><strong>Un rendez-vous pour faire vivre le collectif<\/strong><\/h3>\n\n\n\n<p>Le Forum des associations symbolise finalement cette id\u00e9e simple : une ville ne se construit pas uniquement \u00e0 travers ses institutions, mais aussi gr\u00e2ce \u00e0 celles et ceux qui s\u2019engagent chaque jour pour les autres. Derri\u00e8re chaque stand se trouvent des b\u00e9n\u00e9voles, des projets et des initiatives qui participent \u00e0 faire vivre le territoire. Plus qu\u2019un \u00e9v\u00e9nement de rentr\u00e9e, le Forum des associations est donc une v\u00e9ritable vitrine de l\u2019engagement collectif.<\/p>\n<!-- AddThis Advanced Settings generic via filter on the_content --><!-- AddThis Share Buttons generic via filter on the_content -->","protected":false},"excerpt":{"rendered":"<p>Chaque ann\u00e9e, le Forum des associations rassemble habitants, b\u00e9n\u00e9voles et acteurs locaux autour d\u2019un m\u00eame objectif : faire vivre le territoire. Entre d\u00e9couvertes, rencontres et &hellip; <!-- AddThis Advanced Settings generic via filter on wp_trim_excerpt --><!-- AddThis Share Buttons generic via filter on wp_trim_excerpt --><\/p>\n","protected":false},"author":33,"featured_media":39246,"comment_status":"open","ping_status":"open","sticky":true,"template":"","format":"standard","meta":{"_FSMCFIC_featured_image_caption":"","_FSMCFIC_featured_image_nocaption":"","_FSMCFIC_featured_image_hide":"","footnotes":""},"categories":[6443,3,28645],"tags":[435,1952,10],"class_list":["post-39245","post","type-post","status-publish","format-standard","has-post-thumbnail","hentry","category-association","category-culture","category-vivre-ensemble","tag-association","tag-culture","tag-lyon-2"],"yoast_head":"<!-- This site is optimized with the Yoast SEO plugin v22.8 - https:\/\/yoast.com\/wordpress\/plugins\/seo\/ -->\n<title>Le Forum des associations, bien plus qu\u2019un simple rendez-vous de rentr\u00e9e - Lyon Bondy Blog<\/title>\n<meta name=\"robots\" content=\"index, follow, max-snippet:-1, max-image-preview:large, max-video-preview:-1\" \/>\n<link rel=\"canonical\" href=\"https:\/\/lyonbondyblog.fr\/LBB\/le-forum-des-associations-bien-plus-quun-simple-rendez-vous-de-rentree\/\" \/>\n<meta property=\"og:locale\" content=\"fr_FR\" \/>\n<meta property=\"og:type\" content=\"article\" \/>\n<meta property=\"og:title\" content=\"Le Forum des associations, bien plus qu\u2019un simple rendez-vous de rentr\u00e9e - Lyon Bondy Blog\" \/>\n<meta property=\"og:description\" content=\"Chaque ann\u00e9e, le Forum des associations rassemble habitants, b\u00e9n\u00e9voles et acteurs locaux autour d\u2019un m\u00eame objectif : faire vivre le territoire. Entre d\u00e9couvertes, rencontres et &hellip;\" \/>\n<meta property=\"og:url\" content=\"https:\/\/lyonbondyblog.fr\/LBB\/le-forum-des-associations-bien-plus-quun-simple-rendez-vous-de-rentree\/\" \/>\n<meta property=\"og:site_name\" content=\"Lyon Bondy Blog\" \/>\n<meta property=\"article:publisher\" content=\"https:\/\/www.facebook.com\/lyonbondyblog\" \/>\n<meta property=\"article:published_time\" content=\"2026-09-06T12:00:00+00:00\" \/>\n<meta property=\"article:modified_time\" content=\"2026-09-05T16:04:14+00:00\" \/>\n<meta property=\"og:image\" content=\"https:\/\/lyonbondyblog.fr\/LBB\/wp-content\/uploads\/2026\/09\/IMG_2544-1-scaled.jpeg\" \/>\n\t<meta property=\"og:image:width\" content=\"2560\" \/>\n\t<meta property=\"og:image:height\" content=\"1920\" \/>\n\t<meta property=\"og:image:type\" content=\"image\/jpeg\" \/>\n<meta name=\"author\" content=\"Etienne Aazzab\" \/>\n<meta name=\"twitter:card\" content=\"summary_large_image\" \/>\n<meta name=\"twitter:creator\" content=\"@AazzabEtienne\" \/>\n<meta name=\"twitter:site\" content=\"@bondybloglyon\" \/>\n<script type=\"application\/ld+json\" class=\"yoast-schema-graph\">{\"@context\":\"https:\/\/schema.org\",\"@graph\":[{\"@type\":\"Article\",\"@id\":\"https:\/\/lyonbondyblog.fr\/LBB\/le-forum-des-associations-bien-plus-quun-simple-rendez-vous-de-rentree\/#article\",\"isPartOf\":{\"@id\":\"https:\/\/lyonbondyblog.fr\/LBB\/le-forum-des-associations-bien-plus-quun-simple-rendez-vous-de-rentree\/\"},\"author\":{\"name\":\"Etienne Aazzab\",\"@id\":\"https:\/\/lyonbondyblog.fr\/LBB\/#\/schema\/person\/5e9904261c1f613c8e6ea22045b1353d\"},\"headline\":\"Le Forum des associations, bien plus qu\u2019un simple rendez-vous de rentr\u00e9e\",\"datePublished\":\"2026-09-06T12:00:00+00:00\",\"dateModified\":\"2026-09-05T16:04:14+00:00\",\"mainEntityOfPage\":{\"@id\":\"https:\/\/lyonbondyblog.fr\/LBB\/le-forum-des-associations-bien-plus-quun-simple-rendez-vous-de-rentree\/\"},\"wordCount\":379,\"commentCount\":0,\"publisher\":{\"@id\":\"https:\/\/lyonbondyblog.fr\/LBB\/#organization\"},\"image\":{\"@id\":\"https:\/\/lyonbondyblog.fr\/LBB\/le-forum-des-associations-bien-plus-quun-simple-rendez-vous-de-rentree\/#primaryimage\"},\"thumbnailUrl\":\"https:\/\/lyonbondyblog.fr\/LBB\/wp-content\/uploads\/2026\/09\/IMG_2544-1-scaled.jpeg\",\"keywords\":[\"association\",\"Culture\",\"lyon\"],\"articleSection\":[\"Association\",\"Culture\",\"Vivre Ensemble\"],\"inLanguage\":\"fr-FR\",\"potentialAction\":[{\"@type\":\"CommentAction\",\"name\":\"Comment\",\"target\":[\"https:\/\/lyonbondyblog.fr\/LBB\/le-forum-des-associations-bien-plus-quun-simple-rendez-vous-de-rentree\/#respond\"]}]},{\"@type\":\"WebPage\",\"@id\":\"https:\/\/lyonbondyblog.fr\/LBB\/le-forum-des-associations-bien-plus-quun-simple-rendez-vous-de-rentree\/\",\"url\":\"https:\/\/lyonbondyblog.fr\/LBB\/le-forum-des-associations-bien-plus-quun-simple-rendez-vous-de-rentree\/\",\"name\":\"Le Forum des associations, bien plus qu\u2019un simple rendez-vous de rentr\u00e9e - Lyon Bondy Blog\",\"isPartOf\":{\"@id\":\"https:\/\/lyonbondyblog.fr\/LBB\/#website\"},\"primaryImageOfPage\":{\"@id\":\"https:\/\/lyonbondyblog.fr\/LBB\/le-forum-des-associations-bien-plus-quun-simple-rendez-vous-de-rentree\/#primaryimage\"},\"image\":{\"@id\":\"https:\/\/lyonbondyblog.fr\/LBB\/le-forum-des-associations-bien-plus-quun-simple-rendez-vous-de-rentree\/#primaryimage\"},\"thumbnailUrl\":\"https:\/\/lyonbondyblog.fr\/LBB\/wp-content\/uploads\/2026\/09\/IMG_2544-1-scaled.jpeg\",\"datePublished\":\"2026-09-06T12:00:00+00:00\",\"dateModified\":\"2026-09-05T16:04:14+00:00\",\"inLanguage\":\"fr-FR\",\"potentialAction\":[{\"@type\":\"ReadAction\",\"target\":[\"https:\/\/lyonbondyblog.fr\/LBB\/le-forum-des-associations-bien-plus-quun-simple-rendez-vous-de-rentree\/\"]}]},{\"@type\":\"ImageObject\",\"inLanguage\":\"fr-FR\",\"@id\":\"https:\/\/lyonbondyblog.fr\/LBB\/le-forum-des-associations-bien-plus-quun-simple-rendez-vous-de-rentree\/#primaryimage\",\"url\":\"https:\/\/lyonbondyblog.fr\/LBB\/wp-content\/uploads\/2026\/09\/IMG_2544-1-scaled.jpeg\",\"contentUrl\":\"https:\/\/lyonbondyblog.fr\/LBB\/wp-content\/uploads\/2026\/09\/IMG_2544-1-scaled.jpeg\",\"width\":2560,\"height\":1920,\"caption\":\"Forum des associations de Lyon 7\"},{\"@type\":\"WebSite\",\"@id\":\"https:\/\/lyonbondyblog.fr\/LBB\/#website\",\"url\":\"https:\/\/lyonbondyblog.fr\/LBB\/\",\"name\":\"Lyon Bondy Blog\",\"description\":\"\",\"publisher\":{\"@id\":\"https:\/\/lyonbondyblog.fr\/LBB\/#organization\"},\"potentialAction\":[{\"@type\":\"SearchAction\",\"target\":{\"@type\":\"EntryPoint\",\"urlTemplate\":\"https:\/\/lyonbondyblog.fr\/LBB\/?s={search_term_string}\"},\"query-input\":\"required name=search_term_string\"}],\"inLanguage\":\"fr-FR\"},{\"@type\":\"Organization\",\"@id\":\"https:\/\/lyonbondyblog.fr\/LBB\/#organization\",\"name\":\"LYON BONDY BLOG\",\"url\":\"https:\/\/lyonbondyblog.fr\/LBB\/\",\"logo\":{\"@type\":\"ImageObject\",\"inLanguage\":\"fr-FR\",\"@id\":\"https:\/\/lyonbondyblog.fr\/LBB\/#\/schema\/logo\/image\/\",\"url\":\"http:\/\/lyonbondyblog.fr\/LBB\/wp-content\/uploads\/2014\/10\/logo-portable-144.png\",\"contentUrl\":\"http:\/\/lyonbondyblog.fr\/LBB\/wp-content\/uploads\/2014\/10\/logo-portable-144.png\",\"width\":144,\"height\":123,\"caption\":\"LYON BONDY BLOG\"},\"image\":{\"@id\":\"https:\/\/lyonbondyblog.fr\/LBB\/#\/schema\/logo\/image\/\"},\"sameAs\":[\"https:\/\/www.facebook.com\/lyonbondyblog\",\"https:\/\/x.com\/bondybloglyon\"]},{\"@type\":\"Person\",\"@id\":\"https:\/\/lyonbondyblog.fr\/LBB\/#\/schema\/person\/5e9904261c1f613c8e6ea22045b1353d\",\"name\":\"Etienne Aazzab\",\"description\":\"Il a int\u00e9gr\u00e9 l\u2019\u00e9quipe du \u00ab clic 2014 \u00bb : Collectif local d\u2019informations citoyennes \u00e0 partir de novembre 2013. Il rejoint le Lyon Bondy Blog \u00e0 partir de janvier 2014. Depuis 2016, je suis le responsable du Lyon Bondy Blog et le directeur de publication. Ses sujets de pr\u00e9dilection : #Politique #Soci\u00e9t\u00e9 #Sport\",\"sameAs\":[\"https:\/\/x.com\/AazzabEtienne\"],\"url\":\"https:\/\/lyonbondyblog.fr\/LBB\/author\/etienne\/\"}]}<\/script>\n<!-- \/ Yoast SEO plugin. -->","yoast_head_json":{"title":"Le Forum des associations, bien plus qu\u2019un simple rendez-vous de rentr\u00e9e - Lyon Bondy Blog","robots":{"index":"index","follow":"follow","max-snippet":"max-snippet:-1","max-image-preview":"max-image-preview:large","max-video-preview":"max-video-preview:-1"},"canonical":"https:\/\/lyonbondyblog.fr\/LBB\/le-forum-des-associations-bien-plus-quun-simple-rendez-vous-de-rentree\/","og_locale":"fr_FR","og_type":"article","og_title":"Le Forum des associations, bien plus qu\u2019un simple rendez-vous de rentr\u00e9e - Lyon Bondy Blog","og_description":"Chaque ann\u00e9e, le Forum des associations rassemble habitants, b\u00e9n\u00e9voles et acteurs locaux autour d\u2019un m\u00eame objectif : faire vivre le territoire. Entre d\u00e9couvertes, rencontres et &hellip;","og_url":"https:\/\/lyonbondyblog.fr\/LBB\/le-forum-des-associations-bien-plus-quun-simple-rendez-vous-de-rentree\/","og_site_name":"Lyon Bondy Blog","article_publisher":"https:\/\/www.facebook.com\/lyonbondyblog","article_published_time":"2026-09-06T12:00:00+00:00","article_modified_time":"2026-09-05T16:04:14+00:00","og_image":[{"width":2560,"height":1920,"url":"https:\/\/lyonbondyblog.fr\/LBB\/wp-content\/uploads\/2026\/09\/IMG_2544-1-scaled.jpeg","type":"image\/jpeg"}],"author":"Etienne Aazzab","twitter_card":"summary_large_image","twitter_creator":"@AazzabEtienne","twitter_site":"@bondybloglyon","schema":{"@context":"https:\/\/schema.org","@graph":[{"@type":"Article","@id":"https:\/\/lyonbondyblog.fr\/LBB\/le-forum-des-associations-bien-plus-quun-simple-rendez-vous-de-rentree\/#article","isPartOf":{"@id":"https:\/\/lyonbondyblog.fr\/LBB\/le-forum-des-associations-bien-plus-quun-simple-rendez-vous-de-rentree\/"},"author":{"name":"Etienne Aazzab","@id":"https:\/\/lyonbondyblog.fr\/LBB\/#\/schema\/person\/5e9904261c1f613c8e6ea22045b1353d"},"headline":"Le Forum des associations, bien plus qu\u2019un simple rendez-vous de rentr\u00e9e","datePublished":"2026-09-06T12:00:00+00:00","dateModified":"2026-09-05T16:04:14+00:00","mainEntityOfPage":{"@id":"https:\/\/lyonbondyblog.fr\/LBB\/le-forum-des-associations-bien-plus-quun-simple-rendez-vous-de-rentree\/"},"wordCount":379,"commentCount":0,"publisher":{"@id":"https:\/\/lyonbondyblog.fr\/LBB\/#organization"},"image":{"@id":"https:\/\/lyonbondyblog.fr\/LBB\/le-forum-des-associations-bien-plus-quun-simple-rendez-vous-de-rentree\/#primaryimage"},"thumbnailUrl":"https:\/\/lyonbondyblog.fr\/LBB\/wp-content\/uploads\/2026\/09\/IMG_2544-1-scaled.jpeg","keywords":["association","Culture","lyon"],"articleSection":["Association","Culture","Vivre Ensemble"],"inLanguage":"fr-FR","potentialAction":[{"@type":"CommentAction","name":"Comment","target":["https:\/\/lyonbondyblog.fr\/LBB\/le-forum-des-associations-bien-plus-quun-simple-rendez-vous-de-rentree\/#respond"]}]},{"@type":"WebPage","@id":"https:\/\/lyonbondyblog.fr\/LBB\/le-forum-des-associations-bien-plus-quun-simple-rendez-vous-de-rentree\/","url":"https:\/\/lyonbondyblog.fr\/LBB\/le-forum-des-associations-bien-plus-quun-simple-rendez-vous-de-rentree\/","name":"Le Forum des associations, bien plus qu\u2019un simple rendez-vous de rentr\u00e9e - Lyon Bondy Blog","isPartOf":{"@id":"https:\/\/lyonbondyblog.fr\/LBB\/#website"},"primaryImageOfPage":{"@id":"https:\/\/lyonbondyblog.fr\/LBB\/le-forum-des-associations-bien-plus-quun-simple-rendez-vous-de-rentree\/#primaryimage"},"image":{"@id":"https:\/\/lyonbondyblog.fr\/LBB\/le-forum-des-associations-bien-plus-quun-simple-rendez-vous-de-rentree\/#primaryimage"},"thumbnailUrl":"https:\/\/lyonbondyblog.fr\/LBB\/wp-content\/uploads\/2026\/09\/IMG_2544-1-scaled.jpeg","datePublished":"2026-09-06T12:00:00+00:00","dateModified":"2026-09-05T16:04:14+00:00","inLanguage":"fr-FR","potentialAction":[{"@type":"ReadAction","target":["https:\/\/lyonbondyblog.fr\/LBB\/le-forum-des-associations-bien-plus-quun-simple-rendez-vous-de-rentree\/"]}]},{"@type":"ImageObject","inLanguage":"fr-FR","@id":"https:\/\/lyonbondyblog.fr\/LBB\/le-forum-des-associations-bien-plus-quun-simple-rendez-vous-de-rentree\/#primaryimage","url":"https:\/\/lyonbondyblog.fr\/LBB\/wp-content\/uploads\/2026\/09\/IMG_2544-1-scaled.jpeg","contentUrl":"https:\/\/lyonbondyblog.fr\/LBB\/wp-content\/uploads\/2026\/09\/IMG_2544-1-scaled.jpeg","width":2560,"height":1920,"caption":"Forum des associations de Lyon 7"},{"@type":"WebSite","@id":"https:\/\/lyonbondyblog.fr\/LBB\/#website","url":"https:\/\/lyonbondyblog.fr\/LBB\/","name":"Lyon Bondy Blog","description":"","publisher":{"@id":"https:\/\/lyonbondyblog.fr\/LBB\/#organization"},"potentialAction":[{"@type":"SearchAction","target":{"@type":"EntryPoint","urlTemplate":"https:\/\/lyonbondyblog.fr\/LBB\/?s={search_term_string}"},"query-input":"required name=search_term_string"}],"inLanguage":"fr-FR"},{"@type":"Organization","@id":"https:\/\/lyonbondyblog.fr\/LBB\/#organization","name":"LYON BONDY BLOG","url":"https:\/\/lyonbondyblog.fr\/LBB\/","logo":{"@type":"ImageObject","inLanguage":"fr-FR","@id":"https:\/\/lyonbondyblog.fr\/LBB\/#\/schema\/logo\/image\/","url":"http:\/\/lyonbondyblog.fr\/LBB\/wp-content\/uploads\/2014\/10\/logo-portable-144.png","contentUrl":"http:\/\/lyonbondyblog.fr\/LBB\/wp-content\/uploads\/2014\/10\/logo-portable-144.png","width":144,"height":123,"caption":"LYON BONDY BLOG"},"image":{"@id":"https:\/\/lyonbondyblog.fr\/LBB\/#\/schema\/logo\/image\/"},"sameAs":["https:\/\/www.facebook.com\/lyonbondyblog","https:\/\/x.com\/bondybloglyon"]},{"@type":"Person","@id":"https:\/\/lyonbondyblog.fr\/LBB\/#\/schema\/person\/5e9904261c1f613c8e6ea22045b1353d","name":"Etienne Aazzab","description":"Il a int\u00e9gr\u00e9 l\u2019\u00e9quipe du \u00ab clic 2014 \u00bb : Collectif local d\u2019informations citoyennes \u00e0 partir de novembre 2013. Il rejoint le Lyon Bondy Blog \u00e0 partir de janvier 2014. Depuis 2016, je suis le responsable du Lyon Bondy Blog et le directeur de publication. Ses sujets de pr\u00e9dilection : #Politique #Soci\u00e9t\u00e9 #Sport","sameAs":["https:\/\/x.com\/AazzabEtienne"],"url":"https:\/\/lyonbondyblog.fr\/LBB\/author\/etienne\/"}]}},"_links":{"self":[{"href":"https:\/\/lyonbondyblog.fr\/LBB\/wp-json\/wp\/v2\/posts\/39245","targetHints":{"allow":["GET"]}}],"collection":[{"href":"https:\/\/lyonbondyblog.fr\/LBB\/wp-json\/wp\/v2\/posts"}],"about":[{"href":"https:\/\/lyonbondyblog.fr\/LBB\/wp-json\/wp\/v2\/types\/post"}],"author":[{"embeddable":true,"href":"https:\/\/lyonbondyblog.fr\/LBB\/wp-json\/wp\/v2\/users\/33"}],"replies":[{"embeddable":true,"href":"https:\/\/lyonbondyblog.fr\/LBB\/wp-json\/wp\/v2\/comments?post=39245"}],"version-history":[{"count":2,"href":"https:\/\/lyonbondyblog.fr\/LBB\/wp-json\/wp\/v2\/posts\/39245\/revisions"}],"predecessor-version":[{"id":39249,"href":"https:\/\/lyonbondyblog.fr\/LBB\/wp-json\/wp\/v2\/posts\/39245\/revisions\/39249"}],"wp:featuredmedia":[{"embeddable":true,"href":"https:\/\/lyonbondyblog.fr\/LBB\/wp-json\/wp\/v2\/media\/39246"}],"wp:attachment":[{"href":"https:\/\/lyonbondyblog.fr\/LBB\/wp-json\/wp\/v2\/media?parent=39245"}],"wp:term":[{"taxonomy":"category","embeddable":true,"href":"https:\/\/lyonbondyblog.fr\/LBB\/wp-json\/wp\/v2\/categories?post=39245"},{"taxonomy":"post_tag","embeddable":true,"href":"https:\/\/lyonbondyblog.fr\/LBB\/wp-json\/wp\/v2\/tags?post=39245"}],"curies":[{"name":"wp","href":"https:\/\/api.w.org\/{rel}","templated":true}]}}