{"id":39221,"date":"2026-09-02T17:39:34","date_gmt":"2026-09-02T15:39:34","guid":{"rendered":"https:\/\/lyonbondyblog.fr\/LBB\/?p=39221"},"modified":"2026-09-02T17:52:34","modified_gmt":"2026-09-02T15:52:34","slug":"a-vaulx-en-velin-un-ete-rythme-par-la-jeunesse-et-la-fete","status":"publish","type":"post","link":"https:\/\/lyonbondyblog.fr\/LBB\/a-vaulx-en-velin-un-ete-rythme-par-la-jeunesse-et-la-fete\/","title":{"rendered":"\u00c0 Vaulx-en-Velin, un \u00e9t\u00e9 rythm\u00e9 par la jeunesse et la f\u00eate"},"content":{"rendered":"\n<p><strong>Cet \u00e9t\u00e9, les habitants de Vaulx-en-Velin ont pu profiter de nombreux rendez-vous en plein air. Parmi eux, plusieurs soir\u00e9es gratuites organis\u00e9es par cinq associations locales \u2014 M Sports, A VaulxAmbitions, C\u0153ur Banlieu\u2019Zhar, Surp\u2019Rize et NOUM \u2014 ont rythm\u00e9 la saison, avant le grand rendez-vous de la \u201cF\u00eate de Vaulx\u201d, le 29 ao\u00fbt. Pour sa deuxi\u00e8me \u00e9dition, l\u2019\u00e9v\u00e9nement a attir\u00e9 entre 8 000 et 10 000 visiteurs selon les organisateurs sur la Place de la Nation.<\/strong><\/p>\n\n\n\n<p>Ce samedi 29 ao\u00fbt 2026, la F\u00eate de Vaulx a donn\u00e9 des airs de vacances \u00e0 la place de la Nation. Sous les derni\u00e8res chaleurs de l\u2019\u00e9t\u00e9, 85 b\u00e9n\u00e9voles se sont relay\u00e9s pour transformer cette journ\u00e9e en grand rendez vous de fin de saison. De 10 heures du matin jusqu\u2019aux derni\u00e8res notes de la nuit, le programme ne laisse que peu de r\u00e9pit.<\/p>\n\n\n\n<p>Tombola 100% gagnante, tournoi de football, parcours du combattant, exposition photo, d\u00e9ambulation de cirque, spectacle pyrotechnique ou encore concerts. Les activit\u00e9s s\u2019encha\u00eenent et les g\u00e9n\u00e9rations se croisent. Au fil des heures, la place se remplit. Entre 8000 et 10 000 visiteurs auraient particip\u00e9 \u00e0 cette deuxi\u00e8me \u00e9dition, selon les organisateurs.<\/p>\n\n\n\n<figure class=\"wp-block-image size-full\"><img loading=\"lazy\" decoding=\"async\" width=\"1600\" height=\"1067\" src=\"https:\/\/lyonbondyblog.fr\/LBB\/wp-content\/uploads\/2026\/09\/549f6719-a811-481b-bc6a-65ddfa31cf03.jpeg\" alt=\"\" class=\"wp-image-39222\" srcset=\"https:\/\/lyonbondyblog.fr\/LBB\/wp-content\/uploads\/2026\/09\/549f6719-a811-481b-bc6a-65ddfa31cf03.jpeg 1600w, https:\/\/lyonbondyblog.fr\/LBB\/wp-content\/uploads\/2026\/09\/549f6719-a811-481b-bc6a-65ddfa31cf03-1200x800.jpeg 1200w, https:\/\/lyonbondyblog.fr\/LBB\/wp-content\/uploads\/2026\/09\/549f6719-a811-481b-bc6a-65ddfa31cf03-768x512.jpeg 768w, https:\/\/lyonbondyblog.fr\/LBB\/wp-content\/uploads\/2026\/09\/549f6719-a811-481b-bc6a-65ddfa31cf03-1536x1024.jpeg 1536w, https:\/\/lyonbondyblog.fr\/LBB\/wp-content\/uploads\/2026\/09\/549f6719-a811-481b-bc6a-65ddfa31cf03-272x182.jpeg 272w\" sizes=\"auto, (max-width: 1600px) 100vw, 1600px\" \/><figcaption class=\"wp-element-caption\">Table d\u2019inscription \u00e0 la Tombola o\u00f9 le premier prix \u00e9tait un t\u00e9l\u00e9viseur \u00e9cran plat. Prix du<br>ticket 3\u20ac. @Safa TaouTaou<\/figcaption><\/figure>\n\n\n\n<p>Mais ce 29 ao\u00fbt est surtout le point final d\u2019un \u00e9t\u00e9 commenc\u00e9 bien plus t\u00f4t. Tous les samedis du mois de juillet et jusqu\u2019au 8 ao\u00fbt, d\u00e8s 17 heures, les Loisirs Nocturnes ont pris leurs quartiers au Jardin de la Paix et des Libert\u00e9s. Des soir\u00e9es gratuites, pens\u00e9es pour celles et ceux qui restent \u00e0 Vaulx en Velin pendant la p\u00e9riode estivale. La F\u00eate de Vaulx, elle, n\u2019a lieu qu\u2019une fois dans l\u2019ann\u00e9e. Une derni\u00e8re date, plus imposante, pour refermer la parenth\u00e8se.<\/p>\n\n\n\n<p>Car derri\u00e8re les animations, le constat de d\u00e9part est tr\u00e8s concret. Partir en vacances n\u2019estpas une possibilit\u00e9 pour tous les jeunes Vaudais. Alors plut\u00f4t que d\u2019attendre le d\u00e9part, les associations ont d\u00e9cid\u00e9 de faire venir un peu de vacances jusqu\u2019\u00e0 eux. Avec une r\u00e8gle qui ne bougera pas de l\u2019\u00e9t\u00e9, la gratuit\u00e9. Des premiers samedis au jardin jusqu\u2019au dernier concert place de la Nation, chacun pouvait venir profiter, sans billet et sans regarder son portefeuille.<\/p>\n\n\n\n<figure class=\"wp-block-image size-full\"><img loading=\"lazy\" decoding=\"async\" width=\"1600\" height=\"1067\" src=\"https:\/\/lyonbondyblog.fr\/LBB\/wp-content\/uploads\/2026\/09\/9e470f6c-db70-478f-8e72-095ecedf7cb0.jpeg\" alt=\"\" class=\"wp-image-39223\" srcset=\"https:\/\/lyonbondyblog.fr\/LBB\/wp-content\/uploads\/2026\/09\/9e470f6c-db70-478f-8e72-095ecedf7cb0.jpeg 1600w, https:\/\/lyonbondyblog.fr\/LBB\/wp-content\/uploads\/2026\/09\/9e470f6c-db70-478f-8e72-095ecedf7cb0-1200x800.jpeg 1200w, https:\/\/lyonbondyblog.fr\/LBB\/wp-content\/uploads\/2026\/09\/9e470f6c-db70-478f-8e72-095ecedf7cb0-768x512.jpeg 768w, https:\/\/lyonbondyblog.fr\/LBB\/wp-content\/uploads\/2026\/09\/9e470f6c-db70-478f-8e72-095ecedf7cb0-1536x1024.jpeg 1536w, https:\/\/lyonbondyblog.fr\/LBB\/wp-content\/uploads\/2026\/09\/9e470f6c-db70-478f-8e72-095ecedf7cb0-272x182.jpeg 272w\" sizes=\"auto, (max-width: 1600px) 100vw, 1600px\" \/><figcaption class=\"wp-element-caption\">Des structures gonflables pour f\u00eater la fin de l\u2019\u00e9t\u00e9. @Safa TaouTaou<\/figcaption><\/figure>\n\n\n\n<p><strong>Une dynamique qui ne date pas d\u2019hier<\/strong><\/p>\n\n\n\n<p>La F\u00eate de Vaulx ne s\u2019est pas construite en un \u00e9t\u00e9. Il faut remonter \u00e0 2024 et aux premi\u00e8res soir\u00e9es des Loisirs Nocturnes. \u00c0 l\u2019origine du projet, Mohamed Ali, fondateur de MSports,part d\u2019un constat tr\u00e8s concret. \u00ab Avant notre initiative, le Jardin de la Paix et des Libert\u00e9s restait d\u00e9sert les samedis d\u2019\u00e9t\u00e9 \u00bb, raconte-t-il.<\/p>\n\n\n\n<p>L\u2019id\u00e9e prend. Chaque fin de semaine, les associations investissent le jardin et viennent compl\u00e9ter Activ\u2019\u00c9t\u00e9, le dispositif municipal propos\u00e9 en semaine. Plus de 30 b\u00e9n\u00e9voles r\u00e9pondent pr\u00e9sent et jusqu\u2019\u00e0 2 000 personnes sont accueillies par soir\u00e9e. Au fil des samedis, les familles reviennent, les enfants prennent leurs habitudes et le rendez-vous trouve son public.<\/p>\n\n\n\n<figure class=\"wp-block-image size-full\"><img loading=\"lazy\" decoding=\"async\" width=\"1600\" height=\"1067\" src=\"https:\/\/lyonbondyblog.fr\/LBB\/wp-content\/uploads\/2026\/09\/15e2c154-aee2-40ab-a2b3-1e4433018eb6.jpeg\" alt=\"\" class=\"wp-image-39224\" srcset=\"https:\/\/lyonbondyblog.fr\/LBB\/wp-content\/uploads\/2026\/09\/15e2c154-aee2-40ab-a2b3-1e4433018eb6.jpeg 1600w, https:\/\/lyonbondyblog.fr\/LBB\/wp-content\/uploads\/2026\/09\/15e2c154-aee2-40ab-a2b3-1e4433018eb6-1200x800.jpeg 1200w, https:\/\/lyonbondyblog.fr\/LBB\/wp-content\/uploads\/2026\/09\/15e2c154-aee2-40ab-a2b3-1e4433018eb6-768x512.jpeg 768w, https:\/\/lyonbondyblog.fr\/LBB\/wp-content\/uploads\/2026\/09\/15e2c154-aee2-40ab-a2b3-1e4433018eb6-1536x1024.jpeg 1536w, https:\/\/lyonbondyblog.fr\/LBB\/wp-content\/uploads\/2026\/09\/15e2c154-aee2-40ab-a2b3-1e4433018eb6-272x182.jpeg 272w\" sizes=\"auto, (max-width: 1600px) 100vw, 1600px\" \/><figcaption class=\"wp-element-caption\">Un stand cr\u00e9atif et une toile d\u2019expression libre \u00e9tait mise \u00e0<br>disposition des visiteurs. @Safa TaouTaou<\/figcaption><\/figure>\n\n\n\n<p>\u00ab Notre motivation, c\u2019est le sourire des enfants qui attendent le d\u00e9but de chaque\u00e9v\u00e9nement et qui sont toujours au rendez-vous \u00bb, explique Abdelhakim Margoum,pr\u00e9sident de C\u0153ur Banlieu\u2019Zhar. Une phrase qui raconte peut \u00eatre mieux que les chiffresce qui pousse les \u00e9quipes \u00e0 recommencer, semaine apr\u00e8s semaine.<\/p>\n\n\n\n<p>Et il y a une r\u00e8gle \u00e0 laquelle les organisateurs ne d\u00e9rogent pas, la gratuit\u00e9. Ici, pas de billet\u00e0 acheter ni d\u2019activit\u00e9s \u00e0 choisir en fonction de son portefeuille. Tout est pens\u00e9 pour rester accessible au plus grand nombre. Une promesse qui, en coulisses, demande pourtant des mois de pr\u00e9paration. Il faut trouver des partenaires, convaincre des soutiens et r\u00e9unir lesmoyens n\u00e9cessaires. Un d\u00e9fi de taille, mais pas question d\u2019y renoncer. \u00ab \u00c0 Vaulx en Velin,<br>l\u2019id\u00e9e est simple, l\u2019\u00e9t\u00e9 doit pouvoir se vivre dehors, ensemble \u00bb, r\u00e9sume Amine, animateurdes Loisirs Nocturnes et copr\u00e9sident de NOUM.<\/p>\n\n\n\n<p><strong>\u00c0 cinq, plut\u00f4t que chacun de son c\u00f4t\u00e9<\/strong><\/p>\n\n\n\n<p>C\u0153ur Banlieu\u2019Zhar, MSports, AVAS, Surp\u2019Rize et NOUM ont choisi de faire \u00e9quipe. Cinq associations, cinq fa\u00e7ons de travailler, mais une m\u00eame id\u00e9e, sur le terrain de la solidarit\u00e9, avancer s\u00e9par\u00e9ment n\u2019a pas beaucoup de sens.<\/p>\n\n\n\n<p>\u00ab Travailler chacun de son c\u00f4t\u00e9 pour d\u00e9fendre les m\u00eames causes, \u00e7a n\u2019a pas de sens. Aud\u00e9but, il faut apprendre \u00e0 composer avec les habitudes de chacun. Mais une fois que \u00e7a fonctionne, on se demande surtout pourquoi on ne l\u2019a pas fait plus t\u00f4t \u00bb, sourit Adam,copr\u00e9sident de Surp\u2019Rize.<\/p>\n\n\n\n<figure class=\"wp-block-image size-full\"><img loading=\"lazy\" decoding=\"async\" width=\"1600\" height=\"1067\" src=\"https:\/\/lyonbondyblog.fr\/LBB\/wp-content\/uploads\/2026\/09\/44ff6a48-6c68-4f94-8323-232fea1dd5b5.jpeg\" alt=\"\" class=\"wp-image-39225\" srcset=\"https:\/\/lyonbondyblog.fr\/LBB\/wp-content\/uploads\/2026\/09\/44ff6a48-6c68-4f94-8323-232fea1dd5b5.jpeg 1600w, https:\/\/lyonbondyblog.fr\/LBB\/wp-content\/uploads\/2026\/09\/44ff6a48-6c68-4f94-8323-232fea1dd5b5-1200x800.jpeg 1200w, https:\/\/lyonbondyblog.fr\/LBB\/wp-content\/uploads\/2026\/09\/44ff6a48-6c68-4f94-8323-232fea1dd5b5-768x512.jpeg 768w, https:\/\/lyonbondyblog.fr\/LBB\/wp-content\/uploads\/2026\/09\/44ff6a48-6c68-4f94-8323-232fea1dd5b5-1536x1024.jpeg 1536w, https:\/\/lyonbondyblog.fr\/LBB\/wp-content\/uploads\/2026\/09\/44ff6a48-6c68-4f94-8323-232fea1dd5b5-272x182.jpeg 272w\" sizes=\"auto, (max-width: 1600px) 100vw, 1600px\" \/><figcaption class=\"wp-element-caption\">Les b\u00e9n\u00e9voles pr\u00e9sents lors de l\u2019installation technique \u00e0 12h30.<\/figcaption><\/figure>\n\n\n\n<p>Car Vaulx en Velin porte aussi ses fragilit\u00e9s. La pr\u00e9carit\u00e9 y reste une r\u00e9alit\u00e9 pour denombreuses familles. Mais s\u2019arr\u00eater \u00e0 ce constat serait oublier une autre facette de la ville,ses forces vives et ses talents. Tout l\u2019\u00e9t\u00e9, les enfants et les jeunes pr\u00e9sents aux soir\u00e9es l\u2019ont montr\u00e9, sur sc\u00e8ne, pendant les activit\u00e9s ou simplement par leur enthousiasme. Ici, larichesse ne se mesure pas seulement en euros.<\/p>\n\n\n\n<p>C\u2019est sur cette \u00e9nergie que les cinq associations ont choisi de miser. Quand les besoins sont nombreux, chaque coup de main compte. Alors elles additionnent leurs forces, plut\u00f4t que de les disperser. Une recette finalement assez simple, et une mani\u00e8re tr\u00e8s concr\u00e8te defaire vivre ensemble Vaulx en Velin.<\/p>\n\n\n\n<figure class=\"wp-block-image size-full\"><img loading=\"lazy\" decoding=\"async\" width=\"1600\" height=\"1067\" src=\"https:\/\/lyonbondyblog.fr\/LBB\/wp-content\/uploads\/2026\/09\/32bb35bf-db6c-4f24-b3d1-d991f953807c-1.jpeg\" alt=\"\" class=\"wp-image-39226\" srcset=\"https:\/\/lyonbondyblog.fr\/LBB\/wp-content\/uploads\/2026\/09\/32bb35bf-db6c-4f24-b3d1-d991f953807c-1.jpeg 1600w, https:\/\/lyonbondyblog.fr\/LBB\/wp-content\/uploads\/2026\/09\/32bb35bf-db6c-4f24-b3d1-d991f953807c-1-1200x800.jpeg 1200w, https:\/\/lyonbondyblog.fr\/LBB\/wp-content\/uploads\/2026\/09\/32bb35bf-db6c-4f24-b3d1-d991f953807c-1-768x512.jpeg 768w, https:\/\/lyonbondyblog.fr\/LBB\/wp-content\/uploads\/2026\/09\/32bb35bf-db6c-4f24-b3d1-d991f953807c-1-1536x1024.jpeg 1536w, https:\/\/lyonbondyblog.fr\/LBB\/wp-content\/uploads\/2026\/09\/32bb35bf-db6c-4f24-b3d1-d991f953807c-1-272x182.jpeg 272w\" sizes=\"auto, (max-width: 1600px) 100vw, 1600px\" \/><figcaption class=\"wp-element-caption\">L\u2019exposition photo : Vaulx-en-Velin une ville qui se raconte en image.<\/figcaption><\/figure>\n\n\n\n<p><strong>Frapper fort pour finir la saison estivale en beaut\u00e9.<\/strong><\/p>\n\n\n\n<p>Cette effervescence s\u2019est prolong\u00e9e le 29 ao\u00fbt jusque sur sc\u00e8ne. A mesure que la nuittombe, les animations laissent place aux concerts. Sasso, Josas et Jayel r\u00e9pondent une nouvelle fois pr\u00e9sent. Trois rappeurs lyonnais venus retrouver un public qui, pour certains morceaux, conna\u00eet d\u00e9j\u00e0 les paroles par c\u0153ur. Sur sc\u00e8ne comme devant, la f\u00eate change alors de rythme.<\/p>\n\n\n\n<p>Autre temps fort, l\u2019arriv\u00e9e de HMI. Le cr\u00e9ateur de contenu, suivi par plusieurs millions de personnes sur les r\u00e9seaux sociaux, d\u00e9clenche imm\u00e9diatement son lot de t\u00e9l\u00e9phones lev\u00e9s et de jeunes venus immortaliser le moment. Mais derri\u00e8re les images, les organisateurs veulent surtout faire passer un message.<\/p>\n\n\n\n<figure class=\"wp-block-image size-full\"><img loading=\"lazy\" decoding=\"async\" width=\"1600\" height=\"900\" src=\"https:\/\/lyonbondyblog.fr\/LBB\/wp-content\/uploads\/2026\/09\/18456aed-e850-4774-b001-49416488a149.jpeg\" alt=\"\" class=\"wp-image-39228\" srcset=\"https:\/\/lyonbondyblog.fr\/LBB\/wp-content\/uploads\/2026\/09\/18456aed-e850-4774-b001-49416488a149.jpeg 1600w, https:\/\/lyonbondyblog.fr\/LBB\/wp-content\/uploads\/2026\/09\/18456aed-e850-4774-b001-49416488a149-1200x675.jpeg 1200w, https:\/\/lyonbondyblog.fr\/LBB\/wp-content\/uploads\/2026\/09\/18456aed-e850-4774-b001-49416488a149-768x432.jpeg 768w, https:\/\/lyonbondyblog.fr\/LBB\/wp-content\/uploads\/2026\/09\/18456aed-e850-4774-b001-49416488a149-1536x864.jpeg 1536w\" sizes=\"auto, (max-width: 1600px) 100vw, 1600px\" \/><figcaption class=\"wp-element-caption\">Ouverture du concert ; Jayel et RD, Sasso, Josas et HMI en invit\u00e9 de fin de soir\u00e9e. @Safa TaouTaou<\/figcaption><\/figure>\n\n\n\n<p>\u00ab Faire venir \u00e0 Vaulx en Velin l\u2019un des cr\u00e9ateurs de contenu les plus suivis de France,c\u2019\u00e9tait dire aux jeunes de ne pas se fermer de portes. Ce qui est possible ailleurs peut aussi l\u2019\u00eatre ici. Il faut oser porter ses projets \u00bb, explique Na\u00efm, fondateur de A Vaulx AmbitionS.<\/p>\n\n\n\n<p>Une rencontre qui r\u00e9sume assez bien l\u2019esprit recherch\u00e9 tout l\u2019\u00e9t\u00e9. Faire venir des personnalit\u00e9s qui font r\u00eaver, bien s\u00fbr, mais aussi rappeler aux plus jeunes que les talents existent d\u00e9j\u00e0 ici. Et qu\u2019avant de regarder tr\u00e8s loin, il suffit parfois de leur offrir une sc\u00e8ne pour les voir appara\u00eetre.<\/p>\n<!-- AddThis Advanced Settings generic via filter on the_content --><!-- AddThis Share Buttons generic via filter on the_content -->","protected":false},"excerpt":{"rendered":"<p>Cet \u00e9t\u00e9, les habitants de Vaulx-en-Velin ont pu profiter de nombreux rendez-vous en plein air. Parmi eux, plusieurs soir\u00e9es gratuites organis\u00e9es par cinq associations locales &hellip; <!-- AddThis Advanced Settings generic via filter on wp_trim_excerpt --><!-- AddThis Share Buttons generic via filter on wp_trim_excerpt --><\/p>\n","protected":false},"author":31908,"featured_media":39223,"comment_status":"open","ping_status":"open","sticky":true,"template":"","format":"standard","meta":{"_FSMCFIC_featured_image_caption":"","_FSMCFIC_featured_image_nocaption":"","_FSMCFIC_featured_image_hide":"","footnotes":""},"categories":[5,3,13738,3891],"tags":[28180,29,635],"class_list":["post-39221","post","type-post","status-publish","format-standard","has-post-thumbnail","hentry","category-ambiance","category-culture","category-projet-urbain","category-vaulx-en-velin","tag-activites","tag-sport","tag-vaulx-en-velin"],"yoast_head":"<!-- This site is optimized with the Yoast SEO plugin v22.8 - https:\/\/yoast.com\/wordpress\/plugins\/seo\/ -->\n<title>\u00c0 Vaulx-en-Velin, un \u00e9t\u00e9 rythm\u00e9 par la jeunesse et la f\u00eate - Lyon Bondy Blog<\/title>\n<meta name=\"robots\" content=\"index, follow, max-snippet:-1, max-image-preview:large, max-video-preview:-1\" \/>\n<link rel=\"canonical\" href=\"https:\/\/lyonbondyblog.fr\/LBB\/a-vaulx-en-velin-un-ete-rythme-par-la-jeunesse-et-la-fete\/\" \/>\n<meta property=\"og:locale\" content=\"fr_FR\" \/>\n<meta property=\"og:type\" content=\"article\" \/>\n<meta property=\"og:title\" content=\"\u00c0 Vaulx-en-Velin, un \u00e9t\u00e9 rythm\u00e9 par la jeunesse et la f\u00eate - Lyon Bondy Blog\" \/>\n<meta property=\"og:description\" content=\"Cet \u00e9t\u00e9, les habitants de Vaulx-en-Velin ont pu profiter de nombreux rendez-vous en plein air. Parmi eux, plusieurs soir\u00e9es gratuites organis\u00e9es par cinq associations locales &hellip;\" \/>\n<meta property=\"og:url\" content=\"https:\/\/lyonbondyblog.fr\/LBB\/a-vaulx-en-velin-un-ete-rythme-par-la-jeunesse-et-la-fete\/\" \/>\n<meta property=\"og:site_name\" content=\"Lyon Bondy Blog\" \/>\n<meta property=\"article:publisher\" content=\"https:\/\/www.facebook.com\/lyonbondyblog\" \/>\n<meta property=\"article:published_time\" content=\"2026-09-02T15:39:34+00:00\" \/>\n<meta property=\"article:modified_time\" content=\"2026-09-02T15:52:34+00:00\" \/>\n<meta property=\"og:image\" content=\"https:\/\/lyonbondyblog.fr\/LBB\/wp-content\/uploads\/2026\/09\/9e470f6c-db70-478f-8e72-095ecedf7cb0.jpeg\" \/>\n\t<meta property=\"og:image:width\" content=\"1600\" \/>\n\t<meta property=\"og:image:height\" content=\"1067\" \/>\n\t<meta property=\"og:image:type\" content=\"image\/jpeg\" \/>\n<meta name=\"author\" content=\"Mohamed Amine Chaia\" \/>\n<meta name=\"twitter:card\" content=\"summary_large_image\" \/>\n<meta name=\"twitter:creator\" content=\"@bondybloglyon\" \/>\n<meta name=\"twitter:site\" content=\"@bondybloglyon\" \/>\n<script type=\"application\/ld+json\" class=\"yoast-schema-graph\">{\"@context\":\"https:\/\/schema.org\",\"@graph\":[{\"@type\":\"Article\",\"@id\":\"https:\/\/lyonbondyblog.fr\/LBB\/a-vaulx-en-velin-un-ete-rythme-par-la-jeunesse-et-la-fete\/#article\",\"isPartOf\":{\"@id\":\"https:\/\/lyonbondyblog.fr\/LBB\/a-vaulx-en-velin-un-ete-rythme-par-la-jeunesse-et-la-fete\/\"},\"author\":{\"name\":\"Mohamed Amine Chaia\",\"@id\":\"https:\/\/lyonbondyblog.fr\/LBB\/#\/schema\/person\/7f522ba3a526fdd95b67ae71c72cfc10\"},\"headline\":\"\u00c0 Vaulx-en-Velin, un \u00e9t\u00e9 rythm\u00e9 par la jeunesse et la f\u00eate\",\"datePublished\":\"2026-09-02T15:39:34+00:00\",\"dateModified\":\"2026-09-02T15:52:34+00:00\",\"mainEntityOfPage\":{\"@id\":\"https:\/\/lyonbondyblog.fr\/LBB\/a-vaulx-en-velin-un-ete-rythme-par-la-jeunesse-et-la-fete\/\"},\"wordCount\":1254,\"commentCount\":0,\"publisher\":{\"@id\":\"https:\/\/lyonbondyblog.fr\/LBB\/#organization\"},\"image\":{\"@id\":\"https:\/\/lyonbondyblog.fr\/LBB\/a-vaulx-en-velin-un-ete-rythme-par-la-jeunesse-et-la-fete\/#primaryimage\"},\"thumbnailUrl\":\"https:\/\/lyonbondyblog.fr\/LBB\/wp-content\/uploads\/2026\/09\/9e470f6c-db70-478f-8e72-095ecedf7cb0.jpeg\",\"keywords\":[\"activit\u00e9s\",\"sport\",\"Vaulx-en-Velin\"],\"articleSection\":[\"Ambiance\",\"Culture\",\"Projet Urbain\",\"Vaulx-en-Velin\"],\"inLanguage\":\"fr-FR\",\"potentialAction\":[{\"@type\":\"CommentAction\",\"name\":\"Comment\",\"target\":[\"https:\/\/lyonbondyblog.fr\/LBB\/a-vaulx-en-velin-un-ete-rythme-par-la-jeunesse-et-la-fete\/#respond\"]}]},{\"@type\":\"WebPage\",\"@id\":\"https:\/\/lyonbondyblog.fr\/LBB\/a-vaulx-en-velin-un-ete-rythme-par-la-jeunesse-et-la-fete\/\",\"url\":\"https:\/\/lyonbondyblog.fr\/LBB\/a-vaulx-en-velin-un-ete-rythme-par-la-jeunesse-et-la-fete\/\",\"name\":\"\u00c0 Vaulx-en-Velin, un \u00e9t\u00e9 rythm\u00e9 par la jeunesse et la f\u00eate - Lyon Bondy Blog\",\"isPartOf\":{\"@id\":\"https:\/\/lyonbondyblog.fr\/LBB\/#website\"},\"primaryImageOfPage\":{\"@id\":\"https:\/\/lyonbondyblog.fr\/LBB\/a-vaulx-en-velin-un-ete-rythme-par-la-jeunesse-et-la-fete\/#primaryimage\"},\"image\":{\"@id\":\"https:\/\/lyonbondyblog.fr\/LBB\/a-vaulx-en-velin-un-ete-rythme-par-la-jeunesse-et-la-fete\/#primaryimage\"},\"thumbnailUrl\":\"https:\/\/lyonbondyblog.fr\/LBB\/wp-content\/uploads\/2026\/09\/9e470f6c-db70-478f-8e72-095ecedf7cb0.jpeg\",\"datePublished\":\"2026-09-02T15:39:34+00:00\",\"dateModified\":\"2026-09-02T15:52:34+00:00\",\"inLanguage\":\"fr-FR\",\"potentialAction\":[{\"@type\":\"ReadAction\",\"target\":[\"https:\/\/lyonbondyblog.fr\/LBB\/a-vaulx-en-velin-un-ete-rythme-par-la-jeunesse-et-la-fete\/\"]}]},{\"@type\":\"ImageObject\",\"inLanguage\":\"fr-FR\",\"@id\":\"https:\/\/lyonbondyblog.fr\/LBB\/a-vaulx-en-velin-un-ete-rythme-par-la-jeunesse-et-la-fete\/#primaryimage\",\"url\":\"https:\/\/lyonbondyblog.fr\/LBB\/wp-content\/uploads\/2026\/09\/9e470f6c-db70-478f-8e72-095ecedf7cb0.jpeg\",\"contentUrl\":\"https:\/\/lyonbondyblog.fr\/LBB\/wp-content\/uploads\/2026\/09\/9e470f6c-db70-478f-8e72-095ecedf7cb0.jpeg\",\"width\":1600,\"height\":1067,\"caption\":\"@Safa TaouTaou\"},{\"@type\":\"WebSite\",\"@id\":\"https:\/\/lyonbondyblog.fr\/LBB\/#website\",\"url\":\"https:\/\/lyonbondyblog.fr\/LBB\/\",\"name\":\"Lyon Bondy Blog\",\"description\":\"\",\"publisher\":{\"@id\":\"https:\/\/lyonbondyblog.fr\/LBB\/#organization\"},\"potentialAction\":[{\"@type\":\"SearchAction\",\"target\":{\"@type\":\"EntryPoint\",\"urlTemplate\":\"https:\/\/lyonbondyblog.fr\/LBB\/?s={search_term_string}\"},\"query-input\":\"required name=search_term_string\"}],\"inLanguage\":\"fr-FR\"},{\"@type\":\"Organization\",\"@id\":\"https:\/\/lyonbondyblog.fr\/LBB\/#organization\",\"name\":\"LYON BONDY BLOG\",\"url\":\"https:\/\/lyonbondyblog.fr\/LBB\/\",\"logo\":{\"@type\":\"ImageObject\",\"inLanguage\":\"fr-FR\",\"@id\":\"https:\/\/lyonbondyblog.fr\/LBB\/#\/schema\/logo\/image\/\",\"url\":\"http:\/\/lyonbondyblog.fr\/LBB\/wp-content\/uploads\/2014\/10\/logo-portable-144.png\",\"contentUrl\":\"http:\/\/lyonbondyblog.fr\/LBB\/wp-content\/uploads\/2014\/10\/logo-portable-144.png\",\"width\":144,\"height\":123,\"caption\":\"LYON BONDY BLOG\"},\"image\":{\"@id\":\"https:\/\/lyonbondyblog.fr\/LBB\/#\/schema\/logo\/image\/\"},\"sameAs\":[\"https:\/\/www.facebook.com\/lyonbondyblog\",\"https:\/\/x.com\/bondybloglyon\"]},{\"@type\":\"Person\",\"@id\":\"https:\/\/lyonbondyblog.fr\/LBB\/#\/schema\/person\/7f522ba3a526fdd95b67ae71c72cfc10\",\"name\":\"Mohamed Amine Chaia\",\"url\":\"https:\/\/lyonbondyblog.fr\/LBB\/author\/mohamed-amine\/\"}]}<\/script>\n<!-- \/ Yoast SEO plugin. -->","yoast_head_json":{"title":"\u00c0 Vaulx-en-Velin, un \u00e9t\u00e9 rythm\u00e9 par la jeunesse et la f\u00eate - Lyon Bondy Blog","robots":{"index":"index","follow":"follow","max-snippet":"max-snippet:-1","max-image-preview":"max-image-preview:large","max-video-preview":"max-video-preview:-1"},"canonical":"https:\/\/lyonbondyblog.fr\/LBB\/a-vaulx-en-velin-un-ete-rythme-par-la-jeunesse-et-la-fete\/","og_locale":"fr_FR","og_type":"article","og_title":"\u00c0 Vaulx-en-Velin, un \u00e9t\u00e9 rythm\u00e9 par la jeunesse et la f\u00eate - Lyon Bondy Blog","og_description":"Cet \u00e9t\u00e9, les habitants de Vaulx-en-Velin ont pu profiter de nombreux rendez-vous en plein air. Parmi eux, plusieurs soir\u00e9es gratuites organis\u00e9es par cinq associations locales &hellip;","og_url":"https:\/\/lyonbondyblog.fr\/LBB\/a-vaulx-en-velin-un-ete-rythme-par-la-jeunesse-et-la-fete\/","og_site_name":"Lyon Bondy Blog","article_publisher":"https:\/\/www.facebook.com\/lyonbondyblog","article_published_time":"2026-09-02T15:39:34+00:00","article_modified_time":"2026-09-02T15:52:34+00:00","og_image":[{"width":1600,"height":1067,"url":"https:\/\/lyonbondyblog.fr\/LBB\/wp-content\/uploads\/2026\/09\/9e470f6c-db70-478f-8e72-095ecedf7cb0.jpeg","type":"image\/jpeg"}],"author":"Mohamed Amine Chaia","twitter_card":"summary_large_image","twitter_creator":"@bondybloglyon","twitter_site":"@bondybloglyon","schema":{"@context":"https:\/\/schema.org","@graph":[{"@type":"Article","@id":"https:\/\/lyonbondyblog.fr\/LBB\/a-vaulx-en-velin-un-ete-rythme-par-la-jeunesse-et-la-fete\/#article","isPartOf":{"@id":"https:\/\/lyonbondyblog.fr\/LBB\/a-vaulx-en-velin-un-ete-rythme-par-la-jeunesse-et-la-fete\/"},"author":{"name":"Mohamed Amine Chaia","@id":"https:\/\/lyonbondyblog.fr\/LBB\/#\/schema\/person\/7f522ba3a526fdd95b67ae71c72cfc10"},"headline":"\u00c0 Vaulx-en-Velin, un \u00e9t\u00e9 rythm\u00e9 par la jeunesse et la f\u00eate","datePublished":"2026-09-02T15:39:34+00:00","dateModified":"2026-09-02T15:52:34+00:00","mainEntityOfPage":{"@id":"https:\/\/lyonbondyblog.fr\/LBB\/a-vaulx-en-velin-un-ete-rythme-par-la-jeunesse-et-la-fete\/"},"wordCount":1254,"commentCount":0,"publisher":{"@id":"https:\/\/lyonbondyblog.fr\/LBB\/#organization"},"image":{"@id":"https:\/\/lyonbondyblog.fr\/LBB\/a-vaulx-en-velin-un-ete-rythme-par-la-jeunesse-et-la-fete\/#primaryimage"},"thumbnailUrl":"https:\/\/lyonbondyblog.fr\/LBB\/wp-content\/uploads\/2026\/09\/9e470f6c-db70-478f-8e72-095ecedf7cb0.jpeg","keywords":["activit\u00e9s","sport","Vaulx-en-Velin"],"articleSection":["Ambiance","Culture","Projet Urbain","Vaulx-en-Velin"],"inLanguage":"fr-FR","potentialAction":[{"@type":"CommentAction","name":"Comment","target":["https:\/\/lyonbondyblog.fr\/LBB\/a-vaulx-en-velin-un-ete-rythme-par-la-jeunesse-et-la-fete\/#respond"]}]},{"@type":"WebPage","@id":"https:\/\/lyonbondyblog.fr\/LBB\/a-vaulx-en-velin-un-ete-rythme-par-la-jeunesse-et-la-fete\/","url":"https:\/\/lyonbondyblog.fr\/LBB\/a-vaulx-en-velin-un-ete-rythme-par-la-jeunesse-et-la-fete\/","name":"\u00c0 Vaulx-en-Velin, un \u00e9t\u00e9 rythm\u00e9 par la jeunesse et la f\u00eate - Lyon Bondy Blog","isPartOf":{"@id":"https:\/\/lyonbondyblog.fr\/LBB\/#website"},"primaryImageOfPage":{"@id":"https:\/\/lyonbondyblog.fr\/LBB\/a-vaulx-en-velin-un-ete-rythme-par-la-jeunesse-et-la-fete\/#primaryimage"},"image":{"@id":"https:\/\/lyonbondyblog.fr\/LBB\/a-vaulx-en-velin-un-ete-rythme-par-la-jeunesse-et-la-fete\/#primaryimage"},"thumbnailUrl":"https:\/\/lyonbondyblog.fr\/LBB\/wp-content\/uploads\/2026\/09\/9e470f6c-db70-478f-8e72-095ecedf7cb0.jpeg","datePublished":"2026-09-02T15:39:34+00:00","dateModified":"2026-09-02T15:52:34+00:00","inLanguage":"fr-FR","potentialAction":[{"@type":"ReadAction","target":["https:\/\/lyonbondyblog.fr\/LBB\/a-vaulx-en-velin-un-ete-rythme-par-la-jeunesse-et-la-fete\/"]}]},{"@type":"ImageObject","inLanguage":"fr-FR","@id":"https:\/\/lyonbondyblog.fr\/LBB\/a-vaulx-en-velin-un-ete-rythme-par-la-jeunesse-et-la-fete\/#primaryimage","url":"https:\/\/lyonbondyblog.fr\/LBB\/wp-content\/uploads\/2026\/09\/9e470f6c-db70-478f-8e72-095ecedf7cb0.jpeg","contentUrl":"https:\/\/lyonbondyblog.fr\/LBB\/wp-content\/uploads\/2026\/09\/9e470f6c-db70-478f-8e72-095ecedf7cb0.jpeg","width":1600,"height":1067,"caption":"@Safa TaouTaou"},{"@type":"WebSite","@id":"https:\/\/lyonbondyblog.fr\/LBB\/#website","url":"https:\/\/lyonbondyblog.fr\/LBB\/","name":"Lyon Bondy Blog","description":"","publisher":{"@id":"https:\/\/lyonbondyblog.fr\/LBB\/#organization"},"potentialAction":[{"@type":"SearchAction","target":{"@type":"EntryPoint","urlTemplate":"https:\/\/lyonbondyblog.fr\/LBB\/?s={search_term_string}"},"query-input":"required name=search_term_string"}],"inLanguage":"fr-FR"},{"@type":"Organization","@id":"https:\/\/lyonbondyblog.fr\/LBB\/#organization","name":"LYON BONDY BLOG","url":"https:\/\/lyonbondyblog.fr\/LBB\/","logo":{"@type":"ImageObject","inLanguage":"fr-FR","@id":"https:\/\/lyonbondyblog.fr\/LBB\/#\/schema\/logo\/image\/","url":"http:\/\/lyonbondyblog.fr\/LBB\/wp-content\/uploads\/2014\/10\/logo-portable-144.png","contentUrl":"http:\/\/lyonbondyblog.fr\/LBB\/wp-content\/uploads\/2014\/10\/logo-portable-144.png","width":144,"height":123,"caption":"LYON BONDY BLOG"},"image":{"@id":"https:\/\/lyonbondyblog.fr\/LBB\/#\/schema\/logo\/image\/"},"sameAs":["https:\/\/www.facebook.com\/lyonbondyblog","https:\/\/x.com\/bondybloglyon"]},{"@type":"Person","@id":"https:\/\/lyonbondyblog.fr\/LBB\/#\/schema\/person\/7f522ba3a526fdd95b67ae71c72cfc10","name":"Mohamed Amine Chaia","url":"https:\/\/lyonbondyblog.fr\/LBB\/author\/mohamed-amine\/"}]}},"_links":{"self":[{"href":"https:\/\/lyonbondyblog.fr\/LBB\/wp-json\/wp\/v2\/posts\/39221","targetHints":{"allow":["GET"]}}],"collection":[{"href":"https:\/\/lyonbondyblog.fr\/LBB\/wp-json\/wp\/v2\/posts"}],"about":[{"href":"https:\/\/lyonbondyblog.fr\/LBB\/wp-json\/wp\/v2\/types\/post"}],"author":[{"embeddable":true,"href":"https:\/\/lyonbondyblog.fr\/LBB\/wp-json\/wp\/v2\/users\/31908"}],"replies":[{"embeddable":true,"href":"https:\/\/lyonbondyblog.fr\/LBB\/wp-json\/wp\/v2\/comments?post=39221"}],"version-history":[{"count":2,"href":"https:\/\/lyonbondyblog.fr\/LBB\/wp-json\/wp\/v2\/posts\/39221\/revisions"}],"predecessor-version":[{"id":39230,"href":"https:\/\/lyonbondyblog.fr\/LBB\/wp-json\/wp\/v2\/posts\/39221\/revisions\/39230"}],"wp:featuredmedia":[{"embeddable":true,"href":"https:\/\/lyonbondyblog.fr\/LBB\/wp-json\/wp\/v2\/media\/39223"}],"wp:attachment":[{"href":"https:\/\/lyonbondyblog.fr\/LBB\/wp-json\/wp\/v2\/media?parent=39221"}],"wp:term":[{"taxonomy":"category","embeddable":true,"href":"https:\/\/lyonbondyblog.fr\/LBB\/wp-json\/wp\/v2\/categories?post=39221"},{"taxonomy":"post_tag","embeddable":true,"href":"https:\/\/lyonbondyblog.fr\/LBB\/wp-json\/wp\/v2\/tags?post=39221"}],"curies":[{"name":"wp","href":"https:\/\/api.w.org\/{rel}","templated":true}]}}