{"id":39215,"date":"2026-09-01T13:04:42","date_gmt":"2026-09-01T11:04:42","guid":{"rendered":"https:\/\/lyonbondyblog.fr\/LBB\/?p=39215"},"modified":"2026-09-01T13:33:42","modified_gmt":"2026-09-01T11:33:42","slug":"rentree-des-classes-a-lyon-gregory-doucet-en-visite-a-lecole-louis-pradel-lyon-6eme","status":"publish","type":"post","link":"https:\/\/lyonbondyblog.fr\/LBB\/rentree-des-classes-a-lyon-gregory-doucet-en-visite-a-lecole-louis-pradel-lyon-6eme\/","title":{"rendered":"Rentr\u00e9e des classes \u00e0 lyon : Gr\u00e9gory Doucet en visite \u00e0 l&rsquo;\u00e9cole Louis Pradel (Lyon 6\u00e8me)"},"content":{"rendered":"\n<p><strong>Aujourd\u2019hui, la cloche a de nouveau sonn\u00e9 \u00e0 l\u2019\u00e9cole Louis Pradel, dans le 6\u1d49 arrondissement de Lyon.<\/strong><\/p>\n\n\n\n<p>Ce matin, \u00e0 l\u2019\u00e9cole Louis Pradel, tout le monde est pimpant apr\u00e8s de belles vacances bien m\u00e9rit\u00e9es. Les \u00e9l\u00e8ves (185) , avec leur nouveau cartable, sont accompagn\u00e9s de leurs parents. Les premiers \u00e0 rentrer sont les \u00e9l\u00e8ves de CM1 et CM2, accompagn\u00e9s notamment du maire de Lyon, Gr\u00e9gory Doucet, de la rectrice de l\u2019acad\u00e9mie de Lyon, Anne Bisagni-Faure, de Sandrine Runel, d\u00e9put\u00e9e socialiste de la 4\u1d49 circonscription du Rh\u00f4ne, de St\u00e9phanie L\u00e9ger, adjointe \u00e0 l\u2019\u00e9ducation, d\u2019Alain Lardet, gouverneur militaire de Lyon, et, pour finir, du nouveau maire du 6\u1d49 arrondissement de Lyon (Horizons), Samuel Soulier.<\/p>\n\n\n\n<figure class=\"wp-block-image size-large\"><img loading=\"lazy\" decoding=\"async\" width=\"1920\" height=\"1440\" src=\"https:\/\/lyonbondyblog.fr\/LBB\/wp-content\/uploads\/2026\/09\/IMG_1812-1920x1440.jpeg\" alt=\"\" class=\"wp-image-39217\" srcset=\"https:\/\/lyonbondyblog.fr\/LBB\/wp-content\/uploads\/2026\/09\/IMG_1812-1920x1440.jpeg 1920w, https:\/\/lyonbondyblog.fr\/LBB\/wp-content\/uploads\/2026\/09\/IMG_1812-1200x900.jpeg 1200w, https:\/\/lyonbondyblog.fr\/LBB\/wp-content\/uploads\/2026\/09\/IMG_1812-768x576.jpeg 768w, https:\/\/lyonbondyblog.fr\/LBB\/wp-content\/uploads\/2026\/09\/IMG_1812-1536x1152.jpeg 1536w, https:\/\/lyonbondyblog.fr\/LBB\/wp-content\/uploads\/2026\/09\/IMG_1812-2048x1536.jpeg 2048w\" sizes=\"auto, (max-width: 1920px) 100vw, 1920px\" \/><\/figure>\n\n\n\n<p>Premier temps fort pour le maire de Lyon : recueillir les premi\u00e8res impressions des \u00e9l\u00e8ves et \u00e9changer avec leurs parents. Tout le monde est pimpant, les cartables sont bien rang\u00e9s et les trousses soigneusement pr\u00e9par\u00e9es. Tout est r\u00e9uni pour r\u00e9ussir cette nouvelle rentr\u00e9e scolaire.<\/p>\n\n\n\n<p>Tradition oblige, le maire, les \u00e9lus, la rectrice et le gouverneur militaire sont invit\u00e9s \u00e0 entrer dans une classe, accompagn\u00e9s des journalistes, pour la traditionnelle photo de rentr\u00e9e.<\/p>\n\n\n\n<p>Mais une ombre vient ternir cette rentr\u00e9e scolaire : le nombre d\u2019enfants sans solution d\u2019h\u00e9bergement stable. Selon <a href=\"https:\/\/www.unicef.fr\/article\/2-355-enfants-a-la-rue-le-triste-bilan-dune-promesse-non-tenue\/\">les chiffres de l\u2019UNICEF, 2 355 enfants seraient concern\u00e9s, soit une augmentation de 42 % depuis 2022.<\/a><\/p>\n\n\n\n<p>La matin\u00e9e s\u2019est \u00e9galement poursuivie par un micro-trottoir avec la presse et le maire de Lyon, Gr\u00e9gory Doucet.<\/p>\n\n\n\n<figure class=\"wp-block-embed is-type-rich is-provider-spotify wp-block-embed-spotify wp-embed-aspect-21-9 wp-has-aspect-ratio\"><div class=\"wp-block-embed__wrapper\">\n<iframe title=\"Spotify Embed: Micro Tendu de Gr\u00e9gory Doucet maire de Lyon face \u00e0 la presse\" style=\"border-radius: 12px\" width=\"100%\" height=\"152\" frameborder=\"0\" allowfullscreen allow=\"autoplay; clipboard-write; encrypted-media; fullscreen; picture-in-picture\" loading=\"lazy\" src=\"https:\/\/open.spotify.com\/embed\/episode\/4kaDLaisXHnSnwrUicyKid?si=qDmlcg7GQPavteBQt2-oug&amp;utm_source=oembed\"><\/iframe>\n<\/div><\/figure>\n<!-- AddThis Advanced Settings generic via filter on the_content --><!-- AddThis Share Buttons generic via filter on the_content -->","protected":false},"excerpt":{"rendered":"<p>Aujourd\u2019hui, la cloche a de nouveau sonn\u00e9 \u00e0 l\u2019\u00e9cole Louis Pradel, dans le 6\u1d49 arrondissement de Lyon. Ce matin, \u00e0 l\u2019\u00e9cole Louis Pradel, tout le &hellip; <!-- AddThis Advanced Settings generic via filter on wp_trim_excerpt --><!-- AddThis Share Buttons generic via filter on wp_trim_excerpt --><\/p>\n","protected":false},"author":33,"featured_media":39216,"comment_status":"open","ping_status":"open","sticky":false,"template":"","format":"standard","meta":{"_FSMCFIC_featured_image_caption":"","_FSMCFIC_featured_image_nocaption":"","_FSMCFIC_featured_image_hide":"","footnotes":""},"categories":[3517,4],"tags":[10],"class_list":["post-39215","post","type-post","status-publish","format-standard","has-post-thumbnail","hentry","category-education","category-lyon","tag-lyon-2"],"yoast_head":"<!-- This site is optimized with the Yoast SEO plugin v22.8 - https:\/\/yoast.com\/wordpress\/plugins\/seo\/ -->\n<title>Rentr\u00e9e des classes \u00e0 lyon : Gr\u00e9gory Doucet en visite \u00e0 l&#039;\u00e9cole Louis Pradel (Lyon 6\u00e8me) - Lyon Bondy Blog<\/title>\n<meta name=\"robots\" content=\"index, follow, max-snippet:-1, max-image-preview:large, max-video-preview:-1\" \/>\n<link rel=\"canonical\" href=\"https:\/\/lyonbondyblog.fr\/LBB\/rentree-des-classes-a-lyon-gregory-doucet-en-visite-a-lecole-louis-pradel-lyon-6eme\/\" \/>\n<meta property=\"og:locale\" content=\"fr_FR\" \/>\n<meta property=\"og:type\" content=\"article\" \/>\n<meta property=\"og:title\" content=\"Rentr\u00e9e des classes \u00e0 lyon : Gr\u00e9gory Doucet en visite \u00e0 l&#039;\u00e9cole Louis Pradel (Lyon 6\u00e8me) - Lyon Bondy Blog\" \/>\n<meta property=\"og:description\" content=\"Aujourd\u2019hui, la cloche a de nouveau sonn\u00e9 \u00e0 l\u2019\u00e9cole Louis Pradel, dans le 6\u1d49 arrondissement de Lyon. Ce matin, \u00e0 l\u2019\u00e9cole Louis Pradel, tout le &hellip;\" \/>\n<meta property=\"og:url\" content=\"https:\/\/lyonbondyblog.fr\/LBB\/rentree-des-classes-a-lyon-gregory-doucet-en-visite-a-lecole-louis-pradel-lyon-6eme\/\" \/>\n<meta property=\"og:site_name\" content=\"Lyon Bondy Blog\" \/>\n<meta property=\"article:publisher\" content=\"https:\/\/www.facebook.com\/lyonbondyblog\" \/>\n<meta property=\"article:published_time\" content=\"2026-09-01T11:04:42+00:00\" \/>\n<meta property=\"article:modified_time\" content=\"2026-09-01T11:33:42+00:00\" \/>\n<meta property=\"og:image\" content=\"https:\/\/lyonbondyblog.fr\/LBB\/wp-content\/uploads\/2026\/09\/IMG_1828-scaled.jpeg\" \/>\n\t<meta property=\"og:image:width\" content=\"2560\" \/>\n\t<meta property=\"og:image:height\" content=\"1920\" \/>\n\t<meta property=\"og:image:type\" content=\"image\/jpeg\" \/>\n<meta name=\"author\" content=\"Etienne Aazzab\" \/>\n<meta name=\"twitter:card\" content=\"summary_large_image\" \/>\n<meta name=\"twitter:creator\" content=\"@AazzabEtienne\" \/>\n<meta name=\"twitter:site\" content=\"@bondybloglyon\" \/>\n<script type=\"application\/ld+json\" class=\"yoast-schema-graph\">{\"@context\":\"https:\/\/schema.org\",\"@graph\":[{\"@type\":\"Article\",\"@id\":\"https:\/\/lyonbondyblog.fr\/LBB\/rentree-des-classes-a-lyon-gregory-doucet-en-visite-a-lecole-louis-pradel-lyon-6eme\/#article\",\"isPartOf\":{\"@id\":\"https:\/\/lyonbondyblog.fr\/LBB\/rentree-des-classes-a-lyon-gregory-doucet-en-visite-a-lecole-louis-pradel-lyon-6eme\/\"},\"author\":{\"name\":\"Etienne Aazzab\",\"@id\":\"https:\/\/lyonbondyblog.fr\/LBB\/#\/schema\/person\/5e9904261c1f613c8e6ea22045b1353d\"},\"headline\":\"Rentr\u00e9e des classes \u00e0 lyon : Gr\u00e9gory Doucet en visite \u00e0 l&rsquo;\u00e9cole Louis Pradel (Lyon 6\u00e8me)\",\"datePublished\":\"2026-09-01T11:04:42+00:00\",\"dateModified\":\"2026-09-01T11:33:42+00:00\",\"mainEntityOfPage\":{\"@id\":\"https:\/\/lyonbondyblog.fr\/LBB\/rentree-des-classes-a-lyon-gregory-doucet-en-visite-a-lecole-louis-pradel-lyon-6eme\/\"},\"wordCount\":285,\"commentCount\":0,\"publisher\":{\"@id\":\"https:\/\/lyonbondyblog.fr\/LBB\/#organization\"},\"image\":{\"@id\":\"https:\/\/lyonbondyblog.fr\/LBB\/rentree-des-classes-a-lyon-gregory-doucet-en-visite-a-lecole-louis-pradel-lyon-6eme\/#primaryimage\"},\"thumbnailUrl\":\"https:\/\/lyonbondyblog.fr\/LBB\/wp-content\/uploads\/2026\/09\/IMG_1828-scaled.jpeg\",\"keywords\":[\"lyon\"],\"articleSection\":[\"Education\",\"Lyon\"],\"inLanguage\":\"fr-FR\",\"potentialAction\":[{\"@type\":\"CommentAction\",\"name\":\"Comment\",\"target\":[\"https:\/\/lyonbondyblog.fr\/LBB\/rentree-des-classes-a-lyon-gregory-doucet-en-visite-a-lecole-louis-pradel-lyon-6eme\/#respond\"]}]},{\"@type\":\"WebPage\",\"@id\":\"https:\/\/lyonbondyblog.fr\/LBB\/rentree-des-classes-a-lyon-gregory-doucet-en-visite-a-lecole-louis-pradel-lyon-6eme\/\",\"url\":\"https:\/\/lyonbondyblog.fr\/LBB\/rentree-des-classes-a-lyon-gregory-doucet-en-visite-a-lecole-louis-pradel-lyon-6eme\/\",\"name\":\"Rentr\u00e9e des classes \u00e0 lyon : Gr\u00e9gory Doucet en visite \u00e0 l'\u00e9cole Louis Pradel (Lyon 6\u00e8me) - Lyon Bondy Blog\",\"isPartOf\":{\"@id\":\"https:\/\/lyonbondyblog.fr\/LBB\/#website\"},\"primaryImageOfPage\":{\"@id\":\"https:\/\/lyonbondyblog.fr\/LBB\/rentree-des-classes-a-lyon-gregory-doucet-en-visite-a-lecole-louis-pradel-lyon-6eme\/#primaryimage\"},\"image\":{\"@id\":\"https:\/\/lyonbondyblog.fr\/LBB\/rentree-des-classes-a-lyon-gregory-doucet-en-visite-a-lecole-louis-pradel-lyon-6eme\/#primaryimage\"},\"thumbnailUrl\":\"https:\/\/lyonbondyblog.fr\/LBB\/wp-content\/uploads\/2026\/09\/IMG_1828-scaled.jpeg\",\"datePublished\":\"2026-09-01T11:04:42+00:00\",\"dateModified\":\"2026-09-01T11:33:42+00:00\",\"inLanguage\":\"fr-FR\",\"potentialAction\":[{\"@type\":\"ReadAction\",\"target\":[\"https:\/\/lyonbondyblog.fr\/LBB\/rentree-des-classes-a-lyon-gregory-doucet-en-visite-a-lecole-louis-pradel-lyon-6eme\/\"]}]},{\"@type\":\"ImageObject\",\"inLanguage\":\"fr-FR\",\"@id\":\"https:\/\/lyonbondyblog.fr\/LBB\/rentree-des-classes-a-lyon-gregory-doucet-en-visite-a-lecole-louis-pradel-lyon-6eme\/#primaryimage\",\"url\":\"https:\/\/lyonbondyblog.fr\/LBB\/wp-content\/uploads\/2026\/09\/IMG_1828-scaled.jpeg\",\"contentUrl\":\"https:\/\/lyonbondyblog.fr\/LBB\/wp-content\/uploads\/2026\/09\/IMG_1828-scaled.jpeg\",\"width\":2560,\"height\":1920,\"caption\":\"Visite d'une classe de l'\u00e9cole Louis Pradel\"},{\"@type\":\"WebSite\",\"@id\":\"https:\/\/lyonbondyblog.fr\/LBB\/#website\",\"url\":\"https:\/\/lyonbondyblog.fr\/LBB\/\",\"name\":\"Lyon Bondy Blog\",\"description\":\"\",\"publisher\":{\"@id\":\"https:\/\/lyonbondyblog.fr\/LBB\/#organization\"},\"potentialAction\":[{\"@type\":\"SearchAction\",\"target\":{\"@type\":\"EntryPoint\",\"urlTemplate\":\"https:\/\/lyonbondyblog.fr\/LBB\/?s={search_term_string}\"},\"query-input\":\"required name=search_term_string\"}],\"inLanguage\":\"fr-FR\"},{\"@type\":\"Organization\",\"@id\":\"https:\/\/lyonbondyblog.fr\/LBB\/#organization\",\"name\":\"LYON BONDY BLOG\",\"url\":\"https:\/\/lyonbondyblog.fr\/LBB\/\",\"logo\":{\"@type\":\"ImageObject\",\"inLanguage\":\"fr-FR\",\"@id\":\"https:\/\/lyonbondyblog.fr\/LBB\/#\/schema\/logo\/image\/\",\"url\":\"http:\/\/lyonbondyblog.fr\/LBB\/wp-content\/uploads\/2014\/10\/logo-portable-144.png\",\"contentUrl\":\"http:\/\/lyonbondyblog.fr\/LBB\/wp-content\/uploads\/2014\/10\/logo-portable-144.png\",\"width\":144,\"height\":123,\"caption\":\"LYON BONDY BLOG\"},\"image\":{\"@id\":\"https:\/\/lyonbondyblog.fr\/LBB\/#\/schema\/logo\/image\/\"},\"sameAs\":[\"https:\/\/www.facebook.com\/lyonbondyblog\",\"https:\/\/x.com\/bondybloglyon\"]},{\"@type\":\"Person\",\"@id\":\"https:\/\/lyonbondyblog.fr\/LBB\/#\/schema\/person\/5e9904261c1f613c8e6ea22045b1353d\",\"name\":\"Etienne Aazzab\",\"description\":\"Il a int\u00e9gr\u00e9 l\u2019\u00e9quipe du \u00ab clic 2014 \u00bb : Collectif local d\u2019informations citoyennes \u00e0 partir de novembre 2013. Il rejoint le Lyon Bondy Blog \u00e0 partir de janvier 2014. Depuis 2016, je suis le responsable du Lyon Bondy Blog et le directeur de publication. Ses sujets de pr\u00e9dilection : #Politique #Soci\u00e9t\u00e9 #Sport\",\"sameAs\":[\"https:\/\/x.com\/AazzabEtienne\"],\"url\":\"https:\/\/lyonbondyblog.fr\/LBB\/author\/etienne\/\"}]}<\/script>\n<!-- \/ Yoast SEO plugin. -->","yoast_head_json":{"title":"Rentr\u00e9e des classes \u00e0 lyon : Gr\u00e9gory Doucet en visite \u00e0 l'\u00e9cole Louis Pradel (Lyon 6\u00e8me) - Lyon Bondy Blog","robots":{"index":"index","follow":"follow","max-snippet":"max-snippet:-1","max-image-preview":"max-image-preview:large","max-video-preview":"max-video-preview:-1"},"canonical":"https:\/\/lyonbondyblog.fr\/LBB\/rentree-des-classes-a-lyon-gregory-doucet-en-visite-a-lecole-louis-pradel-lyon-6eme\/","og_locale":"fr_FR","og_type":"article","og_title":"Rentr\u00e9e des classes \u00e0 lyon : Gr\u00e9gory Doucet en visite \u00e0 l'\u00e9cole Louis Pradel (Lyon 6\u00e8me) - Lyon Bondy Blog","og_description":"Aujourd\u2019hui, la cloche a de nouveau sonn\u00e9 \u00e0 l\u2019\u00e9cole Louis Pradel, dans le 6\u1d49 arrondissement de Lyon. Ce matin, \u00e0 l\u2019\u00e9cole Louis Pradel, tout le &hellip;","og_url":"https:\/\/lyonbondyblog.fr\/LBB\/rentree-des-classes-a-lyon-gregory-doucet-en-visite-a-lecole-louis-pradel-lyon-6eme\/","og_site_name":"Lyon Bondy Blog","article_publisher":"https:\/\/www.facebook.com\/lyonbondyblog","article_published_time":"2026-09-01T11:04:42+00:00","article_modified_time":"2026-09-01T11:33:42+00:00","og_image":[{"width":2560,"height":1920,"url":"https:\/\/lyonbondyblog.fr\/LBB\/wp-content\/uploads\/2026\/09\/IMG_1828-scaled.jpeg","type":"image\/jpeg"}],"author":"Etienne Aazzab","twitter_card":"summary_large_image","twitter_creator":"@AazzabEtienne","twitter_site":"@bondybloglyon","schema":{"@context":"https:\/\/schema.org","@graph":[{"@type":"Article","@id":"https:\/\/lyonbondyblog.fr\/LBB\/rentree-des-classes-a-lyon-gregory-doucet-en-visite-a-lecole-louis-pradel-lyon-6eme\/#article","isPartOf":{"@id":"https:\/\/lyonbondyblog.fr\/LBB\/rentree-des-classes-a-lyon-gregory-doucet-en-visite-a-lecole-louis-pradel-lyon-6eme\/"},"author":{"name":"Etienne Aazzab","@id":"https:\/\/lyonbondyblog.fr\/LBB\/#\/schema\/person\/5e9904261c1f613c8e6ea22045b1353d"},"headline":"Rentr\u00e9e des classes \u00e0 lyon : Gr\u00e9gory Doucet en visite \u00e0 l&rsquo;\u00e9cole Louis Pradel (Lyon 6\u00e8me)","datePublished":"2026-09-01T11:04:42+00:00","dateModified":"2026-09-01T11:33:42+00:00","mainEntityOfPage":{"@id":"https:\/\/lyonbondyblog.fr\/LBB\/rentree-des-classes-a-lyon-gregory-doucet-en-visite-a-lecole-louis-pradel-lyon-6eme\/"},"wordCount":285,"commentCount":0,"publisher":{"@id":"https:\/\/lyonbondyblog.fr\/LBB\/#organization"},"image":{"@id":"https:\/\/lyonbondyblog.fr\/LBB\/rentree-des-classes-a-lyon-gregory-doucet-en-visite-a-lecole-louis-pradel-lyon-6eme\/#primaryimage"},"thumbnailUrl":"https:\/\/lyonbondyblog.fr\/LBB\/wp-content\/uploads\/2026\/09\/IMG_1828-scaled.jpeg","keywords":["lyon"],"articleSection":["Education","Lyon"],"inLanguage":"fr-FR","potentialAction":[{"@type":"CommentAction","name":"Comment","target":["https:\/\/lyonbondyblog.fr\/LBB\/rentree-des-classes-a-lyon-gregory-doucet-en-visite-a-lecole-louis-pradel-lyon-6eme\/#respond"]}]},{"@type":"WebPage","@id":"https:\/\/lyonbondyblog.fr\/LBB\/rentree-des-classes-a-lyon-gregory-doucet-en-visite-a-lecole-louis-pradel-lyon-6eme\/","url":"https:\/\/lyonbondyblog.fr\/LBB\/rentree-des-classes-a-lyon-gregory-doucet-en-visite-a-lecole-louis-pradel-lyon-6eme\/","name":"Rentr\u00e9e des classes \u00e0 lyon : Gr\u00e9gory Doucet en visite \u00e0 l'\u00e9cole Louis Pradel (Lyon 6\u00e8me) - Lyon Bondy Blog","isPartOf":{"@id":"https:\/\/lyonbondyblog.fr\/LBB\/#website"},"primaryImageOfPage":{"@id":"https:\/\/lyonbondyblog.fr\/LBB\/rentree-des-classes-a-lyon-gregory-doucet-en-visite-a-lecole-louis-pradel-lyon-6eme\/#primaryimage"},"image":{"@id":"https:\/\/lyonbondyblog.fr\/LBB\/rentree-des-classes-a-lyon-gregory-doucet-en-visite-a-lecole-louis-pradel-lyon-6eme\/#primaryimage"},"thumbnailUrl":"https:\/\/lyonbondyblog.fr\/LBB\/wp-content\/uploads\/2026\/09\/IMG_1828-scaled.jpeg","datePublished":"2026-09-01T11:04:42+00:00","dateModified":"2026-09-01T11:33:42+00:00","inLanguage":"fr-FR","potentialAction":[{"@type":"ReadAction","target":["https:\/\/lyonbondyblog.fr\/LBB\/rentree-des-classes-a-lyon-gregory-doucet-en-visite-a-lecole-louis-pradel-lyon-6eme\/"]}]},{"@type":"ImageObject","inLanguage":"fr-FR","@id":"https:\/\/lyonbondyblog.fr\/LBB\/rentree-des-classes-a-lyon-gregory-doucet-en-visite-a-lecole-louis-pradel-lyon-6eme\/#primaryimage","url":"https:\/\/lyonbondyblog.fr\/LBB\/wp-content\/uploads\/2026\/09\/IMG_1828-scaled.jpeg","contentUrl":"https:\/\/lyonbondyblog.fr\/LBB\/wp-content\/uploads\/2026\/09\/IMG_1828-scaled.jpeg","width":2560,"height":1920,"caption":"Visite d'une classe de l'\u00e9cole Louis Pradel"},{"@type":"WebSite","@id":"https:\/\/lyonbondyblog.fr\/LBB\/#website","url":"https:\/\/lyonbondyblog.fr\/LBB\/","name":"Lyon Bondy Blog","description":"","publisher":{"@id":"https:\/\/lyonbondyblog.fr\/LBB\/#organization"},"potentialAction":[{"@type":"SearchAction","target":{"@type":"EntryPoint","urlTemplate":"https:\/\/lyonbondyblog.fr\/LBB\/?s={search_term_string}"},"query-input":"required name=search_term_string"}],"inLanguage":"fr-FR"},{"@type":"Organization","@id":"https:\/\/lyonbondyblog.fr\/LBB\/#organization","name":"LYON BONDY BLOG","url":"https:\/\/lyonbondyblog.fr\/LBB\/","logo":{"@type":"ImageObject","inLanguage":"fr-FR","@id":"https:\/\/lyonbondyblog.fr\/LBB\/#\/schema\/logo\/image\/","url":"http:\/\/lyonbondyblog.fr\/LBB\/wp-content\/uploads\/2014\/10\/logo-portable-144.png","contentUrl":"http:\/\/lyonbondyblog.fr\/LBB\/wp-content\/uploads\/2014\/10\/logo-portable-144.png","width":144,"height":123,"caption":"LYON BONDY BLOG"},"image":{"@id":"https:\/\/lyonbondyblog.fr\/LBB\/#\/schema\/logo\/image\/"},"sameAs":["https:\/\/www.facebook.com\/lyonbondyblog","https:\/\/x.com\/bondybloglyon"]},{"@type":"Person","@id":"https:\/\/lyonbondyblog.fr\/LBB\/#\/schema\/person\/5e9904261c1f613c8e6ea22045b1353d","name":"Etienne Aazzab","description":"Il a int\u00e9gr\u00e9 l\u2019\u00e9quipe du \u00ab clic 2014 \u00bb : Collectif local d\u2019informations citoyennes \u00e0 partir de novembre 2013. Il rejoint le Lyon Bondy Blog \u00e0 partir de janvier 2014. Depuis 2016, je suis le responsable du Lyon Bondy Blog et le directeur de publication. Ses sujets de pr\u00e9dilection : #Politique #Soci\u00e9t\u00e9 #Sport","sameAs":["https:\/\/x.com\/AazzabEtienne"],"url":"https:\/\/lyonbondyblog.fr\/LBB\/author\/etienne\/"}]}},"_links":{"self":[{"href":"https:\/\/lyonbondyblog.fr\/LBB\/wp-json\/wp\/v2\/posts\/39215","targetHints":{"allow":["GET"]}}],"collection":[{"href":"https:\/\/lyonbondyblog.fr\/LBB\/wp-json\/wp\/v2\/posts"}],"about":[{"href":"https:\/\/lyonbondyblog.fr\/LBB\/wp-json\/wp\/v2\/types\/post"}],"author":[{"embeddable":true,"href":"https:\/\/lyonbondyblog.fr\/LBB\/wp-json\/wp\/v2\/users\/33"}],"replies":[{"embeddable":true,"href":"https:\/\/lyonbondyblog.fr\/LBB\/wp-json\/wp\/v2\/comments?post=39215"}],"version-history":[{"count":3,"href":"https:\/\/lyonbondyblog.fr\/LBB\/wp-json\/wp\/v2\/posts\/39215\/revisions"}],"predecessor-version":[{"id":39220,"href":"https:\/\/lyonbondyblog.fr\/LBB\/wp-json\/wp\/v2\/posts\/39215\/revisions\/39220"}],"wp:featuredmedia":[{"embeddable":true,"href":"https:\/\/lyonbondyblog.fr\/LBB\/wp-json\/wp\/v2\/media\/39216"}],"wp:attachment":[{"href":"https:\/\/lyonbondyblog.fr\/LBB\/wp-json\/wp\/v2\/media?parent=39215"}],"wp:term":[{"taxonomy":"category","embeddable":true,"href":"https:\/\/lyonbondyblog.fr\/LBB\/wp-json\/wp\/v2\/categories?post=39215"},{"taxonomy":"post_tag","embeddable":true,"href":"https:\/\/lyonbondyblog.fr\/LBB\/wp-json\/wp\/v2\/tags?post=39215"}],"curies":[{"name":"wp","href":"https:\/\/api.w.org\/{rel}","templated":true}]}}