{"id":3864,"date":"2013-03-28T14:11:51","date_gmt":"2013-03-28T13:11:51","guid":{"rendered":"http:\/\/lyonbondyblog.fr\/LBB\/?p=3864"},"modified":"2013-08-27T14:25:37","modified_gmt":"2013-08-27T12:25:37","slug":"le-lyon-bondy-live-du-28-mars-sur-le-poematon-le-ballet-russe-et-lhandicap-en-prison","status":"publish","type":"post","link":"https:\/\/lyonbondyblog.fr\/LBB\/le-lyon-bondy-live-du-28-mars-sur-le-poematon-le-ballet-russe-et-lhandicap-en-prison\/","title":{"rendered":"Le Lyon Bondy Live du 28 mars sur le poematon, le ballet russe, et l&rsquo;handicap en prison"},"content":{"rendered":"<p><strong><a href=\"https:\/\/lyonbondyblog.fr\/LBB\/wp-content\/uploads\/2013\/08\/photo-estele-marianne.jpg\"><img loading=\"lazy\" decoding=\"async\" class=\"alignleft  wp-image-3876\" alt=\"photo estele marianne\" src=\"https:\/\/lyonbondyblog.fr\/LBB\/wp-content\/uploads\/2013\/08\/photo-estele-marianne.jpg\" width=\"240\" height=\"118\" srcset=\"https:\/\/lyonbondyblog.fr\/LBB\/wp-content\/uploads\/2013\/08\/photo-estele-marianne.jpg 400w, https:\/\/lyonbondyblog.fr\/LBB\/wp-content\/uploads\/2013\/08\/photo-estele-marianne-300x147.jpg 300w\" sizes=\"auto, (max-width: 240px) 100vw, 240px\" \/><\/a>Cette semaine, Julien Lopez assurait l&rsquo;animation tout seul, et il s&rsquo;en est encore bien sorti avec ses invit\u00e9es Marianne et Est\u00e8le.<\/strong><\/p>\n<p>Comment faire conna\u00eetre la po\u00e9sie contemporaine ? A l\u2019occasion de la 15e \u00e9dition du Printemps des po\u00e8tes, une installation peu banale a pris place sur les trottoirs lyonnais. <a href=\"http:\/\/www.lyonbondyblog.fr\/article\/sil-te-pla%C3%AEt-dis-moi-un-po%C3%A8me#.UVLrnPcFEjc.facebook\">Dans la cabine du Po\u00e8maton, asseyez-vous et \u00e9coutez un po\u00e8me<\/a>, tout simplement. Notre bloggeuse Marianne a men\u00e9 pour vous l\u2019exp\u00e9rience. Invit\u00e9e du Lyon Bondy Live, elle nous en dit plus.<\/p>\n<p><strong>La premi\u00e8re partie sur le po\u00e8maton<\/strong><\/p>\n<p>Cela fait 18 ans qu\u2019ils ne sont pas venus danser en France. <a href=\"http:\/\/www.lyonbondyblog.fr\/article\/le-ballet-mo%C3%AFsse%C3%AFev-fait-danser-lyon\">Le c\u00e9l\u00e8bre ballet russe Mo\u00efsse\u00efev, dont la r\u00e9putation est mondiale, vient de terminer sa tourn\u00e9e au Hall Tony Garnier \u00e0 Lyon<\/a>. Notre bloggeuse Estele raconte le spectacle et revient sur la question de l\u2019accessibilit\u00e9. Quels sont les publics ? Quelles sont les particularit\u00e9s de ce \u00ab monument de la danse \u00bb ? Pourquoi une si longue p\u00e9riode d\u2019absence sur l&rsquo;hexagone ? Apr\u00e8s avoir rencontr\u00e9 <a href=\"http:\/\/www.lyonbondyblog.fr\/article\/perp%C3%A9tuer-la-tradition-du-ballet-moisseiev-selon-sa-directrice#.UUyFVdMiz8k.facebook\">la directrice Elena Shcherbakova<\/a>, place aux r\u00e9ponses.<\/p>\n<p><span style=\"color: #ff0000;\"><a href=\"https:\/\/lyonbondyblog.fr\/LBB\/wp-content\/uploads\/2013\/08\/LBL-28-03-13-partie1.mp3\"><span style=\"color: #ff0000;\">LBL 28 03 13 partie1<\/span><\/a><\/span><\/p>\n<p><strong>La seconde partie sur le ballet russe <a href=\"http:\/\/www.lyonbondyblog.fr\/article\/le-ballet-mo%C3%AFsse%C3%AFev-fait-danser-lyon\">Mo\u00efsse\u00efev<\/a><\/strong><\/p>\n<p>Handicap\u00e9s et incarc\u00e9r\u00e9s, cela arrive. Suite \u00e0 une \u00e9tude statistique conduite par l\u2019Ined en 2001, le constat est sans appel : deux tiers des d\u00e9tenus ont au moins une d\u00e9ficience, qu\u2019elle soit physique ou mentale. Aujourd\u2019hui, le sujet est toujours aussi peu abord\u00e9. <a href=\"http:\/\/www.lyonbondyblog.fr\/article\/handicap%C3%A9s-et-prisonniers\">Invisibles parmi les invisibles, les d\u00e9tenus en situation de handicap physique font peu parler d&rsquo;eux<\/a>. Marianne a men\u00e9 l\u2019enqu\u00eate et prend le temps de nous expliquer.<\/p>\n<p><span style=\"color: #ff0000;\"><a href=\"https:\/\/lyonbondyblog.fr\/LBB\/wp-content\/uploads\/2013\/08\/LBL-28-03-13-partie-2.mp3\"><span style=\"color: #ff0000;\">LBL 28 03 13 partie 2<\/span><\/a><\/span><\/p>\n<p><strong>La derni\u00e8re partie sur le handicap en prison<\/strong><\/p>\n<p><span style=\"color: #ff0000;\"><a href=\"https:\/\/lyonbondyblog.fr\/LBB\/wp-content\/uploads\/2013\/08\/LBL-28-03-13-partie-3.mp3\"><span style=\"color: #ff0000;\">LBL 28 03 13 partie 3<\/span><\/a> <\/span><\/p>\n<!-- AddThis Advanced Settings generic via filter on the_content --><!-- AddThis Share Buttons generic via filter on the_content -->","protected":false},"excerpt":{"rendered":"<p>Cette semaine, Julien Lopez assurait l&rsquo;animation tout seul, et il s&rsquo;en est encore bien sorti avec ses invit\u00e9es Marianne et Est\u00e8le. Comment faire conna\u00eetre la &hellip; <!-- AddThis Advanced Settings generic via filter on wp_trim_excerpt --><!-- AddThis Share Buttons generic via filter on wp_trim_excerpt --><\/p>\n","protected":false},"author":1,"featured_media":3854,"comment_status":"open","ping_status":"open","sticky":false,"template":"","format":"standard","meta":{"_FSMCFIC_featured_image_caption":"","_FSMCFIC_featured_image_nocaption":"","_FSMCFIC_featured_image_hide":"","footnotes":""},"categories":[5],"tags":[857,112,336,335],"class_list":["post-3864","post","type-post","status-publish","format-standard","has-post-thumbnail","hentry","category-ambiance","tag-lbl","tag-lyon-bondy-blog","tag-lyon-bondy-live","tag-radio-pluriel"],"yoast_head":"<!-- This site is optimized with the Yoast SEO plugin v22.8 - https:\/\/yoast.com\/wordpress\/plugins\/seo\/ -->\n<title>Le Lyon Bondy Live du 28 mars sur le poematon, le ballet russe, et l&#039;handicap en prison - Lyon Bondy Blog<\/title>\n<meta name=\"robots\" content=\"index, follow, max-snippet:-1, max-image-preview:large, max-video-preview:-1\" \/>\n<link rel=\"canonical\" href=\"https:\/\/lyonbondyblog.fr\/LBB\/le-lyon-bondy-live-du-28-mars-sur-le-poematon-le-ballet-russe-et-lhandicap-en-prison\/\" \/>\n<meta property=\"og:locale\" content=\"fr_FR\" \/>\n<meta property=\"og:type\" content=\"article\" \/>\n<meta property=\"og:title\" content=\"Le Lyon Bondy Live du 28 mars sur le poematon, le ballet russe, et l&#039;handicap en prison - Lyon Bondy Blog\" \/>\n<meta property=\"og:description\" content=\"Cette semaine, Julien Lopez assurait l&rsquo;animation tout seul, et il s&rsquo;en est encore bien sorti avec ses invit\u00e9es Marianne et Est\u00e8le. Comment faire conna\u00eetre la &hellip;\" \/>\n<meta property=\"og:url\" content=\"https:\/\/lyonbondyblog.fr\/LBB\/le-lyon-bondy-live-du-28-mars-sur-le-poematon-le-ballet-russe-et-lhandicap-en-prison\/\" \/>\n<meta property=\"og:site_name\" content=\"Lyon Bondy Blog\" \/>\n<meta property=\"article:publisher\" content=\"https:\/\/www.facebook.com\/lyonbondyblog\" \/>\n<meta property=\"article:author\" content=\"https:\/\/www.facebook.com\/lyonbondyblog\" \/>\n<meta property=\"article:published_time\" content=\"2013-03-28T13:11:51+00:00\" \/>\n<meta property=\"article:modified_time\" content=\"2013-08-27T12:25:37+00:00\" \/>\n<meta property=\"og:image\" content=\"https:\/\/lyonbondyblog.fr\/LBB\/wp-content\/uploads\/2013\/08\/lyonbondylive-vignette.jpg\" \/>\n\t<meta property=\"og:image:width\" content=\"1904\" \/>\n\t<meta property=\"og:image:height\" content=\"952\" \/>\n\t<meta property=\"og:image:type\" content=\"image\/jpeg\" \/>\n<meta name=\"author\" content=\"La r\u00e9daction\" \/>\n<meta name=\"twitter:card\" content=\"summary_large_image\" \/>\n<meta name=\"twitter:creator\" content=\"@BondyBlogLyon\" \/>\n<meta name=\"twitter:site\" content=\"@bondybloglyon\" \/>\n<script type=\"application\/ld+json\" class=\"yoast-schema-graph\">{\"@context\":\"https:\/\/schema.org\",\"@graph\":[{\"@type\":\"Article\",\"@id\":\"https:\/\/lyonbondyblog.fr\/LBB\/le-lyon-bondy-live-du-28-mars-sur-le-poematon-le-ballet-russe-et-lhandicap-en-prison\/#article\",\"isPartOf\":{\"@id\":\"https:\/\/lyonbondyblog.fr\/LBB\/le-lyon-bondy-live-du-28-mars-sur-le-poematon-le-ballet-russe-et-lhandicap-en-prison\/\"},\"author\":{\"name\":\"La r\u00e9daction\",\"@id\":\"https:\/\/lyonbondyblog.fr\/LBB\/#\/schema\/person\/e45f8d27baac75072daa0be50c409b25\"},\"headline\":\"Le Lyon Bondy Live du 28 mars sur le poematon, le ballet russe, et l&rsquo;handicap en prison\",\"datePublished\":\"2013-03-28T13:11:51+00:00\",\"dateModified\":\"2013-08-27T12:25:37+00:00\",\"mainEntityOfPage\":{\"@id\":\"https:\/\/lyonbondyblog.fr\/LBB\/le-lyon-bondy-live-du-28-mars-sur-le-poematon-le-ballet-russe-et-lhandicap-en-prison\/\"},\"wordCount\":304,\"commentCount\":0,\"publisher\":{\"@id\":\"https:\/\/lyonbondyblog.fr\/LBB\/#organization\"},\"image\":{\"@id\":\"https:\/\/lyonbondyblog.fr\/LBB\/le-lyon-bondy-live-du-28-mars-sur-le-poematon-le-ballet-russe-et-lhandicap-en-prison\/#primaryimage\"},\"thumbnailUrl\":\"https:\/\/lyonbondyblog.fr\/LBB\/wp-content\/uploads\/2013\/08\/lyonbondylive-vignette.jpg\",\"keywords\":[\"LBL\",\"Lyon Bondy Blog\",\"Lyon Bondy Live\",\"radio pluriel\"],\"articleSection\":[\"Ambiance\"],\"inLanguage\":\"fr-FR\",\"potentialAction\":[{\"@type\":\"CommentAction\",\"name\":\"Comment\",\"target\":[\"https:\/\/lyonbondyblog.fr\/LBB\/le-lyon-bondy-live-du-28-mars-sur-le-poematon-le-ballet-russe-et-lhandicap-en-prison\/#respond\"]}]},{\"@type\":\"WebPage\",\"@id\":\"https:\/\/lyonbondyblog.fr\/LBB\/le-lyon-bondy-live-du-28-mars-sur-le-poematon-le-ballet-russe-et-lhandicap-en-prison\/\",\"url\":\"https:\/\/lyonbondyblog.fr\/LBB\/le-lyon-bondy-live-du-28-mars-sur-le-poematon-le-ballet-russe-et-lhandicap-en-prison\/\",\"name\":\"Le Lyon Bondy Live du 28 mars sur le poematon, le ballet russe, et l'handicap en prison - Lyon Bondy Blog\",\"isPartOf\":{\"@id\":\"https:\/\/lyonbondyblog.fr\/LBB\/#website\"},\"primaryImageOfPage\":{\"@id\":\"https:\/\/lyonbondyblog.fr\/LBB\/le-lyon-bondy-live-du-28-mars-sur-le-poematon-le-ballet-russe-et-lhandicap-en-prison\/#primaryimage\"},\"image\":{\"@id\":\"https:\/\/lyonbondyblog.fr\/LBB\/le-lyon-bondy-live-du-28-mars-sur-le-poematon-le-ballet-russe-et-lhandicap-en-prison\/#primaryimage\"},\"thumbnailUrl\":\"https:\/\/lyonbondyblog.fr\/LBB\/wp-content\/uploads\/2013\/08\/lyonbondylive-vignette.jpg\",\"datePublished\":\"2013-03-28T13:11:51+00:00\",\"dateModified\":\"2013-08-27T12:25:37+00:00\",\"inLanguage\":\"fr-FR\",\"potentialAction\":[{\"@type\":\"ReadAction\",\"target\":[\"https:\/\/lyonbondyblog.fr\/LBB\/le-lyon-bondy-live-du-28-mars-sur-le-poematon-le-ballet-russe-et-lhandicap-en-prison\/\"]}]},{\"@type\":\"ImageObject\",\"inLanguage\":\"fr-FR\",\"@id\":\"https:\/\/lyonbondyblog.fr\/LBB\/le-lyon-bondy-live-du-28-mars-sur-le-poematon-le-ballet-russe-et-lhandicap-en-prison\/#primaryimage\",\"url\":\"https:\/\/lyonbondyblog.fr\/LBB\/wp-content\/uploads\/2013\/08\/lyonbondylive-vignette.jpg\",\"contentUrl\":\"https:\/\/lyonbondyblog.fr\/LBB\/wp-content\/uploads\/2013\/08\/lyonbondylive-vignette.jpg\",\"width\":1904,\"height\":952},{\"@type\":\"WebSite\",\"@id\":\"https:\/\/lyonbondyblog.fr\/LBB\/#website\",\"url\":\"https:\/\/lyonbondyblog.fr\/LBB\/\",\"name\":\"Lyon Bondy Blog\",\"description\":\"\",\"publisher\":{\"@id\":\"https:\/\/lyonbondyblog.fr\/LBB\/#organization\"},\"potentialAction\":[{\"@type\":\"SearchAction\",\"target\":{\"@type\":\"EntryPoint\",\"urlTemplate\":\"https:\/\/lyonbondyblog.fr\/LBB\/?s={search_term_string}\"},\"query-input\":\"required name=search_term_string\"}],\"inLanguage\":\"fr-FR\"},{\"@type\":\"Organization\",\"@id\":\"https:\/\/lyonbondyblog.fr\/LBB\/#organization\",\"name\":\"LYON BONDY BLOG\",\"url\":\"https:\/\/lyonbondyblog.fr\/LBB\/\",\"logo\":{\"@type\":\"ImageObject\",\"inLanguage\":\"fr-FR\",\"@id\":\"https:\/\/lyonbondyblog.fr\/LBB\/#\/schema\/logo\/image\/\",\"url\":\"http:\/\/lyonbondyblog.fr\/LBB\/wp-content\/uploads\/2014\/10\/logo-portable-144.png\",\"contentUrl\":\"http:\/\/lyonbondyblog.fr\/LBB\/wp-content\/uploads\/2014\/10\/logo-portable-144.png\",\"width\":144,\"height\":123,\"caption\":\"LYON BONDY BLOG\"},\"image\":{\"@id\":\"https:\/\/lyonbondyblog.fr\/LBB\/#\/schema\/logo\/image\/\"},\"sameAs\":[\"https:\/\/www.facebook.com\/lyonbondyblog\",\"https:\/\/x.com\/bondybloglyon\"]},{\"@type\":\"Person\",\"@id\":\"https:\/\/lyonbondyblog.fr\/LBB\/#\/schema\/person\/e45f8d27baac75072daa0be50c409b25\",\"name\":\"La r\u00e9daction\",\"description\":\"Cr\u00e9e en 2008, la r\u00e9daction du Lyon Bondy Blog s'applique \u00e0 proposer une information locale diff\u00e9rente et compl\u00e9mentaire des m\u00e9dias traditionnels.\",\"sameAs\":[\"https:\/\/www.facebook.com\/lyonbondyblog\",\"https:\/\/x.com\/BondyBlogLyon\"],\"url\":\"https:\/\/lyonbondyblog.fr\/LBB\/author\/admin\/\"}]}<\/script>\n<!-- \/ Yoast SEO plugin. -->","yoast_head_json":{"title":"Le Lyon Bondy Live du 28 mars sur le poematon, le ballet russe, et l'handicap en prison - Lyon Bondy Blog","robots":{"index":"index","follow":"follow","max-snippet":"max-snippet:-1","max-image-preview":"max-image-preview:large","max-video-preview":"max-video-preview:-1"},"canonical":"https:\/\/lyonbondyblog.fr\/LBB\/le-lyon-bondy-live-du-28-mars-sur-le-poematon-le-ballet-russe-et-lhandicap-en-prison\/","og_locale":"fr_FR","og_type":"article","og_title":"Le Lyon Bondy Live du 28 mars sur le poematon, le ballet russe, et l'handicap en prison - Lyon Bondy Blog","og_description":"Cette semaine, Julien Lopez assurait l&rsquo;animation tout seul, et il s&rsquo;en est encore bien sorti avec ses invit\u00e9es Marianne et Est\u00e8le. Comment faire conna\u00eetre la &hellip;","og_url":"https:\/\/lyonbondyblog.fr\/LBB\/le-lyon-bondy-live-du-28-mars-sur-le-poematon-le-ballet-russe-et-lhandicap-en-prison\/","og_site_name":"Lyon Bondy Blog","article_publisher":"https:\/\/www.facebook.com\/lyonbondyblog","article_author":"https:\/\/www.facebook.com\/lyonbondyblog","article_published_time":"2013-03-28T13:11:51+00:00","article_modified_time":"2013-08-27T12:25:37+00:00","og_image":[{"width":1904,"height":952,"url":"https:\/\/lyonbondyblog.fr\/LBB\/wp-content\/uploads\/2013\/08\/lyonbondylive-vignette.jpg","type":"image\/jpeg"}],"author":"La r\u00e9daction","twitter_card":"summary_large_image","twitter_creator":"@BondyBlogLyon","twitter_site":"@bondybloglyon","schema":{"@context":"https:\/\/schema.org","@graph":[{"@type":"Article","@id":"https:\/\/lyonbondyblog.fr\/LBB\/le-lyon-bondy-live-du-28-mars-sur-le-poematon-le-ballet-russe-et-lhandicap-en-prison\/#article","isPartOf":{"@id":"https:\/\/lyonbondyblog.fr\/LBB\/le-lyon-bondy-live-du-28-mars-sur-le-poematon-le-ballet-russe-et-lhandicap-en-prison\/"},"author":{"name":"La r\u00e9daction","@id":"https:\/\/lyonbondyblog.fr\/LBB\/#\/schema\/person\/e45f8d27baac75072daa0be50c409b25"},"headline":"Le Lyon Bondy Live du 28 mars sur le poematon, le ballet russe, et l&rsquo;handicap en prison","datePublished":"2013-03-28T13:11:51+00:00","dateModified":"2013-08-27T12:25:37+00:00","mainEntityOfPage":{"@id":"https:\/\/lyonbondyblog.fr\/LBB\/le-lyon-bondy-live-du-28-mars-sur-le-poematon-le-ballet-russe-et-lhandicap-en-prison\/"},"wordCount":304,"commentCount":0,"publisher":{"@id":"https:\/\/lyonbondyblog.fr\/LBB\/#organization"},"image":{"@id":"https:\/\/lyonbondyblog.fr\/LBB\/le-lyon-bondy-live-du-28-mars-sur-le-poematon-le-ballet-russe-et-lhandicap-en-prison\/#primaryimage"},"thumbnailUrl":"https:\/\/lyonbondyblog.fr\/LBB\/wp-content\/uploads\/2013\/08\/lyonbondylive-vignette.jpg","keywords":["LBL","Lyon Bondy Blog","Lyon Bondy Live","radio pluriel"],"articleSection":["Ambiance"],"inLanguage":"fr-FR","potentialAction":[{"@type":"CommentAction","name":"Comment","target":["https:\/\/lyonbondyblog.fr\/LBB\/le-lyon-bondy-live-du-28-mars-sur-le-poematon-le-ballet-russe-et-lhandicap-en-prison\/#respond"]}]},{"@type":"WebPage","@id":"https:\/\/lyonbondyblog.fr\/LBB\/le-lyon-bondy-live-du-28-mars-sur-le-poematon-le-ballet-russe-et-lhandicap-en-prison\/","url":"https:\/\/lyonbondyblog.fr\/LBB\/le-lyon-bondy-live-du-28-mars-sur-le-poematon-le-ballet-russe-et-lhandicap-en-prison\/","name":"Le Lyon Bondy Live du 28 mars sur le poematon, le ballet russe, et l'handicap en prison - Lyon Bondy Blog","isPartOf":{"@id":"https:\/\/lyonbondyblog.fr\/LBB\/#website"},"primaryImageOfPage":{"@id":"https:\/\/lyonbondyblog.fr\/LBB\/le-lyon-bondy-live-du-28-mars-sur-le-poematon-le-ballet-russe-et-lhandicap-en-prison\/#primaryimage"},"image":{"@id":"https:\/\/lyonbondyblog.fr\/LBB\/le-lyon-bondy-live-du-28-mars-sur-le-poematon-le-ballet-russe-et-lhandicap-en-prison\/#primaryimage"},"thumbnailUrl":"https:\/\/lyonbondyblog.fr\/LBB\/wp-content\/uploads\/2013\/08\/lyonbondylive-vignette.jpg","datePublished":"2013-03-28T13:11:51+00:00","dateModified":"2013-08-27T12:25:37+00:00","inLanguage":"fr-FR","potentialAction":[{"@type":"ReadAction","target":["https:\/\/lyonbondyblog.fr\/LBB\/le-lyon-bondy-live-du-28-mars-sur-le-poematon-le-ballet-russe-et-lhandicap-en-prison\/"]}]},{"@type":"ImageObject","inLanguage":"fr-FR","@id":"https:\/\/lyonbondyblog.fr\/LBB\/le-lyon-bondy-live-du-28-mars-sur-le-poematon-le-ballet-russe-et-lhandicap-en-prison\/#primaryimage","url":"https:\/\/lyonbondyblog.fr\/LBB\/wp-content\/uploads\/2013\/08\/lyonbondylive-vignette.jpg","contentUrl":"https:\/\/lyonbondyblog.fr\/LBB\/wp-content\/uploads\/2013\/08\/lyonbondylive-vignette.jpg","width":1904,"height":952},{"@type":"WebSite","@id":"https:\/\/lyonbondyblog.fr\/LBB\/#website","url":"https:\/\/lyonbondyblog.fr\/LBB\/","name":"Lyon Bondy Blog","description":"","publisher":{"@id":"https:\/\/lyonbondyblog.fr\/LBB\/#organization"},"potentialAction":[{"@type":"SearchAction","target":{"@type":"EntryPoint","urlTemplate":"https:\/\/lyonbondyblog.fr\/LBB\/?s={search_term_string}"},"query-input":"required name=search_term_string"}],"inLanguage":"fr-FR"},{"@type":"Organization","@id":"https:\/\/lyonbondyblog.fr\/LBB\/#organization","name":"LYON BONDY BLOG","url":"https:\/\/lyonbondyblog.fr\/LBB\/","logo":{"@type":"ImageObject","inLanguage":"fr-FR","@id":"https:\/\/lyonbondyblog.fr\/LBB\/#\/schema\/logo\/image\/","url":"http:\/\/lyonbondyblog.fr\/LBB\/wp-content\/uploads\/2014\/10\/logo-portable-144.png","contentUrl":"http:\/\/lyonbondyblog.fr\/LBB\/wp-content\/uploads\/2014\/10\/logo-portable-144.png","width":144,"height":123,"caption":"LYON BONDY BLOG"},"image":{"@id":"https:\/\/lyonbondyblog.fr\/LBB\/#\/schema\/logo\/image\/"},"sameAs":["https:\/\/www.facebook.com\/lyonbondyblog","https:\/\/x.com\/bondybloglyon"]},{"@type":"Person","@id":"https:\/\/lyonbondyblog.fr\/LBB\/#\/schema\/person\/e45f8d27baac75072daa0be50c409b25","name":"La r\u00e9daction","description":"Cr\u00e9e en 2008, la r\u00e9daction du Lyon Bondy Blog s'applique \u00e0 proposer une information locale diff\u00e9rente et compl\u00e9mentaire des m\u00e9dias traditionnels.","sameAs":["https:\/\/www.facebook.com\/lyonbondyblog","https:\/\/x.com\/BondyBlogLyon"],"url":"https:\/\/lyonbondyblog.fr\/LBB\/author\/admin\/"}]}},"_links":{"self":[{"href":"https:\/\/lyonbondyblog.fr\/LBB\/wp-json\/wp\/v2\/posts\/3864","targetHints":{"allow":["GET"]}}],"collection":[{"href":"https:\/\/lyonbondyblog.fr\/LBB\/wp-json\/wp\/v2\/posts"}],"about":[{"href":"https:\/\/lyonbondyblog.fr\/LBB\/wp-json\/wp\/v2\/types\/post"}],"author":[{"embeddable":true,"href":"https:\/\/lyonbondyblog.fr\/LBB\/wp-json\/wp\/v2\/users\/1"}],"replies":[{"embeddable":true,"href":"https:\/\/lyonbondyblog.fr\/LBB\/wp-json\/wp\/v2\/comments?post=3864"}],"version-history":[{"count":0,"href":"https:\/\/lyonbondyblog.fr\/LBB\/wp-json\/wp\/v2\/posts\/3864\/revisions"}],"wp:featuredmedia":[{"embeddable":true,"href":"https:\/\/lyonbondyblog.fr\/LBB\/wp-json\/wp\/v2\/media\/3854"}],"wp:attachment":[{"href":"https:\/\/lyonbondyblog.fr\/LBB\/wp-json\/wp\/v2\/media?parent=3864"}],"wp:term":[{"taxonomy":"category","embeddable":true,"href":"https:\/\/lyonbondyblog.fr\/LBB\/wp-json\/wp\/v2\/categories?post=3864"},{"taxonomy":"post_tag","embeddable":true,"href":"https:\/\/lyonbondyblog.fr\/LBB\/wp-json\/wp\/v2\/tags?post=3864"}],"curies":[{"name":"wp","href":"https:\/\/api.w.org\/{rel}","templated":true}]}}