{"id":3862,"date":"2012-06-24T14:18:02","date_gmt":"2012-06-24T12:18:02","guid":{"rendered":"http:\/\/lyonbondyblog.fr\/LBB\/?p=3862"},"modified":"2013-08-27T14:30:18","modified_gmt":"2013-08-27T12:30:18","slug":"lyon-bd-festival-en-images","status":"publish","type":"post","link":"https:\/\/lyonbondyblog.fr\/LBB\/lyon-bd-festival-en-images\/","title":{"rendered":"Lyon BD festival en Images"},"content":{"rendered":"<p><strong>Retour en images sur le Lyon BD festival et ses diff\u00e9rentes animations :<\/strong><\/p>\n<p>Dans la cours de l\u2019H\u00f4tel de Ville, espace d\u00e9di\u00e9 aux nouveaux talents, une fresque g\u00e9ante est peinte en direct par deux \u00e9l\u00e8ves de l\u2019atelier Froggy Art. Avec leur peinture, Bruno Petreignani et R\u00e9mi Devonec rendent hommage \u00e0 l\u2019auteur fran\u00e7ais de BD de science-fiction Moebius.<\/p>\n<p>Les com\u00e9diens de La Sc\u00e8ne D\u00e9m\u00e9nage\u00a0 jouent le r\u00f4le de mod\u00e8le vivant sur les planches. Ils prennent diff\u00e9rentes poses pour que le public en esquisse des croquis en un temps recors. Ici sur une sc\u00e8ne install\u00e9e \u00e0 l\u2019h\u00f4tel de ville, le dessinateur Domas prend \u00e9galement part au jeu.<\/p>\n<p>Une fresque g\u00e9ante est progressivement d\u00e9masqu\u00e9e gr\u00e2ce \u00e0 la gourmandise des passants. Cach\u00e9e derri\u00e8re des dizaines de sucettes d\u00e9licieusement piquantes, le dessin d\u00e9voile peu \u00e0 peu des images de personnages c\u00e9l\u00e8bres tels qu\u2019Ast\u00e9rix ou Spiderman.<\/p>\n<p>Le coin des bonnes affaires se situe aux pieds du palais du commerce. Ici se vendent des BD, mangas, vinyles et m\u00eame quelques DVD \u00e0 prix r\u00e9duits puisqu\u2019il s\u2019agit de produits d\u2019occasion. L\u2019acc\u00e8s est libre et ouvert \u00e0 tous.<\/p>\n<div id='gallery-1' class='gallery galleryid-3862 gallery-columns-3 gallery-size-thumbnail'><figure class='gallery-item'>\n\t\t\t<div class='gallery-icon landscape'>\n\t\t\t\t<a href='https:\/\/lyonbondyblog.fr\/LBB\/la-planche-tres-grand-format_0\/'><img loading=\"lazy\" decoding=\"async\" width=\"150\" height=\"150\" src=\"https:\/\/lyonbondyblog.fr\/LBB\/wp-content\/uploads\/2013\/08\/la-planche-tres-grand-format_0-150x150.jpg\" class=\"attachment-thumbnail size-thumbnail\" alt=\"\" aria-describedby=\"gallery-1-3868\" srcset=\"https:\/\/lyonbondyblog.fr\/LBB\/wp-content\/uploads\/2013\/08\/la-planche-tres-grand-format_0-150x150.jpg 150w, https:\/\/lyonbondyblog.fr\/LBB\/wp-content\/uploads\/2013\/08\/la-planche-tres-grand-format_0-50x50.jpg 50w, https:\/\/lyonbondyblog.fr\/LBB\/wp-content\/uploads\/2013\/08\/la-planche-tres-grand-format_0-300x300.jpg 300w, https:\/\/lyonbondyblog.fr\/LBB\/wp-content\/uploads\/2013\/08\/la-planche-tres-grand-format_0-180x180.jpg 180w\" sizes=\"auto, (max-width: 150px) 100vw, 150px\" \/><\/a>\n\t\t\t<\/div>\n\t\t\t\t<figcaption class='wp-caption-text gallery-caption' id='gallery-1-3868'>\n\t\t\t\tUne planche de tr\u00e8s grand format\n\t\t\t\t<\/figcaption><\/figure><figure class='gallery-item'>\n\t\t\t<div class='gallery-icon landscape'>\n\t\t\t\t<a href='https:\/\/lyonbondyblog.fr\/LBB\/la-pose-simpose\/'><img loading=\"lazy\" decoding=\"async\" width=\"150\" height=\"150\" src=\"https:\/\/lyonbondyblog.fr\/LBB\/wp-content\/uploads\/2013\/08\/la-pose-simpose-150x150.jpg\" class=\"attachment-thumbnail size-thumbnail\" alt=\"\" aria-describedby=\"gallery-1-3869\" srcset=\"https:\/\/lyonbondyblog.fr\/LBB\/wp-content\/uploads\/2013\/08\/la-pose-simpose-150x150.jpg 150w, https:\/\/lyonbondyblog.fr\/LBB\/wp-content\/uploads\/2013\/08\/la-pose-simpose-50x50.jpg 50w, https:\/\/lyonbondyblog.fr\/LBB\/wp-content\/uploads\/2013\/08\/la-pose-simpose-300x300.jpg 300w, https:\/\/lyonbondyblog.fr\/LBB\/wp-content\/uploads\/2013\/08\/la-pose-simpose-180x180.jpg 180w\" sizes=\"auto, (max-width: 150px) 100vw, 150px\" \/><\/a>\n\t\t\t<\/div>\n\t\t\t\t<figcaption class='wp-caption-text gallery-caption' id='gallery-1-3869'>\n\t\t\t\tLa pose s\u2019impose\n\t\t\t\t<\/figcaption><\/figure><figure class='gallery-item'>\n\t\t\t<div class='gallery-icon landscape'>\n\t\t\t\t<a href='https:\/\/lyonbondyblog.fr\/LBB\/la-fresque-gourmande\/'><img loading=\"lazy\" decoding=\"async\" width=\"150\" height=\"150\" src=\"https:\/\/lyonbondyblog.fr\/LBB\/wp-content\/uploads\/2013\/08\/la-fresque-gourmande-150x150.jpg\" class=\"attachment-thumbnail size-thumbnail\" alt=\"\" aria-describedby=\"gallery-1-3867\" srcset=\"https:\/\/lyonbondyblog.fr\/LBB\/wp-content\/uploads\/2013\/08\/la-fresque-gourmande-150x150.jpg 150w, https:\/\/lyonbondyblog.fr\/LBB\/wp-content\/uploads\/2013\/08\/la-fresque-gourmande-50x50.jpg 50w, https:\/\/lyonbondyblog.fr\/LBB\/wp-content\/uploads\/2013\/08\/la-fresque-gourmande-300x300.jpg 300w, https:\/\/lyonbondyblog.fr\/LBB\/wp-content\/uploads\/2013\/08\/la-fresque-gourmande-180x180.jpg 180w\" sizes=\"auto, (max-width: 150px) 100vw, 150px\" \/><\/a>\n\t\t\t<\/div>\n\t\t\t\t<figcaption class='wp-caption-text gallery-caption' id='gallery-1-3867'>\n\t\t\t\tD\u00e9couverte progressive d\u2019une fresque gourmande\n\t\t\t\t<\/figcaption><\/figure><figure class='gallery-item'>\n\t\t\t<div class='gallery-icon landscape'>\n\t\t\t\t<a href='https:\/\/lyonbondyblog.fr\/LBB\/la-brocante-de-la-bd\/'><img loading=\"lazy\" decoding=\"async\" width=\"150\" height=\"150\" src=\"https:\/\/lyonbondyblog.fr\/LBB\/wp-content\/uploads\/2013\/08\/La-brocante-de-la-BD-150x150.jpg\" class=\"attachment-thumbnail size-thumbnail\" alt=\"\" aria-describedby=\"gallery-1-3866\" srcset=\"https:\/\/lyonbondyblog.fr\/LBB\/wp-content\/uploads\/2013\/08\/La-brocante-de-la-BD-150x150.jpg 150w, https:\/\/lyonbondyblog.fr\/LBB\/wp-content\/uploads\/2013\/08\/La-brocante-de-la-BD-50x50.jpg 50w, https:\/\/lyonbondyblog.fr\/LBB\/wp-content\/uploads\/2013\/08\/La-brocante-de-la-BD-300x300.jpg 300w, https:\/\/lyonbondyblog.fr\/LBB\/wp-content\/uploads\/2013\/08\/La-brocante-de-la-BD-180x180.jpg 180w\" sizes=\"auto, (max-width: 150px) 100vw, 150px\" \/><\/a>\n\t\t\t<\/div>\n\t\t\t\t<figcaption class='wp-caption-text gallery-caption' id='gallery-1-3866'>\n\t\t\t\tUne brocante d\u00e9di\u00e9e \u00e0 la BD et autres produits d\u00e9riv\u00e9s \n\t\t\t\t<\/figcaption><\/figure><figure class='gallery-item'>\n\t\t\t<div class='gallery-icon landscape'>\n\t\t\t\t<a href='https:\/\/lyonbondyblog.fr\/LBB\/le-festival-bat-son-plein\/'><img loading=\"lazy\" decoding=\"async\" width=\"150\" height=\"150\" src=\"https:\/\/lyonbondyblog.fr\/LBB\/wp-content\/uploads\/2013\/08\/Le-festival-bat-son-plein-150x150.jpg\" class=\"attachment-thumbnail size-thumbnail\" alt=\"\" aria-describedby=\"gallery-1-3870\" srcset=\"https:\/\/lyonbondyblog.fr\/LBB\/wp-content\/uploads\/2013\/08\/Le-festival-bat-son-plein-150x150.jpg 150w, https:\/\/lyonbondyblog.fr\/LBB\/wp-content\/uploads\/2013\/08\/Le-festival-bat-son-plein-50x50.jpg 50w, https:\/\/lyonbondyblog.fr\/LBB\/wp-content\/uploads\/2013\/08\/Le-festival-bat-son-plein-300x300.jpg 300w, https:\/\/lyonbondyblog.fr\/LBB\/wp-content\/uploads\/2013\/08\/Le-festival-bat-son-plein-180x180.jpg 180w\" sizes=\"auto, (max-width: 150px) 100vw, 150px\" \/><\/a>\n\t\t\t<\/div>\n\t\t\t\t<figcaption class='wp-caption-text gallery-caption' id='gallery-1-3870'>\n\t\t\t\tLe festival bat son plein\n\t\t\t\t<\/figcaption><\/figure><figure class='gallery-item'>\n\t\t\t<div class='gallery-icon landscape'>\n\t\t\t\t<a href='https:\/\/lyonbondyblog.fr\/LBB\/monsieur-poulpe-et-davy-mourrier\/'><img loading=\"lazy\" decoding=\"async\" width=\"150\" height=\"150\" src=\"https:\/\/lyonbondyblog.fr\/LBB\/wp-content\/uploads\/2013\/08\/Monsieur-Poulpe-et-Davy-Mourrier-150x150.jpg\" class=\"attachment-thumbnail size-thumbnail\" alt=\"\" aria-describedby=\"gallery-1-3871\" srcset=\"https:\/\/lyonbondyblog.fr\/LBB\/wp-content\/uploads\/2013\/08\/Monsieur-Poulpe-et-Davy-Mourrier-150x150.jpg 150w, https:\/\/lyonbondyblog.fr\/LBB\/wp-content\/uploads\/2013\/08\/Monsieur-Poulpe-et-Davy-Mourrier-50x50.jpg 50w, https:\/\/lyonbondyblog.fr\/LBB\/wp-content\/uploads\/2013\/08\/Monsieur-Poulpe-et-Davy-Mourrier-300x300.jpg 300w, https:\/\/lyonbondyblog.fr\/LBB\/wp-content\/uploads\/2013\/08\/Monsieur-Poulpe-et-Davy-Mourrier-180x180.jpg 180w\" sizes=\"auto, (max-width: 150px) 100vw, 150px\" \/><\/a>\n\t\t\t<\/div>\n\t\t\t\t<figcaption class='wp-caption-text gallery-caption' id='gallery-1-3871'>\n\t\t\t\tMonsieur Poulpe et Davy Mourier, une des attractions du festival \n\t\t\t\t<\/figcaption><\/figure><figure class='gallery-item'>\n\t\t\t<div class='gallery-icon landscape'>\n\t\t\t\t<a href='https:\/\/lyonbondyblog.fr\/LBB\/spirou\/'><img loading=\"lazy\" decoding=\"async\" width=\"150\" height=\"150\" src=\"https:\/\/lyonbondyblog.fr\/LBB\/wp-content\/uploads\/2013\/08\/Spirou-150x150.jpg\" class=\"attachment-thumbnail size-thumbnail\" alt=\"\" aria-describedby=\"gallery-1-3872\" srcset=\"https:\/\/lyonbondyblog.fr\/LBB\/wp-content\/uploads\/2013\/08\/Spirou-150x150.jpg 150w, https:\/\/lyonbondyblog.fr\/LBB\/wp-content\/uploads\/2013\/08\/Spirou-50x50.jpg 50w, https:\/\/lyonbondyblog.fr\/LBB\/wp-content\/uploads\/2013\/08\/Spirou-300x300.jpg 300w, https:\/\/lyonbondyblog.fr\/LBB\/wp-content\/uploads\/2013\/08\/Spirou-180x180.jpg 180w\" sizes=\"auto, (max-width: 150px) 100vw, 150px\" \/><\/a>\n\t\t\t<\/div>\n\t\t\t\t<figcaption class='wp-caption-text gallery-caption' id='gallery-1-3872'>\n\t\t\t\tSpirou \u00e9tait pr\u00e9sent, au stand Dupuis bien s\u00fbr\n\t\t\t\t<\/figcaption><\/figure>\n\t\t<\/div>\n\n<p>Instantan\u00e9 du festival ce samedi \u00e0 15h. D\u00e8s le d\u00e9but de l\u2019apr\u00e8s-midi, \u00e7a grouillait de monde sous le puit de lumi\u00e8re de l&rsquo;Hotel de Ville<\/p>\n<p>Sur <a href=\"http:\/\/www.ankama-editions.com\/fr?\">le stand des \u00e9ditions Ankama<\/a>, <a href=\"http:\/\/monsieurpoulpe.over-blog.com\/\">Monsieur Poulpe<\/a> et <a href=\"http:\/\/www.badstrip.net\/\">Davy Mourrier<\/a> sont venus pour d\u00e9dicacer leurs derni\u00e8res BD : Karat\u00e9 Boy. Comme \u00e0 chacune de leurs d\u00e9dicaces, le public, l&rsquo;humour et la bonne humeur sont pr\u00e9sents.<\/p>\n<p><a href=\"http:\/\/www.dupuis.com\/servlet\/jphome?pgm=home&amp;lang=FR\">Le stand Dupuis<\/a>, \u00e9diteur notamment du magazine Spirou, est pr\u00e9sent au festival. Pour l&rsquo;animation, \u00a0on pouvait compter sur le groom le plus c\u00e9l\u00e8bre de la bande dessin\u00e9 franco-belge.<\/p>\n<p>&nbsp;<\/p>\n<p style=\"text-align: right;\"><span style=\"text-decoration: underline;\">Na\u00efma Arroussi et Julien Lopez<\/span><\/p>\n<p>Sur <a href=\"http:\/\/www.ankama-editions.com\/fr?\">le stand des \u00e9ditions Ankama<\/a>, <a href=\"http:\/\/monsieurpoulpe.over-blog.com\/\">Monsieur Poulpe<\/a> et <a href=\"http:\/\/www.badstrip.net\/\">Davy Mourrier<\/a> sont venus pour d\u00e9dicacer leurs derni\u00e8res BD : Karat\u00e9 Boy. Comme \u00e0 chacune de leurs d\u00e9dicaces, le public, l&rsquo;humour et la bonne humeur sont pr\u00e9sents.<\/p>\n<!-- AddThis Advanced Settings generic via filter on the_content --><!-- AddThis Share Buttons generic via filter on the_content -->","protected":false},"excerpt":{"rendered":"<p>Retour en images sur le Lyon BD festival et ses diff\u00e9rentes animations : Dans la cours de l\u2019H\u00f4tel de Ville, espace d\u00e9di\u00e9 aux nouveaux talents, &hellip; <!-- AddThis Advanced Settings generic via filter on wp_trim_excerpt --><!-- AddThis Share Buttons generic via filter on wp_trim_excerpt --><\/p>\n","protected":false},"author":1,"featured_media":3867,"comment_status":"open","ping_status":"open","sticky":false,"template":"","format":"standard","meta":{"_FSMCFIC_featured_image_caption":"","_FSMCFIC_featured_image_nocaption":"","_FSMCFIC_featured_image_hide":"","footnotes":""},"categories":[3],"tags":[240,859,10,616,112,858],"class_list":["post-3862","post","type-post","status-publish","format-standard","has-post-thumbnail","hentry","category-culture","tag-bande-dessinee","tag-davy-mourier","tag-lyon-2","tag-lyon-bd-festival","tag-lyon-bondy-blog","tag-mr-poulpe"],"yoast_head":"<!-- This site is optimized with the Yoast SEO plugin v22.8 - https:\/\/yoast.com\/wordpress\/plugins\/seo\/ -->\n<title>Lyon BD festival en Images - Lyon Bondy Blog<\/title>\n<meta name=\"robots\" content=\"index, follow, max-snippet:-1, max-image-preview:large, max-video-preview:-1\" \/>\n<link rel=\"canonical\" href=\"https:\/\/lyonbondyblog.fr\/LBB\/lyon-bd-festival-en-images\/\" \/>\n<meta property=\"og:locale\" content=\"fr_FR\" \/>\n<meta property=\"og:type\" content=\"article\" \/>\n<meta property=\"og:title\" content=\"Lyon BD festival en Images - Lyon Bondy Blog\" \/>\n<meta property=\"og:description\" content=\"Retour en images sur le Lyon BD festival et ses diff\u00e9rentes animations : Dans la cours de l\u2019H\u00f4tel de Ville, espace d\u00e9di\u00e9 aux nouveaux talents, &hellip;\" \/>\n<meta property=\"og:url\" content=\"https:\/\/lyonbondyblog.fr\/LBB\/lyon-bd-festival-en-images\/\" \/>\n<meta property=\"og:site_name\" content=\"Lyon Bondy Blog\" \/>\n<meta property=\"article:publisher\" content=\"https:\/\/www.facebook.com\/lyonbondyblog\" \/>\n<meta property=\"article:author\" content=\"https:\/\/www.facebook.com\/lyonbondyblog\" \/>\n<meta property=\"article:published_time\" content=\"2012-06-24T12:18:02+00:00\" \/>\n<meta property=\"article:modified_time\" content=\"2013-08-27T12:30:18+00:00\" \/>\n<meta property=\"og:image\" content=\"https:\/\/lyonbondyblog.fr\/LBB\/wp-content\/uploads\/2013\/08\/la-fresque-gourmande.jpg\" \/>\n\t<meta property=\"og:image:width\" content=\"490\" \/>\n\t<meta property=\"og:image:height\" content=\"300\" \/>\n\t<meta property=\"og:image:type\" content=\"image\/jpeg\" \/>\n<meta name=\"author\" content=\"La r\u00e9daction\" \/>\n<meta name=\"twitter:card\" content=\"summary_large_image\" \/>\n<meta name=\"twitter:creator\" content=\"@BondyBlogLyon\" \/>\n<meta name=\"twitter:site\" content=\"@bondybloglyon\" \/>\n<script type=\"application\/ld+json\" class=\"yoast-schema-graph\">{\"@context\":\"https:\/\/schema.org\",\"@graph\":[{\"@type\":\"Article\",\"@id\":\"https:\/\/lyonbondyblog.fr\/LBB\/lyon-bd-festival-en-images\/#article\",\"isPartOf\":{\"@id\":\"https:\/\/lyonbondyblog.fr\/LBB\/lyon-bd-festival-en-images\/\"},\"author\":{\"name\":\"La r\u00e9daction\",\"@id\":\"https:\/\/lyonbondyblog.fr\/LBB\/#\/schema\/person\/e45f8d27baac75072daa0be50c409b25\"},\"headline\":\"Lyon BD festival en Images\",\"datePublished\":\"2012-06-24T12:18:02+00:00\",\"dateModified\":\"2013-08-27T12:30:18+00:00\",\"mainEntityOfPage\":{\"@id\":\"https:\/\/lyonbondyblog.fr\/LBB\/lyon-bd-festival-en-images\/\"},\"wordCount\":362,\"commentCount\":0,\"publisher\":{\"@id\":\"https:\/\/lyonbondyblog.fr\/LBB\/#organization\"},\"image\":{\"@id\":\"https:\/\/lyonbondyblog.fr\/LBB\/lyon-bd-festival-en-images\/#primaryimage\"},\"thumbnailUrl\":\"https:\/\/lyonbondyblog.fr\/LBB\/wp-content\/uploads\/2013\/08\/la-fresque-gourmande.jpg\",\"keywords\":[\"bande dessin\u00e9e\",\"Davy Mourier\",\"lyon\",\"Lyon BD festival\",\"Lyon Bondy Blog\",\"Mr Poulpe\"],\"articleSection\":[\"Culture\"],\"inLanguage\":\"fr-FR\",\"potentialAction\":[{\"@type\":\"CommentAction\",\"name\":\"Comment\",\"target\":[\"https:\/\/lyonbondyblog.fr\/LBB\/lyon-bd-festival-en-images\/#respond\"]}]},{\"@type\":\"WebPage\",\"@id\":\"https:\/\/lyonbondyblog.fr\/LBB\/lyon-bd-festival-en-images\/\",\"url\":\"https:\/\/lyonbondyblog.fr\/LBB\/lyon-bd-festival-en-images\/\",\"name\":\"Lyon BD festival en Images - Lyon Bondy Blog\",\"isPartOf\":{\"@id\":\"https:\/\/lyonbondyblog.fr\/LBB\/#website\"},\"primaryImageOfPage\":{\"@id\":\"https:\/\/lyonbondyblog.fr\/LBB\/lyon-bd-festival-en-images\/#primaryimage\"},\"image\":{\"@id\":\"https:\/\/lyonbondyblog.fr\/LBB\/lyon-bd-festival-en-images\/#primaryimage\"},\"thumbnailUrl\":\"https:\/\/lyonbondyblog.fr\/LBB\/wp-content\/uploads\/2013\/08\/la-fresque-gourmande.jpg\",\"datePublished\":\"2012-06-24T12:18:02+00:00\",\"dateModified\":\"2013-08-27T12:30:18+00:00\",\"inLanguage\":\"fr-FR\",\"potentialAction\":[{\"@type\":\"ReadAction\",\"target\":[\"https:\/\/lyonbondyblog.fr\/LBB\/lyon-bd-festival-en-images\/\"]}]},{\"@type\":\"ImageObject\",\"inLanguage\":\"fr-FR\",\"@id\":\"https:\/\/lyonbondyblog.fr\/LBB\/lyon-bd-festival-en-images\/#primaryimage\",\"url\":\"https:\/\/lyonbondyblog.fr\/LBB\/wp-content\/uploads\/2013\/08\/la-fresque-gourmande.jpg\",\"contentUrl\":\"https:\/\/lyonbondyblog.fr\/LBB\/wp-content\/uploads\/2013\/08\/la-fresque-gourmande.jpg\",\"width\":490,\"height\":300,\"caption\":\"D\u00e9couverte progressive d\u2019une fresque gourmande\"},{\"@type\":\"WebSite\",\"@id\":\"https:\/\/lyonbondyblog.fr\/LBB\/#website\",\"url\":\"https:\/\/lyonbondyblog.fr\/LBB\/\",\"name\":\"Lyon Bondy Blog\",\"description\":\"\",\"publisher\":{\"@id\":\"https:\/\/lyonbondyblog.fr\/LBB\/#organization\"},\"potentialAction\":[{\"@type\":\"SearchAction\",\"target\":{\"@type\":\"EntryPoint\",\"urlTemplate\":\"https:\/\/lyonbondyblog.fr\/LBB\/?s={search_term_string}\"},\"query-input\":\"required name=search_term_string\"}],\"inLanguage\":\"fr-FR\"},{\"@type\":\"Organization\",\"@id\":\"https:\/\/lyonbondyblog.fr\/LBB\/#organization\",\"name\":\"LYON BONDY BLOG\",\"url\":\"https:\/\/lyonbondyblog.fr\/LBB\/\",\"logo\":{\"@type\":\"ImageObject\",\"inLanguage\":\"fr-FR\",\"@id\":\"https:\/\/lyonbondyblog.fr\/LBB\/#\/schema\/logo\/image\/\",\"url\":\"http:\/\/lyonbondyblog.fr\/LBB\/wp-content\/uploads\/2014\/10\/logo-portable-144.png\",\"contentUrl\":\"http:\/\/lyonbondyblog.fr\/LBB\/wp-content\/uploads\/2014\/10\/logo-portable-144.png\",\"width\":144,\"height\":123,\"caption\":\"LYON BONDY BLOG\"},\"image\":{\"@id\":\"https:\/\/lyonbondyblog.fr\/LBB\/#\/schema\/logo\/image\/\"},\"sameAs\":[\"https:\/\/www.facebook.com\/lyonbondyblog\",\"https:\/\/x.com\/bondybloglyon\"]},{\"@type\":\"Person\",\"@id\":\"https:\/\/lyonbondyblog.fr\/LBB\/#\/schema\/person\/e45f8d27baac75072daa0be50c409b25\",\"name\":\"La r\u00e9daction\",\"description\":\"Cr\u00e9e en 2008, la r\u00e9daction du Lyon Bondy Blog s'applique \u00e0 proposer une information locale diff\u00e9rente et compl\u00e9mentaire des m\u00e9dias traditionnels.\",\"sameAs\":[\"https:\/\/www.facebook.com\/lyonbondyblog\",\"https:\/\/x.com\/BondyBlogLyon\"],\"url\":\"https:\/\/lyonbondyblog.fr\/LBB\/author\/admin\/\"}]}<\/script>\n<!-- \/ Yoast SEO plugin. -->","yoast_head_json":{"title":"Lyon BD festival en Images - Lyon Bondy Blog","robots":{"index":"index","follow":"follow","max-snippet":"max-snippet:-1","max-image-preview":"max-image-preview:large","max-video-preview":"max-video-preview:-1"},"canonical":"https:\/\/lyonbondyblog.fr\/LBB\/lyon-bd-festival-en-images\/","og_locale":"fr_FR","og_type":"article","og_title":"Lyon BD festival en Images - Lyon Bondy Blog","og_description":"Retour en images sur le Lyon BD festival et ses diff\u00e9rentes animations : Dans la cours de l\u2019H\u00f4tel de Ville, espace d\u00e9di\u00e9 aux nouveaux talents, &hellip;","og_url":"https:\/\/lyonbondyblog.fr\/LBB\/lyon-bd-festival-en-images\/","og_site_name":"Lyon Bondy Blog","article_publisher":"https:\/\/www.facebook.com\/lyonbondyblog","article_author":"https:\/\/www.facebook.com\/lyonbondyblog","article_published_time":"2012-06-24T12:18:02+00:00","article_modified_time":"2013-08-27T12:30:18+00:00","og_image":[{"width":490,"height":300,"url":"https:\/\/lyonbondyblog.fr\/LBB\/wp-content\/uploads\/2013\/08\/la-fresque-gourmande.jpg","type":"image\/jpeg"}],"author":"La r\u00e9daction","twitter_card":"summary_large_image","twitter_creator":"@BondyBlogLyon","twitter_site":"@bondybloglyon","schema":{"@context":"https:\/\/schema.org","@graph":[{"@type":"Article","@id":"https:\/\/lyonbondyblog.fr\/LBB\/lyon-bd-festival-en-images\/#article","isPartOf":{"@id":"https:\/\/lyonbondyblog.fr\/LBB\/lyon-bd-festival-en-images\/"},"author":{"name":"La r\u00e9daction","@id":"https:\/\/lyonbondyblog.fr\/LBB\/#\/schema\/person\/e45f8d27baac75072daa0be50c409b25"},"headline":"Lyon BD festival en Images","datePublished":"2012-06-24T12:18:02+00:00","dateModified":"2013-08-27T12:30:18+00:00","mainEntityOfPage":{"@id":"https:\/\/lyonbondyblog.fr\/LBB\/lyon-bd-festival-en-images\/"},"wordCount":362,"commentCount":0,"publisher":{"@id":"https:\/\/lyonbondyblog.fr\/LBB\/#organization"},"image":{"@id":"https:\/\/lyonbondyblog.fr\/LBB\/lyon-bd-festival-en-images\/#primaryimage"},"thumbnailUrl":"https:\/\/lyonbondyblog.fr\/LBB\/wp-content\/uploads\/2013\/08\/la-fresque-gourmande.jpg","keywords":["bande dessin\u00e9e","Davy Mourier","lyon","Lyon BD festival","Lyon Bondy Blog","Mr Poulpe"],"articleSection":["Culture"],"inLanguage":"fr-FR","potentialAction":[{"@type":"CommentAction","name":"Comment","target":["https:\/\/lyonbondyblog.fr\/LBB\/lyon-bd-festival-en-images\/#respond"]}]},{"@type":"WebPage","@id":"https:\/\/lyonbondyblog.fr\/LBB\/lyon-bd-festival-en-images\/","url":"https:\/\/lyonbondyblog.fr\/LBB\/lyon-bd-festival-en-images\/","name":"Lyon BD festival en Images - Lyon Bondy Blog","isPartOf":{"@id":"https:\/\/lyonbondyblog.fr\/LBB\/#website"},"primaryImageOfPage":{"@id":"https:\/\/lyonbondyblog.fr\/LBB\/lyon-bd-festival-en-images\/#primaryimage"},"image":{"@id":"https:\/\/lyonbondyblog.fr\/LBB\/lyon-bd-festival-en-images\/#primaryimage"},"thumbnailUrl":"https:\/\/lyonbondyblog.fr\/LBB\/wp-content\/uploads\/2013\/08\/la-fresque-gourmande.jpg","datePublished":"2012-06-24T12:18:02+00:00","dateModified":"2013-08-27T12:30:18+00:00","inLanguage":"fr-FR","potentialAction":[{"@type":"ReadAction","target":["https:\/\/lyonbondyblog.fr\/LBB\/lyon-bd-festival-en-images\/"]}]},{"@type":"ImageObject","inLanguage":"fr-FR","@id":"https:\/\/lyonbondyblog.fr\/LBB\/lyon-bd-festival-en-images\/#primaryimage","url":"https:\/\/lyonbondyblog.fr\/LBB\/wp-content\/uploads\/2013\/08\/la-fresque-gourmande.jpg","contentUrl":"https:\/\/lyonbondyblog.fr\/LBB\/wp-content\/uploads\/2013\/08\/la-fresque-gourmande.jpg","width":490,"height":300,"caption":"D\u00e9couverte progressive d\u2019une fresque gourmande"},{"@type":"WebSite","@id":"https:\/\/lyonbondyblog.fr\/LBB\/#website","url":"https:\/\/lyonbondyblog.fr\/LBB\/","name":"Lyon Bondy Blog","description":"","publisher":{"@id":"https:\/\/lyonbondyblog.fr\/LBB\/#organization"},"potentialAction":[{"@type":"SearchAction","target":{"@type":"EntryPoint","urlTemplate":"https:\/\/lyonbondyblog.fr\/LBB\/?s={search_term_string}"},"query-input":"required name=search_term_string"}],"inLanguage":"fr-FR"},{"@type":"Organization","@id":"https:\/\/lyonbondyblog.fr\/LBB\/#organization","name":"LYON BONDY BLOG","url":"https:\/\/lyonbondyblog.fr\/LBB\/","logo":{"@type":"ImageObject","inLanguage":"fr-FR","@id":"https:\/\/lyonbondyblog.fr\/LBB\/#\/schema\/logo\/image\/","url":"http:\/\/lyonbondyblog.fr\/LBB\/wp-content\/uploads\/2014\/10\/logo-portable-144.png","contentUrl":"http:\/\/lyonbondyblog.fr\/LBB\/wp-content\/uploads\/2014\/10\/logo-portable-144.png","width":144,"height":123,"caption":"LYON BONDY BLOG"},"image":{"@id":"https:\/\/lyonbondyblog.fr\/LBB\/#\/schema\/logo\/image\/"},"sameAs":["https:\/\/www.facebook.com\/lyonbondyblog","https:\/\/x.com\/bondybloglyon"]},{"@type":"Person","@id":"https:\/\/lyonbondyblog.fr\/LBB\/#\/schema\/person\/e45f8d27baac75072daa0be50c409b25","name":"La r\u00e9daction","description":"Cr\u00e9e en 2008, la r\u00e9daction du Lyon Bondy Blog s'applique \u00e0 proposer une information locale diff\u00e9rente et compl\u00e9mentaire des m\u00e9dias traditionnels.","sameAs":["https:\/\/www.facebook.com\/lyonbondyblog","https:\/\/x.com\/BondyBlogLyon"],"url":"https:\/\/lyonbondyblog.fr\/LBB\/author\/admin\/"}]}},"_links":{"self":[{"href":"https:\/\/lyonbondyblog.fr\/LBB\/wp-json\/wp\/v2\/posts\/3862","targetHints":{"allow":["GET"]}}],"collection":[{"href":"https:\/\/lyonbondyblog.fr\/LBB\/wp-json\/wp\/v2\/posts"}],"about":[{"href":"https:\/\/lyonbondyblog.fr\/LBB\/wp-json\/wp\/v2\/types\/post"}],"author":[{"embeddable":true,"href":"https:\/\/lyonbondyblog.fr\/LBB\/wp-json\/wp\/v2\/users\/1"}],"replies":[{"embeddable":true,"href":"https:\/\/lyonbondyblog.fr\/LBB\/wp-json\/wp\/v2\/comments?post=3862"}],"version-history":[{"count":0,"href":"https:\/\/lyonbondyblog.fr\/LBB\/wp-json\/wp\/v2\/posts\/3862\/revisions"}],"wp:featuredmedia":[{"embeddable":true,"href":"https:\/\/lyonbondyblog.fr\/LBB\/wp-json\/wp\/v2\/media\/3867"}],"wp:attachment":[{"href":"https:\/\/lyonbondyblog.fr\/LBB\/wp-json\/wp\/v2\/media?parent=3862"}],"wp:term":[{"taxonomy":"category","embeddable":true,"href":"https:\/\/lyonbondyblog.fr\/LBB\/wp-json\/wp\/v2\/categories?post=3862"},{"taxonomy":"post_tag","embeddable":true,"href":"https:\/\/lyonbondyblog.fr\/LBB\/wp-json\/wp\/v2\/tags?post=3862"}],"curies":[{"name":"wp","href":"https:\/\/api.w.org\/{rel}","templated":true}]}}