{"id":38374,"date":"2026-04-29T09:51:00","date_gmt":"2026-04-29T07:51:00","guid":{"rendered":"https:\/\/lyonbondyblog.fr\/LBB\/?p=38374"},"modified":"2026-04-29T10:03:09","modified_gmt":"2026-04-29T08:03:09","slug":"fetes-escales-tour-du-monde-a-venissieux","status":"publish","type":"post","link":"https:\/\/lyonbondyblog.fr\/LBB\/fetes-escales-tour-du-monde-a-venissieux\/","title":{"rendered":"F\u00eates Escales : tour du monde \u00e0 V\u00e9nissieux"},"content":{"rendered":"\n<p><strong>Apr\u00e8s avoir attir\u00e9 13\u00a0000 festivaliers \u00e0 l\u2019\u00e9dition pr\u00e9c\u00e9dente, le festival F\u00eates Escales sera de retour \u00e0 V\u00e9nissieux les 11, 12 et 14 juillet 2026, dans le parc Louis-Dupic, derri\u00e8re l\u2019H\u00f4tel de Ville. Un feu d\u2019artifice sera tir\u00e9 le lundi 13 juillet \u00e0 22h30 au stade Laurent-G\u00e9rin.<\/strong><\/p>\n\n\n\n<p>Pour la 28<sup>\u00e8me <\/sup>\u00e9dition, le parc Louis-Dupic \u00e0 V\u00e9nissieux accueille de nouveau le festival F\u00eates Escales les 11, 12 et 14 juillet prochain. 9 artistes joueront durant ces trois jours. Leonem, un rappeur fran\u00e7ais natif de Lyon, et ancien participant du <a href=\"https:\/\/www.lamachinerie-venissieux.fr\/accompagnement\/plan-b\">dispositif \u00ab\u00a0Plan B\u00a0\u00bb<\/a> de la salle de concert Bizarre! \u00e0 V\u00e9nissieux, ouvre le bal \u00e0 19h30 suivi par Asfar Shamsi \u00e0 21h pour la pop urbaine et Lujipeka \u00e0 22h30.<\/p>\n\n\n<div class=\"wp-block-image\">\n<figure class=\"aligncenter size-large is-resized\"><img loading=\"lazy\" decoding=\"async\" width=\"1920\" height=\"1280\" src=\"https:\/\/lyonbondyblog.fr\/LBB\/wp-content\/uploads\/2026\/04\/leonem_credits_Illona_Lack-1920x1280.jpg\" alt=\"\" class=\"wp-image-38377\" style=\"width:423px;height:auto\" srcset=\"https:\/\/lyonbondyblog.fr\/LBB\/wp-content\/uploads\/2026\/04\/leonem_credits_Illona_Lack-1920x1280.jpg 1920w, https:\/\/lyonbondyblog.fr\/LBB\/wp-content\/uploads\/2026\/04\/leonem_credits_Illona_Lack-1200x800.jpg 1200w, https:\/\/lyonbondyblog.fr\/LBB\/wp-content\/uploads\/2026\/04\/leonem_credits_Illona_Lack-768x512.jpg 768w, https:\/\/lyonbondyblog.fr\/LBB\/wp-content\/uploads\/2026\/04\/leonem_credits_Illona_Lack-1536x1024.jpg 1536w, https:\/\/lyonbondyblog.fr\/LBB\/wp-content\/uploads\/2026\/04\/leonem_credits_Illona_Lack-2048x1365.jpg 2048w, https:\/\/lyonbondyblog.fr\/LBB\/wp-content\/uploads\/2026\/04\/leonem_credits_Illona_Lack-272x182.jpg 272w\" sizes=\"auto, (max-width: 1920px) 100vw, 1920px\" \/><figcaption class=\"wp-element-caption\">Leonem [cr\u00e9dits : Illona Lack]<\/figcaption><\/figure><\/div>\n\n\n<p><strong>Un festival pour tous<\/strong><\/p>\n\n\n\n<p>La gratuit\u00e9 de l\u2019entr\u00e9e et la diversit\u00e9 des artistes permettent une inclusivit\u00e9 dont les visiteurs pourront \u00e9galement profiter. La structure sera adapt\u00e9e aux personnes en situation de handicap et les Chantiers Jeunes, un groupe de jeunes \u00e2g\u00e9s de 18 \u00e0 25 ans acteurs de l\u2019organisation du festival, seront form\u00e9s sur le sujet. Le site sera \u00e9galement \u00e9quip\u00e9 de protections p\u00e9riodiques et de bouchons d\u2019oreilles. Adapt\u00e9 \u00e0 tous les \u00e2ges, le festival organise un jeu en bois traditionnel le mardi 14 \u00e0 13h\u00a0: \u00a0des jeux de r\u00e9flexion, de strat\u00e9gie, de hasard et d\u2019adresse seront de la partie. Le matin \u00e0 11h30, l\u2019artiste Pat Kalla propose au jeune public le \u00ab\u00a0bal de Pat Kalla\u00a0\u00bb afin de faire d\u00e9couvrir aux plus jeunes des artistes d\u2019anciennes g\u00e9n\u00e9rations comme Henri Salvador, Steve Waring et Brassens de fa\u00e7on revisit\u00e9e.<\/p>\n\n\n<div class=\"wp-block-image\">\n<figure class=\"aligncenter size-large is-resized\"><img loading=\"lazy\" decoding=\"async\" width=\"1920\" height=\"1280\" src=\"https:\/\/lyonbondyblog.fr\/LBB\/wp-content\/uploads\/2026\/04\/DRCJ3990-1920x1280.jpg\" alt=\"\" class=\"wp-image-38378\" style=\"width:423px\" srcset=\"https:\/\/lyonbondyblog.fr\/LBB\/wp-content\/uploads\/2026\/04\/DRCJ3990-1920x1280.jpg 1920w, https:\/\/lyonbondyblog.fr\/LBB\/wp-content\/uploads\/2026\/04\/DRCJ3990-1200x800.jpg 1200w, https:\/\/lyonbondyblog.fr\/LBB\/wp-content\/uploads\/2026\/04\/DRCJ3990-768x512.jpg 768w, https:\/\/lyonbondyblog.fr\/LBB\/wp-content\/uploads\/2026\/04\/DRCJ3990-1536x1024.jpg 1536w, https:\/\/lyonbondyblog.fr\/LBB\/wp-content\/uploads\/2026\/04\/DRCJ3990-2048x1365.jpg 2048w, https:\/\/lyonbondyblog.fr\/LBB\/wp-content\/uploads\/2026\/04\/DRCJ3990-272x182.jpg 272w\" sizes=\"auto, (max-width: 1920px) 100vw, 1920px\" \/><figcaption class=\"wp-element-caption\">Les visiteurs en plein concert.<\/figcaption><\/figure><\/div>\n\n\n<p><strong>Une f\u00eate ouverte au monde<\/strong><\/p>\n\n\n\n<p>Le 12 juillet, les festivaliers pourront d\u00e9couvrir \u00e0 19h30 le groupe de s\u0153urs Malaka, souvent compar\u00e9es \u00e0 tort \u00e0 Ibeyi qui partageront leur musique \u00e0 la fronti\u00e8re du folk et de la soul et aux origines guadeloup\u00e9ennes. A 21h, ce sera au tour de Vieux Farka Tour\u00e9 de nous faire voyager au Mali avec un blues m\u00ealant tradition songha\u00ef, rock et influences contemporaines. Rokia Traor\u00e9, figure elle aussi de la sc\u00e8ne malienne, fait son grand retour au festival 10 ans plus tard en cl\u00f4turant cette journ\u00e9e \u00e0 22h30 avec son folk blues aux racines mandingues. Retour en France le dernier jour des F\u00eates Escales avec Barkanan avant d\u2019atterrir en Ha\u00efti avec Kompa Doudou Ch\u00e9ri et leur kompa des ann\u00e9es 70 et 80, m\u00ealant musiques ha\u00eftiennes, afro-carib\u00e9ennes et afro-am\u00e9ricaines. Un pique-nique ouvert \u00e0 tous \u00e0 12h30 permettra un moment convivial en famille ou entre amis et \u00e0 15h45, une dict\u00e9e \u00e0 l\u2019espace Pandora permettra de se tester en orthographe pour les plus litt\u00e9raires et de rencontrer un auteur.<\/p>\n\n\n<div class=\"wp-block-image\">\n<figure class=\"aligncenter size-large is-resized\"><img loading=\"lazy\" decoding=\"async\" width=\"1920\" height=\"1280\" src=\"https:\/\/lyonbondyblog.fr\/LBB\/wp-content\/uploads\/2026\/04\/DRCJ4805-1920x1280.jpg\" alt=\"\" class=\"wp-image-38379\" style=\"width:423px\" srcset=\"https:\/\/lyonbondyblog.fr\/LBB\/wp-content\/uploads\/2026\/04\/DRCJ4805-1920x1280.jpg 1920w, https:\/\/lyonbondyblog.fr\/LBB\/wp-content\/uploads\/2026\/04\/DRCJ4805-1200x800.jpg 1200w, https:\/\/lyonbondyblog.fr\/LBB\/wp-content\/uploads\/2026\/04\/DRCJ4805-768x512.jpg 768w, https:\/\/lyonbondyblog.fr\/LBB\/wp-content\/uploads\/2026\/04\/DRCJ4805-1536x1024.jpg 1536w, https:\/\/lyonbondyblog.fr\/LBB\/wp-content\/uploads\/2026\/04\/DRCJ4805-2048x1365.jpg 2048w, https:\/\/lyonbondyblog.fr\/LBB\/wp-content\/uploads\/2026\/04\/DRCJ4805-272x182.jpg 272w\" sizes=\"auto, (max-width: 1920px) 100vw, 1920px\" \/><figcaption class=\"wp-element-caption\">Les festivaliers en pleine dict\u00e9e dans le parc Louis-Dupic.<\/figcaption><\/figure><\/div>\n\n\n<p>Le parc est accessible en bus, en m\u00e9tro, en tram et en voiture.<\/p>\n\n\n\n<figure class=\"wp-block-embed is-type-video is-provider-youtube wp-block-embed-youtube wp-embed-aspect-16-9 wp-has-aspect-ratio\"><div class=\"wp-block-embed__wrapper\">\n<iframe loading=\"lazy\" title=\"Teaser Festival F\u00eates Escales 2026\" width=\"1200\" height=\"675\" src=\"https:\/\/www.youtube.com\/embed\/0vTWWOFTQys?feature=oembed\" frameborder=\"0\" allow=\"accelerometer; autoplay; clipboard-write; encrypted-media; gyroscope; picture-in-picture; web-share\" referrerpolicy=\"strict-origin-when-cross-origin\" allowfullscreen><\/iframe>\n<\/div><\/figure>\n<!-- AddThis Advanced Settings generic via filter on the_content --><!-- AddThis Share Buttons generic via filter on the_content -->","protected":false},"excerpt":{"rendered":"<p>Apr\u00e8s avoir attir\u00e9 13\u00a0000 festivaliers \u00e0 l\u2019\u00e9dition pr\u00e9c\u00e9dente, le festival F\u00eates Escales sera de retour \u00e0 V\u00e9nissieux les 11, 12 et 14 juillet 2026, dans &hellip; <!-- AddThis Advanced Settings generic via filter on wp_trim_excerpt --><!-- AddThis Share Buttons generic via filter on wp_trim_excerpt --><\/p>\n","protected":false},"author":31899,"featured_media":38382,"comment_status":"open","ping_status":"open","sticky":true,"template":"","format":"standard","meta":{"_FSMCFIC_featured_image_caption":"Affiche du festival par Ana\u00efs Bellot.","_FSMCFIC_featured_image_nocaption":"","_FSMCFIC_featured_image_hide":"","footnotes":""},"categories":[3792,13732,6974],"tags":[264,793,358],"class_list":["post-38374","post","type-post","status-publish","format-standard","has-post-thumbnail","hentry","category-festival","category-rap","category-venissieux","tag-festival","tag-fetes-escales","tag-musique"],"yoast_head":"<!-- This site is optimized with the Yoast SEO plugin v22.8 - https:\/\/yoast.com\/wordpress\/plugins\/seo\/ -->\n<title>F\u00eates Escales : tour du monde \u00e0 V\u00e9nissieux - Lyon Bondy Blog<\/title>\n<meta name=\"robots\" content=\"index, follow, max-snippet:-1, max-image-preview:large, max-video-preview:-1\" \/>\n<link rel=\"canonical\" href=\"https:\/\/lyonbondyblog.fr\/LBB\/fetes-escales-tour-du-monde-a-venissieux\/\" \/>\n<meta property=\"og:locale\" content=\"fr_FR\" \/>\n<meta property=\"og:type\" content=\"article\" \/>\n<meta property=\"og:title\" content=\"F\u00eates Escales : tour du monde \u00e0 V\u00e9nissieux - Lyon Bondy Blog\" \/>\n<meta property=\"og:description\" content=\"Apr\u00e8s avoir attir\u00e9 13\u00a0000 festivaliers \u00e0 l\u2019\u00e9dition pr\u00e9c\u00e9dente, le festival F\u00eates Escales sera de retour \u00e0 V\u00e9nissieux les 11, 12 et 14 juillet 2026, dans &hellip;\" \/>\n<meta property=\"og:url\" content=\"https:\/\/lyonbondyblog.fr\/LBB\/fetes-escales-tour-du-monde-a-venissieux\/\" \/>\n<meta property=\"og:site_name\" content=\"Lyon Bondy Blog\" \/>\n<meta property=\"article:publisher\" content=\"https:\/\/www.facebook.com\/lyonbondyblog\" \/>\n<meta property=\"article:published_time\" content=\"2026-04-29T07:51:00+00:00\" \/>\n<meta property=\"article:modified_time\" content=\"2026-04-29T08:03:09+00:00\" \/>\n<meta property=\"og:image\" content=\"https:\/\/lyonbondyblog.fr\/LBB\/wp-content\/uploads\/2026\/04\/Design-sans-titre-4.png\" \/>\n\t<meta property=\"og:image:width\" content=\"1080\" \/>\n\t<meta property=\"og:image:height\" content=\"1350\" \/>\n\t<meta property=\"og:image:type\" content=\"image\/png\" \/>\n<meta name=\"author\" content=\"Marina Vachot\" \/>\n<meta name=\"twitter:card\" content=\"summary_large_image\" \/>\n<meta name=\"twitter:creator\" content=\"@bondybloglyon\" \/>\n<meta name=\"twitter:site\" content=\"@bondybloglyon\" \/>\n<script type=\"application\/ld+json\" class=\"yoast-schema-graph\">{\"@context\":\"https:\/\/schema.org\",\"@graph\":[{\"@type\":\"Article\",\"@id\":\"https:\/\/lyonbondyblog.fr\/LBB\/fetes-escales-tour-du-monde-a-venissieux\/#article\",\"isPartOf\":{\"@id\":\"https:\/\/lyonbondyblog.fr\/LBB\/fetes-escales-tour-du-monde-a-venissieux\/\"},\"author\":{\"name\":\"Marina Vachot\",\"@id\":\"https:\/\/lyonbondyblog.fr\/LBB\/#\/schema\/person\/82f899f2b1691d2bd50aef5070cbd0f9\"},\"headline\":\"F\u00eates Escales : tour du monde \u00e0 V\u00e9nissieux\",\"datePublished\":\"2026-04-29T07:51:00+00:00\",\"dateModified\":\"2026-04-29T08:03:09+00:00\",\"mainEntityOfPage\":{\"@id\":\"https:\/\/lyonbondyblog.fr\/LBB\/fetes-escales-tour-du-monde-a-venissieux\/\"},\"wordCount\":493,\"commentCount\":0,\"publisher\":{\"@id\":\"https:\/\/lyonbondyblog.fr\/LBB\/#organization\"},\"image\":{\"@id\":\"https:\/\/lyonbondyblog.fr\/LBB\/fetes-escales-tour-du-monde-a-venissieux\/#primaryimage\"},\"thumbnailUrl\":\"https:\/\/lyonbondyblog.fr\/LBB\/wp-content\/uploads\/2026\/04\/Design-sans-titre-4.png\",\"keywords\":[\"festival\",\"F\u00eates Escales\",\"musique\"],\"articleSection\":[\"Festival\",\"Rap\",\"V\u00e9nissieux\"],\"inLanguage\":\"fr-FR\",\"potentialAction\":[{\"@type\":\"CommentAction\",\"name\":\"Comment\",\"target\":[\"https:\/\/lyonbondyblog.fr\/LBB\/fetes-escales-tour-du-monde-a-venissieux\/#respond\"]}]},{\"@type\":\"WebPage\",\"@id\":\"https:\/\/lyonbondyblog.fr\/LBB\/fetes-escales-tour-du-monde-a-venissieux\/\",\"url\":\"https:\/\/lyonbondyblog.fr\/LBB\/fetes-escales-tour-du-monde-a-venissieux\/\",\"name\":\"F\u00eates Escales : tour du monde \u00e0 V\u00e9nissieux - Lyon Bondy Blog\",\"isPartOf\":{\"@id\":\"https:\/\/lyonbondyblog.fr\/LBB\/#website\"},\"primaryImageOfPage\":{\"@id\":\"https:\/\/lyonbondyblog.fr\/LBB\/fetes-escales-tour-du-monde-a-venissieux\/#primaryimage\"},\"image\":{\"@id\":\"https:\/\/lyonbondyblog.fr\/LBB\/fetes-escales-tour-du-monde-a-venissieux\/#primaryimage\"},\"thumbnailUrl\":\"https:\/\/lyonbondyblog.fr\/LBB\/wp-content\/uploads\/2026\/04\/Design-sans-titre-4.png\",\"datePublished\":\"2026-04-29T07:51:00+00:00\",\"dateModified\":\"2026-04-29T08:03:09+00:00\",\"inLanguage\":\"fr-FR\",\"potentialAction\":[{\"@type\":\"ReadAction\",\"target\":[\"https:\/\/lyonbondyblog.fr\/LBB\/fetes-escales-tour-du-monde-a-venissieux\/\"]}]},{\"@type\":\"ImageObject\",\"inLanguage\":\"fr-FR\",\"@id\":\"https:\/\/lyonbondyblog.fr\/LBB\/fetes-escales-tour-du-monde-a-venissieux\/#primaryimage\",\"url\":\"https:\/\/lyonbondyblog.fr\/LBB\/wp-content\/uploads\/2026\/04\/Design-sans-titre-4.png\",\"contentUrl\":\"https:\/\/lyonbondyblog.fr\/LBB\/wp-content\/uploads\/2026\/04\/Design-sans-titre-4.png\",\"width\":1080,\"height\":1350},{\"@type\":\"WebSite\",\"@id\":\"https:\/\/lyonbondyblog.fr\/LBB\/#website\",\"url\":\"https:\/\/lyonbondyblog.fr\/LBB\/\",\"name\":\"Lyon Bondy Blog\",\"description\":\"\",\"publisher\":{\"@id\":\"https:\/\/lyonbondyblog.fr\/LBB\/#organization\"},\"potentialAction\":[{\"@type\":\"SearchAction\",\"target\":{\"@type\":\"EntryPoint\",\"urlTemplate\":\"https:\/\/lyonbondyblog.fr\/LBB\/?s={search_term_string}\"},\"query-input\":\"required name=search_term_string\"}],\"inLanguage\":\"fr-FR\"},{\"@type\":\"Organization\",\"@id\":\"https:\/\/lyonbondyblog.fr\/LBB\/#organization\",\"name\":\"LYON BONDY BLOG\",\"url\":\"https:\/\/lyonbondyblog.fr\/LBB\/\",\"logo\":{\"@type\":\"ImageObject\",\"inLanguage\":\"fr-FR\",\"@id\":\"https:\/\/lyonbondyblog.fr\/LBB\/#\/schema\/logo\/image\/\",\"url\":\"http:\/\/lyonbondyblog.fr\/LBB\/wp-content\/uploads\/2014\/10\/logo-portable-144.png\",\"contentUrl\":\"http:\/\/lyonbondyblog.fr\/LBB\/wp-content\/uploads\/2014\/10\/logo-portable-144.png\",\"width\":144,\"height\":123,\"caption\":\"LYON BONDY BLOG\"},\"image\":{\"@id\":\"https:\/\/lyonbondyblog.fr\/LBB\/#\/schema\/logo\/image\/\"},\"sameAs\":[\"https:\/\/www.facebook.com\/lyonbondyblog\",\"https:\/\/x.com\/bondybloglyon\"]},{\"@type\":\"Person\",\"@id\":\"https:\/\/lyonbondyblog.fr\/LBB\/#\/schema\/person\/82f899f2b1691d2bd50aef5070cbd0f9\",\"name\":\"Marina Vachot\",\"url\":\"https:\/\/lyonbondyblog.fr\/LBB\/author\/vachot-marina\/\"}]}<\/script>\n<!-- \/ Yoast SEO plugin. -->","yoast_head_json":{"title":"F\u00eates Escales : tour du monde \u00e0 V\u00e9nissieux - Lyon Bondy Blog","robots":{"index":"index","follow":"follow","max-snippet":"max-snippet:-1","max-image-preview":"max-image-preview:large","max-video-preview":"max-video-preview:-1"},"canonical":"https:\/\/lyonbondyblog.fr\/LBB\/fetes-escales-tour-du-monde-a-venissieux\/","og_locale":"fr_FR","og_type":"article","og_title":"F\u00eates Escales : tour du monde \u00e0 V\u00e9nissieux - Lyon Bondy Blog","og_description":"Apr\u00e8s avoir attir\u00e9 13\u00a0000 festivaliers \u00e0 l\u2019\u00e9dition pr\u00e9c\u00e9dente, le festival F\u00eates Escales sera de retour \u00e0 V\u00e9nissieux les 11, 12 et 14 juillet 2026, dans &hellip;","og_url":"https:\/\/lyonbondyblog.fr\/LBB\/fetes-escales-tour-du-monde-a-venissieux\/","og_site_name":"Lyon Bondy Blog","article_publisher":"https:\/\/www.facebook.com\/lyonbondyblog","article_published_time":"2026-04-29T07:51:00+00:00","article_modified_time":"2026-04-29T08:03:09+00:00","og_image":[{"width":1080,"height":1350,"url":"https:\/\/lyonbondyblog.fr\/LBB\/wp-content\/uploads\/2026\/04\/Design-sans-titre-4.png","type":"image\/png"}],"author":"Marina Vachot","twitter_card":"summary_large_image","twitter_creator":"@bondybloglyon","twitter_site":"@bondybloglyon","schema":{"@context":"https:\/\/schema.org","@graph":[{"@type":"Article","@id":"https:\/\/lyonbondyblog.fr\/LBB\/fetes-escales-tour-du-monde-a-venissieux\/#article","isPartOf":{"@id":"https:\/\/lyonbondyblog.fr\/LBB\/fetes-escales-tour-du-monde-a-venissieux\/"},"author":{"name":"Marina Vachot","@id":"https:\/\/lyonbondyblog.fr\/LBB\/#\/schema\/person\/82f899f2b1691d2bd50aef5070cbd0f9"},"headline":"F\u00eates Escales : tour du monde \u00e0 V\u00e9nissieux","datePublished":"2026-04-29T07:51:00+00:00","dateModified":"2026-04-29T08:03:09+00:00","mainEntityOfPage":{"@id":"https:\/\/lyonbondyblog.fr\/LBB\/fetes-escales-tour-du-monde-a-venissieux\/"},"wordCount":493,"commentCount":0,"publisher":{"@id":"https:\/\/lyonbondyblog.fr\/LBB\/#organization"},"image":{"@id":"https:\/\/lyonbondyblog.fr\/LBB\/fetes-escales-tour-du-monde-a-venissieux\/#primaryimage"},"thumbnailUrl":"https:\/\/lyonbondyblog.fr\/LBB\/wp-content\/uploads\/2026\/04\/Design-sans-titre-4.png","keywords":["festival","F\u00eates Escales","musique"],"articleSection":["Festival","Rap","V\u00e9nissieux"],"inLanguage":"fr-FR","potentialAction":[{"@type":"CommentAction","name":"Comment","target":["https:\/\/lyonbondyblog.fr\/LBB\/fetes-escales-tour-du-monde-a-venissieux\/#respond"]}]},{"@type":"WebPage","@id":"https:\/\/lyonbondyblog.fr\/LBB\/fetes-escales-tour-du-monde-a-venissieux\/","url":"https:\/\/lyonbondyblog.fr\/LBB\/fetes-escales-tour-du-monde-a-venissieux\/","name":"F\u00eates Escales : tour du monde \u00e0 V\u00e9nissieux - Lyon Bondy Blog","isPartOf":{"@id":"https:\/\/lyonbondyblog.fr\/LBB\/#website"},"primaryImageOfPage":{"@id":"https:\/\/lyonbondyblog.fr\/LBB\/fetes-escales-tour-du-monde-a-venissieux\/#primaryimage"},"image":{"@id":"https:\/\/lyonbondyblog.fr\/LBB\/fetes-escales-tour-du-monde-a-venissieux\/#primaryimage"},"thumbnailUrl":"https:\/\/lyonbondyblog.fr\/LBB\/wp-content\/uploads\/2026\/04\/Design-sans-titre-4.png","datePublished":"2026-04-29T07:51:00+00:00","dateModified":"2026-04-29T08:03:09+00:00","inLanguage":"fr-FR","potentialAction":[{"@type":"ReadAction","target":["https:\/\/lyonbondyblog.fr\/LBB\/fetes-escales-tour-du-monde-a-venissieux\/"]}]},{"@type":"ImageObject","inLanguage":"fr-FR","@id":"https:\/\/lyonbondyblog.fr\/LBB\/fetes-escales-tour-du-monde-a-venissieux\/#primaryimage","url":"https:\/\/lyonbondyblog.fr\/LBB\/wp-content\/uploads\/2026\/04\/Design-sans-titre-4.png","contentUrl":"https:\/\/lyonbondyblog.fr\/LBB\/wp-content\/uploads\/2026\/04\/Design-sans-titre-4.png","width":1080,"height":1350},{"@type":"WebSite","@id":"https:\/\/lyonbondyblog.fr\/LBB\/#website","url":"https:\/\/lyonbondyblog.fr\/LBB\/","name":"Lyon Bondy Blog","description":"","publisher":{"@id":"https:\/\/lyonbondyblog.fr\/LBB\/#organization"},"potentialAction":[{"@type":"SearchAction","target":{"@type":"EntryPoint","urlTemplate":"https:\/\/lyonbondyblog.fr\/LBB\/?s={search_term_string}"},"query-input":"required name=search_term_string"}],"inLanguage":"fr-FR"},{"@type":"Organization","@id":"https:\/\/lyonbondyblog.fr\/LBB\/#organization","name":"LYON BONDY BLOG","url":"https:\/\/lyonbondyblog.fr\/LBB\/","logo":{"@type":"ImageObject","inLanguage":"fr-FR","@id":"https:\/\/lyonbondyblog.fr\/LBB\/#\/schema\/logo\/image\/","url":"http:\/\/lyonbondyblog.fr\/LBB\/wp-content\/uploads\/2014\/10\/logo-portable-144.png","contentUrl":"http:\/\/lyonbondyblog.fr\/LBB\/wp-content\/uploads\/2014\/10\/logo-portable-144.png","width":144,"height":123,"caption":"LYON BONDY BLOG"},"image":{"@id":"https:\/\/lyonbondyblog.fr\/LBB\/#\/schema\/logo\/image\/"},"sameAs":["https:\/\/www.facebook.com\/lyonbondyblog","https:\/\/x.com\/bondybloglyon"]},{"@type":"Person","@id":"https:\/\/lyonbondyblog.fr\/LBB\/#\/schema\/person\/82f899f2b1691d2bd50aef5070cbd0f9","name":"Marina Vachot","url":"https:\/\/lyonbondyblog.fr\/LBB\/author\/vachot-marina\/"}]}},"_links":{"self":[{"href":"https:\/\/lyonbondyblog.fr\/LBB\/wp-json\/wp\/v2\/posts\/38374","targetHints":{"allow":["GET"]}}],"collection":[{"href":"https:\/\/lyonbondyblog.fr\/LBB\/wp-json\/wp\/v2\/posts"}],"about":[{"href":"https:\/\/lyonbondyblog.fr\/LBB\/wp-json\/wp\/v2\/types\/post"}],"author":[{"embeddable":true,"href":"https:\/\/lyonbondyblog.fr\/LBB\/wp-json\/wp\/v2\/users\/31899"}],"replies":[{"embeddable":true,"href":"https:\/\/lyonbondyblog.fr\/LBB\/wp-json\/wp\/v2\/comments?post=38374"}],"version-history":[{"count":1,"href":"https:\/\/lyonbondyblog.fr\/LBB\/wp-json\/wp\/v2\/posts\/38374\/revisions"}],"predecessor-version":[{"id":38380,"href":"https:\/\/lyonbondyblog.fr\/LBB\/wp-json\/wp\/v2\/posts\/38374\/revisions\/38380"}],"wp:featuredmedia":[{"embeddable":true,"href":"https:\/\/lyonbondyblog.fr\/LBB\/wp-json\/wp\/v2\/media\/38382"}],"wp:attachment":[{"href":"https:\/\/lyonbondyblog.fr\/LBB\/wp-json\/wp\/v2\/media?parent=38374"}],"wp:term":[{"taxonomy":"category","embeddable":true,"href":"https:\/\/lyonbondyblog.fr\/LBB\/wp-json\/wp\/v2\/categories?post=38374"},{"taxonomy":"post_tag","embeddable":true,"href":"https:\/\/lyonbondyblog.fr\/LBB\/wp-json\/wp\/v2\/tags?post=38374"}],"curies":[{"name":"wp","href":"https:\/\/api.w.org\/{rel}","templated":true}]}}