{"id":38364,"date":"2026-04-27T16:28:17","date_gmt":"2026-04-27T14:28:17","guid":{"rendered":"https:\/\/lyonbondyblog.fr\/LBB\/?p=38364"},"modified":"2026-04-27T16:39:16","modified_gmt":"2026-04-27T14:39:16","slug":"jeunes-davenirs-la-jeunesse-a-venir","status":"publish","type":"post","link":"https:\/\/lyonbondyblog.fr\/LBB\/jeunes-davenirs-la-jeunesse-a-venir\/","title":{"rendered":"Jeunes d\u2019Avenirs\u00a0: la jeunesse \u00e0 venir"},"content":{"rendered":"\n<p><strong>Le 29 avril de 9h30 \u00e0 17h30, au <em>Double Mixte <\/em>\u00e0 Villeurbanne, aura lieu le salon Jeunes d\u2019Avenirs. Les jeunes \u00e0 la recherche d\u2019un stage ou d\u2019un emploi pourront venir d\u00e9couvrir plusieurs secteurs qui recrutent et faire relire leur CV.<\/strong><\/p>\n\n\n\n<p>Le Double Mixte, \u00e0 deux pas de l\u2019arr\u00eat de tramway La Doua \u2013 Gaston Berger \u00e0 Villeurbanne, accueille \u00e0 son tour apr\u00e8s Lille, Marseille et Paris, le salon Jeunes d\u2019Avenirs. Le mercredi 29 avril 2026, de 9h30 \u00e0 17h30, les jeunes en recherche d\u2019emplois pourront venir faire relire leur CV au \u00ab\u00a0bar \u00e0 CV\u00a0\u00bb situ\u00e9 juste \u00e0 droite apr\u00e8s l\u2019entr\u00e9e, profiter des conseils de professionnels et d\u00e9couvrir de nombreux secteurs. Tout au long de la journ\u00e9e, des \u00ab\u00a0gilets bleus\u00a0\u00bb, des b\u00e9n\u00e9voles, seront \u00e0 disposition des visiteurs pour les conseiller et les aider si besoin.<\/p>\n\n\n\n<figure class=\"wp-block-image size-full\"><img loading=\"lazy\" decoding=\"async\" width=\"1113\" height=\"631\" src=\"https:\/\/lyonbondyblog.fr\/LBB\/wp-content\/uploads\/2026\/04\/Capture-decran-2026-04-27-145815.png\" alt=\"\" class=\"wp-image-38366\" srcset=\"https:\/\/lyonbondyblog.fr\/LBB\/wp-content\/uploads\/2026\/04\/Capture-decran-2026-04-27-145815.png 1113w, https:\/\/lyonbondyblog.fr\/LBB\/wp-content\/uploads\/2026\/04\/Capture-decran-2026-04-27-145815-768x435.png 768w\" sizes=\"auto, (max-width: 1113px) 100vw, 1113px\" \/><figcaption class=\"wp-element-caption\">Plan du site<\/figcaption><\/figure>\n\n\n\n<p>En 2013, le groupe AEF r\u00e9unit les acteurs publics, priv\u00e9s et associatifs dans le but d\u2019aider les jeunes de 16 \u00e0 30 ans \u00e0 l\u2019insertion professionnelle. Depuis 2 ans, Lyon Bondy Blog est partenaire du salon et poss\u00e8de un stand au niveau du \u00ab\u00a0Parcours de la r\u00e9ussite\u00a0\u00bb, \u00e0 droite apr\u00e8s l\u2019entr\u00e9e. Cinq autres associations seront \u00e9galement pr\u00e9sentes afin d\u2019aider les jeunes \u00e0 rentrer dans le monde du travail, notamment LADAPT qui accompagne chaque ann\u00e9e des personnes en situation de handicap \u00e0 s\u2019ins\u00e9rer dans le monde professionnel.<\/p>\n\n\n\n<p><\/p>\n\n\n\n<p><strong>Une visite personnalis\u00e9e<\/strong><\/p>\n\n\n\n<p>Les visiteurs s\u2019inscrivent en amont sur le site du salon <em>via<\/em> un formulaire. Ils s\u00e9lectionnent le ou les secteurs qui les int\u00e9ressent le plus, ainsi que leur niveau d\u2019\u00e9tudes et quelques autres informations les concernant. De nombreux secteurs seront pr\u00e9sents sur place\u00a0: l\u2019administration, l\u2019artisanat, la restauration et l\u2019h\u00f4tellerie, la communication, la sant\u00e9 etc. Un coin \u00ab\u00a0conseil personnalis\u00e9\u00a0\u00bb sera mis \u00e0 disposition et les \u00ab\u00a0gilets bleus\u00a0\u00bb pourront aider les jeunes \u00e0 trouver des offres adapt\u00e9es \u00e0 leur profil et \u00e0 leurs besoins.<\/p>\n\n\n\n<p>L\u2019entr\u00e9e est gratuite.<\/p>\n\n\n\n<p><\/p>\n<!-- AddThis Advanced Settings generic via filter on the_content --><!-- AddThis Share Buttons generic via filter on the_content -->","protected":false},"excerpt":{"rendered":"<p>Le 29 avril de 9h30 \u00e0 17h30, au Double Mixte \u00e0 Villeurbanne, aura lieu le salon Jeunes d\u2019Avenirs. Les jeunes \u00e0 la recherche d\u2019un stage &hellip; <!-- AddThis Advanced Settings generic via filter on wp_trim_excerpt --><!-- AddThis Share Buttons generic via filter on wp_trim_excerpt --><\/p>\n","protected":false},"author":31899,"featured_media":38372,"comment_status":"open","ping_status":"open","sticky":true,"template":"","format":"standard","meta":{"_FSMCFIC_featured_image_caption":"Dessin de Jean-Claude Lovighi","_FSMCFIC_featured_image_nocaption":"","_FSMCFIC_featured_image_hide":"","footnotes":""},"categories":[6443,5324,4,2,6190,10388],"tags":[363,28543,216,457,128],"class_list":["post-38364","post","type-post","status-publish","format-standard","has-post-thumbnail","hentry","category-association","category-jeunesse","category-lyon","category-societe","category-travail","category-villeurbanne","tag-emploi","tag-insertion-professionnelle","tag-jeunes","tag-salon","tag-villeurbanne"],"yoast_head":"<!-- This site is optimized with the Yoast SEO plugin v22.8 - https:\/\/yoast.com\/wordpress\/plugins\/seo\/ -->\n<title>Jeunes d\u2019Avenirs\u00a0: la jeunesse \u00e0 venir - Lyon Bondy Blog<\/title>\n<meta name=\"robots\" content=\"index, follow, max-snippet:-1, max-image-preview:large, max-video-preview:-1\" \/>\n<link rel=\"canonical\" href=\"https:\/\/lyonbondyblog.fr\/LBB\/jeunes-davenirs-la-jeunesse-a-venir\/\" \/>\n<meta property=\"og:locale\" content=\"fr_FR\" \/>\n<meta property=\"og:type\" content=\"article\" \/>\n<meta property=\"og:title\" content=\"Jeunes d\u2019Avenirs\u00a0: la jeunesse \u00e0 venir - Lyon Bondy Blog\" \/>\n<meta property=\"og:description\" content=\"Le 29 avril de 9h30 \u00e0 17h30, au Double Mixte \u00e0 Villeurbanne, aura lieu le salon Jeunes d\u2019Avenirs. Les jeunes \u00e0 la recherche d\u2019un stage &hellip;\" \/>\n<meta property=\"og:url\" content=\"https:\/\/lyonbondyblog.fr\/LBB\/jeunes-davenirs-la-jeunesse-a-venir\/\" \/>\n<meta property=\"og:site_name\" content=\"Lyon Bondy Blog\" \/>\n<meta property=\"article:publisher\" content=\"https:\/\/www.facebook.com\/lyonbondyblog\" \/>\n<meta property=\"article:published_time\" content=\"2026-04-27T14:28:17+00:00\" \/>\n<meta property=\"article:modified_time\" content=\"2026-04-27T14:39:16+00:00\" \/>\n<meta property=\"og:image\" content=\"https:\/\/lyonbondyblog.fr\/LBB\/wp-content\/uploads\/2026\/04\/Design-sans-titre-1.png\" \/>\n\t<meta property=\"og:image:width\" content=\"1080\" \/>\n\t<meta property=\"og:image:height\" content=\"1350\" \/>\n\t<meta property=\"og:image:type\" content=\"image\/png\" \/>\n<meta name=\"author\" content=\"Marina Vachot\" \/>\n<meta name=\"twitter:card\" content=\"summary_large_image\" \/>\n<meta name=\"twitter:creator\" content=\"@bondybloglyon\" \/>\n<meta name=\"twitter:site\" content=\"@bondybloglyon\" \/>\n<script type=\"application\/ld+json\" class=\"yoast-schema-graph\">{\"@context\":\"https:\/\/schema.org\",\"@graph\":[{\"@type\":\"Article\",\"@id\":\"https:\/\/lyonbondyblog.fr\/LBB\/jeunes-davenirs-la-jeunesse-a-venir\/#article\",\"isPartOf\":{\"@id\":\"https:\/\/lyonbondyblog.fr\/LBB\/jeunes-davenirs-la-jeunesse-a-venir\/\"},\"author\":{\"name\":\"Marina Vachot\",\"@id\":\"https:\/\/lyonbondyblog.fr\/LBB\/#\/schema\/person\/82f899f2b1691d2bd50aef5070cbd0f9\"},\"headline\":\"Jeunes d\u2019Avenirs\u00a0: la jeunesse \u00e0 venir\",\"datePublished\":\"2026-04-27T14:28:17+00:00\",\"dateModified\":\"2026-04-27T14:39:16+00:00\",\"mainEntityOfPage\":{\"@id\":\"https:\/\/lyonbondyblog.fr\/LBB\/jeunes-davenirs-la-jeunesse-a-venir\/\"},\"wordCount\":332,\"commentCount\":0,\"publisher\":{\"@id\":\"https:\/\/lyonbondyblog.fr\/LBB\/#organization\"},\"image\":{\"@id\":\"https:\/\/lyonbondyblog.fr\/LBB\/jeunes-davenirs-la-jeunesse-a-venir\/#primaryimage\"},\"thumbnailUrl\":\"https:\/\/lyonbondyblog.fr\/LBB\/wp-content\/uploads\/2026\/04\/Design-sans-titre-1.png\",\"keywords\":[\"emploi\",\"insertion professionnelle\",\"jeunes\",\"salon\",\"Villeurbanne\"],\"articleSection\":[\"Association\",\"Jeunesse\",\"Lyon\",\"Soci\u00e9t\u00e9\",\"Travail\",\"Villeurbanne\"],\"inLanguage\":\"fr-FR\",\"potentialAction\":[{\"@type\":\"CommentAction\",\"name\":\"Comment\",\"target\":[\"https:\/\/lyonbondyblog.fr\/LBB\/jeunes-davenirs-la-jeunesse-a-venir\/#respond\"]}]},{\"@type\":\"WebPage\",\"@id\":\"https:\/\/lyonbondyblog.fr\/LBB\/jeunes-davenirs-la-jeunesse-a-venir\/\",\"url\":\"https:\/\/lyonbondyblog.fr\/LBB\/jeunes-davenirs-la-jeunesse-a-venir\/\",\"name\":\"Jeunes d\u2019Avenirs\u00a0: la jeunesse \u00e0 venir - Lyon Bondy Blog\",\"isPartOf\":{\"@id\":\"https:\/\/lyonbondyblog.fr\/LBB\/#website\"},\"primaryImageOfPage\":{\"@id\":\"https:\/\/lyonbondyblog.fr\/LBB\/jeunes-davenirs-la-jeunesse-a-venir\/#primaryimage\"},\"image\":{\"@id\":\"https:\/\/lyonbondyblog.fr\/LBB\/jeunes-davenirs-la-jeunesse-a-venir\/#primaryimage\"},\"thumbnailUrl\":\"https:\/\/lyonbondyblog.fr\/LBB\/wp-content\/uploads\/2026\/04\/Design-sans-titre-1.png\",\"datePublished\":\"2026-04-27T14:28:17+00:00\",\"dateModified\":\"2026-04-27T14:39:16+00:00\",\"inLanguage\":\"fr-FR\",\"potentialAction\":[{\"@type\":\"ReadAction\",\"target\":[\"https:\/\/lyonbondyblog.fr\/LBB\/jeunes-davenirs-la-jeunesse-a-venir\/\"]}]},{\"@type\":\"ImageObject\",\"inLanguage\":\"fr-FR\",\"@id\":\"https:\/\/lyonbondyblog.fr\/LBB\/jeunes-davenirs-la-jeunesse-a-venir\/#primaryimage\",\"url\":\"https:\/\/lyonbondyblog.fr\/LBB\/wp-content\/uploads\/2026\/04\/Design-sans-titre-1.png\",\"contentUrl\":\"https:\/\/lyonbondyblog.fr\/LBB\/wp-content\/uploads\/2026\/04\/Design-sans-titre-1.png\",\"width\":1080,\"height\":1350},{\"@type\":\"WebSite\",\"@id\":\"https:\/\/lyonbondyblog.fr\/LBB\/#website\",\"url\":\"https:\/\/lyonbondyblog.fr\/LBB\/\",\"name\":\"Lyon Bondy Blog\",\"description\":\"\",\"publisher\":{\"@id\":\"https:\/\/lyonbondyblog.fr\/LBB\/#organization\"},\"potentialAction\":[{\"@type\":\"SearchAction\",\"target\":{\"@type\":\"EntryPoint\",\"urlTemplate\":\"https:\/\/lyonbondyblog.fr\/LBB\/?s={search_term_string}\"},\"query-input\":\"required name=search_term_string\"}],\"inLanguage\":\"fr-FR\"},{\"@type\":\"Organization\",\"@id\":\"https:\/\/lyonbondyblog.fr\/LBB\/#organization\",\"name\":\"LYON BONDY BLOG\",\"url\":\"https:\/\/lyonbondyblog.fr\/LBB\/\",\"logo\":{\"@type\":\"ImageObject\",\"inLanguage\":\"fr-FR\",\"@id\":\"https:\/\/lyonbondyblog.fr\/LBB\/#\/schema\/logo\/image\/\",\"url\":\"http:\/\/lyonbondyblog.fr\/LBB\/wp-content\/uploads\/2014\/10\/logo-portable-144.png\",\"contentUrl\":\"http:\/\/lyonbondyblog.fr\/LBB\/wp-content\/uploads\/2014\/10\/logo-portable-144.png\",\"width\":144,\"height\":123,\"caption\":\"LYON BONDY BLOG\"},\"image\":{\"@id\":\"https:\/\/lyonbondyblog.fr\/LBB\/#\/schema\/logo\/image\/\"},\"sameAs\":[\"https:\/\/www.facebook.com\/lyonbondyblog\",\"https:\/\/x.com\/bondybloglyon\"]},{\"@type\":\"Person\",\"@id\":\"https:\/\/lyonbondyblog.fr\/LBB\/#\/schema\/person\/82f899f2b1691d2bd50aef5070cbd0f9\",\"name\":\"Marina Vachot\",\"url\":\"https:\/\/lyonbondyblog.fr\/LBB\/author\/vachot-marina\/\"}]}<\/script>\n<!-- \/ Yoast SEO plugin. -->","yoast_head_json":{"title":"Jeunes d\u2019Avenirs\u00a0: la jeunesse \u00e0 venir - Lyon Bondy Blog","robots":{"index":"index","follow":"follow","max-snippet":"max-snippet:-1","max-image-preview":"max-image-preview:large","max-video-preview":"max-video-preview:-1"},"canonical":"https:\/\/lyonbondyblog.fr\/LBB\/jeunes-davenirs-la-jeunesse-a-venir\/","og_locale":"fr_FR","og_type":"article","og_title":"Jeunes d\u2019Avenirs\u00a0: la jeunesse \u00e0 venir - Lyon Bondy Blog","og_description":"Le 29 avril de 9h30 \u00e0 17h30, au Double Mixte \u00e0 Villeurbanne, aura lieu le salon Jeunes d\u2019Avenirs. Les jeunes \u00e0 la recherche d\u2019un stage &hellip;","og_url":"https:\/\/lyonbondyblog.fr\/LBB\/jeunes-davenirs-la-jeunesse-a-venir\/","og_site_name":"Lyon Bondy Blog","article_publisher":"https:\/\/www.facebook.com\/lyonbondyblog","article_published_time":"2026-04-27T14:28:17+00:00","article_modified_time":"2026-04-27T14:39:16+00:00","og_image":[{"width":1080,"height":1350,"url":"https:\/\/lyonbondyblog.fr\/LBB\/wp-content\/uploads\/2026\/04\/Design-sans-titre-1.png","type":"image\/png"}],"author":"Marina Vachot","twitter_card":"summary_large_image","twitter_creator":"@bondybloglyon","twitter_site":"@bondybloglyon","schema":{"@context":"https:\/\/schema.org","@graph":[{"@type":"Article","@id":"https:\/\/lyonbondyblog.fr\/LBB\/jeunes-davenirs-la-jeunesse-a-venir\/#article","isPartOf":{"@id":"https:\/\/lyonbondyblog.fr\/LBB\/jeunes-davenirs-la-jeunesse-a-venir\/"},"author":{"name":"Marina Vachot","@id":"https:\/\/lyonbondyblog.fr\/LBB\/#\/schema\/person\/82f899f2b1691d2bd50aef5070cbd0f9"},"headline":"Jeunes d\u2019Avenirs\u00a0: la jeunesse \u00e0 venir","datePublished":"2026-04-27T14:28:17+00:00","dateModified":"2026-04-27T14:39:16+00:00","mainEntityOfPage":{"@id":"https:\/\/lyonbondyblog.fr\/LBB\/jeunes-davenirs-la-jeunesse-a-venir\/"},"wordCount":332,"commentCount":0,"publisher":{"@id":"https:\/\/lyonbondyblog.fr\/LBB\/#organization"},"image":{"@id":"https:\/\/lyonbondyblog.fr\/LBB\/jeunes-davenirs-la-jeunesse-a-venir\/#primaryimage"},"thumbnailUrl":"https:\/\/lyonbondyblog.fr\/LBB\/wp-content\/uploads\/2026\/04\/Design-sans-titre-1.png","keywords":["emploi","insertion professionnelle","jeunes","salon","Villeurbanne"],"articleSection":["Association","Jeunesse","Lyon","Soci\u00e9t\u00e9","Travail","Villeurbanne"],"inLanguage":"fr-FR","potentialAction":[{"@type":"CommentAction","name":"Comment","target":["https:\/\/lyonbondyblog.fr\/LBB\/jeunes-davenirs-la-jeunesse-a-venir\/#respond"]}]},{"@type":"WebPage","@id":"https:\/\/lyonbondyblog.fr\/LBB\/jeunes-davenirs-la-jeunesse-a-venir\/","url":"https:\/\/lyonbondyblog.fr\/LBB\/jeunes-davenirs-la-jeunesse-a-venir\/","name":"Jeunes d\u2019Avenirs\u00a0: la jeunesse \u00e0 venir - Lyon Bondy Blog","isPartOf":{"@id":"https:\/\/lyonbondyblog.fr\/LBB\/#website"},"primaryImageOfPage":{"@id":"https:\/\/lyonbondyblog.fr\/LBB\/jeunes-davenirs-la-jeunesse-a-venir\/#primaryimage"},"image":{"@id":"https:\/\/lyonbondyblog.fr\/LBB\/jeunes-davenirs-la-jeunesse-a-venir\/#primaryimage"},"thumbnailUrl":"https:\/\/lyonbondyblog.fr\/LBB\/wp-content\/uploads\/2026\/04\/Design-sans-titre-1.png","datePublished":"2026-04-27T14:28:17+00:00","dateModified":"2026-04-27T14:39:16+00:00","inLanguage":"fr-FR","potentialAction":[{"@type":"ReadAction","target":["https:\/\/lyonbondyblog.fr\/LBB\/jeunes-davenirs-la-jeunesse-a-venir\/"]}]},{"@type":"ImageObject","inLanguage":"fr-FR","@id":"https:\/\/lyonbondyblog.fr\/LBB\/jeunes-davenirs-la-jeunesse-a-venir\/#primaryimage","url":"https:\/\/lyonbondyblog.fr\/LBB\/wp-content\/uploads\/2026\/04\/Design-sans-titre-1.png","contentUrl":"https:\/\/lyonbondyblog.fr\/LBB\/wp-content\/uploads\/2026\/04\/Design-sans-titre-1.png","width":1080,"height":1350},{"@type":"WebSite","@id":"https:\/\/lyonbondyblog.fr\/LBB\/#website","url":"https:\/\/lyonbondyblog.fr\/LBB\/","name":"Lyon Bondy Blog","description":"","publisher":{"@id":"https:\/\/lyonbondyblog.fr\/LBB\/#organization"},"potentialAction":[{"@type":"SearchAction","target":{"@type":"EntryPoint","urlTemplate":"https:\/\/lyonbondyblog.fr\/LBB\/?s={search_term_string}"},"query-input":"required name=search_term_string"}],"inLanguage":"fr-FR"},{"@type":"Organization","@id":"https:\/\/lyonbondyblog.fr\/LBB\/#organization","name":"LYON BONDY BLOG","url":"https:\/\/lyonbondyblog.fr\/LBB\/","logo":{"@type":"ImageObject","inLanguage":"fr-FR","@id":"https:\/\/lyonbondyblog.fr\/LBB\/#\/schema\/logo\/image\/","url":"http:\/\/lyonbondyblog.fr\/LBB\/wp-content\/uploads\/2014\/10\/logo-portable-144.png","contentUrl":"http:\/\/lyonbondyblog.fr\/LBB\/wp-content\/uploads\/2014\/10\/logo-portable-144.png","width":144,"height":123,"caption":"LYON BONDY BLOG"},"image":{"@id":"https:\/\/lyonbondyblog.fr\/LBB\/#\/schema\/logo\/image\/"},"sameAs":["https:\/\/www.facebook.com\/lyonbondyblog","https:\/\/x.com\/bondybloglyon"]},{"@type":"Person","@id":"https:\/\/lyonbondyblog.fr\/LBB\/#\/schema\/person\/82f899f2b1691d2bd50aef5070cbd0f9","name":"Marina Vachot","url":"https:\/\/lyonbondyblog.fr\/LBB\/author\/vachot-marina\/"}]}},"_links":{"self":[{"href":"https:\/\/lyonbondyblog.fr\/LBB\/wp-json\/wp\/v2\/posts\/38364","targetHints":{"allow":["GET"]}}],"collection":[{"href":"https:\/\/lyonbondyblog.fr\/LBB\/wp-json\/wp\/v2\/posts"}],"about":[{"href":"https:\/\/lyonbondyblog.fr\/LBB\/wp-json\/wp\/v2\/types\/post"}],"author":[{"embeddable":true,"href":"https:\/\/lyonbondyblog.fr\/LBB\/wp-json\/wp\/v2\/users\/31899"}],"replies":[{"embeddable":true,"href":"https:\/\/lyonbondyblog.fr\/LBB\/wp-json\/wp\/v2\/comments?post=38364"}],"version-history":[{"count":1,"href":"https:\/\/lyonbondyblog.fr\/LBB\/wp-json\/wp\/v2\/posts\/38364\/revisions"}],"predecessor-version":[{"id":38367,"href":"https:\/\/lyonbondyblog.fr\/LBB\/wp-json\/wp\/v2\/posts\/38364\/revisions\/38367"}],"wp:featuredmedia":[{"embeddable":true,"href":"https:\/\/lyonbondyblog.fr\/LBB\/wp-json\/wp\/v2\/media\/38372"}],"wp:attachment":[{"href":"https:\/\/lyonbondyblog.fr\/LBB\/wp-json\/wp\/v2\/media?parent=38364"}],"wp:term":[{"taxonomy":"category","embeddable":true,"href":"https:\/\/lyonbondyblog.fr\/LBB\/wp-json\/wp\/v2\/categories?post=38364"},{"taxonomy":"post_tag","embeddable":true,"href":"https:\/\/lyonbondyblog.fr\/LBB\/wp-json\/wp\/v2\/tags?post=38364"}],"curies":[{"name":"wp","href":"https:\/\/api.w.org\/{rel}","templated":true}]}}