{"id":38361,"date":"2026-04-26T14:00:00","date_gmt":"2026-04-26T12:00:00","guid":{"rendered":"https:\/\/lyonbondyblog.fr\/LBB\/?p=38361"},"modified":"2026-04-24T17:17:37","modified_gmt":"2026-04-24T15:17:37","slug":"le-tribunal-refuse-la-liberation-provisoire-dun-homme-poursuivi-pour-violences-aggravees","status":"publish","type":"post","link":"https:\/\/lyonbondyblog.fr\/LBB\/le-tribunal-refuse-la-liberation-provisoire-dun-homme-poursuivi-pour-violences-aggravees\/","title":{"rendered":"Le tribunal refuse la lib\u00e9ration provisoire d\u2019un homme poursuivi pour violences aggrav\u00e9es"},"content":{"rendered":"\n<p><strong>Le 9 avril 2026, un homme d\u00e9tenu depuis plusieurs mois a comparu devant le tribunal dans le cadre d\u2019une demande de remise en libert\u00e9 provisoire, en attendant son proc\u00e8s pr\u00e9vu le 4 juin prochain.<\/strong><\/p>\n\n\n\n<p>L\u2019accus\u00e9 est poursuivi pour des faits de violences avec menaces et usage d\u2019une arme, ayant entra\u00een\u00e9 une incapacit\u00e9 sup\u00e9rieure \u00e0 huit jours, commis en r\u00e9cidive le 1er f\u00e9vrier 2026 \u00e0 V\u00e9nissieux. Plac\u00e9 en d\u00e9tention provisoire depuis son interpellation, il esp\u00e9rait obtenir une lib\u00e9ration en attendant son jugement.<\/p>\n\n\n\n<p>\u00c0 l\u2019audience, son avocate est revenue sur les faits reproch\u00e9s \u00e0 son client avant de souligner son changement d\u2019attitude depuis son incarc\u00e9ration. Selon elle, l\u2019homme aurait pris conscience de la gravit\u00e9 de ses actes. Elle a affirm\u00e9 qu\u2019il reconnaissait pleinement les faits qui lui sont reproch\u00e9s et regrettait profond\u00e9ment son comportement.<br><\/p>\n\n\n\n<p>La d\u00e9fense a ainsi plaid\u00e9 en faveur d\u2019une remise en libert\u00e9 provisoire, estimant que son maintien en d\u00e9tention n\u2019\u00e9tait plus n\u00e9cessaire jusqu\u2019\u00e0 son proc\u00e8s. Son avocate a \u00e9galement assur\u00e9 au tribunal que son client ne supportait plus la pression et l\u2019atmosph\u00e8re de la prison et qu\u2019il souhaitait \u00ab\u00a0\u00eatre en libert\u00e9 provisoire en attendant son proc\u00e8s\u00a0\u00bb.<\/p>\n\n\n\n<p>De son c\u00f4t\u00e9, la procureure de la R\u00e9publique s\u2019est fermement oppos\u00e9e \u00e0 cette demande. Elle a requis le maintien en d\u00e9tention de l\u2019accus\u00e9, estimant que ce dernier repr\u00e9sente toujours \u00ab\u00a0une menace\u00a0\u00bb. Selon elle, sa remise en libert\u00e9 constituerait un risque pour la population.<\/p>\n\n\n\n<p>Apr\u00e8s avoir entendu les arguments des deux parties, le pr\u00e9sident du tribunal a finalement rejet\u00e9 la demande de la d\u00e9fense. L\u2019homme restera donc incarc\u00e9r\u00e9 jusqu\u2019\u00e0 son proc\u00e8s, fix\u00e9 au 4 juin 2026. Affaire suivante<\/p>\n\n\n\n<p><strong>\u00c9crit par A\u00efcha Sidib\u00e9<\/strong><br><\/p>\n<!-- AddThis Advanced Settings generic via filter on the_content --><!-- AddThis Share Buttons generic via filter on the_content -->","protected":false},"excerpt":{"rendered":"<p>Le 9 avril 2026, un homme d\u00e9tenu depuis plusieurs mois a comparu devant le tribunal dans le cadre d\u2019une demande de remise en libert\u00e9 provisoire, &hellip; <!-- AddThis Advanced Settings generic via filter on wp_trim_excerpt --><!-- AddThis Share Buttons generic via filter on wp_trim_excerpt --><\/p>\n","protected":false},"author":33,"featured_media":34423,"comment_status":"open","ping_status":"open","sticky":true,"template":"","format":"standard","meta":{"_FSMCFIC_featured_image_caption":"","_FSMCFIC_featured_image_nocaption":"","_FSMCFIC_featured_image_hide":"","footnotes":""},"categories":[965,28432],"tags":[],"class_list":["post-38361","post","type-post","status-publish","format-standard","has-post-thumbnail","hentry","category-chronique-judiciaire","category-lyon-handicap"],"yoast_head":"<!-- This site is optimized with the Yoast SEO plugin v22.8 - https:\/\/yoast.com\/wordpress\/plugins\/seo\/ -->\n<title>Le tribunal refuse la lib\u00e9ration provisoire d\u2019un homme poursuivi pour violences aggrav\u00e9es - Lyon Bondy Blog<\/title>\n<meta name=\"robots\" content=\"index, follow, max-snippet:-1, max-image-preview:large, max-video-preview:-1\" \/>\n<link rel=\"canonical\" href=\"https:\/\/lyonbondyblog.fr\/LBB\/le-tribunal-refuse-la-liberation-provisoire-dun-homme-poursuivi-pour-violences-aggravees\/\" \/>\n<meta property=\"og:locale\" content=\"fr_FR\" \/>\n<meta property=\"og:type\" content=\"article\" \/>\n<meta property=\"og:title\" content=\"Le tribunal refuse la lib\u00e9ration provisoire d\u2019un homme poursuivi pour violences aggrav\u00e9es - Lyon Bondy Blog\" \/>\n<meta property=\"og:description\" content=\"Le 9 avril 2026, un homme d\u00e9tenu depuis plusieurs mois a comparu devant le tribunal dans le cadre d\u2019une demande de remise en libert\u00e9 provisoire, &hellip;\" \/>\n<meta property=\"og:url\" content=\"https:\/\/lyonbondyblog.fr\/LBB\/le-tribunal-refuse-la-liberation-provisoire-dun-homme-poursuivi-pour-violences-aggravees\/\" \/>\n<meta property=\"og:site_name\" content=\"Lyon Bondy Blog\" \/>\n<meta property=\"article:publisher\" content=\"https:\/\/www.facebook.com\/lyonbondyblog\" \/>\n<meta property=\"article:published_time\" content=\"2026-04-26T12:00:00+00:00\" \/>\n<meta property=\"article:modified_time\" content=\"2026-04-24T15:17:37+00:00\" \/>\n<meta property=\"og:image\" content=\"https:\/\/lyonbondyblog.fr\/LBB\/wp-content\/uploads\/2024\/08\/justicefiction_visuel-750x420-1.jpg\" \/>\n\t<meta property=\"og:image:width\" content=\"750\" \/>\n\t<meta property=\"og:image:height\" content=\"420\" \/>\n\t<meta property=\"og:image:type\" content=\"image\/jpeg\" \/>\n<meta name=\"author\" content=\"Etienne Aazzab\" \/>\n<meta name=\"twitter:card\" content=\"summary_large_image\" \/>\n<meta name=\"twitter:creator\" content=\"@AazzabEtienne\" \/>\n<meta name=\"twitter:site\" content=\"@bondybloglyon\" \/>\n<script type=\"application\/ld+json\" class=\"yoast-schema-graph\">{\"@context\":\"https:\/\/schema.org\",\"@graph\":[{\"@type\":\"Article\",\"@id\":\"https:\/\/lyonbondyblog.fr\/LBB\/le-tribunal-refuse-la-liberation-provisoire-dun-homme-poursuivi-pour-violences-aggravees\/#article\",\"isPartOf\":{\"@id\":\"https:\/\/lyonbondyblog.fr\/LBB\/le-tribunal-refuse-la-liberation-provisoire-dun-homme-poursuivi-pour-violences-aggravees\/\"},\"author\":{\"name\":\"Etienne Aazzab\",\"@id\":\"https:\/\/lyonbondyblog.fr\/LBB\/#\/schema\/person\/5e9904261c1f613c8e6ea22045b1353d\"},\"headline\":\"Le tribunal refuse la lib\u00e9ration provisoire d\u2019un homme poursuivi pour violences aggrav\u00e9es\",\"datePublished\":\"2026-04-26T12:00:00+00:00\",\"dateModified\":\"2026-04-24T15:17:37+00:00\",\"mainEntityOfPage\":{\"@id\":\"https:\/\/lyonbondyblog.fr\/LBB\/le-tribunal-refuse-la-liberation-provisoire-dun-homme-poursuivi-pour-violences-aggravees\/\"},\"wordCount\":318,\"commentCount\":0,\"publisher\":{\"@id\":\"https:\/\/lyonbondyblog.fr\/LBB\/#organization\"},\"image\":{\"@id\":\"https:\/\/lyonbondyblog.fr\/LBB\/le-tribunal-refuse-la-liberation-provisoire-dun-homme-poursuivi-pour-violences-aggravees\/#primaryimage\"},\"thumbnailUrl\":\"https:\/\/lyonbondyblog.fr\/LBB\/wp-content\/uploads\/2024\/08\/justicefiction_visuel-750x420-1.jpg\",\"articleSection\":[\"Chronique judiciaire\",\"Lyon\"],\"inLanguage\":\"fr-FR\",\"potentialAction\":[{\"@type\":\"CommentAction\",\"name\":\"Comment\",\"target\":[\"https:\/\/lyonbondyblog.fr\/LBB\/le-tribunal-refuse-la-liberation-provisoire-dun-homme-poursuivi-pour-violences-aggravees\/#respond\"]}]},{\"@type\":\"WebPage\",\"@id\":\"https:\/\/lyonbondyblog.fr\/LBB\/le-tribunal-refuse-la-liberation-provisoire-dun-homme-poursuivi-pour-violences-aggravees\/\",\"url\":\"https:\/\/lyonbondyblog.fr\/LBB\/le-tribunal-refuse-la-liberation-provisoire-dun-homme-poursuivi-pour-violences-aggravees\/\",\"name\":\"Le tribunal refuse la lib\u00e9ration provisoire d\u2019un homme poursuivi pour violences aggrav\u00e9es - Lyon Bondy Blog\",\"isPartOf\":{\"@id\":\"https:\/\/lyonbondyblog.fr\/LBB\/#website\"},\"primaryImageOfPage\":{\"@id\":\"https:\/\/lyonbondyblog.fr\/LBB\/le-tribunal-refuse-la-liberation-provisoire-dun-homme-poursuivi-pour-violences-aggravees\/#primaryimage\"},\"image\":{\"@id\":\"https:\/\/lyonbondyblog.fr\/LBB\/le-tribunal-refuse-la-liberation-provisoire-dun-homme-poursuivi-pour-violences-aggravees\/#primaryimage\"},\"thumbnailUrl\":\"https:\/\/lyonbondyblog.fr\/LBB\/wp-content\/uploads\/2024\/08\/justicefiction_visuel-750x420-1.jpg\",\"datePublished\":\"2026-04-26T12:00:00+00:00\",\"dateModified\":\"2026-04-24T15:17:37+00:00\",\"inLanguage\":\"fr-FR\",\"potentialAction\":[{\"@type\":\"ReadAction\",\"target\":[\"https:\/\/lyonbondyblog.fr\/LBB\/le-tribunal-refuse-la-liberation-provisoire-dun-homme-poursuivi-pour-violences-aggravees\/\"]}]},{\"@type\":\"ImageObject\",\"inLanguage\":\"fr-FR\",\"@id\":\"https:\/\/lyonbondyblog.fr\/LBB\/le-tribunal-refuse-la-liberation-provisoire-dun-homme-poursuivi-pour-violences-aggravees\/#primaryimage\",\"url\":\"https:\/\/lyonbondyblog.fr\/LBB\/wp-content\/uploads\/2024\/08\/justicefiction_visuel-750x420-1.jpg\",\"contentUrl\":\"https:\/\/lyonbondyblog.fr\/LBB\/wp-content\/uploads\/2024\/08\/justicefiction_visuel-750x420-1.jpg\",\"width\":750,\"height\":420},{\"@type\":\"WebSite\",\"@id\":\"https:\/\/lyonbondyblog.fr\/LBB\/#website\",\"url\":\"https:\/\/lyonbondyblog.fr\/LBB\/\",\"name\":\"Lyon Bondy Blog\",\"description\":\"\",\"publisher\":{\"@id\":\"https:\/\/lyonbondyblog.fr\/LBB\/#organization\"},\"potentialAction\":[{\"@type\":\"SearchAction\",\"target\":{\"@type\":\"EntryPoint\",\"urlTemplate\":\"https:\/\/lyonbondyblog.fr\/LBB\/?s={search_term_string}\"},\"query-input\":\"required name=search_term_string\"}],\"inLanguage\":\"fr-FR\"},{\"@type\":\"Organization\",\"@id\":\"https:\/\/lyonbondyblog.fr\/LBB\/#organization\",\"name\":\"LYON BONDY BLOG\",\"url\":\"https:\/\/lyonbondyblog.fr\/LBB\/\",\"logo\":{\"@type\":\"ImageObject\",\"inLanguage\":\"fr-FR\",\"@id\":\"https:\/\/lyonbondyblog.fr\/LBB\/#\/schema\/logo\/image\/\",\"url\":\"http:\/\/lyonbondyblog.fr\/LBB\/wp-content\/uploads\/2014\/10\/logo-portable-144.png\",\"contentUrl\":\"http:\/\/lyonbondyblog.fr\/LBB\/wp-content\/uploads\/2014\/10\/logo-portable-144.png\",\"width\":144,\"height\":123,\"caption\":\"LYON BONDY BLOG\"},\"image\":{\"@id\":\"https:\/\/lyonbondyblog.fr\/LBB\/#\/schema\/logo\/image\/\"},\"sameAs\":[\"https:\/\/www.facebook.com\/lyonbondyblog\",\"https:\/\/x.com\/bondybloglyon\"]},{\"@type\":\"Person\",\"@id\":\"https:\/\/lyonbondyblog.fr\/LBB\/#\/schema\/person\/5e9904261c1f613c8e6ea22045b1353d\",\"name\":\"Etienne Aazzab\",\"description\":\"Etienne a contribu\u00e9 depuis 2 ans dans le journal satirique FOUTOU\u2019ART. Il a int\u00e9gr\u00e9 l\u2019\u00e9quipe du \u00ab clic 2014 \u00bb : Collectif local d\u2019informations citoyennes \u00e0 partir de novembre 2013. Il rejoint le Lyon Bondy Blog \u00e0 partir de janvier 2014. Twitter : @AazzabEtienne Ses sujets de pr\u00e9dilection : #Politique #Soci\u00e9t\u00e9 #Sport\",\"sameAs\":[\"https:\/\/x.com\/AazzabEtienne\"],\"url\":\"https:\/\/lyonbondyblog.fr\/LBB\/author\/etienne\/\"}]}<\/script>\n<!-- \/ Yoast SEO plugin. -->","yoast_head_json":{"title":"Le tribunal refuse la lib\u00e9ration provisoire d\u2019un homme poursuivi pour violences aggrav\u00e9es - Lyon Bondy Blog","robots":{"index":"index","follow":"follow","max-snippet":"max-snippet:-1","max-image-preview":"max-image-preview:large","max-video-preview":"max-video-preview:-1"},"canonical":"https:\/\/lyonbondyblog.fr\/LBB\/le-tribunal-refuse-la-liberation-provisoire-dun-homme-poursuivi-pour-violences-aggravees\/","og_locale":"fr_FR","og_type":"article","og_title":"Le tribunal refuse la lib\u00e9ration provisoire d\u2019un homme poursuivi pour violences aggrav\u00e9es - Lyon Bondy Blog","og_description":"Le 9 avril 2026, un homme d\u00e9tenu depuis plusieurs mois a comparu devant le tribunal dans le cadre d\u2019une demande de remise en libert\u00e9 provisoire, &hellip;","og_url":"https:\/\/lyonbondyblog.fr\/LBB\/le-tribunal-refuse-la-liberation-provisoire-dun-homme-poursuivi-pour-violences-aggravees\/","og_site_name":"Lyon Bondy Blog","article_publisher":"https:\/\/www.facebook.com\/lyonbondyblog","article_published_time":"2026-04-26T12:00:00+00:00","article_modified_time":"2026-04-24T15:17:37+00:00","og_image":[{"width":750,"height":420,"url":"https:\/\/lyonbondyblog.fr\/LBB\/wp-content\/uploads\/2024\/08\/justicefiction_visuel-750x420-1.jpg","type":"image\/jpeg"}],"author":"Etienne Aazzab","twitter_card":"summary_large_image","twitter_creator":"@AazzabEtienne","twitter_site":"@bondybloglyon","schema":{"@context":"https:\/\/schema.org","@graph":[{"@type":"Article","@id":"https:\/\/lyonbondyblog.fr\/LBB\/le-tribunal-refuse-la-liberation-provisoire-dun-homme-poursuivi-pour-violences-aggravees\/#article","isPartOf":{"@id":"https:\/\/lyonbondyblog.fr\/LBB\/le-tribunal-refuse-la-liberation-provisoire-dun-homme-poursuivi-pour-violences-aggravees\/"},"author":{"name":"Etienne Aazzab","@id":"https:\/\/lyonbondyblog.fr\/LBB\/#\/schema\/person\/5e9904261c1f613c8e6ea22045b1353d"},"headline":"Le tribunal refuse la lib\u00e9ration provisoire d\u2019un homme poursuivi pour violences aggrav\u00e9es","datePublished":"2026-04-26T12:00:00+00:00","dateModified":"2026-04-24T15:17:37+00:00","mainEntityOfPage":{"@id":"https:\/\/lyonbondyblog.fr\/LBB\/le-tribunal-refuse-la-liberation-provisoire-dun-homme-poursuivi-pour-violences-aggravees\/"},"wordCount":318,"commentCount":0,"publisher":{"@id":"https:\/\/lyonbondyblog.fr\/LBB\/#organization"},"image":{"@id":"https:\/\/lyonbondyblog.fr\/LBB\/le-tribunal-refuse-la-liberation-provisoire-dun-homme-poursuivi-pour-violences-aggravees\/#primaryimage"},"thumbnailUrl":"https:\/\/lyonbondyblog.fr\/LBB\/wp-content\/uploads\/2024\/08\/justicefiction_visuel-750x420-1.jpg","articleSection":["Chronique judiciaire","Lyon"],"inLanguage":"fr-FR","potentialAction":[{"@type":"CommentAction","name":"Comment","target":["https:\/\/lyonbondyblog.fr\/LBB\/le-tribunal-refuse-la-liberation-provisoire-dun-homme-poursuivi-pour-violences-aggravees\/#respond"]}]},{"@type":"WebPage","@id":"https:\/\/lyonbondyblog.fr\/LBB\/le-tribunal-refuse-la-liberation-provisoire-dun-homme-poursuivi-pour-violences-aggravees\/","url":"https:\/\/lyonbondyblog.fr\/LBB\/le-tribunal-refuse-la-liberation-provisoire-dun-homme-poursuivi-pour-violences-aggravees\/","name":"Le tribunal refuse la lib\u00e9ration provisoire d\u2019un homme poursuivi pour violences aggrav\u00e9es - Lyon Bondy Blog","isPartOf":{"@id":"https:\/\/lyonbondyblog.fr\/LBB\/#website"},"primaryImageOfPage":{"@id":"https:\/\/lyonbondyblog.fr\/LBB\/le-tribunal-refuse-la-liberation-provisoire-dun-homme-poursuivi-pour-violences-aggravees\/#primaryimage"},"image":{"@id":"https:\/\/lyonbondyblog.fr\/LBB\/le-tribunal-refuse-la-liberation-provisoire-dun-homme-poursuivi-pour-violences-aggravees\/#primaryimage"},"thumbnailUrl":"https:\/\/lyonbondyblog.fr\/LBB\/wp-content\/uploads\/2024\/08\/justicefiction_visuel-750x420-1.jpg","datePublished":"2026-04-26T12:00:00+00:00","dateModified":"2026-04-24T15:17:37+00:00","inLanguage":"fr-FR","potentialAction":[{"@type":"ReadAction","target":["https:\/\/lyonbondyblog.fr\/LBB\/le-tribunal-refuse-la-liberation-provisoire-dun-homme-poursuivi-pour-violences-aggravees\/"]}]},{"@type":"ImageObject","inLanguage":"fr-FR","@id":"https:\/\/lyonbondyblog.fr\/LBB\/le-tribunal-refuse-la-liberation-provisoire-dun-homme-poursuivi-pour-violences-aggravees\/#primaryimage","url":"https:\/\/lyonbondyblog.fr\/LBB\/wp-content\/uploads\/2024\/08\/justicefiction_visuel-750x420-1.jpg","contentUrl":"https:\/\/lyonbondyblog.fr\/LBB\/wp-content\/uploads\/2024\/08\/justicefiction_visuel-750x420-1.jpg","width":750,"height":420},{"@type":"WebSite","@id":"https:\/\/lyonbondyblog.fr\/LBB\/#website","url":"https:\/\/lyonbondyblog.fr\/LBB\/","name":"Lyon Bondy Blog","description":"","publisher":{"@id":"https:\/\/lyonbondyblog.fr\/LBB\/#organization"},"potentialAction":[{"@type":"SearchAction","target":{"@type":"EntryPoint","urlTemplate":"https:\/\/lyonbondyblog.fr\/LBB\/?s={search_term_string}"},"query-input":"required name=search_term_string"}],"inLanguage":"fr-FR"},{"@type":"Organization","@id":"https:\/\/lyonbondyblog.fr\/LBB\/#organization","name":"LYON BONDY BLOG","url":"https:\/\/lyonbondyblog.fr\/LBB\/","logo":{"@type":"ImageObject","inLanguage":"fr-FR","@id":"https:\/\/lyonbondyblog.fr\/LBB\/#\/schema\/logo\/image\/","url":"http:\/\/lyonbondyblog.fr\/LBB\/wp-content\/uploads\/2014\/10\/logo-portable-144.png","contentUrl":"http:\/\/lyonbondyblog.fr\/LBB\/wp-content\/uploads\/2014\/10\/logo-portable-144.png","width":144,"height":123,"caption":"LYON BONDY BLOG"},"image":{"@id":"https:\/\/lyonbondyblog.fr\/LBB\/#\/schema\/logo\/image\/"},"sameAs":["https:\/\/www.facebook.com\/lyonbondyblog","https:\/\/x.com\/bondybloglyon"]},{"@type":"Person","@id":"https:\/\/lyonbondyblog.fr\/LBB\/#\/schema\/person\/5e9904261c1f613c8e6ea22045b1353d","name":"Etienne Aazzab","description":"Etienne a contribu\u00e9 depuis 2 ans dans le journal satirique FOUTOU\u2019ART. Il a int\u00e9gr\u00e9 l\u2019\u00e9quipe du \u00ab clic 2014 \u00bb : Collectif local d\u2019informations citoyennes \u00e0 partir de novembre 2013. Il rejoint le Lyon Bondy Blog \u00e0 partir de janvier 2014. Twitter : @AazzabEtienne Ses sujets de pr\u00e9dilection : #Politique #Soci\u00e9t\u00e9 #Sport","sameAs":["https:\/\/x.com\/AazzabEtienne"],"url":"https:\/\/lyonbondyblog.fr\/LBB\/author\/etienne\/"}]}},"_links":{"self":[{"href":"https:\/\/lyonbondyblog.fr\/LBB\/wp-json\/wp\/v2\/posts\/38361","targetHints":{"allow":["GET"]}}],"collection":[{"href":"https:\/\/lyonbondyblog.fr\/LBB\/wp-json\/wp\/v2\/posts"}],"about":[{"href":"https:\/\/lyonbondyblog.fr\/LBB\/wp-json\/wp\/v2\/types\/post"}],"author":[{"embeddable":true,"href":"https:\/\/lyonbondyblog.fr\/LBB\/wp-json\/wp\/v2\/users\/33"}],"replies":[{"embeddable":true,"href":"https:\/\/lyonbondyblog.fr\/LBB\/wp-json\/wp\/v2\/comments?post=38361"}],"version-history":[{"count":1,"href":"https:\/\/lyonbondyblog.fr\/LBB\/wp-json\/wp\/v2\/posts\/38361\/revisions"}],"predecessor-version":[{"id":38362,"href":"https:\/\/lyonbondyblog.fr\/LBB\/wp-json\/wp\/v2\/posts\/38361\/revisions\/38362"}],"wp:featuredmedia":[{"embeddable":true,"href":"https:\/\/lyonbondyblog.fr\/LBB\/wp-json\/wp\/v2\/media\/34423"}],"wp:attachment":[{"href":"https:\/\/lyonbondyblog.fr\/LBB\/wp-json\/wp\/v2\/media?parent=38361"}],"wp:term":[{"taxonomy":"category","embeddable":true,"href":"https:\/\/lyonbondyblog.fr\/LBB\/wp-json\/wp\/v2\/categories?post=38361"},{"taxonomy":"post_tag","embeddable":true,"href":"https:\/\/lyonbondyblog.fr\/LBB\/wp-json\/wp\/v2\/tags?post=38361"}],"curies":[{"name":"wp","href":"https:\/\/api.w.org\/{rel}","templated":true}]}}