{"id":38286,"date":"2026-04-21T09:54:16","date_gmt":"2026-04-21T07:54:16","guid":{"rendered":"https:\/\/lyonbondyblog.fr\/LBB\/?p=38286"},"modified":"2026-04-22T15:24:50","modified_gmt":"2026-04-22T13:24:50","slug":"les-filles-aux-mains-jaunes-les-munitionnettes-racontent-le-travail-a-lusine-du-xxeme-siecle","status":"publish","type":"post","link":"https:\/\/lyonbondyblog.fr\/LBB\/les-filles-aux-mains-jaunes-les-munitionnettes-racontent-le-travail-a-lusine-du-xxeme-siecle\/","title":{"rendered":"Les Filles aux mains jaunes\u00a0: les munitionnettes racontent le travail \u00e0 l\u2019usine du XX\u00e8me si\u00e8cle"},"content":{"rendered":"\n<p><strong>Ce soir  \u00e0 19h, \u00e0 deux pas de la place des Carmes \u00e0 Avignon,  le th\u00e9\u00e2tre \u00ab\u00a0Le Verbe Fou\u00a0\u00bb accueille une \u00e9quipe de com\u00e9diennes jouant la <strong>g\u00e9n\u00e9rale de la pi\u00e8ce \u00e9crite par Michel Bellier et mise en sc\u00e8ne par Alexander Liebe.<\/strong><\/strong><\/p>\n\n\n\n<p>Ce soir \u00e0 19h, aura lieu la pi\u00e8ce Les Filles aux mains jaunes au th\u00e9\u00e2tre \u00a0\u00bb Le verbe Fou\u00a0\u00bb . <a href=\"https:\/\/www.editions-hatier.fr\/livre\/les-filles-aux-mains-jaunes-9782401112711\">Ecrite par Michel Bellier ,auteur dramatique, sc\u00e9nariste et \u00e9crivain.<\/a> La pi\u00e8ce raconte l\u2019histoire de quatre femmes travaillant dans une usine d\u2019armement pendant la Premi\u00e8re Guerre mondiale.<\/p>\n\n\n\n<p>Julie, Rose, Jeanne et Louise, surnomm\u00e9es \u00ab\u00a0les munitionnettes\u00a0\u00bb vont faire face au sexisme et aux injustices dont les femmes \u00e9taient victimes \u00e0 cette p\u00e9riode, pendant que les hommes \u00e9taient partis au combat. Elles vont d\u00e9couvrir les conditions de travail \u00e0 l\u2019usine au d\u00e9but du XX \u00e8me si\u00e8cle et les d\u00e9buts du combat pour les droits des femmes \u00e0 travers le parcours de Louise, journaliste militante suffragette. Apr\u00e8s les tensions provoqu\u00e9es par ses id\u00e9es et ses convictions sur le droit des femmes, viendra le temps de la recherche d\u2019\u00e9mancipation pour ces quatre femmes venues d\u2019horizons diff\u00e9rents, toutes victimes de la Grande Guerre.<br><\/p>\n\n\n\n<p>Le th\u00e9\u00e2tre avignonnais Le Verbe Fou accueillera donc la repr\u00e9sentation d\u2019une pi\u00e8ce sur l\u2019histoire de la Premi\u00e8re Guerre mondiale \u00e0 travers les femmes et du r\u00f4le important qu\u2019elles ont eu \u00e0 assumer apr\u00e8s le d\u00e9part des hommes.\u00a0Notamment dans les usines qui ont permis l\u2019armement des soldats mais qui ont provoqu\u00e9 des cons\u00e9quences sur leur sant\u00e9 comme les mains jaunies par la manipulation quotidienne des obus. Toute la famille peut assister au spectacle \u00e0 partir de 12 ans et le prix des billets sont de 14\u20ac pour le tarif r\u00e9duit et 20\u20ac pour le tarif plein.<\/p>\n\n\n\n<figure class=\"wp-block-embed is-type-video is-provider-youtube wp-block-embed-youtube wp-embed-aspect-16-9 wp-has-aspect-ratio\"><div class=\"wp-block-embed__wrapper\">\n<iframe loading=\"lazy\" title=\"Teaser - Les filles aux mains jaunes - Le Verbe Fou - 21 avril 2026 \u00e0 19h\" width=\"1200\" height=\"675\" src=\"https:\/\/www.youtube.com\/embed\/bTj2uvZh5Bk?feature=oembed\" frameborder=\"0\" allow=\"accelerometer; autoplay; clipboard-write; encrypted-media; gyroscope; picture-in-picture; web-share\" referrerpolicy=\"strict-origin-when-cross-origin\" allowfullscreen><\/iframe>\n<\/div><\/figure>\n\n\n\n<p><br><\/p>\n<!-- AddThis Advanced Settings generic via filter on the_content --><!-- AddThis Share Buttons generic via filter on the_content -->","protected":false},"excerpt":{"rendered":"<p>Ce soir \u00e0 19h, \u00e0 deux pas de la place des Carmes \u00e0 Avignon, le th\u00e9\u00e2tre \u00ab\u00a0Le Verbe Fou\u00a0\u00bb accueille une \u00e9quipe de com\u00e9diennes jouant &hellip; <!-- AddThis Advanced Settings generic via filter on wp_trim_excerpt --><!-- AddThis Share Buttons generic via filter on wp_trim_excerpt --><\/p>\n","protected":false},"author":31899,"featured_media":38312,"comment_status":"open","ping_status":"open","sticky":true,"template":"","format":"standard","meta":{"_FSMCFIC_featured_image_caption":"","_FSMCFIC_featured_image_nocaption":"","_FSMCFIC_featured_image_hide":"","footnotes":""},"categories":[3,18131,22680,28430],"tags":[28340,76],"class_list":["post-38286","post","type-post","status-publish","format-standard","has-post-thumbnail","hentry","category-culture","category-evenement","category-feminisme","category-theatre","tag-avignon","tag-theatre"],"yoast_head":"<!-- This site is optimized with the Yoast SEO plugin v22.8 - https:\/\/yoast.com\/wordpress\/plugins\/seo\/ -->\n<title>Les Filles aux mains jaunes\u00a0: les munitionnettes racontent le travail \u00e0 l\u2019usine du XX\u00e8me si\u00e8cle - Lyon Bondy Blog<\/title>\n<meta name=\"robots\" content=\"index, follow, max-snippet:-1, max-image-preview:large, max-video-preview:-1\" \/>\n<link rel=\"canonical\" href=\"https:\/\/lyonbondyblog.fr\/LBB\/les-filles-aux-mains-jaunes-les-munitionnettes-racontent-le-travail-a-lusine-du-xxeme-siecle\/\" \/>\n<meta property=\"og:locale\" content=\"fr_FR\" \/>\n<meta property=\"og:type\" content=\"article\" \/>\n<meta property=\"og:title\" content=\"Les Filles aux mains jaunes\u00a0: les munitionnettes racontent le travail \u00e0 l\u2019usine du XX\u00e8me si\u00e8cle - Lyon Bondy Blog\" \/>\n<meta property=\"og:description\" content=\"Ce soir \u00e0 19h, \u00e0 deux pas de la place des Carmes \u00e0 Avignon, le th\u00e9\u00e2tre \u00ab\u00a0Le Verbe Fou\u00a0\u00bb accueille une \u00e9quipe de com\u00e9diennes jouant &hellip;\" \/>\n<meta property=\"og:url\" content=\"https:\/\/lyonbondyblog.fr\/LBB\/les-filles-aux-mains-jaunes-les-munitionnettes-racontent-le-travail-a-lusine-du-xxeme-siecle\/\" \/>\n<meta property=\"og:site_name\" content=\"Lyon Bondy Blog\" \/>\n<meta property=\"article:publisher\" content=\"https:\/\/www.facebook.com\/lyonbondyblog\" \/>\n<meta property=\"article:published_time\" content=\"2026-04-21T07:54:16+00:00\" \/>\n<meta property=\"article:modified_time\" content=\"2026-04-22T13:24:50+00:00\" \/>\n<meta property=\"og:image\" content=\"https:\/\/lyonbondyblog.fr\/LBB\/wp-content\/uploads\/2026\/04\/WhatsApp-Image-2026-04-22-at-15.20.53-1.jpeg\" \/>\n\t<meta property=\"og:image:width\" content=\"1180\" \/>\n\t<meta property=\"og:image:height\" content=\"1059\" \/>\n\t<meta property=\"og:image:type\" content=\"image\/jpeg\" \/>\n<meta name=\"author\" content=\"Marina Vachot\" \/>\n<meta name=\"twitter:card\" content=\"summary_large_image\" \/>\n<meta name=\"twitter:creator\" content=\"@bondybloglyon\" \/>\n<meta name=\"twitter:site\" content=\"@bondybloglyon\" \/>\n<script type=\"application\/ld+json\" class=\"yoast-schema-graph\">{\"@context\":\"https:\/\/schema.org\",\"@graph\":[{\"@type\":\"Article\",\"@id\":\"https:\/\/lyonbondyblog.fr\/LBB\/les-filles-aux-mains-jaunes-les-munitionnettes-racontent-le-travail-a-lusine-du-xxeme-siecle\/#article\",\"isPartOf\":{\"@id\":\"https:\/\/lyonbondyblog.fr\/LBB\/les-filles-aux-mains-jaunes-les-munitionnettes-racontent-le-travail-a-lusine-du-xxeme-siecle\/\"},\"author\":{\"name\":\"Marina Vachot\",\"@id\":\"https:\/\/lyonbondyblog.fr\/LBB\/#\/schema\/person\/82f899f2b1691d2bd50aef5070cbd0f9\"},\"headline\":\"Les Filles aux mains jaunes\u00a0: les munitionnettes racontent le travail \u00e0 l\u2019usine du XX\u00e8me si\u00e8cle\",\"datePublished\":\"2026-04-21T07:54:16+00:00\",\"dateModified\":\"2026-04-22T13:24:50+00:00\",\"mainEntityOfPage\":{\"@id\":\"https:\/\/lyonbondyblog.fr\/LBB\/les-filles-aux-mains-jaunes-les-munitionnettes-racontent-le-travail-a-lusine-du-xxeme-siecle\/\"},\"wordCount\":336,\"commentCount\":0,\"publisher\":{\"@id\":\"https:\/\/lyonbondyblog.fr\/LBB\/#organization\"},\"image\":{\"@id\":\"https:\/\/lyonbondyblog.fr\/LBB\/les-filles-aux-mains-jaunes-les-munitionnettes-racontent-le-travail-a-lusine-du-xxeme-siecle\/#primaryimage\"},\"thumbnailUrl\":\"https:\/\/lyonbondyblog.fr\/LBB\/wp-content\/uploads\/2026\/04\/WhatsApp-Image-2026-04-22-at-15.20.53-1.jpeg\",\"keywords\":[\"avignon\",\"theatre\"],\"articleSection\":[\"Culture\",\"Ev\u00e9nement\",\"F\u00e9minisme\",\"Theatre\"],\"inLanguage\":\"fr-FR\",\"potentialAction\":[{\"@type\":\"CommentAction\",\"name\":\"Comment\",\"target\":[\"https:\/\/lyonbondyblog.fr\/LBB\/les-filles-aux-mains-jaunes-les-munitionnettes-racontent-le-travail-a-lusine-du-xxeme-siecle\/#respond\"]}]},{\"@type\":\"WebPage\",\"@id\":\"https:\/\/lyonbondyblog.fr\/LBB\/les-filles-aux-mains-jaunes-les-munitionnettes-racontent-le-travail-a-lusine-du-xxeme-siecle\/\",\"url\":\"https:\/\/lyonbondyblog.fr\/LBB\/les-filles-aux-mains-jaunes-les-munitionnettes-racontent-le-travail-a-lusine-du-xxeme-siecle\/\",\"name\":\"Les Filles aux mains jaunes\u00a0: les munitionnettes racontent le travail \u00e0 l\u2019usine du XX\u00e8me si\u00e8cle - Lyon Bondy Blog\",\"isPartOf\":{\"@id\":\"https:\/\/lyonbondyblog.fr\/LBB\/#website\"},\"primaryImageOfPage\":{\"@id\":\"https:\/\/lyonbondyblog.fr\/LBB\/les-filles-aux-mains-jaunes-les-munitionnettes-racontent-le-travail-a-lusine-du-xxeme-siecle\/#primaryimage\"},\"image\":{\"@id\":\"https:\/\/lyonbondyblog.fr\/LBB\/les-filles-aux-mains-jaunes-les-munitionnettes-racontent-le-travail-a-lusine-du-xxeme-siecle\/#primaryimage\"},\"thumbnailUrl\":\"https:\/\/lyonbondyblog.fr\/LBB\/wp-content\/uploads\/2026\/04\/WhatsApp-Image-2026-04-22-at-15.20.53-1.jpeg\",\"datePublished\":\"2026-04-21T07:54:16+00:00\",\"dateModified\":\"2026-04-22T13:24:50+00:00\",\"inLanguage\":\"fr-FR\",\"potentialAction\":[{\"@type\":\"ReadAction\",\"target\":[\"https:\/\/lyonbondyblog.fr\/LBB\/les-filles-aux-mains-jaunes-les-munitionnettes-racontent-le-travail-a-lusine-du-xxeme-siecle\/\"]}]},{\"@type\":\"ImageObject\",\"inLanguage\":\"fr-FR\",\"@id\":\"https:\/\/lyonbondyblog.fr\/LBB\/les-filles-aux-mains-jaunes-les-munitionnettes-racontent-le-travail-a-lusine-du-xxeme-siecle\/#primaryimage\",\"url\":\"https:\/\/lyonbondyblog.fr\/LBB\/wp-content\/uploads\/2026\/04\/WhatsApp-Image-2026-04-22-at-15.20.53-1.jpeg\",\"contentUrl\":\"https:\/\/lyonbondyblog.fr\/LBB\/wp-content\/uploads\/2026\/04\/WhatsApp-Image-2026-04-22-at-15.20.53-1.jpeg\",\"width\":1180,\"height\":1059},{\"@type\":\"WebSite\",\"@id\":\"https:\/\/lyonbondyblog.fr\/LBB\/#website\",\"url\":\"https:\/\/lyonbondyblog.fr\/LBB\/\",\"name\":\"Lyon Bondy Blog\",\"description\":\"\",\"publisher\":{\"@id\":\"https:\/\/lyonbondyblog.fr\/LBB\/#organization\"},\"potentialAction\":[{\"@type\":\"SearchAction\",\"target\":{\"@type\":\"EntryPoint\",\"urlTemplate\":\"https:\/\/lyonbondyblog.fr\/LBB\/?s={search_term_string}\"},\"query-input\":\"required name=search_term_string\"}],\"inLanguage\":\"fr-FR\"},{\"@type\":\"Organization\",\"@id\":\"https:\/\/lyonbondyblog.fr\/LBB\/#organization\",\"name\":\"LYON BONDY BLOG\",\"url\":\"https:\/\/lyonbondyblog.fr\/LBB\/\",\"logo\":{\"@type\":\"ImageObject\",\"inLanguage\":\"fr-FR\",\"@id\":\"https:\/\/lyonbondyblog.fr\/LBB\/#\/schema\/logo\/image\/\",\"url\":\"http:\/\/lyonbondyblog.fr\/LBB\/wp-content\/uploads\/2014\/10\/logo-portable-144.png\",\"contentUrl\":\"http:\/\/lyonbondyblog.fr\/LBB\/wp-content\/uploads\/2014\/10\/logo-portable-144.png\",\"width\":144,\"height\":123,\"caption\":\"LYON BONDY BLOG\"},\"image\":{\"@id\":\"https:\/\/lyonbondyblog.fr\/LBB\/#\/schema\/logo\/image\/\"},\"sameAs\":[\"https:\/\/www.facebook.com\/lyonbondyblog\",\"https:\/\/x.com\/bondybloglyon\"]},{\"@type\":\"Person\",\"@id\":\"https:\/\/lyonbondyblog.fr\/LBB\/#\/schema\/person\/82f899f2b1691d2bd50aef5070cbd0f9\",\"name\":\"Marina Vachot\",\"url\":\"https:\/\/lyonbondyblog.fr\/LBB\/author\/vachot-marina\/\"}]}<\/script>\n<!-- \/ Yoast SEO plugin. -->","yoast_head_json":{"title":"Les Filles aux mains jaunes\u00a0: les munitionnettes racontent le travail \u00e0 l\u2019usine du XX\u00e8me si\u00e8cle - Lyon Bondy Blog","robots":{"index":"index","follow":"follow","max-snippet":"max-snippet:-1","max-image-preview":"max-image-preview:large","max-video-preview":"max-video-preview:-1"},"canonical":"https:\/\/lyonbondyblog.fr\/LBB\/les-filles-aux-mains-jaunes-les-munitionnettes-racontent-le-travail-a-lusine-du-xxeme-siecle\/","og_locale":"fr_FR","og_type":"article","og_title":"Les Filles aux mains jaunes\u00a0: les munitionnettes racontent le travail \u00e0 l\u2019usine du XX\u00e8me si\u00e8cle - Lyon Bondy Blog","og_description":"Ce soir \u00e0 19h, \u00e0 deux pas de la place des Carmes \u00e0 Avignon, le th\u00e9\u00e2tre \u00ab\u00a0Le Verbe Fou\u00a0\u00bb accueille une \u00e9quipe de com\u00e9diennes jouant &hellip;","og_url":"https:\/\/lyonbondyblog.fr\/LBB\/les-filles-aux-mains-jaunes-les-munitionnettes-racontent-le-travail-a-lusine-du-xxeme-siecle\/","og_site_name":"Lyon Bondy Blog","article_publisher":"https:\/\/www.facebook.com\/lyonbondyblog","article_published_time":"2026-04-21T07:54:16+00:00","article_modified_time":"2026-04-22T13:24:50+00:00","og_image":[{"width":1180,"height":1059,"url":"https:\/\/lyonbondyblog.fr\/LBB\/wp-content\/uploads\/2026\/04\/WhatsApp-Image-2026-04-22-at-15.20.53-1.jpeg","type":"image\/jpeg"}],"author":"Marina Vachot","twitter_card":"summary_large_image","twitter_creator":"@bondybloglyon","twitter_site":"@bondybloglyon","schema":{"@context":"https:\/\/schema.org","@graph":[{"@type":"Article","@id":"https:\/\/lyonbondyblog.fr\/LBB\/les-filles-aux-mains-jaunes-les-munitionnettes-racontent-le-travail-a-lusine-du-xxeme-siecle\/#article","isPartOf":{"@id":"https:\/\/lyonbondyblog.fr\/LBB\/les-filles-aux-mains-jaunes-les-munitionnettes-racontent-le-travail-a-lusine-du-xxeme-siecle\/"},"author":{"name":"Marina Vachot","@id":"https:\/\/lyonbondyblog.fr\/LBB\/#\/schema\/person\/82f899f2b1691d2bd50aef5070cbd0f9"},"headline":"Les Filles aux mains jaunes\u00a0: les munitionnettes racontent le travail \u00e0 l\u2019usine du XX\u00e8me si\u00e8cle","datePublished":"2026-04-21T07:54:16+00:00","dateModified":"2026-04-22T13:24:50+00:00","mainEntityOfPage":{"@id":"https:\/\/lyonbondyblog.fr\/LBB\/les-filles-aux-mains-jaunes-les-munitionnettes-racontent-le-travail-a-lusine-du-xxeme-siecle\/"},"wordCount":336,"commentCount":0,"publisher":{"@id":"https:\/\/lyonbondyblog.fr\/LBB\/#organization"},"image":{"@id":"https:\/\/lyonbondyblog.fr\/LBB\/les-filles-aux-mains-jaunes-les-munitionnettes-racontent-le-travail-a-lusine-du-xxeme-siecle\/#primaryimage"},"thumbnailUrl":"https:\/\/lyonbondyblog.fr\/LBB\/wp-content\/uploads\/2026\/04\/WhatsApp-Image-2026-04-22-at-15.20.53-1.jpeg","keywords":["avignon","theatre"],"articleSection":["Culture","Ev\u00e9nement","F\u00e9minisme","Theatre"],"inLanguage":"fr-FR","potentialAction":[{"@type":"CommentAction","name":"Comment","target":["https:\/\/lyonbondyblog.fr\/LBB\/les-filles-aux-mains-jaunes-les-munitionnettes-racontent-le-travail-a-lusine-du-xxeme-siecle\/#respond"]}]},{"@type":"WebPage","@id":"https:\/\/lyonbondyblog.fr\/LBB\/les-filles-aux-mains-jaunes-les-munitionnettes-racontent-le-travail-a-lusine-du-xxeme-siecle\/","url":"https:\/\/lyonbondyblog.fr\/LBB\/les-filles-aux-mains-jaunes-les-munitionnettes-racontent-le-travail-a-lusine-du-xxeme-siecle\/","name":"Les Filles aux mains jaunes\u00a0: les munitionnettes racontent le travail \u00e0 l\u2019usine du XX\u00e8me si\u00e8cle - Lyon Bondy Blog","isPartOf":{"@id":"https:\/\/lyonbondyblog.fr\/LBB\/#website"},"primaryImageOfPage":{"@id":"https:\/\/lyonbondyblog.fr\/LBB\/les-filles-aux-mains-jaunes-les-munitionnettes-racontent-le-travail-a-lusine-du-xxeme-siecle\/#primaryimage"},"image":{"@id":"https:\/\/lyonbondyblog.fr\/LBB\/les-filles-aux-mains-jaunes-les-munitionnettes-racontent-le-travail-a-lusine-du-xxeme-siecle\/#primaryimage"},"thumbnailUrl":"https:\/\/lyonbondyblog.fr\/LBB\/wp-content\/uploads\/2026\/04\/WhatsApp-Image-2026-04-22-at-15.20.53-1.jpeg","datePublished":"2026-04-21T07:54:16+00:00","dateModified":"2026-04-22T13:24:50+00:00","inLanguage":"fr-FR","potentialAction":[{"@type":"ReadAction","target":["https:\/\/lyonbondyblog.fr\/LBB\/les-filles-aux-mains-jaunes-les-munitionnettes-racontent-le-travail-a-lusine-du-xxeme-siecle\/"]}]},{"@type":"ImageObject","inLanguage":"fr-FR","@id":"https:\/\/lyonbondyblog.fr\/LBB\/les-filles-aux-mains-jaunes-les-munitionnettes-racontent-le-travail-a-lusine-du-xxeme-siecle\/#primaryimage","url":"https:\/\/lyonbondyblog.fr\/LBB\/wp-content\/uploads\/2026\/04\/WhatsApp-Image-2026-04-22-at-15.20.53-1.jpeg","contentUrl":"https:\/\/lyonbondyblog.fr\/LBB\/wp-content\/uploads\/2026\/04\/WhatsApp-Image-2026-04-22-at-15.20.53-1.jpeg","width":1180,"height":1059},{"@type":"WebSite","@id":"https:\/\/lyonbondyblog.fr\/LBB\/#website","url":"https:\/\/lyonbondyblog.fr\/LBB\/","name":"Lyon Bondy Blog","description":"","publisher":{"@id":"https:\/\/lyonbondyblog.fr\/LBB\/#organization"},"potentialAction":[{"@type":"SearchAction","target":{"@type":"EntryPoint","urlTemplate":"https:\/\/lyonbondyblog.fr\/LBB\/?s={search_term_string}"},"query-input":"required name=search_term_string"}],"inLanguage":"fr-FR"},{"@type":"Organization","@id":"https:\/\/lyonbondyblog.fr\/LBB\/#organization","name":"LYON BONDY BLOG","url":"https:\/\/lyonbondyblog.fr\/LBB\/","logo":{"@type":"ImageObject","inLanguage":"fr-FR","@id":"https:\/\/lyonbondyblog.fr\/LBB\/#\/schema\/logo\/image\/","url":"http:\/\/lyonbondyblog.fr\/LBB\/wp-content\/uploads\/2014\/10\/logo-portable-144.png","contentUrl":"http:\/\/lyonbondyblog.fr\/LBB\/wp-content\/uploads\/2014\/10\/logo-portable-144.png","width":144,"height":123,"caption":"LYON BONDY BLOG"},"image":{"@id":"https:\/\/lyonbondyblog.fr\/LBB\/#\/schema\/logo\/image\/"},"sameAs":["https:\/\/www.facebook.com\/lyonbondyblog","https:\/\/x.com\/bondybloglyon"]},{"@type":"Person","@id":"https:\/\/lyonbondyblog.fr\/LBB\/#\/schema\/person\/82f899f2b1691d2bd50aef5070cbd0f9","name":"Marina Vachot","url":"https:\/\/lyonbondyblog.fr\/LBB\/author\/vachot-marina\/"}]}},"_links":{"self":[{"href":"https:\/\/lyonbondyblog.fr\/LBB\/wp-json\/wp\/v2\/posts\/38286","targetHints":{"allow":["GET"]}}],"collection":[{"href":"https:\/\/lyonbondyblog.fr\/LBB\/wp-json\/wp\/v2\/posts"}],"about":[{"href":"https:\/\/lyonbondyblog.fr\/LBB\/wp-json\/wp\/v2\/types\/post"}],"author":[{"embeddable":true,"href":"https:\/\/lyonbondyblog.fr\/LBB\/wp-json\/wp\/v2\/users\/31899"}],"replies":[{"embeddable":true,"href":"https:\/\/lyonbondyblog.fr\/LBB\/wp-json\/wp\/v2\/comments?post=38286"}],"version-history":[{"count":6,"href":"https:\/\/lyonbondyblog.fr\/LBB\/wp-json\/wp\/v2\/posts\/38286\/revisions"}],"predecessor-version":[{"id":38305,"href":"https:\/\/lyonbondyblog.fr\/LBB\/wp-json\/wp\/v2\/posts\/38286\/revisions\/38305"}],"wp:featuredmedia":[{"embeddable":true,"href":"https:\/\/lyonbondyblog.fr\/LBB\/wp-json\/wp\/v2\/media\/38312"}],"wp:attachment":[{"href":"https:\/\/lyonbondyblog.fr\/LBB\/wp-json\/wp\/v2\/media?parent=38286"}],"wp:term":[{"taxonomy":"category","embeddable":true,"href":"https:\/\/lyonbondyblog.fr\/LBB\/wp-json\/wp\/v2\/categories?post=38286"},{"taxonomy":"post_tag","embeddable":true,"href":"https:\/\/lyonbondyblog.fr\/LBB\/wp-json\/wp\/v2\/tags?post=38286"}],"curies":[{"name":"wp","href":"https:\/\/api.w.org\/{rel}","templated":true}]}}