{"id":38112,"date":"2026-03-17T20:26:02","date_gmt":"2026-03-17T19:26:02","guid":{"rendered":"https:\/\/lyonbondyblog.fr\/LBB\/?p=38112"},"modified":"2026-03-17T20:59:08","modified_gmt":"2026-03-17T19:59:08","slug":"sans-les-insoumis","status":"publish","type":"post","link":"https:\/\/lyonbondyblog.fr\/LBB\/sans-les-insoumis\/","title":{"rendered":"Sans les insoumis"},"content":{"rendered":"\n<p><strong>Depuis dimanche soir, les partis de gauche n\u00e9gocient un second tour, faisant fis des divisions et critiques ant\u00e9rieures sauf \u00e0 Paris, Lyon et Marseille o\u00f9 les divisions Gauche Unie- LFI perdurent. <\/strong><\/p>\n\n\n\n<p>C\u2019est ainsi que dans le Rh\u00f4ne et notamment dans l\u2019est Lyonnais la liste \u00ab&nbsp;Avan\u00e7ons ensemble&nbsp;\u00bb avancera sans les insoumis. De l\u2019autre c\u00f4t\u00e9 de l\u2019\u00e9chiquier m\u00e9tropolitain en contradiction avec les pronostics des sondages, le tandem Sarselli-Aulas voit s\u2019\u00e9loigner le raz de mar\u00e9e esp\u00e9r\u00e9,&nbsp;&nbsp;pourra-t-il faire face au RN qui se maintient dans les circonscriptions ou arrondissements ou il est arriv\u00e9 au deuxi\u00e8me tour. Retour sur la situation.<\/p>\n\n\n\n<p>A dix-huit heures, ce mardi, toutes les listes ont \u00e9t\u00e9 d\u00e9pos\u00e9s et les tractations de ces derni\u00e8res heures sont allez bon train, enfin sauf pour les insoumis, qui se prennent un retour de boomerang en pleine face. Pensant avoir fait le plus dur ce dimanche soir, Florestan Groult pensait repartir avec les \u00e9cologistes sur la m\u00e9tropole mais une certaine Helene Geoffroy en aura d\u00e9cider autrement. En effet, la maire sortante vaudaise, d\u00e9cide de s\u2019allier avec une liste citoyenne de D\u00e9cines pour contrecarrer les plans des R\u00e9publicains et des insoumis, ce qui va bien \u00e9videmment mettre le feu aux poudres et enrag\u00e9 les insoumis. Encore ce matin, Gabriel Amard pensait faire une alliance avec Bruno Bernard et le temps a tr\u00e8s vite tourner donc ils ont du d\u00e9poser leur liste.<\/p>\n\n\n\n<p>Pendant ce temps-l\u00e0, Les \u00e9quipes de Grand Coeur Lyonnais avec d\u00e9j\u00e0 trente sept si\u00e8ges \u00e0 la m\u00e9tropole obtenu des le premier tour, pensaient avoir deuxi\u00e8me tour plus que tranquille mais le rassemblement national en maintenat ses candidatures travers la m\u00e9tropole lyonnaise, risque de diminuer le nombre de si\u00e8ges de l\u2019\u00e9quipe du bloc central et de leur faire la majorit\u00e9. Dans l\u2019est lyonnais,les relations insoumis socialiste se d\u00e9grade de plus en plus notamment \u00e0 Villeurbanne, Vaulx-en-Velin et V\u00e9nissieux.Retour sur vingt quatre heures de n\u00e9gociations.<\/p>\n\n\n\n<p><strong>Sur la m\u00e9tropole lyonnaise, Les insoumis ont tout tent\u00e9 mais personne a r\u00e9pondu<\/strong><\/p>\n\n\n\n<p>Le d\u00e9put\u00e9 insoumis de la ville de Villeurbanne Gabriel Amard\u00a0\u00a0aura tout tent\u00e9 pour faire une alliance avec le pr\u00e9sident sortant de la m\u00e9tropole lyonnaise. Bruno Bernard qui a bloqu\u00e9 son num\u00e9ro de t\u00e9l\u00e9phone, pr\u00e9f\u00e9rant l\u2019alliance avec H\u00e8l\u00e8ne Geoffroy qui s&rsquo;allie avec une liste citoyenne bas\u00e9 sur D\u00e9cines. Le camouflet est dur a avaler pour les trois d\u00e9put\u00e9s insoumis bas\u00e9s sur l\u2019est Lyonnais. L\u2019horloge a tourn\u00e9 plusieurs fois , les communiqu\u00e9 de presse aussi. Bruno Bernard fait confiance \u00e0 H\u00e8lene Geoffroy qui bien s\u00fbr r\u00eave en catimini de se d\u00e9barrasser le plus vite possible des insoumis. Petit coup de fil \u00e0 Mich\u00e8le Picard pour la rassurer et le plan est ex\u00e9cut\u00e9. L\u2019ancienne ennemie et amie de Christiane Constant, Mich\u00e8le Edery qui sera cinqui\u00e8me sur la liste \u00ab\u00a0Avan\u00e7ons Ensemble\u00a0\u00bb sur les Portes du Sud et Mokrane Kessi onzi\u00e8me sur la liste des municipales de V\u00e9nissieux pour sauver le soldat Picard. Mich\u00e8le Edery revient sur le devant de la sc\u00e8ne pour sauver le Parti socialiste et la gauche, alors que trois ans auparavant , elle \u00e9tait persona non grata au sein de la maison Rose.<\/p>\n\n\n\n<p>Dimanche 22 mars, les \u00e9lecteurs repartiront pour un tour pour \u00e9lire leurs maires, leur maire d\u2019arrondissement ainsi que leur conseiller m\u00e9tropolitain. Qui va gagner, qui va perdre ? R\u00e9sultat de dimanche soir \u00e0 20H.&nbsp;<\/p>\n<!-- AddThis Advanced Settings generic via filter on the_content --><!-- AddThis Share Buttons generic via filter on the_content -->","protected":false},"excerpt":{"rendered":"<p>Depuis dimanche soir, les partis de gauche n\u00e9gocient un second tour, faisant fis des divisions et critiques ant\u00e9rieures sauf \u00e0 Paris, Lyon et Marseille o\u00f9 &hellip; <!-- AddThis Advanced Settings generic via filter on wp_trim_excerpt --><!-- AddThis Share Buttons generic via filter on wp_trim_excerpt --><\/p>\n","protected":false},"author":33,"featured_media":38069,"comment_status":"open","ping_status":"open","sticky":true,"template":"","format":"standard","meta":{"_FSMCFIC_featured_image_caption":"","_FSMCFIC_featured_image_nocaption":"","_FSMCFIC_featured_image_hide":"","footnotes":""},"categories":[22015,6,3891,6974],"tags":[],"class_list":["post-38112","post","type-post","status-publish","format-standard","has-post-thumbnail","hentry","category-metropole","category-politique","category-vaulx-en-velin","category-venissieux"],"yoast_head":"<!-- This site is optimized with the Yoast SEO plugin v22.8 - https:\/\/yoast.com\/wordpress\/plugins\/seo\/ -->\n<title>Sans les insoumis - Lyon Bondy Blog<\/title>\n<meta name=\"robots\" content=\"index, follow, max-snippet:-1, max-image-preview:large, max-video-preview:-1\" \/>\n<link rel=\"canonical\" href=\"https:\/\/lyonbondyblog.fr\/LBB\/sans-les-insoumis\/\" \/>\n<meta property=\"og:locale\" content=\"fr_FR\" \/>\n<meta property=\"og:type\" content=\"article\" \/>\n<meta property=\"og:title\" content=\"Sans les insoumis - Lyon Bondy Blog\" \/>\n<meta property=\"og:description\" content=\"Depuis dimanche soir, les partis de gauche n\u00e9gocient un second tour, faisant fis des divisions et critiques ant\u00e9rieures sauf \u00e0 Paris, Lyon et Marseille o\u00f9 &hellip;\" \/>\n<meta property=\"og:url\" content=\"https:\/\/lyonbondyblog.fr\/LBB\/sans-les-insoumis\/\" \/>\n<meta property=\"og:site_name\" content=\"Lyon Bondy Blog\" \/>\n<meta property=\"article:publisher\" content=\"https:\/\/www.facebook.com\/lyonbondyblog\" \/>\n<meta property=\"article:published_time\" content=\"2026-03-17T19:26:02+00:00\" \/>\n<meta property=\"article:modified_time\" content=\"2026-03-17T19:59:08+00:00\" \/>\n<meta property=\"og:image\" content=\"https:\/\/lyonbondyblog.fr\/LBB\/wp-content\/uploads\/2026\/03\/Nouvel-Article.png\" \/>\n\t<meta property=\"og:image:width\" content=\"1080\" \/>\n\t<meta property=\"og:image:height\" content=\"1350\" \/>\n\t<meta property=\"og:image:type\" content=\"image\/png\" \/>\n<meta name=\"author\" content=\"Etienne Aazzab\" \/>\n<meta name=\"twitter:card\" content=\"summary_large_image\" \/>\n<meta name=\"twitter:creator\" content=\"@AazzabEtienne\" \/>\n<meta name=\"twitter:site\" content=\"@bondybloglyon\" \/>\n<script type=\"application\/ld+json\" class=\"yoast-schema-graph\">{\"@context\":\"https:\/\/schema.org\",\"@graph\":[{\"@type\":\"Article\",\"@id\":\"https:\/\/lyonbondyblog.fr\/LBB\/sans-les-insoumis\/#article\",\"isPartOf\":{\"@id\":\"https:\/\/lyonbondyblog.fr\/LBB\/sans-les-insoumis\/\"},\"author\":{\"name\":\"Etienne Aazzab\",\"@id\":\"https:\/\/lyonbondyblog.fr\/LBB\/#\/schema\/person\/5e9904261c1f613c8e6ea22045b1353d\"},\"headline\":\"Sans les insoumis\",\"datePublished\":\"2026-03-17T19:26:02+00:00\",\"dateModified\":\"2026-03-17T19:59:08+00:00\",\"mainEntityOfPage\":{\"@id\":\"https:\/\/lyonbondyblog.fr\/LBB\/sans-les-insoumis\/\"},\"wordCount\":611,\"commentCount\":0,\"publisher\":{\"@id\":\"https:\/\/lyonbondyblog.fr\/LBB\/#organization\"},\"image\":{\"@id\":\"https:\/\/lyonbondyblog.fr\/LBB\/sans-les-insoumis\/#primaryimage\"},\"thumbnailUrl\":\"https:\/\/lyonbondyblog.fr\/LBB\/wp-content\/uploads\/2026\/03\/Nouvel-Article.png\",\"articleSection\":[\"M\u00e9tropole\",\"Politique\",\"Vaulx-en-Velin\",\"V\u00e9nissieux\"],\"inLanguage\":\"fr-FR\",\"potentialAction\":[{\"@type\":\"CommentAction\",\"name\":\"Comment\",\"target\":[\"https:\/\/lyonbondyblog.fr\/LBB\/sans-les-insoumis\/#respond\"]}]},{\"@type\":\"WebPage\",\"@id\":\"https:\/\/lyonbondyblog.fr\/LBB\/sans-les-insoumis\/\",\"url\":\"https:\/\/lyonbondyblog.fr\/LBB\/sans-les-insoumis\/\",\"name\":\"Sans les insoumis - Lyon Bondy Blog\",\"isPartOf\":{\"@id\":\"https:\/\/lyonbondyblog.fr\/LBB\/#website\"},\"primaryImageOfPage\":{\"@id\":\"https:\/\/lyonbondyblog.fr\/LBB\/sans-les-insoumis\/#primaryimage\"},\"image\":{\"@id\":\"https:\/\/lyonbondyblog.fr\/LBB\/sans-les-insoumis\/#primaryimage\"},\"thumbnailUrl\":\"https:\/\/lyonbondyblog.fr\/LBB\/wp-content\/uploads\/2026\/03\/Nouvel-Article.png\",\"datePublished\":\"2026-03-17T19:26:02+00:00\",\"dateModified\":\"2026-03-17T19:59:08+00:00\",\"inLanguage\":\"fr-FR\",\"potentialAction\":[{\"@type\":\"ReadAction\",\"target\":[\"https:\/\/lyonbondyblog.fr\/LBB\/sans-les-insoumis\/\"]}]},{\"@type\":\"ImageObject\",\"inLanguage\":\"fr-FR\",\"@id\":\"https:\/\/lyonbondyblog.fr\/LBB\/sans-les-insoumis\/#primaryimage\",\"url\":\"https:\/\/lyonbondyblog.fr\/LBB\/wp-content\/uploads\/2026\/03\/Nouvel-Article.png\",\"contentUrl\":\"https:\/\/lyonbondyblog.fr\/LBB\/wp-content\/uploads\/2026\/03\/Nouvel-Article.png\",\"width\":1080,\"height\":1350},{\"@type\":\"WebSite\",\"@id\":\"https:\/\/lyonbondyblog.fr\/LBB\/#website\",\"url\":\"https:\/\/lyonbondyblog.fr\/LBB\/\",\"name\":\"Lyon Bondy Blog\",\"description\":\"\",\"publisher\":{\"@id\":\"https:\/\/lyonbondyblog.fr\/LBB\/#organization\"},\"potentialAction\":[{\"@type\":\"SearchAction\",\"target\":{\"@type\":\"EntryPoint\",\"urlTemplate\":\"https:\/\/lyonbondyblog.fr\/LBB\/?s={search_term_string}\"},\"query-input\":\"required name=search_term_string\"}],\"inLanguage\":\"fr-FR\"},{\"@type\":\"Organization\",\"@id\":\"https:\/\/lyonbondyblog.fr\/LBB\/#organization\",\"name\":\"LYON BONDY BLOG\",\"url\":\"https:\/\/lyonbondyblog.fr\/LBB\/\",\"logo\":{\"@type\":\"ImageObject\",\"inLanguage\":\"fr-FR\",\"@id\":\"https:\/\/lyonbondyblog.fr\/LBB\/#\/schema\/logo\/image\/\",\"url\":\"http:\/\/lyonbondyblog.fr\/LBB\/wp-content\/uploads\/2014\/10\/logo-portable-144.png\",\"contentUrl\":\"http:\/\/lyonbondyblog.fr\/LBB\/wp-content\/uploads\/2014\/10\/logo-portable-144.png\",\"width\":144,\"height\":123,\"caption\":\"LYON BONDY BLOG\"},\"image\":{\"@id\":\"https:\/\/lyonbondyblog.fr\/LBB\/#\/schema\/logo\/image\/\"},\"sameAs\":[\"https:\/\/www.facebook.com\/lyonbondyblog\",\"https:\/\/x.com\/bondybloglyon\"]},{\"@type\":\"Person\",\"@id\":\"https:\/\/lyonbondyblog.fr\/LBB\/#\/schema\/person\/5e9904261c1f613c8e6ea22045b1353d\",\"name\":\"Etienne Aazzab\",\"description\":\"Etienne a contribu\u00e9 depuis 2 ans dans le journal satirique FOUTOU\u2019ART. Il a int\u00e9gr\u00e9 l\u2019\u00e9quipe du \u00ab clic 2014 \u00bb : Collectif local d\u2019informations citoyennes \u00e0 partir de novembre 2013. Il rejoint le Lyon Bondy Blog \u00e0 partir de janvier 2014. Twitter : @AazzabEtienne Ses sujets de pr\u00e9dilection : #Politique #Soci\u00e9t\u00e9 #Sport\",\"sameAs\":[\"https:\/\/x.com\/AazzabEtienne\"],\"url\":\"https:\/\/lyonbondyblog.fr\/LBB\/author\/etienne\/\"}]}<\/script>\n<!-- \/ Yoast SEO plugin. -->","yoast_head_json":{"title":"Sans les insoumis - Lyon Bondy Blog","robots":{"index":"index","follow":"follow","max-snippet":"max-snippet:-1","max-image-preview":"max-image-preview:large","max-video-preview":"max-video-preview:-1"},"canonical":"https:\/\/lyonbondyblog.fr\/LBB\/sans-les-insoumis\/","og_locale":"fr_FR","og_type":"article","og_title":"Sans les insoumis - Lyon Bondy Blog","og_description":"Depuis dimanche soir, les partis de gauche n\u00e9gocient un second tour, faisant fis des divisions et critiques ant\u00e9rieures sauf \u00e0 Paris, Lyon et Marseille o\u00f9 &hellip;","og_url":"https:\/\/lyonbondyblog.fr\/LBB\/sans-les-insoumis\/","og_site_name":"Lyon Bondy Blog","article_publisher":"https:\/\/www.facebook.com\/lyonbondyblog","article_published_time":"2026-03-17T19:26:02+00:00","article_modified_time":"2026-03-17T19:59:08+00:00","og_image":[{"width":1080,"height":1350,"url":"https:\/\/lyonbondyblog.fr\/LBB\/wp-content\/uploads\/2026\/03\/Nouvel-Article.png","type":"image\/png"}],"author":"Etienne Aazzab","twitter_card":"summary_large_image","twitter_creator":"@AazzabEtienne","twitter_site":"@bondybloglyon","schema":{"@context":"https:\/\/schema.org","@graph":[{"@type":"Article","@id":"https:\/\/lyonbondyblog.fr\/LBB\/sans-les-insoumis\/#article","isPartOf":{"@id":"https:\/\/lyonbondyblog.fr\/LBB\/sans-les-insoumis\/"},"author":{"name":"Etienne Aazzab","@id":"https:\/\/lyonbondyblog.fr\/LBB\/#\/schema\/person\/5e9904261c1f613c8e6ea22045b1353d"},"headline":"Sans les insoumis","datePublished":"2026-03-17T19:26:02+00:00","dateModified":"2026-03-17T19:59:08+00:00","mainEntityOfPage":{"@id":"https:\/\/lyonbondyblog.fr\/LBB\/sans-les-insoumis\/"},"wordCount":611,"commentCount":0,"publisher":{"@id":"https:\/\/lyonbondyblog.fr\/LBB\/#organization"},"image":{"@id":"https:\/\/lyonbondyblog.fr\/LBB\/sans-les-insoumis\/#primaryimage"},"thumbnailUrl":"https:\/\/lyonbondyblog.fr\/LBB\/wp-content\/uploads\/2026\/03\/Nouvel-Article.png","articleSection":["M\u00e9tropole","Politique","Vaulx-en-Velin","V\u00e9nissieux"],"inLanguage":"fr-FR","potentialAction":[{"@type":"CommentAction","name":"Comment","target":["https:\/\/lyonbondyblog.fr\/LBB\/sans-les-insoumis\/#respond"]}]},{"@type":"WebPage","@id":"https:\/\/lyonbondyblog.fr\/LBB\/sans-les-insoumis\/","url":"https:\/\/lyonbondyblog.fr\/LBB\/sans-les-insoumis\/","name":"Sans les insoumis - Lyon Bondy Blog","isPartOf":{"@id":"https:\/\/lyonbondyblog.fr\/LBB\/#website"},"primaryImageOfPage":{"@id":"https:\/\/lyonbondyblog.fr\/LBB\/sans-les-insoumis\/#primaryimage"},"image":{"@id":"https:\/\/lyonbondyblog.fr\/LBB\/sans-les-insoumis\/#primaryimage"},"thumbnailUrl":"https:\/\/lyonbondyblog.fr\/LBB\/wp-content\/uploads\/2026\/03\/Nouvel-Article.png","datePublished":"2026-03-17T19:26:02+00:00","dateModified":"2026-03-17T19:59:08+00:00","inLanguage":"fr-FR","potentialAction":[{"@type":"ReadAction","target":["https:\/\/lyonbondyblog.fr\/LBB\/sans-les-insoumis\/"]}]},{"@type":"ImageObject","inLanguage":"fr-FR","@id":"https:\/\/lyonbondyblog.fr\/LBB\/sans-les-insoumis\/#primaryimage","url":"https:\/\/lyonbondyblog.fr\/LBB\/wp-content\/uploads\/2026\/03\/Nouvel-Article.png","contentUrl":"https:\/\/lyonbondyblog.fr\/LBB\/wp-content\/uploads\/2026\/03\/Nouvel-Article.png","width":1080,"height":1350},{"@type":"WebSite","@id":"https:\/\/lyonbondyblog.fr\/LBB\/#website","url":"https:\/\/lyonbondyblog.fr\/LBB\/","name":"Lyon Bondy Blog","description":"","publisher":{"@id":"https:\/\/lyonbondyblog.fr\/LBB\/#organization"},"potentialAction":[{"@type":"SearchAction","target":{"@type":"EntryPoint","urlTemplate":"https:\/\/lyonbondyblog.fr\/LBB\/?s={search_term_string}"},"query-input":"required name=search_term_string"}],"inLanguage":"fr-FR"},{"@type":"Organization","@id":"https:\/\/lyonbondyblog.fr\/LBB\/#organization","name":"LYON BONDY BLOG","url":"https:\/\/lyonbondyblog.fr\/LBB\/","logo":{"@type":"ImageObject","inLanguage":"fr-FR","@id":"https:\/\/lyonbondyblog.fr\/LBB\/#\/schema\/logo\/image\/","url":"http:\/\/lyonbondyblog.fr\/LBB\/wp-content\/uploads\/2014\/10\/logo-portable-144.png","contentUrl":"http:\/\/lyonbondyblog.fr\/LBB\/wp-content\/uploads\/2014\/10\/logo-portable-144.png","width":144,"height":123,"caption":"LYON BONDY BLOG"},"image":{"@id":"https:\/\/lyonbondyblog.fr\/LBB\/#\/schema\/logo\/image\/"},"sameAs":["https:\/\/www.facebook.com\/lyonbondyblog","https:\/\/x.com\/bondybloglyon"]},{"@type":"Person","@id":"https:\/\/lyonbondyblog.fr\/LBB\/#\/schema\/person\/5e9904261c1f613c8e6ea22045b1353d","name":"Etienne Aazzab","description":"Etienne a contribu\u00e9 depuis 2 ans dans le journal satirique FOUTOU\u2019ART. Il a int\u00e9gr\u00e9 l\u2019\u00e9quipe du \u00ab clic 2014 \u00bb : Collectif local d\u2019informations citoyennes \u00e0 partir de novembre 2013. Il rejoint le Lyon Bondy Blog \u00e0 partir de janvier 2014. Twitter : @AazzabEtienne Ses sujets de pr\u00e9dilection : #Politique #Soci\u00e9t\u00e9 #Sport","sameAs":["https:\/\/x.com\/AazzabEtienne"],"url":"https:\/\/lyonbondyblog.fr\/LBB\/author\/etienne\/"}]}},"_links":{"self":[{"href":"https:\/\/lyonbondyblog.fr\/LBB\/wp-json\/wp\/v2\/posts\/38112","targetHints":{"allow":["GET"]}}],"collection":[{"href":"https:\/\/lyonbondyblog.fr\/LBB\/wp-json\/wp\/v2\/posts"}],"about":[{"href":"https:\/\/lyonbondyblog.fr\/LBB\/wp-json\/wp\/v2\/types\/post"}],"author":[{"embeddable":true,"href":"https:\/\/lyonbondyblog.fr\/LBB\/wp-json\/wp\/v2\/users\/33"}],"replies":[{"embeddable":true,"href":"https:\/\/lyonbondyblog.fr\/LBB\/wp-json\/wp\/v2\/comments?post=38112"}],"version-history":[{"count":4,"href":"https:\/\/lyonbondyblog.fr\/LBB\/wp-json\/wp\/v2\/posts\/38112\/revisions"}],"predecessor-version":[{"id":38116,"href":"https:\/\/lyonbondyblog.fr\/LBB\/wp-json\/wp\/v2\/posts\/38112\/revisions\/38116"}],"wp:featuredmedia":[{"embeddable":true,"href":"https:\/\/lyonbondyblog.fr\/LBB\/wp-json\/wp\/v2\/media\/38069"}],"wp:attachment":[{"href":"https:\/\/lyonbondyblog.fr\/LBB\/wp-json\/wp\/v2\/media?parent=38112"}],"wp:term":[{"taxonomy":"category","embeddable":true,"href":"https:\/\/lyonbondyblog.fr\/LBB\/wp-json\/wp\/v2\/categories?post=38112"},{"taxonomy":"post_tag","embeddable":true,"href":"https:\/\/lyonbondyblog.fr\/LBB\/wp-json\/wp\/v2\/tags?post=38112"}],"curies":[{"name":"wp","href":"https:\/\/api.w.org\/{rel}","templated":true}]}}