{"id":38100,"date":"2026-03-17T12:16:25","date_gmt":"2026-03-17T11:16:25","guid":{"rendered":"https:\/\/lyonbondyblog.fr\/LBB\/?p=38100"},"modified":"2026-03-17T12:22:04","modified_gmt":"2026-03-17T11:22:04","slug":"la-remontada-de-doucet-face-a-aulas","status":"publish","type":"post","link":"https:\/\/lyonbondyblog.fr\/LBB\/la-remontada-de-doucet-face-a-aulas\/","title":{"rendered":"La Remontada de Doucet face \u00e0 Aulas"},"content":{"rendered":"\n<p><strong>Alors que les m\u00e9dias institutionnels pr\u00e9disaient une fin de match pr\u00e9matur\u00e9e pour la municipalit\u00e9 \u00e9cologiste, les r\u00e9sultats du premier tour viennent de bousculer tous les pronostics et tous les sondages. Avantage donc au maire sortant face \u00e0 l\u2019ancien pr\u00e9sident de l\u2019OL dans la course \u00e0 l&rsquo;h\u00f4tel de ville.<\/strong><\/p>\n\n\n\n<p>Le paysage politique lyonnais vient de basculer dans une configuration que peu d&rsquo;observateurs avaient anticip\u00e9e avant ce deuxi\u00e8me scrutin. Gr\u00e9gory Doucet, lanc\u00e9 sur son v\u00e9lo, r\u00e9alise une v\u00e9ritable \u00ab\u00a0remontada\u00a0\u00bb qui sonne comme un d\u00e9saveu pour l&rsquo;opposition. Longtemps critiqu\u00e9 pour ses politiques de transformations, celles-ci semblent avoir port\u00e9 leurs fruits face au programme h\u00e9sitant de Jean-Michel Aulas.\u00a0<\/p>\n\n\n\n<p>L\u2019aura de ce dernier n\u2019aura donc pas suffi \u00e0 la droite et au centre pour inverser la tendance. Pourtant figure embl\u00e9matique de Lyon, \u00e0 travers ses r\u00e9alisations et notamment l\u2019empire OL, son prestige n\u2019aura pas suffi \u00e0 repousser les verts hors de Lyon. Si le score de ce premier tour valide la strat\u00e9gie de transformation radicale men\u00e9e par Gr\u00e9gory Doucet, il r\u00e9v\u00e8le surtout l&rsquo;incapacit\u00e9 de la droite lyonnaise \u00e0 proposer une alternative cr\u00e9dible au-del\u00e0 du prestige de ses figures historiques.<\/p>\n\n\n\n<p><\/p>\n<!-- AddThis Advanced Settings generic via filter on the_content --><!-- AddThis Share Buttons generic via filter on the_content -->","protected":false},"excerpt":{"rendered":"<p>Alors que les m\u00e9dias institutionnels pr\u00e9disaient une fin de match pr\u00e9matur\u00e9e pour la municipalit\u00e9 \u00e9cologiste, les r\u00e9sultats du premier tour viennent de bousculer tous les &hellip; <!-- AddThis Advanced Settings generic via filter on wp_trim_excerpt --><!-- AddThis Share Buttons generic via filter on wp_trim_excerpt --><\/p>\n","protected":false},"author":33,"featured_media":38101,"comment_status":"open","ping_status":"open","sticky":true,"template":"","format":"standard","meta":{"_FSMCFIC_featured_image_caption":"","_FSMCFIC_featured_image_nocaption":"","_FSMCFIC_featured_image_hide":"","footnotes":""},"categories":[27828,4,22015,6],"tags":[],"class_list":["post-38100","post","type-post","status-publish","format-standard","has-post-thumbnail","hentry","category-humour","category-lyon","category-metropole","category-politique"],"yoast_head":"<!-- This site is optimized with the Yoast SEO plugin v22.8 - https:\/\/yoast.com\/wordpress\/plugins\/seo\/ -->\n<title>La Remontada de Doucet face \u00e0 Aulas - Lyon Bondy Blog<\/title>\n<meta name=\"robots\" content=\"index, follow, max-snippet:-1, max-image-preview:large, max-video-preview:-1\" \/>\n<link rel=\"canonical\" href=\"https:\/\/lyonbondyblog.fr\/LBB\/la-remontada-de-doucet-face-a-aulas\/\" \/>\n<meta property=\"og:locale\" content=\"fr_FR\" \/>\n<meta property=\"og:type\" content=\"article\" \/>\n<meta property=\"og:title\" content=\"La Remontada de Doucet face \u00e0 Aulas - Lyon Bondy Blog\" \/>\n<meta property=\"og:description\" content=\"Alors que les m\u00e9dias institutionnels pr\u00e9disaient une fin de match pr\u00e9matur\u00e9e pour la municipalit\u00e9 \u00e9cologiste, les r\u00e9sultats du premier tour viennent de bousculer tous les &hellip;\" \/>\n<meta property=\"og:url\" content=\"https:\/\/lyonbondyblog.fr\/LBB\/la-remontada-de-doucet-face-a-aulas\/\" \/>\n<meta property=\"og:site_name\" content=\"Lyon Bondy Blog\" \/>\n<meta property=\"article:publisher\" content=\"https:\/\/www.facebook.com\/lyonbondyblog\" \/>\n<meta property=\"article:published_time\" content=\"2026-03-17T11:16:25+00:00\" \/>\n<meta property=\"article:modified_time\" content=\"2026-03-17T11:22:04+00:00\" \/>\n<meta property=\"og:image\" content=\"https:\/\/lyonbondyblog.fr\/LBB\/wp-content\/uploads\/2026\/03\/47889E7A-72F5-4081-A213-D9AAEC6D37AD.jpg\" \/>\n\t<meta property=\"og:image:width\" content=\"589\" \/>\n\t<meta property=\"og:image:height\" content=\"652\" \/>\n\t<meta property=\"og:image:type\" content=\"image\/jpeg\" \/>\n<meta name=\"author\" content=\"Etienne Aazzab\" \/>\n<meta name=\"twitter:card\" content=\"summary_large_image\" \/>\n<meta name=\"twitter:creator\" content=\"@AazzabEtienne\" \/>\n<meta name=\"twitter:site\" content=\"@bondybloglyon\" \/>\n<script type=\"application\/ld+json\" class=\"yoast-schema-graph\">{\"@context\":\"https:\/\/schema.org\",\"@graph\":[{\"@type\":\"Article\",\"@id\":\"https:\/\/lyonbondyblog.fr\/LBB\/la-remontada-de-doucet-face-a-aulas\/#article\",\"isPartOf\":{\"@id\":\"https:\/\/lyonbondyblog.fr\/LBB\/la-remontada-de-doucet-face-a-aulas\/\"},\"author\":{\"name\":\"Etienne Aazzab\",\"@id\":\"https:\/\/lyonbondyblog.fr\/LBB\/#\/schema\/person\/5e9904261c1f613c8e6ea22045b1353d\"},\"headline\":\"La Remontada de Doucet face \u00e0 Aulas\",\"datePublished\":\"2026-03-17T11:16:25+00:00\",\"dateModified\":\"2026-03-17T11:22:04+00:00\",\"mainEntityOfPage\":{\"@id\":\"https:\/\/lyonbondyblog.fr\/LBB\/la-remontada-de-doucet-face-a-aulas\/\"},\"wordCount\":213,\"commentCount\":0,\"publisher\":{\"@id\":\"https:\/\/lyonbondyblog.fr\/LBB\/#organization\"},\"image\":{\"@id\":\"https:\/\/lyonbondyblog.fr\/LBB\/la-remontada-de-doucet-face-a-aulas\/#primaryimage\"},\"thumbnailUrl\":\"https:\/\/lyonbondyblog.fr\/LBB\/wp-content\/uploads\/2026\/03\/47889E7A-72F5-4081-A213-D9AAEC6D37AD.jpg\",\"articleSection\":[\"Humour\",\"Lyon\",\"M\u00e9tropole\",\"Politique\"],\"inLanguage\":\"fr-FR\",\"potentialAction\":[{\"@type\":\"CommentAction\",\"name\":\"Comment\",\"target\":[\"https:\/\/lyonbondyblog.fr\/LBB\/la-remontada-de-doucet-face-a-aulas\/#respond\"]}]},{\"@type\":\"WebPage\",\"@id\":\"https:\/\/lyonbondyblog.fr\/LBB\/la-remontada-de-doucet-face-a-aulas\/\",\"url\":\"https:\/\/lyonbondyblog.fr\/LBB\/la-remontada-de-doucet-face-a-aulas\/\",\"name\":\"La Remontada de Doucet face \u00e0 Aulas - Lyon Bondy Blog\",\"isPartOf\":{\"@id\":\"https:\/\/lyonbondyblog.fr\/LBB\/#website\"},\"primaryImageOfPage\":{\"@id\":\"https:\/\/lyonbondyblog.fr\/LBB\/la-remontada-de-doucet-face-a-aulas\/#primaryimage\"},\"image\":{\"@id\":\"https:\/\/lyonbondyblog.fr\/LBB\/la-remontada-de-doucet-face-a-aulas\/#primaryimage\"},\"thumbnailUrl\":\"https:\/\/lyonbondyblog.fr\/LBB\/wp-content\/uploads\/2026\/03\/47889E7A-72F5-4081-A213-D9AAEC6D37AD.jpg\",\"datePublished\":\"2026-03-17T11:16:25+00:00\",\"dateModified\":\"2026-03-17T11:22:04+00:00\",\"inLanguage\":\"fr-FR\",\"potentialAction\":[{\"@type\":\"ReadAction\",\"target\":[\"https:\/\/lyonbondyblog.fr\/LBB\/la-remontada-de-doucet-face-a-aulas\/\"]}]},{\"@type\":\"ImageObject\",\"inLanguage\":\"fr-FR\",\"@id\":\"https:\/\/lyonbondyblog.fr\/LBB\/la-remontada-de-doucet-face-a-aulas\/#primaryimage\",\"url\":\"https:\/\/lyonbondyblog.fr\/LBB\/wp-content\/uploads\/2026\/03\/47889E7A-72F5-4081-A213-D9AAEC6D37AD.jpg\",\"contentUrl\":\"https:\/\/lyonbondyblog.fr\/LBB\/wp-content\/uploads\/2026\/03\/47889E7A-72F5-4081-A213-D9AAEC6D37AD.jpg\",\"width\":589,\"height\":652},{\"@type\":\"WebSite\",\"@id\":\"https:\/\/lyonbondyblog.fr\/LBB\/#website\",\"url\":\"https:\/\/lyonbondyblog.fr\/LBB\/\",\"name\":\"Lyon Bondy Blog\",\"description\":\"\",\"publisher\":{\"@id\":\"https:\/\/lyonbondyblog.fr\/LBB\/#organization\"},\"potentialAction\":[{\"@type\":\"SearchAction\",\"target\":{\"@type\":\"EntryPoint\",\"urlTemplate\":\"https:\/\/lyonbondyblog.fr\/LBB\/?s={search_term_string}\"},\"query-input\":\"required name=search_term_string\"}],\"inLanguage\":\"fr-FR\"},{\"@type\":\"Organization\",\"@id\":\"https:\/\/lyonbondyblog.fr\/LBB\/#organization\",\"name\":\"LYON BONDY BLOG\",\"url\":\"https:\/\/lyonbondyblog.fr\/LBB\/\",\"logo\":{\"@type\":\"ImageObject\",\"inLanguage\":\"fr-FR\",\"@id\":\"https:\/\/lyonbondyblog.fr\/LBB\/#\/schema\/logo\/image\/\",\"url\":\"http:\/\/lyonbondyblog.fr\/LBB\/wp-content\/uploads\/2014\/10\/logo-portable-144.png\",\"contentUrl\":\"http:\/\/lyonbondyblog.fr\/LBB\/wp-content\/uploads\/2014\/10\/logo-portable-144.png\",\"width\":144,\"height\":123,\"caption\":\"LYON BONDY BLOG\"},\"image\":{\"@id\":\"https:\/\/lyonbondyblog.fr\/LBB\/#\/schema\/logo\/image\/\"},\"sameAs\":[\"https:\/\/www.facebook.com\/lyonbondyblog\",\"https:\/\/x.com\/bondybloglyon\"]},{\"@type\":\"Person\",\"@id\":\"https:\/\/lyonbondyblog.fr\/LBB\/#\/schema\/person\/5e9904261c1f613c8e6ea22045b1353d\",\"name\":\"Etienne Aazzab\",\"description\":\"Etienne a contribu\u00e9 depuis 2 ans dans le journal satirique FOUTOU\u2019ART. Il a int\u00e9gr\u00e9 l\u2019\u00e9quipe du \u00ab clic 2014 \u00bb : Collectif local d\u2019informations citoyennes \u00e0 partir de novembre 2013. Il rejoint le Lyon Bondy Blog \u00e0 partir de janvier 2014. Twitter : @AazzabEtienne Ses sujets de pr\u00e9dilection : #Politique #Soci\u00e9t\u00e9 #Sport\",\"sameAs\":[\"https:\/\/x.com\/AazzabEtienne\"],\"url\":\"https:\/\/lyonbondyblog.fr\/LBB\/author\/etienne\/\"}]}<\/script>\n<!-- \/ Yoast SEO plugin. -->","yoast_head_json":{"title":"La Remontada de Doucet face \u00e0 Aulas - Lyon Bondy Blog","robots":{"index":"index","follow":"follow","max-snippet":"max-snippet:-1","max-image-preview":"max-image-preview:large","max-video-preview":"max-video-preview:-1"},"canonical":"https:\/\/lyonbondyblog.fr\/LBB\/la-remontada-de-doucet-face-a-aulas\/","og_locale":"fr_FR","og_type":"article","og_title":"La Remontada de Doucet face \u00e0 Aulas - Lyon Bondy Blog","og_description":"Alors que les m\u00e9dias institutionnels pr\u00e9disaient une fin de match pr\u00e9matur\u00e9e pour la municipalit\u00e9 \u00e9cologiste, les r\u00e9sultats du premier tour viennent de bousculer tous les &hellip;","og_url":"https:\/\/lyonbondyblog.fr\/LBB\/la-remontada-de-doucet-face-a-aulas\/","og_site_name":"Lyon Bondy Blog","article_publisher":"https:\/\/www.facebook.com\/lyonbondyblog","article_published_time":"2026-03-17T11:16:25+00:00","article_modified_time":"2026-03-17T11:22:04+00:00","og_image":[{"width":589,"height":652,"url":"https:\/\/lyonbondyblog.fr\/LBB\/wp-content\/uploads\/2026\/03\/47889E7A-72F5-4081-A213-D9AAEC6D37AD.jpg","type":"image\/jpeg"}],"author":"Etienne Aazzab","twitter_card":"summary_large_image","twitter_creator":"@AazzabEtienne","twitter_site":"@bondybloglyon","schema":{"@context":"https:\/\/schema.org","@graph":[{"@type":"Article","@id":"https:\/\/lyonbondyblog.fr\/LBB\/la-remontada-de-doucet-face-a-aulas\/#article","isPartOf":{"@id":"https:\/\/lyonbondyblog.fr\/LBB\/la-remontada-de-doucet-face-a-aulas\/"},"author":{"name":"Etienne Aazzab","@id":"https:\/\/lyonbondyblog.fr\/LBB\/#\/schema\/person\/5e9904261c1f613c8e6ea22045b1353d"},"headline":"La Remontada de Doucet face \u00e0 Aulas","datePublished":"2026-03-17T11:16:25+00:00","dateModified":"2026-03-17T11:22:04+00:00","mainEntityOfPage":{"@id":"https:\/\/lyonbondyblog.fr\/LBB\/la-remontada-de-doucet-face-a-aulas\/"},"wordCount":213,"commentCount":0,"publisher":{"@id":"https:\/\/lyonbondyblog.fr\/LBB\/#organization"},"image":{"@id":"https:\/\/lyonbondyblog.fr\/LBB\/la-remontada-de-doucet-face-a-aulas\/#primaryimage"},"thumbnailUrl":"https:\/\/lyonbondyblog.fr\/LBB\/wp-content\/uploads\/2026\/03\/47889E7A-72F5-4081-A213-D9AAEC6D37AD.jpg","articleSection":["Humour","Lyon","M\u00e9tropole","Politique"],"inLanguage":"fr-FR","potentialAction":[{"@type":"CommentAction","name":"Comment","target":["https:\/\/lyonbondyblog.fr\/LBB\/la-remontada-de-doucet-face-a-aulas\/#respond"]}]},{"@type":"WebPage","@id":"https:\/\/lyonbondyblog.fr\/LBB\/la-remontada-de-doucet-face-a-aulas\/","url":"https:\/\/lyonbondyblog.fr\/LBB\/la-remontada-de-doucet-face-a-aulas\/","name":"La Remontada de Doucet face \u00e0 Aulas - Lyon Bondy Blog","isPartOf":{"@id":"https:\/\/lyonbondyblog.fr\/LBB\/#website"},"primaryImageOfPage":{"@id":"https:\/\/lyonbondyblog.fr\/LBB\/la-remontada-de-doucet-face-a-aulas\/#primaryimage"},"image":{"@id":"https:\/\/lyonbondyblog.fr\/LBB\/la-remontada-de-doucet-face-a-aulas\/#primaryimage"},"thumbnailUrl":"https:\/\/lyonbondyblog.fr\/LBB\/wp-content\/uploads\/2026\/03\/47889E7A-72F5-4081-A213-D9AAEC6D37AD.jpg","datePublished":"2026-03-17T11:16:25+00:00","dateModified":"2026-03-17T11:22:04+00:00","inLanguage":"fr-FR","potentialAction":[{"@type":"ReadAction","target":["https:\/\/lyonbondyblog.fr\/LBB\/la-remontada-de-doucet-face-a-aulas\/"]}]},{"@type":"ImageObject","inLanguage":"fr-FR","@id":"https:\/\/lyonbondyblog.fr\/LBB\/la-remontada-de-doucet-face-a-aulas\/#primaryimage","url":"https:\/\/lyonbondyblog.fr\/LBB\/wp-content\/uploads\/2026\/03\/47889E7A-72F5-4081-A213-D9AAEC6D37AD.jpg","contentUrl":"https:\/\/lyonbondyblog.fr\/LBB\/wp-content\/uploads\/2026\/03\/47889E7A-72F5-4081-A213-D9AAEC6D37AD.jpg","width":589,"height":652},{"@type":"WebSite","@id":"https:\/\/lyonbondyblog.fr\/LBB\/#website","url":"https:\/\/lyonbondyblog.fr\/LBB\/","name":"Lyon Bondy Blog","description":"","publisher":{"@id":"https:\/\/lyonbondyblog.fr\/LBB\/#organization"},"potentialAction":[{"@type":"SearchAction","target":{"@type":"EntryPoint","urlTemplate":"https:\/\/lyonbondyblog.fr\/LBB\/?s={search_term_string}"},"query-input":"required name=search_term_string"}],"inLanguage":"fr-FR"},{"@type":"Organization","@id":"https:\/\/lyonbondyblog.fr\/LBB\/#organization","name":"LYON BONDY BLOG","url":"https:\/\/lyonbondyblog.fr\/LBB\/","logo":{"@type":"ImageObject","inLanguage":"fr-FR","@id":"https:\/\/lyonbondyblog.fr\/LBB\/#\/schema\/logo\/image\/","url":"http:\/\/lyonbondyblog.fr\/LBB\/wp-content\/uploads\/2014\/10\/logo-portable-144.png","contentUrl":"http:\/\/lyonbondyblog.fr\/LBB\/wp-content\/uploads\/2014\/10\/logo-portable-144.png","width":144,"height":123,"caption":"LYON BONDY BLOG"},"image":{"@id":"https:\/\/lyonbondyblog.fr\/LBB\/#\/schema\/logo\/image\/"},"sameAs":["https:\/\/www.facebook.com\/lyonbondyblog","https:\/\/x.com\/bondybloglyon"]},{"@type":"Person","@id":"https:\/\/lyonbondyblog.fr\/LBB\/#\/schema\/person\/5e9904261c1f613c8e6ea22045b1353d","name":"Etienne Aazzab","description":"Etienne a contribu\u00e9 depuis 2 ans dans le journal satirique FOUTOU\u2019ART. Il a int\u00e9gr\u00e9 l\u2019\u00e9quipe du \u00ab clic 2014 \u00bb : Collectif local d\u2019informations citoyennes \u00e0 partir de novembre 2013. Il rejoint le Lyon Bondy Blog \u00e0 partir de janvier 2014. Twitter : @AazzabEtienne Ses sujets de pr\u00e9dilection : #Politique #Soci\u00e9t\u00e9 #Sport","sameAs":["https:\/\/x.com\/AazzabEtienne"],"url":"https:\/\/lyonbondyblog.fr\/LBB\/author\/etienne\/"}]}},"_links":{"self":[{"href":"https:\/\/lyonbondyblog.fr\/LBB\/wp-json\/wp\/v2\/posts\/38100","targetHints":{"allow":["GET"]}}],"collection":[{"href":"https:\/\/lyonbondyblog.fr\/LBB\/wp-json\/wp\/v2\/posts"}],"about":[{"href":"https:\/\/lyonbondyblog.fr\/LBB\/wp-json\/wp\/v2\/types\/post"}],"author":[{"embeddable":true,"href":"https:\/\/lyonbondyblog.fr\/LBB\/wp-json\/wp\/v2\/users\/33"}],"replies":[{"embeddable":true,"href":"https:\/\/lyonbondyblog.fr\/LBB\/wp-json\/wp\/v2\/comments?post=38100"}],"version-history":[{"count":4,"href":"https:\/\/lyonbondyblog.fr\/LBB\/wp-json\/wp\/v2\/posts\/38100\/revisions"}],"predecessor-version":[{"id":38105,"href":"https:\/\/lyonbondyblog.fr\/LBB\/wp-json\/wp\/v2\/posts\/38100\/revisions\/38105"}],"wp:featuredmedia":[{"embeddable":true,"href":"https:\/\/lyonbondyblog.fr\/LBB\/wp-json\/wp\/v2\/media\/38101"}],"wp:attachment":[{"href":"https:\/\/lyonbondyblog.fr\/LBB\/wp-json\/wp\/v2\/media?parent=38100"}],"wp:term":[{"taxonomy":"category","embeddable":true,"href":"https:\/\/lyonbondyblog.fr\/LBB\/wp-json\/wp\/v2\/categories?post=38100"},{"taxonomy":"post_tag","embeddable":true,"href":"https:\/\/lyonbondyblog.fr\/LBB\/wp-json\/wp\/v2\/tags?post=38100"}],"curies":[{"name":"wp","href":"https:\/\/api.w.org\/{rel}","templated":true}]}}