{"id":38092,"date":"2026-03-17T17:05:00","date_gmt":"2026-03-17T16:05:00","guid":{"rendered":"https:\/\/lyonbondyblog.fr\/LBB\/?p=38092"},"modified":"2026-04-07T10:36:45","modified_gmt":"2026-04-07T08:36:45","slug":"__trashed-2","status":"publish","type":"post","link":"https:\/\/lyonbondyblog.fr\/LBB\/__trashed-2\/","title":{"rendered":"Municipales et m\u00e9tropolitaines 2026 : Quelle sera la suite ?"},"content":{"rendered":"\n<p><strong>Dans la course \u00e0 la mairie centrale de Lyon, l\u2019Union de la Gauche et des \u00c9cologistes, en t\u00eate au premier tour, et d\u00e9sormais forte de sa fusion avec la liste Insoumise \u201cFaire mieux pour Lyon\u201d semble favorite pour le deuxi\u00e8me tour ce dimanche. Mais qu\u2019en est-il du reste de la m\u00e9tropole ?&nbsp;<\/strong><\/p>\n\n\n\n<p>L\u2019Est Lyonnais, et plus g\u00e9n\u00e9ralement ce qui formait la petite couronne de l\u2019agglom\u00e9ration lyonnaise, voit les fiefs de la banlieue rouge tomber peu \u00e0 peu. Si<a href=\"https:\/\/lyonbondyblog.fr\/LBB\/insoumis-et-socialistes-se-battent-pour-le-leadership-de-lest-lyonnais\/\"> les communes des 3V <\/a>(Villeurbanne, V\u00e9nissieux et Vaulx-en-Velin) resteront vraisemblablement \u00e0 gauche, les autres communes historiquement ouvri\u00e8res de l\u2019est et du sud sont d\u00e9j\u00e0 devenues des bastions de la droite, et forment ce qu\u2019on appelle aujourd\u2019hui la \u201cceinture bleue\u201d.&nbsp;<\/p>\n\n\n\n<p>A Rilleux-la-Pape, le maire sortant Alexandre Vincendet est d\u2019ores et d\u00e9j\u00e0 r\u00e9\u00e9lu d\u00e8s le premier tour, avec un score de 72,67%. Idem pour les maires sortants de Bron, Oullins Pierre-B\u00e9nite, et Saint-Priest, r\u00e9\u00e9lus eux aussi au premier tour confirmant ainsi la dynamique lanc\u00e9e par les victoires de 2014 et 2020 (Bron). <a href=\"https:\/\/lyonbondyblog.fr\/LBB\/municipales-2026-tout-se-passera-au-second-tour\/\">Ces r\u00e9sultats du premier tour<\/a> ne sont donc pas une surprise mais une confirmation pour ces maires qui se disent \u201cboucliers\u201d des politiques men\u00e9es dans le centre de la m\u00e9tropole.&nbsp;<\/p>\n\n\n\n<figure class=\"wp-block-image size-full\"><img loading=\"lazy\" decoding=\"async\" width=\"1200\" height=\"700\" src=\"https:\/\/lyonbondyblog.fr\/LBB\/wp-content\/uploads\/2026\/03\/Code_Generated_Image-1.png\" alt=\"\" class=\"wp-image-38093\" srcset=\"https:\/\/lyonbondyblog.fr\/LBB\/wp-content\/uploads\/2026\/03\/Code_Generated_Image-1.png 1200w, https:\/\/lyonbondyblog.fr\/LBB\/wp-content\/uploads\/2026\/03\/Code_Generated_Image-1-768x448.png 768w\" sizes=\"auto, (max-width: 1200px) 100vw, 1200px\" \/><\/figure>\n\n\n\n<p>Cependant il est important d\u2019inscrire ces succ\u00e8s municipaux massifs dans une strat\u00e9gie plus vaste, qui est la conqu\u00eate de la pr\u00e9sidence de la m\u00e9tropole par la droite. Car dans les circonscriptions m\u00e9tropolitaines, le poids du maire sortant est d\u00e9terminant. L\u00e0 o\u00f9 la droite, d\u00e9sunie, avait \u00e9chou\u00e9 en 2020, elle r\u00e9ussit maintenant, <a href=\"https:\/\/lyonbondyblog.fr\/LBB\/eric-lafond-grand-coeur-lyonnais-prone-le-bon-sens-et-la-proximite\/\">derri\u00e8re Jean-Michel Aulas<\/a>, \u00e0 remporter 37 si\u00e8ges d\u00e8s le premier tour sur les 76 n\u00e9cessaires \u00e0 une majorit\u00e9 absolue. Cette perc\u00e9e est notamment due au duo Sarselli-Gascon, qui dans leurs secteurs respectifs de l&rsquo;Ouest et Portes des Alpes, aid\u00e9s par Vincendet sur Plateau Nord-Caluire, apportent au camp Aulas ses plus grands contingents de si\u00e8ges. Tout le paradoxe est l\u00e0, la droite est h\u00e9g\u00e9monique dans les quartiers populaires mais peine encore dans le centre de la m\u00e9tropole, \u00e0 Lyon et Villeurbanne notamment.&nbsp;<\/p>\n\n\n\n<p class=\"has-text-align-right\">Hadrien Metton<\/p>\n<!-- AddThis Advanced Settings generic via filter on the_content --><!-- AddThis Share Buttons generic via filter on the_content -->","protected":false},"excerpt":{"rendered":"<p>Dans la course \u00e0 la mairie centrale de Lyon, l\u2019Union de la Gauche et des \u00c9cologistes, en t\u00eate au premier tour, et d\u00e9sormais forte de &hellip; <!-- AddThis Advanced Settings generic via filter on wp_trim_excerpt --><!-- AddThis Share Buttons generic via filter on wp_trim_excerpt --><\/p>\n","protected":false},"author":33,"featured_media":14661,"comment_status":"open","ping_status":"open","sticky":true,"template":"","format":"standard","meta":{"_FSMCFIC_featured_image_caption":"","_FSMCFIC_featured_image_nocaption":"","_FSMCFIC_featured_image_hide":"","footnotes":""},"categories":[23127,24813,22685,4,22015,28441,6,13014,3891,6974,10388],"tags":[],"class_list":["post-38092","post","type-post","status-publish","format-standard","has-post-thumbnail","hentry","category-bron","category-caluire","category-doucet","category-lyon","category-metropole","category-municipales-2026","category-politique","category-saint-priest","category-vaulx-en-velin","category-venissieux","category-villeurbanne"],"yoast_head":"<!-- This site is optimized with the Yoast SEO plugin v22.8 - https:\/\/yoast.com\/wordpress\/plugins\/seo\/ -->\n<title>Municipales et m\u00e9tropolitaines 2026 : Quelle sera la suite ? - Lyon Bondy Blog<\/title>\n<meta name=\"robots\" content=\"index, follow, max-snippet:-1, max-image-preview:large, max-video-preview:-1\" \/>\n<link rel=\"canonical\" href=\"https:\/\/lyonbondyblog.fr\/LBB\/__trashed-2\/\" \/>\n<meta property=\"og:locale\" content=\"fr_FR\" \/>\n<meta property=\"og:type\" content=\"article\" \/>\n<meta property=\"og:title\" content=\"Municipales et m\u00e9tropolitaines 2026 : Quelle sera la suite ? - Lyon Bondy Blog\" \/>\n<meta property=\"og:description\" content=\"Dans la course \u00e0 la mairie centrale de Lyon, l\u2019Union de la Gauche et des \u00c9cologistes, en t\u00eate au premier tour, et d\u00e9sormais forte de &hellip;\" \/>\n<meta property=\"og:url\" content=\"https:\/\/lyonbondyblog.fr\/LBB\/__trashed-2\/\" \/>\n<meta property=\"og:site_name\" content=\"Lyon Bondy Blog\" \/>\n<meta property=\"article:publisher\" content=\"https:\/\/www.facebook.com\/lyonbondyblog\" \/>\n<meta property=\"article:published_time\" content=\"2026-03-17T16:05:00+00:00\" \/>\n<meta property=\"article:modified_time\" content=\"2026-04-07T08:36:45+00:00\" \/>\n<meta property=\"og:image\" content=\"https:\/\/lyonbondyblog.fr\/LBB\/wp-content\/uploads\/2018\/11\/H\u00f4tel_de_ville_-_Lyon.jpg\" \/>\n\t<meta property=\"og:image:width\" content=\"3072\" \/>\n\t<meta property=\"og:image:height\" content=\"2304\" \/>\n\t<meta property=\"og:image:type\" content=\"image\/jpeg\" \/>\n<meta name=\"author\" content=\"Etienne Aazzab\" \/>\n<meta name=\"twitter:card\" content=\"summary_large_image\" \/>\n<meta name=\"twitter:creator\" content=\"@AazzabEtienne\" \/>\n<meta name=\"twitter:site\" content=\"@bondybloglyon\" \/>\n<script type=\"application\/ld+json\" class=\"yoast-schema-graph\">{\"@context\":\"https:\/\/schema.org\",\"@graph\":[{\"@type\":\"Article\",\"@id\":\"https:\/\/lyonbondyblog.fr\/LBB\/__trashed-2\/#article\",\"isPartOf\":{\"@id\":\"https:\/\/lyonbondyblog.fr\/LBB\/__trashed-2\/\"},\"author\":{\"name\":\"Etienne Aazzab\",\"@id\":\"https:\/\/lyonbondyblog.fr\/LBB\/#\/schema\/person\/5e9904261c1f613c8e6ea22045b1353d\"},\"headline\":\"Municipales et m\u00e9tropolitaines 2026 : Quelle sera la suite ?\",\"datePublished\":\"2026-03-17T16:05:00+00:00\",\"dateModified\":\"2026-04-07T08:36:45+00:00\",\"mainEntityOfPage\":{\"@id\":\"https:\/\/lyonbondyblog.fr\/LBB\/__trashed-2\/\"},\"wordCount\":378,\"commentCount\":0,\"publisher\":{\"@id\":\"https:\/\/lyonbondyblog.fr\/LBB\/#organization\"},\"image\":{\"@id\":\"https:\/\/lyonbondyblog.fr\/LBB\/__trashed-2\/#primaryimage\"},\"thumbnailUrl\":\"https:\/\/lyonbondyblog.fr\/LBB\/wp-content\/uploads\/2018\/11\/H\u00f4tel_de_ville_-_Lyon.jpg\",\"articleSection\":[\"Bron\",\"Caluire\",\"Doucet\",\"Lyon\",\"M\u00e9tropole\",\"Municipales 2026\",\"Politique\",\"Saint Priest\",\"Vaulx-en-Velin\",\"V\u00e9nissieux\",\"Villeurbanne\"],\"inLanguage\":\"fr-FR\",\"potentialAction\":[{\"@type\":\"CommentAction\",\"name\":\"Comment\",\"target\":[\"https:\/\/lyonbondyblog.fr\/LBB\/__trashed-2\/#respond\"]}]},{\"@type\":\"WebPage\",\"@id\":\"https:\/\/lyonbondyblog.fr\/LBB\/__trashed-2\/\",\"url\":\"https:\/\/lyonbondyblog.fr\/LBB\/__trashed-2\/\",\"name\":\"Municipales et m\u00e9tropolitaines 2026 : Quelle sera la suite ? - Lyon Bondy Blog\",\"isPartOf\":{\"@id\":\"https:\/\/lyonbondyblog.fr\/LBB\/#website\"},\"primaryImageOfPage\":{\"@id\":\"https:\/\/lyonbondyblog.fr\/LBB\/__trashed-2\/#primaryimage\"},\"image\":{\"@id\":\"https:\/\/lyonbondyblog.fr\/LBB\/__trashed-2\/#primaryimage\"},\"thumbnailUrl\":\"https:\/\/lyonbondyblog.fr\/LBB\/wp-content\/uploads\/2018\/11\/H\u00f4tel_de_ville_-_Lyon.jpg\",\"datePublished\":\"2026-03-17T16:05:00+00:00\",\"dateModified\":\"2026-04-07T08:36:45+00:00\",\"inLanguage\":\"fr-FR\",\"potentialAction\":[{\"@type\":\"ReadAction\",\"target\":[\"https:\/\/lyonbondyblog.fr\/LBB\/__trashed-2\/\"]}]},{\"@type\":\"ImageObject\",\"inLanguage\":\"fr-FR\",\"@id\":\"https:\/\/lyonbondyblog.fr\/LBB\/__trashed-2\/#primaryimage\",\"url\":\"https:\/\/lyonbondyblog.fr\/LBB\/wp-content\/uploads\/2018\/11\/H\u00f4tel_de_ville_-_Lyon.jpg\",\"contentUrl\":\"https:\/\/lyonbondyblog.fr\/LBB\/wp-content\/uploads\/2018\/11\/H\u00f4tel_de_ville_-_Lyon.jpg\",\"width\":3072,\"height\":2304},{\"@type\":\"WebSite\",\"@id\":\"https:\/\/lyonbondyblog.fr\/LBB\/#website\",\"url\":\"https:\/\/lyonbondyblog.fr\/LBB\/\",\"name\":\"Lyon Bondy Blog\",\"description\":\"\",\"publisher\":{\"@id\":\"https:\/\/lyonbondyblog.fr\/LBB\/#organization\"},\"potentialAction\":[{\"@type\":\"SearchAction\",\"target\":{\"@type\":\"EntryPoint\",\"urlTemplate\":\"https:\/\/lyonbondyblog.fr\/LBB\/?s={search_term_string}\"},\"query-input\":\"required name=search_term_string\"}],\"inLanguage\":\"fr-FR\"},{\"@type\":\"Organization\",\"@id\":\"https:\/\/lyonbondyblog.fr\/LBB\/#organization\",\"name\":\"LYON BONDY BLOG\",\"url\":\"https:\/\/lyonbondyblog.fr\/LBB\/\",\"logo\":{\"@type\":\"ImageObject\",\"inLanguage\":\"fr-FR\",\"@id\":\"https:\/\/lyonbondyblog.fr\/LBB\/#\/schema\/logo\/image\/\",\"url\":\"http:\/\/lyonbondyblog.fr\/LBB\/wp-content\/uploads\/2014\/10\/logo-portable-144.png\",\"contentUrl\":\"http:\/\/lyonbondyblog.fr\/LBB\/wp-content\/uploads\/2014\/10\/logo-portable-144.png\",\"width\":144,\"height\":123,\"caption\":\"LYON BONDY BLOG\"},\"image\":{\"@id\":\"https:\/\/lyonbondyblog.fr\/LBB\/#\/schema\/logo\/image\/\"},\"sameAs\":[\"https:\/\/www.facebook.com\/lyonbondyblog\",\"https:\/\/x.com\/bondybloglyon\"]},{\"@type\":\"Person\",\"@id\":\"https:\/\/lyonbondyblog.fr\/LBB\/#\/schema\/person\/5e9904261c1f613c8e6ea22045b1353d\",\"name\":\"Etienne Aazzab\",\"description\":\"Etienne a contribu\u00e9 depuis 2 ans dans le journal satirique FOUTOU\u2019ART. Il a int\u00e9gr\u00e9 l\u2019\u00e9quipe du \u00ab clic 2014 \u00bb : Collectif local d\u2019informations citoyennes \u00e0 partir de novembre 2013. Il rejoint le Lyon Bondy Blog \u00e0 partir de janvier 2014. Twitter : @AazzabEtienne Ses sujets de pr\u00e9dilection : #Politique #Soci\u00e9t\u00e9 #Sport\",\"sameAs\":[\"https:\/\/x.com\/AazzabEtienne\"],\"url\":\"https:\/\/lyonbondyblog.fr\/LBB\/author\/etienne\/\"}]}<\/script>\n<!-- \/ Yoast SEO plugin. -->","yoast_head_json":{"title":"Municipales et m\u00e9tropolitaines 2026 : Quelle sera la suite ? - Lyon Bondy Blog","robots":{"index":"index","follow":"follow","max-snippet":"max-snippet:-1","max-image-preview":"max-image-preview:large","max-video-preview":"max-video-preview:-1"},"canonical":"https:\/\/lyonbondyblog.fr\/LBB\/__trashed-2\/","og_locale":"fr_FR","og_type":"article","og_title":"Municipales et m\u00e9tropolitaines 2026 : Quelle sera la suite ? - Lyon Bondy Blog","og_description":"Dans la course \u00e0 la mairie centrale de Lyon, l\u2019Union de la Gauche et des \u00c9cologistes, en t\u00eate au premier tour, et d\u00e9sormais forte de &hellip;","og_url":"https:\/\/lyonbondyblog.fr\/LBB\/__trashed-2\/","og_site_name":"Lyon Bondy Blog","article_publisher":"https:\/\/www.facebook.com\/lyonbondyblog","article_published_time":"2026-03-17T16:05:00+00:00","article_modified_time":"2026-04-07T08:36:45+00:00","og_image":[{"width":3072,"height":2304,"url":"https:\/\/lyonbondyblog.fr\/LBB\/wp-content\/uploads\/2018\/11\/H\u00f4tel_de_ville_-_Lyon.jpg","type":"image\/jpeg"}],"author":"Etienne Aazzab","twitter_card":"summary_large_image","twitter_creator":"@AazzabEtienne","twitter_site":"@bondybloglyon","schema":{"@context":"https:\/\/schema.org","@graph":[{"@type":"Article","@id":"https:\/\/lyonbondyblog.fr\/LBB\/__trashed-2\/#article","isPartOf":{"@id":"https:\/\/lyonbondyblog.fr\/LBB\/__trashed-2\/"},"author":{"name":"Etienne Aazzab","@id":"https:\/\/lyonbondyblog.fr\/LBB\/#\/schema\/person\/5e9904261c1f613c8e6ea22045b1353d"},"headline":"Municipales et m\u00e9tropolitaines 2026 : Quelle sera la suite ?","datePublished":"2026-03-17T16:05:00+00:00","dateModified":"2026-04-07T08:36:45+00:00","mainEntityOfPage":{"@id":"https:\/\/lyonbondyblog.fr\/LBB\/__trashed-2\/"},"wordCount":378,"commentCount":0,"publisher":{"@id":"https:\/\/lyonbondyblog.fr\/LBB\/#organization"},"image":{"@id":"https:\/\/lyonbondyblog.fr\/LBB\/__trashed-2\/#primaryimage"},"thumbnailUrl":"https:\/\/lyonbondyblog.fr\/LBB\/wp-content\/uploads\/2018\/11\/H\u00f4tel_de_ville_-_Lyon.jpg","articleSection":["Bron","Caluire","Doucet","Lyon","M\u00e9tropole","Municipales 2026","Politique","Saint Priest","Vaulx-en-Velin","V\u00e9nissieux","Villeurbanne"],"inLanguage":"fr-FR","potentialAction":[{"@type":"CommentAction","name":"Comment","target":["https:\/\/lyonbondyblog.fr\/LBB\/__trashed-2\/#respond"]}]},{"@type":"WebPage","@id":"https:\/\/lyonbondyblog.fr\/LBB\/__trashed-2\/","url":"https:\/\/lyonbondyblog.fr\/LBB\/__trashed-2\/","name":"Municipales et m\u00e9tropolitaines 2026 : Quelle sera la suite ? - Lyon Bondy Blog","isPartOf":{"@id":"https:\/\/lyonbondyblog.fr\/LBB\/#website"},"primaryImageOfPage":{"@id":"https:\/\/lyonbondyblog.fr\/LBB\/__trashed-2\/#primaryimage"},"image":{"@id":"https:\/\/lyonbondyblog.fr\/LBB\/__trashed-2\/#primaryimage"},"thumbnailUrl":"https:\/\/lyonbondyblog.fr\/LBB\/wp-content\/uploads\/2018\/11\/H\u00f4tel_de_ville_-_Lyon.jpg","datePublished":"2026-03-17T16:05:00+00:00","dateModified":"2026-04-07T08:36:45+00:00","inLanguage":"fr-FR","potentialAction":[{"@type":"ReadAction","target":["https:\/\/lyonbondyblog.fr\/LBB\/__trashed-2\/"]}]},{"@type":"ImageObject","inLanguage":"fr-FR","@id":"https:\/\/lyonbondyblog.fr\/LBB\/__trashed-2\/#primaryimage","url":"https:\/\/lyonbondyblog.fr\/LBB\/wp-content\/uploads\/2018\/11\/H\u00f4tel_de_ville_-_Lyon.jpg","contentUrl":"https:\/\/lyonbondyblog.fr\/LBB\/wp-content\/uploads\/2018\/11\/H\u00f4tel_de_ville_-_Lyon.jpg","width":3072,"height":2304},{"@type":"WebSite","@id":"https:\/\/lyonbondyblog.fr\/LBB\/#website","url":"https:\/\/lyonbondyblog.fr\/LBB\/","name":"Lyon Bondy Blog","description":"","publisher":{"@id":"https:\/\/lyonbondyblog.fr\/LBB\/#organization"},"potentialAction":[{"@type":"SearchAction","target":{"@type":"EntryPoint","urlTemplate":"https:\/\/lyonbondyblog.fr\/LBB\/?s={search_term_string}"},"query-input":"required name=search_term_string"}],"inLanguage":"fr-FR"},{"@type":"Organization","@id":"https:\/\/lyonbondyblog.fr\/LBB\/#organization","name":"LYON BONDY BLOG","url":"https:\/\/lyonbondyblog.fr\/LBB\/","logo":{"@type":"ImageObject","inLanguage":"fr-FR","@id":"https:\/\/lyonbondyblog.fr\/LBB\/#\/schema\/logo\/image\/","url":"http:\/\/lyonbondyblog.fr\/LBB\/wp-content\/uploads\/2014\/10\/logo-portable-144.png","contentUrl":"http:\/\/lyonbondyblog.fr\/LBB\/wp-content\/uploads\/2014\/10\/logo-portable-144.png","width":144,"height":123,"caption":"LYON BONDY BLOG"},"image":{"@id":"https:\/\/lyonbondyblog.fr\/LBB\/#\/schema\/logo\/image\/"},"sameAs":["https:\/\/www.facebook.com\/lyonbondyblog","https:\/\/x.com\/bondybloglyon"]},{"@type":"Person","@id":"https:\/\/lyonbondyblog.fr\/LBB\/#\/schema\/person\/5e9904261c1f613c8e6ea22045b1353d","name":"Etienne Aazzab","description":"Etienne a contribu\u00e9 depuis 2 ans dans le journal satirique FOUTOU\u2019ART. Il a int\u00e9gr\u00e9 l\u2019\u00e9quipe du \u00ab clic 2014 \u00bb : Collectif local d\u2019informations citoyennes \u00e0 partir de novembre 2013. Il rejoint le Lyon Bondy Blog \u00e0 partir de janvier 2014. Twitter : @AazzabEtienne Ses sujets de pr\u00e9dilection : #Politique #Soci\u00e9t\u00e9 #Sport","sameAs":["https:\/\/x.com\/AazzabEtienne"],"url":"https:\/\/lyonbondyblog.fr\/LBB\/author\/etienne\/"}]}},"_links":{"self":[{"href":"https:\/\/lyonbondyblog.fr\/LBB\/wp-json\/wp\/v2\/posts\/38092","targetHints":{"allow":["GET"]}}],"collection":[{"href":"https:\/\/lyonbondyblog.fr\/LBB\/wp-json\/wp\/v2\/posts"}],"about":[{"href":"https:\/\/lyonbondyblog.fr\/LBB\/wp-json\/wp\/v2\/types\/post"}],"author":[{"embeddable":true,"href":"https:\/\/lyonbondyblog.fr\/LBB\/wp-json\/wp\/v2\/users\/33"}],"replies":[{"embeddable":true,"href":"https:\/\/lyonbondyblog.fr\/LBB\/wp-json\/wp\/v2\/comments?post=38092"}],"version-history":[{"count":9,"href":"https:\/\/lyonbondyblog.fr\/LBB\/wp-json\/wp\/v2\/posts\/38092\/revisions"}],"predecessor-version":[{"id":38195,"href":"https:\/\/lyonbondyblog.fr\/LBB\/wp-json\/wp\/v2\/posts\/38092\/revisions\/38195"}],"wp:featuredmedia":[{"embeddable":true,"href":"https:\/\/lyonbondyblog.fr\/LBB\/wp-json\/wp\/v2\/media\/14661"}],"wp:attachment":[{"href":"https:\/\/lyonbondyblog.fr\/LBB\/wp-json\/wp\/v2\/media?parent=38092"}],"wp:term":[{"taxonomy":"category","embeddable":true,"href":"https:\/\/lyonbondyblog.fr\/LBB\/wp-json\/wp\/v2\/categories?post=38092"},{"taxonomy":"post_tag","embeddable":true,"href":"https:\/\/lyonbondyblog.fr\/LBB\/wp-json\/wp\/v2\/tags?post=38092"}],"curies":[{"name":"wp","href":"https:\/\/api.w.org\/{rel}","templated":true}]}}