{"id":38062,"date":"2026-03-16T00:46:36","date_gmt":"2026-03-15T23:46:36","guid":{"rendered":"https:\/\/lyonbondyblog.fr\/LBB\/?p=38062"},"modified":"2026-03-16T02:12:46","modified_gmt":"2026-03-16T01:12:46","slug":"municipales-2026-tout-se-passera-au-second-tour","status":"publish","type":"post","link":"https:\/\/lyonbondyblog.fr\/LBB\/municipales-2026-tout-se-passera-au-second-tour\/","title":{"rendered":"Municipales 2026 : Tout se passera au second tour"},"content":{"rendered":"\n<p><strong>Le Lyon Bondy Blog a suivi pour vous  toute la soir\u00e9e des \u00e9lections municipales et m\u00e9tropolitaines 2026 \u00e0 la Pr\u00e9fecture du Rh\u00f4ne. D\u00e9cryptage des r\u00e9sultats des \u00e9lections 2026 dans le Rh\u00f4ne.<\/strong><\/p>\n\n\n\n<p>Les candidats \u00e0 la mairie des diff\u00e9rentes communes de la m\u00e9tropole lyonnaise sont arriv\u00e9s progressivement \u00e0 la pr\u00e9fecture, tous sur leur trente-un. Bien que le match entre Aulas et Doucet, coudes \u00e0 coudes avant le second tour de dimanche prochain, prenait la majorit\u00e9 de l&rsquo;espace, les autres communes de la m\u00e9tropole voient pour leur avenir se dessiner peu \u00e0 peu. <\/p>\n\n\n\n<p>Revenons dans l&rsquo;est lyonnais o\u00f9 la bataille va \u00eatre rude entre les insoumis et les socialistes notamment dans les 3V (Villeurbanne, V\u00e9nissieux et Vaulx-en-Velin)<\/p>\n\n\n\n<h2 class=\"wp-block-heading\">A Villeurbanne, les socialistes dominent le scrutin du premier tour<\/h2>\n\n\n\n<p>Le maire sortant C\u00e9dric Van Styvendael (PS) arrive largement en t\u00eate devant Jean-Paul Bret (DVG) et Matthieu Garabedian pour les insoumis. Sophie Cruz pour les LR arrive en quatri\u00e8me position, et le RN sera pr\u00e9sent au deuxi\u00e8me tour avec 11% des voix. Le candidat socialiste pourra donc peut-\u00eatre se passer des insoumis au deuxi\u00e8me tour, a voir notamment avec les r\u00e9sultats sur la circonscription villeurbannaise. Si Bret est le grand myst\u00e8re pour le deuxi\u00e8me tour, les insoumis restent les grands perdants de ce premier tour et les socialistes en sortent grandi.<\/p>\n\n\n\n<h2 class=\"wp-block-heading\">V\u00e9nissieux, les communistes ont eu chaud pour la municipale<\/h2>\n\n\n\n<p>Arriv\u00e9s en t\u00eate au premier tour, devant le d\u00e9put\u00e9 Idir Boumertit, les communistes vont pouvoir garder leur bastion historique. En revanche, c&rsquo;est le contraire sur la circonscription Portes du Sud : comment communistes et insoumis vont discuter, sur quelles positions et surtout jongler pour apporter le plus de si\u00e8ges \u00e0 Bruno Bernard ? Car pour lui apporter une majorit\u00e9 \u00e0 la m\u00e9tropole, chaque si\u00e8ge va compter face \u00e0 la menace de V\u00e9ronique Sarselli (Grand Coeur Lyonnais).<\/p>\n\n\n\n<figure class=\"wp-block-image size-large\"><img loading=\"lazy\" decoding=\"async\" width=\"1920\" height=\"1440\" src=\"https:\/\/lyonbondyblog.fr\/LBB\/wp-content\/uploads\/2026\/03\/unnamed-2-1920x1440.jpg\" alt=\"\" class=\"wp-image-38066\" srcset=\"https:\/\/lyonbondyblog.fr\/LBB\/wp-content\/uploads\/2026\/03\/unnamed-2-1920x1440.jpg 1920w, https:\/\/lyonbondyblog.fr\/LBB\/wp-content\/uploads\/2026\/03\/unnamed-2-1200x900.jpg 1200w, https:\/\/lyonbondyblog.fr\/LBB\/wp-content\/uploads\/2026\/03\/unnamed-2-768x576.jpg 768w, https:\/\/lyonbondyblog.fr\/LBB\/wp-content\/uploads\/2026\/03\/unnamed-2-1536x1152.jpg 1536w, https:\/\/lyonbondyblog.fr\/LBB\/wp-content\/uploads\/2026\/03\/unnamed-2-2048x1536.jpg 2048w\" sizes=\"auto, (max-width: 1920px) 100vw, 1920px\" \/><figcaption class=\"wp-element-caption\">L&rsquo;annonce des r\u00e9sultats \u00e0 la pr\u00e9fecture du Rh\u00f4ne<\/figcaption><\/figure>\n\n\n\n<h2 class=\"wp-block-heading\">Vaulx-en-Velin, duel fratricide \u00e0 gauche<\/h2>\n\n\n\n<p>La campagne a battu son plein. Le d\u00e9put\u00e9 en place depuis 2024, a jou\u00e9 son plus mauvais tour \u00e0 H\u00e9l\u00e8ne Geoffroy, en arrivant deuxi\u00e8me au premier tour \u00e0 deux pourcents pr\u00e8s. Christine Bertin avec une candidature de derni\u00e8re minute sous l&rsquo;\u00e9tiquette \u201cCoeur Lyonnais\u201d se permet de chiper 12% aux deux grands favoris. Qui aura la meilleure strat\u00e9gie ? Comme \u00e0 V\u00e9nissieux, les deux jours qui suivent vont \u00eatre tr\u00e8s longs, en particulier pour H\u00e9l\u00e8ne Geoffroy : peut-elle perdre la ville vaudaise si importante pour l&rsquo;ex\u00e9cutif socialiste ? R\u00e9ponse mardi pour les strat\u00e9gies, et dimanche dans les urnes<\/p>\n\n\n\n<h2 class=\"wp-block-heading\">Ces villes populaires que la gauche n\u2019arrivent plus \u00e0 gagner<\/h2>\n\n\n\n<p>Rilleux, Bron et Oullins-Pierre-B\u00e9nite, des villes autrefois socialistes et communistes qui sont tomb\u00e9s dans la nasse de la droite en 2014 et 2020. J\u00e9r\u00f4me Moroge balaie facilement Jean-Charles Kohlhaas au premier tour avec plus de 60% des voix, et Vincendet face \u00e0 une faible concurence continue son r\u00e8gne sur la ville de Rillieux avec 75% des voix. Quant \u00e0 Bron, qui tombe au premier tour aujourd\u2019hui, glace les espoirs communistes, et crucifie les socialistes en ne leur laissant que quatre \u00e9lu(e)s. Saint-Priest reste dans l\u2019escarcelle des LR, avec un Gilles Gascon en mode patron, qui ne laisse que de simples miettes \u00e0 la concurrence.<\/p>\n\n\n\n<h2 class=\"wp-block-heading\">Lyon, la m\u00e9tropole, la centrale et les arrondissements<\/h2>\n\n\n\n<p>A Lyon, Jean-Michel Aulas a le sourire vert. Gr\u00e9gory Doucet lui expliquant la m\u00e9thode d\u2019une remontada. Dans la course \u00e0 la pr\u00e9sidence de la m\u00e9tropole, Veronique Sarselli exulte au premier tour, poussant Bruno Bernard dans ses retranchements. En ce qui concerne les mairies d&rsquo;arrondissement, \u00ab\u00a0Coeur Lyonnais\u00a0\u00bb en remporte deux, le 5 et Le 6. avec Thomas Rudigoz qui reprend des couleurs dans le cinqui\u00e8me et Samuel Soulier qui est \u00e9lu facilement dans le sixi\u00e8me.<\/p>\n\n\n\n<p>R\u00e9actions des diff\u00e9rents camps suite \u00e0 l&rsquo;annonce des scores<\/p>\n\n\n\n<figure class=\"wp-block-audio\"><audio controls src=\"https:\/\/lyonbondyblog.fr\/LBB\/wp-content\/uploads\/2026\/03\/Rue-Saint-Maximin.m4a\"><\/audio><figcaption class=\"wp-element-caption\">Laurent Legendre (LFI)<\/figcaption><\/figure>\n\n\n\n<figure class=\"wp-block-audio\"><audio controls src=\"https:\/\/lyonbondyblog.fr\/LBB\/wp-content\/uploads\/2026\/03\/Cours-de-la-Liberte.m4a\"><\/audio><figcaption class=\"wp-element-caption\">Mathis Gangand (RN)<\/figcaption><\/figure>\n\n\n\n<figure class=\"wp-block-audio\"><audio controls src=\"https:\/\/lyonbondyblog.fr\/LBB\/wp-content\/uploads\/2026\/03\/Nouvel-enregistrement-137-copie.m4a\"><\/audio><figcaption class=\"wp-element-caption\">Laure C\u00e9dat (Coeur Lyonnais)<\/figcaption><\/figure>\n\n\n\n<figure class=\"wp-block-audio\"><audio controls src=\"https:\/\/lyonbondyblog.fr\/LBB\/wp-content\/uploads\/2026\/03\/Nouvel-enregistrement-149.m4a\"><\/audio><figcaption class=\"wp-element-caption\">Augustin Pesche (\u00ab\u00a0Vivre Lyon)<\/figcaption><\/figure>\n\n\n\n<p>La course \u00e0 la mairie centrale de Lyon n&rsquo;est pas encore termin\u00e9e, et idem pour la m\u00e9tropole. Le t\u00e9l\u00e9phone va sonner, les machines \u00e0 caf\u00e9 vont chauffer, et les m\u00e9ninges auront de belles entorses. Vivement mardi soir, avec la sortie des listes et dimanche prochain pour les r\u00e9sultats, car tout le scrutin municipal et m\u00e9tropolitain se joue au deuxi\u00e8me tour.<\/p>\n<!-- AddThis Advanced Settings generic via filter on the_content --><!-- AddThis Share Buttons generic via filter on the_content -->","protected":false},"excerpt":{"rendered":"<p>Le Lyon Bondy Blog a suivi pour vous toute la soir\u00e9e des \u00e9lections municipales et m\u00e9tropolitaines 2026 \u00e0 la Pr\u00e9fecture du Rh\u00f4ne. D\u00e9cryptage des r\u00e9sultats &hellip; <!-- AddThis Advanced Settings generic via filter on wp_trim_excerpt --><!-- AddThis Share Buttons generic via filter on wp_trim_excerpt --><\/p>\n","protected":false},"author":33,"featured_media":38069,"comment_status":"open","ping_status":"open","sticky":true,"template":"","format":"standard","meta":{"_FSMCFIC_featured_image_caption":"","_FSMCFIC_featured_image_nocaption":"","_FSMCFIC_featured_image_hide":"","footnotes":""},"categories":[4,22015,28441,18127,6,10388],"tags":[10,112,165,635,128],"class_list":["post-38062","post","type-post","status-publish","format-standard","has-post-thumbnail","hentry","category-lyon","category-metropole","category-municipales-2026","category-oullins-lyon","category-politique","category-villeurbanne","tag-lyon-2","tag-lyon-bondy-blog","tag-politique-2","tag-vaulx-en-velin","tag-villeurbanne"],"yoast_head":"<!-- This site is optimized with the Yoast SEO plugin v22.8 - https:\/\/yoast.com\/wordpress\/plugins\/seo\/ -->\n<title>Municipales 2026 : Tout se passera au second tour - Lyon Bondy Blog<\/title>\n<meta name=\"robots\" content=\"index, follow, max-snippet:-1, max-image-preview:large, max-video-preview:-1\" \/>\n<link rel=\"canonical\" href=\"https:\/\/lyonbondyblog.fr\/LBB\/municipales-2026-tout-se-passera-au-second-tour\/\" \/>\n<meta property=\"og:locale\" content=\"fr_FR\" \/>\n<meta property=\"og:type\" content=\"article\" \/>\n<meta property=\"og:title\" content=\"Municipales 2026 : Tout se passera au second tour - Lyon Bondy Blog\" \/>\n<meta property=\"og:description\" content=\"Le Lyon Bondy Blog a suivi pour vous toute la soir\u00e9e des \u00e9lections municipales et m\u00e9tropolitaines 2026 \u00e0 la Pr\u00e9fecture du Rh\u00f4ne. D\u00e9cryptage des r\u00e9sultats &hellip;\" \/>\n<meta property=\"og:url\" content=\"https:\/\/lyonbondyblog.fr\/LBB\/municipales-2026-tout-se-passera-au-second-tour\/\" \/>\n<meta property=\"og:site_name\" content=\"Lyon Bondy Blog\" \/>\n<meta property=\"article:publisher\" content=\"https:\/\/www.facebook.com\/lyonbondyblog\" \/>\n<meta property=\"article:published_time\" content=\"2026-03-15T23:46:36+00:00\" \/>\n<meta property=\"article:modified_time\" content=\"2026-03-16T01:12:46+00:00\" \/>\n<meta property=\"og:image\" content=\"https:\/\/lyonbondyblog.fr\/LBB\/wp-content\/uploads\/2026\/03\/Nouvel-Article.png\" \/>\n\t<meta property=\"og:image:width\" content=\"1080\" \/>\n\t<meta property=\"og:image:height\" content=\"1350\" \/>\n\t<meta property=\"og:image:type\" content=\"image\/png\" \/>\n<meta name=\"author\" content=\"Etienne Aazzab\" \/>\n<meta name=\"twitter:card\" content=\"summary_large_image\" \/>\n<meta name=\"twitter:creator\" content=\"@AazzabEtienne\" \/>\n<meta name=\"twitter:site\" content=\"@bondybloglyon\" \/>\n<script type=\"application\/ld+json\" class=\"yoast-schema-graph\">{\"@context\":\"https:\/\/schema.org\",\"@graph\":[{\"@type\":\"Article\",\"@id\":\"https:\/\/lyonbondyblog.fr\/LBB\/municipales-2026-tout-se-passera-au-second-tour\/#article\",\"isPartOf\":{\"@id\":\"https:\/\/lyonbondyblog.fr\/LBB\/municipales-2026-tout-se-passera-au-second-tour\/\"},\"author\":{\"name\":\"Etienne Aazzab\",\"@id\":\"https:\/\/lyonbondyblog.fr\/LBB\/#\/schema\/person\/5e9904261c1f613c8e6ea22045b1353d\"},\"headline\":\"Municipales 2026 : Tout se passera au second tour\",\"datePublished\":\"2026-03-15T23:46:36+00:00\",\"dateModified\":\"2026-03-16T01:12:46+00:00\",\"mainEntityOfPage\":{\"@id\":\"https:\/\/lyonbondyblog.fr\/LBB\/municipales-2026-tout-se-passera-au-second-tour\/\"},\"wordCount\":738,\"commentCount\":0,\"publisher\":{\"@id\":\"https:\/\/lyonbondyblog.fr\/LBB\/#organization\"},\"image\":{\"@id\":\"https:\/\/lyonbondyblog.fr\/LBB\/municipales-2026-tout-se-passera-au-second-tour\/#primaryimage\"},\"thumbnailUrl\":\"https:\/\/lyonbondyblog.fr\/LBB\/wp-content\/uploads\/2026\/03\/Nouvel-Article.png\",\"keywords\":[\"lyon\",\"Lyon Bondy Blog\",\"politique\",\"Vaulx-en-Velin\",\"Villeurbanne\"],\"articleSection\":[\"Lyon\",\"M\u00e9tropole\",\"Municipales 2026\",\"Oullins\",\"Politique\",\"Villeurbanne\"],\"inLanguage\":\"fr-FR\",\"potentialAction\":[{\"@type\":\"CommentAction\",\"name\":\"Comment\",\"target\":[\"https:\/\/lyonbondyblog.fr\/LBB\/municipales-2026-tout-se-passera-au-second-tour\/#respond\"]}]},{\"@type\":\"WebPage\",\"@id\":\"https:\/\/lyonbondyblog.fr\/LBB\/municipales-2026-tout-se-passera-au-second-tour\/\",\"url\":\"https:\/\/lyonbondyblog.fr\/LBB\/municipales-2026-tout-se-passera-au-second-tour\/\",\"name\":\"Municipales 2026 : Tout se passera au second tour - Lyon Bondy Blog\",\"isPartOf\":{\"@id\":\"https:\/\/lyonbondyblog.fr\/LBB\/#website\"},\"primaryImageOfPage\":{\"@id\":\"https:\/\/lyonbondyblog.fr\/LBB\/municipales-2026-tout-se-passera-au-second-tour\/#primaryimage\"},\"image\":{\"@id\":\"https:\/\/lyonbondyblog.fr\/LBB\/municipales-2026-tout-se-passera-au-second-tour\/#primaryimage\"},\"thumbnailUrl\":\"https:\/\/lyonbondyblog.fr\/LBB\/wp-content\/uploads\/2026\/03\/Nouvel-Article.png\",\"datePublished\":\"2026-03-15T23:46:36+00:00\",\"dateModified\":\"2026-03-16T01:12:46+00:00\",\"inLanguage\":\"fr-FR\",\"potentialAction\":[{\"@type\":\"ReadAction\",\"target\":[\"https:\/\/lyonbondyblog.fr\/LBB\/municipales-2026-tout-se-passera-au-second-tour\/\"]}]},{\"@type\":\"ImageObject\",\"inLanguage\":\"fr-FR\",\"@id\":\"https:\/\/lyonbondyblog.fr\/LBB\/municipales-2026-tout-se-passera-au-second-tour\/#primaryimage\",\"url\":\"https:\/\/lyonbondyblog.fr\/LBB\/wp-content\/uploads\/2026\/03\/Nouvel-Article.png\",\"contentUrl\":\"https:\/\/lyonbondyblog.fr\/LBB\/wp-content\/uploads\/2026\/03\/Nouvel-Article.png\",\"width\":1080,\"height\":1350},{\"@type\":\"WebSite\",\"@id\":\"https:\/\/lyonbondyblog.fr\/LBB\/#website\",\"url\":\"https:\/\/lyonbondyblog.fr\/LBB\/\",\"name\":\"Lyon Bondy Blog\",\"description\":\"\",\"publisher\":{\"@id\":\"https:\/\/lyonbondyblog.fr\/LBB\/#organization\"},\"potentialAction\":[{\"@type\":\"SearchAction\",\"target\":{\"@type\":\"EntryPoint\",\"urlTemplate\":\"https:\/\/lyonbondyblog.fr\/LBB\/?s={search_term_string}\"},\"query-input\":\"required name=search_term_string\"}],\"inLanguage\":\"fr-FR\"},{\"@type\":\"Organization\",\"@id\":\"https:\/\/lyonbondyblog.fr\/LBB\/#organization\",\"name\":\"LYON BONDY BLOG\",\"url\":\"https:\/\/lyonbondyblog.fr\/LBB\/\",\"logo\":{\"@type\":\"ImageObject\",\"inLanguage\":\"fr-FR\",\"@id\":\"https:\/\/lyonbondyblog.fr\/LBB\/#\/schema\/logo\/image\/\",\"url\":\"http:\/\/lyonbondyblog.fr\/LBB\/wp-content\/uploads\/2014\/10\/logo-portable-144.png\",\"contentUrl\":\"http:\/\/lyonbondyblog.fr\/LBB\/wp-content\/uploads\/2014\/10\/logo-portable-144.png\",\"width\":144,\"height\":123,\"caption\":\"LYON BONDY BLOG\"},\"image\":{\"@id\":\"https:\/\/lyonbondyblog.fr\/LBB\/#\/schema\/logo\/image\/\"},\"sameAs\":[\"https:\/\/www.facebook.com\/lyonbondyblog\",\"https:\/\/x.com\/bondybloglyon\"]},{\"@type\":\"Person\",\"@id\":\"https:\/\/lyonbondyblog.fr\/LBB\/#\/schema\/person\/5e9904261c1f613c8e6ea22045b1353d\",\"name\":\"Etienne Aazzab\",\"description\":\"Etienne a contribu\u00e9 depuis 2 ans dans le journal satirique FOUTOU\u2019ART. Il a int\u00e9gr\u00e9 l\u2019\u00e9quipe du \u00ab clic 2014 \u00bb : Collectif local d\u2019informations citoyennes \u00e0 partir de novembre 2013. Il rejoint le Lyon Bondy Blog \u00e0 partir de janvier 2014. Twitter : @AazzabEtienne Ses sujets de pr\u00e9dilection : #Politique #Soci\u00e9t\u00e9 #Sport\",\"sameAs\":[\"https:\/\/x.com\/AazzabEtienne\"],\"url\":\"https:\/\/lyonbondyblog.fr\/LBB\/author\/etienne\/\"}]}<\/script>\n<!-- \/ Yoast SEO plugin. -->","yoast_head_json":{"title":"Municipales 2026 : Tout se passera au second tour - Lyon Bondy Blog","robots":{"index":"index","follow":"follow","max-snippet":"max-snippet:-1","max-image-preview":"max-image-preview:large","max-video-preview":"max-video-preview:-1"},"canonical":"https:\/\/lyonbondyblog.fr\/LBB\/municipales-2026-tout-se-passera-au-second-tour\/","og_locale":"fr_FR","og_type":"article","og_title":"Municipales 2026 : Tout se passera au second tour - Lyon Bondy Blog","og_description":"Le Lyon Bondy Blog a suivi pour vous toute la soir\u00e9e des \u00e9lections municipales et m\u00e9tropolitaines 2026 \u00e0 la Pr\u00e9fecture du Rh\u00f4ne. D\u00e9cryptage des r\u00e9sultats &hellip;","og_url":"https:\/\/lyonbondyblog.fr\/LBB\/municipales-2026-tout-se-passera-au-second-tour\/","og_site_name":"Lyon Bondy Blog","article_publisher":"https:\/\/www.facebook.com\/lyonbondyblog","article_published_time":"2026-03-15T23:46:36+00:00","article_modified_time":"2026-03-16T01:12:46+00:00","og_image":[{"width":1080,"height":1350,"url":"https:\/\/lyonbondyblog.fr\/LBB\/wp-content\/uploads\/2026\/03\/Nouvel-Article.png","type":"image\/png"}],"author":"Etienne Aazzab","twitter_card":"summary_large_image","twitter_creator":"@AazzabEtienne","twitter_site":"@bondybloglyon","schema":{"@context":"https:\/\/schema.org","@graph":[{"@type":"Article","@id":"https:\/\/lyonbondyblog.fr\/LBB\/municipales-2026-tout-se-passera-au-second-tour\/#article","isPartOf":{"@id":"https:\/\/lyonbondyblog.fr\/LBB\/municipales-2026-tout-se-passera-au-second-tour\/"},"author":{"name":"Etienne Aazzab","@id":"https:\/\/lyonbondyblog.fr\/LBB\/#\/schema\/person\/5e9904261c1f613c8e6ea22045b1353d"},"headline":"Municipales 2026 : Tout se passera au second tour","datePublished":"2026-03-15T23:46:36+00:00","dateModified":"2026-03-16T01:12:46+00:00","mainEntityOfPage":{"@id":"https:\/\/lyonbondyblog.fr\/LBB\/municipales-2026-tout-se-passera-au-second-tour\/"},"wordCount":738,"commentCount":0,"publisher":{"@id":"https:\/\/lyonbondyblog.fr\/LBB\/#organization"},"image":{"@id":"https:\/\/lyonbondyblog.fr\/LBB\/municipales-2026-tout-se-passera-au-second-tour\/#primaryimage"},"thumbnailUrl":"https:\/\/lyonbondyblog.fr\/LBB\/wp-content\/uploads\/2026\/03\/Nouvel-Article.png","keywords":["lyon","Lyon Bondy Blog","politique","Vaulx-en-Velin","Villeurbanne"],"articleSection":["Lyon","M\u00e9tropole","Municipales 2026","Oullins","Politique","Villeurbanne"],"inLanguage":"fr-FR","potentialAction":[{"@type":"CommentAction","name":"Comment","target":["https:\/\/lyonbondyblog.fr\/LBB\/municipales-2026-tout-se-passera-au-second-tour\/#respond"]}]},{"@type":"WebPage","@id":"https:\/\/lyonbondyblog.fr\/LBB\/municipales-2026-tout-se-passera-au-second-tour\/","url":"https:\/\/lyonbondyblog.fr\/LBB\/municipales-2026-tout-se-passera-au-second-tour\/","name":"Municipales 2026 : Tout se passera au second tour - Lyon Bondy Blog","isPartOf":{"@id":"https:\/\/lyonbondyblog.fr\/LBB\/#website"},"primaryImageOfPage":{"@id":"https:\/\/lyonbondyblog.fr\/LBB\/municipales-2026-tout-se-passera-au-second-tour\/#primaryimage"},"image":{"@id":"https:\/\/lyonbondyblog.fr\/LBB\/municipales-2026-tout-se-passera-au-second-tour\/#primaryimage"},"thumbnailUrl":"https:\/\/lyonbondyblog.fr\/LBB\/wp-content\/uploads\/2026\/03\/Nouvel-Article.png","datePublished":"2026-03-15T23:46:36+00:00","dateModified":"2026-03-16T01:12:46+00:00","inLanguage":"fr-FR","potentialAction":[{"@type":"ReadAction","target":["https:\/\/lyonbondyblog.fr\/LBB\/municipales-2026-tout-se-passera-au-second-tour\/"]}]},{"@type":"ImageObject","inLanguage":"fr-FR","@id":"https:\/\/lyonbondyblog.fr\/LBB\/municipales-2026-tout-se-passera-au-second-tour\/#primaryimage","url":"https:\/\/lyonbondyblog.fr\/LBB\/wp-content\/uploads\/2026\/03\/Nouvel-Article.png","contentUrl":"https:\/\/lyonbondyblog.fr\/LBB\/wp-content\/uploads\/2026\/03\/Nouvel-Article.png","width":1080,"height":1350},{"@type":"WebSite","@id":"https:\/\/lyonbondyblog.fr\/LBB\/#website","url":"https:\/\/lyonbondyblog.fr\/LBB\/","name":"Lyon Bondy Blog","description":"","publisher":{"@id":"https:\/\/lyonbondyblog.fr\/LBB\/#organization"},"potentialAction":[{"@type":"SearchAction","target":{"@type":"EntryPoint","urlTemplate":"https:\/\/lyonbondyblog.fr\/LBB\/?s={search_term_string}"},"query-input":"required name=search_term_string"}],"inLanguage":"fr-FR"},{"@type":"Organization","@id":"https:\/\/lyonbondyblog.fr\/LBB\/#organization","name":"LYON BONDY BLOG","url":"https:\/\/lyonbondyblog.fr\/LBB\/","logo":{"@type":"ImageObject","inLanguage":"fr-FR","@id":"https:\/\/lyonbondyblog.fr\/LBB\/#\/schema\/logo\/image\/","url":"http:\/\/lyonbondyblog.fr\/LBB\/wp-content\/uploads\/2014\/10\/logo-portable-144.png","contentUrl":"http:\/\/lyonbondyblog.fr\/LBB\/wp-content\/uploads\/2014\/10\/logo-portable-144.png","width":144,"height":123,"caption":"LYON BONDY BLOG"},"image":{"@id":"https:\/\/lyonbondyblog.fr\/LBB\/#\/schema\/logo\/image\/"},"sameAs":["https:\/\/www.facebook.com\/lyonbondyblog","https:\/\/x.com\/bondybloglyon"]},{"@type":"Person","@id":"https:\/\/lyonbondyblog.fr\/LBB\/#\/schema\/person\/5e9904261c1f613c8e6ea22045b1353d","name":"Etienne Aazzab","description":"Etienne a contribu\u00e9 depuis 2 ans dans le journal satirique FOUTOU\u2019ART. Il a int\u00e9gr\u00e9 l\u2019\u00e9quipe du \u00ab clic 2014 \u00bb : Collectif local d\u2019informations citoyennes \u00e0 partir de novembre 2013. Il rejoint le Lyon Bondy Blog \u00e0 partir de janvier 2014. Twitter : @AazzabEtienne Ses sujets de pr\u00e9dilection : #Politique #Soci\u00e9t\u00e9 #Sport","sameAs":["https:\/\/x.com\/AazzabEtienne"],"url":"https:\/\/lyonbondyblog.fr\/LBB\/author\/etienne\/"}]}},"_links":{"self":[{"href":"https:\/\/lyonbondyblog.fr\/LBB\/wp-json\/wp\/v2\/posts\/38062","targetHints":{"allow":["GET"]}}],"collection":[{"href":"https:\/\/lyonbondyblog.fr\/LBB\/wp-json\/wp\/v2\/posts"}],"about":[{"href":"https:\/\/lyonbondyblog.fr\/LBB\/wp-json\/wp\/v2\/types\/post"}],"author":[{"embeddable":true,"href":"https:\/\/lyonbondyblog.fr\/LBB\/wp-json\/wp\/v2\/users\/33"}],"replies":[{"embeddable":true,"href":"https:\/\/lyonbondyblog.fr\/LBB\/wp-json\/wp\/v2\/comments?post=38062"}],"version-history":[{"count":7,"href":"https:\/\/lyonbondyblog.fr\/LBB\/wp-json\/wp\/v2\/posts\/38062\/revisions"}],"predecessor-version":[{"id":38194,"href":"https:\/\/lyonbondyblog.fr\/LBB\/wp-json\/wp\/v2\/posts\/38062\/revisions\/38194"}],"wp:featuredmedia":[{"embeddable":true,"href":"https:\/\/lyonbondyblog.fr\/LBB\/wp-json\/wp\/v2\/media\/38069"}],"wp:attachment":[{"href":"https:\/\/lyonbondyblog.fr\/LBB\/wp-json\/wp\/v2\/media?parent=38062"}],"wp:term":[{"taxonomy":"category","embeddable":true,"href":"https:\/\/lyonbondyblog.fr\/LBB\/wp-json\/wp\/v2\/categories?post=38062"},{"taxonomy":"post_tag","embeddable":true,"href":"https:\/\/lyonbondyblog.fr\/LBB\/wp-json\/wp\/v2\/tags?post=38062"}],"curies":[{"name":"wp","href":"https:\/\/api.w.org\/{rel}","templated":true}]}}