{"id":38055,"date":"2026-03-13T16:29:34","date_gmt":"2026-03-13T15:29:34","guid":{"rendered":"https:\/\/lyonbondyblog.fr\/LBB\/?p=38055"},"modified":"2026-03-13T16:32:03","modified_gmt":"2026-03-13T15:32:03","slug":"mathis-gangand-rn-candidat-aux-elections-metropolitaines-de-lyon","status":"publish","type":"post","link":"https:\/\/lyonbondyblog.fr\/LBB\/mathis-gangand-rn-candidat-aux-elections-metropolitaines-de-lyon\/","title":{"rendered":"Mathis Gangand (RN): Candidat aux \u00e9lections m\u00e9tropolitaines de Lyon"},"content":{"rendered":"\n<p><strong>Dans le cadre des \u00e9lections municipales de 2026, Forum emlyon\u00a0 s&rsquo;associe au LyonBondyBlog\u00a0 pour une s\u00e9rie d&rsquo;interviews exclusives au format questions express. Le but ? D\u00e9crypter les programmes, comprendre les enjeux pour notre m\u00e9tropole et d\u00e9couvrir les candidats sous un nouvel angle, le tout sans filtre et en moins de quelques minutes. Aujourd&rsquo;hui, Le Lyon Bondy Blog re\u00e7oit Mathis Gangand du RN<\/strong><\/p>\n\n\n\n<p>Parmi ses propositions, le candidat \u00e9voque la r\u00e9alisation d\u2019audits sur les finances de la M\u00e9tropole ainsi que sur les politiques de mobilit\u00e9. L\u2019objectif est d\u2019\u00e9valuer pr\u00e9cis\u00e9ment la situation avant de mettre en place de nouvelles mesures.<\/p>\n\n\n\n<p>Il insiste \u00e9galement sur la n\u00e9cessit\u00e9 de r\u00e9pondre en priorit\u00e9 aux besoins des habitants. La question de la s\u00e9curit\u00e9 dans les transports fait notamment partie de ses pr\u00e9occupations, avec la proposition de cr\u00e9er une brigade de s\u00fbret\u00e9 d\u00e9di\u00e9e afin de renforcer la pr\u00e9sence et la protection des usagers.<\/p>\n\n\n\n<p>\u00c0 travers ces mesures,Mathis Gangand affirme vouloir am\u00e9liorer la gestion des services publics et r\u00e9pondre plus efficacement aux attentes des habitants de la m\u00e9tropole.<\/p>\n\n\n\n<p><strong>Article sign\u00e9 Mariama Bah<\/strong><\/p>\n\n\n\n<figure class=\"wp-block-embed is-type-video is-provider-youtube wp-block-embed-youtube wp-embed-aspect-4-3 wp-has-aspect-ratio\"><div class=\"wp-block-embed__wrapper\">\n<iframe loading=\"lazy\" title=\"Mathis Gangand :Rassemblement national\" width=\"1200\" height=\"675\" src=\"https:\/\/www.youtube.com\/embed\/D_GMHwxNS_8?feature=oembed\" frameborder=\"0\" allow=\"accelerometer; autoplay; clipboard-write; encrypted-media; gyroscope; picture-in-picture; web-share\" referrerpolicy=\"strict-origin-when-cross-origin\" allowfullscreen><\/iframe>\n<\/div><\/figure>\n<!-- AddThis Advanced Settings generic via filter on the_content --><!-- AddThis Share Buttons generic via filter on the_content -->","protected":false},"excerpt":{"rendered":"<p>Dans le cadre des \u00e9lections municipales de 2026, Forum emlyon\u00a0 s&rsquo;associe au LyonBondyBlog\u00a0 pour une s\u00e9rie d&rsquo;interviews exclusives au format questions express. Le but ? &hellip; <!-- AddThis Advanced Settings generic via filter on wp_trim_excerpt --><!-- AddThis Share Buttons generic via filter on wp_trim_excerpt --><\/p>\n","protected":false},"author":33,"featured_media":38059,"comment_status":"open","ping_status":"open","sticky":true,"template":"","format":"standard","meta":{"_FSMCFIC_featured_image_caption":"","_FSMCFIC_featured_image_nocaption":"","_FSMCFIC_featured_image_hide":"","footnotes":""},"categories":[4,22015,28441,6],"tags":[],"class_list":["post-38055","post","type-post","status-publish","format-standard","has-post-thumbnail","hentry","category-lyon","category-metropole","category-municipales-2026","category-politique"],"yoast_head":"<!-- This site is optimized with the Yoast SEO plugin v22.8 - https:\/\/yoast.com\/wordpress\/plugins\/seo\/ -->\n<title>Mathis Gangand (RN): Candidat aux \u00e9lections m\u00e9tropolitaines de Lyon - Lyon Bondy Blog<\/title>\n<meta name=\"robots\" content=\"index, follow, max-snippet:-1, max-image-preview:large, max-video-preview:-1\" \/>\n<link rel=\"canonical\" href=\"https:\/\/lyonbondyblog.fr\/LBB\/mathis-gangand-rn-candidat-aux-elections-metropolitaines-de-lyon\/\" \/>\n<meta property=\"og:locale\" content=\"fr_FR\" \/>\n<meta property=\"og:type\" content=\"article\" \/>\n<meta property=\"og:title\" content=\"Mathis Gangand (RN): Candidat aux \u00e9lections m\u00e9tropolitaines de Lyon - Lyon Bondy Blog\" \/>\n<meta property=\"og:description\" content=\"Dans le cadre des \u00e9lections municipales de 2026, Forum emlyon\u00a0 s&rsquo;associe au LyonBondyBlog\u00a0 pour une s\u00e9rie d&rsquo;interviews exclusives au format questions express. Le but ? &hellip;\" \/>\n<meta property=\"og:url\" content=\"https:\/\/lyonbondyblog.fr\/LBB\/mathis-gangand-rn-candidat-aux-elections-metropolitaines-de-lyon\/\" \/>\n<meta property=\"og:site_name\" content=\"Lyon Bondy Blog\" \/>\n<meta property=\"article:publisher\" content=\"https:\/\/www.facebook.com\/lyonbondyblog\" \/>\n<meta property=\"article:published_time\" content=\"2026-03-13T15:29:34+00:00\" \/>\n<meta property=\"article:modified_time\" content=\"2026-03-13T15:32:03+00:00\" \/>\n<meta property=\"og:image\" content=\"https:\/\/lyonbondyblog.fr\/LBB\/wp-content\/uploads\/2026\/03\/gangand.jpeg\" \/>\n\t<meta property=\"og:image:width\" content=\"1028\" \/>\n\t<meta property=\"og:image:height\" content=\"1419\" \/>\n\t<meta property=\"og:image:type\" content=\"image\/jpeg\" \/>\n<meta name=\"author\" content=\"Etienne Aazzab\" \/>\n<meta name=\"twitter:card\" content=\"summary_large_image\" \/>\n<meta name=\"twitter:creator\" content=\"@AazzabEtienne\" \/>\n<meta name=\"twitter:site\" content=\"@bondybloglyon\" \/>\n<script type=\"application\/ld+json\" class=\"yoast-schema-graph\">{\"@context\":\"https:\/\/schema.org\",\"@graph\":[{\"@type\":\"Article\",\"@id\":\"https:\/\/lyonbondyblog.fr\/LBB\/mathis-gangand-rn-candidat-aux-elections-metropolitaines-de-lyon\/#article\",\"isPartOf\":{\"@id\":\"https:\/\/lyonbondyblog.fr\/LBB\/mathis-gangand-rn-candidat-aux-elections-metropolitaines-de-lyon\/\"},\"author\":{\"name\":\"Etienne Aazzab\",\"@id\":\"https:\/\/lyonbondyblog.fr\/LBB\/#\/schema\/person\/5e9904261c1f613c8e6ea22045b1353d\"},\"headline\":\"Mathis Gangand (RN): Candidat aux \u00e9lections m\u00e9tropolitaines de Lyon\",\"datePublished\":\"2026-03-13T15:29:34+00:00\",\"dateModified\":\"2026-03-13T15:32:03+00:00\",\"mainEntityOfPage\":{\"@id\":\"https:\/\/lyonbondyblog.fr\/LBB\/mathis-gangand-rn-candidat-aux-elections-metropolitaines-de-lyon\/\"},\"wordCount\":211,\"commentCount\":0,\"publisher\":{\"@id\":\"https:\/\/lyonbondyblog.fr\/LBB\/#organization\"},\"image\":{\"@id\":\"https:\/\/lyonbondyblog.fr\/LBB\/mathis-gangand-rn-candidat-aux-elections-metropolitaines-de-lyon\/#primaryimage\"},\"thumbnailUrl\":\"https:\/\/lyonbondyblog.fr\/LBB\/wp-content\/uploads\/2026\/03\/gangand.jpeg\",\"articleSection\":[\"Lyon\",\"M\u00e9tropole\",\"Municipales 2026\",\"Politique\"],\"inLanguage\":\"fr-FR\",\"potentialAction\":[{\"@type\":\"CommentAction\",\"name\":\"Comment\",\"target\":[\"https:\/\/lyonbondyblog.fr\/LBB\/mathis-gangand-rn-candidat-aux-elections-metropolitaines-de-lyon\/#respond\"]}]},{\"@type\":\"WebPage\",\"@id\":\"https:\/\/lyonbondyblog.fr\/LBB\/mathis-gangand-rn-candidat-aux-elections-metropolitaines-de-lyon\/\",\"url\":\"https:\/\/lyonbondyblog.fr\/LBB\/mathis-gangand-rn-candidat-aux-elections-metropolitaines-de-lyon\/\",\"name\":\"Mathis Gangand (RN): Candidat aux \u00e9lections m\u00e9tropolitaines de Lyon - Lyon Bondy Blog\",\"isPartOf\":{\"@id\":\"https:\/\/lyonbondyblog.fr\/LBB\/#website\"},\"primaryImageOfPage\":{\"@id\":\"https:\/\/lyonbondyblog.fr\/LBB\/mathis-gangand-rn-candidat-aux-elections-metropolitaines-de-lyon\/#primaryimage\"},\"image\":{\"@id\":\"https:\/\/lyonbondyblog.fr\/LBB\/mathis-gangand-rn-candidat-aux-elections-metropolitaines-de-lyon\/#primaryimage\"},\"thumbnailUrl\":\"https:\/\/lyonbondyblog.fr\/LBB\/wp-content\/uploads\/2026\/03\/gangand.jpeg\",\"datePublished\":\"2026-03-13T15:29:34+00:00\",\"dateModified\":\"2026-03-13T15:32:03+00:00\",\"inLanguage\":\"fr-FR\",\"potentialAction\":[{\"@type\":\"ReadAction\",\"target\":[\"https:\/\/lyonbondyblog.fr\/LBB\/mathis-gangand-rn-candidat-aux-elections-metropolitaines-de-lyon\/\"]}]},{\"@type\":\"ImageObject\",\"inLanguage\":\"fr-FR\",\"@id\":\"https:\/\/lyonbondyblog.fr\/LBB\/mathis-gangand-rn-candidat-aux-elections-metropolitaines-de-lyon\/#primaryimage\",\"url\":\"https:\/\/lyonbondyblog.fr\/LBB\/wp-content\/uploads\/2026\/03\/gangand.jpeg\",\"contentUrl\":\"https:\/\/lyonbondyblog.fr\/LBB\/wp-content\/uploads\/2026\/03\/gangand.jpeg\",\"width\":1028,\"height\":1419},{\"@type\":\"WebSite\",\"@id\":\"https:\/\/lyonbondyblog.fr\/LBB\/#website\",\"url\":\"https:\/\/lyonbondyblog.fr\/LBB\/\",\"name\":\"Lyon Bondy Blog\",\"description\":\"\",\"publisher\":{\"@id\":\"https:\/\/lyonbondyblog.fr\/LBB\/#organization\"},\"potentialAction\":[{\"@type\":\"SearchAction\",\"target\":{\"@type\":\"EntryPoint\",\"urlTemplate\":\"https:\/\/lyonbondyblog.fr\/LBB\/?s={search_term_string}\"},\"query-input\":\"required name=search_term_string\"}],\"inLanguage\":\"fr-FR\"},{\"@type\":\"Organization\",\"@id\":\"https:\/\/lyonbondyblog.fr\/LBB\/#organization\",\"name\":\"LYON BONDY BLOG\",\"url\":\"https:\/\/lyonbondyblog.fr\/LBB\/\",\"logo\":{\"@type\":\"ImageObject\",\"inLanguage\":\"fr-FR\",\"@id\":\"https:\/\/lyonbondyblog.fr\/LBB\/#\/schema\/logo\/image\/\",\"url\":\"http:\/\/lyonbondyblog.fr\/LBB\/wp-content\/uploads\/2014\/10\/logo-portable-144.png\",\"contentUrl\":\"http:\/\/lyonbondyblog.fr\/LBB\/wp-content\/uploads\/2014\/10\/logo-portable-144.png\",\"width\":144,\"height\":123,\"caption\":\"LYON BONDY BLOG\"},\"image\":{\"@id\":\"https:\/\/lyonbondyblog.fr\/LBB\/#\/schema\/logo\/image\/\"},\"sameAs\":[\"https:\/\/www.facebook.com\/lyonbondyblog\",\"https:\/\/x.com\/bondybloglyon\"]},{\"@type\":\"Person\",\"@id\":\"https:\/\/lyonbondyblog.fr\/LBB\/#\/schema\/person\/5e9904261c1f613c8e6ea22045b1353d\",\"name\":\"Etienne Aazzab\",\"description\":\"Etienne a contribu\u00e9 depuis 2 ans dans le journal satirique FOUTOU\u2019ART. Il a int\u00e9gr\u00e9 l\u2019\u00e9quipe du \u00ab clic 2014 \u00bb : Collectif local d\u2019informations citoyennes \u00e0 partir de novembre 2013. Il rejoint le Lyon Bondy Blog \u00e0 partir de janvier 2014. Twitter : @AazzabEtienne Ses sujets de pr\u00e9dilection : #Politique #Soci\u00e9t\u00e9 #Sport\",\"sameAs\":[\"https:\/\/x.com\/AazzabEtienne\"],\"url\":\"https:\/\/lyonbondyblog.fr\/LBB\/author\/etienne\/\"}]}<\/script>\n<!-- \/ Yoast SEO plugin. -->","yoast_head_json":{"title":"Mathis Gangand (RN): Candidat aux \u00e9lections m\u00e9tropolitaines de Lyon - Lyon Bondy Blog","robots":{"index":"index","follow":"follow","max-snippet":"max-snippet:-1","max-image-preview":"max-image-preview:large","max-video-preview":"max-video-preview:-1"},"canonical":"https:\/\/lyonbondyblog.fr\/LBB\/mathis-gangand-rn-candidat-aux-elections-metropolitaines-de-lyon\/","og_locale":"fr_FR","og_type":"article","og_title":"Mathis Gangand (RN): Candidat aux \u00e9lections m\u00e9tropolitaines de Lyon - Lyon Bondy Blog","og_description":"Dans le cadre des \u00e9lections municipales de 2026, Forum emlyon\u00a0 s&rsquo;associe au LyonBondyBlog\u00a0 pour une s\u00e9rie d&rsquo;interviews exclusives au format questions express. Le but ? &hellip;","og_url":"https:\/\/lyonbondyblog.fr\/LBB\/mathis-gangand-rn-candidat-aux-elections-metropolitaines-de-lyon\/","og_site_name":"Lyon Bondy Blog","article_publisher":"https:\/\/www.facebook.com\/lyonbondyblog","article_published_time":"2026-03-13T15:29:34+00:00","article_modified_time":"2026-03-13T15:32:03+00:00","og_image":[{"width":1028,"height":1419,"url":"https:\/\/lyonbondyblog.fr\/LBB\/wp-content\/uploads\/2026\/03\/gangand.jpeg","type":"image\/jpeg"}],"author":"Etienne Aazzab","twitter_card":"summary_large_image","twitter_creator":"@AazzabEtienne","twitter_site":"@bondybloglyon","schema":{"@context":"https:\/\/schema.org","@graph":[{"@type":"Article","@id":"https:\/\/lyonbondyblog.fr\/LBB\/mathis-gangand-rn-candidat-aux-elections-metropolitaines-de-lyon\/#article","isPartOf":{"@id":"https:\/\/lyonbondyblog.fr\/LBB\/mathis-gangand-rn-candidat-aux-elections-metropolitaines-de-lyon\/"},"author":{"name":"Etienne Aazzab","@id":"https:\/\/lyonbondyblog.fr\/LBB\/#\/schema\/person\/5e9904261c1f613c8e6ea22045b1353d"},"headline":"Mathis Gangand (RN): Candidat aux \u00e9lections m\u00e9tropolitaines de Lyon","datePublished":"2026-03-13T15:29:34+00:00","dateModified":"2026-03-13T15:32:03+00:00","mainEntityOfPage":{"@id":"https:\/\/lyonbondyblog.fr\/LBB\/mathis-gangand-rn-candidat-aux-elections-metropolitaines-de-lyon\/"},"wordCount":211,"commentCount":0,"publisher":{"@id":"https:\/\/lyonbondyblog.fr\/LBB\/#organization"},"image":{"@id":"https:\/\/lyonbondyblog.fr\/LBB\/mathis-gangand-rn-candidat-aux-elections-metropolitaines-de-lyon\/#primaryimage"},"thumbnailUrl":"https:\/\/lyonbondyblog.fr\/LBB\/wp-content\/uploads\/2026\/03\/gangand.jpeg","articleSection":["Lyon","M\u00e9tropole","Municipales 2026","Politique"],"inLanguage":"fr-FR","potentialAction":[{"@type":"CommentAction","name":"Comment","target":["https:\/\/lyonbondyblog.fr\/LBB\/mathis-gangand-rn-candidat-aux-elections-metropolitaines-de-lyon\/#respond"]}]},{"@type":"WebPage","@id":"https:\/\/lyonbondyblog.fr\/LBB\/mathis-gangand-rn-candidat-aux-elections-metropolitaines-de-lyon\/","url":"https:\/\/lyonbondyblog.fr\/LBB\/mathis-gangand-rn-candidat-aux-elections-metropolitaines-de-lyon\/","name":"Mathis Gangand (RN): Candidat aux \u00e9lections m\u00e9tropolitaines de Lyon - Lyon Bondy Blog","isPartOf":{"@id":"https:\/\/lyonbondyblog.fr\/LBB\/#website"},"primaryImageOfPage":{"@id":"https:\/\/lyonbondyblog.fr\/LBB\/mathis-gangand-rn-candidat-aux-elections-metropolitaines-de-lyon\/#primaryimage"},"image":{"@id":"https:\/\/lyonbondyblog.fr\/LBB\/mathis-gangand-rn-candidat-aux-elections-metropolitaines-de-lyon\/#primaryimage"},"thumbnailUrl":"https:\/\/lyonbondyblog.fr\/LBB\/wp-content\/uploads\/2026\/03\/gangand.jpeg","datePublished":"2026-03-13T15:29:34+00:00","dateModified":"2026-03-13T15:32:03+00:00","inLanguage":"fr-FR","potentialAction":[{"@type":"ReadAction","target":["https:\/\/lyonbondyblog.fr\/LBB\/mathis-gangand-rn-candidat-aux-elections-metropolitaines-de-lyon\/"]}]},{"@type":"ImageObject","inLanguage":"fr-FR","@id":"https:\/\/lyonbondyblog.fr\/LBB\/mathis-gangand-rn-candidat-aux-elections-metropolitaines-de-lyon\/#primaryimage","url":"https:\/\/lyonbondyblog.fr\/LBB\/wp-content\/uploads\/2026\/03\/gangand.jpeg","contentUrl":"https:\/\/lyonbondyblog.fr\/LBB\/wp-content\/uploads\/2026\/03\/gangand.jpeg","width":1028,"height":1419},{"@type":"WebSite","@id":"https:\/\/lyonbondyblog.fr\/LBB\/#website","url":"https:\/\/lyonbondyblog.fr\/LBB\/","name":"Lyon Bondy Blog","description":"","publisher":{"@id":"https:\/\/lyonbondyblog.fr\/LBB\/#organization"},"potentialAction":[{"@type":"SearchAction","target":{"@type":"EntryPoint","urlTemplate":"https:\/\/lyonbondyblog.fr\/LBB\/?s={search_term_string}"},"query-input":"required name=search_term_string"}],"inLanguage":"fr-FR"},{"@type":"Organization","@id":"https:\/\/lyonbondyblog.fr\/LBB\/#organization","name":"LYON BONDY BLOG","url":"https:\/\/lyonbondyblog.fr\/LBB\/","logo":{"@type":"ImageObject","inLanguage":"fr-FR","@id":"https:\/\/lyonbondyblog.fr\/LBB\/#\/schema\/logo\/image\/","url":"http:\/\/lyonbondyblog.fr\/LBB\/wp-content\/uploads\/2014\/10\/logo-portable-144.png","contentUrl":"http:\/\/lyonbondyblog.fr\/LBB\/wp-content\/uploads\/2014\/10\/logo-portable-144.png","width":144,"height":123,"caption":"LYON BONDY BLOG"},"image":{"@id":"https:\/\/lyonbondyblog.fr\/LBB\/#\/schema\/logo\/image\/"},"sameAs":["https:\/\/www.facebook.com\/lyonbondyblog","https:\/\/x.com\/bondybloglyon"]},{"@type":"Person","@id":"https:\/\/lyonbondyblog.fr\/LBB\/#\/schema\/person\/5e9904261c1f613c8e6ea22045b1353d","name":"Etienne Aazzab","description":"Etienne a contribu\u00e9 depuis 2 ans dans le journal satirique FOUTOU\u2019ART. Il a int\u00e9gr\u00e9 l\u2019\u00e9quipe du \u00ab clic 2014 \u00bb : Collectif local d\u2019informations citoyennes \u00e0 partir de novembre 2013. Il rejoint le Lyon Bondy Blog \u00e0 partir de janvier 2014. Twitter : @AazzabEtienne Ses sujets de pr\u00e9dilection : #Politique #Soci\u00e9t\u00e9 #Sport","sameAs":["https:\/\/x.com\/AazzabEtienne"],"url":"https:\/\/lyonbondyblog.fr\/LBB\/author\/etienne\/"}]}},"_links":{"self":[{"href":"https:\/\/lyonbondyblog.fr\/LBB\/wp-json\/wp\/v2\/posts\/38055","targetHints":{"allow":["GET"]}}],"collection":[{"href":"https:\/\/lyonbondyblog.fr\/LBB\/wp-json\/wp\/v2\/posts"}],"about":[{"href":"https:\/\/lyonbondyblog.fr\/LBB\/wp-json\/wp\/v2\/types\/post"}],"author":[{"embeddable":true,"href":"https:\/\/lyonbondyblog.fr\/LBB\/wp-json\/wp\/v2\/users\/33"}],"replies":[{"embeddable":true,"href":"https:\/\/lyonbondyblog.fr\/LBB\/wp-json\/wp\/v2\/comments?post=38055"}],"version-history":[{"count":2,"href":"https:\/\/lyonbondyblog.fr\/LBB\/wp-json\/wp\/v2\/posts\/38055\/revisions"}],"predecessor-version":[{"id":38057,"href":"https:\/\/lyonbondyblog.fr\/LBB\/wp-json\/wp\/v2\/posts\/38055\/revisions\/38057"}],"wp:featuredmedia":[{"embeddable":true,"href":"https:\/\/lyonbondyblog.fr\/LBB\/wp-json\/wp\/v2\/media\/38059"}],"wp:attachment":[{"href":"https:\/\/lyonbondyblog.fr\/LBB\/wp-json\/wp\/v2\/media?parent=38055"}],"wp:term":[{"taxonomy":"category","embeddable":true,"href":"https:\/\/lyonbondyblog.fr\/LBB\/wp-json\/wp\/v2\/categories?post=38055"},{"taxonomy":"post_tag","embeddable":true,"href":"https:\/\/lyonbondyblog.fr\/LBB\/wp-json\/wp\/v2\/tags?post=38055"}],"curies":[{"name":"wp","href":"https:\/\/api.w.org\/{rel}","templated":true}]}}