{"id":38052,"date":"2026-03-13T16:30:42","date_gmt":"2026-03-13T15:30:42","guid":{"rendered":"https:\/\/lyonbondyblog.fr\/LBB\/?p=38052"},"modified":"2026-03-13T16:31:10","modified_gmt":"2026-03-13T15:31:10","slug":"frederic-duval-cest-maintenant","status":"publish","type":"post","link":"https:\/\/lyonbondyblog.fr\/LBB\/frederic-duval-cest-maintenant\/","title":{"rendered":"Fr\u00e9d\u00e9ric Duval \u00ab\u00a0C&rsquo;est Maintenant\u00a0\u00bb"},"content":{"rendered":"\n<p><strong>Dans le cadre des \u00e9lections municipales de 2026, Forum emlyon\u00a0 s&rsquo;associe au LyonBondyBlog\u00a0 pour une s\u00e9rie d&rsquo;interviews exclusives au format questions express. Le but ? D\u00e9crypter les programmes, comprendre les enjeux pour notre m\u00e9tropole et d\u00e9couvrir les candidats sous un nouvel angle, le tout sans filtre et en moins de quelques minutes. Aujourd&rsquo;hui, Le Lyon Bondy Blog re\u00e7oit Fr\u00e9d\u00e9ric Duval \u00ab\u00a0C&rsquo;est Maintenant\u00a0\u00bb<br><\/strong><\/p>\n\n\n\n<p>Lors de cet entretien, il a pr\u00e9sent\u00e9 plusieurs priorit\u00e9s qu\u2019il souhaite porter pour le territoire: Parmi les sujets \u00e9voqu\u00e9s figure notamment la question de l\u2019approvisionnement en eau et en \u00e9lectricit\u00e9, qu\u2019il consid\u00e8re comme des enjeux essentiels pour l\u2019avenir et la s\u00e9curit\u00e9 des habitants. Il souhaite se pencher sur ces questions afin de garantir des ressources fiables et durables.<\/p>\n\n\n\n<p>Fr\u00e9d\u00e9ric Duval met \u00e9galement l\u2019accent sur la mobilit\u00e9, qu\u2019il place parmi ses priorit\u00e9s. L\u2019objectif est d\u2019am\u00e9liorer les d\u00e9placements et de faciliter la vie quotidienne des habitants, tout en renfor\u00e7ant les liens et les relations au sein du territoire.<\/p>\n\n\n\n<p><strong>Article sign\u00e9 Mariama Bah<\/strong><\/p>\n\n\n\n<figure class=\"wp-block-embed is-type-video is-provider-youtube wp-block-embed-youtube wp-embed-aspect-16-9 wp-has-aspect-ratio\"><div class=\"wp-block-embed__wrapper\">\n<iframe loading=\"lazy\" title=\"Fr\u00e9d\u00e9ric Duval &quot;C&#039;est Maintenant&quot;\" width=\"1200\" height=\"675\" src=\"https:\/\/www.youtube.com\/embed\/2WWDjHrXQEQ?feature=oembed\" frameborder=\"0\" allow=\"accelerometer; autoplay; clipboard-write; encrypted-media; gyroscope; picture-in-picture; web-share\" referrerpolicy=\"strict-origin-when-cross-origin\" allowfullscreen><\/iframe>\n<\/div><\/figure>\n<!-- AddThis Advanced Settings generic via filter on the_content --><!-- AddThis Share Buttons generic via filter on the_content -->","protected":false},"excerpt":{"rendered":"<p>Dans le cadre des \u00e9lections municipales de 2026, Forum emlyon\u00a0 s&rsquo;associe au LyonBondyBlog\u00a0 pour une s\u00e9rie d&rsquo;interviews exclusives au format questions express. Le but ? &hellip; <!-- AddThis Advanced Settings generic via filter on wp_trim_excerpt --><!-- AddThis Share Buttons generic via filter on wp_trim_excerpt --><\/p>\n","protected":false},"author":33,"featured_media":38058,"comment_status":"open","ping_status":"open","sticky":true,"template":"","format":"standard","meta":{"_FSMCFIC_featured_image_caption":"","_FSMCFIC_featured_image_nocaption":"","_FSMCFIC_featured_image_hide":"","footnotes":""},"categories":[4,22015,28441,6],"tags":[],"class_list":["post-38052","post","type-post","status-publish","format-standard","has-post-thumbnail","hentry","category-lyon","category-metropole","category-municipales-2026","category-politique"],"yoast_head":"<!-- This site is optimized with the Yoast SEO plugin v22.8 - https:\/\/yoast.com\/wordpress\/plugins\/seo\/ -->\n<title>Fr\u00e9d\u00e9ric Duval &quot;C&#039;est Maintenant&quot; - Lyon Bondy Blog<\/title>\n<meta name=\"robots\" content=\"index, follow, max-snippet:-1, max-image-preview:large, max-video-preview:-1\" \/>\n<link rel=\"canonical\" href=\"https:\/\/lyonbondyblog.fr\/LBB\/frederic-duval-cest-maintenant\/\" \/>\n<meta property=\"og:locale\" content=\"fr_FR\" \/>\n<meta property=\"og:type\" content=\"article\" \/>\n<meta property=\"og:title\" content=\"Fr\u00e9d\u00e9ric Duval &quot;C&#039;est Maintenant&quot; - Lyon Bondy Blog\" \/>\n<meta property=\"og:description\" content=\"Dans le cadre des \u00e9lections municipales de 2026, Forum emlyon\u00a0 s&rsquo;associe au LyonBondyBlog\u00a0 pour une s\u00e9rie d&rsquo;interviews exclusives au format questions express. Le but ? &hellip;\" \/>\n<meta property=\"og:url\" content=\"https:\/\/lyonbondyblog.fr\/LBB\/frederic-duval-cest-maintenant\/\" \/>\n<meta property=\"og:site_name\" content=\"Lyon Bondy Blog\" \/>\n<meta property=\"article:publisher\" content=\"https:\/\/www.facebook.com\/lyonbondyblog\" \/>\n<meta property=\"article:published_time\" content=\"2026-03-13T15:30:42+00:00\" \/>\n<meta property=\"article:modified_time\" content=\"2026-03-13T15:31:10+00:00\" \/>\n<meta property=\"og:image\" content=\"https:\/\/lyonbondyblog.fr\/LBB\/wp-content\/uploads\/2026\/03\/cest.jpeg\" \/>\n\t<meta property=\"og:image:width\" content=\"1170\" \/>\n\t<meta property=\"og:image:height\" content=\"489\" \/>\n\t<meta property=\"og:image:type\" content=\"image\/jpeg\" \/>\n<meta name=\"author\" content=\"Etienne Aazzab\" \/>\n<meta name=\"twitter:card\" content=\"summary_large_image\" \/>\n<meta name=\"twitter:creator\" content=\"@AazzabEtienne\" \/>\n<meta name=\"twitter:site\" content=\"@bondybloglyon\" \/>\n<script type=\"application\/ld+json\" class=\"yoast-schema-graph\">{\"@context\":\"https:\/\/schema.org\",\"@graph\":[{\"@type\":\"Article\",\"@id\":\"https:\/\/lyonbondyblog.fr\/LBB\/frederic-duval-cest-maintenant\/#article\",\"isPartOf\":{\"@id\":\"https:\/\/lyonbondyblog.fr\/LBB\/frederic-duval-cest-maintenant\/\"},\"author\":{\"name\":\"Etienne Aazzab\",\"@id\":\"https:\/\/lyonbondyblog.fr\/LBB\/#\/schema\/person\/5e9904261c1f613c8e6ea22045b1353d\"},\"headline\":\"Fr\u00e9d\u00e9ric Duval \u00ab\u00a0C&rsquo;est Maintenant\u00a0\u00bb\",\"datePublished\":\"2026-03-13T15:30:42+00:00\",\"dateModified\":\"2026-03-13T15:31:10+00:00\",\"mainEntityOfPage\":{\"@id\":\"https:\/\/lyonbondyblog.fr\/LBB\/frederic-duval-cest-maintenant\/\"},\"wordCount\":196,\"commentCount\":0,\"publisher\":{\"@id\":\"https:\/\/lyonbondyblog.fr\/LBB\/#organization\"},\"image\":{\"@id\":\"https:\/\/lyonbondyblog.fr\/LBB\/frederic-duval-cest-maintenant\/#primaryimage\"},\"thumbnailUrl\":\"https:\/\/lyonbondyblog.fr\/LBB\/wp-content\/uploads\/2026\/03\/cest.jpeg\",\"articleSection\":[\"Lyon\",\"M\u00e9tropole\",\"Municipales 2026\",\"Politique\"],\"inLanguage\":\"fr-FR\",\"potentialAction\":[{\"@type\":\"CommentAction\",\"name\":\"Comment\",\"target\":[\"https:\/\/lyonbondyblog.fr\/LBB\/frederic-duval-cest-maintenant\/#respond\"]}]},{\"@type\":\"WebPage\",\"@id\":\"https:\/\/lyonbondyblog.fr\/LBB\/frederic-duval-cest-maintenant\/\",\"url\":\"https:\/\/lyonbondyblog.fr\/LBB\/frederic-duval-cest-maintenant\/\",\"name\":\"Fr\u00e9d\u00e9ric Duval \\\"C'est Maintenant\\\" - Lyon Bondy Blog\",\"isPartOf\":{\"@id\":\"https:\/\/lyonbondyblog.fr\/LBB\/#website\"},\"primaryImageOfPage\":{\"@id\":\"https:\/\/lyonbondyblog.fr\/LBB\/frederic-duval-cest-maintenant\/#primaryimage\"},\"image\":{\"@id\":\"https:\/\/lyonbondyblog.fr\/LBB\/frederic-duval-cest-maintenant\/#primaryimage\"},\"thumbnailUrl\":\"https:\/\/lyonbondyblog.fr\/LBB\/wp-content\/uploads\/2026\/03\/cest.jpeg\",\"datePublished\":\"2026-03-13T15:30:42+00:00\",\"dateModified\":\"2026-03-13T15:31:10+00:00\",\"inLanguage\":\"fr-FR\",\"potentialAction\":[{\"@type\":\"ReadAction\",\"target\":[\"https:\/\/lyonbondyblog.fr\/LBB\/frederic-duval-cest-maintenant\/\"]}]},{\"@type\":\"ImageObject\",\"inLanguage\":\"fr-FR\",\"@id\":\"https:\/\/lyonbondyblog.fr\/LBB\/frederic-duval-cest-maintenant\/#primaryimage\",\"url\":\"https:\/\/lyonbondyblog.fr\/LBB\/wp-content\/uploads\/2026\/03\/cest.jpeg\",\"contentUrl\":\"https:\/\/lyonbondyblog.fr\/LBB\/wp-content\/uploads\/2026\/03\/cest.jpeg\",\"width\":1170,\"height\":489},{\"@type\":\"WebSite\",\"@id\":\"https:\/\/lyonbondyblog.fr\/LBB\/#website\",\"url\":\"https:\/\/lyonbondyblog.fr\/LBB\/\",\"name\":\"Lyon Bondy Blog\",\"description\":\"\",\"publisher\":{\"@id\":\"https:\/\/lyonbondyblog.fr\/LBB\/#organization\"},\"potentialAction\":[{\"@type\":\"SearchAction\",\"target\":{\"@type\":\"EntryPoint\",\"urlTemplate\":\"https:\/\/lyonbondyblog.fr\/LBB\/?s={search_term_string}\"},\"query-input\":\"required name=search_term_string\"}],\"inLanguage\":\"fr-FR\"},{\"@type\":\"Organization\",\"@id\":\"https:\/\/lyonbondyblog.fr\/LBB\/#organization\",\"name\":\"LYON BONDY BLOG\",\"url\":\"https:\/\/lyonbondyblog.fr\/LBB\/\",\"logo\":{\"@type\":\"ImageObject\",\"inLanguage\":\"fr-FR\",\"@id\":\"https:\/\/lyonbondyblog.fr\/LBB\/#\/schema\/logo\/image\/\",\"url\":\"http:\/\/lyonbondyblog.fr\/LBB\/wp-content\/uploads\/2014\/10\/logo-portable-144.png\",\"contentUrl\":\"http:\/\/lyonbondyblog.fr\/LBB\/wp-content\/uploads\/2014\/10\/logo-portable-144.png\",\"width\":144,\"height\":123,\"caption\":\"LYON BONDY BLOG\"},\"image\":{\"@id\":\"https:\/\/lyonbondyblog.fr\/LBB\/#\/schema\/logo\/image\/\"},\"sameAs\":[\"https:\/\/www.facebook.com\/lyonbondyblog\",\"https:\/\/x.com\/bondybloglyon\"]},{\"@type\":\"Person\",\"@id\":\"https:\/\/lyonbondyblog.fr\/LBB\/#\/schema\/person\/5e9904261c1f613c8e6ea22045b1353d\",\"name\":\"Etienne Aazzab\",\"description\":\"Etienne a contribu\u00e9 depuis 2 ans dans le journal satirique FOUTOU\u2019ART. Il a int\u00e9gr\u00e9 l\u2019\u00e9quipe du \u00ab clic 2014 \u00bb : Collectif local d\u2019informations citoyennes \u00e0 partir de novembre 2013. Il rejoint le Lyon Bondy Blog \u00e0 partir de janvier 2014. Twitter : @AazzabEtienne Ses sujets de pr\u00e9dilection : #Politique #Soci\u00e9t\u00e9 #Sport\",\"sameAs\":[\"https:\/\/x.com\/AazzabEtienne\"],\"url\":\"https:\/\/lyonbondyblog.fr\/LBB\/author\/etienne\/\"}]}<\/script>\n<!-- \/ Yoast SEO plugin. -->","yoast_head_json":{"title":"Fr\u00e9d\u00e9ric Duval \"C'est Maintenant\" - Lyon Bondy Blog","robots":{"index":"index","follow":"follow","max-snippet":"max-snippet:-1","max-image-preview":"max-image-preview:large","max-video-preview":"max-video-preview:-1"},"canonical":"https:\/\/lyonbondyblog.fr\/LBB\/frederic-duval-cest-maintenant\/","og_locale":"fr_FR","og_type":"article","og_title":"Fr\u00e9d\u00e9ric Duval \"C'est Maintenant\" - Lyon Bondy Blog","og_description":"Dans le cadre des \u00e9lections municipales de 2026, Forum emlyon\u00a0 s&rsquo;associe au LyonBondyBlog\u00a0 pour une s\u00e9rie d&rsquo;interviews exclusives au format questions express. Le but ? &hellip;","og_url":"https:\/\/lyonbondyblog.fr\/LBB\/frederic-duval-cest-maintenant\/","og_site_name":"Lyon Bondy Blog","article_publisher":"https:\/\/www.facebook.com\/lyonbondyblog","article_published_time":"2026-03-13T15:30:42+00:00","article_modified_time":"2026-03-13T15:31:10+00:00","og_image":[{"width":1170,"height":489,"url":"https:\/\/lyonbondyblog.fr\/LBB\/wp-content\/uploads\/2026\/03\/cest.jpeg","type":"image\/jpeg"}],"author":"Etienne Aazzab","twitter_card":"summary_large_image","twitter_creator":"@AazzabEtienne","twitter_site":"@bondybloglyon","schema":{"@context":"https:\/\/schema.org","@graph":[{"@type":"Article","@id":"https:\/\/lyonbondyblog.fr\/LBB\/frederic-duval-cest-maintenant\/#article","isPartOf":{"@id":"https:\/\/lyonbondyblog.fr\/LBB\/frederic-duval-cest-maintenant\/"},"author":{"name":"Etienne Aazzab","@id":"https:\/\/lyonbondyblog.fr\/LBB\/#\/schema\/person\/5e9904261c1f613c8e6ea22045b1353d"},"headline":"Fr\u00e9d\u00e9ric Duval \u00ab\u00a0C&rsquo;est Maintenant\u00a0\u00bb","datePublished":"2026-03-13T15:30:42+00:00","dateModified":"2026-03-13T15:31:10+00:00","mainEntityOfPage":{"@id":"https:\/\/lyonbondyblog.fr\/LBB\/frederic-duval-cest-maintenant\/"},"wordCount":196,"commentCount":0,"publisher":{"@id":"https:\/\/lyonbondyblog.fr\/LBB\/#organization"},"image":{"@id":"https:\/\/lyonbondyblog.fr\/LBB\/frederic-duval-cest-maintenant\/#primaryimage"},"thumbnailUrl":"https:\/\/lyonbondyblog.fr\/LBB\/wp-content\/uploads\/2026\/03\/cest.jpeg","articleSection":["Lyon","M\u00e9tropole","Municipales 2026","Politique"],"inLanguage":"fr-FR","potentialAction":[{"@type":"CommentAction","name":"Comment","target":["https:\/\/lyonbondyblog.fr\/LBB\/frederic-duval-cest-maintenant\/#respond"]}]},{"@type":"WebPage","@id":"https:\/\/lyonbondyblog.fr\/LBB\/frederic-duval-cest-maintenant\/","url":"https:\/\/lyonbondyblog.fr\/LBB\/frederic-duval-cest-maintenant\/","name":"Fr\u00e9d\u00e9ric Duval \"C'est Maintenant\" - Lyon Bondy Blog","isPartOf":{"@id":"https:\/\/lyonbondyblog.fr\/LBB\/#website"},"primaryImageOfPage":{"@id":"https:\/\/lyonbondyblog.fr\/LBB\/frederic-duval-cest-maintenant\/#primaryimage"},"image":{"@id":"https:\/\/lyonbondyblog.fr\/LBB\/frederic-duval-cest-maintenant\/#primaryimage"},"thumbnailUrl":"https:\/\/lyonbondyblog.fr\/LBB\/wp-content\/uploads\/2026\/03\/cest.jpeg","datePublished":"2026-03-13T15:30:42+00:00","dateModified":"2026-03-13T15:31:10+00:00","inLanguage":"fr-FR","potentialAction":[{"@type":"ReadAction","target":["https:\/\/lyonbondyblog.fr\/LBB\/frederic-duval-cest-maintenant\/"]}]},{"@type":"ImageObject","inLanguage":"fr-FR","@id":"https:\/\/lyonbondyblog.fr\/LBB\/frederic-duval-cest-maintenant\/#primaryimage","url":"https:\/\/lyonbondyblog.fr\/LBB\/wp-content\/uploads\/2026\/03\/cest.jpeg","contentUrl":"https:\/\/lyonbondyblog.fr\/LBB\/wp-content\/uploads\/2026\/03\/cest.jpeg","width":1170,"height":489},{"@type":"WebSite","@id":"https:\/\/lyonbondyblog.fr\/LBB\/#website","url":"https:\/\/lyonbondyblog.fr\/LBB\/","name":"Lyon Bondy Blog","description":"","publisher":{"@id":"https:\/\/lyonbondyblog.fr\/LBB\/#organization"},"potentialAction":[{"@type":"SearchAction","target":{"@type":"EntryPoint","urlTemplate":"https:\/\/lyonbondyblog.fr\/LBB\/?s={search_term_string}"},"query-input":"required name=search_term_string"}],"inLanguage":"fr-FR"},{"@type":"Organization","@id":"https:\/\/lyonbondyblog.fr\/LBB\/#organization","name":"LYON BONDY BLOG","url":"https:\/\/lyonbondyblog.fr\/LBB\/","logo":{"@type":"ImageObject","inLanguage":"fr-FR","@id":"https:\/\/lyonbondyblog.fr\/LBB\/#\/schema\/logo\/image\/","url":"http:\/\/lyonbondyblog.fr\/LBB\/wp-content\/uploads\/2014\/10\/logo-portable-144.png","contentUrl":"http:\/\/lyonbondyblog.fr\/LBB\/wp-content\/uploads\/2014\/10\/logo-portable-144.png","width":144,"height":123,"caption":"LYON BONDY BLOG"},"image":{"@id":"https:\/\/lyonbondyblog.fr\/LBB\/#\/schema\/logo\/image\/"},"sameAs":["https:\/\/www.facebook.com\/lyonbondyblog","https:\/\/x.com\/bondybloglyon"]},{"@type":"Person","@id":"https:\/\/lyonbondyblog.fr\/LBB\/#\/schema\/person\/5e9904261c1f613c8e6ea22045b1353d","name":"Etienne Aazzab","description":"Etienne a contribu\u00e9 depuis 2 ans dans le journal satirique FOUTOU\u2019ART. Il a int\u00e9gr\u00e9 l\u2019\u00e9quipe du \u00ab clic 2014 \u00bb : Collectif local d\u2019informations citoyennes \u00e0 partir de novembre 2013. Il rejoint le Lyon Bondy Blog \u00e0 partir de janvier 2014. Twitter : @AazzabEtienne Ses sujets de pr\u00e9dilection : #Politique #Soci\u00e9t\u00e9 #Sport","sameAs":["https:\/\/x.com\/AazzabEtienne"],"url":"https:\/\/lyonbondyblog.fr\/LBB\/author\/etienne\/"}]}},"_links":{"self":[{"href":"https:\/\/lyonbondyblog.fr\/LBB\/wp-json\/wp\/v2\/posts\/38052","targetHints":{"allow":["GET"]}}],"collection":[{"href":"https:\/\/lyonbondyblog.fr\/LBB\/wp-json\/wp\/v2\/posts"}],"about":[{"href":"https:\/\/lyonbondyblog.fr\/LBB\/wp-json\/wp\/v2\/types\/post"}],"author":[{"embeddable":true,"href":"https:\/\/lyonbondyblog.fr\/LBB\/wp-json\/wp\/v2\/users\/33"}],"replies":[{"embeddable":true,"href":"https:\/\/lyonbondyblog.fr\/LBB\/wp-json\/wp\/v2\/comments?post=38052"}],"version-history":[{"count":2,"href":"https:\/\/lyonbondyblog.fr\/LBB\/wp-json\/wp\/v2\/posts\/38052\/revisions"}],"predecessor-version":[{"id":38054,"href":"https:\/\/lyonbondyblog.fr\/LBB\/wp-json\/wp\/v2\/posts\/38052\/revisions\/38054"}],"wp:featuredmedia":[{"embeddable":true,"href":"https:\/\/lyonbondyblog.fr\/LBB\/wp-json\/wp\/v2\/media\/38058"}],"wp:attachment":[{"href":"https:\/\/lyonbondyblog.fr\/LBB\/wp-json\/wp\/v2\/media?parent=38052"}],"wp:term":[{"taxonomy":"category","embeddable":true,"href":"https:\/\/lyonbondyblog.fr\/LBB\/wp-json\/wp\/v2\/categories?post=38052"},{"taxonomy":"post_tag","embeddable":true,"href":"https:\/\/lyonbondyblog.fr\/LBB\/wp-json\/wp\/v2\/tags?post=38052"}],"curies":[{"name":"wp","href":"https:\/\/api.w.org\/{rel}","templated":true}]}}