{"id":38044,"date":"2026-03-13T15:08:08","date_gmt":"2026-03-13T14:08:08","guid":{"rendered":"https:\/\/lyonbondyblog.fr\/LBB\/?p=38044"},"modified":"2026-03-13T15:09:00","modified_gmt":"2026-03-13T14:09:00","slug":"raphaelle-mizony-npa-revolutionnaires-lyon-ouvriere-et-revolutionnaire","status":"publish","type":"post","link":"https:\/\/lyonbondyblog.fr\/LBB\/raphaelle-mizony-npa-revolutionnaires-lyon-ouvriere-et-revolutionnaire\/","title":{"rendered":"Rapha\u00eblle Mizony : NPA-R\u00e9volutionnaires, \u201cLyon ouvri\u00e8re et r\u00e9volutionnaire\u201d"},"content":{"rendered":"\n<p><strong>Dans le cadre des \u00e9lections municipales de 2026, Forum EMlyon\u00a0 s&rsquo;associe au Lyon Bondy Blog\u00a0 pour une s\u00e9rie d&rsquo;interviews exclusives au format questions express. Le but ? D\u00e9crypter les programmes, comprendre les enjeux pour notre m\u00e9tropole et d\u00e9couvrir les candidats sous un nouvel angle, le tout sans filtre et en moins de quelques minutes. Aujourd&rsquo;hui, Le Lyon Bondy Blog re\u00e7oit Rapha\u00eblle Mizony du NPA-R\u00e9volutionnaires .<br><\/strong><\/p>\n\n\n\n<p>Lors de cet entretien, elle a pr\u00e9sent\u00e9 plusieurs propositions qu\u2019elle souhaite d\u00e9fendre: Parmi les mesures \u00e9voqu\u00e9es, Rapha\u00eblle Mizony souhaite d\u00e9velopper massivement les transports en commun afin d\u2019am\u00e9liorer les d\u00e9placements et de r\u00e9duire les in\u00e9galit\u00e9s d\u2019acc\u00e8s \u00e0 la mobilit\u00e9. Elle propose \u00e9galement la gratuit\u00e9 des transports publics pour toutes et tous.<\/p>\n\n\n\n<p>La candidate aborde aussi la question des droits des personnes sans papiers, en se pronon\u00e7ant en faveur de leur r\u00e9gularisation. \u00c0 travers ces propositions, elle affirme vouloir construire une soci\u00e9t\u00e9 plus solidaire et accessible pour l\u2019ensemble des habitants.<\/p>\n\n\n\n<figure class=\"wp-block-embed is-type-video is-provider-youtube wp-block-embed-youtube wp-embed-aspect-16-9 wp-has-aspect-ratio\"><div class=\"wp-block-embed__wrapper\">\n<iframe loading=\"lazy\" title=\"Rapha\u00eblle Mizony : NPA-R\u00e9volutionnaires, \u201cLyon ouvri\u00e8re et r\u00e9volutionnaire\u201d\" width=\"1200\" height=\"675\" src=\"https:\/\/www.youtube.com\/embed\/BNOc9N8Qwjk?feature=oembed\" frameborder=\"0\" allow=\"accelerometer; autoplay; clipboard-write; encrypted-media; gyroscope; picture-in-picture; web-share\" referrerpolicy=\"strict-origin-when-cross-origin\" allowfullscreen><\/iframe>\n<\/div><\/figure>\n<!-- AddThis Advanced Settings generic via filter on the_content --><!-- AddThis Share Buttons generic via filter on the_content -->","protected":false},"excerpt":{"rendered":"<p>Dans le cadre des \u00e9lections municipales de 2026, Forum EMlyon\u00a0 s&rsquo;associe au Lyon Bondy Blog\u00a0 pour une s\u00e9rie d&rsquo;interviews exclusives au format questions express. Le &hellip; <!-- AddThis Advanced Settings generic via filter on wp_trim_excerpt --><!-- AddThis Share Buttons generic via filter on wp_trim_excerpt --><\/p>\n","protected":false},"author":33,"featured_media":37972,"comment_status":"open","ping_status":"open","sticky":true,"template":"","format":"standard","meta":{"_FSMCFIC_featured_image_caption":"","_FSMCFIC_featured_image_nocaption":"","_FSMCFIC_featured_image_hide":"","footnotes":""},"categories":[26299,22015,28441,6],"tags":[],"class_list":["post-38044","post","type-post","status-publish","format-standard","has-post-thumbnail","hentry","category-interview","category-metropole","category-municipales-2026","category-politique"],"yoast_head":"<!-- This site is optimized with the Yoast SEO plugin v22.8 - https:\/\/yoast.com\/wordpress\/plugins\/seo\/ -->\n<title>Rapha\u00eblle Mizony : NPA-R\u00e9volutionnaires, \u201cLyon ouvri\u00e8re et r\u00e9volutionnaire\u201d - Lyon Bondy Blog<\/title>\n<meta name=\"robots\" content=\"index, follow, max-snippet:-1, max-image-preview:large, max-video-preview:-1\" \/>\n<link rel=\"canonical\" href=\"https:\/\/lyonbondyblog.fr\/LBB\/raphaelle-mizony-npa-revolutionnaires-lyon-ouvriere-et-revolutionnaire\/\" \/>\n<meta property=\"og:locale\" content=\"fr_FR\" \/>\n<meta property=\"og:type\" content=\"article\" \/>\n<meta property=\"og:title\" content=\"Rapha\u00eblle Mizony : NPA-R\u00e9volutionnaires, \u201cLyon ouvri\u00e8re et r\u00e9volutionnaire\u201d - Lyon Bondy Blog\" \/>\n<meta property=\"og:description\" content=\"Dans le cadre des \u00e9lections municipales de 2026, Forum EMlyon\u00a0 s&rsquo;associe au Lyon Bondy Blog\u00a0 pour une s\u00e9rie d&rsquo;interviews exclusives au format questions express. Le &hellip;\" \/>\n<meta property=\"og:url\" content=\"https:\/\/lyonbondyblog.fr\/LBB\/raphaelle-mizony-npa-revolutionnaires-lyon-ouvriere-et-revolutionnaire\/\" \/>\n<meta property=\"og:site_name\" content=\"Lyon Bondy Blog\" \/>\n<meta property=\"article:publisher\" content=\"https:\/\/www.facebook.com\/lyonbondyblog\" \/>\n<meta property=\"article:published_time\" content=\"2026-03-13T14:08:08+00:00\" \/>\n<meta property=\"article:modified_time\" content=\"2026-03-13T14:09:00+00:00\" \/>\n<meta property=\"og:image\" content=\"https:\/\/lyonbondyblog.fr\/LBB\/wp-content\/uploads\/2026\/03\/tract-meeting-1.R-721x1024-1.jpg\" \/>\n\t<meta property=\"og:image:width\" content=\"721\" \/>\n\t<meta property=\"og:image:height\" content=\"1024\" \/>\n\t<meta property=\"og:image:type\" content=\"image\/jpeg\" \/>\n<meta name=\"author\" content=\"Etienne Aazzab\" \/>\n<meta name=\"twitter:card\" content=\"summary_large_image\" \/>\n<meta name=\"twitter:creator\" content=\"@AazzabEtienne\" \/>\n<meta name=\"twitter:site\" content=\"@bondybloglyon\" \/>\n<script type=\"application\/ld+json\" class=\"yoast-schema-graph\">{\"@context\":\"https:\/\/schema.org\",\"@graph\":[{\"@type\":\"Article\",\"@id\":\"https:\/\/lyonbondyblog.fr\/LBB\/raphaelle-mizony-npa-revolutionnaires-lyon-ouvriere-et-revolutionnaire\/#article\",\"isPartOf\":{\"@id\":\"https:\/\/lyonbondyblog.fr\/LBB\/raphaelle-mizony-npa-revolutionnaires-lyon-ouvriere-et-revolutionnaire\/\"},\"author\":{\"name\":\"Etienne Aazzab\",\"@id\":\"https:\/\/lyonbondyblog.fr\/LBB\/#\/schema\/person\/5e9904261c1f613c8e6ea22045b1353d\"},\"headline\":\"Rapha\u00eblle Mizony : NPA-R\u00e9volutionnaires, \u201cLyon ouvri\u00e8re et r\u00e9volutionnaire\u201d\",\"datePublished\":\"2026-03-13T14:08:08+00:00\",\"dateModified\":\"2026-03-13T14:09:00+00:00\",\"mainEntityOfPage\":{\"@id\":\"https:\/\/lyonbondyblog.fr\/LBB\/raphaelle-mizony-npa-revolutionnaires-lyon-ouvriere-et-revolutionnaire\/\"},\"wordCount\":190,\"commentCount\":0,\"publisher\":{\"@id\":\"https:\/\/lyonbondyblog.fr\/LBB\/#organization\"},\"image\":{\"@id\":\"https:\/\/lyonbondyblog.fr\/LBB\/raphaelle-mizony-npa-revolutionnaires-lyon-ouvriere-et-revolutionnaire\/#primaryimage\"},\"thumbnailUrl\":\"https:\/\/lyonbondyblog.fr\/LBB\/wp-content\/uploads\/2026\/03\/tract-meeting-1.R-721x1024-1.jpg\",\"articleSection\":[\"Interview\",\"M\u00e9tropole\",\"Municipales 2026\",\"Politique\"],\"inLanguage\":\"fr-FR\",\"potentialAction\":[{\"@type\":\"CommentAction\",\"name\":\"Comment\",\"target\":[\"https:\/\/lyonbondyblog.fr\/LBB\/raphaelle-mizony-npa-revolutionnaires-lyon-ouvriere-et-revolutionnaire\/#respond\"]}]},{\"@type\":\"WebPage\",\"@id\":\"https:\/\/lyonbondyblog.fr\/LBB\/raphaelle-mizony-npa-revolutionnaires-lyon-ouvriere-et-revolutionnaire\/\",\"url\":\"https:\/\/lyonbondyblog.fr\/LBB\/raphaelle-mizony-npa-revolutionnaires-lyon-ouvriere-et-revolutionnaire\/\",\"name\":\"Rapha\u00eblle Mizony : NPA-R\u00e9volutionnaires, \u201cLyon ouvri\u00e8re et r\u00e9volutionnaire\u201d - Lyon Bondy Blog\",\"isPartOf\":{\"@id\":\"https:\/\/lyonbondyblog.fr\/LBB\/#website\"},\"primaryImageOfPage\":{\"@id\":\"https:\/\/lyonbondyblog.fr\/LBB\/raphaelle-mizony-npa-revolutionnaires-lyon-ouvriere-et-revolutionnaire\/#primaryimage\"},\"image\":{\"@id\":\"https:\/\/lyonbondyblog.fr\/LBB\/raphaelle-mizony-npa-revolutionnaires-lyon-ouvriere-et-revolutionnaire\/#primaryimage\"},\"thumbnailUrl\":\"https:\/\/lyonbondyblog.fr\/LBB\/wp-content\/uploads\/2026\/03\/tract-meeting-1.R-721x1024-1.jpg\",\"datePublished\":\"2026-03-13T14:08:08+00:00\",\"dateModified\":\"2026-03-13T14:09:00+00:00\",\"inLanguage\":\"fr-FR\",\"potentialAction\":[{\"@type\":\"ReadAction\",\"target\":[\"https:\/\/lyonbondyblog.fr\/LBB\/raphaelle-mizony-npa-revolutionnaires-lyon-ouvriere-et-revolutionnaire\/\"]}]},{\"@type\":\"ImageObject\",\"inLanguage\":\"fr-FR\",\"@id\":\"https:\/\/lyonbondyblog.fr\/LBB\/raphaelle-mizony-npa-revolutionnaires-lyon-ouvriere-et-revolutionnaire\/#primaryimage\",\"url\":\"https:\/\/lyonbondyblog.fr\/LBB\/wp-content\/uploads\/2026\/03\/tract-meeting-1.R-721x1024-1.jpg\",\"contentUrl\":\"https:\/\/lyonbondyblog.fr\/LBB\/wp-content\/uploads\/2026\/03\/tract-meeting-1.R-721x1024-1.jpg\",\"width\":721,\"height\":1024},{\"@type\":\"WebSite\",\"@id\":\"https:\/\/lyonbondyblog.fr\/LBB\/#website\",\"url\":\"https:\/\/lyonbondyblog.fr\/LBB\/\",\"name\":\"Lyon Bondy Blog\",\"description\":\"\",\"publisher\":{\"@id\":\"https:\/\/lyonbondyblog.fr\/LBB\/#organization\"},\"potentialAction\":[{\"@type\":\"SearchAction\",\"target\":{\"@type\":\"EntryPoint\",\"urlTemplate\":\"https:\/\/lyonbondyblog.fr\/LBB\/?s={search_term_string}\"},\"query-input\":\"required name=search_term_string\"}],\"inLanguage\":\"fr-FR\"},{\"@type\":\"Organization\",\"@id\":\"https:\/\/lyonbondyblog.fr\/LBB\/#organization\",\"name\":\"LYON BONDY BLOG\",\"url\":\"https:\/\/lyonbondyblog.fr\/LBB\/\",\"logo\":{\"@type\":\"ImageObject\",\"inLanguage\":\"fr-FR\",\"@id\":\"https:\/\/lyonbondyblog.fr\/LBB\/#\/schema\/logo\/image\/\",\"url\":\"http:\/\/lyonbondyblog.fr\/LBB\/wp-content\/uploads\/2014\/10\/logo-portable-144.png\",\"contentUrl\":\"http:\/\/lyonbondyblog.fr\/LBB\/wp-content\/uploads\/2014\/10\/logo-portable-144.png\",\"width\":144,\"height\":123,\"caption\":\"LYON BONDY BLOG\"},\"image\":{\"@id\":\"https:\/\/lyonbondyblog.fr\/LBB\/#\/schema\/logo\/image\/\"},\"sameAs\":[\"https:\/\/www.facebook.com\/lyonbondyblog\",\"https:\/\/x.com\/bondybloglyon\"]},{\"@type\":\"Person\",\"@id\":\"https:\/\/lyonbondyblog.fr\/LBB\/#\/schema\/person\/5e9904261c1f613c8e6ea22045b1353d\",\"name\":\"Etienne Aazzab\",\"description\":\"Etienne a contribu\u00e9 depuis 2 ans dans le journal satirique FOUTOU\u2019ART. Il a int\u00e9gr\u00e9 l\u2019\u00e9quipe du \u00ab clic 2014 \u00bb : Collectif local d\u2019informations citoyennes \u00e0 partir de novembre 2013. Il rejoint le Lyon Bondy Blog \u00e0 partir de janvier 2014. Twitter : @AazzabEtienne Ses sujets de pr\u00e9dilection : #Politique #Soci\u00e9t\u00e9 #Sport\",\"sameAs\":[\"https:\/\/x.com\/AazzabEtienne\"],\"url\":\"https:\/\/lyonbondyblog.fr\/LBB\/author\/etienne\/\"}]}<\/script>\n<!-- \/ Yoast SEO plugin. -->","yoast_head_json":{"title":"Rapha\u00eblle Mizony : NPA-R\u00e9volutionnaires, \u201cLyon ouvri\u00e8re et r\u00e9volutionnaire\u201d - Lyon Bondy Blog","robots":{"index":"index","follow":"follow","max-snippet":"max-snippet:-1","max-image-preview":"max-image-preview:large","max-video-preview":"max-video-preview:-1"},"canonical":"https:\/\/lyonbondyblog.fr\/LBB\/raphaelle-mizony-npa-revolutionnaires-lyon-ouvriere-et-revolutionnaire\/","og_locale":"fr_FR","og_type":"article","og_title":"Rapha\u00eblle Mizony : NPA-R\u00e9volutionnaires, \u201cLyon ouvri\u00e8re et r\u00e9volutionnaire\u201d - Lyon Bondy Blog","og_description":"Dans le cadre des \u00e9lections municipales de 2026, Forum EMlyon\u00a0 s&rsquo;associe au Lyon Bondy Blog\u00a0 pour une s\u00e9rie d&rsquo;interviews exclusives au format questions express. Le &hellip;","og_url":"https:\/\/lyonbondyblog.fr\/LBB\/raphaelle-mizony-npa-revolutionnaires-lyon-ouvriere-et-revolutionnaire\/","og_site_name":"Lyon Bondy Blog","article_publisher":"https:\/\/www.facebook.com\/lyonbondyblog","article_published_time":"2026-03-13T14:08:08+00:00","article_modified_time":"2026-03-13T14:09:00+00:00","og_image":[{"width":721,"height":1024,"url":"https:\/\/lyonbondyblog.fr\/LBB\/wp-content\/uploads\/2026\/03\/tract-meeting-1.R-721x1024-1.jpg","type":"image\/jpeg"}],"author":"Etienne Aazzab","twitter_card":"summary_large_image","twitter_creator":"@AazzabEtienne","twitter_site":"@bondybloglyon","schema":{"@context":"https:\/\/schema.org","@graph":[{"@type":"Article","@id":"https:\/\/lyonbondyblog.fr\/LBB\/raphaelle-mizony-npa-revolutionnaires-lyon-ouvriere-et-revolutionnaire\/#article","isPartOf":{"@id":"https:\/\/lyonbondyblog.fr\/LBB\/raphaelle-mizony-npa-revolutionnaires-lyon-ouvriere-et-revolutionnaire\/"},"author":{"name":"Etienne Aazzab","@id":"https:\/\/lyonbondyblog.fr\/LBB\/#\/schema\/person\/5e9904261c1f613c8e6ea22045b1353d"},"headline":"Rapha\u00eblle Mizony : NPA-R\u00e9volutionnaires, \u201cLyon ouvri\u00e8re et r\u00e9volutionnaire\u201d","datePublished":"2026-03-13T14:08:08+00:00","dateModified":"2026-03-13T14:09:00+00:00","mainEntityOfPage":{"@id":"https:\/\/lyonbondyblog.fr\/LBB\/raphaelle-mizony-npa-revolutionnaires-lyon-ouvriere-et-revolutionnaire\/"},"wordCount":190,"commentCount":0,"publisher":{"@id":"https:\/\/lyonbondyblog.fr\/LBB\/#organization"},"image":{"@id":"https:\/\/lyonbondyblog.fr\/LBB\/raphaelle-mizony-npa-revolutionnaires-lyon-ouvriere-et-revolutionnaire\/#primaryimage"},"thumbnailUrl":"https:\/\/lyonbondyblog.fr\/LBB\/wp-content\/uploads\/2026\/03\/tract-meeting-1.R-721x1024-1.jpg","articleSection":["Interview","M\u00e9tropole","Municipales 2026","Politique"],"inLanguage":"fr-FR","potentialAction":[{"@type":"CommentAction","name":"Comment","target":["https:\/\/lyonbondyblog.fr\/LBB\/raphaelle-mizony-npa-revolutionnaires-lyon-ouvriere-et-revolutionnaire\/#respond"]}]},{"@type":"WebPage","@id":"https:\/\/lyonbondyblog.fr\/LBB\/raphaelle-mizony-npa-revolutionnaires-lyon-ouvriere-et-revolutionnaire\/","url":"https:\/\/lyonbondyblog.fr\/LBB\/raphaelle-mizony-npa-revolutionnaires-lyon-ouvriere-et-revolutionnaire\/","name":"Rapha\u00eblle Mizony : NPA-R\u00e9volutionnaires, \u201cLyon ouvri\u00e8re et r\u00e9volutionnaire\u201d - Lyon Bondy Blog","isPartOf":{"@id":"https:\/\/lyonbondyblog.fr\/LBB\/#website"},"primaryImageOfPage":{"@id":"https:\/\/lyonbondyblog.fr\/LBB\/raphaelle-mizony-npa-revolutionnaires-lyon-ouvriere-et-revolutionnaire\/#primaryimage"},"image":{"@id":"https:\/\/lyonbondyblog.fr\/LBB\/raphaelle-mizony-npa-revolutionnaires-lyon-ouvriere-et-revolutionnaire\/#primaryimage"},"thumbnailUrl":"https:\/\/lyonbondyblog.fr\/LBB\/wp-content\/uploads\/2026\/03\/tract-meeting-1.R-721x1024-1.jpg","datePublished":"2026-03-13T14:08:08+00:00","dateModified":"2026-03-13T14:09:00+00:00","inLanguage":"fr-FR","potentialAction":[{"@type":"ReadAction","target":["https:\/\/lyonbondyblog.fr\/LBB\/raphaelle-mizony-npa-revolutionnaires-lyon-ouvriere-et-revolutionnaire\/"]}]},{"@type":"ImageObject","inLanguage":"fr-FR","@id":"https:\/\/lyonbondyblog.fr\/LBB\/raphaelle-mizony-npa-revolutionnaires-lyon-ouvriere-et-revolutionnaire\/#primaryimage","url":"https:\/\/lyonbondyblog.fr\/LBB\/wp-content\/uploads\/2026\/03\/tract-meeting-1.R-721x1024-1.jpg","contentUrl":"https:\/\/lyonbondyblog.fr\/LBB\/wp-content\/uploads\/2026\/03\/tract-meeting-1.R-721x1024-1.jpg","width":721,"height":1024},{"@type":"WebSite","@id":"https:\/\/lyonbondyblog.fr\/LBB\/#website","url":"https:\/\/lyonbondyblog.fr\/LBB\/","name":"Lyon Bondy Blog","description":"","publisher":{"@id":"https:\/\/lyonbondyblog.fr\/LBB\/#organization"},"potentialAction":[{"@type":"SearchAction","target":{"@type":"EntryPoint","urlTemplate":"https:\/\/lyonbondyblog.fr\/LBB\/?s={search_term_string}"},"query-input":"required name=search_term_string"}],"inLanguage":"fr-FR"},{"@type":"Organization","@id":"https:\/\/lyonbondyblog.fr\/LBB\/#organization","name":"LYON BONDY BLOG","url":"https:\/\/lyonbondyblog.fr\/LBB\/","logo":{"@type":"ImageObject","inLanguage":"fr-FR","@id":"https:\/\/lyonbondyblog.fr\/LBB\/#\/schema\/logo\/image\/","url":"http:\/\/lyonbondyblog.fr\/LBB\/wp-content\/uploads\/2014\/10\/logo-portable-144.png","contentUrl":"http:\/\/lyonbondyblog.fr\/LBB\/wp-content\/uploads\/2014\/10\/logo-portable-144.png","width":144,"height":123,"caption":"LYON BONDY BLOG"},"image":{"@id":"https:\/\/lyonbondyblog.fr\/LBB\/#\/schema\/logo\/image\/"},"sameAs":["https:\/\/www.facebook.com\/lyonbondyblog","https:\/\/x.com\/bondybloglyon"]},{"@type":"Person","@id":"https:\/\/lyonbondyblog.fr\/LBB\/#\/schema\/person\/5e9904261c1f613c8e6ea22045b1353d","name":"Etienne Aazzab","description":"Etienne a contribu\u00e9 depuis 2 ans dans le journal satirique FOUTOU\u2019ART. Il a int\u00e9gr\u00e9 l\u2019\u00e9quipe du \u00ab clic 2014 \u00bb : Collectif local d\u2019informations citoyennes \u00e0 partir de novembre 2013. Il rejoint le Lyon Bondy Blog \u00e0 partir de janvier 2014. Twitter : @AazzabEtienne Ses sujets de pr\u00e9dilection : #Politique #Soci\u00e9t\u00e9 #Sport","sameAs":["https:\/\/x.com\/AazzabEtienne"],"url":"https:\/\/lyonbondyblog.fr\/LBB\/author\/etienne\/"}]}},"_links":{"self":[{"href":"https:\/\/lyonbondyblog.fr\/LBB\/wp-json\/wp\/v2\/posts\/38044","targetHints":{"allow":["GET"]}}],"collection":[{"href":"https:\/\/lyonbondyblog.fr\/LBB\/wp-json\/wp\/v2\/posts"}],"about":[{"href":"https:\/\/lyonbondyblog.fr\/LBB\/wp-json\/wp\/v2\/types\/post"}],"author":[{"embeddable":true,"href":"https:\/\/lyonbondyblog.fr\/LBB\/wp-json\/wp\/v2\/users\/33"}],"replies":[{"embeddable":true,"href":"https:\/\/lyonbondyblog.fr\/LBB\/wp-json\/wp\/v2\/comments?post=38044"}],"version-history":[{"count":4,"href":"https:\/\/lyonbondyblog.fr\/LBB\/wp-json\/wp\/v2\/posts\/38044\/revisions"}],"predecessor-version":[{"id":38048,"href":"https:\/\/lyonbondyblog.fr\/LBB\/wp-json\/wp\/v2\/posts\/38044\/revisions\/38048"}],"wp:featuredmedia":[{"embeddable":true,"href":"https:\/\/lyonbondyblog.fr\/LBB\/wp-json\/wp\/v2\/media\/37972"}],"wp:attachment":[{"href":"https:\/\/lyonbondyblog.fr\/LBB\/wp-json\/wp\/v2\/media?parent=38044"}],"wp:term":[{"taxonomy":"category","embeddable":true,"href":"https:\/\/lyonbondyblog.fr\/LBB\/wp-json\/wp\/v2\/categories?post=38044"},{"taxonomy":"post_tag","embeddable":true,"href":"https:\/\/lyonbondyblog.fr\/LBB\/wp-json\/wp\/v2\/tags?post=38044"}],"curies":[{"name":"wp","href":"https:\/\/api.w.org\/{rel}","templated":true}]}}