{"id":38033,"date":"2026-03-12T14:08:48","date_gmt":"2026-03-12T13:08:48","guid":{"rendered":"https:\/\/lyonbondyblog.fr\/LBB\/?p=38033"},"modified":"2026-03-12T14:09:17","modified_gmt":"2026-03-12T13:09:17","slug":"thimotee-martin-brossat-la-metropole-avec-vous","status":"publish","type":"post","link":"https:\/\/lyonbondyblog.fr\/LBB\/thimotee-martin-brossat-la-metropole-avec-vous\/","title":{"rendered":"Thimot\u00e9e MARTIN-BROSSAT (La M\u00e9tropole avec vous)"},"content":{"rendered":"\n<p><strong>Forum emlyon\u00a0 s&rsquo;associe au LyonBondyBlog\u00a0 pour une s\u00e9rie d&rsquo;interviews exclusives au format questions express. Le but ? D\u00e9crypter les programmes, comprendre les enjeux pour notre m\u00e9tropole et d\u00e9couvrir les candidats sous un nouvel angle, le tout sans filtre et en moins de quelques minutes. Aujourd&rsquo;hui, Le Lyon Bondy Blog re\u00e7oit Timoth\u00e9e Martin-Brossat \u00a0La M\u00e9tropole avec vous<\/strong> .<\/p>\n\n\n\n<p>Son objectif est notamment de renforcer la coh\u00e9sion sociale entre les habitants. Pour cela, il propose d\u2019encourager l\u2019organisation d\u2019\u00e9v\u00e9nements dans les quartiers afin de favoriser les rencontres et la vie locale. Il souhaite \u00e9galement soutenir davantage les commer\u00e7ants et commer\u00e7antes, consid\u00e9r\u00e9s comme des acteurs essentiels de la dynamique des quartiers.<\/p>\n\n\n\n<p>Le candidat \u00e9voque aussi la question des mobilit\u00e9s, avec la proposition d\u2019instaurer la gratuit\u00e9 des transports pour les personnes de plus de 60 ans ainsi que les week-ends. \u00c0 travers ces mesures, Timoth\u00e9e Martin-Brossat souhaite am\u00e9liorer la qualit\u00e9 de vie des habitants tout en renfor\u00e7ant les liens au sein de la commune.<\/p>\n\n\n\n<p><strong>Article sign\u00e9 par Mariama Bah<\/strong><\/p>\n\n\n\n<figure class=\"wp-block-embed is-type-video is-provider-youtube wp-block-embed-youtube wp-embed-aspect-16-9 wp-has-aspect-ratio\"><div class=\"wp-block-embed__wrapper\">\n<iframe loading=\"lazy\" title=\"Thimot\u00e9e MARTIN-BROSSAT (La M\u00e9tropole avec vous)\" width=\"1200\" height=\"675\" src=\"https:\/\/www.youtube.com\/embed\/D2UijTZ19vc?feature=oembed\" frameborder=\"0\" allow=\"accelerometer; autoplay; clipboard-write; encrypted-media; gyroscope; picture-in-picture; web-share\" referrerpolicy=\"strict-origin-when-cross-origin\" allowfullscreen><\/iframe>\n<\/div><\/figure>\n<!-- AddThis Advanced Settings generic via filter on the_content --><!-- AddThis Share Buttons generic via filter on the_content -->","protected":false},"excerpt":{"rendered":"<p>Forum emlyon\u00a0 s&rsquo;associe au LyonBondyBlog\u00a0 pour une s\u00e9rie d&rsquo;interviews exclusives au format questions express. Le but ? D\u00e9crypter les programmes, comprendre les enjeux pour notre &hellip; <!-- AddThis Advanced Settings generic via filter on wp_trim_excerpt --><!-- AddThis Share Buttons generic via filter on wp_trim_excerpt --><\/p>\n","protected":false},"author":33,"featured_media":38037,"comment_status":"open","ping_status":"open","sticky":true,"template":"","format":"standard","meta":{"_FSMCFIC_featured_image_caption":"","_FSMCFIC_featured_image_nocaption":"","_FSMCFIC_featured_image_hide":"","footnotes":""},"categories":[4,22015,28441,6],"tags":[],"class_list":["post-38033","post","type-post","status-publish","format-standard","has-post-thumbnail","hentry","category-lyon","category-metropole","category-municipales-2026","category-politique"],"yoast_head":"<!-- This site is optimized with the Yoast SEO plugin v22.8 - https:\/\/yoast.com\/wordpress\/plugins\/seo\/ -->\n<title>Thimot\u00e9e MARTIN-BROSSAT (La M\u00e9tropole avec vous) - Lyon Bondy Blog<\/title>\n<meta name=\"robots\" content=\"index, follow, max-snippet:-1, max-image-preview:large, max-video-preview:-1\" \/>\n<link rel=\"canonical\" href=\"https:\/\/lyonbondyblog.fr\/LBB\/thimotee-martin-brossat-la-metropole-avec-vous\/\" \/>\n<meta property=\"og:locale\" content=\"fr_FR\" \/>\n<meta property=\"og:type\" content=\"article\" \/>\n<meta property=\"og:title\" content=\"Thimot\u00e9e MARTIN-BROSSAT (La M\u00e9tropole avec vous) - Lyon Bondy Blog\" \/>\n<meta property=\"og:description\" content=\"Forum emlyon\u00a0 s&rsquo;associe au LyonBondyBlog\u00a0 pour une s\u00e9rie d&rsquo;interviews exclusives au format questions express. Le but ? D\u00e9crypter les programmes, comprendre les enjeux pour notre &hellip;\" \/>\n<meta property=\"og:url\" content=\"https:\/\/lyonbondyblog.fr\/LBB\/thimotee-martin-brossat-la-metropole-avec-vous\/\" \/>\n<meta property=\"og:site_name\" content=\"Lyon Bondy Blog\" \/>\n<meta property=\"article:publisher\" content=\"https:\/\/www.facebook.com\/lyonbondyblog\" \/>\n<meta property=\"article:published_time\" content=\"2026-03-12T13:08:48+00:00\" \/>\n<meta property=\"article:modified_time\" content=\"2026-03-12T13:09:17+00:00\" \/>\n<meta property=\"og:image\" content=\"https:\/\/lyonbondyblog.fr\/LBB\/wp-content\/uploads\/2026\/03\/timothee.jpeg\" \/>\n\t<meta property=\"og:image:width\" content=\"960\" \/>\n\t<meta property=\"og:image:height\" content=\"958\" \/>\n\t<meta property=\"og:image:type\" content=\"image\/jpeg\" \/>\n<meta name=\"author\" content=\"Etienne Aazzab\" \/>\n<meta name=\"twitter:card\" content=\"summary_large_image\" \/>\n<meta name=\"twitter:creator\" content=\"@AazzabEtienne\" \/>\n<meta name=\"twitter:site\" content=\"@bondybloglyon\" \/>\n<script type=\"application\/ld+json\" class=\"yoast-schema-graph\">{\"@context\":\"https:\/\/schema.org\",\"@graph\":[{\"@type\":\"Article\",\"@id\":\"https:\/\/lyonbondyblog.fr\/LBB\/thimotee-martin-brossat-la-metropole-avec-vous\/#article\",\"isPartOf\":{\"@id\":\"https:\/\/lyonbondyblog.fr\/LBB\/thimotee-martin-brossat-la-metropole-avec-vous\/\"},\"author\":{\"name\":\"Etienne Aazzab\",\"@id\":\"https:\/\/lyonbondyblog.fr\/LBB\/#\/schema\/person\/5e9904261c1f613c8e6ea22045b1353d\"},\"headline\":\"Thimot\u00e9e MARTIN-BROSSAT (La M\u00e9tropole avec vous)\",\"datePublished\":\"2026-03-12T13:08:48+00:00\",\"dateModified\":\"2026-03-12T13:09:17+00:00\",\"mainEntityOfPage\":{\"@id\":\"https:\/\/lyonbondyblog.fr\/LBB\/thimotee-martin-brossat-la-metropole-avec-vous\/\"},\"wordCount\":195,\"commentCount\":0,\"publisher\":{\"@id\":\"https:\/\/lyonbondyblog.fr\/LBB\/#organization\"},\"image\":{\"@id\":\"https:\/\/lyonbondyblog.fr\/LBB\/thimotee-martin-brossat-la-metropole-avec-vous\/#primaryimage\"},\"thumbnailUrl\":\"https:\/\/lyonbondyblog.fr\/LBB\/wp-content\/uploads\/2026\/03\/timothee.jpeg\",\"articleSection\":[\"Lyon\",\"M\u00e9tropole\",\"Municipales 2026\",\"Politique\"],\"inLanguage\":\"fr-FR\",\"potentialAction\":[{\"@type\":\"CommentAction\",\"name\":\"Comment\",\"target\":[\"https:\/\/lyonbondyblog.fr\/LBB\/thimotee-martin-brossat-la-metropole-avec-vous\/#respond\"]}]},{\"@type\":\"WebPage\",\"@id\":\"https:\/\/lyonbondyblog.fr\/LBB\/thimotee-martin-brossat-la-metropole-avec-vous\/\",\"url\":\"https:\/\/lyonbondyblog.fr\/LBB\/thimotee-martin-brossat-la-metropole-avec-vous\/\",\"name\":\"Thimot\u00e9e MARTIN-BROSSAT (La M\u00e9tropole avec vous) - Lyon Bondy Blog\",\"isPartOf\":{\"@id\":\"https:\/\/lyonbondyblog.fr\/LBB\/#website\"},\"primaryImageOfPage\":{\"@id\":\"https:\/\/lyonbondyblog.fr\/LBB\/thimotee-martin-brossat-la-metropole-avec-vous\/#primaryimage\"},\"image\":{\"@id\":\"https:\/\/lyonbondyblog.fr\/LBB\/thimotee-martin-brossat-la-metropole-avec-vous\/#primaryimage\"},\"thumbnailUrl\":\"https:\/\/lyonbondyblog.fr\/LBB\/wp-content\/uploads\/2026\/03\/timothee.jpeg\",\"datePublished\":\"2026-03-12T13:08:48+00:00\",\"dateModified\":\"2026-03-12T13:09:17+00:00\",\"inLanguage\":\"fr-FR\",\"potentialAction\":[{\"@type\":\"ReadAction\",\"target\":[\"https:\/\/lyonbondyblog.fr\/LBB\/thimotee-martin-brossat-la-metropole-avec-vous\/\"]}]},{\"@type\":\"ImageObject\",\"inLanguage\":\"fr-FR\",\"@id\":\"https:\/\/lyonbondyblog.fr\/LBB\/thimotee-martin-brossat-la-metropole-avec-vous\/#primaryimage\",\"url\":\"https:\/\/lyonbondyblog.fr\/LBB\/wp-content\/uploads\/2026\/03\/timothee.jpeg\",\"contentUrl\":\"https:\/\/lyonbondyblog.fr\/LBB\/wp-content\/uploads\/2026\/03\/timothee.jpeg\",\"width\":960,\"height\":958},{\"@type\":\"WebSite\",\"@id\":\"https:\/\/lyonbondyblog.fr\/LBB\/#website\",\"url\":\"https:\/\/lyonbondyblog.fr\/LBB\/\",\"name\":\"Lyon Bondy Blog\",\"description\":\"\",\"publisher\":{\"@id\":\"https:\/\/lyonbondyblog.fr\/LBB\/#organization\"},\"potentialAction\":[{\"@type\":\"SearchAction\",\"target\":{\"@type\":\"EntryPoint\",\"urlTemplate\":\"https:\/\/lyonbondyblog.fr\/LBB\/?s={search_term_string}\"},\"query-input\":\"required name=search_term_string\"}],\"inLanguage\":\"fr-FR\"},{\"@type\":\"Organization\",\"@id\":\"https:\/\/lyonbondyblog.fr\/LBB\/#organization\",\"name\":\"LYON BONDY BLOG\",\"url\":\"https:\/\/lyonbondyblog.fr\/LBB\/\",\"logo\":{\"@type\":\"ImageObject\",\"inLanguage\":\"fr-FR\",\"@id\":\"https:\/\/lyonbondyblog.fr\/LBB\/#\/schema\/logo\/image\/\",\"url\":\"http:\/\/lyonbondyblog.fr\/LBB\/wp-content\/uploads\/2014\/10\/logo-portable-144.png\",\"contentUrl\":\"http:\/\/lyonbondyblog.fr\/LBB\/wp-content\/uploads\/2014\/10\/logo-portable-144.png\",\"width\":144,\"height\":123,\"caption\":\"LYON BONDY BLOG\"},\"image\":{\"@id\":\"https:\/\/lyonbondyblog.fr\/LBB\/#\/schema\/logo\/image\/\"},\"sameAs\":[\"https:\/\/www.facebook.com\/lyonbondyblog\",\"https:\/\/x.com\/bondybloglyon\"]},{\"@type\":\"Person\",\"@id\":\"https:\/\/lyonbondyblog.fr\/LBB\/#\/schema\/person\/5e9904261c1f613c8e6ea22045b1353d\",\"name\":\"Etienne Aazzab\",\"description\":\"Etienne a contribu\u00e9 depuis 2 ans dans le journal satirique FOUTOU\u2019ART. Il a int\u00e9gr\u00e9 l\u2019\u00e9quipe du \u00ab clic 2014 \u00bb : Collectif local d\u2019informations citoyennes \u00e0 partir de novembre 2013. Il rejoint le Lyon Bondy Blog \u00e0 partir de janvier 2014. Twitter : @AazzabEtienne Ses sujets de pr\u00e9dilection : #Politique #Soci\u00e9t\u00e9 #Sport\",\"sameAs\":[\"https:\/\/x.com\/AazzabEtienne\"],\"url\":\"https:\/\/lyonbondyblog.fr\/LBB\/author\/etienne\/\"}]}<\/script>\n<!-- \/ Yoast SEO plugin. -->","yoast_head_json":{"title":"Thimot\u00e9e MARTIN-BROSSAT (La M\u00e9tropole avec vous) - Lyon Bondy Blog","robots":{"index":"index","follow":"follow","max-snippet":"max-snippet:-1","max-image-preview":"max-image-preview:large","max-video-preview":"max-video-preview:-1"},"canonical":"https:\/\/lyonbondyblog.fr\/LBB\/thimotee-martin-brossat-la-metropole-avec-vous\/","og_locale":"fr_FR","og_type":"article","og_title":"Thimot\u00e9e MARTIN-BROSSAT (La M\u00e9tropole avec vous) - Lyon Bondy Blog","og_description":"Forum emlyon\u00a0 s&rsquo;associe au LyonBondyBlog\u00a0 pour une s\u00e9rie d&rsquo;interviews exclusives au format questions express. Le but ? D\u00e9crypter les programmes, comprendre les enjeux pour notre &hellip;","og_url":"https:\/\/lyonbondyblog.fr\/LBB\/thimotee-martin-brossat-la-metropole-avec-vous\/","og_site_name":"Lyon Bondy Blog","article_publisher":"https:\/\/www.facebook.com\/lyonbondyblog","article_published_time":"2026-03-12T13:08:48+00:00","article_modified_time":"2026-03-12T13:09:17+00:00","og_image":[{"width":960,"height":958,"url":"https:\/\/lyonbondyblog.fr\/LBB\/wp-content\/uploads\/2026\/03\/timothee.jpeg","type":"image\/jpeg"}],"author":"Etienne Aazzab","twitter_card":"summary_large_image","twitter_creator":"@AazzabEtienne","twitter_site":"@bondybloglyon","schema":{"@context":"https:\/\/schema.org","@graph":[{"@type":"Article","@id":"https:\/\/lyonbondyblog.fr\/LBB\/thimotee-martin-brossat-la-metropole-avec-vous\/#article","isPartOf":{"@id":"https:\/\/lyonbondyblog.fr\/LBB\/thimotee-martin-brossat-la-metropole-avec-vous\/"},"author":{"name":"Etienne Aazzab","@id":"https:\/\/lyonbondyblog.fr\/LBB\/#\/schema\/person\/5e9904261c1f613c8e6ea22045b1353d"},"headline":"Thimot\u00e9e MARTIN-BROSSAT (La M\u00e9tropole avec vous)","datePublished":"2026-03-12T13:08:48+00:00","dateModified":"2026-03-12T13:09:17+00:00","mainEntityOfPage":{"@id":"https:\/\/lyonbondyblog.fr\/LBB\/thimotee-martin-brossat-la-metropole-avec-vous\/"},"wordCount":195,"commentCount":0,"publisher":{"@id":"https:\/\/lyonbondyblog.fr\/LBB\/#organization"},"image":{"@id":"https:\/\/lyonbondyblog.fr\/LBB\/thimotee-martin-brossat-la-metropole-avec-vous\/#primaryimage"},"thumbnailUrl":"https:\/\/lyonbondyblog.fr\/LBB\/wp-content\/uploads\/2026\/03\/timothee.jpeg","articleSection":["Lyon","M\u00e9tropole","Municipales 2026","Politique"],"inLanguage":"fr-FR","potentialAction":[{"@type":"CommentAction","name":"Comment","target":["https:\/\/lyonbondyblog.fr\/LBB\/thimotee-martin-brossat-la-metropole-avec-vous\/#respond"]}]},{"@type":"WebPage","@id":"https:\/\/lyonbondyblog.fr\/LBB\/thimotee-martin-brossat-la-metropole-avec-vous\/","url":"https:\/\/lyonbondyblog.fr\/LBB\/thimotee-martin-brossat-la-metropole-avec-vous\/","name":"Thimot\u00e9e MARTIN-BROSSAT (La M\u00e9tropole avec vous) - Lyon Bondy Blog","isPartOf":{"@id":"https:\/\/lyonbondyblog.fr\/LBB\/#website"},"primaryImageOfPage":{"@id":"https:\/\/lyonbondyblog.fr\/LBB\/thimotee-martin-brossat-la-metropole-avec-vous\/#primaryimage"},"image":{"@id":"https:\/\/lyonbondyblog.fr\/LBB\/thimotee-martin-brossat-la-metropole-avec-vous\/#primaryimage"},"thumbnailUrl":"https:\/\/lyonbondyblog.fr\/LBB\/wp-content\/uploads\/2026\/03\/timothee.jpeg","datePublished":"2026-03-12T13:08:48+00:00","dateModified":"2026-03-12T13:09:17+00:00","inLanguage":"fr-FR","potentialAction":[{"@type":"ReadAction","target":["https:\/\/lyonbondyblog.fr\/LBB\/thimotee-martin-brossat-la-metropole-avec-vous\/"]}]},{"@type":"ImageObject","inLanguage":"fr-FR","@id":"https:\/\/lyonbondyblog.fr\/LBB\/thimotee-martin-brossat-la-metropole-avec-vous\/#primaryimage","url":"https:\/\/lyonbondyblog.fr\/LBB\/wp-content\/uploads\/2026\/03\/timothee.jpeg","contentUrl":"https:\/\/lyonbondyblog.fr\/LBB\/wp-content\/uploads\/2026\/03\/timothee.jpeg","width":960,"height":958},{"@type":"WebSite","@id":"https:\/\/lyonbondyblog.fr\/LBB\/#website","url":"https:\/\/lyonbondyblog.fr\/LBB\/","name":"Lyon Bondy Blog","description":"","publisher":{"@id":"https:\/\/lyonbondyblog.fr\/LBB\/#organization"},"potentialAction":[{"@type":"SearchAction","target":{"@type":"EntryPoint","urlTemplate":"https:\/\/lyonbondyblog.fr\/LBB\/?s={search_term_string}"},"query-input":"required name=search_term_string"}],"inLanguage":"fr-FR"},{"@type":"Organization","@id":"https:\/\/lyonbondyblog.fr\/LBB\/#organization","name":"LYON BONDY BLOG","url":"https:\/\/lyonbondyblog.fr\/LBB\/","logo":{"@type":"ImageObject","inLanguage":"fr-FR","@id":"https:\/\/lyonbondyblog.fr\/LBB\/#\/schema\/logo\/image\/","url":"http:\/\/lyonbondyblog.fr\/LBB\/wp-content\/uploads\/2014\/10\/logo-portable-144.png","contentUrl":"http:\/\/lyonbondyblog.fr\/LBB\/wp-content\/uploads\/2014\/10\/logo-portable-144.png","width":144,"height":123,"caption":"LYON BONDY BLOG"},"image":{"@id":"https:\/\/lyonbondyblog.fr\/LBB\/#\/schema\/logo\/image\/"},"sameAs":["https:\/\/www.facebook.com\/lyonbondyblog","https:\/\/x.com\/bondybloglyon"]},{"@type":"Person","@id":"https:\/\/lyonbondyblog.fr\/LBB\/#\/schema\/person\/5e9904261c1f613c8e6ea22045b1353d","name":"Etienne Aazzab","description":"Etienne a contribu\u00e9 depuis 2 ans dans le journal satirique FOUTOU\u2019ART. Il a int\u00e9gr\u00e9 l\u2019\u00e9quipe du \u00ab clic 2014 \u00bb : Collectif local d\u2019informations citoyennes \u00e0 partir de novembre 2013. Il rejoint le Lyon Bondy Blog \u00e0 partir de janvier 2014. Twitter : @AazzabEtienne Ses sujets de pr\u00e9dilection : #Politique #Soci\u00e9t\u00e9 #Sport","sameAs":["https:\/\/x.com\/AazzabEtienne"],"url":"https:\/\/lyonbondyblog.fr\/LBB\/author\/etienne\/"}]}},"_links":{"self":[{"href":"https:\/\/lyonbondyblog.fr\/LBB\/wp-json\/wp\/v2\/posts\/38033","targetHints":{"allow":["GET"]}}],"collection":[{"href":"https:\/\/lyonbondyblog.fr\/LBB\/wp-json\/wp\/v2\/posts"}],"about":[{"href":"https:\/\/lyonbondyblog.fr\/LBB\/wp-json\/wp\/v2\/types\/post"}],"author":[{"embeddable":true,"href":"https:\/\/lyonbondyblog.fr\/LBB\/wp-json\/wp\/v2\/users\/33"}],"replies":[{"embeddable":true,"href":"https:\/\/lyonbondyblog.fr\/LBB\/wp-json\/wp\/v2\/comments?post=38033"}],"version-history":[{"count":4,"href":"https:\/\/lyonbondyblog.fr\/LBB\/wp-json\/wp\/v2\/posts\/38033\/revisions"}],"predecessor-version":[{"id":38039,"href":"https:\/\/lyonbondyblog.fr\/LBB\/wp-json\/wp\/v2\/posts\/38033\/revisions\/38039"}],"wp:featuredmedia":[{"embeddable":true,"href":"https:\/\/lyonbondyblog.fr\/LBB\/wp-json\/wp\/v2\/media\/38037"}],"wp:attachment":[{"href":"https:\/\/lyonbondyblog.fr\/LBB\/wp-json\/wp\/v2\/media?parent=38033"}],"wp:term":[{"taxonomy":"category","embeddable":true,"href":"https:\/\/lyonbondyblog.fr\/LBB\/wp-json\/wp\/v2\/categories?post=38033"},{"taxonomy":"post_tag","embeddable":true,"href":"https:\/\/lyonbondyblog.fr\/LBB\/wp-json\/wp\/v2\/tags?post=38033"}],"curies":[{"name":"wp","href":"https:\/\/api.w.org\/{rel}","templated":true}]}}