{"id":38027,"date":"2026-03-12T13:00:58","date_gmt":"2026-03-12T12:00:58","guid":{"rendered":"https:\/\/lyonbondyblog.fr\/LBB\/?p=38027"},"modified":"2026-03-12T13:21:09","modified_gmt":"2026-03-12T12:21:09","slug":"fabrice-matteucci-ps-candidat-tete-de-liste-plateau-nord-caluire-pour-la-liste-avancons-ensemble","status":"publish","type":"post","link":"https:\/\/lyonbondyblog.fr\/LBB\/fabrice-matteucci-ps-candidat-tete-de-liste-plateau-nord-caluire-pour-la-liste-avancons-ensemble\/","title":{"rendered":"Fabrice MATTEUCCI (PS) : Candidat t\u00eate de liste Plateau Nord Caluire pour la liste Avan\u00e7ons Ensemble"},"content":{"rendered":"\n<p><strong>\u00a0Forum emlyon\u00a0 s&rsquo;associe au LyonBondyBlog\u00a0 pour une s\u00e9rie d&rsquo;interviews exclusives au format questions express. Le but ? D\u00e9crypter les programmes, comprendre les enjeux pour notre m\u00e9tropole et d\u00e9couvrir les candidats sous un nouvel angle, le tout sans filtre et en moins de quelques minutes. Aujourd&rsquo;hui, Le Lyon Bondy Blog re\u00e7oit Fabrice Matteucci (PS) Candidat t\u00eate de liste Plateau Nord Caluire pour la liste Avan\u00e7ons Ensemble<\/strong>.<\/p>\n\n\n\n<p>Lors de cet entretien, il a pr\u00e9sent\u00e9 plusieurs orientations qu\u2019il souhaite d\u00e9fendre pour l\u2019avenir de la commune. Parmi les mesures \u00e9voqu\u00e9es, Fabrice Matteucci met en avant le d\u00e9veloppement du chauffage urbain afin de proposer une \u00e9nergie plus stable et accessible aux habitants. Il souhaite \u00e9galement encourager une mobilit\u00e9 douce, en favorisant les d\u00e9placements \u00e0 pied, \u00e0 v\u00e9lo et les transports en commun.<\/p>\n\n\n\n<p>Le candidat d\u00e9fend aussi l\u2019id\u00e9e d\u2019une ville plus apais\u00e9e, avec un meilleur partage de l\u2019espace public et une attention particuli\u00e8re port\u00e9e \u00e0 la qualit\u00e9 de vie des habitants. \u00c0 travers ces propositions, il entend r\u00e9pondre aux enjeux environnementaux tout en am\u00e9liorant le quotidien des Caluirards.<\/p>\n\n\n\n<p><strong>Article sign\u00e9 Mariama Bah<\/strong><\/p>\n\n\n\n<figure class=\"wp-block-embed is-type-video is-provider-youtube wp-block-embed-youtube wp-embed-aspect-16-9 wp-has-aspect-ratio\"><div class=\"wp-block-embed__wrapper\">\n<iframe loading=\"lazy\" title=\"Fabrice Matteucci Candidat t\u00eate de liste Plateau Nord Caluire pour la liste Avan\u00e7ons Ensemble\" width=\"1200\" height=\"675\" src=\"https:\/\/www.youtube.com\/embed\/e9I7joUQx7s?feature=oembed\" frameborder=\"0\" allow=\"accelerometer; autoplay; clipboard-write; encrypted-media; gyroscope; picture-in-picture; web-share\" referrerpolicy=\"strict-origin-when-cross-origin\" allowfullscreen><\/iframe>\n<\/div><\/figure>\n\n\n\n<p><\/p>\n<!-- AddThis Advanced Settings generic via filter on the_content --><!-- AddThis Share Buttons generic via filter on the_content -->","protected":false},"excerpt":{"rendered":"<p>\u00a0Forum emlyon\u00a0 s&rsquo;associe au LyonBondyBlog\u00a0 pour une s\u00e9rie d&rsquo;interviews exclusives au format questions express. Le but ? D\u00e9crypter les programmes, comprendre les enjeux pour notre &hellip; <!-- AddThis Advanced Settings generic via filter on wp_trim_excerpt --><!-- AddThis Share Buttons generic via filter on wp_trim_excerpt --><\/p>\n","protected":false},"author":33,"featured_media":38031,"comment_status":"open","ping_status":"open","sticky":true,"template":"","format":"standard","meta":{"_FSMCFIC_featured_image_caption":"","_FSMCFIC_featured_image_nocaption":"","_FSMCFIC_featured_image_hide":"","footnotes":""},"categories":[24813,4,22015,28441,6],"tags":[],"class_list":["post-38027","post","type-post","status-publish","format-standard","has-post-thumbnail","hentry","category-caluire","category-lyon","category-metropole","category-municipales-2026","category-politique"],"yoast_head":"<!-- This site is optimized with the Yoast SEO plugin v22.8 - https:\/\/yoast.com\/wordpress\/plugins\/seo\/ -->\n<title>Fabrice MATTEUCCI (PS) : Candidat t\u00eate de liste Plateau Nord Caluire pour la liste Avan\u00e7ons Ensemble - Lyon Bondy Blog<\/title>\n<meta name=\"robots\" content=\"index, follow, max-snippet:-1, max-image-preview:large, max-video-preview:-1\" \/>\n<link rel=\"canonical\" href=\"https:\/\/lyonbondyblog.fr\/LBB\/fabrice-matteucci-ps-candidat-tete-de-liste-plateau-nord-caluire-pour-la-liste-avancons-ensemble\/\" \/>\n<meta property=\"og:locale\" content=\"fr_FR\" \/>\n<meta property=\"og:type\" content=\"article\" \/>\n<meta property=\"og:title\" content=\"Fabrice MATTEUCCI (PS) : Candidat t\u00eate de liste Plateau Nord Caluire pour la liste Avan\u00e7ons Ensemble - Lyon Bondy Blog\" \/>\n<meta property=\"og:description\" content=\"\u00a0Forum emlyon\u00a0 s&rsquo;associe au LyonBondyBlog\u00a0 pour une s\u00e9rie d&rsquo;interviews exclusives au format questions express. Le but ? D\u00e9crypter les programmes, comprendre les enjeux pour notre &hellip;\" \/>\n<meta property=\"og:url\" content=\"https:\/\/lyonbondyblog.fr\/LBB\/fabrice-matteucci-ps-candidat-tete-de-liste-plateau-nord-caluire-pour-la-liste-avancons-ensemble\/\" \/>\n<meta property=\"og:site_name\" content=\"Lyon Bondy Blog\" \/>\n<meta property=\"article:publisher\" content=\"https:\/\/www.facebook.com\/lyonbondyblog\" \/>\n<meta property=\"article:published_time\" content=\"2026-03-12T12:00:58+00:00\" \/>\n<meta property=\"article:modified_time\" content=\"2026-03-12T12:21:09+00:00\" \/>\n<meta property=\"og:image\" content=\"https:\/\/lyonbondyblog.fr\/LBB\/wp-content\/uploads\/2026\/03\/fb.jpeg\" \/>\n\t<meta property=\"og:image:width\" content=\"1400\" \/>\n\t<meta property=\"og:image:height\" content=\"800\" \/>\n\t<meta property=\"og:image:type\" content=\"image\/jpeg\" \/>\n<meta name=\"author\" content=\"Etienne Aazzab\" \/>\n<meta name=\"twitter:card\" content=\"summary_large_image\" \/>\n<meta name=\"twitter:creator\" content=\"@AazzabEtienne\" \/>\n<meta name=\"twitter:site\" content=\"@bondybloglyon\" \/>\n<script type=\"application\/ld+json\" class=\"yoast-schema-graph\">{\"@context\":\"https:\/\/schema.org\",\"@graph\":[{\"@type\":\"Article\",\"@id\":\"https:\/\/lyonbondyblog.fr\/LBB\/fabrice-matteucci-ps-candidat-tete-de-liste-plateau-nord-caluire-pour-la-liste-avancons-ensemble\/#article\",\"isPartOf\":{\"@id\":\"https:\/\/lyonbondyblog.fr\/LBB\/fabrice-matteucci-ps-candidat-tete-de-liste-plateau-nord-caluire-pour-la-liste-avancons-ensemble\/\"},\"author\":{\"name\":\"Etienne Aazzab\",\"@id\":\"https:\/\/lyonbondyblog.fr\/LBB\/#\/schema\/person\/5e9904261c1f613c8e6ea22045b1353d\"},\"headline\":\"Fabrice MATTEUCCI (PS) : Candidat t\u00eate de liste Plateau Nord Caluire pour la liste Avan\u00e7ons Ensemble\",\"datePublished\":\"2026-03-12T12:00:58+00:00\",\"dateModified\":\"2026-03-12T12:21:09+00:00\",\"mainEntityOfPage\":{\"@id\":\"https:\/\/lyonbondyblog.fr\/LBB\/fabrice-matteucci-ps-candidat-tete-de-liste-plateau-nord-caluire-pour-la-liste-avancons-ensemble\/\"},\"wordCount\":220,\"commentCount\":0,\"publisher\":{\"@id\":\"https:\/\/lyonbondyblog.fr\/LBB\/#organization\"},\"image\":{\"@id\":\"https:\/\/lyonbondyblog.fr\/LBB\/fabrice-matteucci-ps-candidat-tete-de-liste-plateau-nord-caluire-pour-la-liste-avancons-ensemble\/#primaryimage\"},\"thumbnailUrl\":\"https:\/\/lyonbondyblog.fr\/LBB\/wp-content\/uploads\/2026\/03\/fb.jpeg\",\"articleSection\":[\"Caluire\",\"Lyon\",\"M\u00e9tropole\",\"Municipales 2026\",\"Politique\"],\"inLanguage\":\"fr-FR\",\"potentialAction\":[{\"@type\":\"CommentAction\",\"name\":\"Comment\",\"target\":[\"https:\/\/lyonbondyblog.fr\/LBB\/fabrice-matteucci-ps-candidat-tete-de-liste-plateau-nord-caluire-pour-la-liste-avancons-ensemble\/#respond\"]}]},{\"@type\":\"WebPage\",\"@id\":\"https:\/\/lyonbondyblog.fr\/LBB\/fabrice-matteucci-ps-candidat-tete-de-liste-plateau-nord-caluire-pour-la-liste-avancons-ensemble\/\",\"url\":\"https:\/\/lyonbondyblog.fr\/LBB\/fabrice-matteucci-ps-candidat-tete-de-liste-plateau-nord-caluire-pour-la-liste-avancons-ensemble\/\",\"name\":\"Fabrice MATTEUCCI (PS) : Candidat t\u00eate de liste Plateau Nord Caluire pour la liste Avan\u00e7ons Ensemble - Lyon Bondy Blog\",\"isPartOf\":{\"@id\":\"https:\/\/lyonbondyblog.fr\/LBB\/#website\"},\"primaryImageOfPage\":{\"@id\":\"https:\/\/lyonbondyblog.fr\/LBB\/fabrice-matteucci-ps-candidat-tete-de-liste-plateau-nord-caluire-pour-la-liste-avancons-ensemble\/#primaryimage\"},\"image\":{\"@id\":\"https:\/\/lyonbondyblog.fr\/LBB\/fabrice-matteucci-ps-candidat-tete-de-liste-plateau-nord-caluire-pour-la-liste-avancons-ensemble\/#primaryimage\"},\"thumbnailUrl\":\"https:\/\/lyonbondyblog.fr\/LBB\/wp-content\/uploads\/2026\/03\/fb.jpeg\",\"datePublished\":\"2026-03-12T12:00:58+00:00\",\"dateModified\":\"2026-03-12T12:21:09+00:00\",\"inLanguage\":\"fr-FR\",\"potentialAction\":[{\"@type\":\"ReadAction\",\"target\":[\"https:\/\/lyonbondyblog.fr\/LBB\/fabrice-matteucci-ps-candidat-tete-de-liste-plateau-nord-caluire-pour-la-liste-avancons-ensemble\/\"]}]},{\"@type\":\"ImageObject\",\"inLanguage\":\"fr-FR\",\"@id\":\"https:\/\/lyonbondyblog.fr\/LBB\/fabrice-matteucci-ps-candidat-tete-de-liste-plateau-nord-caluire-pour-la-liste-avancons-ensemble\/#primaryimage\",\"url\":\"https:\/\/lyonbondyblog.fr\/LBB\/wp-content\/uploads\/2026\/03\/fb.jpeg\",\"contentUrl\":\"https:\/\/lyonbondyblog.fr\/LBB\/wp-content\/uploads\/2026\/03\/fb.jpeg\",\"width\":1400,\"height\":800},{\"@type\":\"WebSite\",\"@id\":\"https:\/\/lyonbondyblog.fr\/LBB\/#website\",\"url\":\"https:\/\/lyonbondyblog.fr\/LBB\/\",\"name\":\"Lyon Bondy Blog\",\"description\":\"\",\"publisher\":{\"@id\":\"https:\/\/lyonbondyblog.fr\/LBB\/#organization\"},\"potentialAction\":[{\"@type\":\"SearchAction\",\"target\":{\"@type\":\"EntryPoint\",\"urlTemplate\":\"https:\/\/lyonbondyblog.fr\/LBB\/?s={search_term_string}\"},\"query-input\":\"required name=search_term_string\"}],\"inLanguage\":\"fr-FR\"},{\"@type\":\"Organization\",\"@id\":\"https:\/\/lyonbondyblog.fr\/LBB\/#organization\",\"name\":\"LYON BONDY BLOG\",\"url\":\"https:\/\/lyonbondyblog.fr\/LBB\/\",\"logo\":{\"@type\":\"ImageObject\",\"inLanguage\":\"fr-FR\",\"@id\":\"https:\/\/lyonbondyblog.fr\/LBB\/#\/schema\/logo\/image\/\",\"url\":\"http:\/\/lyonbondyblog.fr\/LBB\/wp-content\/uploads\/2014\/10\/logo-portable-144.png\",\"contentUrl\":\"http:\/\/lyonbondyblog.fr\/LBB\/wp-content\/uploads\/2014\/10\/logo-portable-144.png\",\"width\":144,\"height\":123,\"caption\":\"LYON BONDY BLOG\"},\"image\":{\"@id\":\"https:\/\/lyonbondyblog.fr\/LBB\/#\/schema\/logo\/image\/\"},\"sameAs\":[\"https:\/\/www.facebook.com\/lyonbondyblog\",\"https:\/\/x.com\/bondybloglyon\"]},{\"@type\":\"Person\",\"@id\":\"https:\/\/lyonbondyblog.fr\/LBB\/#\/schema\/person\/5e9904261c1f613c8e6ea22045b1353d\",\"name\":\"Etienne Aazzab\",\"description\":\"Etienne a contribu\u00e9 depuis 2 ans dans le journal satirique FOUTOU\u2019ART. Il a int\u00e9gr\u00e9 l\u2019\u00e9quipe du \u00ab clic 2014 \u00bb : Collectif local d\u2019informations citoyennes \u00e0 partir de novembre 2013. Il rejoint le Lyon Bondy Blog \u00e0 partir de janvier 2014. Twitter : @AazzabEtienne Ses sujets de pr\u00e9dilection : #Politique #Soci\u00e9t\u00e9 #Sport\",\"sameAs\":[\"https:\/\/x.com\/AazzabEtienne\"],\"url\":\"https:\/\/lyonbondyblog.fr\/LBB\/author\/etienne\/\"}]}<\/script>\n<!-- \/ Yoast SEO plugin. -->","yoast_head_json":{"title":"Fabrice MATTEUCCI (PS) : Candidat t\u00eate de liste Plateau Nord Caluire pour la liste Avan\u00e7ons Ensemble - Lyon Bondy Blog","robots":{"index":"index","follow":"follow","max-snippet":"max-snippet:-1","max-image-preview":"max-image-preview:large","max-video-preview":"max-video-preview:-1"},"canonical":"https:\/\/lyonbondyblog.fr\/LBB\/fabrice-matteucci-ps-candidat-tete-de-liste-plateau-nord-caluire-pour-la-liste-avancons-ensemble\/","og_locale":"fr_FR","og_type":"article","og_title":"Fabrice MATTEUCCI (PS) : Candidat t\u00eate de liste Plateau Nord Caluire pour la liste Avan\u00e7ons Ensemble - Lyon Bondy Blog","og_description":"\u00a0Forum emlyon\u00a0 s&rsquo;associe au LyonBondyBlog\u00a0 pour une s\u00e9rie d&rsquo;interviews exclusives au format questions express. Le but ? D\u00e9crypter les programmes, comprendre les enjeux pour notre &hellip;","og_url":"https:\/\/lyonbondyblog.fr\/LBB\/fabrice-matteucci-ps-candidat-tete-de-liste-plateau-nord-caluire-pour-la-liste-avancons-ensemble\/","og_site_name":"Lyon Bondy Blog","article_publisher":"https:\/\/www.facebook.com\/lyonbondyblog","article_published_time":"2026-03-12T12:00:58+00:00","article_modified_time":"2026-03-12T12:21:09+00:00","og_image":[{"width":1400,"height":800,"url":"https:\/\/lyonbondyblog.fr\/LBB\/wp-content\/uploads\/2026\/03\/fb.jpeg","type":"image\/jpeg"}],"author":"Etienne Aazzab","twitter_card":"summary_large_image","twitter_creator":"@AazzabEtienne","twitter_site":"@bondybloglyon","schema":{"@context":"https:\/\/schema.org","@graph":[{"@type":"Article","@id":"https:\/\/lyonbondyblog.fr\/LBB\/fabrice-matteucci-ps-candidat-tete-de-liste-plateau-nord-caluire-pour-la-liste-avancons-ensemble\/#article","isPartOf":{"@id":"https:\/\/lyonbondyblog.fr\/LBB\/fabrice-matteucci-ps-candidat-tete-de-liste-plateau-nord-caluire-pour-la-liste-avancons-ensemble\/"},"author":{"name":"Etienne Aazzab","@id":"https:\/\/lyonbondyblog.fr\/LBB\/#\/schema\/person\/5e9904261c1f613c8e6ea22045b1353d"},"headline":"Fabrice MATTEUCCI (PS) : Candidat t\u00eate de liste Plateau Nord Caluire pour la liste Avan\u00e7ons Ensemble","datePublished":"2026-03-12T12:00:58+00:00","dateModified":"2026-03-12T12:21:09+00:00","mainEntityOfPage":{"@id":"https:\/\/lyonbondyblog.fr\/LBB\/fabrice-matteucci-ps-candidat-tete-de-liste-plateau-nord-caluire-pour-la-liste-avancons-ensemble\/"},"wordCount":220,"commentCount":0,"publisher":{"@id":"https:\/\/lyonbondyblog.fr\/LBB\/#organization"},"image":{"@id":"https:\/\/lyonbondyblog.fr\/LBB\/fabrice-matteucci-ps-candidat-tete-de-liste-plateau-nord-caluire-pour-la-liste-avancons-ensemble\/#primaryimage"},"thumbnailUrl":"https:\/\/lyonbondyblog.fr\/LBB\/wp-content\/uploads\/2026\/03\/fb.jpeg","articleSection":["Caluire","Lyon","M\u00e9tropole","Municipales 2026","Politique"],"inLanguage":"fr-FR","potentialAction":[{"@type":"CommentAction","name":"Comment","target":["https:\/\/lyonbondyblog.fr\/LBB\/fabrice-matteucci-ps-candidat-tete-de-liste-plateau-nord-caluire-pour-la-liste-avancons-ensemble\/#respond"]}]},{"@type":"WebPage","@id":"https:\/\/lyonbondyblog.fr\/LBB\/fabrice-matteucci-ps-candidat-tete-de-liste-plateau-nord-caluire-pour-la-liste-avancons-ensemble\/","url":"https:\/\/lyonbondyblog.fr\/LBB\/fabrice-matteucci-ps-candidat-tete-de-liste-plateau-nord-caluire-pour-la-liste-avancons-ensemble\/","name":"Fabrice MATTEUCCI (PS) : Candidat t\u00eate de liste Plateau Nord Caluire pour la liste Avan\u00e7ons Ensemble - Lyon Bondy Blog","isPartOf":{"@id":"https:\/\/lyonbondyblog.fr\/LBB\/#website"},"primaryImageOfPage":{"@id":"https:\/\/lyonbondyblog.fr\/LBB\/fabrice-matteucci-ps-candidat-tete-de-liste-plateau-nord-caluire-pour-la-liste-avancons-ensemble\/#primaryimage"},"image":{"@id":"https:\/\/lyonbondyblog.fr\/LBB\/fabrice-matteucci-ps-candidat-tete-de-liste-plateau-nord-caluire-pour-la-liste-avancons-ensemble\/#primaryimage"},"thumbnailUrl":"https:\/\/lyonbondyblog.fr\/LBB\/wp-content\/uploads\/2026\/03\/fb.jpeg","datePublished":"2026-03-12T12:00:58+00:00","dateModified":"2026-03-12T12:21:09+00:00","inLanguage":"fr-FR","potentialAction":[{"@type":"ReadAction","target":["https:\/\/lyonbondyblog.fr\/LBB\/fabrice-matteucci-ps-candidat-tete-de-liste-plateau-nord-caluire-pour-la-liste-avancons-ensemble\/"]}]},{"@type":"ImageObject","inLanguage":"fr-FR","@id":"https:\/\/lyonbondyblog.fr\/LBB\/fabrice-matteucci-ps-candidat-tete-de-liste-plateau-nord-caluire-pour-la-liste-avancons-ensemble\/#primaryimage","url":"https:\/\/lyonbondyblog.fr\/LBB\/wp-content\/uploads\/2026\/03\/fb.jpeg","contentUrl":"https:\/\/lyonbondyblog.fr\/LBB\/wp-content\/uploads\/2026\/03\/fb.jpeg","width":1400,"height":800},{"@type":"WebSite","@id":"https:\/\/lyonbondyblog.fr\/LBB\/#website","url":"https:\/\/lyonbondyblog.fr\/LBB\/","name":"Lyon Bondy Blog","description":"","publisher":{"@id":"https:\/\/lyonbondyblog.fr\/LBB\/#organization"},"potentialAction":[{"@type":"SearchAction","target":{"@type":"EntryPoint","urlTemplate":"https:\/\/lyonbondyblog.fr\/LBB\/?s={search_term_string}"},"query-input":"required name=search_term_string"}],"inLanguage":"fr-FR"},{"@type":"Organization","@id":"https:\/\/lyonbondyblog.fr\/LBB\/#organization","name":"LYON BONDY BLOG","url":"https:\/\/lyonbondyblog.fr\/LBB\/","logo":{"@type":"ImageObject","inLanguage":"fr-FR","@id":"https:\/\/lyonbondyblog.fr\/LBB\/#\/schema\/logo\/image\/","url":"http:\/\/lyonbondyblog.fr\/LBB\/wp-content\/uploads\/2014\/10\/logo-portable-144.png","contentUrl":"http:\/\/lyonbondyblog.fr\/LBB\/wp-content\/uploads\/2014\/10\/logo-portable-144.png","width":144,"height":123,"caption":"LYON BONDY BLOG"},"image":{"@id":"https:\/\/lyonbondyblog.fr\/LBB\/#\/schema\/logo\/image\/"},"sameAs":["https:\/\/www.facebook.com\/lyonbondyblog","https:\/\/x.com\/bondybloglyon"]},{"@type":"Person","@id":"https:\/\/lyonbondyblog.fr\/LBB\/#\/schema\/person\/5e9904261c1f613c8e6ea22045b1353d","name":"Etienne Aazzab","description":"Etienne a contribu\u00e9 depuis 2 ans dans le journal satirique FOUTOU\u2019ART. Il a int\u00e9gr\u00e9 l\u2019\u00e9quipe du \u00ab clic 2014 \u00bb : Collectif local d\u2019informations citoyennes \u00e0 partir de novembre 2013. Il rejoint le Lyon Bondy Blog \u00e0 partir de janvier 2014. Twitter : @AazzabEtienne Ses sujets de pr\u00e9dilection : #Politique #Soci\u00e9t\u00e9 #Sport","sameAs":["https:\/\/x.com\/AazzabEtienne"],"url":"https:\/\/lyonbondyblog.fr\/LBB\/author\/etienne\/"}]}},"_links":{"self":[{"href":"https:\/\/lyonbondyblog.fr\/LBB\/wp-json\/wp\/v2\/posts\/38027","targetHints":{"allow":["GET"]}}],"collection":[{"href":"https:\/\/lyonbondyblog.fr\/LBB\/wp-json\/wp\/v2\/posts"}],"about":[{"href":"https:\/\/lyonbondyblog.fr\/LBB\/wp-json\/wp\/v2\/types\/post"}],"author":[{"embeddable":true,"href":"https:\/\/lyonbondyblog.fr\/LBB\/wp-json\/wp\/v2\/users\/33"}],"replies":[{"embeddable":true,"href":"https:\/\/lyonbondyblog.fr\/LBB\/wp-json\/wp\/v2\/comments?post=38027"}],"version-history":[{"count":4,"href":"https:\/\/lyonbondyblog.fr\/LBB\/wp-json\/wp\/v2\/posts\/38027\/revisions"}],"predecessor-version":[{"id":38036,"href":"https:\/\/lyonbondyblog.fr\/LBB\/wp-json\/wp\/v2\/posts\/38027\/revisions\/38036"}],"wp:featuredmedia":[{"embeddable":true,"href":"https:\/\/lyonbondyblog.fr\/LBB\/wp-json\/wp\/v2\/media\/38031"}],"wp:attachment":[{"href":"https:\/\/lyonbondyblog.fr\/LBB\/wp-json\/wp\/v2\/media?parent=38027"}],"wp:term":[{"taxonomy":"category","embeddable":true,"href":"https:\/\/lyonbondyblog.fr\/LBB\/wp-json\/wp\/v2\/categories?post=38027"},{"taxonomy":"post_tag","embeddable":true,"href":"https:\/\/lyonbondyblog.fr\/LBB\/wp-json\/wp\/v2\/tags?post=38027"}],"curies":[{"name":"wp","href":"https:\/\/api.w.org\/{rel}","templated":true}]}}